{"id":11617,"date":"2020-11-24T18:04:18","date_gmt":"2020-11-24T21:04:18","guid":{"rendered":"https:\/\/jornalfatosenoticias.com.br\/?p=11617"},"modified":"2020-11-24T18:04:23","modified_gmt":"2020-11-24T21:04:23","slug":"unicef-cria-podcast-para-ensinar-cultura-afro-brasileira","status":"publish","type":"post","link":"https:\/\/jornalfatosenoticias.com.br\/index.php\/2020\/11\/24\/unicef-cria-podcast-para-ensinar-cultura-afro-brasileira\/","title":{"rendered":"Unicef cria podcast para ensinar cultura afro-brasileira"},"content":{"rendered":"\n<h6 class=\"wp-block-heading\"><em>Conte\u00fado foi criado ap\u00f3s escolas fecharam por causa da pandemia<\/em><\/h6>\n\n\n\n<p>Em tempo de pandemia, de escolas fechadas e de ensino remoto, o Fundo das Na\u00e7\u00f5es Unidas para a Inf\u00e2ncia (Unicef) criou o podcast para que conte\u00fados did\u00e1ticos sobre a hist\u00f3ria e cultura afro-brasileira continuem dispon\u00edveis para alunos do ensino infantil e do ensino fundamental (tr\u00eas a oito anos), professores e at\u00e9 familiares.<br>O material \u00e9 gratuito, est\u00e1 dispon\u00edvel para todo o Pa\u00eds e tamb\u00e9m pode ser veiculado livremente por emissoras de r\u00e1dio, sejam p\u00fablicas, comerciais ou comunit\u00e1rias. Est\u00e1 dispon\u00edvel no\u00a0<a href=\"https:\/\/www.youtube.com\/playlist?list=PLg5IhsOl5bLX4en3lJnbboi5NAtDqjWE_\" target=\"_blank\" rel=\"noreferrer noopener\"><strong>YouTube<\/strong><\/a>,\u00a0no\u00a0<a href=\"https:\/\/open.spotify.com\/show\/09Oc1iE8GlmOzjdpcygrXo?si=0QzMfTfZSXu7EXTk2vkjyg\" target=\"_blank\" rel=\"noreferrer noopener\"><strong>Spotify<\/strong><\/a>\u00a0e no pr\u00f3prio\u00a0<a href=\"https:\/\/www.unicef.org\/brazil\/deixa-que-eu-conto\"><strong>site da ag\u00eancia<\/strong><\/a> da ONU.<br>At\u00e9 o final deste ano, 50 epis\u00f3dios contar\u00e3o hist\u00f3rias, tocar\u00e3o m\u00fasicas e far\u00e3o muitas brincadeiras para que crian\u00e7as conhe\u00e7am e possam expandir seus repert\u00f3rios incluindo conhecimento sobre a cultura afro-brasileira e a cultura africana.<br>Os conte\u00fados dos podcasts est\u00e3o previstos nas Diretrizes Nacionais da Educa\u00e7\u00e3o Infantil e na Base Nacional Comum Curricular (BNCC) da Educa\u00e7\u00e3o Infantil. Todo material \u201coportuniza o contato com outras narrativas n\u00e3o euro-centradas\u201d, defende a educadora Mafuane Oliveira, uma das cinco roteiristas respons\u00e1veis pelo programa a respeito da cultura afro-brasileira.<\/p>\n\n\n\n<h4 class=\"wp-block-heading\">Educa\u00e7\u00e3o contra o racismo<\/h4>\n\n\n\n<p>Como explica Mafuane, o programa leva as crian\u00e7as a aprenderem ludicamente a hist\u00f3ria e a cultura do Brasil no momento que iniciam a forma\u00e7\u00e3o escolar e t\u00eam as primeiras viv\u00eancias sociais fora dos grupos prim\u00e1rios de refer\u00eancia, como a fam\u00edlia. Nessa fase, \u201cas crian\u00e7as s\u00e3o como esponjas\u201d, observam desigualdade racial no seu contexto e percebem a associa\u00e7\u00e3o de pap\u00e9is sociais e fen\u00f3tipos.<br>Para a oficial de educa\u00e7\u00e3o do Unicef, Julia Ribeiro, a educa\u00e7\u00e3o pode contribuir para diminuir o racismo e fortalecer identidades. A audi\u00e7\u00e3o de hist\u00f3rias sobre a cultura afro-brasileira \u201c\u00e9 uma oportunidade para as crian\u00e7as negras se sentirem representadas e tamb\u00e9m para as crian\u00e7as n\u00e3o negras verem seus colegas ocupando esse espa\u00e7o\u201d.<br>Julia assinala a import\u00e2ncia do r\u00e1dio no Brasil como meio de comunica\u00e7\u00e3o mais acess\u00edvel \u00e0 popula\u00e7\u00e3o e de f\u00e1cil dissemina\u00e7\u00e3o de conte\u00fados educativos. \u201cO r\u00e1dio \u00e9 efetivamente o meio que vai chegar a todos, inclusive \u00e0s crian\u00e7as que est\u00e3o mais distantes\u201d.<br>Ela assinala que os programas s\u00e3o um recurso que poder\u00e1 ser usado \u201cpor longo tempo\u201d, por professores durante e depois da pandemia, mas tamb\u00e9m poder\u00e1 ser apropriado pelas fam\u00edlias. \u201cO que a gente quer \u00e9 que as crian\u00e7as tenham acesso a um material de qualidade, que contribua para aprendizagem mais criativa\u201d.<br>Al\u00e9m dos epis\u00f3dios sobre a cultura afro-brasileira, o Unicef produziu 96 programas voltados \u00e0 alfabetiza\u00e7\u00e3o nos anos iniciais do ensino fundamental e dever\u00e1 finalizar ainda este ano 48 epis\u00f3dios sobre a cultura amaz\u00f4nica e os saberes da regi\u00e3o, com hist\u00f3rias de ind\u00edgenas, ribeirinhas e quilombolas.<\/p>\n\n\n\n<p><strong><em>Fonte: <a href=\"https:\/\/agenciabrasil.ebc.com.br\/educacao\/noticia\/2020-11\/unicef-cria-podcast-para-ensinar-cultura-afro-brasileira\">Ag\u00eancia Brasil<\/a><\/em><\/strong><\/p>\n","protected":false},"excerpt":{"rendered":"<p>Conte\u00fado foi criado ap\u00f3s escolas fecharam por causa da pandemia Em tempo de pandemia, de escolas fechadas e de ensino remoto, o Fundo das Na\u00e7\u00f5es Unidas para a Inf\u00e2ncia (Unicef) criou o podcast para que conte\u00fados did\u00e1ticos sobre a hist\u00f3ria e cultura afro-brasileira continuem dispon\u00edveis para alunos do ensino infantil e do ensino fundamental (tr\u00eas [&hellip;]<\/p>\n","protected":false},"author":2,"featured_media":11618,"comment_status":"open","ping_status":"open","sticky":false,"template":"","format":"standard","meta":{"footnotes":""},"categories":[7],"tags":[6057,6099,6109,1869],"class_list":["post-11617","post","type-post","status-publish","format-standard","has-post-thumbnail","hentry","category-educacao","tag-consciencia-negra-2020-2","tag-cultura-afro-brasileira","tag-podcast","tag-unicef"],"yoast_head":"<!-- This site is optimized with the Yoast SEO plugin v26.5 - https:\/\/yoast.com\/wordpress\/plugins\/seo\/ -->\n<title>Unicef cria podcast para ensinar cultura afro-brasileira - Jornal Fatos e Not\u00edcias<\/title>\n<meta name=\"robots\" content=\"index, follow, max-snippet:-1, max-image-preview:large, max-video-preview:-1\" \/>\n<link rel=\"canonical\" href=\"https:\/\/jornalfatosenoticias.com.br\/index.php\/2020\/11\/24\/unicef-cria-podcast-para-ensinar-cultura-afro-brasileira\/\" \/>\n<meta property=\"og:locale\" content=\"pt_BR\" \/>\n<meta property=\"og:type\" content=\"article\" \/>\n<meta property=\"og:title\" content=\"Unicef cria podcast para ensinar cultura afro-brasileira - Jornal Fatos e Not\u00edcias\" \/>\n<meta property=\"og:description\" content=\"Conte\u00fado foi criado ap\u00f3s escolas fecharam por causa da pandemia Em tempo de pandemia, de escolas fechadas e de ensino remoto, o Fundo das Na\u00e7\u00f5es Unidas para a Inf\u00e2ncia (Unicef) criou o podcast para que conte\u00fados did\u00e1ticos sobre a hist\u00f3ria e cultura afro-brasileira continuem dispon\u00edveis para alunos do ensino infantil e do ensino fundamental (tr\u00eas [&hellip;]\" \/>\n<meta property=\"og:url\" content=\"https:\/\/jornalfatosenoticias.com.br\/index.php\/2020\/11\/24\/unicef-cria-podcast-para-ensinar-cultura-afro-brasileira\/\" \/>\n<meta property=\"og:site_name\" content=\"Jornal Fatos e Not\u00edcias\" \/>\n<meta property=\"article:published_time\" content=\"2020-11-24T21:04:18+00:00\" \/>\n<meta property=\"article:modified_time\" content=\"2020-11-24T21:04:23+00:00\" \/>\n<meta property=\"og:image\" content=\"https:\/\/jornalfatosenoticias.com.br\/wp-content\/uploads\/2020\/11\/podcast_unicef_DEIXA-QUE-EU-CONTO.jpg\" \/>\n\t<meta property=\"og:image:width\" content=\"1000\" \/>\n\t<meta property=\"og:image:height\" content=\"598\" \/>\n\t<meta property=\"og:image:type\" content=\"image\/jpeg\" \/>\n<meta name=\"author\" content=\"Luzimara Fernandes\" \/>\n<meta name=\"twitter:card\" content=\"summary_large_image\" \/>\n<meta name=\"twitter:label1\" content=\"Escrito por\" \/>\n\t<meta name=\"twitter:data1\" content=\"Luzimara Fernandes\" \/>\n\t<meta name=\"twitter:label2\" content=\"Est. tempo de leitura\" \/>\n\t<meta name=\"twitter:data2\" content=\"3 minutos\" \/>\n<script type=\"application\/ld+json\" class=\"yoast-schema-graph\">{\"@context\":\"https:\/\/schema.org\",\"@graph\":[{\"@type\":\"Article\",\"@id\":\"https:\/\/jornalfatosenoticias.com.br\/index.php\/2020\/11\/24\/unicef-cria-podcast-para-ensinar-cultura-afro-brasileira\/#article\",\"isPartOf\":{\"@id\":\"https:\/\/jornalfatosenoticias.com.br\/index.php\/2020\/11\/24\/unicef-cria-podcast-para-ensinar-cultura-afro-brasileira\/\"},\"author\":{\"name\":\"Luzimara Fernandes\",\"@id\":\"https:\/\/jornalfatosenoticias.com.br\/#\/schema\/person\/d63837fa13ac8666eb9e74e0985d6f81\"},\"headline\":\"Unicef cria podcast para ensinar cultura afro-brasileira\",\"datePublished\":\"2020-11-24T21:04:18+00:00\",\"dateModified\":\"2020-11-24T21:04:23+00:00\",\"mainEntityOfPage\":{\"@id\":\"https:\/\/jornalfatosenoticias.com.br\/index.php\/2020\/11\/24\/unicef-cria-podcast-para-ensinar-cultura-afro-brasileira\/\"},\"wordCount\":519,\"commentCount\":0,\"publisher\":{\"@id\":\"https:\/\/jornalfatosenoticias.com.br\/#organization\"},\"image\":{\"@id\":\"https:\/\/jornalfatosenoticias.com.br\/index.php\/2020\/11\/24\/unicef-cria-podcast-para-ensinar-cultura-afro-brasileira\/#primaryimage\"},\"thumbnailUrl\":\"https:\/\/jornalfatosenoticias.com.br\/wp-content\/uploads\/2020\/11\/podcast_unicef_DEIXA-QUE-EU-CONTO.jpg\",\"keywords\":[\"Consci\u00eancia Negra 2020\",\"cultura afro-brasileira\",\"podcast\",\"Unicef\"],\"articleSection\":[\"Educa\u00e7\u00e3o\"],\"inLanguage\":\"pt-BR\",\"potentialAction\":[{\"@type\":\"CommentAction\",\"name\":\"Comment\",\"target\":[\"https:\/\/jornalfatosenoticias.com.br\/index.php\/2020\/11\/24\/unicef-cria-podcast-para-ensinar-cultura-afro-brasileira\/#respond\"]}]},{\"@type\":\"WebPage\",\"@id\":\"https:\/\/jornalfatosenoticias.com.br\/index.php\/2020\/11\/24\/unicef-cria-podcast-para-ensinar-cultura-afro-brasileira\/\",\"url\":\"https:\/\/jornalfatosenoticias.com.br\/index.php\/2020\/11\/24\/unicef-cria-podcast-para-ensinar-cultura-afro-brasileira\/\",\"name\":\"Unicef cria podcast para ensinar cultura afro-brasileira - Jornal Fatos e Not\u00edcias\",\"isPartOf\":{\"@id\":\"https:\/\/jornalfatosenoticias.com.br\/#website\"},\"primaryImageOfPage\":{\"@id\":\"https:\/\/jornalfatosenoticias.com.br\/index.php\/2020\/11\/24\/unicef-cria-podcast-para-ensinar-cultura-afro-brasileira\/#primaryimage\"},\"image\":{\"@id\":\"https:\/\/jornalfatosenoticias.com.br\/index.php\/2020\/11\/24\/unicef-cria-podcast-para-ensinar-cultura-afro-brasileira\/#primaryimage\"},\"thumbnailUrl\":\"https:\/\/jornalfatosenoticias.com.br\/wp-content\/uploads\/2020\/11\/podcast_unicef_DEIXA-QUE-EU-CONTO.jpg\",\"datePublished\":\"2020-11-24T21:04:18+00:00\",\"dateModified\":\"2020-11-24T21:04:23+00:00\",\"breadcrumb\":{\"@id\":\"https:\/\/jornalfatosenoticias.com.br\/index.php\/2020\/11\/24\/unicef-cria-podcast-para-ensinar-cultura-afro-brasileira\/#breadcrumb\"},\"inLanguage\":\"pt-BR\",\"potentialAction\":[{\"@type\":\"ReadAction\",\"target\":[\"https:\/\/jornalfatosenoticias.com.br\/index.php\/2020\/11\/24\/unicef-cria-podcast-para-ensinar-cultura-afro-brasileira\/\"]}]},{\"@type\":\"ImageObject\",\"inLanguage\":\"pt-BR\",\"@id\":\"https:\/\/jornalfatosenoticias.com.br\/index.php\/2020\/11\/24\/unicef-cria-podcast-para-ensinar-cultura-afro-brasileira\/#primaryimage\",\"url\":\"https:\/\/jornalfatosenoticias.com.br\/wp-content\/uploads\/2020\/11\/podcast_unicef_DEIXA-QUE-EU-CONTO.jpg\",\"contentUrl\":\"https:\/\/jornalfatosenoticias.com.br\/wp-content\/uploads\/2020\/11\/podcast_unicef_DEIXA-QUE-EU-CONTO.jpg\",\"width\":1000,\"height\":598,\"caption\":\"Unicef, Deixa Que Eu Canto\"},{\"@type\":\"BreadcrumbList\",\"@id\":\"https:\/\/jornalfatosenoticias.com.br\/index.php\/2020\/11\/24\/unicef-cria-podcast-para-ensinar-cultura-afro-brasileira\/#breadcrumb\",\"itemListElement\":[{\"@type\":\"ListItem\",\"position\":1,\"name\":\"In\u00edcio\",\"item\":\"https:\/\/jornalfatosenoticias.com.br\/\"},{\"@type\":\"ListItem\",\"position\":2,\"name\":\"Unicef cria podcast para ensinar cultura afro-brasileira\"}]},{\"@type\":\"WebSite\",\"@id\":\"https:\/\/jornalfatosenoticias.com.br\/#website\",\"url\":\"https:\/\/jornalfatosenoticias.com.br\/\",\"name\":\"Jornal Fatos e Not\u00edcias\",\"description\":\"Not\u00edcias em geral\",\"publisher\":{\"@id\":\"https:\/\/jornalfatosenoticias.com.br\/#organization\"},\"potentialAction\":[{\"@type\":\"SearchAction\",\"target\":{\"@type\":\"EntryPoint\",\"urlTemplate\":\"https:\/\/jornalfatosenoticias.com.br\/?s={search_term_string}\"},\"query-input\":{\"@type\":\"PropertyValueSpecification\",\"valueRequired\":true,\"valueName\":\"search_term_string\"}}],\"inLanguage\":\"pt-BR\"},{\"@type\":\"Organization\",\"@id\":\"https:\/\/jornalfatosenoticias.com.br\/#organization\",\"name\":\"Jornal Fatos e Not\u00edcias\",\"url\":\"https:\/\/jornalfatosenoticias.com.br\/\",\"logo\":{\"@type\":\"ImageObject\",\"inLanguage\":\"pt-BR\",\"@id\":\"https:\/\/jornalfatosenoticias.com.br\/#\/schema\/logo\/image\/\",\"url\":\"https:\/\/jornalfatosenoticias.com.br\/wp-content\/uploads\/2020\/02\/logo120.png\",\"contentUrl\":\"https:\/\/jornalfatosenoticias.com.br\/wp-content\/uploads\/2020\/02\/logo120.png\",\"width\":1227,\"height\":120,\"caption\":\"Jornal Fatos e Not\u00edcias\"},\"image\":{\"@id\":\"https:\/\/jornalfatosenoticias.com.br\/#\/schema\/logo\/image\/\"}},{\"@type\":\"Person\",\"@id\":\"https:\/\/jornalfatosenoticias.com.br\/#\/schema\/person\/d63837fa13ac8666eb9e74e0985d6f81\",\"name\":\"Luzimara Fernandes\",\"image\":{\"@type\":\"ImageObject\",\"inLanguage\":\"pt-BR\",\"@id\":\"https:\/\/jornalfatosenoticias.com.br\/#\/schema\/person\/image\/\",\"url\":\"https:\/\/jornalfatosenoticias.com.br\/wp-content\/uploads\/2025\/05\/EU_portal.jpg\",\"contentUrl\":\"https:\/\/jornalfatosenoticias.com.br\/wp-content\/uploads\/2025\/05\/EU_portal.jpg\",\"caption\":\"Luzimara Fernandes\"},\"description\":\"Jornalista MTB 2358-ES\",\"sameAs\":[\"https:\/\/jornalfatosenoticias.com.br\"],\"url\":\"https:\/\/jornalfatosenoticias.com.br\/index.php\/author\/luzimara\/\"}]}<\/script>\n<!-- \/ Yoast SEO plugin. -->","yoast_head_json":{"title":"Unicef cria podcast para ensinar cultura afro-brasileira - Jornal Fatos e Not\u00edcias","robots":{"index":"index","follow":"follow","max-snippet":"max-snippet:-1","max-image-preview":"max-image-preview:large","max-video-preview":"max-video-preview:-1"},"canonical":"https:\/\/jornalfatosenoticias.com.br\/index.php\/2020\/11\/24\/unicef-cria-podcast-para-ensinar-cultura-afro-brasileira\/","og_locale":"pt_BR","og_type":"article","og_title":"Unicef cria podcast para ensinar cultura afro-brasileira - Jornal Fatos e Not\u00edcias","og_description":"Conte\u00fado foi criado ap\u00f3s escolas fecharam por causa da pandemia Em tempo de pandemia, de escolas fechadas e de ensino remoto, o Fundo das Na\u00e7\u00f5es Unidas para a Inf\u00e2ncia (Unicef) criou o podcast para que conte\u00fados did\u00e1ticos sobre a hist\u00f3ria e cultura afro-brasileira continuem dispon\u00edveis para alunos do ensino infantil e do ensino fundamental (tr\u00eas [&hellip;]","og_url":"https:\/\/jornalfatosenoticias.com.br\/index.php\/2020\/11\/24\/unicef-cria-podcast-para-ensinar-cultura-afro-brasileira\/","og_site_name":"Jornal Fatos e Not\u00edcias","article_published_time":"2020-11-24T21:04:18+00:00","article_modified_time":"2020-11-24T21:04:23+00:00","og_image":[{"width":1000,"height":598,"url":"https:\/\/jornalfatosenoticias.com.br\/wp-content\/uploads\/2020\/11\/podcast_unicef_DEIXA-QUE-EU-CONTO.jpg","type":"image\/jpeg"}],"author":"Luzimara Fernandes","twitter_card":"summary_large_image","twitter_misc":{"Escrito por":"Luzimara Fernandes","Est. tempo de leitura":"3 minutos"},"schema":{"@context":"https:\/\/schema.org","@graph":[{"@type":"Article","@id":"https:\/\/jornalfatosenoticias.com.br\/index.php\/2020\/11\/24\/unicef-cria-podcast-para-ensinar-cultura-afro-brasileira\/#article","isPartOf":{"@id":"https:\/\/jornalfatosenoticias.com.br\/index.php\/2020\/11\/24\/unicef-cria-podcast-para-ensinar-cultura-afro-brasileira\/"},"author":{"name":"Luzimara Fernandes","@id":"https:\/\/jornalfatosenoticias.com.br\/#\/schema\/person\/d63837fa13ac8666eb9e74e0985d6f81"},"headline":"Unicef cria podcast para ensinar cultura afro-brasileira","datePublished":"2020-11-24T21:04:18+00:00","dateModified":"2020-11-24T21:04:23+00:00","mainEntityOfPage":{"@id":"https:\/\/jornalfatosenoticias.com.br\/index.php\/2020\/11\/24\/unicef-cria-podcast-para-ensinar-cultura-afro-brasileira\/"},"wordCount":519,"commentCount":0,"publisher":{"@id":"https:\/\/jornalfatosenoticias.com.br\/#organization"},"image":{"@id":"https:\/\/jornalfatosenoticias.com.br\/index.php\/2020\/11\/24\/unicef-cria-podcast-para-ensinar-cultura-afro-brasileira\/#primaryimage"},"thumbnailUrl":"https:\/\/jornalfatosenoticias.com.br\/wp-content\/uploads\/2020\/11\/podcast_unicef_DEIXA-QUE-EU-CONTO.jpg","keywords":["Consci\u00eancia Negra 2020","cultura afro-brasileira","podcast","Unicef"],"articleSection":["Educa\u00e7\u00e3o"],"inLanguage":"pt-BR","potentialAction":[{"@type":"CommentAction","name":"Comment","target":["https:\/\/jornalfatosenoticias.com.br\/index.php\/2020\/11\/24\/unicef-cria-podcast-para-ensinar-cultura-afro-brasileira\/#respond"]}]},{"@type":"WebPage","@id":"https:\/\/jornalfatosenoticias.com.br\/index.php\/2020\/11\/24\/unicef-cria-podcast-para-ensinar-cultura-afro-brasileira\/","url":"https:\/\/jornalfatosenoticias.com.br\/index.php\/2020\/11\/24\/unicef-cria-podcast-para-ensinar-cultura-afro-brasileira\/","name":"Unicef cria podcast para ensinar cultura afro-brasileira - Jornal Fatos e Not\u00edcias","isPartOf":{"@id":"https:\/\/jornalfatosenoticias.com.br\/#website"},"primaryImageOfPage":{"@id":"https:\/\/jornalfatosenoticias.com.br\/index.php\/2020\/11\/24\/unicef-cria-podcast-para-ensinar-cultura-afro-brasileira\/#primaryimage"},"image":{"@id":"https:\/\/jornalfatosenoticias.com.br\/index.php\/2020\/11\/24\/unicef-cria-podcast-para-ensinar-cultura-afro-brasileira\/#primaryimage"},"thumbnailUrl":"https:\/\/jornalfatosenoticias.com.br\/wp-content\/uploads\/2020\/11\/podcast_unicef_DEIXA-QUE-EU-CONTO.jpg","datePublished":"2020-11-24T21:04:18+00:00","dateModified":"2020-11-24T21:04:23+00:00","breadcrumb":{"@id":"https:\/\/jornalfatosenoticias.com.br\/index.php\/2020\/11\/24\/unicef-cria-podcast-para-ensinar-cultura-afro-brasileira\/#breadcrumb"},"inLanguage":"pt-BR","potentialAction":[{"@type":"ReadAction","target":["https:\/\/jornalfatosenoticias.com.br\/index.php\/2020\/11\/24\/unicef-cria-podcast-para-ensinar-cultura-afro-brasileira\/"]}]},{"@type":"ImageObject","inLanguage":"pt-BR","@id":"https:\/\/jornalfatosenoticias.com.br\/index.php\/2020\/11\/24\/unicef-cria-podcast-para-ensinar-cultura-afro-brasileira\/#primaryimage","url":"https:\/\/jornalfatosenoticias.com.br\/wp-content\/uploads\/2020\/11\/podcast_unicef_DEIXA-QUE-EU-CONTO.jpg","contentUrl":"https:\/\/jornalfatosenoticias.com.br\/wp-content\/uploads\/2020\/11\/podcast_unicef_DEIXA-QUE-EU-CONTO.jpg","width":1000,"height":598,"caption":"Unicef, Deixa Que Eu Canto"},{"@type":"BreadcrumbList","@id":"https:\/\/jornalfatosenoticias.com.br\/index.php\/2020\/11\/24\/unicef-cria-podcast-para-ensinar-cultura-afro-brasileira\/#breadcrumb","itemListElement":[{"@type":"ListItem","position":1,"name":"In\u00edcio","item":"https:\/\/jornalfatosenoticias.com.br\/"},{"@type":"ListItem","position":2,"name":"Unicef cria podcast para ensinar cultura afro-brasileira"}]},{"@type":"WebSite","@id":"https:\/\/jornalfatosenoticias.com.br\/#website","url":"https:\/\/jornalfatosenoticias.com.br\/","name":"Jornal Fatos e Not\u00edcias","description":"Not\u00edcias em geral","publisher":{"@id":"https:\/\/jornalfatosenoticias.com.br\/#organization"},"potentialAction":[{"@type":"SearchAction","target":{"@type":"EntryPoint","urlTemplate":"https:\/\/jornalfatosenoticias.com.br\/?s={search_term_string}"},"query-input":{"@type":"PropertyValueSpecification","valueRequired":true,"valueName":"search_term_string"}}],"inLanguage":"pt-BR"},{"@type":"Organization","@id":"https:\/\/jornalfatosenoticias.com.br\/#organization","name":"Jornal Fatos e Not\u00edcias","url":"https:\/\/jornalfatosenoticias.com.br\/","logo":{"@type":"ImageObject","inLanguage":"pt-BR","@id":"https:\/\/jornalfatosenoticias.com.br\/#\/schema\/logo\/image\/","url":"https:\/\/jornalfatosenoticias.com.br\/wp-content\/uploads\/2020\/02\/logo120.png","contentUrl":"https:\/\/jornalfatosenoticias.com.br\/wp-content\/uploads\/2020\/02\/logo120.png","width":1227,"height":120,"caption":"Jornal Fatos e Not\u00edcias"},"image":{"@id":"https:\/\/jornalfatosenoticias.com.br\/#\/schema\/logo\/image\/"}},{"@type":"Person","@id":"https:\/\/jornalfatosenoticias.com.br\/#\/schema\/person\/d63837fa13ac8666eb9e74e0985d6f81","name":"Luzimara Fernandes","image":{"@type":"ImageObject","inLanguage":"pt-BR","@id":"https:\/\/jornalfatosenoticias.com.br\/#\/schema\/person\/image\/","url":"https:\/\/jornalfatosenoticias.com.br\/wp-content\/uploads\/2025\/05\/EU_portal.jpg","contentUrl":"https:\/\/jornalfatosenoticias.com.br\/wp-content\/uploads\/2025\/05\/EU_portal.jpg","caption":"Luzimara Fernandes"},"description":"Jornalista MTB 2358-ES","sameAs":["https:\/\/jornalfatosenoticias.com.br"],"url":"https:\/\/jornalfatosenoticias.com.br\/index.php\/author\/luzimara\/"}]}},"cc_featured_image_caption":{"caption_text":"(Foto: Divulga\u00e7\u00e3o\/Unicef)","source_text":"","source_url":""},"jetpack_featured_media_url":"https:\/\/jornalfatosenoticias.com.br\/wp-content\/uploads\/2020\/11\/podcast_unicef_DEIXA-QUE-EU-CONTO.jpg","_links":{"self":[{"href":"https:\/\/jornalfatosenoticias.com.br\/index.php\/wp-json\/wp\/v2\/posts\/11617","targetHints":{"allow":["GET"]}}],"collection":[{"href":"https:\/\/jornalfatosenoticias.com.br\/index.php\/wp-json\/wp\/v2\/posts"}],"about":[{"href":"https:\/\/jornalfatosenoticias.com.br\/index.php\/wp-json\/wp\/v2\/types\/post"}],"author":[{"embeddable":true,"href":"https:\/\/jornalfatosenoticias.com.br\/index.php\/wp-json\/wp\/v2\/users\/2"}],"replies":[{"embeddable":true,"href":"https:\/\/jornalfatosenoticias.com.br\/index.php\/wp-json\/wp\/v2\/comments?post=11617"}],"version-history":[{"count":0,"href":"https:\/\/jornalfatosenoticias.com.br\/index.php\/wp-json\/wp\/v2\/posts\/11617\/revisions"}],"wp:featuredmedia":[{"embeddable":true,"href":"https:\/\/jornalfatosenoticias.com.br\/index.php\/wp-json\/wp\/v2\/media\/11618"}],"wp:attachment":[{"href":"https:\/\/jornalfatosenoticias.com.br\/index.php\/wp-json\/wp\/v2\/media?parent=11617"}],"wp:term":[{"taxonomy":"category","embeddable":true,"href":"https:\/\/jornalfatosenoticias.com.br\/index.php\/wp-json\/wp\/v2\/categories?post=11617"},{"taxonomy":"post_tag","embeddable":true,"href":"https:\/\/jornalfatosenoticias.com.br\/index.php\/wp-json\/wp\/v2\/tags?post=11617"}],"curies":[{"name":"wp","href":"https:\/\/api.w.org\/{rel}","templated":true}]}}