{"id":11707,"date":"2020-11-26T17:51:06","date_gmt":"2020-11-26T20:51:06","guid":{"rendered":"https:\/\/jornalfatosenoticias.com.br\/?p=11707"},"modified":"2020-11-26T17:51:12","modified_gmt":"2020-11-26T20:51:12","slug":"serra-segundo-turno","status":"publish","type":"post","link":"https:\/\/jornalfatosenoticias.com.br\/index.php\/2020\/11\/26\/serra-segundo-turno\/","title":{"rendered":"Serra, segundo turno"},"content":{"rendered":"\n<p>A Serra \u00e9 o munic\u00edpio com maior n\u00famero de habitantes do Estado Esp\u00edrito Santo, estimada em mais de 527 mil pessoas e os 327 mil eleitores assistiram, nesta semana, ao debate promovido pela R\u00e1dio CBN. Certamente, a popula\u00e7\u00e3o esperava mais de alguns candidatos do que simplesmente ataques e ofensas.<br>No caso dos candidatos a prefeito da Serra, S\u00e9rgio Vidigal e F\u00e1bio Duarte, que foram assistidos por um grande n\u00famero de eleitores pela internet, o embate transcorreu com mais ofensas e defesas do que propostas, essas esperadas por todos que os acompanhavam pelas redes sociais. O candidato da Rede, F\u00e1bio Duarte, com n\u00edtida inseguran\u00e7a, assumiu uma postura mais ofensiva, talvez por estrat\u00e9gia ou por falta de conhecimento mesmo.<br>Com problemas habituais em \u00e1reas importantes da estrutura administrativa que o munic\u00edpio vem enfrentando durante os \u00faltimos oito anos do seu padrinho pol\u00edtico, o atual prefeito, pode at\u00e9 ser que ele, com apenas quatro anos de experi\u00eancia pol\u00edtica, possa estar bem-intencionado, mas, como sabemos, o inferno est\u00e1 cheio de pessoas com boas inten\u00e7\u00f5es, ainda mais tendo como seu principal apoiador, nada menos que Audifax Barcelos que, com seu apetite voraz de poder, faz qualquer serrano, exceto, claro, os comissionados, ficar cabreiro e com p\u00e9 atr\u00e1s, voc\u00ea n\u00e3o acha? F\u00e1bio Duarte, em rar\u00edssimos momentos do debate utilizou tempo para apresentar projetos. Em um desses segundos, falou da ideia de informatizar o sistema de sa\u00fade municipal.<br>Do outro lado, S\u00e9rgio Vidigal, candidato do PDT, respeitando o seu debatedor, sempre na defensiva, mostrou-se seguro e conhecedor dos temas abordados. N\u00e3o era para menos, com tr\u00eas mandatos de prefeito e funcion\u00e1rio p\u00fablico municipal como m\u00e9dico h\u00e1 mais de 30 anos, Vidigal disse ser prova do \u201cengessamento\u201d do sistema de sa\u00fade nos \u00faltimos oito anos.<\/p>\n\n\n\n<figure class=\"wp-block-image size-large\"><img loading=\"lazy\" decoding=\"async\" width=\"1000\" height=\"662\" src=\"https:\/\/jornalfatosenoticias.com.br\/wp-content\/uploads\/2020\/11\/prefeitura-serra-387.jpg\" alt=\"\" class=\"wp-image-11372\" srcset=\"https:\/\/jornalfatosenoticias.com.br\/wp-content\/uploads\/2020\/11\/prefeitura-serra-387.jpg 1000w, https:\/\/jornalfatosenoticias.com.br\/wp-content\/uploads\/2020\/11\/prefeitura-serra-387-300x199.jpg 300w, https:\/\/jornalfatosenoticias.com.br\/wp-content\/uploads\/2020\/11\/prefeitura-serra-387-768x508.jpg 768w\" sizes=\"auto, (max-width: 1000px) 100vw, 1000px\" \/><figcaption><em>Prefeitura Municipal da Serra (Foto: serra.es.gov.br)<\/em><\/figcaption><\/figure>\n\n\n\n<p>Vidigal tamb\u00e9m falou que a cidade precisa voltar a crescer e entre seus projetos para a evolu\u00e7\u00e3o da cidade est\u00e1 a amplia\u00e7\u00e3o e fortalecimento da guarda municipal; a implementa\u00e7\u00e3o do Centro de Refer\u00eancia e Aten\u00e7\u00e3o \u00e0 Mulher.<br>Na mobilidade urbana, quer realizar o corredor de \u00f4nibus e transferir o terminal de Carapina para a BR-101, que ser\u00e1 uma grande avenida municipalizada. A sa\u00fade ter\u00e1 um cuidado especial, lembrando que foi ele quem construiu as Unidades de Pronto Atendimento \u2014 UPAs do munic\u00edpio, quando esteve \u00e0 frente da prefeitura. O funcionamento delas ser\u00e1 at\u00e9 \u00e0s 20h e que, outra coisa importante que far\u00e1, ser\u00e1 a volta do atendimento aos s\u00e1bados nas policl\u00ednicas. Ele acredita que, com essas a\u00e7\u00f5es logo no in\u00edcio de seu governo, a popula\u00e7\u00e3o voltar\u00e1 a ser atendida dignamente.<\/p>\n","protected":false},"excerpt":{"rendered":"<p>A Serra \u00e9 o munic\u00edpio com maior n\u00famero de habitantes do Estado Esp\u00edrito Santo, estimada em mais de 527 mil pessoas e os 327 mil eleitores assistiram, nesta semana, ao debate promovido pela R\u00e1dio CBN. Certamente, a popula\u00e7\u00e3o esperava mais de alguns candidatos do que simplesmente ataques e ofensas.No caso dos candidatos a prefeito da [&hellip;]<\/p>\n","protected":false},"author":3,"featured_media":11708,"comment_status":"open","ping_status":"open","sticky":false,"template":"","format":"standard","meta":{"footnotes":""},"categories":[10],"tags":[1332,5927,909],"class_list":["post-11707","post","type-post","status-publish","format-standard","has-post-thumbnail","hentry","category-politica","tag-eleicoes-2020","tag-segundo-turno","tag-sergio-vidigal"],"yoast_head":"<!-- This site is optimized with the Yoast SEO plugin v26.5 - https:\/\/yoast.com\/wordpress\/plugins\/seo\/ -->\n<title>Serra, segundo turno - Jornal Fatos e Not\u00edcias<\/title>\n<meta name=\"robots\" content=\"index, follow, max-snippet:-1, max-image-preview:large, max-video-preview:-1\" \/>\n<link rel=\"canonical\" href=\"https:\/\/jornalfatosenoticias.com.br\/index.php\/2020\/11\/26\/serra-segundo-turno\/\" \/>\n<meta property=\"og:locale\" content=\"pt_BR\" \/>\n<meta property=\"og:type\" content=\"article\" \/>\n<meta property=\"og:title\" content=\"Serra, segundo turno - Jornal Fatos e Not\u00edcias\" \/>\n<meta property=\"og:description\" content=\"A Serra \u00e9 o munic\u00edpio com maior n\u00famero de habitantes do Estado Esp\u00edrito Santo, estimada em mais de 527 mil pessoas e os 327 mil eleitores assistiram, nesta semana, ao debate promovido pela R\u00e1dio CBN. Certamente, a popula\u00e7\u00e3o esperava mais de alguns candidatos do que simplesmente ataques e ofensas.No caso dos candidatos a prefeito da [&hellip;]\" \/>\n<meta property=\"og:url\" content=\"https:\/\/jornalfatosenoticias.com.br\/index.php\/2020\/11\/26\/serra-segundo-turno\/\" \/>\n<meta property=\"og:site_name\" content=\"Jornal Fatos e Not\u00edcias\" \/>\n<meta property=\"article:published_time\" content=\"2020-11-26T20:51:06+00:00\" \/>\n<meta property=\"article:modified_time\" content=\"2020-11-26T20:51:12+00:00\" \/>\n<meta property=\"og:image\" content=\"https:\/\/jornalfatosenoticias.com.br\/wp-content\/uploads\/2020\/11\/Vidigal-e-Fabio-Montagem.jpg\" \/>\n\t<meta property=\"og:image:width\" content=\"1000\" \/>\n\t<meta property=\"og:image:height\" content=\"612\" \/>\n\t<meta property=\"og:image:type\" content=\"image\/jpeg\" \/>\n<meta name=\"author\" content=\"Haroldo Filho\" \/>\n<meta name=\"twitter:card\" content=\"summary_large_image\" \/>\n<meta name=\"twitter:label1\" content=\"Escrito por\" \/>\n\t<meta name=\"twitter:data1\" content=\"Haroldo Filho\" \/>\n\t<meta name=\"twitter:label2\" content=\"Est. tempo de leitura\" \/>\n\t<meta name=\"twitter:data2\" content=\"2 minutos\" \/>\n<script type=\"application\/ld+json\" class=\"yoast-schema-graph\">{\"@context\":\"https:\/\/schema.org\",\"@graph\":[{\"@type\":\"Article\",\"@id\":\"https:\/\/jornalfatosenoticias.com.br\/index.php\/2020\/11\/26\/serra-segundo-turno\/#article\",\"isPartOf\":{\"@id\":\"https:\/\/jornalfatosenoticias.com.br\/index.php\/2020\/11\/26\/serra-segundo-turno\/\"},\"author\":{\"name\":\"Haroldo Filho\",\"@id\":\"https:\/\/jornalfatosenoticias.com.br\/#\/schema\/person\/05c46cc25b42a5c27e004fb0fa6b4965\"},\"headline\":\"Serra, segundo turno\",\"datePublished\":\"2020-11-26T20:51:06+00:00\",\"dateModified\":\"2020-11-26T20:51:12+00:00\",\"mainEntityOfPage\":{\"@id\":\"https:\/\/jornalfatosenoticias.com.br\/index.php\/2020\/11\/26\/serra-segundo-turno\/\"},\"wordCount\":464,\"commentCount\":0,\"publisher\":{\"@id\":\"https:\/\/jornalfatosenoticias.com.br\/#organization\"},\"image\":{\"@id\":\"https:\/\/jornalfatosenoticias.com.br\/index.php\/2020\/11\/26\/serra-segundo-turno\/#primaryimage\"},\"thumbnailUrl\":\"https:\/\/jornalfatosenoticias.com.br\/wp-content\/uploads\/2020\/11\/Vidigal-e-Fabio-Montagem.jpg\",\"keywords\":[\"Elei\u00e7\u00f5es 2020\",\"segundo turno\",\"S\u00e9rgio Vidigal\"],\"articleSection\":[\"Pol\u00edtica\"],\"inLanguage\":\"pt-BR\",\"potentialAction\":[{\"@type\":\"CommentAction\",\"name\":\"Comment\",\"target\":[\"https:\/\/jornalfatosenoticias.com.br\/index.php\/2020\/11\/26\/serra-segundo-turno\/#respond\"]}]},{\"@type\":\"WebPage\",\"@id\":\"https:\/\/jornalfatosenoticias.com.br\/index.php\/2020\/11\/26\/serra-segundo-turno\/\",\"url\":\"https:\/\/jornalfatosenoticias.com.br\/index.php\/2020\/11\/26\/serra-segundo-turno\/\",\"name\":\"Serra, segundo turno - Jornal Fatos e Not\u00edcias\",\"isPartOf\":{\"@id\":\"https:\/\/jornalfatosenoticias.com.br\/#website\"},\"primaryImageOfPage\":{\"@id\":\"https:\/\/jornalfatosenoticias.com.br\/index.php\/2020\/11\/26\/serra-segundo-turno\/#primaryimage\"},\"image\":{\"@id\":\"https:\/\/jornalfatosenoticias.com.br\/index.php\/2020\/11\/26\/serra-segundo-turno\/#primaryimage\"},\"thumbnailUrl\":\"https:\/\/jornalfatosenoticias.com.br\/wp-content\/uploads\/2020\/11\/Vidigal-e-Fabio-Montagem.jpg\",\"datePublished\":\"2020-11-26T20:51:06+00:00\",\"dateModified\":\"2020-11-26T20:51:12+00:00\",\"breadcrumb\":{\"@id\":\"https:\/\/jornalfatosenoticias.com.br\/index.php\/2020\/11\/26\/serra-segundo-turno\/#breadcrumb\"},\"inLanguage\":\"pt-BR\",\"potentialAction\":[{\"@type\":\"ReadAction\",\"target\":[\"https:\/\/jornalfatosenoticias.com.br\/index.php\/2020\/11\/26\/serra-segundo-turno\/\"]}]},{\"@type\":\"ImageObject\",\"inLanguage\":\"pt-BR\",\"@id\":\"https:\/\/jornalfatosenoticias.com.br\/index.php\/2020\/11\/26\/serra-segundo-turno\/#primaryimage\",\"url\":\"https:\/\/jornalfatosenoticias.com.br\/wp-content\/uploads\/2020\/11\/Vidigal-e-Fabio-Montagem.jpg\",\"contentUrl\":\"https:\/\/jornalfatosenoticias.com.br\/wp-content\/uploads\/2020\/11\/Vidigal-e-Fabio-Montagem.jpg\",\"width\":1000,\"height\":612},{\"@type\":\"BreadcrumbList\",\"@id\":\"https:\/\/jornalfatosenoticias.com.br\/index.php\/2020\/11\/26\/serra-segundo-turno\/#breadcrumb\",\"itemListElement\":[{\"@type\":\"ListItem\",\"position\":1,\"name\":\"In\u00edcio\",\"item\":\"https:\/\/jornalfatosenoticias.com.br\/\"},{\"@type\":\"ListItem\",\"position\":2,\"name\":\"Serra, segundo turno\"}]},{\"@type\":\"WebSite\",\"@id\":\"https:\/\/jornalfatosenoticias.com.br\/#website\",\"url\":\"https:\/\/jornalfatosenoticias.com.br\/\",\"name\":\"Jornal Fatos e Not\u00edcias\",\"description\":\"Not\u00edcias em geral\",\"publisher\":{\"@id\":\"https:\/\/jornalfatosenoticias.com.br\/#organization\"},\"potentialAction\":[{\"@type\":\"SearchAction\",\"target\":{\"@type\":\"EntryPoint\",\"urlTemplate\":\"https:\/\/jornalfatosenoticias.com.br\/?s={search_term_string}\"},\"query-input\":{\"@type\":\"PropertyValueSpecification\",\"valueRequired\":true,\"valueName\":\"search_term_string\"}}],\"inLanguage\":\"pt-BR\"},{\"@type\":\"Organization\",\"@id\":\"https:\/\/jornalfatosenoticias.com.br\/#organization\",\"name\":\"Jornal Fatos e Not\u00edcias\",\"url\":\"https:\/\/jornalfatosenoticias.com.br\/\",\"logo\":{\"@type\":\"ImageObject\",\"inLanguage\":\"pt-BR\",\"@id\":\"https:\/\/jornalfatosenoticias.com.br\/#\/schema\/logo\/image\/\",\"url\":\"https:\/\/jornalfatosenoticias.com.br\/wp-content\/uploads\/2020\/02\/logo120.png\",\"contentUrl\":\"https:\/\/jornalfatosenoticias.com.br\/wp-content\/uploads\/2020\/02\/logo120.png\",\"width\":1227,\"height\":120,\"caption\":\"Jornal Fatos e Not\u00edcias\"},\"image\":{\"@id\":\"https:\/\/jornalfatosenoticias.com.br\/#\/schema\/logo\/image\/\"}},{\"@type\":\"Person\",\"@id\":\"https:\/\/jornalfatosenoticias.com.br\/#\/schema\/person\/05c46cc25b42a5c27e004fb0fa6b4965\",\"name\":\"Haroldo Filho\",\"image\":{\"@type\":\"ImageObject\",\"inLanguage\":\"pt-BR\",\"@id\":\"https:\/\/jornalfatosenoticias.com.br\/#\/schema\/person\/image\/\",\"url\":\"https:\/\/jornalfatosenoticias.com.br\/wp-content\/uploads\/2025\/08\/WhatsApp-Image-2025-08-18-at-15.30.28-150x150.jpeg\",\"contentUrl\":\"https:\/\/jornalfatosenoticias.com.br\/wp-content\/uploads\/2025\/08\/WhatsApp-Image-2025-08-18-at-15.30.28-150x150.jpeg\",\"caption\":\"Haroldo Filho\"},\"description\":\"Jornalista \u2013 DRT: 0003818\/ES Coordenador-geral da ONG Educar para Crescer\",\"url\":\"https:\/\/jornalfatosenoticias.com.br\/index.php\/author\/haroldo\/\"}]}<\/script>\n<!-- \/ Yoast SEO plugin. -->","yoast_head_json":{"title":"Serra, segundo turno - Jornal Fatos e Not\u00edcias","robots":{"index":"index","follow":"follow","max-snippet":"max-snippet:-1","max-image-preview":"max-image-preview:large","max-video-preview":"max-video-preview:-1"},"canonical":"https:\/\/jornalfatosenoticias.com.br\/index.php\/2020\/11\/26\/serra-segundo-turno\/","og_locale":"pt_BR","og_type":"article","og_title":"Serra, segundo turno - Jornal Fatos e Not\u00edcias","og_description":"A Serra \u00e9 o munic\u00edpio com maior n\u00famero de habitantes do Estado Esp\u00edrito Santo, estimada em mais de 527 mil pessoas e os 327 mil eleitores assistiram, nesta semana, ao debate promovido pela R\u00e1dio CBN. Certamente, a popula\u00e7\u00e3o esperava mais de alguns candidatos do que simplesmente ataques e ofensas.No caso dos candidatos a prefeito da [&hellip;]","og_url":"https:\/\/jornalfatosenoticias.com.br\/index.php\/2020\/11\/26\/serra-segundo-turno\/","og_site_name":"Jornal Fatos e Not\u00edcias","article_published_time":"2020-11-26T20:51:06+00:00","article_modified_time":"2020-11-26T20:51:12+00:00","og_image":[{"width":1000,"height":612,"url":"https:\/\/jornalfatosenoticias.com.br\/wp-content\/uploads\/2020\/11\/Vidigal-e-Fabio-Montagem.jpg","type":"image\/jpeg"}],"author":"Haroldo Filho","twitter_card":"summary_large_image","twitter_misc":{"Escrito por":"Haroldo Filho","Est. tempo de leitura":"2 minutos"},"schema":{"@context":"https:\/\/schema.org","@graph":[{"@type":"Article","@id":"https:\/\/jornalfatosenoticias.com.br\/index.php\/2020\/11\/26\/serra-segundo-turno\/#article","isPartOf":{"@id":"https:\/\/jornalfatosenoticias.com.br\/index.php\/2020\/11\/26\/serra-segundo-turno\/"},"author":{"name":"Haroldo Filho","@id":"https:\/\/jornalfatosenoticias.com.br\/#\/schema\/person\/05c46cc25b42a5c27e004fb0fa6b4965"},"headline":"Serra, segundo turno","datePublished":"2020-11-26T20:51:06+00:00","dateModified":"2020-11-26T20:51:12+00:00","mainEntityOfPage":{"@id":"https:\/\/jornalfatosenoticias.com.br\/index.php\/2020\/11\/26\/serra-segundo-turno\/"},"wordCount":464,"commentCount":0,"publisher":{"@id":"https:\/\/jornalfatosenoticias.com.br\/#organization"},"image":{"@id":"https:\/\/jornalfatosenoticias.com.br\/index.php\/2020\/11\/26\/serra-segundo-turno\/#primaryimage"},"thumbnailUrl":"https:\/\/jornalfatosenoticias.com.br\/wp-content\/uploads\/2020\/11\/Vidigal-e-Fabio-Montagem.jpg","keywords":["Elei\u00e7\u00f5es 2020","segundo turno","S\u00e9rgio Vidigal"],"articleSection":["Pol\u00edtica"],"inLanguage":"pt-BR","potentialAction":[{"@type":"CommentAction","name":"Comment","target":["https:\/\/jornalfatosenoticias.com.br\/index.php\/2020\/11\/26\/serra-segundo-turno\/#respond"]}]},{"@type":"WebPage","@id":"https:\/\/jornalfatosenoticias.com.br\/index.php\/2020\/11\/26\/serra-segundo-turno\/","url":"https:\/\/jornalfatosenoticias.com.br\/index.php\/2020\/11\/26\/serra-segundo-turno\/","name":"Serra, segundo turno - Jornal Fatos e Not\u00edcias","isPartOf":{"@id":"https:\/\/jornalfatosenoticias.com.br\/#website"},"primaryImageOfPage":{"@id":"https:\/\/jornalfatosenoticias.com.br\/index.php\/2020\/11\/26\/serra-segundo-turno\/#primaryimage"},"image":{"@id":"https:\/\/jornalfatosenoticias.com.br\/index.php\/2020\/11\/26\/serra-segundo-turno\/#primaryimage"},"thumbnailUrl":"https:\/\/jornalfatosenoticias.com.br\/wp-content\/uploads\/2020\/11\/Vidigal-e-Fabio-Montagem.jpg","datePublished":"2020-11-26T20:51:06+00:00","dateModified":"2020-11-26T20:51:12+00:00","breadcrumb":{"@id":"https:\/\/jornalfatosenoticias.com.br\/index.php\/2020\/11\/26\/serra-segundo-turno\/#breadcrumb"},"inLanguage":"pt-BR","potentialAction":[{"@type":"ReadAction","target":["https:\/\/jornalfatosenoticias.com.br\/index.php\/2020\/11\/26\/serra-segundo-turno\/"]}]},{"@type":"ImageObject","inLanguage":"pt-BR","@id":"https:\/\/jornalfatosenoticias.com.br\/index.php\/2020\/11\/26\/serra-segundo-turno\/#primaryimage","url":"https:\/\/jornalfatosenoticias.com.br\/wp-content\/uploads\/2020\/11\/Vidigal-e-Fabio-Montagem.jpg","contentUrl":"https:\/\/jornalfatosenoticias.com.br\/wp-content\/uploads\/2020\/11\/Vidigal-e-Fabio-Montagem.jpg","width":1000,"height":612},{"@type":"BreadcrumbList","@id":"https:\/\/jornalfatosenoticias.com.br\/index.php\/2020\/11\/26\/serra-segundo-turno\/#breadcrumb","itemListElement":[{"@type":"ListItem","position":1,"name":"In\u00edcio","item":"https:\/\/jornalfatosenoticias.com.br\/"},{"@type":"ListItem","position":2,"name":"Serra, segundo turno"}]},{"@type":"WebSite","@id":"https:\/\/jornalfatosenoticias.com.br\/#website","url":"https:\/\/jornalfatosenoticias.com.br\/","name":"Jornal Fatos e Not\u00edcias","description":"Not\u00edcias em geral","publisher":{"@id":"https:\/\/jornalfatosenoticias.com.br\/#organization"},"potentialAction":[{"@type":"SearchAction","target":{"@type":"EntryPoint","urlTemplate":"https:\/\/jornalfatosenoticias.com.br\/?s={search_term_string}"},"query-input":{"@type":"PropertyValueSpecification","valueRequired":true,"valueName":"search_term_string"}}],"inLanguage":"pt-BR"},{"@type":"Organization","@id":"https:\/\/jornalfatosenoticias.com.br\/#organization","name":"Jornal Fatos e Not\u00edcias","url":"https:\/\/jornalfatosenoticias.com.br\/","logo":{"@type":"ImageObject","inLanguage":"pt-BR","@id":"https:\/\/jornalfatosenoticias.com.br\/#\/schema\/logo\/image\/","url":"https:\/\/jornalfatosenoticias.com.br\/wp-content\/uploads\/2020\/02\/logo120.png","contentUrl":"https:\/\/jornalfatosenoticias.com.br\/wp-content\/uploads\/2020\/02\/logo120.png","width":1227,"height":120,"caption":"Jornal Fatos e Not\u00edcias"},"image":{"@id":"https:\/\/jornalfatosenoticias.com.br\/#\/schema\/logo\/image\/"}},{"@type":"Person","@id":"https:\/\/jornalfatosenoticias.com.br\/#\/schema\/person\/05c46cc25b42a5c27e004fb0fa6b4965","name":"Haroldo Filho","image":{"@type":"ImageObject","inLanguage":"pt-BR","@id":"https:\/\/jornalfatosenoticias.com.br\/#\/schema\/person\/image\/","url":"https:\/\/jornalfatosenoticias.com.br\/wp-content\/uploads\/2025\/08\/WhatsApp-Image-2025-08-18-at-15.30.28-150x150.jpeg","contentUrl":"https:\/\/jornalfatosenoticias.com.br\/wp-content\/uploads\/2025\/08\/WhatsApp-Image-2025-08-18-at-15.30.28-150x150.jpeg","caption":"Haroldo Filho"},"description":"Jornalista \u2013 DRT: 0003818\/ES Coordenador-geral da ONG Educar para Crescer","url":"https:\/\/jornalfatosenoticias.com.br\/index.php\/author\/haroldo\/"}]}},"cc_featured_image_caption":{"caption_text":"(Foto: Reprodu\u00e7\u00e3o)","source_text":"","source_url":""},"jetpack_featured_media_url":"https:\/\/jornalfatosenoticias.com.br\/wp-content\/uploads\/2020\/11\/Vidigal-e-Fabio-Montagem.jpg","_links":{"self":[{"href":"https:\/\/jornalfatosenoticias.com.br\/index.php\/wp-json\/wp\/v2\/posts\/11707","targetHints":{"allow":["GET"]}}],"collection":[{"href":"https:\/\/jornalfatosenoticias.com.br\/index.php\/wp-json\/wp\/v2\/posts"}],"about":[{"href":"https:\/\/jornalfatosenoticias.com.br\/index.php\/wp-json\/wp\/v2\/types\/post"}],"author":[{"embeddable":true,"href":"https:\/\/jornalfatosenoticias.com.br\/index.php\/wp-json\/wp\/v2\/users\/3"}],"replies":[{"embeddable":true,"href":"https:\/\/jornalfatosenoticias.com.br\/index.php\/wp-json\/wp\/v2\/comments?post=11707"}],"version-history":[{"count":0,"href":"https:\/\/jornalfatosenoticias.com.br\/index.php\/wp-json\/wp\/v2\/posts\/11707\/revisions"}],"wp:featuredmedia":[{"embeddable":true,"href":"https:\/\/jornalfatosenoticias.com.br\/index.php\/wp-json\/wp\/v2\/media\/11708"}],"wp:attachment":[{"href":"https:\/\/jornalfatosenoticias.com.br\/index.php\/wp-json\/wp\/v2\/media?parent=11707"}],"wp:term":[{"taxonomy":"category","embeddable":true,"href":"https:\/\/jornalfatosenoticias.com.br\/index.php\/wp-json\/wp\/v2\/categories?post=11707"},{"taxonomy":"post_tag","embeddable":true,"href":"https:\/\/jornalfatosenoticias.com.br\/index.php\/wp-json\/wp\/v2\/tags?post=11707"}],"curies":[{"name":"wp","href":"https:\/\/api.w.org\/{rel}","templated":true}]}}