{"id":11726,"date":"2020-11-26T18:13:17","date_gmt":"2020-11-26T21:13:17","guid":{"rendered":"https:\/\/jornalfatosenoticias.com.br\/?p=11726"},"modified":"2020-11-26T18:13:22","modified_gmt":"2020-11-26T21:13:22","slug":"cientistas-querem-recriar-o-cheiro-da-europa-do-seculo-16","status":"publish","type":"post","link":"https:\/\/jornalfatosenoticias.com.br\/index.php\/2020\/11\/26\/cientistas-querem-recriar-o-cheiro-da-europa-do-seculo-16\/","title":{"rendered":"Cientistas querem recriar o cheiro da Europa do s\u00e9culo 16"},"content":{"rendered":"\n<p>Voc\u00ea consegue imaginar qual era o cheiro das cidades europeias do s\u00e9culo 16? Os cientistas acreditam que era uma mistura de tabaco, especiarias e pesticida, mas isso est\u00e1 sendo investigado e aprofundado. A ideia \u00e9, em breve, podermos dar uma fungada no cheirinho do passado.<br>Para a empreitada, cientistas de diversas \u00e1reas, com ajuda de intelig\u00eancia artificial, se reuniram para recriar o cheiro de objetos da Europa desde o s\u00e9culo 16 at\u00e9 o come\u00e7o do s\u00e9culo 20. O ousado programa foi apelidado de Odeuropa.<br>A tecnologia ser\u00e1 desenvolvida para identificar as descri\u00e7\u00f5es de odores e imagens de artefatos arom\u00e1ticos em cerca de 250 mil documentos escritos em sete idiomas diferentes. Depois, ser\u00e1 criada uma enciclop\u00e9dia online sobre os cheiros da Europa, com a descri\u00e7\u00e3o de cada aroma. A ideia \u00e9 disponibilizar a cole\u00e7\u00e3o para museus, al\u00e9m da internet.<br>Entre os cen\u00e1rios imaginados est\u00e1 o do s\u00e9culo 17: Londres provavelmente cheirava a rem\u00e9dio contra a peste, como alecrim e alcatr\u00e3o queimado. J\u00e1 no s\u00e9culo 18, a medicina usava sais arom\u00e1ticos para tratar convuls\u00f5es e desmaios. Al\u00e9m dos cheiros, os cientistas querem entender como os odores evolu\u00edram ao longo dos s\u00e9culos. Isso pode ajudar no entendimento de como os objetos se degradaram ou como foram preservados durante os anos. O tabaco, por exemplo, era uma mercadoria ex\u00f3tica quando chegou da Am\u00e9rica no final do s\u00e9culo 15. Apenas a alta sociedade consumia. Entretanto, com o passar dos anos, o produto passou a ser cada vez mais acess\u00edvel a toda a popula\u00e7\u00e3o.<br>\u201c\u00c9 uma mercadoria introduzida na Europa no s\u00e9culo 16 que come\u00e7a como um tipo de cheiro muito ex\u00f3tico, mas logo se torna domesticado e se torna parte do cheiro normal de muitas cidades europeias\u201d, explica William Tullett, da Universidade Anglia Ruskin, em Cambridge. Segundo ele, no s\u00e9culo 18, o cheiro do tabaco j\u00e1 incomodava teatros e cinemas lotados.<\/p>\n\n\n\n<figure class=\"wp-block-image size-large\"><img loading=\"lazy\" decoding=\"async\" width=\"1000\" height=\"706\" src=\"https:\/\/jornalfatosenoticias.com.br\/wp-content\/uploads\/2020\/11\/cheiro-da-europa_matija-strlic.jpg\" alt=\"\" class=\"wp-image-11727\" srcset=\"https:\/\/jornalfatosenoticias.com.br\/wp-content\/uploads\/2020\/11\/cheiro-da-europa_matija-strlic.jpg 1000w, https:\/\/jornalfatosenoticias.com.br\/wp-content\/uploads\/2020\/11\/cheiro-da-europa_matija-strlic-300x212.jpg 300w, https:\/\/jornalfatosenoticias.com.br\/wp-content\/uploads\/2020\/11\/cheiro-da-europa_matija-strlic-768x542.jpg 768w\" sizes=\"auto, (max-width: 1000px) 100vw, 1000px\" \/><figcaption><em>Cientista (Foto: Matija Strlic\/Odeuropa)<\/em><\/figcaption><\/figure>\n\n\n\n<p>O projeto \u00e9 financiado pela Uni\u00e3o Europeia e est\u00e1 custando US$ 3,3 milh\u00f5es. A previs\u00e3o \u00e9 de que ele seja conclu\u00eddo em tr\u00eas anos. Al\u00e9m das descri\u00e7\u00f5es, existe a possibilidade de um trabalho conjunto com qu\u00edmicos e perfumistas a fim de recriar os cheiros descritos. Isso permitiria que visitantes de museus pudessem ter uma experi\u00eancia sensorial inesquec\u00edvel.<br>Em York, por exemplo, o Centro Viking Jorvik tem recria\u00e7\u00f5es de odores do s\u00e9culo 10. \u201cUma das coisas que o Jorvik demonstra \u00e9 que o cheiro pode ter um impacto real na maneira como as pessoas se relacionam com os museus\u201d, analisa Tullett.<\/p>\n\n\n\n<p><strong><em>Fonte: <a href=\"https:\/\/www.megacurioso.com.br\/ciencia\/116837-cientistas-querem-recriar-o-cheiro-da-europa-do-seculo-16.htm\">Megacurioso<\/a><\/em><\/strong><\/p>\n","protected":false},"excerpt":{"rendered":"<p>Voc\u00ea consegue imaginar qual era o cheiro das cidades europeias do s\u00e9culo 16? Os cientistas acreditam que era uma mistura de tabaco, especiarias e pesticida, mas isso est\u00e1 sendo investigado e aprofundado. A ideia \u00e9, em breve, podermos dar uma fungada no cheirinho do passado.Para a empreitada, cientistas de diversas \u00e1reas, com ajuda de intelig\u00eancia [&hellip;]<\/p>\n","protected":false},"author":2,"featured_media":11728,"comment_status":"open","ping_status":"open","sticky":false,"template":"","format":"standard","meta":{"footnotes":""},"categories":[2],"tags":[4380,3266,125],"class_list":["post-11726","post","type-post","status-publish","format-standard","has-post-thumbnail","hentry","category-ciencia","tag-aromatico","tag-cheiro","tag-europa"],"yoast_head":"<!-- This site is optimized with the Yoast SEO plugin v26.5 - https:\/\/yoast.com\/wordpress\/plugins\/seo\/ -->\n<title>Cientistas querem recriar o cheiro da Europa do s\u00e9culo 16 - Jornal Fatos e Not\u00edcias<\/title>\n<meta name=\"robots\" content=\"index, follow, max-snippet:-1, max-image-preview:large, max-video-preview:-1\" \/>\n<link rel=\"canonical\" href=\"https:\/\/jornalfatosenoticias.com.br\/index.php\/2020\/11\/26\/cientistas-querem-recriar-o-cheiro-da-europa-do-seculo-16\/\" \/>\n<meta property=\"og:locale\" content=\"pt_BR\" \/>\n<meta property=\"og:type\" content=\"article\" \/>\n<meta property=\"og:title\" content=\"Cientistas querem recriar o cheiro da Europa do s\u00e9culo 16 - Jornal Fatos e Not\u00edcias\" \/>\n<meta property=\"og:description\" content=\"Voc\u00ea consegue imaginar qual era o cheiro das cidades europeias do s\u00e9culo 16? Os cientistas acreditam que era uma mistura de tabaco, especiarias e pesticida, mas isso est\u00e1 sendo investigado e aprofundado. A ideia \u00e9, em breve, podermos dar uma fungada no cheirinho do passado.Para a empreitada, cientistas de diversas \u00e1reas, com ajuda de intelig\u00eancia [&hellip;]\" \/>\n<meta property=\"og:url\" content=\"https:\/\/jornalfatosenoticias.com.br\/index.php\/2020\/11\/26\/cientistas-querem-recriar-o-cheiro-da-europa-do-seculo-16\/\" \/>\n<meta property=\"og:site_name\" content=\"Jornal Fatos e Not\u00edcias\" \/>\n<meta property=\"article:published_time\" content=\"2020-11-26T21:13:17+00:00\" \/>\n<meta property=\"article:modified_time\" content=\"2020-11-26T21:13:22+00:00\" \/>\n<meta property=\"og:image\" content=\"https:\/\/jornalfatosenoticias.com.br\/wp-content\/uploads\/2020\/11\/europa-sec.16.jpg\" \/>\n\t<meta property=\"og:image:width\" content=\"1000\" \/>\n\t<meta property=\"og:image:height\" content=\"400\" \/>\n\t<meta property=\"og:image:type\" content=\"image\/jpeg\" \/>\n<meta name=\"author\" content=\"Luzimara Fernandes\" \/>\n<meta name=\"twitter:card\" content=\"summary_large_image\" \/>\n<meta name=\"twitter:label1\" content=\"Escrito por\" \/>\n\t<meta name=\"twitter:data1\" content=\"Luzimara Fernandes\" \/>\n\t<meta name=\"twitter:label2\" content=\"Est. tempo de leitura\" \/>\n\t<meta name=\"twitter:data2\" content=\"2 minutos\" \/>\n<script type=\"application\/ld+json\" class=\"yoast-schema-graph\">{\"@context\":\"https:\/\/schema.org\",\"@graph\":[{\"@type\":\"Article\",\"@id\":\"https:\/\/jornalfatosenoticias.com.br\/index.php\/2020\/11\/26\/cientistas-querem-recriar-o-cheiro-da-europa-do-seculo-16\/#article\",\"isPartOf\":{\"@id\":\"https:\/\/jornalfatosenoticias.com.br\/index.php\/2020\/11\/26\/cientistas-querem-recriar-o-cheiro-da-europa-do-seculo-16\/\"},\"author\":{\"name\":\"Luzimara Fernandes\",\"@id\":\"https:\/\/jornalfatosenoticias.com.br\/#\/schema\/person\/d63837fa13ac8666eb9e74e0985d6f81\"},\"headline\":\"Cientistas querem recriar o cheiro da Europa do s\u00e9culo 16\",\"datePublished\":\"2020-11-26T21:13:17+00:00\",\"dateModified\":\"2020-11-26T21:13:22+00:00\",\"mainEntityOfPage\":{\"@id\":\"https:\/\/jornalfatosenoticias.com.br\/index.php\/2020\/11\/26\/cientistas-querem-recriar-o-cheiro-da-europa-do-seculo-16\/\"},\"wordCount\":448,\"commentCount\":0,\"publisher\":{\"@id\":\"https:\/\/jornalfatosenoticias.com.br\/#organization\"},\"image\":{\"@id\":\"https:\/\/jornalfatosenoticias.com.br\/index.php\/2020\/11\/26\/cientistas-querem-recriar-o-cheiro-da-europa-do-seculo-16\/#primaryimage\"},\"thumbnailUrl\":\"https:\/\/jornalfatosenoticias.com.br\/wp-content\/uploads\/2020\/11\/europa-sec.16.jpg\",\"keywords\":[\"arom\u00e1tico\",\"cheiro\",\"Europa\"],\"articleSection\":[\"Ci\u00eancia\"],\"inLanguage\":\"pt-BR\",\"potentialAction\":[{\"@type\":\"CommentAction\",\"name\":\"Comment\",\"target\":[\"https:\/\/jornalfatosenoticias.com.br\/index.php\/2020\/11\/26\/cientistas-querem-recriar-o-cheiro-da-europa-do-seculo-16\/#respond\"]}]},{\"@type\":\"WebPage\",\"@id\":\"https:\/\/jornalfatosenoticias.com.br\/index.php\/2020\/11\/26\/cientistas-querem-recriar-o-cheiro-da-europa-do-seculo-16\/\",\"url\":\"https:\/\/jornalfatosenoticias.com.br\/index.php\/2020\/11\/26\/cientistas-querem-recriar-o-cheiro-da-europa-do-seculo-16\/\",\"name\":\"Cientistas querem recriar o cheiro da Europa do s\u00e9culo 16 - Jornal Fatos e Not\u00edcias\",\"isPartOf\":{\"@id\":\"https:\/\/jornalfatosenoticias.com.br\/#website\"},\"primaryImageOfPage\":{\"@id\":\"https:\/\/jornalfatosenoticias.com.br\/index.php\/2020\/11\/26\/cientistas-querem-recriar-o-cheiro-da-europa-do-seculo-16\/#primaryimage\"},\"image\":{\"@id\":\"https:\/\/jornalfatosenoticias.com.br\/index.php\/2020\/11\/26\/cientistas-querem-recriar-o-cheiro-da-europa-do-seculo-16\/#primaryimage\"},\"thumbnailUrl\":\"https:\/\/jornalfatosenoticias.com.br\/wp-content\/uploads\/2020\/11\/europa-sec.16.jpg\",\"datePublished\":\"2020-11-26T21:13:17+00:00\",\"dateModified\":\"2020-11-26T21:13:22+00:00\",\"breadcrumb\":{\"@id\":\"https:\/\/jornalfatosenoticias.com.br\/index.php\/2020\/11\/26\/cientistas-querem-recriar-o-cheiro-da-europa-do-seculo-16\/#breadcrumb\"},\"inLanguage\":\"pt-BR\",\"potentialAction\":[{\"@type\":\"ReadAction\",\"target\":[\"https:\/\/jornalfatosenoticias.com.br\/index.php\/2020\/11\/26\/cientistas-querem-recriar-o-cheiro-da-europa-do-seculo-16\/\"]}]},{\"@type\":\"ImageObject\",\"inLanguage\":\"pt-BR\",\"@id\":\"https:\/\/jornalfatosenoticias.com.br\/index.php\/2020\/11\/26\/cientistas-querem-recriar-o-cheiro-da-europa-do-seculo-16\/#primaryimage\",\"url\":\"https:\/\/jornalfatosenoticias.com.br\/wp-content\/uploads\/2020\/11\/europa-sec.16.jpg\",\"contentUrl\":\"https:\/\/jornalfatosenoticias.com.br\/wp-content\/uploads\/2020\/11\/europa-sec.16.jpg\",\"width\":1000,\"height\":400},{\"@type\":\"BreadcrumbList\",\"@id\":\"https:\/\/jornalfatosenoticias.com.br\/index.php\/2020\/11\/26\/cientistas-querem-recriar-o-cheiro-da-europa-do-seculo-16\/#breadcrumb\",\"itemListElement\":[{\"@type\":\"ListItem\",\"position\":1,\"name\":\"In\u00edcio\",\"item\":\"https:\/\/jornalfatosenoticias.com.br\/\"},{\"@type\":\"ListItem\",\"position\":2,\"name\":\"Cientistas querem recriar o cheiro da Europa do s\u00e9culo 16\"}]},{\"@type\":\"WebSite\",\"@id\":\"https:\/\/jornalfatosenoticias.com.br\/#website\",\"url\":\"https:\/\/jornalfatosenoticias.com.br\/\",\"name\":\"Jornal Fatos e Not\u00edcias\",\"description\":\"Not\u00edcias em geral\",\"publisher\":{\"@id\":\"https:\/\/jornalfatosenoticias.com.br\/#organization\"},\"potentialAction\":[{\"@type\":\"SearchAction\",\"target\":{\"@type\":\"EntryPoint\",\"urlTemplate\":\"https:\/\/jornalfatosenoticias.com.br\/?s={search_term_string}\"},\"query-input\":{\"@type\":\"PropertyValueSpecification\",\"valueRequired\":true,\"valueName\":\"search_term_string\"}}],\"inLanguage\":\"pt-BR\"},{\"@type\":\"Organization\",\"@id\":\"https:\/\/jornalfatosenoticias.com.br\/#organization\",\"name\":\"Jornal Fatos e Not\u00edcias\",\"url\":\"https:\/\/jornalfatosenoticias.com.br\/\",\"logo\":{\"@type\":\"ImageObject\",\"inLanguage\":\"pt-BR\",\"@id\":\"https:\/\/jornalfatosenoticias.com.br\/#\/schema\/logo\/image\/\",\"url\":\"https:\/\/jornalfatosenoticias.com.br\/wp-content\/uploads\/2020\/02\/logo120.png\",\"contentUrl\":\"https:\/\/jornalfatosenoticias.com.br\/wp-content\/uploads\/2020\/02\/logo120.png\",\"width\":1227,\"height\":120,\"caption\":\"Jornal Fatos e Not\u00edcias\"},\"image\":{\"@id\":\"https:\/\/jornalfatosenoticias.com.br\/#\/schema\/logo\/image\/\"}},{\"@type\":\"Person\",\"@id\":\"https:\/\/jornalfatosenoticias.com.br\/#\/schema\/person\/d63837fa13ac8666eb9e74e0985d6f81\",\"name\":\"Luzimara Fernandes\",\"image\":{\"@type\":\"ImageObject\",\"inLanguage\":\"pt-BR\",\"@id\":\"https:\/\/jornalfatosenoticias.com.br\/#\/schema\/person\/image\/\",\"url\":\"https:\/\/jornalfatosenoticias.com.br\/wp-content\/uploads\/2025\/05\/EU_portal.jpg\",\"contentUrl\":\"https:\/\/jornalfatosenoticias.com.br\/wp-content\/uploads\/2025\/05\/EU_portal.jpg\",\"caption\":\"Luzimara Fernandes\"},\"description\":\"Jornalista MTB 2358-ES\",\"sameAs\":[\"https:\/\/jornalfatosenoticias.com.br\"],\"url\":\"https:\/\/jornalfatosenoticias.com.br\/index.php\/author\/luzimara\/\"}]}<\/script>\n<!-- \/ Yoast SEO plugin. -->","yoast_head_json":{"title":"Cientistas querem recriar o cheiro da Europa do s\u00e9culo 16 - Jornal Fatos e Not\u00edcias","robots":{"index":"index","follow":"follow","max-snippet":"max-snippet:-1","max-image-preview":"max-image-preview:large","max-video-preview":"max-video-preview:-1"},"canonical":"https:\/\/jornalfatosenoticias.com.br\/index.php\/2020\/11\/26\/cientistas-querem-recriar-o-cheiro-da-europa-do-seculo-16\/","og_locale":"pt_BR","og_type":"article","og_title":"Cientistas querem recriar o cheiro da Europa do s\u00e9culo 16 - Jornal Fatos e Not\u00edcias","og_description":"Voc\u00ea consegue imaginar qual era o cheiro das cidades europeias do s\u00e9culo 16? Os cientistas acreditam que era uma mistura de tabaco, especiarias e pesticida, mas isso est\u00e1 sendo investigado e aprofundado. A ideia \u00e9, em breve, podermos dar uma fungada no cheirinho do passado.Para a empreitada, cientistas de diversas \u00e1reas, com ajuda de intelig\u00eancia [&hellip;]","og_url":"https:\/\/jornalfatosenoticias.com.br\/index.php\/2020\/11\/26\/cientistas-querem-recriar-o-cheiro-da-europa-do-seculo-16\/","og_site_name":"Jornal Fatos e Not\u00edcias","article_published_time":"2020-11-26T21:13:17+00:00","article_modified_time":"2020-11-26T21:13:22+00:00","og_image":[{"width":1000,"height":400,"url":"https:\/\/jornalfatosenoticias.com.br\/wp-content\/uploads\/2020\/11\/europa-sec.16.jpg","type":"image\/jpeg"}],"author":"Luzimara Fernandes","twitter_card":"summary_large_image","twitter_misc":{"Escrito por":"Luzimara Fernandes","Est. tempo de leitura":"2 minutos"},"schema":{"@context":"https:\/\/schema.org","@graph":[{"@type":"Article","@id":"https:\/\/jornalfatosenoticias.com.br\/index.php\/2020\/11\/26\/cientistas-querem-recriar-o-cheiro-da-europa-do-seculo-16\/#article","isPartOf":{"@id":"https:\/\/jornalfatosenoticias.com.br\/index.php\/2020\/11\/26\/cientistas-querem-recriar-o-cheiro-da-europa-do-seculo-16\/"},"author":{"name":"Luzimara Fernandes","@id":"https:\/\/jornalfatosenoticias.com.br\/#\/schema\/person\/d63837fa13ac8666eb9e74e0985d6f81"},"headline":"Cientistas querem recriar o cheiro da Europa do s\u00e9culo 16","datePublished":"2020-11-26T21:13:17+00:00","dateModified":"2020-11-26T21:13:22+00:00","mainEntityOfPage":{"@id":"https:\/\/jornalfatosenoticias.com.br\/index.php\/2020\/11\/26\/cientistas-querem-recriar-o-cheiro-da-europa-do-seculo-16\/"},"wordCount":448,"commentCount":0,"publisher":{"@id":"https:\/\/jornalfatosenoticias.com.br\/#organization"},"image":{"@id":"https:\/\/jornalfatosenoticias.com.br\/index.php\/2020\/11\/26\/cientistas-querem-recriar-o-cheiro-da-europa-do-seculo-16\/#primaryimage"},"thumbnailUrl":"https:\/\/jornalfatosenoticias.com.br\/wp-content\/uploads\/2020\/11\/europa-sec.16.jpg","keywords":["arom\u00e1tico","cheiro","Europa"],"articleSection":["Ci\u00eancia"],"inLanguage":"pt-BR","potentialAction":[{"@type":"CommentAction","name":"Comment","target":["https:\/\/jornalfatosenoticias.com.br\/index.php\/2020\/11\/26\/cientistas-querem-recriar-o-cheiro-da-europa-do-seculo-16\/#respond"]}]},{"@type":"WebPage","@id":"https:\/\/jornalfatosenoticias.com.br\/index.php\/2020\/11\/26\/cientistas-querem-recriar-o-cheiro-da-europa-do-seculo-16\/","url":"https:\/\/jornalfatosenoticias.com.br\/index.php\/2020\/11\/26\/cientistas-querem-recriar-o-cheiro-da-europa-do-seculo-16\/","name":"Cientistas querem recriar o cheiro da Europa do s\u00e9culo 16 - Jornal Fatos e Not\u00edcias","isPartOf":{"@id":"https:\/\/jornalfatosenoticias.com.br\/#website"},"primaryImageOfPage":{"@id":"https:\/\/jornalfatosenoticias.com.br\/index.php\/2020\/11\/26\/cientistas-querem-recriar-o-cheiro-da-europa-do-seculo-16\/#primaryimage"},"image":{"@id":"https:\/\/jornalfatosenoticias.com.br\/index.php\/2020\/11\/26\/cientistas-querem-recriar-o-cheiro-da-europa-do-seculo-16\/#primaryimage"},"thumbnailUrl":"https:\/\/jornalfatosenoticias.com.br\/wp-content\/uploads\/2020\/11\/europa-sec.16.jpg","datePublished":"2020-11-26T21:13:17+00:00","dateModified":"2020-11-26T21:13:22+00:00","breadcrumb":{"@id":"https:\/\/jornalfatosenoticias.com.br\/index.php\/2020\/11\/26\/cientistas-querem-recriar-o-cheiro-da-europa-do-seculo-16\/#breadcrumb"},"inLanguage":"pt-BR","potentialAction":[{"@type":"ReadAction","target":["https:\/\/jornalfatosenoticias.com.br\/index.php\/2020\/11\/26\/cientistas-querem-recriar-o-cheiro-da-europa-do-seculo-16\/"]}]},{"@type":"ImageObject","inLanguage":"pt-BR","@id":"https:\/\/jornalfatosenoticias.com.br\/index.php\/2020\/11\/26\/cientistas-querem-recriar-o-cheiro-da-europa-do-seculo-16\/#primaryimage","url":"https:\/\/jornalfatosenoticias.com.br\/wp-content\/uploads\/2020\/11\/europa-sec.16.jpg","contentUrl":"https:\/\/jornalfatosenoticias.com.br\/wp-content\/uploads\/2020\/11\/europa-sec.16.jpg","width":1000,"height":400},{"@type":"BreadcrumbList","@id":"https:\/\/jornalfatosenoticias.com.br\/index.php\/2020\/11\/26\/cientistas-querem-recriar-o-cheiro-da-europa-do-seculo-16\/#breadcrumb","itemListElement":[{"@type":"ListItem","position":1,"name":"In\u00edcio","item":"https:\/\/jornalfatosenoticias.com.br\/"},{"@type":"ListItem","position":2,"name":"Cientistas querem recriar o cheiro da Europa do s\u00e9culo 16"}]},{"@type":"WebSite","@id":"https:\/\/jornalfatosenoticias.com.br\/#website","url":"https:\/\/jornalfatosenoticias.com.br\/","name":"Jornal Fatos e Not\u00edcias","description":"Not\u00edcias em geral","publisher":{"@id":"https:\/\/jornalfatosenoticias.com.br\/#organization"},"potentialAction":[{"@type":"SearchAction","target":{"@type":"EntryPoint","urlTemplate":"https:\/\/jornalfatosenoticias.com.br\/?s={search_term_string}"},"query-input":{"@type":"PropertyValueSpecification","valueRequired":true,"valueName":"search_term_string"}}],"inLanguage":"pt-BR"},{"@type":"Organization","@id":"https:\/\/jornalfatosenoticias.com.br\/#organization","name":"Jornal Fatos e Not\u00edcias","url":"https:\/\/jornalfatosenoticias.com.br\/","logo":{"@type":"ImageObject","inLanguage":"pt-BR","@id":"https:\/\/jornalfatosenoticias.com.br\/#\/schema\/logo\/image\/","url":"https:\/\/jornalfatosenoticias.com.br\/wp-content\/uploads\/2020\/02\/logo120.png","contentUrl":"https:\/\/jornalfatosenoticias.com.br\/wp-content\/uploads\/2020\/02\/logo120.png","width":1227,"height":120,"caption":"Jornal Fatos e Not\u00edcias"},"image":{"@id":"https:\/\/jornalfatosenoticias.com.br\/#\/schema\/logo\/image\/"}},{"@type":"Person","@id":"https:\/\/jornalfatosenoticias.com.br\/#\/schema\/person\/d63837fa13ac8666eb9e74e0985d6f81","name":"Luzimara Fernandes","image":{"@type":"ImageObject","inLanguage":"pt-BR","@id":"https:\/\/jornalfatosenoticias.com.br\/#\/schema\/person\/image\/","url":"https:\/\/jornalfatosenoticias.com.br\/wp-content\/uploads\/2025\/05\/EU_portal.jpg","contentUrl":"https:\/\/jornalfatosenoticias.com.br\/wp-content\/uploads\/2025\/05\/EU_portal.jpg","caption":"Luzimara Fernandes"},"description":"Jornalista MTB 2358-ES","sameAs":["https:\/\/jornalfatosenoticias.com.br"],"url":"https:\/\/jornalfatosenoticias.com.br\/index.php\/author\/luzimara\/"}]}},"cc_featured_image_caption":{"caption_text":"(Foto: Schweiger & Partners)","source_text":"","source_url":""},"jetpack_featured_media_url":"https:\/\/jornalfatosenoticias.com.br\/wp-content\/uploads\/2020\/11\/europa-sec.16.jpg","_links":{"self":[{"href":"https:\/\/jornalfatosenoticias.com.br\/index.php\/wp-json\/wp\/v2\/posts\/11726","targetHints":{"allow":["GET"]}}],"collection":[{"href":"https:\/\/jornalfatosenoticias.com.br\/index.php\/wp-json\/wp\/v2\/posts"}],"about":[{"href":"https:\/\/jornalfatosenoticias.com.br\/index.php\/wp-json\/wp\/v2\/types\/post"}],"author":[{"embeddable":true,"href":"https:\/\/jornalfatosenoticias.com.br\/index.php\/wp-json\/wp\/v2\/users\/2"}],"replies":[{"embeddable":true,"href":"https:\/\/jornalfatosenoticias.com.br\/index.php\/wp-json\/wp\/v2\/comments?post=11726"}],"version-history":[{"count":0,"href":"https:\/\/jornalfatosenoticias.com.br\/index.php\/wp-json\/wp\/v2\/posts\/11726\/revisions"}],"wp:featuredmedia":[{"embeddable":true,"href":"https:\/\/jornalfatosenoticias.com.br\/index.php\/wp-json\/wp\/v2\/media\/11728"}],"wp:attachment":[{"href":"https:\/\/jornalfatosenoticias.com.br\/index.php\/wp-json\/wp\/v2\/media?parent=11726"}],"wp:term":[{"taxonomy":"category","embeddable":true,"href":"https:\/\/jornalfatosenoticias.com.br\/index.php\/wp-json\/wp\/v2\/categories?post=11726"},{"taxonomy":"post_tag","embeddable":true,"href":"https:\/\/jornalfatosenoticias.com.br\/index.php\/wp-json\/wp\/v2\/tags?post=11726"}],"curies":[{"name":"wp","href":"https:\/\/api.w.org\/{rel}","templated":true}]}}