{"id":11756,"date":"2020-11-26T18:47:14","date_gmt":"2020-11-26T21:47:14","guid":{"rendered":"https:\/\/jornalfatosenoticias.com.br\/?p=11756"},"modified":"2020-11-26T18:47:19","modified_gmt":"2020-11-26T21:47:19","slug":"temos-de-romper-com-o-discurso-de-que-cota-e-esmola-diz-aluna-negra-do-mestrado","status":"publish","type":"post","link":"https:\/\/jornalfatosenoticias.com.br\/index.php\/2020\/11\/26\/temos-de-romper-com-o-discurso-de-que-cota-e-esmola-diz-aluna-negra-do-mestrado\/","title":{"rendered":"Temos de romper com o discurso de que cota \u00e9 esmola, diz aluna negra do mestrado"},"content":{"rendered":"\n<p>Ser aprovado em sele\u00e7\u00f5es concorridas, conduzir a pesquisa e entregar a disserta\u00e7\u00e3o s\u00e3o apenas uma parte do desafio de alunos negros na universidade. Muitos deles contam que tamb\u00e9m \u00e9 preciso lidar com preconceito e desconfian\u00e7a, ainda motivados pelo discurso de que ocupam uma vaga sem merecer. &#8220;A a\u00e7\u00e3o afirmativa \u00e9 um direito, n\u00e3o um favor. N\u00e3o entrei pela porta dos fundos da universidade&#8221;, diz Paulina Gon\u00e7alves, de 51 anos, que ingressou por cota no mestrado em Educa\u00e7\u00e3o da Universidade Federal do Rio Grande do Sul (UFRGS) em 2019.<br>Com as cotas, pela primeira vez, em 2018, universidades p\u00fablicas tiveram mais da metade (50,3%) de negros na gradua\u00e7\u00e3o. J\u00e1 em mestrados e doutorados, o desn\u00edvel \u00e9 maior. Segundo balan\u00e7o de 2019 da Capes, \u00f3rg\u00e3o do Minist\u00e9rio da Educa\u00e7\u00e3o (MEC) que cuida desses cursos, s\u00f3 29% dos alunos de p\u00f3s-gradua\u00e7\u00e3o eram pretos ou pardos, considerando os estudantes com dados dispon\u00edveis. Segundo o IBGE, 55,4% da popula\u00e7\u00e3o brasileira \u00e9 negra.<br>Com o objetivo de ter mais diversidade na pesquisa, a\u00e7\u00f5es afirmativas tamb\u00e9m avan\u00e7am em mestrados e doutorados. Ao menos 31 das 69 universidades federais t\u00eam normas gerais de reserva de vagas para negros em seus programas de p\u00f3s, entre elas a de S\u00e3o Paulo (Unifesp), a de Bras\u00edlia (UnB) e a de Minas (UFMG).<br>Formada em Servi\u00e7o Social, com experi\u00eancia em pastorais sociais e com moradores de rua, Paulina voltou \u00e0 sala de aula ap\u00f3s 16 anos afastada da universidade. Segundo ela, a discrimina\u00e7\u00e3o no ambiente acad\u00eamico \u00e9 mais velada. &#8220;Voc\u00ea percebe alguma tens\u00e3o. Ser\u00e1 que esse aluno n\u00e3o vai baixar o n\u00edvel? \u00c9 sutil.&#8221;<br>E isso afeta a autoestima dos colegas, conta a estudante. &#8220;Tenho ouvido de alguns sobre certo receio de dizer que entraram por a\u00e7\u00e3o afirmativa. Temos de romper com esse discurso de que cota \u00e9 esmola&#8221;, defende. Na UFRGS, n\u00e3o h\u00e1 uma regra geral para reserva de vagas e a cria\u00e7\u00e3o de uma regulamenta\u00e7\u00e3o \u00fanica est\u00e1 em debate na institui\u00e7\u00e3o. Dos 92 programas de p\u00f3s, 18 t\u00eam algum tipo de a\u00e7\u00e3o afirmativa, conforme levantamento feito pela universidade em setembro.<br>Com uma trajet\u00f3ria acad\u00eamica que come\u00e7ou pelas cotas na Universidade de Bras\u00edlia (UnB) e foi at\u00e9 o Imperial College, de Londres, e Yale, nos Estados Unidos, o virologista Anderson Brito tamb\u00e9m reconhece o peso que tem o discurso de desqualifica\u00e7\u00e3o dos cotistas. &#8220;Quando passei no vestibular, toda narrativa da falta de m\u00e9rito roubou um pouco meu sentimento de vit\u00f3ria no in\u00edcio&#8221;, lembra. &#8220;Por dois semestres, eu andava com meu boletim na mochila. Se algu\u00e9m viesse questionar meu desempenho, eu teria aquilo como um escudo&#8221;, afirma ele, de 35 anos, hoje no p\u00f3s-doutorado e envolvido em pesquisas sobre a pandemia da covid-19.<br>Reservar parte das vagas no edital do processo seletivo n\u00e3o \u00e9 suficiente. H\u00e1 o desafio de garantir o acesso de alunos mais pobres e, depois, que tenham condi\u00e7\u00f5es de continuar estudando. Paulina, por exemplo, conseguiu a vaga no mestrado ap\u00f3s cursar um preparat\u00f3rio para a p\u00f3s-gradua\u00e7\u00e3o oferecido pela pr\u00f3pria universidade. &#8220;Antes, parecia coisa do outro mundo. O curso desmistifica, ao mesmo tempo em que nos d\u00e1 informa\u00e7\u00f5es&#8221;, diz ela.<br>Uma diferen\u00e7a em rela\u00e7\u00e3o aos cotistas da gradua\u00e7\u00e3o \u00e9 que muitos estudantes, com o diploma universit\u00e1rio nas m\u00e3os, veem no mercado chance maior de renda do que na vida acad\u00eamica, em que as bolsas de pesquisa pagam pouco e nem todos conseguem esse aux\u00edlio. Esses aux\u00edlios costumam ser distribu\u00eddas conforme o desempenho nos processos seletivos. Assim, alunos que mais precisam, do ponto de vista financeiro, podem ficar sem apoio. &#8220;A perman\u00eancia depende de bolsa. E a bolsa depende de or\u00e7amento&#8221;, diz Charles Morphy, coordenador do Col\u00e9gio de Pr\u00f3-reitores de Pesquisa, P\u00f3s-gradua\u00e7\u00e3o e Inova\u00e7\u00e3o das institui\u00e7\u00f5es federais de ensino. Segundo ele, com os cortes de verba nos \u00faltimos anos, diminui a capacidade de as universidades oferecerem aux\u00edlio.<\/p>\n\n\n\n<blockquote class=\"wp-block-quote is-layout-flow wp-block-quote-is-layout-flow\"><p>&#8220;Alguns programas de p\u00f3s-gradua\u00e7\u00e3o fazem uma prioriza\u00e7\u00e3o de bolsas para os cotistas tamb\u00e9m&#8221;, diz Maria M\u00e1rcia Bachion, pr\u00f3-reitora adjunta de P\u00f3s-Gradua\u00e7\u00e3o da Universidade Federal de Goi\u00e1s (UFG), a primeira federal do Pa\u00eds a adotar uma regra geral de cotas na p\u00f3s-gradua\u00e7\u00e3o, em 2015. <\/p><\/blockquote>\n\n\n\n<figure class=\"wp-block-image size-large\"><img loading=\"lazy\" decoding=\"async\" width=\"1000\" height=\"562\" src=\"https:\/\/jornalfatosenoticias.com.br\/wp-content\/uploads\/2020\/11\/Temos-de-romper-com-o-discurso-de-que-cota-e-esmola.jpg\" alt=\"\" class=\"wp-image-11758\" srcset=\"https:\/\/jornalfatosenoticias.com.br\/wp-content\/uploads\/2020\/11\/Temos-de-romper-com-o-discurso-de-que-cota-e-esmola.jpg 1000w, https:\/\/jornalfatosenoticias.com.br\/wp-content\/uploads\/2020\/11\/Temos-de-romper-com-o-discurso-de-que-cota-e-esmola-300x169.jpg 300w, https:\/\/jornalfatosenoticias.com.br\/wp-content\/uploads\/2020\/11\/Temos-de-romper-com-o-discurso-de-que-cota-e-esmola-768x432.jpg 768w\" sizes=\"auto, (max-width: 1000px) 100vw, 1000px\" \/><figcaption><em>Anderson Brito (Foto: Estad\u00e3o Conte\u00fado)<\/em><\/figcaption><\/figure>\n\n\n\n<p>&#8220;A bolsa \u00e9 uma ajuda, mas quando a pessoa tem dificuldades financeiras, esse montante \u00e9 muito insuficiente&#8221;. Os aux\u00edlios da Capes para mestrado e doutorado s\u00e3o de R$ 1,5 mil e R$ 2,2 mil mensais, respectivamente. Os valores n\u00e3o s\u00e3o reajustados desde 2012.<br>Procurada, a Capes, ag\u00eancia do Minist\u00e9rio da Educa\u00e7\u00e3o (MEC) respons\u00e1vel pela p\u00f3s-gradua\u00e7\u00e3o, informou que as a\u00e7\u00f5es de apoio a estudantes de mestrado e doutorado s\u00e3o de responsabilidade direta das institui\u00e7\u00f5es. Entre outras medidas tomadas pelas universidades para a perman\u00eancia, foi estender o direito ao restaurante universit\u00e1rio e \u00e0 moradia estudantil aos alunos de mestrado e doutorado.<\/p>\n\n\n\n<p><strong><em>Fonte: <a href=\"https:\/\/www.msn.com\/pt-br\/noticias\/educacao\/temos-de-romper-com-o-discurso-de-que-cota-%C3%A9-esmola-diz-aluna-negra-do-mestrado\/ar-BB1bcQ16#:~:text=topless%20e%20posa%E2%80%A6-,Temos%20de%20romper%20com%20o%20discurso%20de%20que%20cota%20%C3%A9,diz%20aluna%20negra%20do%20mestrado&amp;text=Segundo%20balan%C3%A7o%20de%202019%20da,os%20estudantes%20com%20dados%20dispon%C3%ADveis.\">MSN Not\u00edcias<\/a><\/em><\/strong><\/p>\n","protected":false},"excerpt":{"rendered":"<p>Ser aprovado em sele\u00e7\u00f5es concorridas, conduzir a pesquisa e entregar a disserta\u00e7\u00e3o s\u00e3o apenas uma parte do desafio de alunos negros na universidade. Muitos deles contam que tamb\u00e9m \u00e9 preciso lidar com preconceito e desconfian\u00e7a, ainda motivados pelo discurso de que ocupam uma vaga sem merecer. &#8220;A a\u00e7\u00e3o afirmativa \u00e9 um direito, n\u00e3o um favor. [&hellip;]<\/p>\n","protected":false},"author":2,"featured_media":11757,"comment_status":"open","ping_status":"open","sticky":false,"template":"","format":"standard","meta":{"footnotes":""},"categories":[7],"tags":[6162,6163,1148],"class_list":["post-11756","post","type-post","status-publish","format-standard","has-post-thumbnail","hentry","category-educacao","tag-cotas-raciais","tag-esmola","tag-preconceito"],"yoast_head":"<!-- This site is optimized with the Yoast SEO plugin v26.5 - https:\/\/yoast.com\/wordpress\/plugins\/seo\/ -->\n<title>Temos de romper com o discurso de que cota \u00e9 esmola, diz aluna negra do mestrado - Jornal Fatos e Not\u00edcias<\/title>\n<meta name=\"robots\" content=\"index, follow, max-snippet:-1, max-image-preview:large, max-video-preview:-1\" \/>\n<link rel=\"canonical\" href=\"https:\/\/jornalfatosenoticias.com.br\/index.php\/2020\/11\/26\/temos-de-romper-com-o-discurso-de-que-cota-e-esmola-diz-aluna-negra-do-mestrado\/\" \/>\n<meta property=\"og:locale\" content=\"pt_BR\" \/>\n<meta property=\"og:type\" content=\"article\" \/>\n<meta property=\"og:title\" content=\"Temos de romper com o discurso de que cota \u00e9 esmola, diz aluna negra do mestrado - Jornal Fatos e Not\u00edcias\" \/>\n<meta property=\"og:description\" content=\"Ser aprovado em sele\u00e7\u00f5es concorridas, conduzir a pesquisa e entregar a disserta\u00e7\u00e3o s\u00e3o apenas uma parte do desafio de alunos negros na universidade. Muitos deles contam que tamb\u00e9m \u00e9 preciso lidar com preconceito e desconfian\u00e7a, ainda motivados pelo discurso de que ocupam uma vaga sem merecer. &#8220;A a\u00e7\u00e3o afirmativa \u00e9 um direito, n\u00e3o um favor. [&hellip;]\" \/>\n<meta property=\"og:url\" content=\"https:\/\/jornalfatosenoticias.com.br\/index.php\/2020\/11\/26\/temos-de-romper-com-o-discurso-de-que-cota-e-esmola-diz-aluna-negra-do-mestrado\/\" \/>\n<meta property=\"og:site_name\" content=\"Jornal Fatos e Not\u00edcias\" \/>\n<meta property=\"article:published_time\" content=\"2020-11-26T21:47:14+00:00\" \/>\n<meta property=\"article:modified_time\" content=\"2020-11-26T21:47:19+00:00\" \/>\n<meta property=\"og:image\" content=\"https:\/\/jornalfatosenoticias.com.br\/wp-content\/uploads\/2020\/11\/Temos-de-romper-com-o-discurso-de-que-cota-e-esmola-diz-aluna-negra-do-mestrado.jpg\" \/>\n\t<meta property=\"og:image:width\" content=\"1000\" \/>\n\t<meta property=\"og:image:height\" content=\"1000\" \/>\n\t<meta property=\"og:image:type\" content=\"image\/jpeg\" \/>\n<meta name=\"author\" content=\"Luzimara Fernandes\" \/>\n<meta name=\"twitter:card\" content=\"summary_large_image\" \/>\n<meta name=\"twitter:label1\" content=\"Escrito por\" \/>\n\t<meta name=\"twitter:data1\" content=\"Luzimara Fernandes\" \/>\n\t<meta name=\"twitter:label2\" content=\"Est. tempo de leitura\" \/>\n\t<meta name=\"twitter:data2\" content=\"4 minutos\" \/>\n<script type=\"application\/ld+json\" class=\"yoast-schema-graph\">{\"@context\":\"https:\/\/schema.org\",\"@graph\":[{\"@type\":\"Article\",\"@id\":\"https:\/\/jornalfatosenoticias.com.br\/index.php\/2020\/11\/26\/temos-de-romper-com-o-discurso-de-que-cota-e-esmola-diz-aluna-negra-do-mestrado\/#article\",\"isPartOf\":{\"@id\":\"https:\/\/jornalfatosenoticias.com.br\/index.php\/2020\/11\/26\/temos-de-romper-com-o-discurso-de-que-cota-e-esmola-diz-aluna-negra-do-mestrado\/\"},\"author\":{\"name\":\"Luzimara Fernandes\",\"@id\":\"https:\/\/jornalfatosenoticias.com.br\/#\/schema\/person\/d63837fa13ac8666eb9e74e0985d6f81\"},\"headline\":\"Temos de romper com o discurso de que cota \u00e9 esmola, diz aluna negra do mestrado\",\"datePublished\":\"2020-11-26T21:47:14+00:00\",\"dateModified\":\"2020-11-26T21:47:19+00:00\",\"mainEntityOfPage\":{\"@id\":\"https:\/\/jornalfatosenoticias.com.br\/index.php\/2020\/11\/26\/temos-de-romper-com-o-discurso-de-que-cota-e-esmola-diz-aluna-negra-do-mestrado\/\"},\"wordCount\":872,\"commentCount\":0,\"publisher\":{\"@id\":\"https:\/\/jornalfatosenoticias.com.br\/#organization\"},\"image\":{\"@id\":\"https:\/\/jornalfatosenoticias.com.br\/index.php\/2020\/11\/26\/temos-de-romper-com-o-discurso-de-que-cota-e-esmola-diz-aluna-negra-do-mestrado\/#primaryimage\"},\"thumbnailUrl\":\"https:\/\/jornalfatosenoticias.com.br\/wp-content\/uploads\/2020\/11\/Temos-de-romper-com-o-discurso-de-que-cota-e-esmola-diz-aluna-negra-do-mestrado.jpg\",\"keywords\":[\"cotas raciais\",\"esmola\",\"preconceito\"],\"articleSection\":[\"Educa\u00e7\u00e3o\"],\"inLanguage\":\"pt-BR\",\"potentialAction\":[{\"@type\":\"CommentAction\",\"name\":\"Comment\",\"target\":[\"https:\/\/jornalfatosenoticias.com.br\/index.php\/2020\/11\/26\/temos-de-romper-com-o-discurso-de-que-cota-e-esmola-diz-aluna-negra-do-mestrado\/#respond\"]}]},{\"@type\":\"WebPage\",\"@id\":\"https:\/\/jornalfatosenoticias.com.br\/index.php\/2020\/11\/26\/temos-de-romper-com-o-discurso-de-que-cota-e-esmola-diz-aluna-negra-do-mestrado\/\",\"url\":\"https:\/\/jornalfatosenoticias.com.br\/index.php\/2020\/11\/26\/temos-de-romper-com-o-discurso-de-que-cota-e-esmola-diz-aluna-negra-do-mestrado\/\",\"name\":\"Temos de romper com o discurso de que cota \u00e9 esmola, diz aluna negra do mestrado - Jornal Fatos e Not\u00edcias\",\"isPartOf\":{\"@id\":\"https:\/\/jornalfatosenoticias.com.br\/#website\"},\"primaryImageOfPage\":{\"@id\":\"https:\/\/jornalfatosenoticias.com.br\/index.php\/2020\/11\/26\/temos-de-romper-com-o-discurso-de-que-cota-e-esmola-diz-aluna-negra-do-mestrado\/#primaryimage\"},\"image\":{\"@id\":\"https:\/\/jornalfatosenoticias.com.br\/index.php\/2020\/11\/26\/temos-de-romper-com-o-discurso-de-que-cota-e-esmola-diz-aluna-negra-do-mestrado\/#primaryimage\"},\"thumbnailUrl\":\"https:\/\/jornalfatosenoticias.com.br\/wp-content\/uploads\/2020\/11\/Temos-de-romper-com-o-discurso-de-que-cota-e-esmola-diz-aluna-negra-do-mestrado.jpg\",\"datePublished\":\"2020-11-26T21:47:14+00:00\",\"dateModified\":\"2020-11-26T21:47:19+00:00\",\"breadcrumb\":{\"@id\":\"https:\/\/jornalfatosenoticias.com.br\/index.php\/2020\/11\/26\/temos-de-romper-com-o-discurso-de-que-cota-e-esmola-diz-aluna-negra-do-mestrado\/#breadcrumb\"},\"inLanguage\":\"pt-BR\",\"potentialAction\":[{\"@type\":\"ReadAction\",\"target\":[\"https:\/\/jornalfatosenoticias.com.br\/index.php\/2020\/11\/26\/temos-de-romper-com-o-discurso-de-que-cota-e-esmola-diz-aluna-negra-do-mestrado\/\"]}]},{\"@type\":\"ImageObject\",\"inLanguage\":\"pt-BR\",\"@id\":\"https:\/\/jornalfatosenoticias.com.br\/index.php\/2020\/11\/26\/temos-de-romper-com-o-discurso-de-que-cota-e-esmola-diz-aluna-negra-do-mestrado\/#primaryimage\",\"url\":\"https:\/\/jornalfatosenoticias.com.br\/wp-content\/uploads\/2020\/11\/Temos-de-romper-com-o-discurso-de-que-cota-e-esmola-diz-aluna-negra-do-mestrado.jpg\",\"contentUrl\":\"https:\/\/jornalfatosenoticias.com.br\/wp-content\/uploads\/2020\/11\/Temos-de-romper-com-o-discurso-de-que-cota-e-esmola-diz-aluna-negra-do-mestrado.jpg\",\"width\":1000,\"height\":1000},{\"@type\":\"BreadcrumbList\",\"@id\":\"https:\/\/jornalfatosenoticias.com.br\/index.php\/2020\/11\/26\/temos-de-romper-com-o-discurso-de-que-cota-e-esmola-diz-aluna-negra-do-mestrado\/#breadcrumb\",\"itemListElement\":[{\"@type\":\"ListItem\",\"position\":1,\"name\":\"In\u00edcio\",\"item\":\"https:\/\/jornalfatosenoticias.com.br\/\"},{\"@type\":\"ListItem\",\"position\":2,\"name\":\"Temos de romper com o discurso de que cota \u00e9 esmola, diz aluna negra do mestrado\"}]},{\"@type\":\"WebSite\",\"@id\":\"https:\/\/jornalfatosenoticias.com.br\/#website\",\"url\":\"https:\/\/jornalfatosenoticias.com.br\/\",\"name\":\"Jornal Fatos e Not\u00edcias\",\"description\":\"Not\u00edcias em geral\",\"publisher\":{\"@id\":\"https:\/\/jornalfatosenoticias.com.br\/#organization\"},\"potentialAction\":[{\"@type\":\"SearchAction\",\"target\":{\"@type\":\"EntryPoint\",\"urlTemplate\":\"https:\/\/jornalfatosenoticias.com.br\/?s={search_term_string}\"},\"query-input\":{\"@type\":\"PropertyValueSpecification\",\"valueRequired\":true,\"valueName\":\"search_term_string\"}}],\"inLanguage\":\"pt-BR\"},{\"@type\":\"Organization\",\"@id\":\"https:\/\/jornalfatosenoticias.com.br\/#organization\",\"name\":\"Jornal Fatos e Not\u00edcias\",\"url\":\"https:\/\/jornalfatosenoticias.com.br\/\",\"logo\":{\"@type\":\"ImageObject\",\"inLanguage\":\"pt-BR\",\"@id\":\"https:\/\/jornalfatosenoticias.com.br\/#\/schema\/logo\/image\/\",\"url\":\"https:\/\/jornalfatosenoticias.com.br\/wp-content\/uploads\/2020\/02\/logo120.png\",\"contentUrl\":\"https:\/\/jornalfatosenoticias.com.br\/wp-content\/uploads\/2020\/02\/logo120.png\",\"width\":1227,\"height\":120,\"caption\":\"Jornal Fatos e Not\u00edcias\"},\"image\":{\"@id\":\"https:\/\/jornalfatosenoticias.com.br\/#\/schema\/logo\/image\/\"}},{\"@type\":\"Person\",\"@id\":\"https:\/\/jornalfatosenoticias.com.br\/#\/schema\/person\/d63837fa13ac8666eb9e74e0985d6f81\",\"name\":\"Luzimara Fernandes\",\"image\":{\"@type\":\"ImageObject\",\"inLanguage\":\"pt-BR\",\"@id\":\"https:\/\/jornalfatosenoticias.com.br\/#\/schema\/person\/image\/\",\"url\":\"https:\/\/jornalfatosenoticias.com.br\/wp-content\/uploads\/2025\/05\/EU_portal.jpg\",\"contentUrl\":\"https:\/\/jornalfatosenoticias.com.br\/wp-content\/uploads\/2025\/05\/EU_portal.jpg\",\"caption\":\"Luzimara Fernandes\"},\"description\":\"Jornalista MTB 2358-ES\",\"sameAs\":[\"https:\/\/jornalfatosenoticias.com.br\"],\"url\":\"https:\/\/jornalfatosenoticias.com.br\/index.php\/author\/luzimara\/\"}]}<\/script>\n<!-- \/ Yoast SEO plugin. -->","yoast_head_json":{"title":"Temos de romper com o discurso de que cota \u00e9 esmola, diz aluna negra do mestrado - Jornal Fatos e Not\u00edcias","robots":{"index":"index","follow":"follow","max-snippet":"max-snippet:-1","max-image-preview":"max-image-preview:large","max-video-preview":"max-video-preview:-1"},"canonical":"https:\/\/jornalfatosenoticias.com.br\/index.php\/2020\/11\/26\/temos-de-romper-com-o-discurso-de-que-cota-e-esmola-diz-aluna-negra-do-mestrado\/","og_locale":"pt_BR","og_type":"article","og_title":"Temos de romper com o discurso de que cota \u00e9 esmola, diz aluna negra do mestrado - Jornal Fatos e Not\u00edcias","og_description":"Ser aprovado em sele\u00e7\u00f5es concorridas, conduzir a pesquisa e entregar a disserta\u00e7\u00e3o s\u00e3o apenas uma parte do desafio de alunos negros na universidade. Muitos deles contam que tamb\u00e9m \u00e9 preciso lidar com preconceito e desconfian\u00e7a, ainda motivados pelo discurso de que ocupam uma vaga sem merecer. &#8220;A a\u00e7\u00e3o afirmativa \u00e9 um direito, n\u00e3o um favor. [&hellip;]","og_url":"https:\/\/jornalfatosenoticias.com.br\/index.php\/2020\/11\/26\/temos-de-romper-com-o-discurso-de-que-cota-e-esmola-diz-aluna-negra-do-mestrado\/","og_site_name":"Jornal Fatos e Not\u00edcias","article_published_time":"2020-11-26T21:47:14+00:00","article_modified_time":"2020-11-26T21:47:19+00:00","og_image":[{"width":1000,"height":1000,"url":"https:\/\/jornalfatosenoticias.com.br\/wp-content\/uploads\/2020\/11\/Temos-de-romper-com-o-discurso-de-que-cota-e-esmola-diz-aluna-negra-do-mestrado.jpg","type":"image\/jpeg"}],"author":"Luzimara Fernandes","twitter_card":"summary_large_image","twitter_misc":{"Escrito por":"Luzimara Fernandes","Est. tempo de leitura":"4 minutos"},"schema":{"@context":"https:\/\/schema.org","@graph":[{"@type":"Article","@id":"https:\/\/jornalfatosenoticias.com.br\/index.php\/2020\/11\/26\/temos-de-romper-com-o-discurso-de-que-cota-e-esmola-diz-aluna-negra-do-mestrado\/#article","isPartOf":{"@id":"https:\/\/jornalfatosenoticias.com.br\/index.php\/2020\/11\/26\/temos-de-romper-com-o-discurso-de-que-cota-e-esmola-diz-aluna-negra-do-mestrado\/"},"author":{"name":"Luzimara Fernandes","@id":"https:\/\/jornalfatosenoticias.com.br\/#\/schema\/person\/d63837fa13ac8666eb9e74e0985d6f81"},"headline":"Temos de romper com o discurso de que cota \u00e9 esmola, diz aluna negra do mestrado","datePublished":"2020-11-26T21:47:14+00:00","dateModified":"2020-11-26T21:47:19+00:00","mainEntityOfPage":{"@id":"https:\/\/jornalfatosenoticias.com.br\/index.php\/2020\/11\/26\/temos-de-romper-com-o-discurso-de-que-cota-e-esmola-diz-aluna-negra-do-mestrado\/"},"wordCount":872,"commentCount":0,"publisher":{"@id":"https:\/\/jornalfatosenoticias.com.br\/#organization"},"image":{"@id":"https:\/\/jornalfatosenoticias.com.br\/index.php\/2020\/11\/26\/temos-de-romper-com-o-discurso-de-que-cota-e-esmola-diz-aluna-negra-do-mestrado\/#primaryimage"},"thumbnailUrl":"https:\/\/jornalfatosenoticias.com.br\/wp-content\/uploads\/2020\/11\/Temos-de-romper-com-o-discurso-de-que-cota-e-esmola-diz-aluna-negra-do-mestrado.jpg","keywords":["cotas raciais","esmola","preconceito"],"articleSection":["Educa\u00e7\u00e3o"],"inLanguage":"pt-BR","potentialAction":[{"@type":"CommentAction","name":"Comment","target":["https:\/\/jornalfatosenoticias.com.br\/index.php\/2020\/11\/26\/temos-de-romper-com-o-discurso-de-que-cota-e-esmola-diz-aluna-negra-do-mestrado\/#respond"]}]},{"@type":"WebPage","@id":"https:\/\/jornalfatosenoticias.com.br\/index.php\/2020\/11\/26\/temos-de-romper-com-o-discurso-de-que-cota-e-esmola-diz-aluna-negra-do-mestrado\/","url":"https:\/\/jornalfatosenoticias.com.br\/index.php\/2020\/11\/26\/temos-de-romper-com-o-discurso-de-que-cota-e-esmola-diz-aluna-negra-do-mestrado\/","name":"Temos de romper com o discurso de que cota \u00e9 esmola, diz aluna negra do mestrado - Jornal Fatos e Not\u00edcias","isPartOf":{"@id":"https:\/\/jornalfatosenoticias.com.br\/#website"},"primaryImageOfPage":{"@id":"https:\/\/jornalfatosenoticias.com.br\/index.php\/2020\/11\/26\/temos-de-romper-com-o-discurso-de-que-cota-e-esmola-diz-aluna-negra-do-mestrado\/#primaryimage"},"image":{"@id":"https:\/\/jornalfatosenoticias.com.br\/index.php\/2020\/11\/26\/temos-de-romper-com-o-discurso-de-que-cota-e-esmola-diz-aluna-negra-do-mestrado\/#primaryimage"},"thumbnailUrl":"https:\/\/jornalfatosenoticias.com.br\/wp-content\/uploads\/2020\/11\/Temos-de-romper-com-o-discurso-de-que-cota-e-esmola-diz-aluna-negra-do-mestrado.jpg","datePublished":"2020-11-26T21:47:14+00:00","dateModified":"2020-11-26T21:47:19+00:00","breadcrumb":{"@id":"https:\/\/jornalfatosenoticias.com.br\/index.php\/2020\/11\/26\/temos-de-romper-com-o-discurso-de-que-cota-e-esmola-diz-aluna-negra-do-mestrado\/#breadcrumb"},"inLanguage":"pt-BR","potentialAction":[{"@type":"ReadAction","target":["https:\/\/jornalfatosenoticias.com.br\/index.php\/2020\/11\/26\/temos-de-romper-com-o-discurso-de-que-cota-e-esmola-diz-aluna-negra-do-mestrado\/"]}]},{"@type":"ImageObject","inLanguage":"pt-BR","@id":"https:\/\/jornalfatosenoticias.com.br\/index.php\/2020\/11\/26\/temos-de-romper-com-o-discurso-de-que-cota-e-esmola-diz-aluna-negra-do-mestrado\/#primaryimage","url":"https:\/\/jornalfatosenoticias.com.br\/wp-content\/uploads\/2020\/11\/Temos-de-romper-com-o-discurso-de-que-cota-e-esmola-diz-aluna-negra-do-mestrado.jpg","contentUrl":"https:\/\/jornalfatosenoticias.com.br\/wp-content\/uploads\/2020\/11\/Temos-de-romper-com-o-discurso-de-que-cota-e-esmola-diz-aluna-negra-do-mestrado.jpg","width":1000,"height":1000},{"@type":"BreadcrumbList","@id":"https:\/\/jornalfatosenoticias.com.br\/index.php\/2020\/11\/26\/temos-de-romper-com-o-discurso-de-que-cota-e-esmola-diz-aluna-negra-do-mestrado\/#breadcrumb","itemListElement":[{"@type":"ListItem","position":1,"name":"In\u00edcio","item":"https:\/\/jornalfatosenoticias.com.br\/"},{"@type":"ListItem","position":2,"name":"Temos de romper com o discurso de que cota \u00e9 esmola, diz aluna negra do mestrado"}]},{"@type":"WebSite","@id":"https:\/\/jornalfatosenoticias.com.br\/#website","url":"https:\/\/jornalfatosenoticias.com.br\/","name":"Jornal Fatos e Not\u00edcias","description":"Not\u00edcias em geral","publisher":{"@id":"https:\/\/jornalfatosenoticias.com.br\/#organization"},"potentialAction":[{"@type":"SearchAction","target":{"@type":"EntryPoint","urlTemplate":"https:\/\/jornalfatosenoticias.com.br\/?s={search_term_string}"},"query-input":{"@type":"PropertyValueSpecification","valueRequired":true,"valueName":"search_term_string"}}],"inLanguage":"pt-BR"},{"@type":"Organization","@id":"https:\/\/jornalfatosenoticias.com.br\/#organization","name":"Jornal Fatos e Not\u00edcias","url":"https:\/\/jornalfatosenoticias.com.br\/","logo":{"@type":"ImageObject","inLanguage":"pt-BR","@id":"https:\/\/jornalfatosenoticias.com.br\/#\/schema\/logo\/image\/","url":"https:\/\/jornalfatosenoticias.com.br\/wp-content\/uploads\/2020\/02\/logo120.png","contentUrl":"https:\/\/jornalfatosenoticias.com.br\/wp-content\/uploads\/2020\/02\/logo120.png","width":1227,"height":120,"caption":"Jornal Fatos e Not\u00edcias"},"image":{"@id":"https:\/\/jornalfatosenoticias.com.br\/#\/schema\/logo\/image\/"}},{"@type":"Person","@id":"https:\/\/jornalfatosenoticias.com.br\/#\/schema\/person\/d63837fa13ac8666eb9e74e0985d6f81","name":"Luzimara Fernandes","image":{"@type":"ImageObject","inLanguage":"pt-BR","@id":"https:\/\/jornalfatosenoticias.com.br\/#\/schema\/person\/image\/","url":"https:\/\/jornalfatosenoticias.com.br\/wp-content\/uploads\/2025\/05\/EU_portal.jpg","contentUrl":"https:\/\/jornalfatosenoticias.com.br\/wp-content\/uploads\/2025\/05\/EU_portal.jpg","caption":"Luzimara Fernandes"},"description":"Jornalista MTB 2358-ES","sameAs":["https:\/\/jornalfatosenoticias.com.br"],"url":"https:\/\/jornalfatosenoticias.com.br\/index.php\/author\/luzimara\/"}]}},"cc_featured_image_caption":{"caption_text":"(Foto: Estad\u00e3o Conte\u00fado) ","source_text":"","source_url":""},"jetpack_featured_media_url":"https:\/\/jornalfatosenoticias.com.br\/wp-content\/uploads\/2020\/11\/Temos-de-romper-com-o-discurso-de-que-cota-e-esmola-diz-aluna-negra-do-mestrado.jpg","_links":{"self":[{"href":"https:\/\/jornalfatosenoticias.com.br\/index.php\/wp-json\/wp\/v2\/posts\/11756","targetHints":{"allow":["GET"]}}],"collection":[{"href":"https:\/\/jornalfatosenoticias.com.br\/index.php\/wp-json\/wp\/v2\/posts"}],"about":[{"href":"https:\/\/jornalfatosenoticias.com.br\/index.php\/wp-json\/wp\/v2\/types\/post"}],"author":[{"embeddable":true,"href":"https:\/\/jornalfatosenoticias.com.br\/index.php\/wp-json\/wp\/v2\/users\/2"}],"replies":[{"embeddable":true,"href":"https:\/\/jornalfatosenoticias.com.br\/index.php\/wp-json\/wp\/v2\/comments?post=11756"}],"version-history":[{"count":0,"href":"https:\/\/jornalfatosenoticias.com.br\/index.php\/wp-json\/wp\/v2\/posts\/11756\/revisions"}],"wp:featuredmedia":[{"embeddable":true,"href":"https:\/\/jornalfatosenoticias.com.br\/index.php\/wp-json\/wp\/v2\/media\/11757"}],"wp:attachment":[{"href":"https:\/\/jornalfatosenoticias.com.br\/index.php\/wp-json\/wp\/v2\/media?parent=11756"}],"wp:term":[{"taxonomy":"category","embeddable":true,"href":"https:\/\/jornalfatosenoticias.com.br\/index.php\/wp-json\/wp\/v2\/categories?post=11756"},{"taxonomy":"post_tag","embeddable":true,"href":"https:\/\/jornalfatosenoticias.com.br\/index.php\/wp-json\/wp\/v2\/tags?post=11756"}],"curies":[{"name":"wp","href":"https:\/\/api.w.org\/{rel}","templated":true}]}}