{"id":11768,"date":"2020-11-26T18:58:57","date_gmt":"2020-11-26T21:58:57","guid":{"rendered":"https:\/\/jornalfatosenoticias.com.br\/?p=11768"},"modified":"2020-11-26T18:58:58","modified_gmt":"2020-11-26T21:58:58","slug":"brigar-com-familia-gera-culpa-mas-as-vezes-cortar-lacos-e-necessario","status":"publish","type":"post","link":"https:\/\/jornalfatosenoticias.com.br\/index.php\/2020\/11\/26\/brigar-com-familia-gera-culpa-mas-as-vezes-cortar-lacos-e-necessario\/","title":{"rendered":"Brigar com fam\u00edlia gera culpa, mas \u00e0s vezes cortar la\u00e7os \u00e9 necess\u00e1rio"},"content":{"rendered":"\n<p>&#8220;Na inf\u00e2ncia, recebi um apelido maldoso de um primo bem mais velho. Os anos passaram, mas ele continuou uma pessoa extremamente desagrad\u00e1vel. Adoro a minha tia, m\u00e3e dele, mas n\u00e3o sou obrigado a forjar uma amizade que n\u00e3o me agrada. Romper esse la\u00e7o foi uma medida necess\u00e1ria&#8221;, diz o administrador de empresas Paulo Jorge, de 23 anos. &#8220;Hoje, apenas nos cumprimentamos com educa\u00e7\u00e3o quando nos encontramos, o que, felizmente, \u00e9 raro&#8221;.<br>As diverg\u00eancias s\u00e3o inevit\u00e1veis, fazem parte do curso natural da vida, mas esse sentimento de ter pouco ou nada a ver com a fam\u00edlia, al\u00e9m de gerar brigas, desaven\u00e7as e estranhamentos, pode provocar uma sensa\u00e7\u00e3o de culpa \u2014 afinal, como recha\u00e7ar as piadas grosseiras do pai ou as cr\u00edticas passivo-agressivas da m\u00e3e quando o que se prega \u00e9 \u2018devemos amar a fam\u00edlia acima de tudo\u2019 (e aceit\u00e1-la do jeito que ela \u00e9).<br>A fam\u00edlia, biol\u00f3gica ou n\u00e3o, \u00e9 a primeira refer\u00eancia de relacionamento para qualquer ser humano, por isso quando a conviv\u00eancia n\u00e3o \u00e9 tranquila h\u00e1 um mix de emo\u00e7\u00f5es e sentimentos em jogo. Em casos muito extremos, em que h\u00e1 diverg\u00eancia de opini\u00f5es a respeito de religi\u00e3o e pol\u00edtica, por exemplo, ou em que os parentes n\u00e3o aceitem a orienta\u00e7\u00e3o sexual da pessoa \u2014 e ainda a tratem com desrespeito e preconceito \u2014 \u00e9 preciso refletir bem sobre a conviv\u00eancia.<br>&#8220;Quando as intera\u00e7\u00f5es n\u00e3o acontecem, torna-se complicado conviver e esse \u00e9 um momento delicado. Mas cabe a cada fam\u00edlia encontrar maneiras de lidar com elas positivamente, algo que pode ser alcan\u00e7ado em meio a tentativas, erros, acertos, e, claro, com a colabora\u00e7\u00e3o de todos os envolvidos&#8221;, diz Elaine Di Sarno, psic\u00f3loga especializada em avalia\u00e7\u00e3o psicol\u00f3gica e neuropsicol\u00f3gica e em terapia cognitivo-comportamental, ambas pelo Instituto de Psiquiatria do Hospital das Cl\u00ednicas da Faculdade de Medicina da Universidade de S\u00e3o Paulo (IPq-HCFMUSP).<br>No entanto, relacionamentos familiares t\u00f3xicos costumam causar sentimentos de isolamento ou solid\u00e3o, baixa autoestima, culpa, vergonha, ansiedade e depress\u00e3o. Em vez de se sentir pertencente a um grupo, a pessoa acumula m\u00e1goa e ressentimento. &#8220;Obviamente, n\u00e3o somos capazes de admirar pessoas que nos geram desconforto. Dessa forma, tenderemos a buscar a conviv\u00eancia mais pr\u00f3xima com \u00e0queles com quem temos mais afinidade, ou seja, que t\u00eam gostos e condutas semelhantes aos nossos&#8221;, diz a psic\u00f3loga.<br>Na opini\u00e3o de Marcelo L\u00e1baki Agostinho, psic\u00f3logo cl\u00ednico do Instituto de Psicologia da Universidade de S\u00e3o Paulo (IP-USP), as diferen\u00e7as e as animosidades com a fam\u00edlia de origem costumam ficar evidentes depois que algumas pessoas constituem a pr\u00f3pria fam\u00edlia e t\u00eam filhos. &#8220;Ao criar o seu pr\u00f3prio grupo familiar, que na verdade \u00e9 criado a partir de dois grupos familiares de origem distintas, h\u00e1 um distanciamento natural que leva a enxergar certas dificuldades at\u00e9 ent\u00e3o n\u00e3o percebidas&#8221;.<br>Al\u00e9m disso, segundo ele, o par costuma trazer outros modelos de fam\u00edlia e outras vis\u00f5es sobre como seus membros podem se relacionar. Com a chegada dos filhos, \u00e9 natural que os novos pais pensem em como foram educados e em como foi a conviv\u00eancia no grupo familiar de origem, e comecem a refletir sobre como fazer diferente, para n\u00e3o repetir erros ou situa\u00e7\u00f5es que n\u00e3o gostavam quando crian\u00e7as e adolescentes.<br>Alguns conflitos s\u00e3o inevit\u00e1veis, mas muitos podem ser solucionados com um bom di\u00e1logo e respeito m\u00fatuo. N\u00e3o \u00e9 f\u00e1cil desenvolver a habilidade de comunica\u00e7\u00e3o, mas trabalhar para isso produz recompensas imediatas e a longo prazo. N\u00e3o h\u00e1 maneira certa ou errada de lidar com membros da fam\u00edlia t\u00f3xicos. Algumas pessoas optam por interromper completamente o contato, enquanto outras tentam trabalhar com a situa\u00e7\u00e3o limitando o contato e tomando medidas para proteger seu bem-estar e sa\u00fade mental.<br>Segundo Agostinho, quanto mais algu\u00e9m tiver consci\u00eancia de como a fam\u00edlia funciona e de que, na conviv\u00eancia, ser\u00e1 cobrado por algumas coisas que fez ou que deixou de fazer, mais preparado estar\u00e1 para lidar com isso. &#8220;N\u00e3o acho que exista um padr\u00e3o para estabelecer os moldes dessa conviv\u00eancia, mas, se a pessoa tem consci\u00eancia de como \u00e9 a pr\u00f3pria fam\u00edlia, poder\u00e1 dosar o quanto aguenta e o quanto precisa de distanciamento entre um encontro e outro para se &#8216;desintoxicar da toxidade'&#8221;, explica.<br>\u00c9 importante frisar que romper la\u00e7os, por mais libertador que seja, \u00e9 sempre doloroso e muitas vezes a \u00faltima op\u00e7\u00e3o quando a conviv\u00eancia \u00e9 hostil ou dif\u00edcil. Por\u00e9m, pode ser o pre\u00e7o necess\u00e1rio para se libertar de uma rela\u00e7\u00e3o que seja desconfort\u00e1vel, desgastante e que causa um sofrimento emocional significativo.<br>Cortar o contato tamb\u00e9m n\u00e3o precisa ser uma decis\u00e3o permanente, mas pode durar o tempo necess\u00e1rio para que haja um fortalecimento emocional e uma maior resili\u00eancia para lidar com poss\u00edveis enfrentamentos. Foi o que fez o dentista V\u00edtor Resende, 31, que passou dois Natais sem participar das festas familiares depois que uma tia o criticou abertamente sobre sua escolha de cren\u00e7a religiosa. &#8220;Durante esses dois anos, admito que senti falta das comemora\u00e7\u00f5es que, com exce\u00e7\u00e3o da presen\u00e7a dessa tia mais implicante, em geral, s\u00e3o bem divertidas. Decidi voltar a participar e mudar minha atitude, levando qualquer coment\u00e1rio na esportiva ou simplesmente fingindo que n\u00e3o escutei&#8221;, conta.<\/p>\n\n\n\n<p><strong><em>Fonte: <a href=\"https:\/\/www.uol.com.br\/vivabem\/noticias\/redacao\/2020\/11\/19\/brigar-com-familia-gera-culpa-mas-as-vezes-cortar-lacos-e-necessario.htm\">UOL<\/a><\/em><\/strong><\/p>\n","protected":false},"excerpt":{"rendered":"<p>&#8220;Na inf\u00e2ncia, recebi um apelido maldoso de um primo bem mais velho. Os anos passaram, mas ele continuou uma pessoa extremamente desagrad\u00e1vel. Adoro a minha tia, m\u00e3e dele, mas n\u00e3o sou obrigado a forjar uma amizade que n\u00e3o me agrada. Romper esse la\u00e7o foi uma medida necess\u00e1ria&#8221;, diz o administrador de empresas Paulo Jorge, de [&hellip;]<\/p>\n","protected":false},"author":2,"featured_media":11769,"comment_status":"open","ping_status":"open","sticky":false,"template":"","format":"standard","meta":{"footnotes":""},"categories":[2522],"tags":[6166,6169,6167,6170],"class_list":["post-11768","post","type-post","status-publish","format-standard","has-post-thumbnail","hentry","category-comportamento","tag-brigas-familiares","tag-cortar-lacos-2","tag-lacos-de-familia","tag-rompimento"],"yoast_head":"<!-- This site is optimized with the Yoast SEO plugin v26.5 - https:\/\/yoast.com\/wordpress\/plugins\/seo\/ -->\n<title>Brigar com fam\u00edlia gera culpa, mas \u00e0s vezes cortar la\u00e7os \u00e9 necess\u00e1rio - Jornal Fatos e Not\u00edcias<\/title>\n<meta name=\"robots\" content=\"index, follow, max-snippet:-1, max-image-preview:large, max-video-preview:-1\" \/>\n<link rel=\"canonical\" href=\"https:\/\/jornalfatosenoticias.com.br\/index.php\/2020\/11\/26\/brigar-com-familia-gera-culpa-mas-as-vezes-cortar-lacos-e-necessario\/\" \/>\n<meta property=\"og:locale\" content=\"pt_BR\" \/>\n<meta property=\"og:type\" content=\"article\" \/>\n<meta property=\"og:title\" content=\"Brigar com fam\u00edlia gera culpa, mas \u00e0s vezes cortar la\u00e7os \u00e9 necess\u00e1rio - Jornal Fatos e Not\u00edcias\" \/>\n<meta property=\"og:description\" content=\"&#8220;Na inf\u00e2ncia, recebi um apelido maldoso de um primo bem mais velho. Os anos passaram, mas ele continuou uma pessoa extremamente desagrad\u00e1vel. Adoro a minha tia, m\u00e3e dele, mas n\u00e3o sou obrigado a forjar uma amizade que n\u00e3o me agrada. Romper esse la\u00e7o foi uma medida necess\u00e1ria&#8221;, diz o administrador de empresas Paulo Jorge, de [&hellip;]\" \/>\n<meta property=\"og:url\" content=\"https:\/\/jornalfatosenoticias.com.br\/index.php\/2020\/11\/26\/brigar-com-familia-gera-culpa-mas-as-vezes-cortar-lacos-e-necessario\/\" \/>\n<meta property=\"og:site_name\" content=\"Jornal Fatos e Not\u00edcias\" \/>\n<meta property=\"article:published_time\" content=\"2020-11-26T21:58:57+00:00\" \/>\n<meta property=\"article:modified_time\" content=\"2020-11-26T21:58:58+00:00\" \/>\n<meta property=\"og:image\" content=\"https:\/\/jornalfatosenoticias.com.br\/wp-content\/uploads\/2020\/11\/romper-lacos-familiares.jpg\" \/>\n\t<meta property=\"og:image:width\" content=\"1000\" \/>\n\t<meta property=\"og:image:height\" content=\"500\" \/>\n\t<meta property=\"og:image:type\" content=\"image\/jpeg\" \/>\n<meta name=\"author\" content=\"Luzimara Fernandes\" \/>\n<meta name=\"twitter:card\" content=\"summary_large_image\" \/>\n<meta name=\"twitter:label1\" content=\"Escrito por\" \/>\n\t<meta name=\"twitter:data1\" content=\"Luzimara Fernandes\" \/>\n\t<meta name=\"twitter:label2\" content=\"Est. tempo de leitura\" \/>\n\t<meta name=\"twitter:data2\" content=\"5 minutos\" \/>\n<script type=\"application\/ld+json\" class=\"yoast-schema-graph\">{\"@context\":\"https:\/\/schema.org\",\"@graph\":[{\"@type\":\"Article\",\"@id\":\"https:\/\/jornalfatosenoticias.com.br\/index.php\/2020\/11\/26\/brigar-com-familia-gera-culpa-mas-as-vezes-cortar-lacos-e-necessario\/#article\",\"isPartOf\":{\"@id\":\"https:\/\/jornalfatosenoticias.com.br\/index.php\/2020\/11\/26\/brigar-com-familia-gera-culpa-mas-as-vezes-cortar-lacos-e-necessario\/\"},\"author\":{\"name\":\"Luzimara Fernandes\",\"@id\":\"https:\/\/jornalfatosenoticias.com.br\/#\/schema\/person\/d63837fa13ac8666eb9e74e0985d6f81\"},\"headline\":\"Brigar com fam\u00edlia gera culpa, mas \u00e0s vezes cortar la\u00e7os \u00e9 necess\u00e1rio\",\"datePublished\":\"2020-11-26T21:58:57+00:00\",\"dateModified\":\"2020-11-26T21:58:58+00:00\",\"mainEntityOfPage\":{\"@id\":\"https:\/\/jornalfatosenoticias.com.br\/index.php\/2020\/11\/26\/brigar-com-familia-gera-culpa-mas-as-vezes-cortar-lacos-e-necessario\/\"},\"wordCount\":954,\"commentCount\":0,\"publisher\":{\"@id\":\"https:\/\/jornalfatosenoticias.com.br\/#organization\"},\"image\":{\"@id\":\"https:\/\/jornalfatosenoticias.com.br\/index.php\/2020\/11\/26\/brigar-com-familia-gera-culpa-mas-as-vezes-cortar-lacos-e-necessario\/#primaryimage\"},\"thumbnailUrl\":\"https:\/\/jornalfatosenoticias.com.br\/wp-content\/uploads\/2020\/11\/romper-lacos-familiares.jpg\",\"keywords\":[\"brigas familiares\",\"cortar la\u00e7os\",\"la\u00e7os de fam\u00edlia\",\"rompimento\"],\"articleSection\":[\"Comportamento &amp; Equil\u00edbrio\"],\"inLanguage\":\"pt-BR\",\"potentialAction\":[{\"@type\":\"CommentAction\",\"name\":\"Comment\",\"target\":[\"https:\/\/jornalfatosenoticias.com.br\/index.php\/2020\/11\/26\/brigar-com-familia-gera-culpa-mas-as-vezes-cortar-lacos-e-necessario\/#respond\"]}]},{\"@type\":\"WebPage\",\"@id\":\"https:\/\/jornalfatosenoticias.com.br\/index.php\/2020\/11\/26\/brigar-com-familia-gera-culpa-mas-as-vezes-cortar-lacos-e-necessario\/\",\"url\":\"https:\/\/jornalfatosenoticias.com.br\/index.php\/2020\/11\/26\/brigar-com-familia-gera-culpa-mas-as-vezes-cortar-lacos-e-necessario\/\",\"name\":\"Brigar com fam\u00edlia gera culpa, mas \u00e0s vezes cortar la\u00e7os \u00e9 necess\u00e1rio - Jornal Fatos e Not\u00edcias\",\"isPartOf\":{\"@id\":\"https:\/\/jornalfatosenoticias.com.br\/#website\"},\"primaryImageOfPage\":{\"@id\":\"https:\/\/jornalfatosenoticias.com.br\/index.php\/2020\/11\/26\/brigar-com-familia-gera-culpa-mas-as-vezes-cortar-lacos-e-necessario\/#primaryimage\"},\"image\":{\"@id\":\"https:\/\/jornalfatosenoticias.com.br\/index.php\/2020\/11\/26\/brigar-com-familia-gera-culpa-mas-as-vezes-cortar-lacos-e-necessario\/#primaryimage\"},\"thumbnailUrl\":\"https:\/\/jornalfatosenoticias.com.br\/wp-content\/uploads\/2020\/11\/romper-lacos-familiares.jpg\",\"datePublished\":\"2020-11-26T21:58:57+00:00\",\"dateModified\":\"2020-11-26T21:58:58+00:00\",\"breadcrumb\":{\"@id\":\"https:\/\/jornalfatosenoticias.com.br\/index.php\/2020\/11\/26\/brigar-com-familia-gera-culpa-mas-as-vezes-cortar-lacos-e-necessario\/#breadcrumb\"},\"inLanguage\":\"pt-BR\",\"potentialAction\":[{\"@type\":\"ReadAction\",\"target\":[\"https:\/\/jornalfatosenoticias.com.br\/index.php\/2020\/11\/26\/brigar-com-familia-gera-culpa-mas-as-vezes-cortar-lacos-e-necessario\/\"]}]},{\"@type\":\"ImageObject\",\"inLanguage\":\"pt-BR\",\"@id\":\"https:\/\/jornalfatosenoticias.com.br\/index.php\/2020\/11\/26\/brigar-com-familia-gera-culpa-mas-as-vezes-cortar-lacos-e-necessario\/#primaryimage\",\"url\":\"https:\/\/jornalfatosenoticias.com.br\/wp-content\/uploads\/2020\/11\/romper-lacos-familiares.jpg\",\"contentUrl\":\"https:\/\/jornalfatosenoticias.com.br\/wp-content\/uploads\/2020\/11\/romper-lacos-familiares.jpg\",\"width\":1000,\"height\":500},{\"@type\":\"BreadcrumbList\",\"@id\":\"https:\/\/jornalfatosenoticias.com.br\/index.php\/2020\/11\/26\/brigar-com-familia-gera-culpa-mas-as-vezes-cortar-lacos-e-necessario\/#breadcrumb\",\"itemListElement\":[{\"@type\":\"ListItem\",\"position\":1,\"name\":\"In\u00edcio\",\"item\":\"https:\/\/jornalfatosenoticias.com.br\/\"},{\"@type\":\"ListItem\",\"position\":2,\"name\":\"Brigar com fam\u00edlia gera culpa, mas \u00e0s vezes cortar la\u00e7os \u00e9 necess\u00e1rio\"}]},{\"@type\":\"WebSite\",\"@id\":\"https:\/\/jornalfatosenoticias.com.br\/#website\",\"url\":\"https:\/\/jornalfatosenoticias.com.br\/\",\"name\":\"Jornal Fatos e Not\u00edcias\",\"description\":\"Not\u00edcias em geral\",\"publisher\":{\"@id\":\"https:\/\/jornalfatosenoticias.com.br\/#organization\"},\"potentialAction\":[{\"@type\":\"SearchAction\",\"target\":{\"@type\":\"EntryPoint\",\"urlTemplate\":\"https:\/\/jornalfatosenoticias.com.br\/?s={search_term_string}\"},\"query-input\":{\"@type\":\"PropertyValueSpecification\",\"valueRequired\":true,\"valueName\":\"search_term_string\"}}],\"inLanguage\":\"pt-BR\"},{\"@type\":\"Organization\",\"@id\":\"https:\/\/jornalfatosenoticias.com.br\/#organization\",\"name\":\"Jornal Fatos e Not\u00edcias\",\"url\":\"https:\/\/jornalfatosenoticias.com.br\/\",\"logo\":{\"@type\":\"ImageObject\",\"inLanguage\":\"pt-BR\",\"@id\":\"https:\/\/jornalfatosenoticias.com.br\/#\/schema\/logo\/image\/\",\"url\":\"https:\/\/jornalfatosenoticias.com.br\/wp-content\/uploads\/2020\/02\/logo120.png\",\"contentUrl\":\"https:\/\/jornalfatosenoticias.com.br\/wp-content\/uploads\/2020\/02\/logo120.png\",\"width\":1227,\"height\":120,\"caption\":\"Jornal Fatos e Not\u00edcias\"},\"image\":{\"@id\":\"https:\/\/jornalfatosenoticias.com.br\/#\/schema\/logo\/image\/\"}},{\"@type\":\"Person\",\"@id\":\"https:\/\/jornalfatosenoticias.com.br\/#\/schema\/person\/d63837fa13ac8666eb9e74e0985d6f81\",\"name\":\"Luzimara Fernandes\",\"image\":{\"@type\":\"ImageObject\",\"inLanguage\":\"pt-BR\",\"@id\":\"https:\/\/jornalfatosenoticias.com.br\/#\/schema\/person\/image\/\",\"url\":\"https:\/\/jornalfatosenoticias.com.br\/wp-content\/uploads\/2025\/05\/EU_portal.jpg\",\"contentUrl\":\"https:\/\/jornalfatosenoticias.com.br\/wp-content\/uploads\/2025\/05\/EU_portal.jpg\",\"caption\":\"Luzimara Fernandes\"},\"description\":\"Jornalista MTB 2358-ES\",\"sameAs\":[\"https:\/\/jornalfatosenoticias.com.br\"],\"url\":\"https:\/\/jornalfatosenoticias.com.br\/index.php\/author\/luzimara\/\"}]}<\/script>\n<!-- \/ Yoast SEO plugin. -->","yoast_head_json":{"title":"Brigar com fam\u00edlia gera culpa, mas \u00e0s vezes cortar la\u00e7os \u00e9 necess\u00e1rio - Jornal Fatos e Not\u00edcias","robots":{"index":"index","follow":"follow","max-snippet":"max-snippet:-1","max-image-preview":"max-image-preview:large","max-video-preview":"max-video-preview:-1"},"canonical":"https:\/\/jornalfatosenoticias.com.br\/index.php\/2020\/11\/26\/brigar-com-familia-gera-culpa-mas-as-vezes-cortar-lacos-e-necessario\/","og_locale":"pt_BR","og_type":"article","og_title":"Brigar com fam\u00edlia gera culpa, mas \u00e0s vezes cortar la\u00e7os \u00e9 necess\u00e1rio - Jornal Fatos e Not\u00edcias","og_description":"&#8220;Na inf\u00e2ncia, recebi um apelido maldoso de um primo bem mais velho. Os anos passaram, mas ele continuou uma pessoa extremamente desagrad\u00e1vel. Adoro a minha tia, m\u00e3e dele, mas n\u00e3o sou obrigado a forjar uma amizade que n\u00e3o me agrada. Romper esse la\u00e7o foi uma medida necess\u00e1ria&#8221;, diz o administrador de empresas Paulo Jorge, de [&hellip;]","og_url":"https:\/\/jornalfatosenoticias.com.br\/index.php\/2020\/11\/26\/brigar-com-familia-gera-culpa-mas-as-vezes-cortar-lacos-e-necessario\/","og_site_name":"Jornal Fatos e Not\u00edcias","article_published_time":"2020-11-26T21:58:57+00:00","article_modified_time":"2020-11-26T21:58:58+00:00","og_image":[{"width":1000,"height":500,"url":"https:\/\/jornalfatosenoticias.com.br\/wp-content\/uploads\/2020\/11\/romper-lacos-familiares.jpg","type":"image\/jpeg"}],"author":"Luzimara Fernandes","twitter_card":"summary_large_image","twitter_misc":{"Escrito por":"Luzimara Fernandes","Est. tempo de leitura":"5 minutos"},"schema":{"@context":"https:\/\/schema.org","@graph":[{"@type":"Article","@id":"https:\/\/jornalfatosenoticias.com.br\/index.php\/2020\/11\/26\/brigar-com-familia-gera-culpa-mas-as-vezes-cortar-lacos-e-necessario\/#article","isPartOf":{"@id":"https:\/\/jornalfatosenoticias.com.br\/index.php\/2020\/11\/26\/brigar-com-familia-gera-culpa-mas-as-vezes-cortar-lacos-e-necessario\/"},"author":{"name":"Luzimara Fernandes","@id":"https:\/\/jornalfatosenoticias.com.br\/#\/schema\/person\/d63837fa13ac8666eb9e74e0985d6f81"},"headline":"Brigar com fam\u00edlia gera culpa, mas \u00e0s vezes cortar la\u00e7os \u00e9 necess\u00e1rio","datePublished":"2020-11-26T21:58:57+00:00","dateModified":"2020-11-26T21:58:58+00:00","mainEntityOfPage":{"@id":"https:\/\/jornalfatosenoticias.com.br\/index.php\/2020\/11\/26\/brigar-com-familia-gera-culpa-mas-as-vezes-cortar-lacos-e-necessario\/"},"wordCount":954,"commentCount":0,"publisher":{"@id":"https:\/\/jornalfatosenoticias.com.br\/#organization"},"image":{"@id":"https:\/\/jornalfatosenoticias.com.br\/index.php\/2020\/11\/26\/brigar-com-familia-gera-culpa-mas-as-vezes-cortar-lacos-e-necessario\/#primaryimage"},"thumbnailUrl":"https:\/\/jornalfatosenoticias.com.br\/wp-content\/uploads\/2020\/11\/romper-lacos-familiares.jpg","keywords":["brigas familiares","cortar la\u00e7os","la\u00e7os de fam\u00edlia","rompimento"],"articleSection":["Comportamento &amp; Equil\u00edbrio"],"inLanguage":"pt-BR","potentialAction":[{"@type":"CommentAction","name":"Comment","target":["https:\/\/jornalfatosenoticias.com.br\/index.php\/2020\/11\/26\/brigar-com-familia-gera-culpa-mas-as-vezes-cortar-lacos-e-necessario\/#respond"]}]},{"@type":"WebPage","@id":"https:\/\/jornalfatosenoticias.com.br\/index.php\/2020\/11\/26\/brigar-com-familia-gera-culpa-mas-as-vezes-cortar-lacos-e-necessario\/","url":"https:\/\/jornalfatosenoticias.com.br\/index.php\/2020\/11\/26\/brigar-com-familia-gera-culpa-mas-as-vezes-cortar-lacos-e-necessario\/","name":"Brigar com fam\u00edlia gera culpa, mas \u00e0s vezes cortar la\u00e7os \u00e9 necess\u00e1rio - Jornal Fatos e Not\u00edcias","isPartOf":{"@id":"https:\/\/jornalfatosenoticias.com.br\/#website"},"primaryImageOfPage":{"@id":"https:\/\/jornalfatosenoticias.com.br\/index.php\/2020\/11\/26\/brigar-com-familia-gera-culpa-mas-as-vezes-cortar-lacos-e-necessario\/#primaryimage"},"image":{"@id":"https:\/\/jornalfatosenoticias.com.br\/index.php\/2020\/11\/26\/brigar-com-familia-gera-culpa-mas-as-vezes-cortar-lacos-e-necessario\/#primaryimage"},"thumbnailUrl":"https:\/\/jornalfatosenoticias.com.br\/wp-content\/uploads\/2020\/11\/romper-lacos-familiares.jpg","datePublished":"2020-11-26T21:58:57+00:00","dateModified":"2020-11-26T21:58:58+00:00","breadcrumb":{"@id":"https:\/\/jornalfatosenoticias.com.br\/index.php\/2020\/11\/26\/brigar-com-familia-gera-culpa-mas-as-vezes-cortar-lacos-e-necessario\/#breadcrumb"},"inLanguage":"pt-BR","potentialAction":[{"@type":"ReadAction","target":["https:\/\/jornalfatosenoticias.com.br\/index.php\/2020\/11\/26\/brigar-com-familia-gera-culpa-mas-as-vezes-cortar-lacos-e-necessario\/"]}]},{"@type":"ImageObject","inLanguage":"pt-BR","@id":"https:\/\/jornalfatosenoticias.com.br\/index.php\/2020\/11\/26\/brigar-com-familia-gera-culpa-mas-as-vezes-cortar-lacos-e-necessario\/#primaryimage","url":"https:\/\/jornalfatosenoticias.com.br\/wp-content\/uploads\/2020\/11\/romper-lacos-familiares.jpg","contentUrl":"https:\/\/jornalfatosenoticias.com.br\/wp-content\/uploads\/2020\/11\/romper-lacos-familiares.jpg","width":1000,"height":500},{"@type":"BreadcrumbList","@id":"https:\/\/jornalfatosenoticias.com.br\/index.php\/2020\/11\/26\/brigar-com-familia-gera-culpa-mas-as-vezes-cortar-lacos-e-necessario\/#breadcrumb","itemListElement":[{"@type":"ListItem","position":1,"name":"In\u00edcio","item":"https:\/\/jornalfatosenoticias.com.br\/"},{"@type":"ListItem","position":2,"name":"Brigar com fam\u00edlia gera culpa, mas \u00e0s vezes cortar la\u00e7os \u00e9 necess\u00e1rio"}]},{"@type":"WebSite","@id":"https:\/\/jornalfatosenoticias.com.br\/#website","url":"https:\/\/jornalfatosenoticias.com.br\/","name":"Jornal Fatos e Not\u00edcias","description":"Not\u00edcias em geral","publisher":{"@id":"https:\/\/jornalfatosenoticias.com.br\/#organization"},"potentialAction":[{"@type":"SearchAction","target":{"@type":"EntryPoint","urlTemplate":"https:\/\/jornalfatosenoticias.com.br\/?s={search_term_string}"},"query-input":{"@type":"PropertyValueSpecification","valueRequired":true,"valueName":"search_term_string"}}],"inLanguage":"pt-BR"},{"@type":"Organization","@id":"https:\/\/jornalfatosenoticias.com.br\/#organization","name":"Jornal Fatos e Not\u00edcias","url":"https:\/\/jornalfatosenoticias.com.br\/","logo":{"@type":"ImageObject","inLanguage":"pt-BR","@id":"https:\/\/jornalfatosenoticias.com.br\/#\/schema\/logo\/image\/","url":"https:\/\/jornalfatosenoticias.com.br\/wp-content\/uploads\/2020\/02\/logo120.png","contentUrl":"https:\/\/jornalfatosenoticias.com.br\/wp-content\/uploads\/2020\/02\/logo120.png","width":1227,"height":120,"caption":"Jornal Fatos e Not\u00edcias"},"image":{"@id":"https:\/\/jornalfatosenoticias.com.br\/#\/schema\/logo\/image\/"}},{"@type":"Person","@id":"https:\/\/jornalfatosenoticias.com.br\/#\/schema\/person\/d63837fa13ac8666eb9e74e0985d6f81","name":"Luzimara Fernandes","image":{"@type":"ImageObject","inLanguage":"pt-BR","@id":"https:\/\/jornalfatosenoticias.com.br\/#\/schema\/person\/image\/","url":"https:\/\/jornalfatosenoticias.com.br\/wp-content\/uploads\/2025\/05\/EU_portal.jpg","contentUrl":"https:\/\/jornalfatosenoticias.com.br\/wp-content\/uploads\/2025\/05\/EU_portal.jpg","caption":"Luzimara Fernandes"},"description":"Jornalista MTB 2358-ES","sameAs":["https:\/\/jornalfatosenoticias.com.br"],"url":"https:\/\/jornalfatosenoticias.com.br\/index.php\/author\/luzimara\/"}]}},"cc_featured_image_caption":{"caption_text":"(Foto: iStock)","source_text":"","source_url":""},"jetpack_featured_media_url":"https:\/\/jornalfatosenoticias.com.br\/wp-content\/uploads\/2020\/11\/romper-lacos-familiares.jpg","_links":{"self":[{"href":"https:\/\/jornalfatosenoticias.com.br\/index.php\/wp-json\/wp\/v2\/posts\/11768","targetHints":{"allow":["GET"]}}],"collection":[{"href":"https:\/\/jornalfatosenoticias.com.br\/index.php\/wp-json\/wp\/v2\/posts"}],"about":[{"href":"https:\/\/jornalfatosenoticias.com.br\/index.php\/wp-json\/wp\/v2\/types\/post"}],"author":[{"embeddable":true,"href":"https:\/\/jornalfatosenoticias.com.br\/index.php\/wp-json\/wp\/v2\/users\/2"}],"replies":[{"embeddable":true,"href":"https:\/\/jornalfatosenoticias.com.br\/index.php\/wp-json\/wp\/v2\/comments?post=11768"}],"version-history":[{"count":0,"href":"https:\/\/jornalfatosenoticias.com.br\/index.php\/wp-json\/wp\/v2\/posts\/11768\/revisions"}],"wp:featuredmedia":[{"embeddable":true,"href":"https:\/\/jornalfatosenoticias.com.br\/index.php\/wp-json\/wp\/v2\/media\/11769"}],"wp:attachment":[{"href":"https:\/\/jornalfatosenoticias.com.br\/index.php\/wp-json\/wp\/v2\/media?parent=11768"}],"wp:term":[{"taxonomy":"category","embeddable":true,"href":"https:\/\/jornalfatosenoticias.com.br\/index.php\/wp-json\/wp\/v2\/categories?post=11768"},{"taxonomy":"post_tag","embeddable":true,"href":"https:\/\/jornalfatosenoticias.com.br\/index.php\/wp-json\/wp\/v2\/tags?post=11768"}],"curies":[{"name":"wp","href":"https:\/\/api.w.org\/{rel}","templated":true}]}}