{"id":1179,"date":"2020-02-18T09:54:18","date_gmt":"2020-02-18T12:54:18","guid":{"rendered":"https:\/\/jornalfatosenoticias.com.br\/?p=1179"},"modified":"2020-02-18T09:54:20","modified_gmt":"2020-02-18T12:54:20","slug":"carnaval-cinco-curiosidades-sobre-a-historia-da-festa","status":"publish","type":"post","link":"https:\/\/jornalfatosenoticias.com.br\/index.php\/2020\/02\/18\/carnaval-cinco-curiosidades-sobre-a-historia-da-festa\/","title":{"rendered":"Carnaval: cinco curiosidades sobre a hist\u00f3ria da festa"},"content":{"rendered":"\n<h4 class=\"wp-block-heading\"><em>Al\u00e9m do Brasil, outros 50 pa\u00edses celebram a data. Conhe\u00e7a as origens do carnaval e entenda como ele ganhou o mundo<\/em><\/h4>\n\n\n\n<p>Festejado mundialmente 47 dias antes da P\u00e1scoa, o carnaval moderno \u00e9 muito associado \u00e0s religi\u00f5es crist\u00e3s, por representar os \u00faltimos momentos que antecedem a Quaresma \u2014 per\u00edodo religioso de restri\u00e7\u00f5es alimentares e comportamentais que incluem n\u00e3o ingerir carne.<br>\nMas suas origens (e desdobramentos) n\u00e3o t\u00eam rela\u00e7\u00e3o com religi\u00e3o alguma. Atualmente, a festa \u00e9 considerada secular e, al\u00e9m das capitais brasileiras mundialmente conhecidas pela folia, cidades como Nova Orleans (EUA), Veneza (It\u00e1lia) e Santa Cruz de Tenerife (Espanha) tamb\u00e9m s\u00e3o famosas por seus carnavais.<\/p>\n\n\n\n<figure class=\"wp-block-image size-large\"><img loading=\"lazy\" decoding=\"async\" width=\"1024\" height=\"685\" src=\"https:\/\/jornalfatosenoticias.com.br\/wp-content\/uploads\/2020\/02\/curiosidades_carnaval-1024x685.jpg\" alt=\"\" class=\"wp-image-1180\" srcset=\"https:\/\/jornalfatosenoticias.com.br\/wp-content\/uploads\/2020\/02\/curiosidades_carnaval-1024x685.jpg 1024w, https:\/\/jornalfatosenoticias.com.br\/wp-content\/uploads\/2020\/02\/curiosidades_carnaval-300x201.jpg 300w, https:\/\/jornalfatosenoticias.com.br\/wp-content\/uploads\/2020\/02\/curiosidades_carnaval-768x514.jpg 768w, https:\/\/jornalfatosenoticias.com.br\/wp-content\/uploads\/2020\/02\/curiosidades_carnaval.jpg 1200w\" sizes=\"auto, (max-width: 1024px) 100vw, 1024px\" \/><figcaption><em>Suas origens n\u00e3o t\u00eam rela\u00e7\u00e3o com religi\u00e3o alguma (Foto: Pixabay\/Creative Commons)<\/em><\/figcaption><\/figure>\n\n\n\n<h2 class=\"wp-block-heading\">Saiba mais sobre a hist\u00f3ria do carnaval<\/h2>\n\n\n\n<ol class=\"wp-block-list\"><li><strong>Festival pag\u00e3o<\/strong><\/li><\/ol>\n\n\n\n<p>A origem do carnaval remonta ao Antigo Egito, quando festejos pag\u00e3os \u201cexpulsavam\u201d o inverno e celebravam o in\u00edcio da primavera, com homenagem \u00e0s divindades na expectativa de boas colheitas. Quando Alexandre, o Grande, conquistou o Egito, os gregos tamb\u00e9m adotaram o festival. N\u00e3o demorou muito para que os romanos entrassem na folia, adaptando a festa para uma exalta\u00e7\u00e3o a Saturno, o deus da agricultura. Durante as festas, as escolas fechavam, os romanos dan\u00e7avam livremente e os escravos eram soltos.<\/p>\n\n\n\n<p>2. <strong>Carrum navalis ou carnem levare?<\/strong><\/p>\n\n\n\n<p>Nas comemora\u00e7\u00f5es romanas, havia algo parecido com os atuais carros aleg\u00f3ricos: com formato de navio, levavam homens e mulheres nus em desfiles pelas ruas, e eram chamados de carrum navalis (\u201ccarro naval\u201d, em latim). Para alguns pesquisadores, vem da\u00ed a palavra carnaval.<br> A vers\u00e3o mais aceita para a origem do nome, por\u00e9m, \u00e9 que o termo viria da express\u00e3o carnem levare (em latim, significa algo como \u201cficar livre da carne\u201d). \u00c9 que, a partir da Idade M\u00e9dia, diversos festivais pag\u00e3os foram adotados pela Igreja Cat\u00f3lica \u2014 no caso do carnaval, ele seria os \u00faltimos dias livres das restri\u00e7\u00f5es da Quaresm<\/p>\n\n\n\n<p>3.<strong> A influ\u00eancia da Igreja<\/strong><\/p>\n\n\n\n<p>Durante a Quaresma, 40 dias que antecedem a P\u00e1scoa, o consumo de carne, al\u00e9m de outros comportamentos considerados excessivos, \u00e9 proibido. Trata-se de um per\u00edodo de penit\u00eancia para os crist\u00e3os para lembrar os 40 dias que Jesus passou no deserto e os sofrimentos que suportou na cruz. Na It\u00e1lia do s\u00e9culo 18, por\u00e9m, o efeito pr\u00e9-Quaresma foi quase o oposto do desejado pela Igreja: para se preparar para o sacrif\u00edcio, as pessoas organizavam banquetes e bailes repletos de exageros.<\/p>\n\n\n\n<p>4. <strong>Da Igreja para o mundo<\/strong><\/p>\n\n\n\n<p>Com a expans\u00e3o do Cristianismo, outras na\u00e7\u00f5es europeias adotaram a tradi\u00e7\u00e3o. E, como as principais pot\u00eancias colonizadoras seguiam a religi\u00e3o, o carnaval foi exportado mundo afora \u2014 mas cada pa\u00eds acabou criando sua pr\u00f3pria vers\u00e3o da folia.<\/p>\n\n\n\n<p>5. <strong>Carnaval brasileiro<\/strong><\/p>\n\n\n\n<p>No Brasil, a festa chegou com os portugueses e, em seus prim\u00f3rdios, n\u00e3o havia m\u00fasica nem dan\u00e7a. A tradi\u00e7\u00e3o era a do entrudo, uma brincadeira que consistia em fazer zombarias p\u00fablicas, principalmente molhando ou sujando quem passava pelas ruas (valia de lama a ovo).<br>\nA partir do s\u00e9culo 19, houve uma intensa campanha contra o entrudo, mas o povo \u2014 e a\u00ed entram os cerca de quatro milh\u00f5es de escravos africanos trazidos para o Brasil pelos portugueses \u2014 encontrou novas maneiras de se manifestar. Surgiram os cortejos, que misturavam a est\u00e9tica das prociss\u00f5es religiosas com ritmos populares e as marchinhas de carnaval, que evolu\u00edram para a festa como a conhecemos hoje.<\/p>\n\n\n\n<p><strong><em>Fonte: Galileu.com<\/em><\/strong><\/p>\n","protected":false},"excerpt":{"rendered":"<p>Al\u00e9m do Brasil, outros 50 pa\u00edses celebram a data. Conhe\u00e7a as origens do carnaval e entenda como ele ganhou o mundo Festejado mundialmente 47 dias antes da P\u00e1scoa, o carnaval moderno \u00e9 muito associado \u00e0s religi\u00f5es crist\u00e3s, por representar os \u00faltimos momentos que antecedem a Quaresma \u2014 per\u00edodo religioso de restri\u00e7\u00f5es alimentares e comportamentais que [&hellip;]<\/p>\n","protected":false},"author":2,"featured_media":1180,"comment_status":"open","ping_status":"open","sticky":false,"template":"","format":"standard","meta":{"footnotes":""},"categories":[4],"tags":[],"class_list":["post-1179","post","type-post","status-publish","format-standard","has-post-thumbnail","hentry","category-cultura"],"yoast_head":"<!-- This site is optimized with the Yoast SEO plugin v26.5 - https:\/\/yoast.com\/wordpress\/plugins\/seo\/ -->\n<title>Carnaval: cinco curiosidades sobre a hist\u00f3ria da festa - Jornal Fatos e Not\u00edcias<\/title>\n<meta name=\"robots\" content=\"index, follow, max-snippet:-1, max-image-preview:large, max-video-preview:-1\" \/>\n<link rel=\"canonical\" href=\"https:\/\/jornalfatosenoticias.com.br\/index.php\/2020\/02\/18\/carnaval-cinco-curiosidades-sobre-a-historia-da-festa\/\" \/>\n<meta property=\"og:locale\" content=\"pt_BR\" \/>\n<meta property=\"og:type\" content=\"article\" \/>\n<meta property=\"og:title\" content=\"Carnaval: cinco curiosidades sobre a hist\u00f3ria da festa - Jornal Fatos e Not\u00edcias\" \/>\n<meta property=\"og:description\" content=\"Al\u00e9m do Brasil, outros 50 pa\u00edses celebram a data. Conhe\u00e7a as origens do carnaval e entenda como ele ganhou o mundo Festejado mundialmente 47 dias antes da P\u00e1scoa, o carnaval moderno \u00e9 muito associado \u00e0s religi\u00f5es crist\u00e3s, por representar os \u00faltimos momentos que antecedem a Quaresma \u2014 per\u00edodo religioso de restri\u00e7\u00f5es alimentares e comportamentais que [&hellip;]\" \/>\n<meta property=\"og:url\" content=\"https:\/\/jornalfatosenoticias.com.br\/index.php\/2020\/02\/18\/carnaval-cinco-curiosidades-sobre-a-historia-da-festa\/\" \/>\n<meta property=\"og:site_name\" content=\"Jornal Fatos e Not\u00edcias\" \/>\n<meta property=\"article:published_time\" content=\"2020-02-18T12:54:18+00:00\" \/>\n<meta property=\"article:modified_time\" content=\"2020-02-18T12:54:20+00:00\" \/>\n<meta property=\"og:image\" content=\"https:\/\/jornalfatosenoticias.com.br\/wp-content\/uploads\/2020\/02\/curiosidades_carnaval.jpg\" \/>\n\t<meta property=\"og:image:width\" content=\"1200\" \/>\n\t<meta property=\"og:image:height\" content=\"803\" \/>\n\t<meta property=\"og:image:type\" content=\"image\/jpeg\" \/>\n<meta name=\"author\" content=\"Luzimara Fernandes\" \/>\n<meta name=\"twitter:card\" content=\"summary_large_image\" \/>\n<meta name=\"twitter:label1\" content=\"Escrito por\" \/>\n\t<meta name=\"twitter:data1\" content=\"Luzimara Fernandes\" \/>\n\t<meta name=\"twitter:label2\" content=\"Est. tempo de leitura\" \/>\n\t<meta name=\"twitter:data2\" content=\"3 minutos\" \/>\n<script type=\"application\/ld+json\" class=\"yoast-schema-graph\">{\"@context\":\"https:\/\/schema.org\",\"@graph\":[{\"@type\":\"Article\",\"@id\":\"https:\/\/jornalfatosenoticias.com.br\/index.php\/2020\/02\/18\/carnaval-cinco-curiosidades-sobre-a-historia-da-festa\/#article\",\"isPartOf\":{\"@id\":\"https:\/\/jornalfatosenoticias.com.br\/index.php\/2020\/02\/18\/carnaval-cinco-curiosidades-sobre-a-historia-da-festa\/\"},\"author\":{\"name\":\"Luzimara Fernandes\",\"@id\":\"https:\/\/jornalfatosenoticias.com.br\/#\/schema\/person\/d63837fa13ac8666eb9e74e0985d6f81\"},\"headline\":\"Carnaval: cinco curiosidades sobre a hist\u00f3ria da festa\",\"datePublished\":\"2020-02-18T12:54:18+00:00\",\"dateModified\":\"2020-02-18T12:54:20+00:00\",\"mainEntityOfPage\":{\"@id\":\"https:\/\/jornalfatosenoticias.com.br\/index.php\/2020\/02\/18\/carnaval-cinco-curiosidades-sobre-a-historia-da-festa\/\"},\"wordCount\":611,\"commentCount\":0,\"publisher\":{\"@id\":\"https:\/\/jornalfatosenoticias.com.br\/#organization\"},\"image\":{\"@id\":\"https:\/\/jornalfatosenoticias.com.br\/index.php\/2020\/02\/18\/carnaval-cinco-curiosidades-sobre-a-historia-da-festa\/#primaryimage\"},\"thumbnailUrl\":\"https:\/\/jornalfatosenoticias.com.br\/wp-content\/uploads\/2020\/02\/curiosidades_carnaval.jpg\",\"articleSection\":[\"Cultura\"],\"inLanguage\":\"pt-BR\",\"potentialAction\":[{\"@type\":\"CommentAction\",\"name\":\"Comment\",\"target\":[\"https:\/\/jornalfatosenoticias.com.br\/index.php\/2020\/02\/18\/carnaval-cinco-curiosidades-sobre-a-historia-da-festa\/#respond\"]}]},{\"@type\":\"WebPage\",\"@id\":\"https:\/\/jornalfatosenoticias.com.br\/index.php\/2020\/02\/18\/carnaval-cinco-curiosidades-sobre-a-historia-da-festa\/\",\"url\":\"https:\/\/jornalfatosenoticias.com.br\/index.php\/2020\/02\/18\/carnaval-cinco-curiosidades-sobre-a-historia-da-festa\/\",\"name\":\"Carnaval: cinco curiosidades sobre a hist\u00f3ria da festa - Jornal Fatos e Not\u00edcias\",\"isPartOf\":{\"@id\":\"https:\/\/jornalfatosenoticias.com.br\/#website\"},\"primaryImageOfPage\":{\"@id\":\"https:\/\/jornalfatosenoticias.com.br\/index.php\/2020\/02\/18\/carnaval-cinco-curiosidades-sobre-a-historia-da-festa\/#primaryimage\"},\"image\":{\"@id\":\"https:\/\/jornalfatosenoticias.com.br\/index.php\/2020\/02\/18\/carnaval-cinco-curiosidades-sobre-a-historia-da-festa\/#primaryimage\"},\"thumbnailUrl\":\"https:\/\/jornalfatosenoticias.com.br\/wp-content\/uploads\/2020\/02\/curiosidades_carnaval.jpg\",\"datePublished\":\"2020-02-18T12:54:18+00:00\",\"dateModified\":\"2020-02-18T12:54:20+00:00\",\"breadcrumb\":{\"@id\":\"https:\/\/jornalfatosenoticias.com.br\/index.php\/2020\/02\/18\/carnaval-cinco-curiosidades-sobre-a-historia-da-festa\/#breadcrumb\"},\"inLanguage\":\"pt-BR\",\"potentialAction\":[{\"@type\":\"ReadAction\",\"target\":[\"https:\/\/jornalfatosenoticias.com.br\/index.php\/2020\/02\/18\/carnaval-cinco-curiosidades-sobre-a-historia-da-festa\/\"]}]},{\"@type\":\"ImageObject\",\"inLanguage\":\"pt-BR\",\"@id\":\"https:\/\/jornalfatosenoticias.com.br\/index.php\/2020\/02\/18\/carnaval-cinco-curiosidades-sobre-a-historia-da-festa\/#primaryimage\",\"url\":\"https:\/\/jornalfatosenoticias.com.br\/wp-content\/uploads\/2020\/02\/curiosidades_carnaval.jpg\",\"contentUrl\":\"https:\/\/jornalfatosenoticias.com.br\/wp-content\/uploads\/2020\/02\/curiosidades_carnaval.jpg\",\"width\":1200,\"height\":803},{\"@type\":\"BreadcrumbList\",\"@id\":\"https:\/\/jornalfatosenoticias.com.br\/index.php\/2020\/02\/18\/carnaval-cinco-curiosidades-sobre-a-historia-da-festa\/#breadcrumb\",\"itemListElement\":[{\"@type\":\"ListItem\",\"position\":1,\"name\":\"In\u00edcio\",\"item\":\"https:\/\/jornalfatosenoticias.com.br\/\"},{\"@type\":\"ListItem\",\"position\":2,\"name\":\"Carnaval: cinco curiosidades sobre a hist\u00f3ria da festa\"}]},{\"@type\":\"WebSite\",\"@id\":\"https:\/\/jornalfatosenoticias.com.br\/#website\",\"url\":\"https:\/\/jornalfatosenoticias.com.br\/\",\"name\":\"Jornal Fatos e Not\u00edcias\",\"description\":\"Not\u00edcias em geral\",\"publisher\":{\"@id\":\"https:\/\/jornalfatosenoticias.com.br\/#organization\"},\"potentialAction\":[{\"@type\":\"SearchAction\",\"target\":{\"@type\":\"EntryPoint\",\"urlTemplate\":\"https:\/\/jornalfatosenoticias.com.br\/?s={search_term_string}\"},\"query-input\":{\"@type\":\"PropertyValueSpecification\",\"valueRequired\":true,\"valueName\":\"search_term_string\"}}],\"inLanguage\":\"pt-BR\"},{\"@type\":\"Organization\",\"@id\":\"https:\/\/jornalfatosenoticias.com.br\/#organization\",\"name\":\"Jornal Fatos e Not\u00edcias\",\"url\":\"https:\/\/jornalfatosenoticias.com.br\/\",\"logo\":{\"@type\":\"ImageObject\",\"inLanguage\":\"pt-BR\",\"@id\":\"https:\/\/jornalfatosenoticias.com.br\/#\/schema\/logo\/image\/\",\"url\":\"https:\/\/jornalfatosenoticias.com.br\/wp-content\/uploads\/2020\/02\/logo120.png\",\"contentUrl\":\"https:\/\/jornalfatosenoticias.com.br\/wp-content\/uploads\/2020\/02\/logo120.png\",\"width\":1227,\"height\":120,\"caption\":\"Jornal Fatos e Not\u00edcias\"},\"image\":{\"@id\":\"https:\/\/jornalfatosenoticias.com.br\/#\/schema\/logo\/image\/\"}},{\"@type\":\"Person\",\"@id\":\"https:\/\/jornalfatosenoticias.com.br\/#\/schema\/person\/d63837fa13ac8666eb9e74e0985d6f81\",\"name\":\"Luzimara Fernandes\",\"image\":{\"@type\":\"ImageObject\",\"inLanguage\":\"pt-BR\",\"@id\":\"https:\/\/jornalfatosenoticias.com.br\/#\/schema\/person\/image\/\",\"url\":\"https:\/\/jornalfatosenoticias.com.br\/wp-content\/uploads\/2025\/05\/EU_portal.jpg\",\"contentUrl\":\"https:\/\/jornalfatosenoticias.com.br\/wp-content\/uploads\/2025\/05\/EU_portal.jpg\",\"caption\":\"Luzimara Fernandes\"},\"description\":\"Jornalista MTB 2358-ES\",\"sameAs\":[\"https:\/\/jornalfatosenoticias.com.br\"],\"url\":\"https:\/\/jornalfatosenoticias.com.br\/index.php\/author\/luzimara\/\"}]}<\/script>\n<!-- \/ Yoast SEO plugin. -->","yoast_head_json":{"title":"Carnaval: cinco curiosidades sobre a hist\u00f3ria da festa - Jornal Fatos e Not\u00edcias","robots":{"index":"index","follow":"follow","max-snippet":"max-snippet:-1","max-image-preview":"max-image-preview:large","max-video-preview":"max-video-preview:-1"},"canonical":"https:\/\/jornalfatosenoticias.com.br\/index.php\/2020\/02\/18\/carnaval-cinco-curiosidades-sobre-a-historia-da-festa\/","og_locale":"pt_BR","og_type":"article","og_title":"Carnaval: cinco curiosidades sobre a hist\u00f3ria da festa - Jornal Fatos e Not\u00edcias","og_description":"Al\u00e9m do Brasil, outros 50 pa\u00edses celebram a data. Conhe\u00e7a as origens do carnaval e entenda como ele ganhou o mundo Festejado mundialmente 47 dias antes da P\u00e1scoa, o carnaval moderno \u00e9 muito associado \u00e0s religi\u00f5es crist\u00e3s, por representar os \u00faltimos momentos que antecedem a Quaresma \u2014 per\u00edodo religioso de restri\u00e7\u00f5es alimentares e comportamentais que [&hellip;]","og_url":"https:\/\/jornalfatosenoticias.com.br\/index.php\/2020\/02\/18\/carnaval-cinco-curiosidades-sobre-a-historia-da-festa\/","og_site_name":"Jornal Fatos e Not\u00edcias","article_published_time":"2020-02-18T12:54:18+00:00","article_modified_time":"2020-02-18T12:54:20+00:00","og_image":[{"width":1200,"height":803,"url":"https:\/\/jornalfatosenoticias.com.br\/wp-content\/uploads\/2020\/02\/curiosidades_carnaval.jpg","type":"image\/jpeg"}],"author":"Luzimara Fernandes","twitter_card":"summary_large_image","twitter_misc":{"Escrito por":"Luzimara Fernandes","Est. tempo de leitura":"3 minutos"},"schema":{"@context":"https:\/\/schema.org","@graph":[{"@type":"Article","@id":"https:\/\/jornalfatosenoticias.com.br\/index.php\/2020\/02\/18\/carnaval-cinco-curiosidades-sobre-a-historia-da-festa\/#article","isPartOf":{"@id":"https:\/\/jornalfatosenoticias.com.br\/index.php\/2020\/02\/18\/carnaval-cinco-curiosidades-sobre-a-historia-da-festa\/"},"author":{"name":"Luzimara Fernandes","@id":"https:\/\/jornalfatosenoticias.com.br\/#\/schema\/person\/d63837fa13ac8666eb9e74e0985d6f81"},"headline":"Carnaval: cinco curiosidades sobre a hist\u00f3ria da festa","datePublished":"2020-02-18T12:54:18+00:00","dateModified":"2020-02-18T12:54:20+00:00","mainEntityOfPage":{"@id":"https:\/\/jornalfatosenoticias.com.br\/index.php\/2020\/02\/18\/carnaval-cinco-curiosidades-sobre-a-historia-da-festa\/"},"wordCount":611,"commentCount":0,"publisher":{"@id":"https:\/\/jornalfatosenoticias.com.br\/#organization"},"image":{"@id":"https:\/\/jornalfatosenoticias.com.br\/index.php\/2020\/02\/18\/carnaval-cinco-curiosidades-sobre-a-historia-da-festa\/#primaryimage"},"thumbnailUrl":"https:\/\/jornalfatosenoticias.com.br\/wp-content\/uploads\/2020\/02\/curiosidades_carnaval.jpg","articleSection":["Cultura"],"inLanguage":"pt-BR","potentialAction":[{"@type":"CommentAction","name":"Comment","target":["https:\/\/jornalfatosenoticias.com.br\/index.php\/2020\/02\/18\/carnaval-cinco-curiosidades-sobre-a-historia-da-festa\/#respond"]}]},{"@type":"WebPage","@id":"https:\/\/jornalfatosenoticias.com.br\/index.php\/2020\/02\/18\/carnaval-cinco-curiosidades-sobre-a-historia-da-festa\/","url":"https:\/\/jornalfatosenoticias.com.br\/index.php\/2020\/02\/18\/carnaval-cinco-curiosidades-sobre-a-historia-da-festa\/","name":"Carnaval: cinco curiosidades sobre a hist\u00f3ria da festa - Jornal Fatos e Not\u00edcias","isPartOf":{"@id":"https:\/\/jornalfatosenoticias.com.br\/#website"},"primaryImageOfPage":{"@id":"https:\/\/jornalfatosenoticias.com.br\/index.php\/2020\/02\/18\/carnaval-cinco-curiosidades-sobre-a-historia-da-festa\/#primaryimage"},"image":{"@id":"https:\/\/jornalfatosenoticias.com.br\/index.php\/2020\/02\/18\/carnaval-cinco-curiosidades-sobre-a-historia-da-festa\/#primaryimage"},"thumbnailUrl":"https:\/\/jornalfatosenoticias.com.br\/wp-content\/uploads\/2020\/02\/curiosidades_carnaval.jpg","datePublished":"2020-02-18T12:54:18+00:00","dateModified":"2020-02-18T12:54:20+00:00","breadcrumb":{"@id":"https:\/\/jornalfatosenoticias.com.br\/index.php\/2020\/02\/18\/carnaval-cinco-curiosidades-sobre-a-historia-da-festa\/#breadcrumb"},"inLanguage":"pt-BR","potentialAction":[{"@type":"ReadAction","target":["https:\/\/jornalfatosenoticias.com.br\/index.php\/2020\/02\/18\/carnaval-cinco-curiosidades-sobre-a-historia-da-festa\/"]}]},{"@type":"ImageObject","inLanguage":"pt-BR","@id":"https:\/\/jornalfatosenoticias.com.br\/index.php\/2020\/02\/18\/carnaval-cinco-curiosidades-sobre-a-historia-da-festa\/#primaryimage","url":"https:\/\/jornalfatosenoticias.com.br\/wp-content\/uploads\/2020\/02\/curiosidades_carnaval.jpg","contentUrl":"https:\/\/jornalfatosenoticias.com.br\/wp-content\/uploads\/2020\/02\/curiosidades_carnaval.jpg","width":1200,"height":803},{"@type":"BreadcrumbList","@id":"https:\/\/jornalfatosenoticias.com.br\/index.php\/2020\/02\/18\/carnaval-cinco-curiosidades-sobre-a-historia-da-festa\/#breadcrumb","itemListElement":[{"@type":"ListItem","position":1,"name":"In\u00edcio","item":"https:\/\/jornalfatosenoticias.com.br\/"},{"@type":"ListItem","position":2,"name":"Carnaval: cinco curiosidades sobre a hist\u00f3ria da festa"}]},{"@type":"WebSite","@id":"https:\/\/jornalfatosenoticias.com.br\/#website","url":"https:\/\/jornalfatosenoticias.com.br\/","name":"Jornal Fatos e Not\u00edcias","description":"Not\u00edcias em geral","publisher":{"@id":"https:\/\/jornalfatosenoticias.com.br\/#organization"},"potentialAction":[{"@type":"SearchAction","target":{"@type":"EntryPoint","urlTemplate":"https:\/\/jornalfatosenoticias.com.br\/?s={search_term_string}"},"query-input":{"@type":"PropertyValueSpecification","valueRequired":true,"valueName":"search_term_string"}}],"inLanguage":"pt-BR"},{"@type":"Organization","@id":"https:\/\/jornalfatosenoticias.com.br\/#organization","name":"Jornal Fatos e Not\u00edcias","url":"https:\/\/jornalfatosenoticias.com.br\/","logo":{"@type":"ImageObject","inLanguage":"pt-BR","@id":"https:\/\/jornalfatosenoticias.com.br\/#\/schema\/logo\/image\/","url":"https:\/\/jornalfatosenoticias.com.br\/wp-content\/uploads\/2020\/02\/logo120.png","contentUrl":"https:\/\/jornalfatosenoticias.com.br\/wp-content\/uploads\/2020\/02\/logo120.png","width":1227,"height":120,"caption":"Jornal Fatos e Not\u00edcias"},"image":{"@id":"https:\/\/jornalfatosenoticias.com.br\/#\/schema\/logo\/image\/"}},{"@type":"Person","@id":"https:\/\/jornalfatosenoticias.com.br\/#\/schema\/person\/d63837fa13ac8666eb9e74e0985d6f81","name":"Luzimara Fernandes","image":{"@type":"ImageObject","inLanguage":"pt-BR","@id":"https:\/\/jornalfatosenoticias.com.br\/#\/schema\/person\/image\/","url":"https:\/\/jornalfatosenoticias.com.br\/wp-content\/uploads\/2025\/05\/EU_portal.jpg","contentUrl":"https:\/\/jornalfatosenoticias.com.br\/wp-content\/uploads\/2025\/05\/EU_portal.jpg","caption":"Luzimara Fernandes"},"description":"Jornalista MTB 2358-ES","sameAs":["https:\/\/jornalfatosenoticias.com.br"],"url":"https:\/\/jornalfatosenoticias.com.br\/index.php\/author\/luzimara\/"}]}},"cc_featured_image_caption":{"caption_text":"","source_text":"","source_url":""},"jetpack_featured_media_url":"https:\/\/jornalfatosenoticias.com.br\/wp-content\/uploads\/2020\/02\/curiosidades_carnaval.jpg","_links":{"self":[{"href":"https:\/\/jornalfatosenoticias.com.br\/index.php\/wp-json\/wp\/v2\/posts\/1179","targetHints":{"allow":["GET"]}}],"collection":[{"href":"https:\/\/jornalfatosenoticias.com.br\/index.php\/wp-json\/wp\/v2\/posts"}],"about":[{"href":"https:\/\/jornalfatosenoticias.com.br\/index.php\/wp-json\/wp\/v2\/types\/post"}],"author":[{"embeddable":true,"href":"https:\/\/jornalfatosenoticias.com.br\/index.php\/wp-json\/wp\/v2\/users\/2"}],"replies":[{"embeddable":true,"href":"https:\/\/jornalfatosenoticias.com.br\/index.php\/wp-json\/wp\/v2\/comments?post=1179"}],"version-history":[{"count":0,"href":"https:\/\/jornalfatosenoticias.com.br\/index.php\/wp-json\/wp\/v2\/posts\/1179\/revisions"}],"wp:featuredmedia":[{"embeddable":true,"href":"https:\/\/jornalfatosenoticias.com.br\/index.php\/wp-json\/wp\/v2\/media\/1180"}],"wp:attachment":[{"href":"https:\/\/jornalfatosenoticias.com.br\/index.php\/wp-json\/wp\/v2\/media?parent=1179"}],"wp:term":[{"taxonomy":"category","embeddable":true,"href":"https:\/\/jornalfatosenoticias.com.br\/index.php\/wp-json\/wp\/v2\/categories?post=1179"},{"taxonomy":"post_tag","embeddable":true,"href":"https:\/\/jornalfatosenoticias.com.br\/index.php\/wp-json\/wp\/v2\/tags?post=1179"}],"curies":[{"name":"wp","href":"https:\/\/api.w.org\/{rel}","templated":true}]}}