{"id":1187,"date":"2020-02-18T10:22:49","date_gmt":"2020-02-18T13:22:49","guid":{"rendered":"https:\/\/jornalfatosenoticias.com.br\/?p=1187"},"modified":"2020-02-18T10:22:49","modified_gmt":"2020-02-18T13:22:49","slug":"divulgadas-primeiras-imagens-do-novo-coronavirus-causador-da-covid-19","status":"publish","type":"post","link":"https:\/\/jornalfatosenoticias.com.br\/index.php\/2020\/02\/18\/divulgadas-primeiras-imagens-do-novo-coronavirus-causador-da-covid-19\/","title":{"rendered":"Divulgadas primeiras imagens do novo coronav\u00edrus, causador da Covid-19"},"content":{"rendered":"\n<h4 class=\"wp-block-heading\"><em>Os picos na superf\u00edcie do organismo, que parecem uma coroa, d\u00e3o nome \u00e0 fam\u00edlia viral. Confira as imagens publicadas por instituto norte-americano<\/em><\/h4>\n\n\n\n<p>Agora conhecemos a &#8220;cara&#8221; do SARS-CoV-2, v\u00edrus da Covid-19, doen\u00e7a que j\u00e1 matou 1.486 pessoas e infectou outras 64 mil ao redor do mundo. As imagens de microscopia do novo coronav\u00edrus foram produzidas pelo Instituto Nacional de Alergia e Doen\u00e7as Infecciosas dos Estados Unidos (NIAID) e divulgadas na \u00faltima quinta-feira (13).<br>\nEm comunicado, o NIAID observa que o novo v\u00edrus \u00e9 bastante semelhante aos outros organismos da fam\u00edlia viral, como o SARS-CoV original (coronav\u00edrus da s\u00edndrome respirat\u00f3ria aguda grave, que surgiu em 2002) e o MERS-CoV (coronav\u00edrus da s\u00edndrome respirat\u00f3ria do Oriente M\u00e9dio, que surgiu em 2012).<\/p>\n\n\n\n<figure class=\"wp-block-image size-large\"><img loading=\"lazy\" decoding=\"async\" width=\"880\" height=\"658\" src=\"https:\/\/jornalfatosenoticias.com.br\/wp-content\/uploads\/2020\/02\/novel-coronavirus-sars-cov-2.jpg\" alt=\"\" class=\"wp-image-1188\" srcset=\"https:\/\/jornalfatosenoticias.com.br\/wp-content\/uploads\/2020\/02\/novel-coronavirus-sars-cov-2.jpg 880w, https:\/\/jornalfatosenoticias.com.br\/wp-content\/uploads\/2020\/02\/novel-coronavirus-sars-cov-2-300x224.jpg 300w, https:\/\/jornalfatosenoticias.com.br\/wp-content\/uploads\/2020\/02\/novel-coronavirus-sars-cov-2-768x574.jpg 768w\" sizes=\"auto, (max-width: 880px) 100vw, 880px\" \/><figcaption><em>Os picos na superf\u00edcie do organismo d\u00e3o esse nome a essa fam\u00edlia de v\u00edrus, pois corona significa coroa em latim (Foto: NIAID-RML)<\/em><\/figcaption><\/figure>\n\n\n\n<p>Essa n\u00e3o \u00e9 nenhuma surpresa para os pesquisadores, afinal, era o que esperavam tendo em vista que todos eles pertencem ao mesmo grupo. Vale a pena notar os pequenos picos na superf\u00edcie dos coronav\u00edrus, que lembram o formato de uma coroa e que d\u00e3o nome a essa fam\u00edlia viral, pois corona significa &#8220;coroa&#8221; em latim.<\/p>\n\n\n\n<figure class=\"wp-block-image size-large\"><img loading=\"lazy\" decoding=\"async\" width=\"880\" height=\"658\" src=\"https:\/\/jornalfatosenoticias.com.br\/wp-content\/uploads\/2020\/02\/novel-coronavirus-sars-cov-3.jpg\" alt=\"\" class=\"wp-image-1189\" srcset=\"https:\/\/jornalfatosenoticias.com.br\/wp-content\/uploads\/2020\/02\/novel-coronavirus-sars-cov-3.jpg 880w, https:\/\/jornalfatosenoticias.com.br\/wp-content\/uploads\/2020\/02\/novel-coronavirus-sars-cov-3-300x224.jpg 300w, https:\/\/jornalfatosenoticias.com.br\/wp-content\/uploads\/2020\/02\/novel-coronavirus-sars-cov-3-768x574.jpg 768w\" sizes=\"auto, (max-width: 880px) 100vw, 880px\" \/><figcaption><em>Imagens feitas com aux\u00edlio de microsc\u00f3pios digitais (Foto: NIAID-RML)<\/em><\/figcaption><\/figure>\n\n\n\n<figure class=\"wp-block-image size-large\"><img loading=\"lazy\" decoding=\"async\" width=\"880\" height=\"686\" src=\"https:\/\/jornalfatosenoticias.com.br\/wp-content\/uploads\/2020\/02\/covid-19_coronavirus-1.jpg\" alt=\"\" class=\"wp-image-1192\" srcset=\"https:\/\/jornalfatosenoticias.com.br\/wp-content\/uploads\/2020\/02\/covid-19_coronavirus-1.jpg 880w, https:\/\/jornalfatosenoticias.com.br\/wp-content\/uploads\/2020\/02\/covid-19_coronavirus-1-300x234.jpg 300w, https:\/\/jornalfatosenoticias.com.br\/wp-content\/uploads\/2020\/02\/covid-19_coronavirus-1-768x599.jpg 768w\" sizes=\"auto, (max-width: 880px) 100vw, 880px\" \/><figcaption><em>Divulgadas primeiras imagens do Covid-19, coronav\u00edrus que j\u00e1 matou 1400 (Foto: NIAID-RML)<\/em><\/figcaption><\/figure>\n\n\n\n<figure class=\"wp-block-image size-large\"><img loading=\"lazy\" decoding=\"async\" width=\"880\" height=\"878\" src=\"https:\/\/jornalfatosenoticias.com.br\/wp-content\/uploads\/2020\/02\/novel-coronavirus-sars-cov-4-1.jpg\" alt=\"\" class=\"wp-image-1193\" srcset=\"https:\/\/jornalfatosenoticias.com.br\/wp-content\/uploads\/2020\/02\/novel-coronavirus-sars-cov-4-1.jpg 880w, https:\/\/jornalfatosenoticias.com.br\/wp-content\/uploads\/2020\/02\/novel-coronavirus-sars-cov-4-1-300x300.jpg 300w, https:\/\/jornalfatosenoticias.com.br\/wp-content\/uploads\/2020\/02\/novel-coronavirus-sars-cov-4-1-150x150.jpg 150w, https:\/\/jornalfatosenoticias.com.br\/wp-content\/uploads\/2020\/02\/novel-coronavirus-sars-cov-4-1-768x766.jpg 768w\" sizes=\"auto, (max-width: 880px) 100vw, 880px\" \/><figcaption><em>SARS-CoV-2, tamb\u00e9m conhecido como 2019-nCoV (Foto: NIAID-RML)<\/em><\/figcaption><\/figure>\n\n\n\n<p><strong><em>Fonte: Galileu.com<\/em><\/strong><\/p>\n","protected":false},"excerpt":{"rendered":"<p>Os picos na superf\u00edcie do organismo, que parecem uma coroa, d\u00e3o nome \u00e0 fam\u00edlia viral. Confira as imagens publicadas por instituto norte-americano Agora conhecemos a &#8220;cara&#8221; do SARS-CoV-2, v\u00edrus da Covid-19, doen\u00e7a que j\u00e1 matou 1.486 pessoas e infectou outras 64 mil ao redor do mundo. As imagens de microscopia do novo coronav\u00edrus foram produzidas [&hellip;]<\/p>\n","protected":false},"author":2,"featured_media":1192,"comment_status":"open","ping_status":"open","sticky":false,"template":"","format":"standard","meta":{"footnotes":""},"categories":[11],"tags":[],"class_list":["post-1187","post","type-post","status-publish","format-standard","has-post-thumbnail","hentry","category-saude"],"yoast_head":"<!-- This site is optimized with the Yoast SEO plugin v26.5 - https:\/\/yoast.com\/wordpress\/plugins\/seo\/ -->\n<title>Divulgadas primeiras imagens do novo coronav\u00edrus, causador da Covid-19 - Jornal Fatos e Not\u00edcias<\/title>\n<meta name=\"robots\" content=\"index, follow, max-snippet:-1, max-image-preview:large, max-video-preview:-1\" \/>\n<link rel=\"canonical\" href=\"https:\/\/jornalfatosenoticias.com.br\/index.php\/2020\/02\/18\/divulgadas-primeiras-imagens-do-novo-coronavirus-causador-da-covid-19\/\" \/>\n<meta property=\"og:locale\" content=\"pt_BR\" \/>\n<meta property=\"og:type\" content=\"article\" \/>\n<meta property=\"og:title\" content=\"Divulgadas primeiras imagens do novo coronav\u00edrus, causador da Covid-19 - Jornal Fatos e Not\u00edcias\" \/>\n<meta property=\"og:description\" content=\"Os picos na superf\u00edcie do organismo, que parecem uma coroa, d\u00e3o nome \u00e0 fam\u00edlia viral. Confira as imagens publicadas por instituto norte-americano Agora conhecemos a &#8220;cara&#8221; do SARS-CoV-2, v\u00edrus da Covid-19, doen\u00e7a que j\u00e1 matou 1.486 pessoas e infectou outras 64 mil ao redor do mundo. As imagens de microscopia do novo coronav\u00edrus foram produzidas [&hellip;]\" \/>\n<meta property=\"og:url\" content=\"https:\/\/jornalfatosenoticias.com.br\/index.php\/2020\/02\/18\/divulgadas-primeiras-imagens-do-novo-coronavirus-causador-da-covid-19\/\" \/>\n<meta property=\"og:site_name\" content=\"Jornal Fatos e Not\u00edcias\" \/>\n<meta property=\"article:published_time\" content=\"2020-02-18T13:22:49+00:00\" \/>\n<meta property=\"og:image\" content=\"https:\/\/jornalfatosenoticias.com.br\/wp-content\/uploads\/2020\/02\/covid-19_coronavirus-1.jpg\" \/>\n\t<meta property=\"og:image:width\" content=\"880\" \/>\n\t<meta property=\"og:image:height\" content=\"686\" \/>\n\t<meta property=\"og:image:type\" content=\"image\/jpeg\" \/>\n<meta name=\"author\" content=\"Luzimara Fernandes\" \/>\n<meta name=\"twitter:card\" content=\"summary_large_image\" \/>\n<meta name=\"twitter:label1\" content=\"Escrito por\" \/>\n\t<meta name=\"twitter:data1\" content=\"Luzimara Fernandes\" \/>\n\t<meta name=\"twitter:label2\" content=\"Est. tempo de leitura\" \/>\n\t<meta name=\"twitter:data2\" content=\"1 minuto\" \/>\n<script type=\"application\/ld+json\" class=\"yoast-schema-graph\">{\"@context\":\"https:\/\/schema.org\",\"@graph\":[{\"@type\":\"Article\",\"@id\":\"https:\/\/jornalfatosenoticias.com.br\/index.php\/2020\/02\/18\/divulgadas-primeiras-imagens-do-novo-coronavirus-causador-da-covid-19\/#article\",\"isPartOf\":{\"@id\":\"https:\/\/jornalfatosenoticias.com.br\/index.php\/2020\/02\/18\/divulgadas-primeiras-imagens-do-novo-coronavirus-causador-da-covid-19\/\"},\"author\":{\"name\":\"Luzimara Fernandes\",\"@id\":\"https:\/\/jornalfatosenoticias.com.br\/#\/schema\/person\/d63837fa13ac8666eb9e74e0985d6f81\"},\"headline\":\"Divulgadas primeiras imagens do novo coronav\u00edrus, causador da Covid-19\",\"datePublished\":\"2020-02-18T13:22:49+00:00\",\"mainEntityOfPage\":{\"@id\":\"https:\/\/jornalfatosenoticias.com.br\/index.php\/2020\/02\/18\/divulgadas-primeiras-imagens-do-novo-coronavirus-causador-da-covid-19\/\"},\"wordCount\":257,\"commentCount\":0,\"publisher\":{\"@id\":\"https:\/\/jornalfatosenoticias.com.br\/#organization\"},\"image\":{\"@id\":\"https:\/\/jornalfatosenoticias.com.br\/index.php\/2020\/02\/18\/divulgadas-primeiras-imagens-do-novo-coronavirus-causador-da-covid-19\/#primaryimage\"},\"thumbnailUrl\":\"https:\/\/jornalfatosenoticias.com.br\/wp-content\/uploads\/2020\/02\/covid-19_coronavirus-1.jpg\",\"articleSection\":[\"Sa\u00fade\"],\"inLanguage\":\"pt-BR\",\"potentialAction\":[{\"@type\":\"CommentAction\",\"name\":\"Comment\",\"target\":[\"https:\/\/jornalfatosenoticias.com.br\/index.php\/2020\/02\/18\/divulgadas-primeiras-imagens-do-novo-coronavirus-causador-da-covid-19\/#respond\"]}]},{\"@type\":\"WebPage\",\"@id\":\"https:\/\/jornalfatosenoticias.com.br\/index.php\/2020\/02\/18\/divulgadas-primeiras-imagens-do-novo-coronavirus-causador-da-covid-19\/\",\"url\":\"https:\/\/jornalfatosenoticias.com.br\/index.php\/2020\/02\/18\/divulgadas-primeiras-imagens-do-novo-coronavirus-causador-da-covid-19\/\",\"name\":\"Divulgadas primeiras imagens do novo coronav\u00edrus, causador da Covid-19 - Jornal Fatos e Not\u00edcias\",\"isPartOf\":{\"@id\":\"https:\/\/jornalfatosenoticias.com.br\/#website\"},\"primaryImageOfPage\":{\"@id\":\"https:\/\/jornalfatosenoticias.com.br\/index.php\/2020\/02\/18\/divulgadas-primeiras-imagens-do-novo-coronavirus-causador-da-covid-19\/#primaryimage\"},\"image\":{\"@id\":\"https:\/\/jornalfatosenoticias.com.br\/index.php\/2020\/02\/18\/divulgadas-primeiras-imagens-do-novo-coronavirus-causador-da-covid-19\/#primaryimage\"},\"thumbnailUrl\":\"https:\/\/jornalfatosenoticias.com.br\/wp-content\/uploads\/2020\/02\/covid-19_coronavirus-1.jpg\",\"datePublished\":\"2020-02-18T13:22:49+00:00\",\"breadcrumb\":{\"@id\":\"https:\/\/jornalfatosenoticias.com.br\/index.php\/2020\/02\/18\/divulgadas-primeiras-imagens-do-novo-coronavirus-causador-da-covid-19\/#breadcrumb\"},\"inLanguage\":\"pt-BR\",\"potentialAction\":[{\"@type\":\"ReadAction\",\"target\":[\"https:\/\/jornalfatosenoticias.com.br\/index.php\/2020\/02\/18\/divulgadas-primeiras-imagens-do-novo-coronavirus-causador-da-covid-19\/\"]}]},{\"@type\":\"ImageObject\",\"inLanguage\":\"pt-BR\",\"@id\":\"https:\/\/jornalfatosenoticias.com.br\/index.php\/2020\/02\/18\/divulgadas-primeiras-imagens-do-novo-coronavirus-causador-da-covid-19\/#primaryimage\",\"url\":\"https:\/\/jornalfatosenoticias.com.br\/wp-content\/uploads\/2020\/02\/covid-19_coronavirus-1.jpg\",\"contentUrl\":\"https:\/\/jornalfatosenoticias.com.br\/wp-content\/uploads\/2020\/02\/covid-19_coronavirus-1.jpg\",\"width\":880,\"height\":686},{\"@type\":\"BreadcrumbList\",\"@id\":\"https:\/\/jornalfatosenoticias.com.br\/index.php\/2020\/02\/18\/divulgadas-primeiras-imagens-do-novo-coronavirus-causador-da-covid-19\/#breadcrumb\",\"itemListElement\":[{\"@type\":\"ListItem\",\"position\":1,\"name\":\"In\u00edcio\",\"item\":\"https:\/\/jornalfatosenoticias.com.br\/\"},{\"@type\":\"ListItem\",\"position\":2,\"name\":\"Divulgadas primeiras imagens do novo coronav\u00edrus, causador da Covid-19\"}]},{\"@type\":\"WebSite\",\"@id\":\"https:\/\/jornalfatosenoticias.com.br\/#website\",\"url\":\"https:\/\/jornalfatosenoticias.com.br\/\",\"name\":\"Jornal Fatos e Not\u00edcias\",\"description\":\"Not\u00edcias em geral\",\"publisher\":{\"@id\":\"https:\/\/jornalfatosenoticias.com.br\/#organization\"},\"potentialAction\":[{\"@type\":\"SearchAction\",\"target\":{\"@type\":\"EntryPoint\",\"urlTemplate\":\"https:\/\/jornalfatosenoticias.com.br\/?s={search_term_string}\"},\"query-input\":{\"@type\":\"PropertyValueSpecification\",\"valueRequired\":true,\"valueName\":\"search_term_string\"}}],\"inLanguage\":\"pt-BR\"},{\"@type\":\"Organization\",\"@id\":\"https:\/\/jornalfatosenoticias.com.br\/#organization\",\"name\":\"Jornal Fatos e Not\u00edcias\",\"url\":\"https:\/\/jornalfatosenoticias.com.br\/\",\"logo\":{\"@type\":\"ImageObject\",\"inLanguage\":\"pt-BR\",\"@id\":\"https:\/\/jornalfatosenoticias.com.br\/#\/schema\/logo\/image\/\",\"url\":\"https:\/\/jornalfatosenoticias.com.br\/wp-content\/uploads\/2020\/02\/logo120.png\",\"contentUrl\":\"https:\/\/jornalfatosenoticias.com.br\/wp-content\/uploads\/2020\/02\/logo120.png\",\"width\":1227,\"height\":120,\"caption\":\"Jornal Fatos e Not\u00edcias\"},\"image\":{\"@id\":\"https:\/\/jornalfatosenoticias.com.br\/#\/schema\/logo\/image\/\"}},{\"@type\":\"Person\",\"@id\":\"https:\/\/jornalfatosenoticias.com.br\/#\/schema\/person\/d63837fa13ac8666eb9e74e0985d6f81\",\"name\":\"Luzimara Fernandes\",\"image\":{\"@type\":\"ImageObject\",\"inLanguage\":\"pt-BR\",\"@id\":\"https:\/\/jornalfatosenoticias.com.br\/#\/schema\/person\/image\/\",\"url\":\"https:\/\/jornalfatosenoticias.com.br\/wp-content\/uploads\/2025\/05\/EU_portal.jpg\",\"contentUrl\":\"https:\/\/jornalfatosenoticias.com.br\/wp-content\/uploads\/2025\/05\/EU_portal.jpg\",\"caption\":\"Luzimara Fernandes\"},\"description\":\"Jornalista MTB 2358-ES\",\"sameAs\":[\"https:\/\/jornalfatosenoticias.com.br\"],\"url\":\"https:\/\/jornalfatosenoticias.com.br\/index.php\/author\/luzimara\/\"}]}<\/script>\n<!-- \/ Yoast SEO plugin. -->","yoast_head_json":{"title":"Divulgadas primeiras imagens do novo coronav\u00edrus, causador da Covid-19 - Jornal Fatos e Not\u00edcias","robots":{"index":"index","follow":"follow","max-snippet":"max-snippet:-1","max-image-preview":"max-image-preview:large","max-video-preview":"max-video-preview:-1"},"canonical":"https:\/\/jornalfatosenoticias.com.br\/index.php\/2020\/02\/18\/divulgadas-primeiras-imagens-do-novo-coronavirus-causador-da-covid-19\/","og_locale":"pt_BR","og_type":"article","og_title":"Divulgadas primeiras imagens do novo coronav\u00edrus, causador da Covid-19 - Jornal Fatos e Not\u00edcias","og_description":"Os picos na superf\u00edcie do organismo, que parecem uma coroa, d\u00e3o nome \u00e0 fam\u00edlia viral. Confira as imagens publicadas por instituto norte-americano Agora conhecemos a &#8220;cara&#8221; do SARS-CoV-2, v\u00edrus da Covid-19, doen\u00e7a que j\u00e1 matou 1.486 pessoas e infectou outras 64 mil ao redor do mundo. As imagens de microscopia do novo coronav\u00edrus foram produzidas [&hellip;]","og_url":"https:\/\/jornalfatosenoticias.com.br\/index.php\/2020\/02\/18\/divulgadas-primeiras-imagens-do-novo-coronavirus-causador-da-covid-19\/","og_site_name":"Jornal Fatos e Not\u00edcias","article_published_time":"2020-02-18T13:22:49+00:00","og_image":[{"width":880,"height":686,"url":"https:\/\/jornalfatosenoticias.com.br\/wp-content\/uploads\/2020\/02\/covid-19_coronavirus-1.jpg","type":"image\/jpeg"}],"author":"Luzimara Fernandes","twitter_card":"summary_large_image","twitter_misc":{"Escrito por":"Luzimara Fernandes","Est. tempo de leitura":"1 minuto"},"schema":{"@context":"https:\/\/schema.org","@graph":[{"@type":"Article","@id":"https:\/\/jornalfatosenoticias.com.br\/index.php\/2020\/02\/18\/divulgadas-primeiras-imagens-do-novo-coronavirus-causador-da-covid-19\/#article","isPartOf":{"@id":"https:\/\/jornalfatosenoticias.com.br\/index.php\/2020\/02\/18\/divulgadas-primeiras-imagens-do-novo-coronavirus-causador-da-covid-19\/"},"author":{"name":"Luzimara Fernandes","@id":"https:\/\/jornalfatosenoticias.com.br\/#\/schema\/person\/d63837fa13ac8666eb9e74e0985d6f81"},"headline":"Divulgadas primeiras imagens do novo coronav\u00edrus, causador da Covid-19","datePublished":"2020-02-18T13:22:49+00:00","mainEntityOfPage":{"@id":"https:\/\/jornalfatosenoticias.com.br\/index.php\/2020\/02\/18\/divulgadas-primeiras-imagens-do-novo-coronavirus-causador-da-covid-19\/"},"wordCount":257,"commentCount":0,"publisher":{"@id":"https:\/\/jornalfatosenoticias.com.br\/#organization"},"image":{"@id":"https:\/\/jornalfatosenoticias.com.br\/index.php\/2020\/02\/18\/divulgadas-primeiras-imagens-do-novo-coronavirus-causador-da-covid-19\/#primaryimage"},"thumbnailUrl":"https:\/\/jornalfatosenoticias.com.br\/wp-content\/uploads\/2020\/02\/covid-19_coronavirus-1.jpg","articleSection":["Sa\u00fade"],"inLanguage":"pt-BR","potentialAction":[{"@type":"CommentAction","name":"Comment","target":["https:\/\/jornalfatosenoticias.com.br\/index.php\/2020\/02\/18\/divulgadas-primeiras-imagens-do-novo-coronavirus-causador-da-covid-19\/#respond"]}]},{"@type":"WebPage","@id":"https:\/\/jornalfatosenoticias.com.br\/index.php\/2020\/02\/18\/divulgadas-primeiras-imagens-do-novo-coronavirus-causador-da-covid-19\/","url":"https:\/\/jornalfatosenoticias.com.br\/index.php\/2020\/02\/18\/divulgadas-primeiras-imagens-do-novo-coronavirus-causador-da-covid-19\/","name":"Divulgadas primeiras imagens do novo coronav\u00edrus, causador da Covid-19 - Jornal Fatos e Not\u00edcias","isPartOf":{"@id":"https:\/\/jornalfatosenoticias.com.br\/#website"},"primaryImageOfPage":{"@id":"https:\/\/jornalfatosenoticias.com.br\/index.php\/2020\/02\/18\/divulgadas-primeiras-imagens-do-novo-coronavirus-causador-da-covid-19\/#primaryimage"},"image":{"@id":"https:\/\/jornalfatosenoticias.com.br\/index.php\/2020\/02\/18\/divulgadas-primeiras-imagens-do-novo-coronavirus-causador-da-covid-19\/#primaryimage"},"thumbnailUrl":"https:\/\/jornalfatosenoticias.com.br\/wp-content\/uploads\/2020\/02\/covid-19_coronavirus-1.jpg","datePublished":"2020-02-18T13:22:49+00:00","breadcrumb":{"@id":"https:\/\/jornalfatosenoticias.com.br\/index.php\/2020\/02\/18\/divulgadas-primeiras-imagens-do-novo-coronavirus-causador-da-covid-19\/#breadcrumb"},"inLanguage":"pt-BR","potentialAction":[{"@type":"ReadAction","target":["https:\/\/jornalfatosenoticias.com.br\/index.php\/2020\/02\/18\/divulgadas-primeiras-imagens-do-novo-coronavirus-causador-da-covid-19\/"]}]},{"@type":"ImageObject","inLanguage":"pt-BR","@id":"https:\/\/jornalfatosenoticias.com.br\/index.php\/2020\/02\/18\/divulgadas-primeiras-imagens-do-novo-coronavirus-causador-da-covid-19\/#primaryimage","url":"https:\/\/jornalfatosenoticias.com.br\/wp-content\/uploads\/2020\/02\/covid-19_coronavirus-1.jpg","contentUrl":"https:\/\/jornalfatosenoticias.com.br\/wp-content\/uploads\/2020\/02\/covid-19_coronavirus-1.jpg","width":880,"height":686},{"@type":"BreadcrumbList","@id":"https:\/\/jornalfatosenoticias.com.br\/index.php\/2020\/02\/18\/divulgadas-primeiras-imagens-do-novo-coronavirus-causador-da-covid-19\/#breadcrumb","itemListElement":[{"@type":"ListItem","position":1,"name":"In\u00edcio","item":"https:\/\/jornalfatosenoticias.com.br\/"},{"@type":"ListItem","position":2,"name":"Divulgadas primeiras imagens do novo coronav\u00edrus, causador da Covid-19"}]},{"@type":"WebSite","@id":"https:\/\/jornalfatosenoticias.com.br\/#website","url":"https:\/\/jornalfatosenoticias.com.br\/","name":"Jornal Fatos e Not\u00edcias","description":"Not\u00edcias em geral","publisher":{"@id":"https:\/\/jornalfatosenoticias.com.br\/#organization"},"potentialAction":[{"@type":"SearchAction","target":{"@type":"EntryPoint","urlTemplate":"https:\/\/jornalfatosenoticias.com.br\/?s={search_term_string}"},"query-input":{"@type":"PropertyValueSpecification","valueRequired":true,"valueName":"search_term_string"}}],"inLanguage":"pt-BR"},{"@type":"Organization","@id":"https:\/\/jornalfatosenoticias.com.br\/#organization","name":"Jornal Fatos e Not\u00edcias","url":"https:\/\/jornalfatosenoticias.com.br\/","logo":{"@type":"ImageObject","inLanguage":"pt-BR","@id":"https:\/\/jornalfatosenoticias.com.br\/#\/schema\/logo\/image\/","url":"https:\/\/jornalfatosenoticias.com.br\/wp-content\/uploads\/2020\/02\/logo120.png","contentUrl":"https:\/\/jornalfatosenoticias.com.br\/wp-content\/uploads\/2020\/02\/logo120.png","width":1227,"height":120,"caption":"Jornal Fatos e Not\u00edcias"},"image":{"@id":"https:\/\/jornalfatosenoticias.com.br\/#\/schema\/logo\/image\/"}},{"@type":"Person","@id":"https:\/\/jornalfatosenoticias.com.br\/#\/schema\/person\/d63837fa13ac8666eb9e74e0985d6f81","name":"Luzimara Fernandes","image":{"@type":"ImageObject","inLanguage":"pt-BR","@id":"https:\/\/jornalfatosenoticias.com.br\/#\/schema\/person\/image\/","url":"https:\/\/jornalfatosenoticias.com.br\/wp-content\/uploads\/2025\/05\/EU_portal.jpg","contentUrl":"https:\/\/jornalfatosenoticias.com.br\/wp-content\/uploads\/2025\/05\/EU_portal.jpg","caption":"Luzimara Fernandes"},"description":"Jornalista MTB 2358-ES","sameAs":["https:\/\/jornalfatosenoticias.com.br"],"url":"https:\/\/jornalfatosenoticias.com.br\/index.php\/author\/luzimara\/"}]}},"cc_featured_image_caption":{"caption_text":"","source_text":"","source_url":""},"jetpack_featured_media_url":"https:\/\/jornalfatosenoticias.com.br\/wp-content\/uploads\/2020\/02\/covid-19_coronavirus-1.jpg","_links":{"self":[{"href":"https:\/\/jornalfatosenoticias.com.br\/index.php\/wp-json\/wp\/v2\/posts\/1187","targetHints":{"allow":["GET"]}}],"collection":[{"href":"https:\/\/jornalfatosenoticias.com.br\/index.php\/wp-json\/wp\/v2\/posts"}],"about":[{"href":"https:\/\/jornalfatosenoticias.com.br\/index.php\/wp-json\/wp\/v2\/types\/post"}],"author":[{"embeddable":true,"href":"https:\/\/jornalfatosenoticias.com.br\/index.php\/wp-json\/wp\/v2\/users\/2"}],"replies":[{"embeddable":true,"href":"https:\/\/jornalfatosenoticias.com.br\/index.php\/wp-json\/wp\/v2\/comments?post=1187"}],"version-history":[{"count":0,"href":"https:\/\/jornalfatosenoticias.com.br\/index.php\/wp-json\/wp\/v2\/posts\/1187\/revisions"}],"wp:featuredmedia":[{"embeddable":true,"href":"https:\/\/jornalfatosenoticias.com.br\/index.php\/wp-json\/wp\/v2\/media\/1192"}],"wp:attachment":[{"href":"https:\/\/jornalfatosenoticias.com.br\/index.php\/wp-json\/wp\/v2\/media?parent=1187"}],"wp:term":[{"taxonomy":"category","embeddable":true,"href":"https:\/\/jornalfatosenoticias.com.br\/index.php\/wp-json\/wp\/v2\/categories?post=1187"},{"taxonomy":"post_tag","embeddable":true,"href":"https:\/\/jornalfatosenoticias.com.br\/index.php\/wp-json\/wp\/v2\/tags?post=1187"}],"curies":[{"name":"wp","href":"https:\/\/api.w.org\/{rel}","templated":true}]}}