{"id":11904,"date":"2020-11-30T17:47:52","date_gmt":"2020-11-30T20:47:52","guid":{"rendered":"https:\/\/jornalfatosenoticias.com.br\/?p=11904"},"modified":"2020-11-30T17:47:54","modified_gmt":"2020-11-30T20:47:54","slug":"o-elefante-mais-solitario-do-mundo-sera-libertado-apos-maus-tratos-em-zoologico","status":"publish","type":"post","link":"https:\/\/jornalfatosenoticias.com.br\/index.php\/2020\/11\/30\/o-elefante-mais-solitario-do-mundo-sera-libertado-apos-maus-tratos-em-zoologico\/","title":{"rendered":"O elefante \u2018mais solit\u00e1rio do mundo\u2019 ser\u00e1 libertado ap\u00f3s maus-tratos em zool\u00f3gico"},"content":{"rendered":"\n<h6 class=\"wp-block-heading\"><em>Por tr\u00eas d\u00e9cadas, Kaavan ficou preso em um zool\u00f3gico do Paquist\u00e3o, onde vivia sozinho e sofria maus-tratos. Agora, com a ajuda da cantora Cher, finalmente o animal ser\u00e1 libertado para viver na natureza<\/em><\/h6>\n\n\n\n<p>Por d\u00e9cadas, o \u201cmais solit\u00e1rio elefante do mundo\u201d divertiu multid\u00f5es em seu pequeno peda\u00e7o de terra em um zool\u00f3gico do Paquist\u00e3o. Os visitantes aplaudiam quando ele os saudava, instigado pelos cuidadores que o cutucavam com ganchos pregados na pele. Mais do que tudo, o objetivo era ganhar dinheiro.<br>\u00c0 sua volta, outros animais desapareceram enquanto sua \u00fanica companheira morreu, supostamente de sepse causada pelos ganchos cravados em sua pele.<br>Por anos, parecia que ningu\u00e9m se importava com o destino solit\u00e1rio do elefante. Suas feridas infeccionaram e as correntes em torno de suas pernas deixaram cicatrizes permanentes. Ele ficou obeso e cheio de traumas.<br>Mas, o elefante mais solit\u00e1rio do mundo, como ficou conhecido, finalmente deixar\u00e1 para tr\u00e1s seu antigo cativeiro para uma nova vida no outro lado do continente, gra\u00e7as \u00e0 determina\u00e7\u00e3o de volunt\u00e1rios e, de maneira surpreendente, de um \u00edcone da m\u00fasica pop, a cantora americana Cher.<br>Esta \u00e9 a hist\u00f3ria de Kaavan, que come\u00e7a com uma ora\u00e7\u00e3o e termina com uma can\u00e7\u00e3o.<\/p>\n\n\n\n<h4 class=\"wp-block-heading\">A ora\u00e7\u00e3o<\/h4>\n\n\n\n<p>Kaavan poderia nunca ter ido ao Paquist\u00e3o se n\u00e3o fosse por um filme de Bollywood, a ind\u00fastria de cinema da \u00cdndia. Mas tamb\u00e9m houve alguma complicada diplomacia internacional e caprichos de uma menina.<br>Zain Zia, filha do ent\u00e3o governante militar do Paquist\u00e3o, Gen Ziaul Haq, se apaixonou por elefantes depois de assistir ao filme Haathi Mere Saathi (sucesso indiano dos anos 1970, e que, em tradu\u00e7\u00e3o livre para o portugu\u00eas, se chamaria Elefantes, meus amigos).<br>Zain Zia, ent\u00e3o, fez uma ora\u00e7\u00e3o. \u201cEu olhei para o c\u00e9u e rezei: \u2018Allah Mian, me d\u00ea um haathi mera saathi\u2019 (\u201cquerido Deus, me d\u00ea um elefante para ser meu amigo\u201d)\u201d, disse Zain \u00e0 BBC, recentemente.<br>Sua ora\u00e7\u00e3o foi ouvida por seu pai, conta. Certa manh\u00e3, n\u00e3o muito tempo depois, quando Zain se preparava para ir \u00e0 escola, Gen Haq pediu que ela parasse. Ele colocou uma venda na filha e a levou para o gramado nos fundos da casa. \u201cEle disse que havia uma surpresa para mim\u201d, ela lembra.<br>\u201cEle me fez tocar o animal. Ent\u00e3o ele tirou minhas vendas e l\u00e1 estava o elefantinho. Ele era t\u00e3o ador\u00e1vel. Eu insisti que o manter\u00edamos em casa, mas meu pai disse que ele pertencia ao governo e deveria ir para um zool\u00f3gico. Ele disse que n\u00e3o ser\u00edamos capazes de cuidar bem dele, especialmente quando crescesse. Ent\u00e3o eu disse tudo bem\u201d.<br>At\u00e9 aquele dia, o pequeno elefante tinha sido mantido no Orfanato de Elefantes Pinnawala (PEO), no Sri Lanka, de acordo com Ravi Corea, um especialista em reabilita\u00e7\u00e3o de elefantes nos Estados Unidos. Acredita-se que o filhote de um ano tenha sido presenteado ao governo de Gen Haq como agradecimento por seu apoio ao ex\u00e9rcito do Sri Lanka durante uma insurg\u00eancia.<br>No entanto, as raz\u00f5es exatas do \u201cpresente\u201d permanecem obscuras. Tamb\u00e9m n\u00e3o se sabe se Kaavan era realmente um \u00f3rf\u00e3o, mas sabemos que, em algum momento de 1985, o jovem elefante acabou em um zool\u00f3gico em Islamabad, capital do Paquist\u00e3o.<\/p>\n\n\n\n<h4 class=\"wp-block-heading\">\u2018Zool\u00f3gico lucrativo\u2019<\/h4>\n\n\n\n<p>O zool\u00f3gico de Marghuzar, esta\u00e7\u00e3o montanhosa na prov\u00edncia de Khyber Pakhtunkhwa, havia sido constru\u00eddo apenas sete anos antes, mas existia um v\u00e1cuo de poder na organiza\u00e7\u00e3o, que sofria com a influ\u00eancia de funcion\u00e1rios corruptos. Simplificando, as autoridades n\u00e3o pareciam se importar com o que acontecia no zool\u00f3gico ou com seus animais.<br>Por isso, v\u00e1rios funcion\u00e1rios influentes do zool\u00f3gico come\u00e7aram a oferecer contratos a fam\u00edlias da regi\u00e3o, permitindo que elas tivessem barracas de comida e \u00e1reas de recrea\u00e7\u00e3o infantil dentro do local dedicado aos animais, bem como em \u00e1reas verdes que circundam o zoo.<br>Os funcion\u00e1rios tamb\u00e9m tinham outras maneiras de ganhar dinheiro. Den\u00fancias apontaram que animais, principalmente ant\u00edlopes, foram retirados do zool\u00f3gico para virar comida em festas e churrascos promovidos por pessoas influentes da regi\u00e3o.<br>Quando um grupo de volunt\u00e1rios chamado Friends of Islamabad Zoo (FIZ) come\u00e7ou a fazer pesquisas peri\u00f3dicas no zool\u00f3gico, em 2019, descobriu-se que o n\u00famero de animais havia ca\u00eddo. Quando eles apontaram publicamente essas anomalias, novos animais apareceram repentinamente no local.<br>Essa n\u00e3o foi a \u00fanica coisa que o grupo descobriu.<br>\u201cN\u00e3o h\u00e1 instala\u00e7\u00f5es veterin\u00e1rias nem suprimentos de rem\u00e9dios no zool\u00f3gico\u201d, disse Mohammad bin Naveed, um volunt\u00e1rio do FIZ. \u201cN\u00e3o h\u00e1 instala\u00e7\u00f5es de sa\u00fade animal aqui; n\u00e3o h\u00e1 sala onde uma cirurgia possa ser realizada, e nenhum espa\u00e7o onde um animal doente possa ser mantido isolado\u201d.<br>No meio de tudo isso estava Kaavan, o elefante e estrela do zool\u00f3gico.<\/p>\n\n\n\n<figure class=\"wp-block-image size-large\"><img loading=\"lazy\" decoding=\"async\" width=\"1000\" height=\"562\" src=\"https:\/\/jornalfatosenoticias.com.br\/wp-content\/uploads\/2020\/11\/visitantes_reunidos_para_ver_o_elefante.jpg\" alt=\"\" class=\"wp-image-11905\" srcset=\"https:\/\/jornalfatosenoticias.com.br\/wp-content\/uploads\/2020\/11\/visitantes_reunidos_para_ver_o_elefante.jpg 1000w, https:\/\/jornalfatosenoticias.com.br\/wp-content\/uploads\/2020\/11\/visitantes_reunidos_para_ver_o_elefante-300x169.jpg 300w, https:\/\/jornalfatosenoticias.com.br\/wp-content\/uploads\/2020\/11\/visitantes_reunidos_para_ver_o_elefante-768x432.jpg 768w\" sizes=\"auto, (max-width: 1000px) 100vw, 1000px\" \/><figcaption><em>Visitantes do zool\u00f3gico Marghazar se re\u00fanem em torno de Kaavan em um feriado no Paquist\u00e3o, em 2016 (Foto: Getty Images\/BBC)<\/em><\/figcaption><\/figure>\n\n\n\n<h4 class=\"wp-block-heading\">Companhia perdida<\/h4>\n\n\n\n<p>O trabalho de Kaavan era ficar na cerca para entreter a multid\u00e3o durante o hor\u00e1rio de funcionamento do zool\u00f3gico, erguer seu tronco como uma tigela de esmola quando seu mahout (treinador) o cutucava com um gancho, passando-lhe o dinheiro que a multid\u00e3o lhe dava.<br>As noites de Kaavan eram vividas em uma \u00e1rea do tamanho de meio campo de futebol. Tamb\u00e9m havia uma cabana com piso de concreto.<br>Um relat\u00f3rio escrito pelo grupo de defesa dos direitos animais Four Paws International (FPI) apontou que o local tinha \u201cum fosso seco com paredes de concreto estreitas; solo compactado; nenhum outro substrato natural solto, nenhuma \u00e1rvore, troncos, arbustos, pedras, pneus ou qualquer outra estrutura\u201d.<br>Mas, antes do relat\u00f3rio, pelo menos Kaavan tinha companhia. Durante anos, sua companheira constante foi Saheli, que significa \u2018amiga\u2019 em urdu. Saheli havia sido levada para a regi\u00e3o a partir de Bangladesh, no in\u00edcio dos anos 1990.<br>A necessidade de tal companhia n\u00e3o pode ser subestimada. Especialistas em vida selvagem dizem que os elefantes s\u00e3o cognitivamente sofisticados, quase como os humanos. Eles t\u00eam quase a mesma expectativa de vida \u2014 entre 60 a 70 anos na natureza \u2014 e t\u00eam emo\u00e7\u00f5es semelhantes, como fortes la\u00e7os familiares. Eles tamb\u00e9m choram seus mortos.<br>Saheli morreu em 2012. A vers\u00e3o oficial dos acontecimentos \u00e9 que ela teve um ataque card\u00edaco devido ao clima quente, mas Mohammad bin Naveed, volunt\u00e1rio do FIZ, alega que a causa da morte foi sepse.<\/p>\n\n\n\n<blockquote class=\"wp-block-quote is-layout-flow wp-block-quote-is-layout-flow\"><p>\u201cEm algum momento, as garras n\u00e3o esterilizadas do gancho penetraram muito fundo em sua pele. Ela teve gangrena e morreu de choque s\u00e9ptico. Todo mundo sabe disso, mas n\u00e3o quer admitir\u201d, diz ele.<\/p><\/blockquote>\n\n\n\n<p>Kaavan \u2014 j\u00e1 desprovido do ambiente natural de que precisava \u2014 passou a agir de maneira cada vez mais agressiva nos anos que antecederam a morte da companheira. Desde 2000, ele passou longos per\u00edodos acorrentado.<br>Depois que Saheli morreu, Kaavan piorou. Seu cuidador avisou que ele era perigoso e n\u00e3o permitia que ningu\u00e9m, incluindo ele mesmo, se aproximasse do elefante solit\u00e1rio.<br>Quando a equipe da FPI chegou em 2016, eles encontraram um animal \u201cagressivo\u201d. Ele tinha \u201cbaixa atividade locomotiva, nenhum comportamento explorat\u00f3rio ou de conforto, est\u00e1gio avan\u00e7ado de comportamento repetitivo (balan\u00e7o constante da cabe\u00e7a)\u201d e completa indiferen\u00e7a aos humanos.<br>Sua condi\u00e7\u00e3o f\u00edsica tamb\u00e9m estava se deteriorando, segundo a FPI. Ele tinha \u201cconjuntivite leve no olho esquerdo, algumas \u00e1reas menos pigmentadas na parte inferior das pernas, indicando les\u00f5es antigas em s\u00e9rie, v\u00e1rias unhas rachadas e cut\u00edculas crescidas\u201d.<br>Kaavan estava doente, isso estava claro. Ele tamb\u00e9m estava preocupantemente acima do peso, resultado da dieta rica em a\u00e7\u00facar.<br>Mas ningu\u00e9m queria perder a atra\u00e7\u00e3o principal do zool\u00f3gico. O que Kaavan precisava, descobriu-se, era uma estrela ainda maior para vir em seu aux\u00edlio.<\/p>\n\n\n\n<h4 class=\"wp-block-heading\">A m\u00fasica<\/h4>\n\n\n\n<p>Cher soube da situa\u00e7\u00e3o de Kaavan em 2016. A atriz e cantora vencedora do Oscar, que fundou a Free the Wild, uma institui\u00e7\u00e3o de prote\u00e7\u00e3o \u00e0 vida selvagem, contratou uma equipe jur\u00eddica para pressionar pela liberdade do elefante.<br>Quando a ordem judicial que o libertou foi anunciada em maio, a cantora considerou aquele um dos \u201cmelhores momentos\u201d de sua vida. Nos meses seguintes, ela registrou o progresso de Kaavan em sua conta no Twitter, que tem 3,8 milh\u00f5es de seguidores.<br>Mas a luta por Kaavan e os outros animais no zool\u00f3gico n\u00e3o acabou. O problema foi jogado de um departamento para outro, antes de finalmente terminar no Supremo Tribunal de Islamabad.<br>Em junho, chegou a ordem de fechar o zool\u00f3gico para sempre. Mas o destino de Kaavan permaneceu incerto.<br>Houve aqueles, diz Mohammad bin Naveed, que tomaram o \u201ccaminho ego\u00edsta\u201d, dizendo que se recusariam a deixar Kaavan ir para o exterior, \u201cque cuidariam dele\u201d.<br>Mas, como Uzma Khan, do World Wildlife Fund, apontou em uma recente entrevista para a televis\u00e3o, o zool\u00f3gico de Kazaan n\u00e3o era o \u00fanico com problemas. O Paquist\u00e3o n\u00e3o tem padr\u00f5es uniformes quando se trata de cria\u00e7\u00e3o de animais. Nenhum de seus zool\u00f3gicos \u00e9 membro da Associa\u00e7\u00e3o Mundial de Zool\u00f3gicos e Aqu\u00e1rios (WAZA), por exemplo.<br>Assim, a Four Paws International foi convidada para o pa\u00eds uma segunda vez e um novo plano foi tra\u00e7ado \u2014 levar Kaavan pela \u00c1sia at\u00e9 o Camboja, onde ele poderia viver o resto de seus anos em um santu\u00e1rio protegido.<br>S\u00f3 havia um problema: Kaavan era um elefante agressivo de 30 e poucos anos, com problema de peso. Nem a raiva nem o peso contribu\u00edram para uma viagem f\u00e1cil de avi\u00e3o ao Camboja. Sem final, Amir Khalil, o eg\u00edpcio chefe da equipe FPI, encontrou uma solu\u00e7\u00e3o.<\/p>\n\n\n\n<blockquote class=\"wp-block-quote is-layout-flow wp-block-quote-is-layout-flow\"><p>\u201cComecei a cantar. E depois de algum tempo, percebi que o elefante come\u00e7ou a se interessar pela minha voz. Fiquei com vergonha, mas tamb\u00e9m feliz por ter encontrado um grande f\u00e3. Comecei a cantar para ele, e ele ficou mais calmo\u201d.<\/p><\/blockquote>\n\n\n\n<p>Logo Kaavan podia ser visto comendo nas m\u00e3os de Khalil. Ele tamb\u00e9m tomava banho no lago enquanto seu novo amigo cantava uma de suas can\u00e7\u00f5es favoritas, junto a um sistema de som port\u00e1til.<br>N\u00e3o muito depois, esse elefante, outrora agressivo, ficou ainda mais calmo. Khalil e seus colegas conseguiram levar Kaavan at\u00e9 uma caixa projetada para carregar um peso de cinco toneladas e meia em um voo de oito horas at\u00e9 o Camboja.<br>E, nesse domingo (29), Kaavan voou de avi\u00e3o, ap\u00f3s 35 anos sofrendo nas m\u00e3os do que Khalil descreve como uma combina\u00e7\u00e3o de \u201cm\u00e1 gest\u00e3o, falta de pessoal experiente, humanidade misturada com neg\u00f3cios e dinheiro, e menos aten\u00e7\u00e3o ao bem-estar dos animais\u201d.<br>Cher sugeriu no Twitter que ela poderia viajar ao Camboja. Na sexta-feira (27), ela desembarcou no Paquist\u00e3o. Sua programa\u00e7\u00e3o exata foi mantida em segredo por raz\u00f5es de seguran\u00e7a, mas ela teria se encontrado com o primeiro-ministro, Imran Khan, na sexta-feira.<br>Ela deve viajar do Paquist\u00e3o para a nova casa de Kaavan no Camboja, o Santu\u00e1rio de Vida Selvagem Kulen-Promtep, onde volunt\u00e1rios e funcion\u00e1rios trabalham para proteger o habitat natural e abrigar uma grande variedade de esp\u00e9cies amea\u00e7adas de extin\u00e7\u00e3o.<br>Kaavan ainda pode ter dificuldades para superar seus problemas psicol\u00f3gicos e se ajustar a um ambiente natural, diz Khalil, mas ele \u201cfinalmente tem a chance de ser um elefante e de viver em um lugar que pode chamar de lar\u201d.<\/p>\n\n\n\n<p><strong><em>Fonte: <a href=\"https:\/\/noticias.ambientebrasil.com.br\/clipping\/2020\/11\/30\/165567-o-elefante-mais-solitario-do-mundo-sera-libertado-apos-35-anos-de-maus-tratos-em-zoologico.html\">Ambiente Brasil<\/a><\/em><\/strong><\/p>\n","protected":false},"excerpt":{"rendered":"<p>Por tr\u00eas d\u00e9cadas, Kaavan ficou preso em um zool\u00f3gico do Paquist\u00e3o, onde vivia sozinho e sofria maus-tratos. Agora, com a ajuda da cantora Cher, finalmente o animal ser\u00e1 libertado para viver na natureza Por d\u00e9cadas, o \u201cmais solit\u00e1rio elefante do mundo\u201d divertiu multid\u00f5es em seu pequeno peda\u00e7o de terra em um zool\u00f3gico do Paquist\u00e3o. Os [&hellip;]<\/p>\n","protected":false},"author":2,"featured_media":11906,"comment_status":"open","ping_status":"open","sticky":false,"template":"","format":"standard","meta":{"footnotes":""},"categories":[8],"tags":[6259,5996,559,2822,1698],"class_list":["post-11904","post","type-post","status-publish","format-standard","has-post-thumbnail","hentry","category-meio-ambiente","tag-cher","tag-elefante","tag-maus-tratos-animais","tag-paquistao","tag-zoologico"],"yoast_head":"<!-- This site is optimized with the Yoast SEO plugin v26.5 - https:\/\/yoast.com\/wordpress\/plugins\/seo\/ -->\n<title>O elefante \u2018mais solit\u00e1rio do mundo\u2019 ser\u00e1 libertado ap\u00f3s maus-tratos em zool\u00f3gico - Jornal Fatos e Not\u00edcias<\/title>\n<meta name=\"robots\" content=\"index, follow, max-snippet:-1, max-image-preview:large, max-video-preview:-1\" \/>\n<link rel=\"canonical\" href=\"https:\/\/jornalfatosenoticias.com.br\/index.php\/2020\/11\/30\/o-elefante-mais-solitario-do-mundo-sera-libertado-apos-maus-tratos-em-zoologico\/\" \/>\n<meta property=\"og:locale\" content=\"pt_BR\" \/>\n<meta property=\"og:type\" content=\"article\" \/>\n<meta property=\"og:title\" content=\"O elefante \u2018mais solit\u00e1rio do mundo\u2019 ser\u00e1 libertado ap\u00f3s maus-tratos em zool\u00f3gico - Jornal Fatos e Not\u00edcias\" \/>\n<meta property=\"og:description\" content=\"Por tr\u00eas d\u00e9cadas, Kaavan ficou preso em um zool\u00f3gico do Paquist\u00e3o, onde vivia sozinho e sofria maus-tratos. Agora, com a ajuda da cantora Cher, finalmente o animal ser\u00e1 libertado para viver na natureza Por d\u00e9cadas, o \u201cmais solit\u00e1rio elefante do mundo\u201d divertiu multid\u00f5es em seu pequeno peda\u00e7o de terra em um zool\u00f3gico do Paquist\u00e3o. Os [&hellip;]\" \/>\n<meta property=\"og:url\" content=\"https:\/\/jornalfatosenoticias.com.br\/index.php\/2020\/11\/30\/o-elefante-mais-solitario-do-mundo-sera-libertado-apos-maus-tratos-em-zoologico\/\" \/>\n<meta property=\"og:site_name\" content=\"Jornal Fatos e Not\u00edcias\" \/>\n<meta property=\"article:published_time\" content=\"2020-11-30T20:47:52+00:00\" \/>\n<meta property=\"article:modified_time\" content=\"2020-11-30T20:47:54+00:00\" \/>\n<meta property=\"og:image\" content=\"https:\/\/jornalfatosenoticias.com.br\/wp-content\/uploads\/2020\/11\/elefante-kaavan.jpg\" \/>\n\t<meta property=\"og:image:width\" content=\"1000\" \/>\n\t<meta property=\"og:image:height\" content=\"562\" \/>\n\t<meta property=\"og:image:type\" content=\"image\/jpeg\" \/>\n<meta name=\"author\" content=\"Luzimara Fernandes\" \/>\n<meta name=\"twitter:card\" content=\"summary_large_image\" \/>\n<meta name=\"twitter:label1\" content=\"Escrito por\" \/>\n\t<meta name=\"twitter:data1\" content=\"Luzimara Fernandes\" \/>\n\t<meta name=\"twitter:label2\" content=\"Est. tempo de leitura\" \/>\n\t<meta name=\"twitter:data2\" content=\"10 minutos\" \/>\n<script type=\"application\/ld+json\" class=\"yoast-schema-graph\">{\"@context\":\"https:\/\/schema.org\",\"@graph\":[{\"@type\":\"Article\",\"@id\":\"https:\/\/jornalfatosenoticias.com.br\/index.php\/2020\/11\/30\/o-elefante-mais-solitario-do-mundo-sera-libertado-apos-maus-tratos-em-zoologico\/#article\",\"isPartOf\":{\"@id\":\"https:\/\/jornalfatosenoticias.com.br\/index.php\/2020\/11\/30\/o-elefante-mais-solitario-do-mundo-sera-libertado-apos-maus-tratos-em-zoologico\/\"},\"author\":{\"name\":\"Luzimara Fernandes\",\"@id\":\"https:\/\/jornalfatosenoticias.com.br\/#\/schema\/person\/d63837fa13ac8666eb9e74e0985d6f81\"},\"headline\":\"O elefante \u2018mais solit\u00e1rio do mundo\u2019 ser\u00e1 libertado ap\u00f3s maus-tratos em zool\u00f3gico\",\"datePublished\":\"2020-11-30T20:47:52+00:00\",\"dateModified\":\"2020-11-30T20:47:54+00:00\",\"mainEntityOfPage\":{\"@id\":\"https:\/\/jornalfatosenoticias.com.br\/index.php\/2020\/11\/30\/o-elefante-mais-solitario-do-mundo-sera-libertado-apos-maus-tratos-em-zoologico\/\"},\"wordCount\":1990,\"commentCount\":0,\"publisher\":{\"@id\":\"https:\/\/jornalfatosenoticias.com.br\/#organization\"},\"image\":{\"@id\":\"https:\/\/jornalfatosenoticias.com.br\/index.php\/2020\/11\/30\/o-elefante-mais-solitario-do-mundo-sera-libertado-apos-maus-tratos-em-zoologico\/#primaryimage\"},\"thumbnailUrl\":\"https:\/\/jornalfatosenoticias.com.br\/wp-content\/uploads\/2020\/11\/elefante-kaavan.jpg\",\"keywords\":[\"Cher\",\"elefante\",\"maus-tratos animais\",\"Paquist\u00e3o\",\"zool\u00f3gico\"],\"articleSection\":[\"Meio ambiente\"],\"inLanguage\":\"pt-BR\",\"potentialAction\":[{\"@type\":\"CommentAction\",\"name\":\"Comment\",\"target\":[\"https:\/\/jornalfatosenoticias.com.br\/index.php\/2020\/11\/30\/o-elefante-mais-solitario-do-mundo-sera-libertado-apos-maus-tratos-em-zoologico\/#respond\"]}]},{\"@type\":\"WebPage\",\"@id\":\"https:\/\/jornalfatosenoticias.com.br\/index.php\/2020\/11\/30\/o-elefante-mais-solitario-do-mundo-sera-libertado-apos-maus-tratos-em-zoologico\/\",\"url\":\"https:\/\/jornalfatosenoticias.com.br\/index.php\/2020\/11\/30\/o-elefante-mais-solitario-do-mundo-sera-libertado-apos-maus-tratos-em-zoologico\/\",\"name\":\"O elefante \u2018mais solit\u00e1rio do mundo\u2019 ser\u00e1 libertado ap\u00f3s maus-tratos em zool\u00f3gico - Jornal Fatos e Not\u00edcias\",\"isPartOf\":{\"@id\":\"https:\/\/jornalfatosenoticias.com.br\/#website\"},\"primaryImageOfPage\":{\"@id\":\"https:\/\/jornalfatosenoticias.com.br\/index.php\/2020\/11\/30\/o-elefante-mais-solitario-do-mundo-sera-libertado-apos-maus-tratos-em-zoologico\/#primaryimage\"},\"image\":{\"@id\":\"https:\/\/jornalfatosenoticias.com.br\/index.php\/2020\/11\/30\/o-elefante-mais-solitario-do-mundo-sera-libertado-apos-maus-tratos-em-zoologico\/#primaryimage\"},\"thumbnailUrl\":\"https:\/\/jornalfatosenoticias.com.br\/wp-content\/uploads\/2020\/11\/elefante-kaavan.jpg\",\"datePublished\":\"2020-11-30T20:47:52+00:00\",\"dateModified\":\"2020-11-30T20:47:54+00:00\",\"breadcrumb\":{\"@id\":\"https:\/\/jornalfatosenoticias.com.br\/index.php\/2020\/11\/30\/o-elefante-mais-solitario-do-mundo-sera-libertado-apos-maus-tratos-em-zoologico\/#breadcrumb\"},\"inLanguage\":\"pt-BR\",\"potentialAction\":[{\"@type\":\"ReadAction\",\"target\":[\"https:\/\/jornalfatosenoticias.com.br\/index.php\/2020\/11\/30\/o-elefante-mais-solitario-do-mundo-sera-libertado-apos-maus-tratos-em-zoologico\/\"]}]},{\"@type\":\"ImageObject\",\"inLanguage\":\"pt-BR\",\"@id\":\"https:\/\/jornalfatosenoticias.com.br\/index.php\/2020\/11\/30\/o-elefante-mais-solitario-do-mundo-sera-libertado-apos-maus-tratos-em-zoologico\/#primaryimage\",\"url\":\"https:\/\/jornalfatosenoticias.com.br\/wp-content\/uploads\/2020\/11\/elefante-kaavan.jpg\",\"contentUrl\":\"https:\/\/jornalfatosenoticias.com.br\/wp-content\/uploads\/2020\/11\/elefante-kaavan.jpg\",\"width\":1000,\"height\":562},{\"@type\":\"BreadcrumbList\",\"@id\":\"https:\/\/jornalfatosenoticias.com.br\/index.php\/2020\/11\/30\/o-elefante-mais-solitario-do-mundo-sera-libertado-apos-maus-tratos-em-zoologico\/#breadcrumb\",\"itemListElement\":[{\"@type\":\"ListItem\",\"position\":1,\"name\":\"In\u00edcio\",\"item\":\"https:\/\/jornalfatosenoticias.com.br\/\"},{\"@type\":\"ListItem\",\"position\":2,\"name\":\"O elefante \u2018mais solit\u00e1rio do mundo\u2019 ser\u00e1 libertado ap\u00f3s maus-tratos em zool\u00f3gico\"}]},{\"@type\":\"WebSite\",\"@id\":\"https:\/\/jornalfatosenoticias.com.br\/#website\",\"url\":\"https:\/\/jornalfatosenoticias.com.br\/\",\"name\":\"Jornal Fatos e Not\u00edcias\",\"description\":\"Not\u00edcias em geral\",\"publisher\":{\"@id\":\"https:\/\/jornalfatosenoticias.com.br\/#organization\"},\"potentialAction\":[{\"@type\":\"SearchAction\",\"target\":{\"@type\":\"EntryPoint\",\"urlTemplate\":\"https:\/\/jornalfatosenoticias.com.br\/?s={search_term_string}\"},\"query-input\":{\"@type\":\"PropertyValueSpecification\",\"valueRequired\":true,\"valueName\":\"search_term_string\"}}],\"inLanguage\":\"pt-BR\"},{\"@type\":\"Organization\",\"@id\":\"https:\/\/jornalfatosenoticias.com.br\/#organization\",\"name\":\"Jornal Fatos e Not\u00edcias\",\"url\":\"https:\/\/jornalfatosenoticias.com.br\/\",\"logo\":{\"@type\":\"ImageObject\",\"inLanguage\":\"pt-BR\",\"@id\":\"https:\/\/jornalfatosenoticias.com.br\/#\/schema\/logo\/image\/\",\"url\":\"https:\/\/jornalfatosenoticias.com.br\/wp-content\/uploads\/2020\/02\/logo120.png\",\"contentUrl\":\"https:\/\/jornalfatosenoticias.com.br\/wp-content\/uploads\/2020\/02\/logo120.png\",\"width\":1227,\"height\":120,\"caption\":\"Jornal Fatos e Not\u00edcias\"},\"image\":{\"@id\":\"https:\/\/jornalfatosenoticias.com.br\/#\/schema\/logo\/image\/\"}},{\"@type\":\"Person\",\"@id\":\"https:\/\/jornalfatosenoticias.com.br\/#\/schema\/person\/d63837fa13ac8666eb9e74e0985d6f81\",\"name\":\"Luzimara Fernandes\",\"image\":{\"@type\":\"ImageObject\",\"inLanguage\":\"pt-BR\",\"@id\":\"https:\/\/jornalfatosenoticias.com.br\/#\/schema\/person\/image\/\",\"url\":\"https:\/\/jornalfatosenoticias.com.br\/wp-content\/uploads\/2025\/05\/EU_portal.jpg\",\"contentUrl\":\"https:\/\/jornalfatosenoticias.com.br\/wp-content\/uploads\/2025\/05\/EU_portal.jpg\",\"caption\":\"Luzimara Fernandes\"},\"description\":\"Jornalista MTB 2358-ES\",\"sameAs\":[\"https:\/\/jornalfatosenoticias.com.br\"],\"url\":\"https:\/\/jornalfatosenoticias.com.br\/index.php\/author\/luzimara\/\"}]}<\/script>\n<!-- \/ Yoast SEO plugin. -->","yoast_head_json":{"title":"O elefante \u2018mais solit\u00e1rio do mundo\u2019 ser\u00e1 libertado ap\u00f3s maus-tratos em zool\u00f3gico - Jornal Fatos e Not\u00edcias","robots":{"index":"index","follow":"follow","max-snippet":"max-snippet:-1","max-image-preview":"max-image-preview:large","max-video-preview":"max-video-preview:-1"},"canonical":"https:\/\/jornalfatosenoticias.com.br\/index.php\/2020\/11\/30\/o-elefante-mais-solitario-do-mundo-sera-libertado-apos-maus-tratos-em-zoologico\/","og_locale":"pt_BR","og_type":"article","og_title":"O elefante \u2018mais solit\u00e1rio do mundo\u2019 ser\u00e1 libertado ap\u00f3s maus-tratos em zool\u00f3gico - Jornal Fatos e Not\u00edcias","og_description":"Por tr\u00eas d\u00e9cadas, Kaavan ficou preso em um zool\u00f3gico do Paquist\u00e3o, onde vivia sozinho e sofria maus-tratos. Agora, com a ajuda da cantora Cher, finalmente o animal ser\u00e1 libertado para viver na natureza Por d\u00e9cadas, o \u201cmais solit\u00e1rio elefante do mundo\u201d divertiu multid\u00f5es em seu pequeno peda\u00e7o de terra em um zool\u00f3gico do Paquist\u00e3o. Os [&hellip;]","og_url":"https:\/\/jornalfatosenoticias.com.br\/index.php\/2020\/11\/30\/o-elefante-mais-solitario-do-mundo-sera-libertado-apos-maus-tratos-em-zoologico\/","og_site_name":"Jornal Fatos e Not\u00edcias","article_published_time":"2020-11-30T20:47:52+00:00","article_modified_time":"2020-11-30T20:47:54+00:00","og_image":[{"width":1000,"height":562,"url":"https:\/\/jornalfatosenoticias.com.br\/wp-content\/uploads\/2020\/11\/elefante-kaavan.jpg","type":"image\/jpeg"}],"author":"Luzimara Fernandes","twitter_card":"summary_large_image","twitter_misc":{"Escrito por":"Luzimara Fernandes","Est. tempo de leitura":"10 minutos"},"schema":{"@context":"https:\/\/schema.org","@graph":[{"@type":"Article","@id":"https:\/\/jornalfatosenoticias.com.br\/index.php\/2020\/11\/30\/o-elefante-mais-solitario-do-mundo-sera-libertado-apos-maus-tratos-em-zoologico\/#article","isPartOf":{"@id":"https:\/\/jornalfatosenoticias.com.br\/index.php\/2020\/11\/30\/o-elefante-mais-solitario-do-mundo-sera-libertado-apos-maus-tratos-em-zoologico\/"},"author":{"name":"Luzimara Fernandes","@id":"https:\/\/jornalfatosenoticias.com.br\/#\/schema\/person\/d63837fa13ac8666eb9e74e0985d6f81"},"headline":"O elefante \u2018mais solit\u00e1rio do mundo\u2019 ser\u00e1 libertado ap\u00f3s maus-tratos em zool\u00f3gico","datePublished":"2020-11-30T20:47:52+00:00","dateModified":"2020-11-30T20:47:54+00:00","mainEntityOfPage":{"@id":"https:\/\/jornalfatosenoticias.com.br\/index.php\/2020\/11\/30\/o-elefante-mais-solitario-do-mundo-sera-libertado-apos-maus-tratos-em-zoologico\/"},"wordCount":1990,"commentCount":0,"publisher":{"@id":"https:\/\/jornalfatosenoticias.com.br\/#organization"},"image":{"@id":"https:\/\/jornalfatosenoticias.com.br\/index.php\/2020\/11\/30\/o-elefante-mais-solitario-do-mundo-sera-libertado-apos-maus-tratos-em-zoologico\/#primaryimage"},"thumbnailUrl":"https:\/\/jornalfatosenoticias.com.br\/wp-content\/uploads\/2020\/11\/elefante-kaavan.jpg","keywords":["Cher","elefante","maus-tratos animais","Paquist\u00e3o","zool\u00f3gico"],"articleSection":["Meio ambiente"],"inLanguage":"pt-BR","potentialAction":[{"@type":"CommentAction","name":"Comment","target":["https:\/\/jornalfatosenoticias.com.br\/index.php\/2020\/11\/30\/o-elefante-mais-solitario-do-mundo-sera-libertado-apos-maus-tratos-em-zoologico\/#respond"]}]},{"@type":"WebPage","@id":"https:\/\/jornalfatosenoticias.com.br\/index.php\/2020\/11\/30\/o-elefante-mais-solitario-do-mundo-sera-libertado-apos-maus-tratos-em-zoologico\/","url":"https:\/\/jornalfatosenoticias.com.br\/index.php\/2020\/11\/30\/o-elefante-mais-solitario-do-mundo-sera-libertado-apos-maus-tratos-em-zoologico\/","name":"O elefante \u2018mais solit\u00e1rio do mundo\u2019 ser\u00e1 libertado ap\u00f3s maus-tratos em zool\u00f3gico - Jornal Fatos e Not\u00edcias","isPartOf":{"@id":"https:\/\/jornalfatosenoticias.com.br\/#website"},"primaryImageOfPage":{"@id":"https:\/\/jornalfatosenoticias.com.br\/index.php\/2020\/11\/30\/o-elefante-mais-solitario-do-mundo-sera-libertado-apos-maus-tratos-em-zoologico\/#primaryimage"},"image":{"@id":"https:\/\/jornalfatosenoticias.com.br\/index.php\/2020\/11\/30\/o-elefante-mais-solitario-do-mundo-sera-libertado-apos-maus-tratos-em-zoologico\/#primaryimage"},"thumbnailUrl":"https:\/\/jornalfatosenoticias.com.br\/wp-content\/uploads\/2020\/11\/elefante-kaavan.jpg","datePublished":"2020-11-30T20:47:52+00:00","dateModified":"2020-11-30T20:47:54+00:00","breadcrumb":{"@id":"https:\/\/jornalfatosenoticias.com.br\/index.php\/2020\/11\/30\/o-elefante-mais-solitario-do-mundo-sera-libertado-apos-maus-tratos-em-zoologico\/#breadcrumb"},"inLanguage":"pt-BR","potentialAction":[{"@type":"ReadAction","target":["https:\/\/jornalfatosenoticias.com.br\/index.php\/2020\/11\/30\/o-elefante-mais-solitario-do-mundo-sera-libertado-apos-maus-tratos-em-zoologico\/"]}]},{"@type":"ImageObject","inLanguage":"pt-BR","@id":"https:\/\/jornalfatosenoticias.com.br\/index.php\/2020\/11\/30\/o-elefante-mais-solitario-do-mundo-sera-libertado-apos-maus-tratos-em-zoologico\/#primaryimage","url":"https:\/\/jornalfatosenoticias.com.br\/wp-content\/uploads\/2020\/11\/elefante-kaavan.jpg","contentUrl":"https:\/\/jornalfatosenoticias.com.br\/wp-content\/uploads\/2020\/11\/elefante-kaavan.jpg","width":1000,"height":562},{"@type":"BreadcrumbList","@id":"https:\/\/jornalfatosenoticias.com.br\/index.php\/2020\/11\/30\/o-elefante-mais-solitario-do-mundo-sera-libertado-apos-maus-tratos-em-zoologico\/#breadcrumb","itemListElement":[{"@type":"ListItem","position":1,"name":"In\u00edcio","item":"https:\/\/jornalfatosenoticias.com.br\/"},{"@type":"ListItem","position":2,"name":"O elefante \u2018mais solit\u00e1rio do mundo\u2019 ser\u00e1 libertado ap\u00f3s maus-tratos em zool\u00f3gico"}]},{"@type":"WebSite","@id":"https:\/\/jornalfatosenoticias.com.br\/#website","url":"https:\/\/jornalfatosenoticias.com.br\/","name":"Jornal Fatos e Not\u00edcias","description":"Not\u00edcias em geral","publisher":{"@id":"https:\/\/jornalfatosenoticias.com.br\/#organization"},"potentialAction":[{"@type":"SearchAction","target":{"@type":"EntryPoint","urlTemplate":"https:\/\/jornalfatosenoticias.com.br\/?s={search_term_string}"},"query-input":{"@type":"PropertyValueSpecification","valueRequired":true,"valueName":"search_term_string"}}],"inLanguage":"pt-BR"},{"@type":"Organization","@id":"https:\/\/jornalfatosenoticias.com.br\/#organization","name":"Jornal Fatos e Not\u00edcias","url":"https:\/\/jornalfatosenoticias.com.br\/","logo":{"@type":"ImageObject","inLanguage":"pt-BR","@id":"https:\/\/jornalfatosenoticias.com.br\/#\/schema\/logo\/image\/","url":"https:\/\/jornalfatosenoticias.com.br\/wp-content\/uploads\/2020\/02\/logo120.png","contentUrl":"https:\/\/jornalfatosenoticias.com.br\/wp-content\/uploads\/2020\/02\/logo120.png","width":1227,"height":120,"caption":"Jornal Fatos e Not\u00edcias"},"image":{"@id":"https:\/\/jornalfatosenoticias.com.br\/#\/schema\/logo\/image\/"}},{"@type":"Person","@id":"https:\/\/jornalfatosenoticias.com.br\/#\/schema\/person\/d63837fa13ac8666eb9e74e0985d6f81","name":"Luzimara Fernandes","image":{"@type":"ImageObject","inLanguage":"pt-BR","@id":"https:\/\/jornalfatosenoticias.com.br\/#\/schema\/person\/image\/","url":"https:\/\/jornalfatosenoticias.com.br\/wp-content\/uploads\/2025\/05\/EU_portal.jpg","contentUrl":"https:\/\/jornalfatosenoticias.com.br\/wp-content\/uploads\/2025\/05\/EU_portal.jpg","caption":"Luzimara Fernandes"},"description":"Jornalista MTB 2358-ES","sameAs":["https:\/\/jornalfatosenoticias.com.br"],"url":"https:\/\/jornalfatosenoticias.com.br\/index.php\/author\/luzimara\/"}]}},"cc_featured_image_caption":{"caption_text":"(Foto: Getty Images\/BBC) ","source_text":"","source_url":""},"jetpack_featured_media_url":"https:\/\/jornalfatosenoticias.com.br\/wp-content\/uploads\/2020\/11\/elefante-kaavan.jpg","_links":{"self":[{"href":"https:\/\/jornalfatosenoticias.com.br\/index.php\/wp-json\/wp\/v2\/posts\/11904","targetHints":{"allow":["GET"]}}],"collection":[{"href":"https:\/\/jornalfatosenoticias.com.br\/index.php\/wp-json\/wp\/v2\/posts"}],"about":[{"href":"https:\/\/jornalfatosenoticias.com.br\/index.php\/wp-json\/wp\/v2\/types\/post"}],"author":[{"embeddable":true,"href":"https:\/\/jornalfatosenoticias.com.br\/index.php\/wp-json\/wp\/v2\/users\/2"}],"replies":[{"embeddable":true,"href":"https:\/\/jornalfatosenoticias.com.br\/index.php\/wp-json\/wp\/v2\/comments?post=11904"}],"version-history":[{"count":0,"href":"https:\/\/jornalfatosenoticias.com.br\/index.php\/wp-json\/wp\/v2\/posts\/11904\/revisions"}],"wp:featuredmedia":[{"embeddable":true,"href":"https:\/\/jornalfatosenoticias.com.br\/index.php\/wp-json\/wp\/v2\/media\/11906"}],"wp:attachment":[{"href":"https:\/\/jornalfatosenoticias.com.br\/index.php\/wp-json\/wp\/v2\/media?parent=11904"}],"wp:term":[{"taxonomy":"category","embeddable":true,"href":"https:\/\/jornalfatosenoticias.com.br\/index.php\/wp-json\/wp\/v2\/categories?post=11904"},{"taxonomy":"post_tag","embeddable":true,"href":"https:\/\/jornalfatosenoticias.com.br\/index.php\/wp-json\/wp\/v2\/tags?post=11904"}],"curies":[{"name":"wp","href":"https:\/\/api.w.org\/{rel}","templated":true}]}}