{"id":11919,"date":"2020-12-01T18:13:53","date_gmt":"2020-12-01T21:13:53","guid":{"rendered":"https:\/\/jornalfatosenoticias.com.br\/?p=11919"},"modified":"2020-12-01T18:13:56","modified_gmt":"2020-12-01T21:13:56","slug":"artista-subverte-eurocentrismo-racista-com-retratos-incriveis-de-pessoas-negras","status":"publish","type":"post","link":"https:\/\/jornalfatosenoticias.com.br\/index.php\/2020\/12\/01\/artista-subverte-eurocentrismo-racista-com-retratos-incriveis-de-pessoas-negras\/","title":{"rendered":"Artista subverte eurocentrismo racista com retratos incr\u00edveis de pessoas negras"},"content":{"rendered":"\n<p>Criado no s\u00e9culo XVI, o estilo de decora\u00e7\u00e3o chamado de Blackamoor trazia pessoas pretas sempre em posi\u00e7\u00e3o de servos. Fosse sustentando objetos ou posando como servi\u00e7ais, o negro estava sempre colocado em um papel subserviente. A est\u00e9tica racista foi transformada pelo artista americano Kajahl, que criou obras em que pessoas pretas aparecem ainda sustentando objetos, mas em situa\u00e7\u00e3o de poder e domina\u00e7\u00e3o.<br>As obras fazem parte de uma s\u00e9rie intitulada \u201cRoyal Spectre\u201d, que colocam pretos como alquimistas, estudiosos, astr\u00f4nomos e em outras profiss\u00f5es de prest\u00edgio da \u00e9poca. As pinturas s\u00e3o feitas a \u00f3leo e orientam quem as observa a recriar a narrativa opressora de s\u00e9culos atr\u00e1s.<\/p>\n\n\n\n<div class=\"wp-block-jetpack-slideshow aligncenter\" data-effect=\"slide\"><div class=\"wp-block-jetpack-slideshow_container swiper-container\"><ul class=\"wp-block-jetpack-slideshow_swiper-wrapper swiper-wrapper\"><li class=\"wp-block-jetpack-slideshow_slide swiper-slide\"><figure><img loading=\"lazy\" decoding=\"async\" width=\"1000\" height=\"665\" alt=\"\" class=\"wp-block-jetpack-slideshow_image wp-image-11920\" data-id=\"11920\" src=\"https:\/\/jornalfatosenoticias.com.br\/wp-content\/uploads\/2020\/12\/negros_1.jpg\" srcset=\"https:\/\/jornalfatosenoticias.com.br\/wp-content\/uploads\/2020\/12\/negros_1.jpg 1000w, https:\/\/jornalfatosenoticias.com.br\/wp-content\/uploads\/2020\/12\/negros_1-300x200.jpg 300w, https:\/\/jornalfatosenoticias.com.br\/wp-content\/uploads\/2020\/12\/negros_1-768x511.jpg 768w\" sizes=\"auto, (max-width: 1000px) 100vw, 1000px\" \/><figcaption class=\"wp-block-jetpack-slideshow_caption gallery-caption\">\u201cMoment of Contemplation (Scholar)\u201d e \u201cOracle (Holding Mirror)\u201d, duas obras de Kajahl para a s\u00e9rie \u201cRoyal Spectre (Fotos: \u00a9Kajahl\/Royal Spectre) <\/figcaption><\/figure><\/li><li class=\"wp-block-jetpack-slideshow_slide swiper-slide\"><figure><img loading=\"lazy\" decoding=\"async\" width=\"1000\" height=\"748\" alt=\"\" class=\"wp-block-jetpack-slideshow_image wp-image-11921\" data-id=\"11921\" src=\"https:\/\/jornalfatosenoticias.com.br\/wp-content\/uploads\/2020\/12\/negros_2.jpg\" srcset=\"https:\/\/jornalfatosenoticias.com.br\/wp-content\/uploads\/2020\/12\/negros_2.jpg 1000w, https:\/\/jornalfatosenoticias.com.br\/wp-content\/uploads\/2020\/12\/negros_2-300x224.jpg 300w, https:\/\/jornalfatosenoticias.com.br\/wp-content\/uploads\/2020\/12\/negros_2-768x574.jpg 768w\" sizes=\"auto, (max-width: 1000px) 100vw, 1000px\" \/><figcaption class=\"wp-block-jetpack-slideshow_caption gallery-caption\">\u201cAlchemist\u201d<\/figcaption><\/figure><\/li><li class=\"wp-block-jetpack-slideshow_slide swiper-slide\"><figure><img loading=\"lazy\" decoding=\"async\" width=\"1000\" height=\"784\" alt=\"\" class=\"wp-block-jetpack-slideshow_image wp-image-11922\" data-id=\"11922\" src=\"https:\/\/jornalfatosenoticias.com.br\/wp-content\/uploads\/2020\/12\/negros_3.jpg\" srcset=\"https:\/\/jornalfatosenoticias.com.br\/wp-content\/uploads\/2020\/12\/negros_3.jpg 1000w, https:\/\/jornalfatosenoticias.com.br\/wp-content\/uploads\/2020\/12\/negros_3-300x235.jpg 300w, https:\/\/jornalfatosenoticias.com.br\/wp-content\/uploads\/2020\/12\/negros_3-768x602.jpg 768w\" sizes=\"auto, (max-width: 1000px) 100vw, 1000px\" \/><figcaption class=\"wp-block-jetpack-slideshow_caption gallery-caption\">\u201cHuntress in Oasis\u201d<\/figcaption><\/figure><\/li><li class=\"wp-block-jetpack-slideshow_slide swiper-slide\"><figure><img loading=\"lazy\" decoding=\"async\" width=\"748\" height=\"1000\" alt=\"\" class=\"wp-block-jetpack-slideshow_image wp-image-11923\" data-id=\"11923\" src=\"https:\/\/jornalfatosenoticias.com.br\/wp-content\/uploads\/2020\/12\/negros_4.jpg\" srcset=\"https:\/\/jornalfatosenoticias.com.br\/wp-content\/uploads\/2020\/12\/negros_4.jpg 748w, https:\/\/jornalfatosenoticias.com.br\/wp-content\/uploads\/2020\/12\/negros_4-224x300.jpg 224w\" sizes=\"auto, (max-width: 748px) 100vw, 748px\" \/><figcaption class=\"wp-block-jetpack-slideshow_caption gallery-caption\">\u201cOracle (Snake in Globe)\u201d<\/figcaption><\/figure><\/li><\/ul><a class=\"wp-block-jetpack-slideshow_button-prev swiper-button-prev swiper-button-white\" role=\"button\"><\/a><a class=\"wp-block-jetpack-slideshow_button-next swiper-button-next swiper-button-white\" role=\"button\"><\/a><a aria-label=\"Pause Slideshow\" class=\"wp-block-jetpack-slideshow_button-pause\" role=\"button\"><\/a><div class=\"wp-block-jetpack-slideshow_pagination swiper-pagination swiper-pagination-white\"><\/div><\/div><\/div>\n\n\n\n<p>\u201cA minha fantasia \u00e9 olhar para a fantasia deles. Eu sou a fantasia deles e eles s\u00e3o a minha. Eu sou o espectro da imagina\u00e7\u00e3o deles\u201d, diz o artista de 35 anos, cujo trabalho est\u00e1 em exposi\u00e7\u00e3o na Monique Meloche Gallery, em Chicago, at\u00e9 o dia 19 de dezembro.<br>Em seu site, Kajahl diz que a pintura \u00e9 um lugar onde \u00e9 poss\u00edvel \u201catravessar diferentes culturas e temporalidades como forma de desafiar nossas ideias sobre como nos vemos e vemos os outros\u201d. \u201cSuas pinturas nos levam a um tempo anterior \u00e0 exist\u00eancia da ra\u00e7a, abrindo-nos para o caos e a complexidade, expandindo a periferia em torno de como nos percebemos no passado e no presente\u201d.<\/p>\n\n\n\n<div class=\"wp-block-jetpack-slideshow aligncenter\" data-effect=\"slide\"><div class=\"wp-block-jetpack-slideshow_container swiper-container\"><ul class=\"wp-block-jetpack-slideshow_swiper-wrapper swiper-wrapper\"><li class=\"wp-block-jetpack-slideshow_slide swiper-slide\"><figure><img loading=\"lazy\" decoding=\"async\" width=\"866\" height=\"1000\" alt=\"\" class=\"wp-block-jetpack-slideshow_image wp-image-11924\" data-id=\"11924\" src=\"https:\/\/jornalfatosenoticias.com.br\/wp-content\/uploads\/2020\/12\/negros_5.jpg\" srcset=\"https:\/\/jornalfatosenoticias.com.br\/wp-content\/uploads\/2020\/12\/negros_5.jpg 866w, https:\/\/jornalfatosenoticias.com.br\/wp-content\/uploads\/2020\/12\/negros_5-260x300.jpg 260w, https:\/\/jornalfatosenoticias.com.br\/wp-content\/uploads\/2020\/12\/negros_5-768x887.jpg 768w\" sizes=\"auto, (max-width: 866px) 100vw, 866px\" \/><figcaption class=\"wp-block-jetpack-slideshow_caption gallery-caption\">\u201cSilent Incantation I\u201d (Fotos: \u00a9Kajahl\/Royal Spectre) <\/figcaption><\/figure><\/li><li class=\"wp-block-jetpack-slideshow_slide swiper-slide\"><figure><img loading=\"lazy\" decoding=\"async\" width=\"861\" height=\"1000\" alt=\"\" class=\"wp-block-jetpack-slideshow_image wp-image-11925\" data-id=\"11925\" src=\"https:\/\/jornalfatosenoticias.com.br\/wp-content\/uploads\/2020\/12\/negros_6.jpg\" srcset=\"https:\/\/jornalfatosenoticias.com.br\/wp-content\/uploads\/2020\/12\/negros_6.jpg 861w, https:\/\/jornalfatosenoticias.com.br\/wp-content\/uploads\/2020\/12\/negros_6-258x300.jpg 258w, https:\/\/jornalfatosenoticias.com.br\/wp-content\/uploads\/2020\/12\/negros_6-768x892.jpg 768w\" sizes=\"auto, (max-width: 861px) 100vw, 861px\" \/><figcaption class=\"wp-block-jetpack-slideshow_caption gallery-caption\">\u201cSilent Incantation II\u201d<\/figcaption><\/figure><\/li><li class=\"wp-block-jetpack-slideshow_slide swiper-slide\"><figure><img loading=\"lazy\" decoding=\"async\" width=\"748\" height=\"1000\" alt=\"\" class=\"wp-block-jetpack-slideshow_image wp-image-11926\" data-id=\"11926\" src=\"https:\/\/jornalfatosenoticias.com.br\/wp-content\/uploads\/2020\/12\/negros_7.jpg\" srcset=\"https:\/\/jornalfatosenoticias.com.br\/wp-content\/uploads\/2020\/12\/negros_7.jpg 748w, https:\/\/jornalfatosenoticias.com.br\/wp-content\/uploads\/2020\/12\/negros_7-224x300.jpg 224w\" sizes=\"auto, (max-width: 748px) 100vw, 748px\" \/><figcaption class=\"wp-block-jetpack-slideshow_caption gallery-caption\">\u201cStar Gazer in Solitude\u201d<\/figcaption><\/figure><\/li><\/ul><a class=\"wp-block-jetpack-slideshow_button-prev swiper-button-prev swiper-button-white\" role=\"button\"><\/a><a class=\"wp-block-jetpack-slideshow_button-next swiper-button-next swiper-button-white\" role=\"button\"><\/a><a aria-label=\"Pause Slideshow\" class=\"wp-block-jetpack-slideshow_button-pause\" role=\"button\"><\/a><div class=\"wp-block-jetpack-slideshow_pagination swiper-pagination swiper-pagination-white\"><\/div><\/div><\/div>\n\n\n\n<p><strong><em>Fonte: <a href=\"https:\/\/www.hypeness.com.br\/2020\/11\/artista-subverte-eurocentrismo-racista-com-retratos-incriveis-de-pessoas-negras\/\">Hypeness<\/a><\/em><\/strong><\/p>\n","protected":false},"excerpt":{"rendered":"<p>Criado no s\u00e9culo XVI, o estilo de decora\u00e7\u00e3o chamado de Blackamoor trazia pessoas pretas sempre em posi\u00e7\u00e3o de servos. Fosse sustentando objetos ou posando como servi\u00e7ais, o negro estava sempre colocado em um papel subserviente. A est\u00e9tica racista foi transformada pelo artista americano Kajahl, que criou obras em que pessoas pretas aparecem ainda sustentando objetos, [&hellip;]<\/p>\n","protected":false},"author":2,"featured_media":11927,"comment_status":"open","ping_status":"open","sticky":false,"template":"","format":"standard","meta":{"footnotes":""},"categories":[4],"tags":[3677,249,6263,6264],"class_list":["post-11919","post","type-post","status-publish","format-standard","has-post-thumbnail","hentry","category-cultura","tag-arte","tag-historia","tag-movimento-negro","tag-representatividade"],"yoast_head":"<!-- This site is optimized with the Yoast SEO plugin v26.5 - https:\/\/yoast.com\/wordpress\/plugins\/seo\/ -->\n<title>Artista subverte eurocentrismo racista com retratos incr\u00edveis de pessoas negras - Jornal Fatos e Not\u00edcias<\/title>\n<meta name=\"robots\" content=\"index, follow, max-snippet:-1, max-image-preview:large, max-video-preview:-1\" \/>\n<link rel=\"canonical\" href=\"https:\/\/jornalfatosenoticias.com.br\/index.php\/2020\/12\/01\/artista-subverte-eurocentrismo-racista-com-retratos-incriveis-de-pessoas-negras\/\" \/>\n<meta property=\"og:locale\" content=\"pt_BR\" \/>\n<meta property=\"og:type\" content=\"article\" \/>\n<meta property=\"og:title\" content=\"Artista subverte eurocentrismo racista com retratos incr\u00edveis de pessoas negras - Jornal Fatos e Not\u00edcias\" \/>\n<meta property=\"og:description\" content=\"Criado no s\u00e9culo XVI, o estilo de decora\u00e7\u00e3o chamado de Blackamoor trazia pessoas pretas sempre em posi\u00e7\u00e3o de servos. Fosse sustentando objetos ou posando como servi\u00e7ais, o negro estava sempre colocado em um papel subserviente. A est\u00e9tica racista foi transformada pelo artista americano Kajahl, que criou obras em que pessoas pretas aparecem ainda sustentando objetos, [&hellip;]\" \/>\n<meta property=\"og:url\" content=\"https:\/\/jornalfatosenoticias.com.br\/index.php\/2020\/12\/01\/artista-subverte-eurocentrismo-racista-com-retratos-incriveis-de-pessoas-negras\/\" \/>\n<meta property=\"og:site_name\" content=\"Jornal Fatos e Not\u00edcias\" \/>\n<meta property=\"article:published_time\" content=\"2020-12-01T21:13:53+00:00\" \/>\n<meta property=\"article:modified_time\" content=\"2020-12-01T21:13:56+00:00\" \/>\n<meta property=\"og:image\" content=\"https:\/\/jornalfatosenoticias.com.br\/wp-content\/uploads\/2020\/12\/artista_negros-kajahl.jpg\" \/>\n\t<meta property=\"og:image:width\" content=\"1000\" \/>\n\t<meta property=\"og:image:height\" content=\"690\" \/>\n\t<meta property=\"og:image:type\" content=\"image\/jpeg\" \/>\n<meta name=\"author\" content=\"Luzimara Fernandes\" \/>\n<meta name=\"twitter:card\" content=\"summary_large_image\" \/>\n<meta name=\"twitter:label1\" content=\"Escrito por\" \/>\n\t<meta name=\"twitter:data1\" content=\"Luzimara Fernandes\" \/>\n\t<meta name=\"twitter:label2\" content=\"Est. tempo de leitura\" \/>\n\t<meta name=\"twitter:data2\" content=\"1 minuto\" \/>\n<script type=\"application\/ld+json\" class=\"yoast-schema-graph\">{\"@context\":\"https:\/\/schema.org\",\"@graph\":[{\"@type\":\"Article\",\"@id\":\"https:\/\/jornalfatosenoticias.com.br\/index.php\/2020\/12\/01\/artista-subverte-eurocentrismo-racista-com-retratos-incriveis-de-pessoas-negras\/#article\",\"isPartOf\":{\"@id\":\"https:\/\/jornalfatosenoticias.com.br\/index.php\/2020\/12\/01\/artista-subverte-eurocentrismo-racista-com-retratos-incriveis-de-pessoas-negras\/\"},\"author\":{\"name\":\"Luzimara Fernandes\",\"@id\":\"https:\/\/jornalfatosenoticias.com.br\/#\/schema\/person\/d63837fa13ac8666eb9e74e0985d6f81\"},\"headline\":\"Artista subverte eurocentrismo racista com retratos incr\u00edveis de pessoas negras\",\"datePublished\":\"2020-12-01T21:13:53+00:00\",\"dateModified\":\"2020-12-01T21:13:56+00:00\",\"mainEntityOfPage\":{\"@id\":\"https:\/\/jornalfatosenoticias.com.br\/index.php\/2020\/12\/01\/artista-subverte-eurocentrismo-racista-com-retratos-incriveis-de-pessoas-negras\/\"},\"wordCount\":292,\"commentCount\":0,\"publisher\":{\"@id\":\"https:\/\/jornalfatosenoticias.com.br\/#organization\"},\"image\":{\"@id\":\"https:\/\/jornalfatosenoticias.com.br\/index.php\/2020\/12\/01\/artista-subverte-eurocentrismo-racista-com-retratos-incriveis-de-pessoas-negras\/#primaryimage\"},\"thumbnailUrl\":\"https:\/\/jornalfatosenoticias.com.br\/wp-content\/uploads\/2020\/12\/artista_negros-kajahl.jpg\",\"keywords\":[\"arte\",\"hist\u00f3ria\",\"movimento negro\",\"representatividade\"],\"articleSection\":[\"Cultura\"],\"inLanguage\":\"pt-BR\",\"potentialAction\":[{\"@type\":\"CommentAction\",\"name\":\"Comment\",\"target\":[\"https:\/\/jornalfatosenoticias.com.br\/index.php\/2020\/12\/01\/artista-subverte-eurocentrismo-racista-com-retratos-incriveis-de-pessoas-negras\/#respond\"]}]},{\"@type\":\"WebPage\",\"@id\":\"https:\/\/jornalfatosenoticias.com.br\/index.php\/2020\/12\/01\/artista-subverte-eurocentrismo-racista-com-retratos-incriveis-de-pessoas-negras\/\",\"url\":\"https:\/\/jornalfatosenoticias.com.br\/index.php\/2020\/12\/01\/artista-subverte-eurocentrismo-racista-com-retratos-incriveis-de-pessoas-negras\/\",\"name\":\"Artista subverte eurocentrismo racista com retratos incr\u00edveis de pessoas negras - Jornal Fatos e Not\u00edcias\",\"isPartOf\":{\"@id\":\"https:\/\/jornalfatosenoticias.com.br\/#website\"},\"primaryImageOfPage\":{\"@id\":\"https:\/\/jornalfatosenoticias.com.br\/index.php\/2020\/12\/01\/artista-subverte-eurocentrismo-racista-com-retratos-incriveis-de-pessoas-negras\/#primaryimage\"},\"image\":{\"@id\":\"https:\/\/jornalfatosenoticias.com.br\/index.php\/2020\/12\/01\/artista-subverte-eurocentrismo-racista-com-retratos-incriveis-de-pessoas-negras\/#primaryimage\"},\"thumbnailUrl\":\"https:\/\/jornalfatosenoticias.com.br\/wp-content\/uploads\/2020\/12\/artista_negros-kajahl.jpg\",\"datePublished\":\"2020-12-01T21:13:53+00:00\",\"dateModified\":\"2020-12-01T21:13:56+00:00\",\"breadcrumb\":{\"@id\":\"https:\/\/jornalfatosenoticias.com.br\/index.php\/2020\/12\/01\/artista-subverte-eurocentrismo-racista-com-retratos-incriveis-de-pessoas-negras\/#breadcrumb\"},\"inLanguage\":\"pt-BR\",\"potentialAction\":[{\"@type\":\"ReadAction\",\"target\":[\"https:\/\/jornalfatosenoticias.com.br\/index.php\/2020\/12\/01\/artista-subverte-eurocentrismo-racista-com-retratos-incriveis-de-pessoas-negras\/\"]}]},{\"@type\":\"ImageObject\",\"inLanguage\":\"pt-BR\",\"@id\":\"https:\/\/jornalfatosenoticias.com.br\/index.php\/2020\/12\/01\/artista-subverte-eurocentrismo-racista-com-retratos-incriveis-de-pessoas-negras\/#primaryimage\",\"url\":\"https:\/\/jornalfatosenoticias.com.br\/wp-content\/uploads\/2020\/12\/artista_negros-kajahl.jpg\",\"contentUrl\":\"https:\/\/jornalfatosenoticias.com.br\/wp-content\/uploads\/2020\/12\/artista_negros-kajahl.jpg\",\"width\":1000,\"height\":690},{\"@type\":\"BreadcrumbList\",\"@id\":\"https:\/\/jornalfatosenoticias.com.br\/index.php\/2020\/12\/01\/artista-subverte-eurocentrismo-racista-com-retratos-incriveis-de-pessoas-negras\/#breadcrumb\",\"itemListElement\":[{\"@type\":\"ListItem\",\"position\":1,\"name\":\"In\u00edcio\",\"item\":\"https:\/\/jornalfatosenoticias.com.br\/\"},{\"@type\":\"ListItem\",\"position\":2,\"name\":\"Artista subverte eurocentrismo racista com retratos incr\u00edveis de pessoas negras\"}]},{\"@type\":\"WebSite\",\"@id\":\"https:\/\/jornalfatosenoticias.com.br\/#website\",\"url\":\"https:\/\/jornalfatosenoticias.com.br\/\",\"name\":\"Jornal Fatos e Not\u00edcias\",\"description\":\"Not\u00edcias em geral\",\"publisher\":{\"@id\":\"https:\/\/jornalfatosenoticias.com.br\/#organization\"},\"potentialAction\":[{\"@type\":\"SearchAction\",\"target\":{\"@type\":\"EntryPoint\",\"urlTemplate\":\"https:\/\/jornalfatosenoticias.com.br\/?s={search_term_string}\"},\"query-input\":{\"@type\":\"PropertyValueSpecification\",\"valueRequired\":true,\"valueName\":\"search_term_string\"}}],\"inLanguage\":\"pt-BR\"},{\"@type\":\"Organization\",\"@id\":\"https:\/\/jornalfatosenoticias.com.br\/#organization\",\"name\":\"Jornal Fatos e Not\u00edcias\",\"url\":\"https:\/\/jornalfatosenoticias.com.br\/\",\"logo\":{\"@type\":\"ImageObject\",\"inLanguage\":\"pt-BR\",\"@id\":\"https:\/\/jornalfatosenoticias.com.br\/#\/schema\/logo\/image\/\",\"url\":\"https:\/\/jornalfatosenoticias.com.br\/wp-content\/uploads\/2020\/02\/logo120.png\",\"contentUrl\":\"https:\/\/jornalfatosenoticias.com.br\/wp-content\/uploads\/2020\/02\/logo120.png\",\"width\":1227,\"height\":120,\"caption\":\"Jornal Fatos e Not\u00edcias\"},\"image\":{\"@id\":\"https:\/\/jornalfatosenoticias.com.br\/#\/schema\/logo\/image\/\"}},{\"@type\":\"Person\",\"@id\":\"https:\/\/jornalfatosenoticias.com.br\/#\/schema\/person\/d63837fa13ac8666eb9e74e0985d6f81\",\"name\":\"Luzimara Fernandes\",\"image\":{\"@type\":\"ImageObject\",\"inLanguage\":\"pt-BR\",\"@id\":\"https:\/\/jornalfatosenoticias.com.br\/#\/schema\/person\/image\/\",\"url\":\"https:\/\/jornalfatosenoticias.com.br\/wp-content\/uploads\/2025\/05\/EU_portal.jpg\",\"contentUrl\":\"https:\/\/jornalfatosenoticias.com.br\/wp-content\/uploads\/2025\/05\/EU_portal.jpg\",\"caption\":\"Luzimara Fernandes\"},\"description\":\"Jornalista MTB 2358-ES\",\"sameAs\":[\"https:\/\/jornalfatosenoticias.com.br\"],\"url\":\"https:\/\/jornalfatosenoticias.com.br\/index.php\/author\/luzimara\/\"}]}<\/script>\n<!-- \/ Yoast SEO plugin. -->","yoast_head_json":{"title":"Artista subverte eurocentrismo racista com retratos incr\u00edveis de pessoas negras - Jornal Fatos e Not\u00edcias","robots":{"index":"index","follow":"follow","max-snippet":"max-snippet:-1","max-image-preview":"max-image-preview:large","max-video-preview":"max-video-preview:-1"},"canonical":"https:\/\/jornalfatosenoticias.com.br\/index.php\/2020\/12\/01\/artista-subverte-eurocentrismo-racista-com-retratos-incriveis-de-pessoas-negras\/","og_locale":"pt_BR","og_type":"article","og_title":"Artista subverte eurocentrismo racista com retratos incr\u00edveis de pessoas negras - Jornal Fatos e Not\u00edcias","og_description":"Criado no s\u00e9culo XVI, o estilo de decora\u00e7\u00e3o chamado de Blackamoor trazia pessoas pretas sempre em posi\u00e7\u00e3o de servos. Fosse sustentando objetos ou posando como servi\u00e7ais, o negro estava sempre colocado em um papel subserviente. A est\u00e9tica racista foi transformada pelo artista americano Kajahl, que criou obras em que pessoas pretas aparecem ainda sustentando objetos, [&hellip;]","og_url":"https:\/\/jornalfatosenoticias.com.br\/index.php\/2020\/12\/01\/artista-subverte-eurocentrismo-racista-com-retratos-incriveis-de-pessoas-negras\/","og_site_name":"Jornal Fatos e Not\u00edcias","article_published_time":"2020-12-01T21:13:53+00:00","article_modified_time":"2020-12-01T21:13:56+00:00","og_image":[{"width":1000,"height":690,"url":"https:\/\/jornalfatosenoticias.com.br\/wp-content\/uploads\/2020\/12\/artista_negros-kajahl.jpg","type":"image\/jpeg"}],"author":"Luzimara Fernandes","twitter_card":"summary_large_image","twitter_misc":{"Escrito por":"Luzimara Fernandes","Est. tempo de leitura":"1 minuto"},"schema":{"@context":"https:\/\/schema.org","@graph":[{"@type":"Article","@id":"https:\/\/jornalfatosenoticias.com.br\/index.php\/2020\/12\/01\/artista-subverte-eurocentrismo-racista-com-retratos-incriveis-de-pessoas-negras\/#article","isPartOf":{"@id":"https:\/\/jornalfatosenoticias.com.br\/index.php\/2020\/12\/01\/artista-subverte-eurocentrismo-racista-com-retratos-incriveis-de-pessoas-negras\/"},"author":{"name":"Luzimara Fernandes","@id":"https:\/\/jornalfatosenoticias.com.br\/#\/schema\/person\/d63837fa13ac8666eb9e74e0985d6f81"},"headline":"Artista subverte eurocentrismo racista com retratos incr\u00edveis de pessoas negras","datePublished":"2020-12-01T21:13:53+00:00","dateModified":"2020-12-01T21:13:56+00:00","mainEntityOfPage":{"@id":"https:\/\/jornalfatosenoticias.com.br\/index.php\/2020\/12\/01\/artista-subverte-eurocentrismo-racista-com-retratos-incriveis-de-pessoas-negras\/"},"wordCount":292,"commentCount":0,"publisher":{"@id":"https:\/\/jornalfatosenoticias.com.br\/#organization"},"image":{"@id":"https:\/\/jornalfatosenoticias.com.br\/index.php\/2020\/12\/01\/artista-subverte-eurocentrismo-racista-com-retratos-incriveis-de-pessoas-negras\/#primaryimage"},"thumbnailUrl":"https:\/\/jornalfatosenoticias.com.br\/wp-content\/uploads\/2020\/12\/artista_negros-kajahl.jpg","keywords":["arte","hist\u00f3ria","movimento negro","representatividade"],"articleSection":["Cultura"],"inLanguage":"pt-BR","potentialAction":[{"@type":"CommentAction","name":"Comment","target":["https:\/\/jornalfatosenoticias.com.br\/index.php\/2020\/12\/01\/artista-subverte-eurocentrismo-racista-com-retratos-incriveis-de-pessoas-negras\/#respond"]}]},{"@type":"WebPage","@id":"https:\/\/jornalfatosenoticias.com.br\/index.php\/2020\/12\/01\/artista-subverte-eurocentrismo-racista-com-retratos-incriveis-de-pessoas-negras\/","url":"https:\/\/jornalfatosenoticias.com.br\/index.php\/2020\/12\/01\/artista-subverte-eurocentrismo-racista-com-retratos-incriveis-de-pessoas-negras\/","name":"Artista subverte eurocentrismo racista com retratos incr\u00edveis de pessoas negras - Jornal Fatos e Not\u00edcias","isPartOf":{"@id":"https:\/\/jornalfatosenoticias.com.br\/#website"},"primaryImageOfPage":{"@id":"https:\/\/jornalfatosenoticias.com.br\/index.php\/2020\/12\/01\/artista-subverte-eurocentrismo-racista-com-retratos-incriveis-de-pessoas-negras\/#primaryimage"},"image":{"@id":"https:\/\/jornalfatosenoticias.com.br\/index.php\/2020\/12\/01\/artista-subverte-eurocentrismo-racista-com-retratos-incriveis-de-pessoas-negras\/#primaryimage"},"thumbnailUrl":"https:\/\/jornalfatosenoticias.com.br\/wp-content\/uploads\/2020\/12\/artista_negros-kajahl.jpg","datePublished":"2020-12-01T21:13:53+00:00","dateModified":"2020-12-01T21:13:56+00:00","breadcrumb":{"@id":"https:\/\/jornalfatosenoticias.com.br\/index.php\/2020\/12\/01\/artista-subverte-eurocentrismo-racista-com-retratos-incriveis-de-pessoas-negras\/#breadcrumb"},"inLanguage":"pt-BR","potentialAction":[{"@type":"ReadAction","target":["https:\/\/jornalfatosenoticias.com.br\/index.php\/2020\/12\/01\/artista-subverte-eurocentrismo-racista-com-retratos-incriveis-de-pessoas-negras\/"]}]},{"@type":"ImageObject","inLanguage":"pt-BR","@id":"https:\/\/jornalfatosenoticias.com.br\/index.php\/2020\/12\/01\/artista-subverte-eurocentrismo-racista-com-retratos-incriveis-de-pessoas-negras\/#primaryimage","url":"https:\/\/jornalfatosenoticias.com.br\/wp-content\/uploads\/2020\/12\/artista_negros-kajahl.jpg","contentUrl":"https:\/\/jornalfatosenoticias.com.br\/wp-content\/uploads\/2020\/12\/artista_negros-kajahl.jpg","width":1000,"height":690},{"@type":"BreadcrumbList","@id":"https:\/\/jornalfatosenoticias.com.br\/index.php\/2020\/12\/01\/artista-subverte-eurocentrismo-racista-com-retratos-incriveis-de-pessoas-negras\/#breadcrumb","itemListElement":[{"@type":"ListItem","position":1,"name":"In\u00edcio","item":"https:\/\/jornalfatosenoticias.com.br\/"},{"@type":"ListItem","position":2,"name":"Artista subverte eurocentrismo racista com retratos incr\u00edveis de pessoas negras"}]},{"@type":"WebSite","@id":"https:\/\/jornalfatosenoticias.com.br\/#website","url":"https:\/\/jornalfatosenoticias.com.br\/","name":"Jornal Fatos e Not\u00edcias","description":"Not\u00edcias em geral","publisher":{"@id":"https:\/\/jornalfatosenoticias.com.br\/#organization"},"potentialAction":[{"@type":"SearchAction","target":{"@type":"EntryPoint","urlTemplate":"https:\/\/jornalfatosenoticias.com.br\/?s={search_term_string}"},"query-input":{"@type":"PropertyValueSpecification","valueRequired":true,"valueName":"search_term_string"}}],"inLanguage":"pt-BR"},{"@type":"Organization","@id":"https:\/\/jornalfatosenoticias.com.br\/#organization","name":"Jornal Fatos e Not\u00edcias","url":"https:\/\/jornalfatosenoticias.com.br\/","logo":{"@type":"ImageObject","inLanguage":"pt-BR","@id":"https:\/\/jornalfatosenoticias.com.br\/#\/schema\/logo\/image\/","url":"https:\/\/jornalfatosenoticias.com.br\/wp-content\/uploads\/2020\/02\/logo120.png","contentUrl":"https:\/\/jornalfatosenoticias.com.br\/wp-content\/uploads\/2020\/02\/logo120.png","width":1227,"height":120,"caption":"Jornal Fatos e Not\u00edcias"},"image":{"@id":"https:\/\/jornalfatosenoticias.com.br\/#\/schema\/logo\/image\/"}},{"@type":"Person","@id":"https:\/\/jornalfatosenoticias.com.br\/#\/schema\/person\/d63837fa13ac8666eb9e74e0985d6f81","name":"Luzimara Fernandes","image":{"@type":"ImageObject","inLanguage":"pt-BR","@id":"https:\/\/jornalfatosenoticias.com.br\/#\/schema\/person\/image\/","url":"https:\/\/jornalfatosenoticias.com.br\/wp-content\/uploads\/2025\/05\/EU_portal.jpg","contentUrl":"https:\/\/jornalfatosenoticias.com.br\/wp-content\/uploads\/2025\/05\/EU_portal.jpg","caption":"Luzimara Fernandes"},"description":"Jornalista MTB 2358-ES","sameAs":["https:\/\/jornalfatosenoticias.com.br"],"url":"https:\/\/jornalfatosenoticias.com.br\/index.php\/author\/luzimara\/"}]}},"cc_featured_image_caption":{"caption_text":"Kajahl (\u00a9Kajahl\/Royal Spectre) ","source_text":"","source_url":""},"jetpack_featured_media_url":"https:\/\/jornalfatosenoticias.com.br\/wp-content\/uploads\/2020\/12\/artista_negros-kajahl.jpg","_links":{"self":[{"href":"https:\/\/jornalfatosenoticias.com.br\/index.php\/wp-json\/wp\/v2\/posts\/11919","targetHints":{"allow":["GET"]}}],"collection":[{"href":"https:\/\/jornalfatosenoticias.com.br\/index.php\/wp-json\/wp\/v2\/posts"}],"about":[{"href":"https:\/\/jornalfatosenoticias.com.br\/index.php\/wp-json\/wp\/v2\/types\/post"}],"author":[{"embeddable":true,"href":"https:\/\/jornalfatosenoticias.com.br\/index.php\/wp-json\/wp\/v2\/users\/2"}],"replies":[{"embeddable":true,"href":"https:\/\/jornalfatosenoticias.com.br\/index.php\/wp-json\/wp\/v2\/comments?post=11919"}],"version-history":[{"count":0,"href":"https:\/\/jornalfatosenoticias.com.br\/index.php\/wp-json\/wp\/v2\/posts\/11919\/revisions"}],"wp:featuredmedia":[{"embeddable":true,"href":"https:\/\/jornalfatosenoticias.com.br\/index.php\/wp-json\/wp\/v2\/media\/11927"}],"wp:attachment":[{"href":"https:\/\/jornalfatosenoticias.com.br\/index.php\/wp-json\/wp\/v2\/media?parent=11919"}],"wp:term":[{"taxonomy":"category","embeddable":true,"href":"https:\/\/jornalfatosenoticias.com.br\/index.php\/wp-json\/wp\/v2\/categories?post=11919"},{"taxonomy":"post_tag","embeddable":true,"href":"https:\/\/jornalfatosenoticias.com.br\/index.php\/wp-json\/wp\/v2\/tags?post=11919"}],"curies":[{"name":"wp","href":"https:\/\/api.w.org\/{rel}","templated":true}]}}