{"id":11949,"date":"2020-12-01T18:44:26","date_gmt":"2020-12-01T21:44:26","guid":{"rendered":"https:\/\/jornalfatosenoticias.com.br\/?p=11949"},"modified":"2020-12-01T18:44:31","modified_gmt":"2020-12-01T21:44:31","slug":"tartarugas-da-amazonia-sao-soltas-na-natureza","status":"publish","type":"post","link":"https:\/\/jornalfatosenoticias.com.br\/index.php\/2020\/12\/01\/tartarugas-da-amazonia-sao-soltas-na-natureza\/","title":{"rendered":"Tartarugas-da-amaz\u00f4nia s\u00e3o soltas na natureza"},"content":{"rendered":"\n<h6 class=\"wp-block-heading\"><em>Os ovos ganharam prote\u00e7\u00e3o contra predadores, por meio de ninhos especiais com conten\u00e7\u00f5es confeccionadas a partir de bambus e telas de metal. Ap\u00f3s o nascimento, os animais foram inseridos em tanques e permaneceram em observa\u00e7\u00e3o at\u00e9 estarem aptos para irem \u00e0 natureza<\/em><\/h6>\n\n\n\n<p>Cerca de 60 esp\u00e9cimes de tartarugas-da-amaz\u00f4nia, nascidas em Mangal das Gar\u00e7as, foram soltas no Parque Estadual do Utinga Camillo Vianna, por meio de uma a\u00e7\u00e3o coordenada entre a Organiza\u00e7\u00e3o Social Par\u00e1 2000, que administra o Mangal e a Secretaria Estadual de Meio Ambiente e Sustentabilidade (Semas).<br>Os esp\u00e9cimes estavam recebendo cuidados especiais pela equipe t\u00e9cnica do Mangal das Gar\u00e7as desde antes do nascimento. Os ovos ganharam prote\u00e7\u00e3o contra predadores, por meio de ninhos especiais com conten\u00e7\u00f5es confeccionadas a partir de bambus e telas de metal. Ap\u00f3s o nascimento, os animais foram inseridos em tanques e permaneceram em observa\u00e7\u00e3o at\u00e9 estarem aptos para irem \u00e0 natureza.<br>O objetivo da a\u00e7\u00e3o foi preservar os filhotes da esp\u00e9cie, que no in\u00edcio da vida correm muitos riscos no habitat natural. &#8220;Atrav\u00e9s de crit\u00e9rios t\u00e9cnicos de avalia\u00e7\u00e3o, definimos que o Parque do Utinga foi o mais adequado para este procedimento&#8221;, esclarece Moema de Jesus, do Setor de Fiscaliza\u00e7\u00e3o de Fauna e Recursos Pesqueiros da Semas.<br>Camilo Rodriguez, um dos veterin\u00e1rios respons\u00e1veis por cuidar das tartarugas, comenta que a esp\u00e9cie em quest\u00e3o \u00e9 classificada como vulner\u00e1vel na lista de animais de extin\u00e7\u00e3o e explica o modo de vida deles no Mangal das Gar\u00e7as.<br>&#8220;S\u00e3o esp\u00e9cies que conseguem exercer vida livre no Mangal das Gar\u00e7as por conta das condi\u00e7\u00f5es naturais que o espa\u00e7o fornece. Num per\u00edodo de aproximadamente 40 a 60 dias os ovos destas tartarugas eclodem, e a equipe t\u00e9cnica do Parque fica atenta ao processo de nascimento dos filhotes, pois muitos deles costumam ficar enterrados na areia e poucas saem por conta pr\u00f3pria. A maioria foi resgatada pelos funcion\u00e1rios Mangal&#8221;, conta o veterin\u00e1rio.<br>Segundo o veterin\u00e1rio, algumas tartarugas nasceram com o umbigo exposto, que durante o per\u00edodo de fecunda\u00e7\u00e3o ficam conectados aos ovos. A equipe t\u00e9cnica teve que realizar a limpeza desta \u00e1rea sens\u00edvel diariamente para que pudesse desinfeccionar.<br>&#8220;N\u00f3s conseguimos recuperar 62 tartarugas-da-amaz\u00f4nia, das quais 60 foram liberadas no Parque Estadual do Utinga e outras duas ficaram conosco. S\u00f3 depois de garantir que todas as tartarugas estavam nas devidas condi\u00e7\u00f5es para a libera\u00e7\u00e3o, que houve de fato a soltura delas no habitat natural&#8221;, disse Camilo Rodriguez.<br>A estagi\u00e1ria de medicina veterin\u00e1ria Ana Karoline Neves, explica um pouco sobre os cuidados que os funcion\u00e1rios do Mangal tiveram com estes animais. &#8220;N\u00f3s acompanhamos as tartarugas desde a primeira postura de fecunda\u00e7\u00e3o delas nos lagos do Mangal das Gar\u00e7as, protegemos os ninhos e cuidamos dos esp\u00e9cimes at\u00e9 o momento da soltura&#8221;, exp\u00f5e.<br>Rodriguez conta que al\u00e9m das tartarugas-da-amaz\u00f4nia, nasceram tamb\u00e9m tr\u00eas tracaj\u00e1s, uma tartaruga perema e uma mu\u00e7u\u00e3, que permaneceram no Parque para recompor o plantel do espa\u00e7o e preservar a viabilidade gen\u00e9tica.<br>&#8220;Esse evento \u00e9 muito importante, pois s\u00e3o animais muito perseguidos, seja por predadores ou seja por pessoas interessadas na carne destes. Essa reprodu\u00e7\u00e3o em cativeiro ajuda na preserva\u00e7\u00e3o da esp\u00e9cie, que cumpre uma fun\u00e7\u00e3o ecol\u00f3gica fundamental &#8220;, explica o veterin\u00e1rio do Mangal.<br>&#8220;Al\u00e9m disso, o consumo de mat\u00e9ria org\u00e2nica que essas esp\u00e9cies fazem ajuda na limpeza dos espa\u00e7os aqu\u00e1ticos contribui para a biodiversidade local&#8221;, finaliza Camillo Rodrigues.<\/p>\n\n\n\n<p><strong><em>Fonte: <a href=\"https:\/\/portalamazonia.com\/noticias\/meio-ambiente\/tartarugas-da-amazonia-nascidas-no-mangal-das-garcas-sao-soltas-no-parque-do-utinga\">Portal Amaz\u00f4nia<\/a><\/em><\/strong><\/p>\n","protected":false},"excerpt":{"rendered":"<p>Os ovos ganharam prote\u00e7\u00e3o contra predadores, por meio de ninhos especiais com conten\u00e7\u00f5es confeccionadas a partir de bambus e telas de metal. Ap\u00f3s o nascimento, os animais foram inseridos em tanques e permaneceram em observa\u00e7\u00e3o at\u00e9 estarem aptos para irem \u00e0 natureza Cerca de 60 esp\u00e9cimes de tartarugas-da-amaz\u00f4nia, nascidas em Mangal das Gar\u00e7as, foram soltas [&hellip;]<\/p>\n","protected":false},"author":2,"featured_media":11950,"comment_status":"open","ping_status":"open","sticky":false,"template":"","format":"standard","meta":{"footnotes":""},"categories":[8],"tags":[1261,655,940,3592],"class_list":["post-11949","post","type-post","status-publish","format-standard","has-post-thumbnail","hentry","category-meio-ambiente","tag-filhotes","tag-natureza","tag-para","tag-tartarugas-da-amazonia"],"yoast_head":"<!-- This site is optimized with the Yoast SEO plugin v26.5 - https:\/\/yoast.com\/wordpress\/plugins\/seo\/ -->\n<title>Tartarugas-da-amaz\u00f4nia s\u00e3o soltas na natureza - Jornal Fatos e Not\u00edcias<\/title>\n<meta name=\"robots\" content=\"index, follow, max-snippet:-1, max-image-preview:large, max-video-preview:-1\" \/>\n<link rel=\"canonical\" href=\"https:\/\/jornalfatosenoticias.com.br\/index.php\/2020\/12\/01\/tartarugas-da-amazonia-sao-soltas-na-natureza\/\" \/>\n<meta property=\"og:locale\" content=\"pt_BR\" \/>\n<meta property=\"og:type\" content=\"article\" \/>\n<meta property=\"og:title\" content=\"Tartarugas-da-amaz\u00f4nia s\u00e3o soltas na natureza - Jornal Fatos e Not\u00edcias\" \/>\n<meta property=\"og:description\" content=\"Os ovos ganharam prote\u00e7\u00e3o contra predadores, por meio de ninhos especiais com conten\u00e7\u00f5es confeccionadas a partir de bambus e telas de metal. Ap\u00f3s o nascimento, os animais foram inseridos em tanques e permaneceram em observa\u00e7\u00e3o at\u00e9 estarem aptos para irem \u00e0 natureza Cerca de 60 esp\u00e9cimes de tartarugas-da-amaz\u00f4nia, nascidas em Mangal das Gar\u00e7as, foram soltas [&hellip;]\" \/>\n<meta property=\"og:url\" content=\"https:\/\/jornalfatosenoticias.com.br\/index.php\/2020\/12\/01\/tartarugas-da-amazonia-sao-soltas-na-natureza\/\" \/>\n<meta property=\"og:site_name\" content=\"Jornal Fatos e Not\u00edcias\" \/>\n<meta property=\"article:published_time\" content=\"2020-12-01T21:44:26+00:00\" \/>\n<meta property=\"article:modified_time\" content=\"2020-12-01T21:44:31+00:00\" \/>\n<meta property=\"og:image\" content=\"https:\/\/jornalfatosenoticias.com.br\/wp-content\/uploads\/2020\/12\/tartaruga-da-amazonia.jpg\" \/>\n\t<meta property=\"og:image:width\" content=\"1000\" \/>\n\t<meta property=\"og:image:height\" content=\"667\" \/>\n\t<meta property=\"og:image:type\" content=\"image\/jpeg\" \/>\n<meta name=\"author\" content=\"Luzimara Fernandes\" \/>\n<meta name=\"twitter:card\" content=\"summary_large_image\" \/>\n<meta name=\"twitter:label1\" content=\"Escrito por\" \/>\n\t<meta name=\"twitter:data1\" content=\"Luzimara Fernandes\" \/>\n\t<meta name=\"twitter:label2\" content=\"Est. tempo de leitura\" \/>\n\t<meta name=\"twitter:data2\" content=\"3 minutos\" \/>\n<script type=\"application\/ld+json\" class=\"yoast-schema-graph\">{\"@context\":\"https:\/\/schema.org\",\"@graph\":[{\"@type\":\"Article\",\"@id\":\"https:\/\/jornalfatosenoticias.com.br\/index.php\/2020\/12\/01\/tartarugas-da-amazonia-sao-soltas-na-natureza\/#article\",\"isPartOf\":{\"@id\":\"https:\/\/jornalfatosenoticias.com.br\/index.php\/2020\/12\/01\/tartarugas-da-amazonia-sao-soltas-na-natureza\/\"},\"author\":{\"name\":\"Luzimara Fernandes\",\"@id\":\"https:\/\/jornalfatosenoticias.com.br\/#\/schema\/person\/d63837fa13ac8666eb9e74e0985d6f81\"},\"headline\":\"Tartarugas-da-amaz\u00f4nia s\u00e3o soltas na natureza\",\"datePublished\":\"2020-12-01T21:44:26+00:00\",\"dateModified\":\"2020-12-01T21:44:31+00:00\",\"mainEntityOfPage\":{\"@id\":\"https:\/\/jornalfatosenoticias.com.br\/index.php\/2020\/12\/01\/tartarugas-da-amazonia-sao-soltas-na-natureza\/\"},\"wordCount\":624,\"commentCount\":0,\"publisher\":{\"@id\":\"https:\/\/jornalfatosenoticias.com.br\/#organization\"},\"image\":{\"@id\":\"https:\/\/jornalfatosenoticias.com.br\/index.php\/2020\/12\/01\/tartarugas-da-amazonia-sao-soltas-na-natureza\/#primaryimage\"},\"thumbnailUrl\":\"https:\/\/jornalfatosenoticias.com.br\/wp-content\/uploads\/2020\/12\/tartaruga-da-amazonia.jpg\",\"keywords\":[\"filhotes\",\"natureza\",\"Par\u00e1\",\"tartarugas-da-amaz\u00f4nia\"],\"articleSection\":[\"Meio ambiente\"],\"inLanguage\":\"pt-BR\",\"potentialAction\":[{\"@type\":\"CommentAction\",\"name\":\"Comment\",\"target\":[\"https:\/\/jornalfatosenoticias.com.br\/index.php\/2020\/12\/01\/tartarugas-da-amazonia-sao-soltas-na-natureza\/#respond\"]}]},{\"@type\":\"WebPage\",\"@id\":\"https:\/\/jornalfatosenoticias.com.br\/index.php\/2020\/12\/01\/tartarugas-da-amazonia-sao-soltas-na-natureza\/\",\"url\":\"https:\/\/jornalfatosenoticias.com.br\/index.php\/2020\/12\/01\/tartarugas-da-amazonia-sao-soltas-na-natureza\/\",\"name\":\"Tartarugas-da-amaz\u00f4nia s\u00e3o soltas na natureza - Jornal Fatos e Not\u00edcias\",\"isPartOf\":{\"@id\":\"https:\/\/jornalfatosenoticias.com.br\/#website\"},\"primaryImageOfPage\":{\"@id\":\"https:\/\/jornalfatosenoticias.com.br\/index.php\/2020\/12\/01\/tartarugas-da-amazonia-sao-soltas-na-natureza\/#primaryimage\"},\"image\":{\"@id\":\"https:\/\/jornalfatosenoticias.com.br\/index.php\/2020\/12\/01\/tartarugas-da-amazonia-sao-soltas-na-natureza\/#primaryimage\"},\"thumbnailUrl\":\"https:\/\/jornalfatosenoticias.com.br\/wp-content\/uploads\/2020\/12\/tartaruga-da-amazonia.jpg\",\"datePublished\":\"2020-12-01T21:44:26+00:00\",\"dateModified\":\"2020-12-01T21:44:31+00:00\",\"breadcrumb\":{\"@id\":\"https:\/\/jornalfatosenoticias.com.br\/index.php\/2020\/12\/01\/tartarugas-da-amazonia-sao-soltas-na-natureza\/#breadcrumb\"},\"inLanguage\":\"pt-BR\",\"potentialAction\":[{\"@type\":\"ReadAction\",\"target\":[\"https:\/\/jornalfatosenoticias.com.br\/index.php\/2020\/12\/01\/tartarugas-da-amazonia-sao-soltas-na-natureza\/\"]}]},{\"@type\":\"ImageObject\",\"inLanguage\":\"pt-BR\",\"@id\":\"https:\/\/jornalfatosenoticias.com.br\/index.php\/2020\/12\/01\/tartarugas-da-amazonia-sao-soltas-na-natureza\/#primaryimage\",\"url\":\"https:\/\/jornalfatosenoticias.com.br\/wp-content\/uploads\/2020\/12\/tartaruga-da-amazonia.jpg\",\"contentUrl\":\"https:\/\/jornalfatosenoticias.com.br\/wp-content\/uploads\/2020\/12\/tartaruga-da-amazonia.jpg\",\"width\":1000,\"height\":667},{\"@type\":\"BreadcrumbList\",\"@id\":\"https:\/\/jornalfatosenoticias.com.br\/index.php\/2020\/12\/01\/tartarugas-da-amazonia-sao-soltas-na-natureza\/#breadcrumb\",\"itemListElement\":[{\"@type\":\"ListItem\",\"position\":1,\"name\":\"In\u00edcio\",\"item\":\"https:\/\/jornalfatosenoticias.com.br\/\"},{\"@type\":\"ListItem\",\"position\":2,\"name\":\"Tartarugas-da-amaz\u00f4nia s\u00e3o soltas na natureza\"}]},{\"@type\":\"WebSite\",\"@id\":\"https:\/\/jornalfatosenoticias.com.br\/#website\",\"url\":\"https:\/\/jornalfatosenoticias.com.br\/\",\"name\":\"Jornal Fatos e Not\u00edcias\",\"description\":\"Not\u00edcias em geral\",\"publisher\":{\"@id\":\"https:\/\/jornalfatosenoticias.com.br\/#organization\"},\"potentialAction\":[{\"@type\":\"SearchAction\",\"target\":{\"@type\":\"EntryPoint\",\"urlTemplate\":\"https:\/\/jornalfatosenoticias.com.br\/?s={search_term_string}\"},\"query-input\":{\"@type\":\"PropertyValueSpecification\",\"valueRequired\":true,\"valueName\":\"search_term_string\"}}],\"inLanguage\":\"pt-BR\"},{\"@type\":\"Organization\",\"@id\":\"https:\/\/jornalfatosenoticias.com.br\/#organization\",\"name\":\"Jornal Fatos e Not\u00edcias\",\"url\":\"https:\/\/jornalfatosenoticias.com.br\/\",\"logo\":{\"@type\":\"ImageObject\",\"inLanguage\":\"pt-BR\",\"@id\":\"https:\/\/jornalfatosenoticias.com.br\/#\/schema\/logo\/image\/\",\"url\":\"https:\/\/jornalfatosenoticias.com.br\/wp-content\/uploads\/2020\/02\/logo120.png\",\"contentUrl\":\"https:\/\/jornalfatosenoticias.com.br\/wp-content\/uploads\/2020\/02\/logo120.png\",\"width\":1227,\"height\":120,\"caption\":\"Jornal Fatos e Not\u00edcias\"},\"image\":{\"@id\":\"https:\/\/jornalfatosenoticias.com.br\/#\/schema\/logo\/image\/\"}},{\"@type\":\"Person\",\"@id\":\"https:\/\/jornalfatosenoticias.com.br\/#\/schema\/person\/d63837fa13ac8666eb9e74e0985d6f81\",\"name\":\"Luzimara Fernandes\",\"image\":{\"@type\":\"ImageObject\",\"inLanguage\":\"pt-BR\",\"@id\":\"https:\/\/jornalfatosenoticias.com.br\/#\/schema\/person\/image\/\",\"url\":\"https:\/\/jornalfatosenoticias.com.br\/wp-content\/uploads\/2025\/05\/EU_portal.jpg\",\"contentUrl\":\"https:\/\/jornalfatosenoticias.com.br\/wp-content\/uploads\/2025\/05\/EU_portal.jpg\",\"caption\":\"Luzimara Fernandes\"},\"description\":\"Jornalista MTB 2358-ES\",\"sameAs\":[\"https:\/\/jornalfatosenoticias.com.br\"],\"url\":\"https:\/\/jornalfatosenoticias.com.br\/index.php\/author\/luzimara\/\"}]}<\/script>\n<!-- \/ Yoast SEO plugin. -->","yoast_head_json":{"title":"Tartarugas-da-amaz\u00f4nia s\u00e3o soltas na natureza - Jornal Fatos e Not\u00edcias","robots":{"index":"index","follow":"follow","max-snippet":"max-snippet:-1","max-image-preview":"max-image-preview:large","max-video-preview":"max-video-preview:-1"},"canonical":"https:\/\/jornalfatosenoticias.com.br\/index.php\/2020\/12\/01\/tartarugas-da-amazonia-sao-soltas-na-natureza\/","og_locale":"pt_BR","og_type":"article","og_title":"Tartarugas-da-amaz\u00f4nia s\u00e3o soltas na natureza - Jornal Fatos e Not\u00edcias","og_description":"Os ovos ganharam prote\u00e7\u00e3o contra predadores, por meio de ninhos especiais com conten\u00e7\u00f5es confeccionadas a partir de bambus e telas de metal. Ap\u00f3s o nascimento, os animais foram inseridos em tanques e permaneceram em observa\u00e7\u00e3o at\u00e9 estarem aptos para irem \u00e0 natureza Cerca de 60 esp\u00e9cimes de tartarugas-da-amaz\u00f4nia, nascidas em Mangal das Gar\u00e7as, foram soltas [&hellip;]","og_url":"https:\/\/jornalfatosenoticias.com.br\/index.php\/2020\/12\/01\/tartarugas-da-amazonia-sao-soltas-na-natureza\/","og_site_name":"Jornal Fatos e Not\u00edcias","article_published_time":"2020-12-01T21:44:26+00:00","article_modified_time":"2020-12-01T21:44:31+00:00","og_image":[{"width":1000,"height":667,"url":"https:\/\/jornalfatosenoticias.com.br\/wp-content\/uploads\/2020\/12\/tartaruga-da-amazonia.jpg","type":"image\/jpeg"}],"author":"Luzimara Fernandes","twitter_card":"summary_large_image","twitter_misc":{"Escrito por":"Luzimara Fernandes","Est. tempo de leitura":"3 minutos"},"schema":{"@context":"https:\/\/schema.org","@graph":[{"@type":"Article","@id":"https:\/\/jornalfatosenoticias.com.br\/index.php\/2020\/12\/01\/tartarugas-da-amazonia-sao-soltas-na-natureza\/#article","isPartOf":{"@id":"https:\/\/jornalfatosenoticias.com.br\/index.php\/2020\/12\/01\/tartarugas-da-amazonia-sao-soltas-na-natureza\/"},"author":{"name":"Luzimara Fernandes","@id":"https:\/\/jornalfatosenoticias.com.br\/#\/schema\/person\/d63837fa13ac8666eb9e74e0985d6f81"},"headline":"Tartarugas-da-amaz\u00f4nia s\u00e3o soltas na natureza","datePublished":"2020-12-01T21:44:26+00:00","dateModified":"2020-12-01T21:44:31+00:00","mainEntityOfPage":{"@id":"https:\/\/jornalfatosenoticias.com.br\/index.php\/2020\/12\/01\/tartarugas-da-amazonia-sao-soltas-na-natureza\/"},"wordCount":624,"commentCount":0,"publisher":{"@id":"https:\/\/jornalfatosenoticias.com.br\/#organization"},"image":{"@id":"https:\/\/jornalfatosenoticias.com.br\/index.php\/2020\/12\/01\/tartarugas-da-amazonia-sao-soltas-na-natureza\/#primaryimage"},"thumbnailUrl":"https:\/\/jornalfatosenoticias.com.br\/wp-content\/uploads\/2020\/12\/tartaruga-da-amazonia.jpg","keywords":["filhotes","natureza","Par\u00e1","tartarugas-da-amaz\u00f4nia"],"articleSection":["Meio ambiente"],"inLanguage":"pt-BR","potentialAction":[{"@type":"CommentAction","name":"Comment","target":["https:\/\/jornalfatosenoticias.com.br\/index.php\/2020\/12\/01\/tartarugas-da-amazonia-sao-soltas-na-natureza\/#respond"]}]},{"@type":"WebPage","@id":"https:\/\/jornalfatosenoticias.com.br\/index.php\/2020\/12\/01\/tartarugas-da-amazonia-sao-soltas-na-natureza\/","url":"https:\/\/jornalfatosenoticias.com.br\/index.php\/2020\/12\/01\/tartarugas-da-amazonia-sao-soltas-na-natureza\/","name":"Tartarugas-da-amaz\u00f4nia s\u00e3o soltas na natureza - Jornal Fatos e Not\u00edcias","isPartOf":{"@id":"https:\/\/jornalfatosenoticias.com.br\/#website"},"primaryImageOfPage":{"@id":"https:\/\/jornalfatosenoticias.com.br\/index.php\/2020\/12\/01\/tartarugas-da-amazonia-sao-soltas-na-natureza\/#primaryimage"},"image":{"@id":"https:\/\/jornalfatosenoticias.com.br\/index.php\/2020\/12\/01\/tartarugas-da-amazonia-sao-soltas-na-natureza\/#primaryimage"},"thumbnailUrl":"https:\/\/jornalfatosenoticias.com.br\/wp-content\/uploads\/2020\/12\/tartaruga-da-amazonia.jpg","datePublished":"2020-12-01T21:44:26+00:00","dateModified":"2020-12-01T21:44:31+00:00","breadcrumb":{"@id":"https:\/\/jornalfatosenoticias.com.br\/index.php\/2020\/12\/01\/tartarugas-da-amazonia-sao-soltas-na-natureza\/#breadcrumb"},"inLanguage":"pt-BR","potentialAction":[{"@type":"ReadAction","target":["https:\/\/jornalfatosenoticias.com.br\/index.php\/2020\/12\/01\/tartarugas-da-amazonia-sao-soltas-na-natureza\/"]}]},{"@type":"ImageObject","inLanguage":"pt-BR","@id":"https:\/\/jornalfatosenoticias.com.br\/index.php\/2020\/12\/01\/tartarugas-da-amazonia-sao-soltas-na-natureza\/#primaryimage","url":"https:\/\/jornalfatosenoticias.com.br\/wp-content\/uploads\/2020\/12\/tartaruga-da-amazonia.jpg","contentUrl":"https:\/\/jornalfatosenoticias.com.br\/wp-content\/uploads\/2020\/12\/tartaruga-da-amazonia.jpg","width":1000,"height":667},{"@type":"BreadcrumbList","@id":"https:\/\/jornalfatosenoticias.com.br\/index.php\/2020\/12\/01\/tartarugas-da-amazonia-sao-soltas-na-natureza\/#breadcrumb","itemListElement":[{"@type":"ListItem","position":1,"name":"In\u00edcio","item":"https:\/\/jornalfatosenoticias.com.br\/"},{"@type":"ListItem","position":2,"name":"Tartarugas-da-amaz\u00f4nia s\u00e3o soltas na natureza"}]},{"@type":"WebSite","@id":"https:\/\/jornalfatosenoticias.com.br\/#website","url":"https:\/\/jornalfatosenoticias.com.br\/","name":"Jornal Fatos e Not\u00edcias","description":"Not\u00edcias em geral","publisher":{"@id":"https:\/\/jornalfatosenoticias.com.br\/#organization"},"potentialAction":[{"@type":"SearchAction","target":{"@type":"EntryPoint","urlTemplate":"https:\/\/jornalfatosenoticias.com.br\/?s={search_term_string}"},"query-input":{"@type":"PropertyValueSpecification","valueRequired":true,"valueName":"search_term_string"}}],"inLanguage":"pt-BR"},{"@type":"Organization","@id":"https:\/\/jornalfatosenoticias.com.br\/#organization","name":"Jornal Fatos e Not\u00edcias","url":"https:\/\/jornalfatosenoticias.com.br\/","logo":{"@type":"ImageObject","inLanguage":"pt-BR","@id":"https:\/\/jornalfatosenoticias.com.br\/#\/schema\/logo\/image\/","url":"https:\/\/jornalfatosenoticias.com.br\/wp-content\/uploads\/2020\/02\/logo120.png","contentUrl":"https:\/\/jornalfatosenoticias.com.br\/wp-content\/uploads\/2020\/02\/logo120.png","width":1227,"height":120,"caption":"Jornal Fatos e Not\u00edcias"},"image":{"@id":"https:\/\/jornalfatosenoticias.com.br\/#\/schema\/logo\/image\/"}},{"@type":"Person","@id":"https:\/\/jornalfatosenoticias.com.br\/#\/schema\/person\/d63837fa13ac8666eb9e74e0985d6f81","name":"Luzimara Fernandes","image":{"@type":"ImageObject","inLanguage":"pt-BR","@id":"https:\/\/jornalfatosenoticias.com.br\/#\/schema\/person\/image\/","url":"https:\/\/jornalfatosenoticias.com.br\/wp-content\/uploads\/2025\/05\/EU_portal.jpg","contentUrl":"https:\/\/jornalfatosenoticias.com.br\/wp-content\/uploads\/2025\/05\/EU_portal.jpg","caption":"Luzimara Fernandes"},"description":"Jornalista MTB 2358-ES","sameAs":["https:\/\/jornalfatosenoticias.com.br"],"url":"https:\/\/jornalfatosenoticias.com.br\/index.php\/author\/luzimara\/"}]}},"cc_featured_image_caption":{"caption_text":"(Foto: \u00a9Uch\u00f4a Silva\/Par\u00e12000) ","source_text":"","source_url":""},"jetpack_featured_media_url":"https:\/\/jornalfatosenoticias.com.br\/wp-content\/uploads\/2020\/12\/tartaruga-da-amazonia.jpg","_links":{"self":[{"href":"https:\/\/jornalfatosenoticias.com.br\/index.php\/wp-json\/wp\/v2\/posts\/11949","targetHints":{"allow":["GET"]}}],"collection":[{"href":"https:\/\/jornalfatosenoticias.com.br\/index.php\/wp-json\/wp\/v2\/posts"}],"about":[{"href":"https:\/\/jornalfatosenoticias.com.br\/index.php\/wp-json\/wp\/v2\/types\/post"}],"author":[{"embeddable":true,"href":"https:\/\/jornalfatosenoticias.com.br\/index.php\/wp-json\/wp\/v2\/users\/2"}],"replies":[{"embeddable":true,"href":"https:\/\/jornalfatosenoticias.com.br\/index.php\/wp-json\/wp\/v2\/comments?post=11949"}],"version-history":[{"count":0,"href":"https:\/\/jornalfatosenoticias.com.br\/index.php\/wp-json\/wp\/v2\/posts\/11949\/revisions"}],"wp:featuredmedia":[{"embeddable":true,"href":"https:\/\/jornalfatosenoticias.com.br\/index.php\/wp-json\/wp\/v2\/media\/11950"}],"wp:attachment":[{"href":"https:\/\/jornalfatosenoticias.com.br\/index.php\/wp-json\/wp\/v2\/media?parent=11949"}],"wp:term":[{"taxonomy":"category","embeddable":true,"href":"https:\/\/jornalfatosenoticias.com.br\/index.php\/wp-json\/wp\/v2\/categories?post=11949"},{"taxonomy":"post_tag","embeddable":true,"href":"https:\/\/jornalfatosenoticias.com.br\/index.php\/wp-json\/wp\/v2\/tags?post=11949"}],"curies":[{"name":"wp","href":"https:\/\/api.w.org\/{rel}","templated":true}]}}