{"id":11961,"date":"2020-12-01T19:04:22","date_gmt":"2020-12-01T22:04:22","guid":{"rendered":"https:\/\/jornalfatosenoticias.com.br\/?p=11961"},"modified":"2020-12-01T19:04:27","modified_gmt":"2020-12-01T22:04:27","slug":"fortaleza-de-tobolsk-a-brutal-prisao-siberiana-que-abrigou-fiodor-dostoievski-e-nicolau-ii","status":"publish","type":"post","link":"https:\/\/jornalfatosenoticias.com.br\/index.php\/2020\/12\/01\/fortaleza-de-tobolsk-a-brutal-prisao-siberiana-que-abrigou-fiodor-dostoievski-e-nicolau-ii\/","title":{"rendered":"Fortaleza de Tobolsk: a brutal pris\u00e3o siberiana que abrigou Fi\u00f3dor Dostoi\u00e9vski e Nicolau II"},"content":{"rendered":"\n<h6 class=\"wp-block-heading\"><em>No s\u00e9culo 20, o pres\u00eddio de seguran\u00e7a m\u00e1xima foi respons\u00e1vel por prender e excetuar v\u00edtimas do regime comunista<\/em><\/h6>\n\n\n\n<p>No s\u00e9culo passado, a Fortaleza de Tobolsk, na R\u00fassia foi utilizada como um pres\u00eddio de seguran\u00e7a m\u00e1xima. Dentre os internos que cumpriram pena no local, estavam o escritor russo Fi\u00f3dor Dostoi\u00e9vski, o czar Nicolau II e milhares de v\u00edtimas do regime stalinista.<br>Localizada na Sib\u00e9ria, a pris\u00e3o foi constru\u00edda entre 1838 e 1855, e desativada somente em 1989. Considerado o pior pres\u00eddio de seguran\u00e7a m\u00e1xima do pa\u00eds, o local chegou abrigar mais de 2,5 mil presos. Vistos como inimigos do regime comunista, boa parte dos internos foram executados durante a repress\u00e3o pol\u00edtica disseminada pela Uni\u00e3o Sovi\u00e9tica entre o ano de 1937 e 1938.<br>Quartos equipados com um beliche de metal, fechaduras de ferro e portas muito pesadas configuravam as solit\u00e1rias da pris\u00e3o siberiana. Sem luz natural, algumas celas eram t\u00e3o min\u00fasculas e insalubres, que era quase imposs\u00edvel permanecer em p\u00e9 dentro de algumas delas.<br>O brutal local foi palco de in\u00fameras execu\u00e7\u00f5es e torturas de pessoas que foram consideradas inimigas do regime stalinista e comunista. Em seus escritos, posteriores, o russo Fi\u00f3dor Dostoi\u00e9vski relatou as ang\u00fastias e agruras que enfrentou enquanto esteve preso na Fortaleza de Tobolsk. Acredita-se, ainda, que o local era t\u00e3o protegido, que ningu\u00e9m nunca tenha escapado.<br>Al\u00e9m do renomado escritor, o czar Nicolau II tamb\u00e9m foi preso no local. O \u00faltimo Imperador da R\u00fassia e a sua fam\u00edlia foram aprisionados em Tobolsk e, posteriormente, enviados \u00e0 Casa Ipatiev em Ecaterimburgo, onde foram fuzilados durante uma emboscada, no dia 15 de mar\u00e7o de 1917.<br>O local que serviu para aprisionar os opositores e inimigos de Stalin, atualmente abriga um ins\u00f3lito museu. Anualmente, milhares de turistas do mundo inteiro, pagam para ter a experi\u00eancia de dormir uma noite em uma das celas da Fortaleza de Tobolsk.<br>Imagens exibidas no Museu da Fortaleza, foram colocadas do lado de fora de cada cela, com objetivo de conectar a experi\u00eancia vivida entre os presos e os visitantes. Al\u00e9m disso, h\u00e1 filmagens que retratam como era o cotidiano no lugar.<br>Segundo os retratos exibidos no Museu da Fortaleza, era comum se deparar com prisioneiros sujos tomando sol de uniforme. Carregando pesadas correntes nos p\u00e9s, era poss\u00edvel, ainda, se deparar com internos cortando lenha para as fornalhas, para se aquecerem das longas noites frias e solit\u00e1rias nesta brutal pris\u00e3o siberiana.<\/p>\n\n\n\n<p><strong><em>Fonte: <a href=\"https:\/\/aventurasnahistoria.uol.com.br\/noticias\/almanaque\/fortaleza-de-tobolsk-brutal-prisao-siberiana-que-abrigou-fiodor-dostoievski-e-nicolau-ii.phtml\">Aventuras na Hist\u00f3ria<\/a><\/em><\/strong><\/p>\n","protected":false},"excerpt":{"rendered":"<p>No s\u00e9culo 20, o pres\u00eddio de seguran\u00e7a m\u00e1xima foi respons\u00e1vel por prender e excetuar v\u00edtimas do regime comunista No s\u00e9culo passado, a Fortaleza de Tobolsk, na R\u00fassia foi utilizada como um pres\u00eddio de seguran\u00e7a m\u00e1xima. Dentre os internos que cumpriram pena no local, estavam o escritor russo Fi\u00f3dor Dostoi\u00e9vski, o czar Nicolau II e milhares [&hellip;]<\/p>\n","protected":false},"author":2,"featured_media":11962,"comment_status":"open","ping_status":"open","sticky":false,"template":"","format":"standard","meta":{"footnotes":""},"categories":[41],"tags":[6284,6282,6283,249,6285,991,3484,6286,6287],"class_list":["post-11961","post","type-post","status-publish","format-standard","has-post-thumbnail","hentry","category-internacional","tag-curiosidade","tag-fiodor-dostoievski","tag-fortaleza-de-tobolsk","tag-historia","tag-nicolau-ii","tag-russia","tag-siberia","tag-stalin","tag-uniao-sovietica"],"yoast_head":"<!-- This site is optimized with the Yoast SEO plugin v26.5 - https:\/\/yoast.com\/wordpress\/plugins\/seo\/ -->\n<title>Fortaleza de Tobolsk: a brutal pris\u00e3o siberiana que abrigou Fi\u00f3dor Dostoi\u00e9vski e Nicolau II - Jornal Fatos e Not\u00edcias<\/title>\n<meta name=\"robots\" content=\"index, follow, max-snippet:-1, max-image-preview:large, max-video-preview:-1\" \/>\n<link rel=\"canonical\" href=\"https:\/\/jornalfatosenoticias.com.br\/index.php\/2020\/12\/01\/fortaleza-de-tobolsk-a-brutal-prisao-siberiana-que-abrigou-fiodor-dostoievski-e-nicolau-ii\/\" \/>\n<meta property=\"og:locale\" content=\"pt_BR\" \/>\n<meta property=\"og:type\" content=\"article\" \/>\n<meta property=\"og:title\" content=\"Fortaleza de Tobolsk: a brutal pris\u00e3o siberiana que abrigou Fi\u00f3dor Dostoi\u00e9vski e Nicolau II - Jornal Fatos e Not\u00edcias\" \/>\n<meta property=\"og:description\" content=\"No s\u00e9culo 20, o pres\u00eddio de seguran\u00e7a m\u00e1xima foi respons\u00e1vel por prender e excetuar v\u00edtimas do regime comunista No s\u00e9culo passado, a Fortaleza de Tobolsk, na R\u00fassia foi utilizada como um pres\u00eddio de seguran\u00e7a m\u00e1xima. Dentre os internos que cumpriram pena no local, estavam o escritor russo Fi\u00f3dor Dostoi\u00e9vski, o czar Nicolau II e milhares [&hellip;]\" \/>\n<meta property=\"og:url\" content=\"https:\/\/jornalfatosenoticias.com.br\/index.php\/2020\/12\/01\/fortaleza-de-tobolsk-a-brutal-prisao-siberiana-que-abrigou-fiodor-dostoievski-e-nicolau-ii\/\" \/>\n<meta property=\"og:site_name\" content=\"Jornal Fatos e Not\u00edcias\" \/>\n<meta property=\"article:published_time\" content=\"2020-12-01T22:04:22+00:00\" \/>\n<meta property=\"article:modified_time\" content=\"2020-12-01T22:04:27+00:00\" \/>\n<meta property=\"og:image\" content=\"https:\/\/jornalfatosenoticias.com.br\/wp-content\/uploads\/2020\/12\/fortaleza_de_tobolsk.jpg\" \/>\n\t<meta property=\"og:image:width\" content=\"1000\" \/>\n\t<meta property=\"og:image:height\" content=\"562\" \/>\n\t<meta property=\"og:image:type\" content=\"image\/jpeg\" \/>\n<meta name=\"author\" content=\"Luzimara Fernandes\" \/>\n<meta name=\"twitter:card\" content=\"summary_large_image\" \/>\n<meta name=\"twitter:label1\" content=\"Escrito por\" \/>\n\t<meta name=\"twitter:data1\" content=\"Luzimara Fernandes\" \/>\n\t<meta name=\"twitter:label2\" content=\"Est. tempo de leitura\" \/>\n\t<meta name=\"twitter:data2\" content=\"2 minutos\" \/>\n<script type=\"application\/ld+json\" class=\"yoast-schema-graph\">{\"@context\":\"https:\/\/schema.org\",\"@graph\":[{\"@type\":\"Article\",\"@id\":\"https:\/\/jornalfatosenoticias.com.br\/index.php\/2020\/12\/01\/fortaleza-de-tobolsk-a-brutal-prisao-siberiana-que-abrigou-fiodor-dostoievski-e-nicolau-ii\/#article\",\"isPartOf\":{\"@id\":\"https:\/\/jornalfatosenoticias.com.br\/index.php\/2020\/12\/01\/fortaleza-de-tobolsk-a-brutal-prisao-siberiana-que-abrigou-fiodor-dostoievski-e-nicolau-ii\/\"},\"author\":{\"name\":\"Luzimara Fernandes\",\"@id\":\"https:\/\/jornalfatosenoticias.com.br\/#\/schema\/person\/d63837fa13ac8666eb9e74e0985d6f81\"},\"headline\":\"Fortaleza de Tobolsk: a brutal pris\u00e3o siberiana que abrigou Fi\u00f3dor Dostoi\u00e9vski e Nicolau II\",\"datePublished\":\"2020-12-01T22:04:22+00:00\",\"dateModified\":\"2020-12-01T22:04:27+00:00\",\"mainEntityOfPage\":{\"@id\":\"https:\/\/jornalfatosenoticias.com.br\/index.php\/2020\/12\/01\/fortaleza-de-tobolsk-a-brutal-prisao-siberiana-que-abrigou-fiodor-dostoievski-e-nicolau-ii\/\"},\"wordCount\":457,\"commentCount\":0,\"publisher\":{\"@id\":\"https:\/\/jornalfatosenoticias.com.br\/#organization\"},\"image\":{\"@id\":\"https:\/\/jornalfatosenoticias.com.br\/index.php\/2020\/12\/01\/fortaleza-de-tobolsk-a-brutal-prisao-siberiana-que-abrigou-fiodor-dostoievski-e-nicolau-ii\/#primaryimage\"},\"thumbnailUrl\":\"https:\/\/jornalfatosenoticias.com.br\/wp-content\/uploads\/2020\/12\/fortaleza_de_tobolsk.jpg\",\"keywords\":[\"curiosidade\",\"Fi\u00f3dor Dostoi\u00e9vski\",\"Fortaleza de Tobolsk\",\"hist\u00f3ria\",\"Nicolau II\",\"R\u00fassia\",\"Sib\u00e9ria\",\"Stalin\",\"Uni\u00e3o Sovi\u00e9tica\"],\"articleSection\":[\"Internacional\"],\"inLanguage\":\"pt-BR\",\"potentialAction\":[{\"@type\":\"CommentAction\",\"name\":\"Comment\",\"target\":[\"https:\/\/jornalfatosenoticias.com.br\/index.php\/2020\/12\/01\/fortaleza-de-tobolsk-a-brutal-prisao-siberiana-que-abrigou-fiodor-dostoievski-e-nicolau-ii\/#respond\"]}]},{\"@type\":\"WebPage\",\"@id\":\"https:\/\/jornalfatosenoticias.com.br\/index.php\/2020\/12\/01\/fortaleza-de-tobolsk-a-brutal-prisao-siberiana-que-abrigou-fiodor-dostoievski-e-nicolau-ii\/\",\"url\":\"https:\/\/jornalfatosenoticias.com.br\/index.php\/2020\/12\/01\/fortaleza-de-tobolsk-a-brutal-prisao-siberiana-que-abrigou-fiodor-dostoievski-e-nicolau-ii\/\",\"name\":\"Fortaleza de Tobolsk: a brutal pris\u00e3o siberiana que abrigou Fi\u00f3dor Dostoi\u00e9vski e Nicolau II - Jornal Fatos e Not\u00edcias\",\"isPartOf\":{\"@id\":\"https:\/\/jornalfatosenoticias.com.br\/#website\"},\"primaryImageOfPage\":{\"@id\":\"https:\/\/jornalfatosenoticias.com.br\/index.php\/2020\/12\/01\/fortaleza-de-tobolsk-a-brutal-prisao-siberiana-que-abrigou-fiodor-dostoievski-e-nicolau-ii\/#primaryimage\"},\"image\":{\"@id\":\"https:\/\/jornalfatosenoticias.com.br\/index.php\/2020\/12\/01\/fortaleza-de-tobolsk-a-brutal-prisao-siberiana-que-abrigou-fiodor-dostoievski-e-nicolau-ii\/#primaryimage\"},\"thumbnailUrl\":\"https:\/\/jornalfatosenoticias.com.br\/wp-content\/uploads\/2020\/12\/fortaleza_de_tobolsk.jpg\",\"datePublished\":\"2020-12-01T22:04:22+00:00\",\"dateModified\":\"2020-12-01T22:04:27+00:00\",\"breadcrumb\":{\"@id\":\"https:\/\/jornalfatosenoticias.com.br\/index.php\/2020\/12\/01\/fortaleza-de-tobolsk-a-brutal-prisao-siberiana-que-abrigou-fiodor-dostoievski-e-nicolau-ii\/#breadcrumb\"},\"inLanguage\":\"pt-BR\",\"potentialAction\":[{\"@type\":\"ReadAction\",\"target\":[\"https:\/\/jornalfatosenoticias.com.br\/index.php\/2020\/12\/01\/fortaleza-de-tobolsk-a-brutal-prisao-siberiana-que-abrigou-fiodor-dostoievski-e-nicolau-ii\/\"]}]},{\"@type\":\"ImageObject\",\"inLanguage\":\"pt-BR\",\"@id\":\"https:\/\/jornalfatosenoticias.com.br\/index.php\/2020\/12\/01\/fortaleza-de-tobolsk-a-brutal-prisao-siberiana-que-abrigou-fiodor-dostoievski-e-nicolau-ii\/#primaryimage\",\"url\":\"https:\/\/jornalfatosenoticias.com.br\/wp-content\/uploads\/2020\/12\/fortaleza_de_tobolsk.jpg\",\"contentUrl\":\"https:\/\/jornalfatosenoticias.com.br\/wp-content\/uploads\/2020\/12\/fortaleza_de_tobolsk.jpg\",\"width\":1000,\"height\":562},{\"@type\":\"BreadcrumbList\",\"@id\":\"https:\/\/jornalfatosenoticias.com.br\/index.php\/2020\/12\/01\/fortaleza-de-tobolsk-a-brutal-prisao-siberiana-que-abrigou-fiodor-dostoievski-e-nicolau-ii\/#breadcrumb\",\"itemListElement\":[{\"@type\":\"ListItem\",\"position\":1,\"name\":\"In\u00edcio\",\"item\":\"https:\/\/jornalfatosenoticias.com.br\/\"},{\"@type\":\"ListItem\",\"position\":2,\"name\":\"Fortaleza de Tobolsk: a brutal pris\u00e3o siberiana que abrigou Fi\u00f3dor Dostoi\u00e9vski e Nicolau II\"}]},{\"@type\":\"WebSite\",\"@id\":\"https:\/\/jornalfatosenoticias.com.br\/#website\",\"url\":\"https:\/\/jornalfatosenoticias.com.br\/\",\"name\":\"Jornal Fatos e Not\u00edcias\",\"description\":\"Not\u00edcias em geral\",\"publisher\":{\"@id\":\"https:\/\/jornalfatosenoticias.com.br\/#organization\"},\"potentialAction\":[{\"@type\":\"SearchAction\",\"target\":{\"@type\":\"EntryPoint\",\"urlTemplate\":\"https:\/\/jornalfatosenoticias.com.br\/?s={search_term_string}\"},\"query-input\":{\"@type\":\"PropertyValueSpecification\",\"valueRequired\":true,\"valueName\":\"search_term_string\"}}],\"inLanguage\":\"pt-BR\"},{\"@type\":\"Organization\",\"@id\":\"https:\/\/jornalfatosenoticias.com.br\/#organization\",\"name\":\"Jornal Fatos e Not\u00edcias\",\"url\":\"https:\/\/jornalfatosenoticias.com.br\/\",\"logo\":{\"@type\":\"ImageObject\",\"inLanguage\":\"pt-BR\",\"@id\":\"https:\/\/jornalfatosenoticias.com.br\/#\/schema\/logo\/image\/\",\"url\":\"https:\/\/jornalfatosenoticias.com.br\/wp-content\/uploads\/2020\/02\/logo120.png\",\"contentUrl\":\"https:\/\/jornalfatosenoticias.com.br\/wp-content\/uploads\/2020\/02\/logo120.png\",\"width\":1227,\"height\":120,\"caption\":\"Jornal Fatos e Not\u00edcias\"},\"image\":{\"@id\":\"https:\/\/jornalfatosenoticias.com.br\/#\/schema\/logo\/image\/\"}},{\"@type\":\"Person\",\"@id\":\"https:\/\/jornalfatosenoticias.com.br\/#\/schema\/person\/d63837fa13ac8666eb9e74e0985d6f81\",\"name\":\"Luzimara Fernandes\",\"image\":{\"@type\":\"ImageObject\",\"inLanguage\":\"pt-BR\",\"@id\":\"https:\/\/jornalfatosenoticias.com.br\/#\/schema\/person\/image\/\",\"url\":\"https:\/\/jornalfatosenoticias.com.br\/wp-content\/uploads\/2025\/05\/EU_portal.jpg\",\"contentUrl\":\"https:\/\/jornalfatosenoticias.com.br\/wp-content\/uploads\/2025\/05\/EU_portal.jpg\",\"caption\":\"Luzimara Fernandes\"},\"description\":\"Jornalista MTB 2358-ES\",\"sameAs\":[\"https:\/\/jornalfatosenoticias.com.br\"],\"url\":\"https:\/\/jornalfatosenoticias.com.br\/index.php\/author\/luzimara\/\"}]}<\/script>\n<!-- \/ Yoast SEO plugin. -->","yoast_head_json":{"title":"Fortaleza de Tobolsk: a brutal pris\u00e3o siberiana que abrigou Fi\u00f3dor Dostoi\u00e9vski e Nicolau II - Jornal Fatos e Not\u00edcias","robots":{"index":"index","follow":"follow","max-snippet":"max-snippet:-1","max-image-preview":"max-image-preview:large","max-video-preview":"max-video-preview:-1"},"canonical":"https:\/\/jornalfatosenoticias.com.br\/index.php\/2020\/12\/01\/fortaleza-de-tobolsk-a-brutal-prisao-siberiana-que-abrigou-fiodor-dostoievski-e-nicolau-ii\/","og_locale":"pt_BR","og_type":"article","og_title":"Fortaleza de Tobolsk: a brutal pris\u00e3o siberiana que abrigou Fi\u00f3dor Dostoi\u00e9vski e Nicolau II - Jornal Fatos e Not\u00edcias","og_description":"No s\u00e9culo 20, o pres\u00eddio de seguran\u00e7a m\u00e1xima foi respons\u00e1vel por prender e excetuar v\u00edtimas do regime comunista No s\u00e9culo passado, a Fortaleza de Tobolsk, na R\u00fassia foi utilizada como um pres\u00eddio de seguran\u00e7a m\u00e1xima. Dentre os internos que cumpriram pena no local, estavam o escritor russo Fi\u00f3dor Dostoi\u00e9vski, o czar Nicolau II e milhares [&hellip;]","og_url":"https:\/\/jornalfatosenoticias.com.br\/index.php\/2020\/12\/01\/fortaleza-de-tobolsk-a-brutal-prisao-siberiana-que-abrigou-fiodor-dostoievski-e-nicolau-ii\/","og_site_name":"Jornal Fatos e Not\u00edcias","article_published_time":"2020-12-01T22:04:22+00:00","article_modified_time":"2020-12-01T22:04:27+00:00","og_image":[{"width":1000,"height":562,"url":"https:\/\/jornalfatosenoticias.com.br\/wp-content\/uploads\/2020\/12\/fortaleza_de_tobolsk.jpg","type":"image\/jpeg"}],"author":"Luzimara Fernandes","twitter_card":"summary_large_image","twitter_misc":{"Escrito por":"Luzimara Fernandes","Est. tempo de leitura":"2 minutos"},"schema":{"@context":"https:\/\/schema.org","@graph":[{"@type":"Article","@id":"https:\/\/jornalfatosenoticias.com.br\/index.php\/2020\/12\/01\/fortaleza-de-tobolsk-a-brutal-prisao-siberiana-que-abrigou-fiodor-dostoievski-e-nicolau-ii\/#article","isPartOf":{"@id":"https:\/\/jornalfatosenoticias.com.br\/index.php\/2020\/12\/01\/fortaleza-de-tobolsk-a-brutal-prisao-siberiana-que-abrigou-fiodor-dostoievski-e-nicolau-ii\/"},"author":{"name":"Luzimara Fernandes","@id":"https:\/\/jornalfatosenoticias.com.br\/#\/schema\/person\/d63837fa13ac8666eb9e74e0985d6f81"},"headline":"Fortaleza de Tobolsk: a brutal pris\u00e3o siberiana que abrigou Fi\u00f3dor Dostoi\u00e9vski e Nicolau II","datePublished":"2020-12-01T22:04:22+00:00","dateModified":"2020-12-01T22:04:27+00:00","mainEntityOfPage":{"@id":"https:\/\/jornalfatosenoticias.com.br\/index.php\/2020\/12\/01\/fortaleza-de-tobolsk-a-brutal-prisao-siberiana-que-abrigou-fiodor-dostoievski-e-nicolau-ii\/"},"wordCount":457,"commentCount":0,"publisher":{"@id":"https:\/\/jornalfatosenoticias.com.br\/#organization"},"image":{"@id":"https:\/\/jornalfatosenoticias.com.br\/index.php\/2020\/12\/01\/fortaleza-de-tobolsk-a-brutal-prisao-siberiana-que-abrigou-fiodor-dostoievski-e-nicolau-ii\/#primaryimage"},"thumbnailUrl":"https:\/\/jornalfatosenoticias.com.br\/wp-content\/uploads\/2020\/12\/fortaleza_de_tobolsk.jpg","keywords":["curiosidade","Fi\u00f3dor Dostoi\u00e9vski","Fortaleza de Tobolsk","hist\u00f3ria","Nicolau II","R\u00fassia","Sib\u00e9ria","Stalin","Uni\u00e3o Sovi\u00e9tica"],"articleSection":["Internacional"],"inLanguage":"pt-BR","potentialAction":[{"@type":"CommentAction","name":"Comment","target":["https:\/\/jornalfatosenoticias.com.br\/index.php\/2020\/12\/01\/fortaleza-de-tobolsk-a-brutal-prisao-siberiana-que-abrigou-fiodor-dostoievski-e-nicolau-ii\/#respond"]}]},{"@type":"WebPage","@id":"https:\/\/jornalfatosenoticias.com.br\/index.php\/2020\/12\/01\/fortaleza-de-tobolsk-a-brutal-prisao-siberiana-que-abrigou-fiodor-dostoievski-e-nicolau-ii\/","url":"https:\/\/jornalfatosenoticias.com.br\/index.php\/2020\/12\/01\/fortaleza-de-tobolsk-a-brutal-prisao-siberiana-que-abrigou-fiodor-dostoievski-e-nicolau-ii\/","name":"Fortaleza de Tobolsk: a brutal pris\u00e3o siberiana que abrigou Fi\u00f3dor Dostoi\u00e9vski e Nicolau II - Jornal Fatos e Not\u00edcias","isPartOf":{"@id":"https:\/\/jornalfatosenoticias.com.br\/#website"},"primaryImageOfPage":{"@id":"https:\/\/jornalfatosenoticias.com.br\/index.php\/2020\/12\/01\/fortaleza-de-tobolsk-a-brutal-prisao-siberiana-que-abrigou-fiodor-dostoievski-e-nicolau-ii\/#primaryimage"},"image":{"@id":"https:\/\/jornalfatosenoticias.com.br\/index.php\/2020\/12\/01\/fortaleza-de-tobolsk-a-brutal-prisao-siberiana-que-abrigou-fiodor-dostoievski-e-nicolau-ii\/#primaryimage"},"thumbnailUrl":"https:\/\/jornalfatosenoticias.com.br\/wp-content\/uploads\/2020\/12\/fortaleza_de_tobolsk.jpg","datePublished":"2020-12-01T22:04:22+00:00","dateModified":"2020-12-01T22:04:27+00:00","breadcrumb":{"@id":"https:\/\/jornalfatosenoticias.com.br\/index.php\/2020\/12\/01\/fortaleza-de-tobolsk-a-brutal-prisao-siberiana-que-abrigou-fiodor-dostoievski-e-nicolau-ii\/#breadcrumb"},"inLanguage":"pt-BR","potentialAction":[{"@type":"ReadAction","target":["https:\/\/jornalfatosenoticias.com.br\/index.php\/2020\/12\/01\/fortaleza-de-tobolsk-a-brutal-prisao-siberiana-que-abrigou-fiodor-dostoievski-e-nicolau-ii\/"]}]},{"@type":"ImageObject","inLanguage":"pt-BR","@id":"https:\/\/jornalfatosenoticias.com.br\/index.php\/2020\/12\/01\/fortaleza-de-tobolsk-a-brutal-prisao-siberiana-que-abrigou-fiodor-dostoievski-e-nicolau-ii\/#primaryimage","url":"https:\/\/jornalfatosenoticias.com.br\/wp-content\/uploads\/2020\/12\/fortaleza_de_tobolsk.jpg","contentUrl":"https:\/\/jornalfatosenoticias.com.br\/wp-content\/uploads\/2020\/12\/fortaleza_de_tobolsk.jpg","width":1000,"height":562},{"@type":"BreadcrumbList","@id":"https:\/\/jornalfatosenoticias.com.br\/index.php\/2020\/12\/01\/fortaleza-de-tobolsk-a-brutal-prisao-siberiana-que-abrigou-fiodor-dostoievski-e-nicolau-ii\/#breadcrumb","itemListElement":[{"@type":"ListItem","position":1,"name":"In\u00edcio","item":"https:\/\/jornalfatosenoticias.com.br\/"},{"@type":"ListItem","position":2,"name":"Fortaleza de Tobolsk: a brutal pris\u00e3o siberiana que abrigou Fi\u00f3dor Dostoi\u00e9vski e Nicolau II"}]},{"@type":"WebSite","@id":"https:\/\/jornalfatosenoticias.com.br\/#website","url":"https:\/\/jornalfatosenoticias.com.br\/","name":"Jornal Fatos e Not\u00edcias","description":"Not\u00edcias em geral","publisher":{"@id":"https:\/\/jornalfatosenoticias.com.br\/#organization"},"potentialAction":[{"@type":"SearchAction","target":{"@type":"EntryPoint","urlTemplate":"https:\/\/jornalfatosenoticias.com.br\/?s={search_term_string}"},"query-input":{"@type":"PropertyValueSpecification","valueRequired":true,"valueName":"search_term_string"}}],"inLanguage":"pt-BR"},{"@type":"Organization","@id":"https:\/\/jornalfatosenoticias.com.br\/#organization","name":"Jornal Fatos e Not\u00edcias","url":"https:\/\/jornalfatosenoticias.com.br\/","logo":{"@type":"ImageObject","inLanguage":"pt-BR","@id":"https:\/\/jornalfatosenoticias.com.br\/#\/schema\/logo\/image\/","url":"https:\/\/jornalfatosenoticias.com.br\/wp-content\/uploads\/2020\/02\/logo120.png","contentUrl":"https:\/\/jornalfatosenoticias.com.br\/wp-content\/uploads\/2020\/02\/logo120.png","width":1227,"height":120,"caption":"Jornal Fatos e Not\u00edcias"},"image":{"@id":"https:\/\/jornalfatosenoticias.com.br\/#\/schema\/logo\/image\/"}},{"@type":"Person","@id":"https:\/\/jornalfatosenoticias.com.br\/#\/schema\/person\/d63837fa13ac8666eb9e74e0985d6f81","name":"Luzimara Fernandes","image":{"@type":"ImageObject","inLanguage":"pt-BR","@id":"https:\/\/jornalfatosenoticias.com.br\/#\/schema\/person\/image\/","url":"https:\/\/jornalfatosenoticias.com.br\/wp-content\/uploads\/2025\/05\/EU_portal.jpg","contentUrl":"https:\/\/jornalfatosenoticias.com.br\/wp-content\/uploads\/2025\/05\/EU_portal.jpg","caption":"Luzimara Fernandes"},"description":"Jornalista MTB 2358-ES","sameAs":["https:\/\/jornalfatosenoticias.com.br"],"url":"https:\/\/jornalfatosenoticias.com.br\/index.php\/author\/luzimara\/"}]}},"cc_featured_image_caption":{"caption_text":"(Foto: \u00a9Wikimedia Commons) \r\n","source_text":"","source_url":""},"jetpack_featured_media_url":"https:\/\/jornalfatosenoticias.com.br\/wp-content\/uploads\/2020\/12\/fortaleza_de_tobolsk.jpg","_links":{"self":[{"href":"https:\/\/jornalfatosenoticias.com.br\/index.php\/wp-json\/wp\/v2\/posts\/11961","targetHints":{"allow":["GET"]}}],"collection":[{"href":"https:\/\/jornalfatosenoticias.com.br\/index.php\/wp-json\/wp\/v2\/posts"}],"about":[{"href":"https:\/\/jornalfatosenoticias.com.br\/index.php\/wp-json\/wp\/v2\/types\/post"}],"author":[{"embeddable":true,"href":"https:\/\/jornalfatosenoticias.com.br\/index.php\/wp-json\/wp\/v2\/users\/2"}],"replies":[{"embeddable":true,"href":"https:\/\/jornalfatosenoticias.com.br\/index.php\/wp-json\/wp\/v2\/comments?post=11961"}],"version-history":[{"count":0,"href":"https:\/\/jornalfatosenoticias.com.br\/index.php\/wp-json\/wp\/v2\/posts\/11961\/revisions"}],"wp:featuredmedia":[{"embeddable":true,"href":"https:\/\/jornalfatosenoticias.com.br\/index.php\/wp-json\/wp\/v2\/media\/11962"}],"wp:attachment":[{"href":"https:\/\/jornalfatosenoticias.com.br\/index.php\/wp-json\/wp\/v2\/media?parent=11961"}],"wp:term":[{"taxonomy":"category","embeddable":true,"href":"https:\/\/jornalfatosenoticias.com.br\/index.php\/wp-json\/wp\/v2\/categories?post=11961"},{"taxonomy":"post_tag","embeddable":true,"href":"https:\/\/jornalfatosenoticias.com.br\/index.php\/wp-json\/wp\/v2\/tags?post=11961"}],"curies":[{"name":"wp","href":"https:\/\/api.w.org\/{rel}","templated":true}]}}