{"id":1197,"date":"2020-02-18T10:39:07","date_gmt":"2020-02-18T13:39:07","guid":{"rendered":"https:\/\/jornalfatosenoticias.com.br\/?p=1197"},"modified":"2020-02-18T10:39:09","modified_gmt":"2020-02-18T13:39:09","slug":"energeticos-por-que-e-preciso-tomar-cuidado-no-carnaval","status":"publish","type":"post","link":"https:\/\/jornalfatosenoticias.com.br\/index.php\/2020\/02\/18\/energeticos-por-que-e-preciso-tomar-cuidado-no-carnaval\/","title":{"rendered":"Energ\u00e9ticos: por que \u00e9 preciso tomar cuidado no carnaval?"},"content":{"rendered":"\n<h6 class=\"wp-block-heading\"><em>Veja por que \u00e9 indicado substituir os energ\u00e9ticos por op\u00e7\u00f5es mais saud\u00e1veis e a evitar riscos \u00e0 sa\u00fade<\/em><\/h6>\n\n\n\n<p>Com a chegada de datas comemorativas e festas como o carnaval, as bebidas \u00e0 base de taurina, conhecidas como &#8220;energ\u00e9ticos&#8221;, se tornam um ponto de alerta. Querendo manter a disposi\u00e7\u00e3o e aproveitar mais, \u00e9 comum que as pessoas n\u00e3o se atentem aos riscos que o consumo excessivo de bebidas energ\u00e9ticas traz \u00e0 sa\u00fade.<br>\nAumentando ainda mais o perigo, h\u00e1 quem acredite que o efeito estimulante do energ\u00e9tico combate as sensa\u00e7\u00f5es de embriaguez do \u00e1lcool, o que n\u00e3o \u00e9 verdade. Segundo a nutricionista Ana Gava, o m\u00e1ximo que energ\u00e9ticos provocam \u00e9 a perda da sonol\u00eancia, mas n\u00e3o conseguem reduzir a conhecida &#8220;lerdeza de b\u00eabado&#8221;.<br>\nNa verdade, o energ\u00e9tico possui em sua composi\u00e7\u00e3o a cafe\u00edna e a taurina, dois estimulantes que disfar\u00e7am os efeitos do \u00e1lcool. Ou seja, o indiv\u00edduo fica sem no\u00e7\u00e3o do quanto j\u00e1 bebeu, o que pode fazer com que ele beba mais e aumente o risco de intoxica\u00e7\u00e3o.<br>\nEntenda a seguir os riscos do consumo dessas bebidas para o corpo e aprenda quais alimentos podem servir como substitutos na hora de energia para os momentos festivos.<\/p>\n\n\n\n<h2 class=\"wp-block-heading\">Energ\u00e9tico faz mal?<\/h2>\n\n\n\n<p> O consumo de bebidas energ\u00e9ticas \u00e0 base de taurina deve ser monitorado, j\u00e1 que se tratam de desreguladores end\u00f3crinos, que afetam as batidas do cora\u00e7\u00e3o. Isso provoca riscos e consequ\u00eancias graves, como o aumento dos n\u00edveis da press\u00e3o arterial e da frequ\u00eancia card\u00edaca, mesmo em pessoas saud\u00e1veis.<\/p>\n\n\n\n<figure class=\"wp-block-image size-large is-resized\"><img loading=\"lazy\" decoding=\"async\" src=\"https:\/\/jornalfatosenoticias.com.br\/wp-content\/uploads\/2020\/02\/iStock-energetico.jpg\" alt=\"\" class=\"wp-image-1198\" width=\"350\" height=\"233\" srcset=\"https:\/\/jornalfatosenoticias.com.br\/wp-content\/uploads\/2020\/02\/iStock-energetico.jpg 1024w, https:\/\/jornalfatosenoticias.com.br\/wp-content\/uploads\/2020\/02\/iStock-energetico-300x200.jpg 300w, https:\/\/jornalfatosenoticias.com.br\/wp-content\/uploads\/2020\/02\/iStock-energetico-768x512.jpg 768w\" sizes=\"auto, (max-width: 350px) 100vw, 350px\" \/><figcaption><em>Uma latinha de energ\u00e9tico cont\u00e9m, em geral, de 80 a 100 miligramas de cafe\u00edna(Foto: iStock)<\/em><\/figcaption><\/figure>\n\n\n\n<h2 class=\"wp-block-heading\">Pode misturar com \u00e1lcool?<\/h2>\n\n\n\n<p>Al\u00e9m disso, quando se mistura energ\u00e9ticos com bebidas alco\u00f3licas \u00e9 comum que o indiv\u00edduo crie a falsa impress\u00e3o de que o estado de embriaguez n\u00e3o est\u00e1 alto. Dessa forma, contribui para que a pessoa continue ingerindo mais \u00e1lcool, ultrapassando os limites recomendados.<br>\nMortes por excesso de \u00e1lcool, inclusive, podem ser mais comuns dada a mistura de bebidas alco\u00f3licas com energ\u00e9ticos. \u00c9 importante lembrar que o \u00e1lcool promove uma &#8220;excita\u00e7\u00e3o&#8221; e, quando misturado com o energ\u00e9tico, essa se potencializa, podendo provocar um problema card\u00edaco.<br>\nPor esses motivos, pessoas hipertensas e com problemas card\u00edacos devem evitar o consumo de energ\u00e9ticos, de acordo com a nutricionista Ana Gava. J\u00e1 para quem n\u00e3o sofre dessas condi\u00e7\u00f5es, o ideal \u00e9 consumir apenas uma latinha, para que n\u00e3o ocorram rea\u00e7\u00f5es adversas devido \u00e0 superdosagem.<\/p>\n\n\n\n<h2 class=\"wp-block-heading\">Alimentos energ\u00e9ticos<\/h2>\n\n\n\n<p>Se voc\u00ea visa mais energia e disposi\u00e7\u00e3o, alguns alimentos podem lhe ajudar, fornecendo energia e disposi\u00e7\u00e3o ao mesmo tempo em que s\u00e3o boas fontes de vitaminas e minerais. Dentre eles pode-se destacar: oleaginosas (como nozes, pistache, am\u00eandoas e castanhas), chocolate, a\u00e7a\u00ed, aveia, banana, \u00e1gua de coco, ch\u00e1 verde e guaran\u00e1.<\/p>\n\n\n\n<p><strong><em>Fonte: Minha Vida<\/em><\/strong><\/p>\n","protected":false},"excerpt":{"rendered":"<p>Veja por que \u00e9 indicado substituir os energ\u00e9ticos por op\u00e7\u00f5es mais saud\u00e1veis e a evitar riscos \u00e0 sa\u00fade Com a chegada de datas comemorativas e festas como o carnaval, as bebidas \u00e0 base de taurina, conhecidas como &#8220;energ\u00e9ticos&#8221;, se tornam um ponto de alerta. Querendo manter a disposi\u00e7\u00e3o e aproveitar mais, \u00e9 comum que as [&hellip;]<\/p>\n","protected":false},"author":2,"featured_media":1198,"comment_status":"open","ping_status":"open","sticky":false,"template":"","format":"standard","meta":{"footnotes":""},"categories":[42],"tags":[],"class_list":["post-1197","post","type-post","status-publish","format-standard","has-post-thumbnail","hentry","category-bem-estar"],"yoast_head":"<!-- This site is optimized with the Yoast SEO plugin v26.5 - https:\/\/yoast.com\/wordpress\/plugins\/seo\/ -->\n<title>Energ\u00e9ticos: por que \u00e9 preciso tomar cuidado no carnaval? - Jornal Fatos e Not\u00edcias<\/title>\n<meta name=\"robots\" content=\"index, follow, max-snippet:-1, max-image-preview:large, max-video-preview:-1\" \/>\n<link rel=\"canonical\" href=\"https:\/\/jornalfatosenoticias.com.br\/index.php\/2020\/02\/18\/energeticos-por-que-e-preciso-tomar-cuidado-no-carnaval\/\" \/>\n<meta property=\"og:locale\" content=\"pt_BR\" \/>\n<meta property=\"og:type\" content=\"article\" \/>\n<meta property=\"og:title\" content=\"Energ\u00e9ticos: por que \u00e9 preciso tomar cuidado no carnaval? - Jornal Fatos e Not\u00edcias\" \/>\n<meta property=\"og:description\" content=\"Veja por que \u00e9 indicado substituir os energ\u00e9ticos por op\u00e7\u00f5es mais saud\u00e1veis e a evitar riscos \u00e0 sa\u00fade Com a chegada de datas comemorativas e festas como o carnaval, as bebidas \u00e0 base de taurina, conhecidas como &#8220;energ\u00e9ticos&#8221;, se tornam um ponto de alerta. Querendo manter a disposi\u00e7\u00e3o e aproveitar mais, \u00e9 comum que as [&hellip;]\" \/>\n<meta property=\"og:url\" content=\"https:\/\/jornalfatosenoticias.com.br\/index.php\/2020\/02\/18\/energeticos-por-que-e-preciso-tomar-cuidado-no-carnaval\/\" \/>\n<meta property=\"og:site_name\" content=\"Jornal Fatos e Not\u00edcias\" \/>\n<meta property=\"article:published_time\" content=\"2020-02-18T13:39:07+00:00\" \/>\n<meta property=\"article:modified_time\" content=\"2020-02-18T13:39:09+00:00\" \/>\n<meta property=\"og:image\" content=\"https:\/\/jornalfatosenoticias.com.br\/wp-content\/uploads\/2020\/02\/iStock-energetico.jpg\" \/>\n\t<meta property=\"og:image:width\" content=\"1024\" \/>\n\t<meta property=\"og:image:height\" content=\"683\" \/>\n\t<meta property=\"og:image:type\" content=\"image\/jpeg\" \/>\n<meta name=\"author\" content=\"Luzimara Fernandes\" \/>\n<meta name=\"twitter:card\" content=\"summary_large_image\" \/>\n<meta name=\"twitter:label1\" content=\"Escrito por\" \/>\n\t<meta name=\"twitter:data1\" content=\"Luzimara Fernandes\" \/>\n\t<meta name=\"twitter:label2\" content=\"Est. tempo de leitura\" \/>\n\t<meta name=\"twitter:data2\" content=\"2 minutos\" \/>\n<script type=\"application\/ld+json\" class=\"yoast-schema-graph\">{\"@context\":\"https:\/\/schema.org\",\"@graph\":[{\"@type\":\"Article\",\"@id\":\"https:\/\/jornalfatosenoticias.com.br\/index.php\/2020\/02\/18\/energeticos-por-que-e-preciso-tomar-cuidado-no-carnaval\/#article\",\"isPartOf\":{\"@id\":\"https:\/\/jornalfatosenoticias.com.br\/index.php\/2020\/02\/18\/energeticos-por-que-e-preciso-tomar-cuidado-no-carnaval\/\"},\"author\":{\"name\":\"Luzimara Fernandes\",\"@id\":\"https:\/\/jornalfatosenoticias.com.br\/#\/schema\/person\/d63837fa13ac8666eb9e74e0985d6f81\"},\"headline\":\"Energ\u00e9ticos: por que \u00e9 preciso tomar cuidado no carnaval?\",\"datePublished\":\"2020-02-18T13:39:07+00:00\",\"dateModified\":\"2020-02-18T13:39:09+00:00\",\"mainEntityOfPage\":{\"@id\":\"https:\/\/jornalfatosenoticias.com.br\/index.php\/2020\/02\/18\/energeticos-por-que-e-preciso-tomar-cuidado-no-carnaval\/\"},\"wordCount\":504,\"commentCount\":0,\"publisher\":{\"@id\":\"https:\/\/jornalfatosenoticias.com.br\/#organization\"},\"image\":{\"@id\":\"https:\/\/jornalfatosenoticias.com.br\/index.php\/2020\/02\/18\/energeticos-por-que-e-preciso-tomar-cuidado-no-carnaval\/#primaryimage\"},\"thumbnailUrl\":\"https:\/\/jornalfatosenoticias.com.br\/wp-content\/uploads\/2020\/02\/iStock-energetico.jpg\",\"articleSection\":[\"Bem-estar\"],\"inLanguage\":\"pt-BR\",\"potentialAction\":[{\"@type\":\"CommentAction\",\"name\":\"Comment\",\"target\":[\"https:\/\/jornalfatosenoticias.com.br\/index.php\/2020\/02\/18\/energeticos-por-que-e-preciso-tomar-cuidado-no-carnaval\/#respond\"]}]},{\"@type\":\"WebPage\",\"@id\":\"https:\/\/jornalfatosenoticias.com.br\/index.php\/2020\/02\/18\/energeticos-por-que-e-preciso-tomar-cuidado-no-carnaval\/\",\"url\":\"https:\/\/jornalfatosenoticias.com.br\/index.php\/2020\/02\/18\/energeticos-por-que-e-preciso-tomar-cuidado-no-carnaval\/\",\"name\":\"Energ\u00e9ticos: por que \u00e9 preciso tomar cuidado no carnaval? - Jornal Fatos e Not\u00edcias\",\"isPartOf\":{\"@id\":\"https:\/\/jornalfatosenoticias.com.br\/#website\"},\"primaryImageOfPage\":{\"@id\":\"https:\/\/jornalfatosenoticias.com.br\/index.php\/2020\/02\/18\/energeticos-por-que-e-preciso-tomar-cuidado-no-carnaval\/#primaryimage\"},\"image\":{\"@id\":\"https:\/\/jornalfatosenoticias.com.br\/index.php\/2020\/02\/18\/energeticos-por-que-e-preciso-tomar-cuidado-no-carnaval\/#primaryimage\"},\"thumbnailUrl\":\"https:\/\/jornalfatosenoticias.com.br\/wp-content\/uploads\/2020\/02\/iStock-energetico.jpg\",\"datePublished\":\"2020-02-18T13:39:07+00:00\",\"dateModified\":\"2020-02-18T13:39:09+00:00\",\"breadcrumb\":{\"@id\":\"https:\/\/jornalfatosenoticias.com.br\/index.php\/2020\/02\/18\/energeticos-por-que-e-preciso-tomar-cuidado-no-carnaval\/#breadcrumb\"},\"inLanguage\":\"pt-BR\",\"potentialAction\":[{\"@type\":\"ReadAction\",\"target\":[\"https:\/\/jornalfatosenoticias.com.br\/index.php\/2020\/02\/18\/energeticos-por-que-e-preciso-tomar-cuidado-no-carnaval\/\"]}]},{\"@type\":\"ImageObject\",\"inLanguage\":\"pt-BR\",\"@id\":\"https:\/\/jornalfatosenoticias.com.br\/index.php\/2020\/02\/18\/energeticos-por-que-e-preciso-tomar-cuidado-no-carnaval\/#primaryimage\",\"url\":\"https:\/\/jornalfatosenoticias.com.br\/wp-content\/uploads\/2020\/02\/iStock-energetico.jpg\",\"contentUrl\":\"https:\/\/jornalfatosenoticias.com.br\/wp-content\/uploads\/2020\/02\/iStock-energetico.jpg\",\"width\":1024,\"height\":683},{\"@type\":\"BreadcrumbList\",\"@id\":\"https:\/\/jornalfatosenoticias.com.br\/index.php\/2020\/02\/18\/energeticos-por-que-e-preciso-tomar-cuidado-no-carnaval\/#breadcrumb\",\"itemListElement\":[{\"@type\":\"ListItem\",\"position\":1,\"name\":\"In\u00edcio\",\"item\":\"https:\/\/jornalfatosenoticias.com.br\/\"},{\"@type\":\"ListItem\",\"position\":2,\"name\":\"Energ\u00e9ticos: por que \u00e9 preciso tomar cuidado no carnaval?\"}]},{\"@type\":\"WebSite\",\"@id\":\"https:\/\/jornalfatosenoticias.com.br\/#website\",\"url\":\"https:\/\/jornalfatosenoticias.com.br\/\",\"name\":\"Jornal Fatos e Not\u00edcias\",\"description\":\"Not\u00edcias em geral\",\"publisher\":{\"@id\":\"https:\/\/jornalfatosenoticias.com.br\/#organization\"},\"potentialAction\":[{\"@type\":\"SearchAction\",\"target\":{\"@type\":\"EntryPoint\",\"urlTemplate\":\"https:\/\/jornalfatosenoticias.com.br\/?s={search_term_string}\"},\"query-input\":{\"@type\":\"PropertyValueSpecification\",\"valueRequired\":true,\"valueName\":\"search_term_string\"}}],\"inLanguage\":\"pt-BR\"},{\"@type\":\"Organization\",\"@id\":\"https:\/\/jornalfatosenoticias.com.br\/#organization\",\"name\":\"Jornal Fatos e Not\u00edcias\",\"url\":\"https:\/\/jornalfatosenoticias.com.br\/\",\"logo\":{\"@type\":\"ImageObject\",\"inLanguage\":\"pt-BR\",\"@id\":\"https:\/\/jornalfatosenoticias.com.br\/#\/schema\/logo\/image\/\",\"url\":\"https:\/\/jornalfatosenoticias.com.br\/wp-content\/uploads\/2020\/02\/logo120.png\",\"contentUrl\":\"https:\/\/jornalfatosenoticias.com.br\/wp-content\/uploads\/2020\/02\/logo120.png\",\"width\":1227,\"height\":120,\"caption\":\"Jornal Fatos e Not\u00edcias\"},\"image\":{\"@id\":\"https:\/\/jornalfatosenoticias.com.br\/#\/schema\/logo\/image\/\"}},{\"@type\":\"Person\",\"@id\":\"https:\/\/jornalfatosenoticias.com.br\/#\/schema\/person\/d63837fa13ac8666eb9e74e0985d6f81\",\"name\":\"Luzimara Fernandes\",\"image\":{\"@type\":\"ImageObject\",\"inLanguage\":\"pt-BR\",\"@id\":\"https:\/\/jornalfatosenoticias.com.br\/#\/schema\/person\/image\/\",\"url\":\"https:\/\/jornalfatosenoticias.com.br\/wp-content\/uploads\/2025\/05\/EU_portal.jpg\",\"contentUrl\":\"https:\/\/jornalfatosenoticias.com.br\/wp-content\/uploads\/2025\/05\/EU_portal.jpg\",\"caption\":\"Luzimara Fernandes\"},\"description\":\"Jornalista MTB 2358-ES\",\"sameAs\":[\"https:\/\/jornalfatosenoticias.com.br\"],\"url\":\"https:\/\/jornalfatosenoticias.com.br\/index.php\/author\/luzimara\/\"}]}<\/script>\n<!-- \/ Yoast SEO plugin. -->","yoast_head_json":{"title":"Energ\u00e9ticos: por que \u00e9 preciso tomar cuidado no carnaval? - Jornal Fatos e Not\u00edcias","robots":{"index":"index","follow":"follow","max-snippet":"max-snippet:-1","max-image-preview":"max-image-preview:large","max-video-preview":"max-video-preview:-1"},"canonical":"https:\/\/jornalfatosenoticias.com.br\/index.php\/2020\/02\/18\/energeticos-por-que-e-preciso-tomar-cuidado-no-carnaval\/","og_locale":"pt_BR","og_type":"article","og_title":"Energ\u00e9ticos: por que \u00e9 preciso tomar cuidado no carnaval? - Jornal Fatos e Not\u00edcias","og_description":"Veja por que \u00e9 indicado substituir os energ\u00e9ticos por op\u00e7\u00f5es mais saud\u00e1veis e a evitar riscos \u00e0 sa\u00fade Com a chegada de datas comemorativas e festas como o carnaval, as bebidas \u00e0 base de taurina, conhecidas como &#8220;energ\u00e9ticos&#8221;, se tornam um ponto de alerta. Querendo manter a disposi\u00e7\u00e3o e aproveitar mais, \u00e9 comum que as [&hellip;]","og_url":"https:\/\/jornalfatosenoticias.com.br\/index.php\/2020\/02\/18\/energeticos-por-que-e-preciso-tomar-cuidado-no-carnaval\/","og_site_name":"Jornal Fatos e Not\u00edcias","article_published_time":"2020-02-18T13:39:07+00:00","article_modified_time":"2020-02-18T13:39:09+00:00","og_image":[{"width":1024,"height":683,"url":"https:\/\/jornalfatosenoticias.com.br\/wp-content\/uploads\/2020\/02\/iStock-energetico.jpg","type":"image\/jpeg"}],"author":"Luzimara Fernandes","twitter_card":"summary_large_image","twitter_misc":{"Escrito por":"Luzimara Fernandes","Est. tempo de leitura":"2 minutos"},"schema":{"@context":"https:\/\/schema.org","@graph":[{"@type":"Article","@id":"https:\/\/jornalfatosenoticias.com.br\/index.php\/2020\/02\/18\/energeticos-por-que-e-preciso-tomar-cuidado-no-carnaval\/#article","isPartOf":{"@id":"https:\/\/jornalfatosenoticias.com.br\/index.php\/2020\/02\/18\/energeticos-por-que-e-preciso-tomar-cuidado-no-carnaval\/"},"author":{"name":"Luzimara Fernandes","@id":"https:\/\/jornalfatosenoticias.com.br\/#\/schema\/person\/d63837fa13ac8666eb9e74e0985d6f81"},"headline":"Energ\u00e9ticos: por que \u00e9 preciso tomar cuidado no carnaval?","datePublished":"2020-02-18T13:39:07+00:00","dateModified":"2020-02-18T13:39:09+00:00","mainEntityOfPage":{"@id":"https:\/\/jornalfatosenoticias.com.br\/index.php\/2020\/02\/18\/energeticos-por-que-e-preciso-tomar-cuidado-no-carnaval\/"},"wordCount":504,"commentCount":0,"publisher":{"@id":"https:\/\/jornalfatosenoticias.com.br\/#organization"},"image":{"@id":"https:\/\/jornalfatosenoticias.com.br\/index.php\/2020\/02\/18\/energeticos-por-que-e-preciso-tomar-cuidado-no-carnaval\/#primaryimage"},"thumbnailUrl":"https:\/\/jornalfatosenoticias.com.br\/wp-content\/uploads\/2020\/02\/iStock-energetico.jpg","articleSection":["Bem-estar"],"inLanguage":"pt-BR","potentialAction":[{"@type":"CommentAction","name":"Comment","target":["https:\/\/jornalfatosenoticias.com.br\/index.php\/2020\/02\/18\/energeticos-por-que-e-preciso-tomar-cuidado-no-carnaval\/#respond"]}]},{"@type":"WebPage","@id":"https:\/\/jornalfatosenoticias.com.br\/index.php\/2020\/02\/18\/energeticos-por-que-e-preciso-tomar-cuidado-no-carnaval\/","url":"https:\/\/jornalfatosenoticias.com.br\/index.php\/2020\/02\/18\/energeticos-por-que-e-preciso-tomar-cuidado-no-carnaval\/","name":"Energ\u00e9ticos: por que \u00e9 preciso tomar cuidado no carnaval? - Jornal Fatos e Not\u00edcias","isPartOf":{"@id":"https:\/\/jornalfatosenoticias.com.br\/#website"},"primaryImageOfPage":{"@id":"https:\/\/jornalfatosenoticias.com.br\/index.php\/2020\/02\/18\/energeticos-por-que-e-preciso-tomar-cuidado-no-carnaval\/#primaryimage"},"image":{"@id":"https:\/\/jornalfatosenoticias.com.br\/index.php\/2020\/02\/18\/energeticos-por-que-e-preciso-tomar-cuidado-no-carnaval\/#primaryimage"},"thumbnailUrl":"https:\/\/jornalfatosenoticias.com.br\/wp-content\/uploads\/2020\/02\/iStock-energetico.jpg","datePublished":"2020-02-18T13:39:07+00:00","dateModified":"2020-02-18T13:39:09+00:00","breadcrumb":{"@id":"https:\/\/jornalfatosenoticias.com.br\/index.php\/2020\/02\/18\/energeticos-por-que-e-preciso-tomar-cuidado-no-carnaval\/#breadcrumb"},"inLanguage":"pt-BR","potentialAction":[{"@type":"ReadAction","target":["https:\/\/jornalfatosenoticias.com.br\/index.php\/2020\/02\/18\/energeticos-por-que-e-preciso-tomar-cuidado-no-carnaval\/"]}]},{"@type":"ImageObject","inLanguage":"pt-BR","@id":"https:\/\/jornalfatosenoticias.com.br\/index.php\/2020\/02\/18\/energeticos-por-que-e-preciso-tomar-cuidado-no-carnaval\/#primaryimage","url":"https:\/\/jornalfatosenoticias.com.br\/wp-content\/uploads\/2020\/02\/iStock-energetico.jpg","contentUrl":"https:\/\/jornalfatosenoticias.com.br\/wp-content\/uploads\/2020\/02\/iStock-energetico.jpg","width":1024,"height":683},{"@type":"BreadcrumbList","@id":"https:\/\/jornalfatosenoticias.com.br\/index.php\/2020\/02\/18\/energeticos-por-que-e-preciso-tomar-cuidado-no-carnaval\/#breadcrumb","itemListElement":[{"@type":"ListItem","position":1,"name":"In\u00edcio","item":"https:\/\/jornalfatosenoticias.com.br\/"},{"@type":"ListItem","position":2,"name":"Energ\u00e9ticos: por que \u00e9 preciso tomar cuidado no carnaval?"}]},{"@type":"WebSite","@id":"https:\/\/jornalfatosenoticias.com.br\/#website","url":"https:\/\/jornalfatosenoticias.com.br\/","name":"Jornal Fatos e Not\u00edcias","description":"Not\u00edcias em geral","publisher":{"@id":"https:\/\/jornalfatosenoticias.com.br\/#organization"},"potentialAction":[{"@type":"SearchAction","target":{"@type":"EntryPoint","urlTemplate":"https:\/\/jornalfatosenoticias.com.br\/?s={search_term_string}"},"query-input":{"@type":"PropertyValueSpecification","valueRequired":true,"valueName":"search_term_string"}}],"inLanguage":"pt-BR"},{"@type":"Organization","@id":"https:\/\/jornalfatosenoticias.com.br\/#organization","name":"Jornal Fatos e Not\u00edcias","url":"https:\/\/jornalfatosenoticias.com.br\/","logo":{"@type":"ImageObject","inLanguage":"pt-BR","@id":"https:\/\/jornalfatosenoticias.com.br\/#\/schema\/logo\/image\/","url":"https:\/\/jornalfatosenoticias.com.br\/wp-content\/uploads\/2020\/02\/logo120.png","contentUrl":"https:\/\/jornalfatosenoticias.com.br\/wp-content\/uploads\/2020\/02\/logo120.png","width":1227,"height":120,"caption":"Jornal Fatos e Not\u00edcias"},"image":{"@id":"https:\/\/jornalfatosenoticias.com.br\/#\/schema\/logo\/image\/"}},{"@type":"Person","@id":"https:\/\/jornalfatosenoticias.com.br\/#\/schema\/person\/d63837fa13ac8666eb9e74e0985d6f81","name":"Luzimara Fernandes","image":{"@type":"ImageObject","inLanguage":"pt-BR","@id":"https:\/\/jornalfatosenoticias.com.br\/#\/schema\/person\/image\/","url":"https:\/\/jornalfatosenoticias.com.br\/wp-content\/uploads\/2025\/05\/EU_portal.jpg","contentUrl":"https:\/\/jornalfatosenoticias.com.br\/wp-content\/uploads\/2025\/05\/EU_portal.jpg","caption":"Luzimara Fernandes"},"description":"Jornalista MTB 2358-ES","sameAs":["https:\/\/jornalfatosenoticias.com.br"],"url":"https:\/\/jornalfatosenoticias.com.br\/index.php\/author\/luzimara\/"}]}},"cc_featured_image_caption":{"caption_text":"","source_text":"","source_url":""},"jetpack_featured_media_url":"https:\/\/jornalfatosenoticias.com.br\/wp-content\/uploads\/2020\/02\/iStock-energetico.jpg","_links":{"self":[{"href":"https:\/\/jornalfatosenoticias.com.br\/index.php\/wp-json\/wp\/v2\/posts\/1197","targetHints":{"allow":["GET"]}}],"collection":[{"href":"https:\/\/jornalfatosenoticias.com.br\/index.php\/wp-json\/wp\/v2\/posts"}],"about":[{"href":"https:\/\/jornalfatosenoticias.com.br\/index.php\/wp-json\/wp\/v2\/types\/post"}],"author":[{"embeddable":true,"href":"https:\/\/jornalfatosenoticias.com.br\/index.php\/wp-json\/wp\/v2\/users\/2"}],"replies":[{"embeddable":true,"href":"https:\/\/jornalfatosenoticias.com.br\/index.php\/wp-json\/wp\/v2\/comments?post=1197"}],"version-history":[{"count":0,"href":"https:\/\/jornalfatosenoticias.com.br\/index.php\/wp-json\/wp\/v2\/posts\/1197\/revisions"}],"wp:featuredmedia":[{"embeddable":true,"href":"https:\/\/jornalfatosenoticias.com.br\/index.php\/wp-json\/wp\/v2\/media\/1198"}],"wp:attachment":[{"href":"https:\/\/jornalfatosenoticias.com.br\/index.php\/wp-json\/wp\/v2\/media?parent=1197"}],"wp:term":[{"taxonomy":"category","embeddable":true,"href":"https:\/\/jornalfatosenoticias.com.br\/index.php\/wp-json\/wp\/v2\/categories?post=1197"},{"taxonomy":"post_tag","embeddable":true,"href":"https:\/\/jornalfatosenoticias.com.br\/index.php\/wp-json\/wp\/v2\/tags?post=1197"}],"curies":[{"name":"wp","href":"https:\/\/api.w.org\/{rel}","templated":true}]}}