{"id":11975,"date":"2020-12-01T19:21:00","date_gmt":"2020-12-01T22:21:00","guid":{"rendered":"https:\/\/jornalfatosenoticias.com.br\/?p=11975"},"modified":"2020-12-01T19:21:04","modified_gmt":"2020-12-01T22:21:04","slug":"projeto-da-usp-usa-futebol-para-recuperar-memorias-perdidas-pelo-alzheimer","status":"publish","type":"post","link":"https:\/\/jornalfatosenoticias.com.br\/index.php\/2020\/12\/01\/projeto-da-usp-usa-futebol-para-recuperar-memorias-perdidas-pelo-alzheimer\/","title":{"rendered":"Projeto da USP usa futebol para recuperar mem\u00f3rias perdidas pelo Alzheimer"},"content":{"rendered":"\n<p>O futebol tem o poder de mexer com as emo\u00e7\u00f5es das pessoas; ainda mais no Brasil, considerado o Pa\u00eds do futebol. Pel\u00e9, Garrincha, Ademir da Guia e tantos outros craques que desfilaram pelos gramados, hoje, assumiram nova posi\u00e7\u00e3o fora das quatro linhas. Mas o projeto Revivendo Mem\u00f3rias, do Grupo de Neurologia Cognitiva e do Comportamento do Hospital das Cl\u00ednicas da Faculdade de Medicina da Universidade de S\u00e3o Paulo (HC-FMUSP), em parceria com o Museu do Futebol, est\u00e1 convocando novamente todos os grandes craques e suas conquistas no futebol para juntos marcarem novos &#8220;gola\u00e7os&#8221;, ajudando idosos a relembrar momentos importantes de suas vidas.<br>Pioneiro no Brasil, o projeto tem a\u00e7\u00f5es para estimular pacientes com Alzheimer a lembrarem momentos vividos na inf\u00e2ncia e juventude, usando o futebol como gatilho. Para entender a dimens\u00e3o da iniciativa, basta conferir os dados da Sociedade Brasileira de Geriatria e Gerontologia (SBGG), mostrando que mais de 33% dos idosos no Brasil t\u00eam algum tipo de dem\u00eancia e, desse total, entre 40% e 60% dos casos, o diagn\u00f3stico \u00e9 de Alzheimer.<br>&#8220;O projeto utiliza mem\u00f3rias ligadas a paix\u00f5es que as pessoas tiveram durante a vida como forma de estimular aqueles que t\u00eam algum comprometimento cognitivo e tamb\u00e9m uma forma de evitar o isolamento dessas pessoas&#8221;, destaca Leonel Takada, neurologista do HC-SP e um dos respons\u00e1veis pelo projeto.<br>Segundo Takada, o futebol foi escolhido como gatilho para despertar as lembran\u00e7as dos idosos por ser uma paix\u00e3o nacional que pode despertar o interesse das pessoas que &#8220;t\u00eam mem\u00f3rias ligadas a jogadores, campeonatos e at\u00e9 das copas&#8221;.<br>Cofundador e coordenador do projeto, Carlos Chechetti conta que os est\u00edmulos s\u00e3o feitos atrav\u00e9s de imagens e narra\u00e7\u00f5es antigas de jogos de futebol. Dessa forma, segundo ele, al\u00e9m de lembrar dos jogadores ou do time do cora\u00e7\u00e3o os idosos acabam lembrando de outros momentos importantes de suas vidas.<br>E \u00e9 isso mesmo que o projeto busca. Os fatos do futebol s\u00e3o usados como gatilho para que sejam encontradas as mem\u00f3rias emocionais de cada idoso. As atividades que usamos fazem &#8220;com que eles lembrem desses jogos, dessas paix\u00f5es, de jogadores e, com isso, lembrem de mais coisas tamb\u00e9m, por exemplo, com quem ele foi ao jogo, quando foi o jogo, muitas vezes, lembram at\u00e9 dos gols&#8221;.<br>Conta Chechetti que a ideia do projeto nasceu ap\u00f3s uma visita ao Football Memories, evento realizado na Esc\u00f3cia que, da mesma forma, usa o futebol como forma de fazer os idosos reviverem suas mem\u00f3rias. Depois de conhecer o programa, Chechetti entrou em contato com o Museu do Futebol, em S\u00e3o Paulo, que logo aceitou a parceria.<br>Para Iale Cardoso, coordenadora do N\u00facleo Educativo do museu e respons\u00e1vel por fazer as intera\u00e7\u00f5es com os pacientes, &#8220;a gente se encantou pelo projeto e abra\u00e7amos de cara e com muito \u00e2nimo essa parceria&#8221;, relembra.<br>Os encontros acontecem desde 2019, mas, neste ano, por conta da pandemia, tamb\u00e9m precisou se reinventar. Os organizadores decidiram criar o Revivendo Mem\u00f3rias #EmCasa, em que as reuni\u00f5es acontecem por videoconfer\u00eancia.<br>Iale destaca que, al\u00e9m da import\u00e2ncia dos est\u00edmulos cognitivos, o programa tamb\u00e9m ajuda na inclus\u00e3o social e cultural e, agora, durante a pandemia, na inclus\u00e3o digital do idoso, j\u00e1 que, neste caso, os participantes tamb\u00e9m aprendem a mexer no computador e em aplicativos de videochamadas.<br>O projeto \u00e9 feito por volunt\u00e1rios, n\u00e3o tem custos e tamb\u00e9m n\u00e3o recebe recursos. Chechetti destaca que j\u00e1 est\u00e1 procurando parceiros para patrocinar o projeto, &#8220;para que possa se expandir e atender mais pessoas no Brasil todo&#8221;.<br>Segundo ele, a ideia \u00e9 difundir tanto o Revivendo Mem\u00f3rias presencial, ap\u00f3s o fim da pandemia, e tamb\u00e9m continuar o Revivendo Mem\u00f3rias #EmCasa. &#8220;Nosso principal objetivo \u00e9 conseguir levar esse projeto para pessoas de baixa renda, em qualquer lugar, porque, infelizmente, n\u00e3o tem muitas coisas para pessoas de baixa renda no Brasil, principalmente na \u00e1rea de dem\u00eancia&#8221;, destaca Chechetti.<br>Para participar do programa, de forma on-line, \u00e9 preciso agendar pelo e-mail agendamento@museudofutebol.org.br. Ou ent\u00e3o, pelo telefone (11) 99113-0226.<\/p>\n\n\n\n<p><em><strong>Foto: <\/strong>Projeto Revivendo Mem\u00f3rias\/Divulga\u00e7\u00e3o<\/em><\/p>\n\n\n\n<p><em><strong>Fonte: <a href=\"https:\/\/www.uol.com.br\/vivabem\/noticias\/redacao\/2020\/11\/29\/projeto-da-usp-usa-futebol-para-recuperar-memorias-perdidas-pelo-alzheimer.htm\">UOL<\/a><\/strong><\/em><\/p>\n","protected":false},"excerpt":{"rendered":"<p>O futebol tem o poder de mexer com as emo\u00e7\u00f5es das pessoas; ainda mais no Brasil, considerado o Pa\u00eds do futebol. Pel\u00e9, Garrincha, Ademir da Guia e tantos outros craques que desfilaram pelos gramados, hoje, assumiram nova posi\u00e7\u00e3o fora das quatro linhas. Mas o projeto Revivendo Mem\u00f3rias, do Grupo de Neurologia Cognitiva e do Comportamento [&hellip;]<\/p>\n","protected":false},"author":2,"featured_media":11976,"comment_status":"open","ping_status":"open","sticky":false,"template":"","format":"standard","meta":{"footnotes":""},"categories":[42],"tags":[2501,632,3247],"class_list":["post-11975","post","type-post","status-publish","format-standard","has-post-thumbnail","hentry","category-bem-estar","tag-alzheimer","tag-futebol","tag-memoria"],"yoast_head":"<!-- This site is optimized with the Yoast SEO plugin v26.5 - https:\/\/yoast.com\/wordpress\/plugins\/seo\/ -->\n<title>Projeto da USP usa futebol para recuperar mem\u00f3rias perdidas pelo Alzheimer - Jornal Fatos e Not\u00edcias<\/title>\n<meta name=\"robots\" content=\"index, follow, max-snippet:-1, max-image-preview:large, max-video-preview:-1\" \/>\n<link rel=\"canonical\" href=\"https:\/\/jornalfatosenoticias.com.br\/index.php\/2020\/12\/01\/projeto-da-usp-usa-futebol-para-recuperar-memorias-perdidas-pelo-alzheimer\/\" \/>\n<meta property=\"og:locale\" content=\"pt_BR\" \/>\n<meta property=\"og:type\" content=\"article\" \/>\n<meta property=\"og:title\" content=\"Projeto da USP usa futebol para recuperar mem\u00f3rias perdidas pelo Alzheimer - Jornal Fatos e Not\u00edcias\" \/>\n<meta property=\"og:description\" content=\"O futebol tem o poder de mexer com as emo\u00e7\u00f5es das pessoas; ainda mais no Brasil, considerado o Pa\u00eds do futebol. Pel\u00e9, Garrincha, Ademir da Guia e tantos outros craques que desfilaram pelos gramados, hoje, assumiram nova posi\u00e7\u00e3o fora das quatro linhas. Mas o projeto Revivendo Mem\u00f3rias, do Grupo de Neurologia Cognitiva e do Comportamento [&hellip;]\" \/>\n<meta property=\"og:url\" content=\"https:\/\/jornalfatosenoticias.com.br\/index.php\/2020\/12\/01\/projeto-da-usp-usa-futebol-para-recuperar-memorias-perdidas-pelo-alzheimer\/\" \/>\n<meta property=\"og:site_name\" content=\"Jornal Fatos e Not\u00edcias\" \/>\n<meta property=\"article:published_time\" content=\"2020-12-01T22:21:00+00:00\" \/>\n<meta property=\"article:modified_time\" content=\"2020-12-01T22:21:04+00:00\" \/>\n<meta property=\"og:image\" content=\"https:\/\/jornalfatosenoticias.com.br\/wp-content\/uploads\/2020\/12\/projeto-revivendo-memorias-ALZHEIMER.jpg\" \/>\n\t<meta property=\"og:image:width\" content=\"1000\" \/>\n\t<meta property=\"og:image:height\" content=\"562\" \/>\n\t<meta property=\"og:image:type\" content=\"image\/jpeg\" \/>\n<meta name=\"author\" content=\"Luzimara Fernandes\" \/>\n<meta name=\"twitter:card\" content=\"summary_large_image\" \/>\n<meta name=\"twitter:label1\" content=\"Escrito por\" \/>\n\t<meta name=\"twitter:data1\" content=\"Luzimara Fernandes\" \/>\n\t<meta name=\"twitter:label2\" content=\"Est. tempo de leitura\" \/>\n\t<meta name=\"twitter:data2\" content=\"4 minutos\" \/>\n<script type=\"application\/ld+json\" class=\"yoast-schema-graph\">{\"@context\":\"https:\/\/schema.org\",\"@graph\":[{\"@type\":\"Article\",\"@id\":\"https:\/\/jornalfatosenoticias.com.br\/index.php\/2020\/12\/01\/projeto-da-usp-usa-futebol-para-recuperar-memorias-perdidas-pelo-alzheimer\/#article\",\"isPartOf\":{\"@id\":\"https:\/\/jornalfatosenoticias.com.br\/index.php\/2020\/12\/01\/projeto-da-usp-usa-futebol-para-recuperar-memorias-perdidas-pelo-alzheimer\/\"},\"author\":{\"name\":\"Luzimara Fernandes\",\"@id\":\"https:\/\/jornalfatosenoticias.com.br\/#\/schema\/person\/d63837fa13ac8666eb9e74e0985d6f81\"},\"headline\":\"Projeto da USP usa futebol para recuperar mem\u00f3rias perdidas pelo Alzheimer\",\"datePublished\":\"2020-12-01T22:21:00+00:00\",\"dateModified\":\"2020-12-01T22:21:04+00:00\",\"mainEntityOfPage\":{\"@id\":\"https:\/\/jornalfatosenoticias.com.br\/index.php\/2020\/12\/01\/projeto-da-usp-usa-futebol-para-recuperar-memorias-perdidas-pelo-alzheimer\/\"},\"wordCount\":728,\"commentCount\":0,\"publisher\":{\"@id\":\"https:\/\/jornalfatosenoticias.com.br\/#organization\"},\"image\":{\"@id\":\"https:\/\/jornalfatosenoticias.com.br\/index.php\/2020\/12\/01\/projeto-da-usp-usa-futebol-para-recuperar-memorias-perdidas-pelo-alzheimer\/#primaryimage\"},\"thumbnailUrl\":\"https:\/\/jornalfatosenoticias.com.br\/wp-content\/uploads\/2020\/12\/projeto-revivendo-memorias-ALZHEIMER.jpg\",\"keywords\":[\"Alzheimer\",\"futebol\",\"mem\u00f3ria\"],\"articleSection\":[\"Bem-estar\"],\"inLanguage\":\"pt-BR\",\"potentialAction\":[{\"@type\":\"CommentAction\",\"name\":\"Comment\",\"target\":[\"https:\/\/jornalfatosenoticias.com.br\/index.php\/2020\/12\/01\/projeto-da-usp-usa-futebol-para-recuperar-memorias-perdidas-pelo-alzheimer\/#respond\"]}]},{\"@type\":\"WebPage\",\"@id\":\"https:\/\/jornalfatosenoticias.com.br\/index.php\/2020\/12\/01\/projeto-da-usp-usa-futebol-para-recuperar-memorias-perdidas-pelo-alzheimer\/\",\"url\":\"https:\/\/jornalfatosenoticias.com.br\/index.php\/2020\/12\/01\/projeto-da-usp-usa-futebol-para-recuperar-memorias-perdidas-pelo-alzheimer\/\",\"name\":\"Projeto da USP usa futebol para recuperar mem\u00f3rias perdidas pelo Alzheimer - Jornal Fatos e Not\u00edcias\",\"isPartOf\":{\"@id\":\"https:\/\/jornalfatosenoticias.com.br\/#website\"},\"primaryImageOfPage\":{\"@id\":\"https:\/\/jornalfatosenoticias.com.br\/index.php\/2020\/12\/01\/projeto-da-usp-usa-futebol-para-recuperar-memorias-perdidas-pelo-alzheimer\/#primaryimage\"},\"image\":{\"@id\":\"https:\/\/jornalfatosenoticias.com.br\/index.php\/2020\/12\/01\/projeto-da-usp-usa-futebol-para-recuperar-memorias-perdidas-pelo-alzheimer\/#primaryimage\"},\"thumbnailUrl\":\"https:\/\/jornalfatosenoticias.com.br\/wp-content\/uploads\/2020\/12\/projeto-revivendo-memorias-ALZHEIMER.jpg\",\"datePublished\":\"2020-12-01T22:21:00+00:00\",\"dateModified\":\"2020-12-01T22:21:04+00:00\",\"breadcrumb\":{\"@id\":\"https:\/\/jornalfatosenoticias.com.br\/index.php\/2020\/12\/01\/projeto-da-usp-usa-futebol-para-recuperar-memorias-perdidas-pelo-alzheimer\/#breadcrumb\"},\"inLanguage\":\"pt-BR\",\"potentialAction\":[{\"@type\":\"ReadAction\",\"target\":[\"https:\/\/jornalfatosenoticias.com.br\/index.php\/2020\/12\/01\/projeto-da-usp-usa-futebol-para-recuperar-memorias-perdidas-pelo-alzheimer\/\"]}]},{\"@type\":\"ImageObject\",\"inLanguage\":\"pt-BR\",\"@id\":\"https:\/\/jornalfatosenoticias.com.br\/index.php\/2020\/12\/01\/projeto-da-usp-usa-futebol-para-recuperar-memorias-perdidas-pelo-alzheimer\/#primaryimage\",\"url\":\"https:\/\/jornalfatosenoticias.com.br\/wp-content\/uploads\/2020\/12\/projeto-revivendo-memorias-ALZHEIMER.jpg\",\"contentUrl\":\"https:\/\/jornalfatosenoticias.com.br\/wp-content\/uploads\/2020\/12\/projeto-revivendo-memorias-ALZHEIMER.jpg\",\"width\":1000,\"height\":562},{\"@type\":\"BreadcrumbList\",\"@id\":\"https:\/\/jornalfatosenoticias.com.br\/index.php\/2020\/12\/01\/projeto-da-usp-usa-futebol-para-recuperar-memorias-perdidas-pelo-alzheimer\/#breadcrumb\",\"itemListElement\":[{\"@type\":\"ListItem\",\"position\":1,\"name\":\"In\u00edcio\",\"item\":\"https:\/\/jornalfatosenoticias.com.br\/\"},{\"@type\":\"ListItem\",\"position\":2,\"name\":\"Projeto da USP usa futebol para recuperar mem\u00f3rias perdidas pelo Alzheimer\"}]},{\"@type\":\"WebSite\",\"@id\":\"https:\/\/jornalfatosenoticias.com.br\/#website\",\"url\":\"https:\/\/jornalfatosenoticias.com.br\/\",\"name\":\"Jornal Fatos e Not\u00edcias\",\"description\":\"Not\u00edcias em geral\",\"publisher\":{\"@id\":\"https:\/\/jornalfatosenoticias.com.br\/#organization\"},\"potentialAction\":[{\"@type\":\"SearchAction\",\"target\":{\"@type\":\"EntryPoint\",\"urlTemplate\":\"https:\/\/jornalfatosenoticias.com.br\/?s={search_term_string}\"},\"query-input\":{\"@type\":\"PropertyValueSpecification\",\"valueRequired\":true,\"valueName\":\"search_term_string\"}}],\"inLanguage\":\"pt-BR\"},{\"@type\":\"Organization\",\"@id\":\"https:\/\/jornalfatosenoticias.com.br\/#organization\",\"name\":\"Jornal Fatos e Not\u00edcias\",\"url\":\"https:\/\/jornalfatosenoticias.com.br\/\",\"logo\":{\"@type\":\"ImageObject\",\"inLanguage\":\"pt-BR\",\"@id\":\"https:\/\/jornalfatosenoticias.com.br\/#\/schema\/logo\/image\/\",\"url\":\"https:\/\/jornalfatosenoticias.com.br\/wp-content\/uploads\/2020\/02\/logo120.png\",\"contentUrl\":\"https:\/\/jornalfatosenoticias.com.br\/wp-content\/uploads\/2020\/02\/logo120.png\",\"width\":1227,\"height\":120,\"caption\":\"Jornal Fatos e Not\u00edcias\"},\"image\":{\"@id\":\"https:\/\/jornalfatosenoticias.com.br\/#\/schema\/logo\/image\/\"}},{\"@type\":\"Person\",\"@id\":\"https:\/\/jornalfatosenoticias.com.br\/#\/schema\/person\/d63837fa13ac8666eb9e74e0985d6f81\",\"name\":\"Luzimara Fernandes\",\"image\":{\"@type\":\"ImageObject\",\"inLanguage\":\"pt-BR\",\"@id\":\"https:\/\/jornalfatosenoticias.com.br\/#\/schema\/person\/image\/\",\"url\":\"https:\/\/jornalfatosenoticias.com.br\/wp-content\/uploads\/2025\/05\/EU_portal.jpg\",\"contentUrl\":\"https:\/\/jornalfatosenoticias.com.br\/wp-content\/uploads\/2025\/05\/EU_portal.jpg\",\"caption\":\"Luzimara Fernandes\"},\"description\":\"Jornalista MTB 2358-ES\",\"sameAs\":[\"https:\/\/jornalfatosenoticias.com.br\"],\"url\":\"https:\/\/jornalfatosenoticias.com.br\/index.php\/author\/luzimara\/\"}]}<\/script>\n<!-- \/ Yoast SEO plugin. -->","yoast_head_json":{"title":"Projeto da USP usa futebol para recuperar mem\u00f3rias perdidas pelo Alzheimer - Jornal Fatos e Not\u00edcias","robots":{"index":"index","follow":"follow","max-snippet":"max-snippet:-1","max-image-preview":"max-image-preview:large","max-video-preview":"max-video-preview:-1"},"canonical":"https:\/\/jornalfatosenoticias.com.br\/index.php\/2020\/12\/01\/projeto-da-usp-usa-futebol-para-recuperar-memorias-perdidas-pelo-alzheimer\/","og_locale":"pt_BR","og_type":"article","og_title":"Projeto da USP usa futebol para recuperar mem\u00f3rias perdidas pelo Alzheimer - Jornal Fatos e Not\u00edcias","og_description":"O futebol tem o poder de mexer com as emo\u00e7\u00f5es das pessoas; ainda mais no Brasil, considerado o Pa\u00eds do futebol. Pel\u00e9, Garrincha, Ademir da Guia e tantos outros craques que desfilaram pelos gramados, hoje, assumiram nova posi\u00e7\u00e3o fora das quatro linhas. Mas o projeto Revivendo Mem\u00f3rias, do Grupo de Neurologia Cognitiva e do Comportamento [&hellip;]","og_url":"https:\/\/jornalfatosenoticias.com.br\/index.php\/2020\/12\/01\/projeto-da-usp-usa-futebol-para-recuperar-memorias-perdidas-pelo-alzheimer\/","og_site_name":"Jornal Fatos e Not\u00edcias","article_published_time":"2020-12-01T22:21:00+00:00","article_modified_time":"2020-12-01T22:21:04+00:00","og_image":[{"width":1000,"height":562,"url":"https:\/\/jornalfatosenoticias.com.br\/wp-content\/uploads\/2020\/12\/projeto-revivendo-memorias-ALZHEIMER.jpg","type":"image\/jpeg"}],"author":"Luzimara Fernandes","twitter_card":"summary_large_image","twitter_misc":{"Escrito por":"Luzimara Fernandes","Est. tempo de leitura":"4 minutos"},"schema":{"@context":"https:\/\/schema.org","@graph":[{"@type":"Article","@id":"https:\/\/jornalfatosenoticias.com.br\/index.php\/2020\/12\/01\/projeto-da-usp-usa-futebol-para-recuperar-memorias-perdidas-pelo-alzheimer\/#article","isPartOf":{"@id":"https:\/\/jornalfatosenoticias.com.br\/index.php\/2020\/12\/01\/projeto-da-usp-usa-futebol-para-recuperar-memorias-perdidas-pelo-alzheimer\/"},"author":{"name":"Luzimara Fernandes","@id":"https:\/\/jornalfatosenoticias.com.br\/#\/schema\/person\/d63837fa13ac8666eb9e74e0985d6f81"},"headline":"Projeto da USP usa futebol para recuperar mem\u00f3rias perdidas pelo Alzheimer","datePublished":"2020-12-01T22:21:00+00:00","dateModified":"2020-12-01T22:21:04+00:00","mainEntityOfPage":{"@id":"https:\/\/jornalfatosenoticias.com.br\/index.php\/2020\/12\/01\/projeto-da-usp-usa-futebol-para-recuperar-memorias-perdidas-pelo-alzheimer\/"},"wordCount":728,"commentCount":0,"publisher":{"@id":"https:\/\/jornalfatosenoticias.com.br\/#organization"},"image":{"@id":"https:\/\/jornalfatosenoticias.com.br\/index.php\/2020\/12\/01\/projeto-da-usp-usa-futebol-para-recuperar-memorias-perdidas-pelo-alzheimer\/#primaryimage"},"thumbnailUrl":"https:\/\/jornalfatosenoticias.com.br\/wp-content\/uploads\/2020\/12\/projeto-revivendo-memorias-ALZHEIMER.jpg","keywords":["Alzheimer","futebol","mem\u00f3ria"],"articleSection":["Bem-estar"],"inLanguage":"pt-BR","potentialAction":[{"@type":"CommentAction","name":"Comment","target":["https:\/\/jornalfatosenoticias.com.br\/index.php\/2020\/12\/01\/projeto-da-usp-usa-futebol-para-recuperar-memorias-perdidas-pelo-alzheimer\/#respond"]}]},{"@type":"WebPage","@id":"https:\/\/jornalfatosenoticias.com.br\/index.php\/2020\/12\/01\/projeto-da-usp-usa-futebol-para-recuperar-memorias-perdidas-pelo-alzheimer\/","url":"https:\/\/jornalfatosenoticias.com.br\/index.php\/2020\/12\/01\/projeto-da-usp-usa-futebol-para-recuperar-memorias-perdidas-pelo-alzheimer\/","name":"Projeto da USP usa futebol para recuperar mem\u00f3rias perdidas pelo Alzheimer - Jornal Fatos e Not\u00edcias","isPartOf":{"@id":"https:\/\/jornalfatosenoticias.com.br\/#website"},"primaryImageOfPage":{"@id":"https:\/\/jornalfatosenoticias.com.br\/index.php\/2020\/12\/01\/projeto-da-usp-usa-futebol-para-recuperar-memorias-perdidas-pelo-alzheimer\/#primaryimage"},"image":{"@id":"https:\/\/jornalfatosenoticias.com.br\/index.php\/2020\/12\/01\/projeto-da-usp-usa-futebol-para-recuperar-memorias-perdidas-pelo-alzheimer\/#primaryimage"},"thumbnailUrl":"https:\/\/jornalfatosenoticias.com.br\/wp-content\/uploads\/2020\/12\/projeto-revivendo-memorias-ALZHEIMER.jpg","datePublished":"2020-12-01T22:21:00+00:00","dateModified":"2020-12-01T22:21:04+00:00","breadcrumb":{"@id":"https:\/\/jornalfatosenoticias.com.br\/index.php\/2020\/12\/01\/projeto-da-usp-usa-futebol-para-recuperar-memorias-perdidas-pelo-alzheimer\/#breadcrumb"},"inLanguage":"pt-BR","potentialAction":[{"@type":"ReadAction","target":["https:\/\/jornalfatosenoticias.com.br\/index.php\/2020\/12\/01\/projeto-da-usp-usa-futebol-para-recuperar-memorias-perdidas-pelo-alzheimer\/"]}]},{"@type":"ImageObject","inLanguage":"pt-BR","@id":"https:\/\/jornalfatosenoticias.com.br\/index.php\/2020\/12\/01\/projeto-da-usp-usa-futebol-para-recuperar-memorias-perdidas-pelo-alzheimer\/#primaryimage","url":"https:\/\/jornalfatosenoticias.com.br\/wp-content\/uploads\/2020\/12\/projeto-revivendo-memorias-ALZHEIMER.jpg","contentUrl":"https:\/\/jornalfatosenoticias.com.br\/wp-content\/uploads\/2020\/12\/projeto-revivendo-memorias-ALZHEIMER.jpg","width":1000,"height":562},{"@type":"BreadcrumbList","@id":"https:\/\/jornalfatosenoticias.com.br\/index.php\/2020\/12\/01\/projeto-da-usp-usa-futebol-para-recuperar-memorias-perdidas-pelo-alzheimer\/#breadcrumb","itemListElement":[{"@type":"ListItem","position":1,"name":"In\u00edcio","item":"https:\/\/jornalfatosenoticias.com.br\/"},{"@type":"ListItem","position":2,"name":"Projeto da USP usa futebol para recuperar mem\u00f3rias perdidas pelo Alzheimer"}]},{"@type":"WebSite","@id":"https:\/\/jornalfatosenoticias.com.br\/#website","url":"https:\/\/jornalfatosenoticias.com.br\/","name":"Jornal Fatos e Not\u00edcias","description":"Not\u00edcias em geral","publisher":{"@id":"https:\/\/jornalfatosenoticias.com.br\/#organization"},"potentialAction":[{"@type":"SearchAction","target":{"@type":"EntryPoint","urlTemplate":"https:\/\/jornalfatosenoticias.com.br\/?s={search_term_string}"},"query-input":{"@type":"PropertyValueSpecification","valueRequired":true,"valueName":"search_term_string"}}],"inLanguage":"pt-BR"},{"@type":"Organization","@id":"https:\/\/jornalfatosenoticias.com.br\/#organization","name":"Jornal Fatos e Not\u00edcias","url":"https:\/\/jornalfatosenoticias.com.br\/","logo":{"@type":"ImageObject","inLanguage":"pt-BR","@id":"https:\/\/jornalfatosenoticias.com.br\/#\/schema\/logo\/image\/","url":"https:\/\/jornalfatosenoticias.com.br\/wp-content\/uploads\/2020\/02\/logo120.png","contentUrl":"https:\/\/jornalfatosenoticias.com.br\/wp-content\/uploads\/2020\/02\/logo120.png","width":1227,"height":120,"caption":"Jornal Fatos e Not\u00edcias"},"image":{"@id":"https:\/\/jornalfatosenoticias.com.br\/#\/schema\/logo\/image\/"}},{"@type":"Person","@id":"https:\/\/jornalfatosenoticias.com.br\/#\/schema\/person\/d63837fa13ac8666eb9e74e0985d6f81","name":"Luzimara Fernandes","image":{"@type":"ImageObject","inLanguage":"pt-BR","@id":"https:\/\/jornalfatosenoticias.com.br\/#\/schema\/person\/image\/","url":"https:\/\/jornalfatosenoticias.com.br\/wp-content\/uploads\/2025\/05\/EU_portal.jpg","contentUrl":"https:\/\/jornalfatosenoticias.com.br\/wp-content\/uploads\/2025\/05\/EU_portal.jpg","caption":"Luzimara Fernandes"},"description":"Jornalista MTB 2358-ES","sameAs":["https:\/\/jornalfatosenoticias.com.br"],"url":"https:\/\/jornalfatosenoticias.com.br\/index.php\/author\/luzimara\/"}]}},"cc_featured_image_caption":{"caption_text":"","source_text":"","source_url":""},"jetpack_featured_media_url":"https:\/\/jornalfatosenoticias.com.br\/wp-content\/uploads\/2020\/12\/projeto-revivendo-memorias-ALZHEIMER.jpg","_links":{"self":[{"href":"https:\/\/jornalfatosenoticias.com.br\/index.php\/wp-json\/wp\/v2\/posts\/11975","targetHints":{"allow":["GET"]}}],"collection":[{"href":"https:\/\/jornalfatosenoticias.com.br\/index.php\/wp-json\/wp\/v2\/posts"}],"about":[{"href":"https:\/\/jornalfatosenoticias.com.br\/index.php\/wp-json\/wp\/v2\/types\/post"}],"author":[{"embeddable":true,"href":"https:\/\/jornalfatosenoticias.com.br\/index.php\/wp-json\/wp\/v2\/users\/2"}],"replies":[{"embeddable":true,"href":"https:\/\/jornalfatosenoticias.com.br\/index.php\/wp-json\/wp\/v2\/comments?post=11975"}],"version-history":[{"count":0,"href":"https:\/\/jornalfatosenoticias.com.br\/index.php\/wp-json\/wp\/v2\/posts\/11975\/revisions"}],"wp:featuredmedia":[{"embeddable":true,"href":"https:\/\/jornalfatosenoticias.com.br\/index.php\/wp-json\/wp\/v2\/media\/11976"}],"wp:attachment":[{"href":"https:\/\/jornalfatosenoticias.com.br\/index.php\/wp-json\/wp\/v2\/media?parent=11975"}],"wp:term":[{"taxonomy":"category","embeddable":true,"href":"https:\/\/jornalfatosenoticias.com.br\/index.php\/wp-json\/wp\/v2\/categories?post=11975"},{"taxonomy":"post_tag","embeddable":true,"href":"https:\/\/jornalfatosenoticias.com.br\/index.php\/wp-json\/wp\/v2\/tags?post=11975"}],"curies":[{"name":"wp","href":"https:\/\/api.w.org\/{rel}","templated":true}]}}