{"id":11978,"date":"2020-12-02T08:13:50","date_gmt":"2020-12-02T11:13:50","guid":{"rendered":"https:\/\/jornalfatosenoticias.com.br\/?p=11978"},"modified":"2020-12-02T08:13:54","modified_gmt":"2020-12-02T11:13:54","slug":"mec-determina-volta-as-aulas-presenciais-a-partir-de-janeiro","status":"publish","type":"post","link":"https:\/\/jornalfatosenoticias.com.br\/index.php\/2020\/12\/02\/mec-determina-volta-as-aulas-presenciais-a-partir-de-janeiro\/","title":{"rendered":"MEC determina volta as aulas presenciais a partir de janeiro"},"content":{"rendered":"\n<h6 class=\"wp-block-heading\"><em>A medida vale para as institui\u00e7\u00f5es federais de ensino superior<\/em><\/h6>\n\n\n\n<p>O Di\u00e1rio Oficial da Uni\u00e3o publica, nesta quarta-feira (2), <a href=\"https:\/\/www.in.gov.br\/web\/dou\/-\/portaria-n-1.030-de-1-de-dezembro-de-2020-291532789\" target=\"_blank\" rel=\"noreferrer noopener\">portaria do Minist\u00e9rio da Educa\u00e7\u00e3o (MEC)<\/a>, determinando que institui\u00e7\u00f5es federais de ensino superior voltem \u00e0s aulas presenciais, a partir de 4 de janeiro de 2021. Para isso, as institui\u00e7\u00f5es devem adotar um &#8220;protocolo de biosseguran\u00e7a&#8221;, definido na\u00a0<a href=\"https:\/\/www.in.gov.br\/en\/web\/dou\/-\/portaria-n-572-de-1-de-julho-de-2020-264670332\" target=\"_blank\" rel=\"noreferrer noopener\">Portaria MEC n\u00ba 572, de 1\u00ba de julho de 2020<\/a>, contra a propaga\u00e7\u00e3o do novo coronav\u00edrus (covid-19).<br>O documento estabelece ainda a ado\u00e7\u00e3o de recursos educacionais digitais, tecnologias de informa\u00e7\u00e3o e comunica\u00e7\u00e3o ou outros meios convencionais, que dever\u00e3o ser \u201cutilizados de forma complementar, em car\u00e1ter excepcional, para integraliza\u00e7\u00e3o da carga hor\u00e1ria das atividades pedag\u00f3gicas\u201d.<br>O texto da portaria diz, tamb\u00e9m, que as \u201cpr\u00e1ticas profissionais de est\u00e1gios ou as que exijam laborat\u00f3rios especializados, a aplica\u00e7\u00e3o da excepcionalidade\u201d, devem obedecer as Diretrizes Nacionais Curriculares aprovadas pelo Conselho Nacional de Educa\u00e7\u00e3o (CNE), \u201cficando vedada a aplica\u00e7\u00e3o da excepcionalidade aos cursos que n\u00e3o estejam disciplinados pelo CNE\u201d.<br>O documento estabelece, que, especificamente, para o curso de medicina, &#8220;fica autorizada a excepcionalidade apenas \u00e0s disciplinas te\u00f3rico-cognitivas do primeiro ao quarto ano do curso, conforme disciplinado pelo CNE&#8221;.<\/p>\n\n\n\n<p><strong><em>Fonte: <a href=\"https:\/\/agenciabrasil.ebc.com.br\/educacao\/noticia\/2020-12\/mec-determina-volta-aulas-presenciais-partir-de-4-de-janeiro\">Ag\u00eancia Brasil<\/a><\/em><\/strong><\/p>\n","protected":false},"excerpt":{"rendered":"<p>A medida vale para as institui\u00e7\u00f5es federais de ensino superior O Di\u00e1rio Oficial da Uni\u00e3o publica, nesta quarta-feira (2), portaria do Minist\u00e9rio da Educa\u00e7\u00e3o (MEC), determinando que institui\u00e7\u00f5es federais de ensino superior voltem \u00e0s aulas presenciais, a partir de 4 de janeiro de 2021. Para isso, as institui\u00e7\u00f5es devem adotar um &#8220;protocolo de biosseguran\u00e7a&#8221;, definido [&hellip;]<\/p>\n","protected":false},"author":2,"featured_media":11979,"comment_status":"open","ping_status":"open","sticky":false,"template":"","format":"standard","meta":{"footnotes":""},"categories":[7],"tags":[4218,283,6292],"class_list":["post-11978","post","type-post","status-publish","format-standard","has-post-thumbnail","hentry","category-educacao","tag-aulas-presenciais","tag-mec","tag-novo-coronavirus"],"yoast_head":"<!-- This site is optimized with the Yoast SEO plugin v26.5 - https:\/\/yoast.com\/wordpress\/plugins\/seo\/ -->\n<title>MEC determina volta as aulas presenciais a partir de janeiro - Jornal Fatos e Not\u00edcias<\/title>\n<meta name=\"robots\" content=\"index, follow, max-snippet:-1, max-image-preview:large, max-video-preview:-1\" \/>\n<link rel=\"canonical\" href=\"https:\/\/jornalfatosenoticias.com.br\/index.php\/2020\/12\/02\/mec-determina-volta-as-aulas-presenciais-a-partir-de-janeiro\/\" \/>\n<meta property=\"og:locale\" content=\"pt_BR\" \/>\n<meta property=\"og:type\" content=\"article\" \/>\n<meta property=\"og:title\" content=\"MEC determina volta as aulas presenciais a partir de janeiro - Jornal Fatos e Not\u00edcias\" \/>\n<meta property=\"og:description\" content=\"A medida vale para as institui\u00e7\u00f5es federais de ensino superior O Di\u00e1rio Oficial da Uni\u00e3o publica, nesta quarta-feira (2), portaria do Minist\u00e9rio da Educa\u00e7\u00e3o (MEC), determinando que institui\u00e7\u00f5es federais de ensino superior voltem \u00e0s aulas presenciais, a partir de 4 de janeiro de 2021. Para isso, as institui\u00e7\u00f5es devem adotar um &#8220;protocolo de biosseguran\u00e7a&#8221;, definido [&hellip;]\" \/>\n<meta property=\"og:url\" content=\"https:\/\/jornalfatosenoticias.com.br\/index.php\/2020\/12\/02\/mec-determina-volta-as-aulas-presenciais-a-partir-de-janeiro\/\" \/>\n<meta property=\"og:site_name\" content=\"Jornal Fatos e Not\u00edcias\" \/>\n<meta property=\"article:published_time\" content=\"2020-12-02T11:13:50+00:00\" \/>\n<meta property=\"article:modified_time\" content=\"2020-12-02T11:13:54+00:00\" \/>\n<meta property=\"og:image\" content=\"https:\/\/jornalfatosenoticias.com.br\/wp-content\/uploads\/2020\/12\/ministerio_educacao.jpg\" \/>\n\t<meta property=\"og:image:width\" content=\"1000\" \/>\n\t<meta property=\"og:image:height\" content=\"598\" \/>\n\t<meta property=\"og:image:type\" content=\"image\/jpeg\" \/>\n<meta name=\"author\" content=\"Luzimara Fernandes\" \/>\n<meta name=\"twitter:card\" content=\"summary_large_image\" \/>\n<meta name=\"twitter:label1\" content=\"Escrito por\" \/>\n\t<meta name=\"twitter:data1\" content=\"Luzimara Fernandes\" \/>\n\t<meta name=\"twitter:label2\" content=\"Est. tempo de leitura\" \/>\n\t<meta name=\"twitter:data2\" content=\"1 minuto\" \/>\n<script type=\"application\/ld+json\" class=\"yoast-schema-graph\">{\"@context\":\"https:\/\/schema.org\",\"@graph\":[{\"@type\":\"Article\",\"@id\":\"https:\/\/jornalfatosenoticias.com.br\/index.php\/2020\/12\/02\/mec-determina-volta-as-aulas-presenciais-a-partir-de-janeiro\/#article\",\"isPartOf\":{\"@id\":\"https:\/\/jornalfatosenoticias.com.br\/index.php\/2020\/12\/02\/mec-determina-volta-as-aulas-presenciais-a-partir-de-janeiro\/\"},\"author\":{\"name\":\"Luzimara Fernandes\",\"@id\":\"https:\/\/jornalfatosenoticias.com.br\/#\/schema\/person\/d63837fa13ac8666eb9e74e0985d6f81\"},\"headline\":\"MEC determina volta as aulas presenciais a partir de janeiro\",\"datePublished\":\"2020-12-02T11:13:50+00:00\",\"dateModified\":\"2020-12-02T11:13:54+00:00\",\"mainEntityOfPage\":{\"@id\":\"https:\/\/jornalfatosenoticias.com.br\/index.php\/2020\/12\/02\/mec-determina-volta-as-aulas-presenciais-a-partir-de-janeiro\/\"},\"wordCount\":223,\"commentCount\":0,\"publisher\":{\"@id\":\"https:\/\/jornalfatosenoticias.com.br\/#organization\"},\"image\":{\"@id\":\"https:\/\/jornalfatosenoticias.com.br\/index.php\/2020\/12\/02\/mec-determina-volta-as-aulas-presenciais-a-partir-de-janeiro\/#primaryimage\"},\"thumbnailUrl\":\"https:\/\/jornalfatosenoticias.com.br\/wp-content\/uploads\/2020\/12\/ministerio_educacao.jpg\",\"keywords\":[\"aulas presenciais\",\"MEC\",\"novo coronav\u00edrus\"],\"articleSection\":[\"Educa\u00e7\u00e3o\"],\"inLanguage\":\"pt-BR\",\"potentialAction\":[{\"@type\":\"CommentAction\",\"name\":\"Comment\",\"target\":[\"https:\/\/jornalfatosenoticias.com.br\/index.php\/2020\/12\/02\/mec-determina-volta-as-aulas-presenciais-a-partir-de-janeiro\/#respond\"]}]},{\"@type\":\"WebPage\",\"@id\":\"https:\/\/jornalfatosenoticias.com.br\/index.php\/2020\/12\/02\/mec-determina-volta-as-aulas-presenciais-a-partir-de-janeiro\/\",\"url\":\"https:\/\/jornalfatosenoticias.com.br\/index.php\/2020\/12\/02\/mec-determina-volta-as-aulas-presenciais-a-partir-de-janeiro\/\",\"name\":\"MEC determina volta as aulas presenciais a partir de janeiro - Jornal Fatos e Not\u00edcias\",\"isPartOf\":{\"@id\":\"https:\/\/jornalfatosenoticias.com.br\/#website\"},\"primaryImageOfPage\":{\"@id\":\"https:\/\/jornalfatosenoticias.com.br\/index.php\/2020\/12\/02\/mec-determina-volta-as-aulas-presenciais-a-partir-de-janeiro\/#primaryimage\"},\"image\":{\"@id\":\"https:\/\/jornalfatosenoticias.com.br\/index.php\/2020\/12\/02\/mec-determina-volta-as-aulas-presenciais-a-partir-de-janeiro\/#primaryimage\"},\"thumbnailUrl\":\"https:\/\/jornalfatosenoticias.com.br\/wp-content\/uploads\/2020\/12\/ministerio_educacao.jpg\",\"datePublished\":\"2020-12-02T11:13:50+00:00\",\"dateModified\":\"2020-12-02T11:13:54+00:00\",\"breadcrumb\":{\"@id\":\"https:\/\/jornalfatosenoticias.com.br\/index.php\/2020\/12\/02\/mec-determina-volta-as-aulas-presenciais-a-partir-de-janeiro\/#breadcrumb\"},\"inLanguage\":\"pt-BR\",\"potentialAction\":[{\"@type\":\"ReadAction\",\"target\":[\"https:\/\/jornalfatosenoticias.com.br\/index.php\/2020\/12\/02\/mec-determina-volta-as-aulas-presenciais-a-partir-de-janeiro\/\"]}]},{\"@type\":\"ImageObject\",\"inLanguage\":\"pt-BR\",\"@id\":\"https:\/\/jornalfatosenoticias.com.br\/index.php\/2020\/12\/02\/mec-determina-volta-as-aulas-presenciais-a-partir-de-janeiro\/#primaryimage\",\"url\":\"https:\/\/jornalfatosenoticias.com.br\/wp-content\/uploads\/2020\/12\/ministerio_educacao.jpg\",\"contentUrl\":\"https:\/\/jornalfatosenoticias.com.br\/wp-content\/uploads\/2020\/12\/ministerio_educacao.jpg\",\"width\":1000,\"height\":598,\"caption\":\"Pr\u00e9dio do Minist\u00e9rio da Educa\u00e7\u00e3o\"},{\"@type\":\"BreadcrumbList\",\"@id\":\"https:\/\/jornalfatosenoticias.com.br\/index.php\/2020\/12\/02\/mec-determina-volta-as-aulas-presenciais-a-partir-de-janeiro\/#breadcrumb\",\"itemListElement\":[{\"@type\":\"ListItem\",\"position\":1,\"name\":\"In\u00edcio\",\"item\":\"https:\/\/jornalfatosenoticias.com.br\/\"},{\"@type\":\"ListItem\",\"position\":2,\"name\":\"MEC determina volta as aulas presenciais a partir de janeiro\"}]},{\"@type\":\"WebSite\",\"@id\":\"https:\/\/jornalfatosenoticias.com.br\/#website\",\"url\":\"https:\/\/jornalfatosenoticias.com.br\/\",\"name\":\"Jornal Fatos e Not\u00edcias\",\"description\":\"Not\u00edcias em geral\",\"publisher\":{\"@id\":\"https:\/\/jornalfatosenoticias.com.br\/#organization\"},\"potentialAction\":[{\"@type\":\"SearchAction\",\"target\":{\"@type\":\"EntryPoint\",\"urlTemplate\":\"https:\/\/jornalfatosenoticias.com.br\/?s={search_term_string}\"},\"query-input\":{\"@type\":\"PropertyValueSpecification\",\"valueRequired\":true,\"valueName\":\"search_term_string\"}}],\"inLanguage\":\"pt-BR\"},{\"@type\":\"Organization\",\"@id\":\"https:\/\/jornalfatosenoticias.com.br\/#organization\",\"name\":\"Jornal Fatos e Not\u00edcias\",\"url\":\"https:\/\/jornalfatosenoticias.com.br\/\",\"logo\":{\"@type\":\"ImageObject\",\"inLanguage\":\"pt-BR\",\"@id\":\"https:\/\/jornalfatosenoticias.com.br\/#\/schema\/logo\/image\/\",\"url\":\"https:\/\/jornalfatosenoticias.com.br\/wp-content\/uploads\/2020\/02\/logo120.png\",\"contentUrl\":\"https:\/\/jornalfatosenoticias.com.br\/wp-content\/uploads\/2020\/02\/logo120.png\",\"width\":1227,\"height\":120,\"caption\":\"Jornal Fatos e Not\u00edcias\"},\"image\":{\"@id\":\"https:\/\/jornalfatosenoticias.com.br\/#\/schema\/logo\/image\/\"}},{\"@type\":\"Person\",\"@id\":\"https:\/\/jornalfatosenoticias.com.br\/#\/schema\/person\/d63837fa13ac8666eb9e74e0985d6f81\",\"name\":\"Luzimara Fernandes\",\"image\":{\"@type\":\"ImageObject\",\"inLanguage\":\"pt-BR\",\"@id\":\"https:\/\/jornalfatosenoticias.com.br\/#\/schema\/person\/image\/\",\"url\":\"https:\/\/jornalfatosenoticias.com.br\/wp-content\/uploads\/2025\/05\/EU_portal.jpg\",\"contentUrl\":\"https:\/\/jornalfatosenoticias.com.br\/wp-content\/uploads\/2025\/05\/EU_portal.jpg\",\"caption\":\"Luzimara Fernandes\"},\"description\":\"Jornalista MTB 2358-ES\",\"sameAs\":[\"https:\/\/jornalfatosenoticias.com.br\"],\"url\":\"https:\/\/jornalfatosenoticias.com.br\/index.php\/author\/luzimara\/\"}]}<\/script>\n<!-- \/ Yoast SEO plugin. -->","yoast_head_json":{"title":"MEC determina volta as aulas presenciais a partir de janeiro - Jornal Fatos e Not\u00edcias","robots":{"index":"index","follow":"follow","max-snippet":"max-snippet:-1","max-image-preview":"max-image-preview:large","max-video-preview":"max-video-preview:-1"},"canonical":"https:\/\/jornalfatosenoticias.com.br\/index.php\/2020\/12\/02\/mec-determina-volta-as-aulas-presenciais-a-partir-de-janeiro\/","og_locale":"pt_BR","og_type":"article","og_title":"MEC determina volta as aulas presenciais a partir de janeiro - Jornal Fatos e Not\u00edcias","og_description":"A medida vale para as institui\u00e7\u00f5es federais de ensino superior O Di\u00e1rio Oficial da Uni\u00e3o publica, nesta quarta-feira (2), portaria do Minist\u00e9rio da Educa\u00e7\u00e3o (MEC), determinando que institui\u00e7\u00f5es federais de ensino superior voltem \u00e0s aulas presenciais, a partir de 4 de janeiro de 2021. Para isso, as institui\u00e7\u00f5es devem adotar um &#8220;protocolo de biosseguran\u00e7a&#8221;, definido [&hellip;]","og_url":"https:\/\/jornalfatosenoticias.com.br\/index.php\/2020\/12\/02\/mec-determina-volta-as-aulas-presenciais-a-partir-de-janeiro\/","og_site_name":"Jornal Fatos e Not\u00edcias","article_published_time":"2020-12-02T11:13:50+00:00","article_modified_time":"2020-12-02T11:13:54+00:00","og_image":[{"width":1000,"height":598,"url":"https:\/\/jornalfatosenoticias.com.br\/wp-content\/uploads\/2020\/12\/ministerio_educacao.jpg","type":"image\/jpeg"}],"author":"Luzimara Fernandes","twitter_card":"summary_large_image","twitter_misc":{"Escrito por":"Luzimara Fernandes","Est. tempo de leitura":"1 minuto"},"schema":{"@context":"https:\/\/schema.org","@graph":[{"@type":"Article","@id":"https:\/\/jornalfatosenoticias.com.br\/index.php\/2020\/12\/02\/mec-determina-volta-as-aulas-presenciais-a-partir-de-janeiro\/#article","isPartOf":{"@id":"https:\/\/jornalfatosenoticias.com.br\/index.php\/2020\/12\/02\/mec-determina-volta-as-aulas-presenciais-a-partir-de-janeiro\/"},"author":{"name":"Luzimara Fernandes","@id":"https:\/\/jornalfatosenoticias.com.br\/#\/schema\/person\/d63837fa13ac8666eb9e74e0985d6f81"},"headline":"MEC determina volta as aulas presenciais a partir de janeiro","datePublished":"2020-12-02T11:13:50+00:00","dateModified":"2020-12-02T11:13:54+00:00","mainEntityOfPage":{"@id":"https:\/\/jornalfatosenoticias.com.br\/index.php\/2020\/12\/02\/mec-determina-volta-as-aulas-presenciais-a-partir-de-janeiro\/"},"wordCount":223,"commentCount":0,"publisher":{"@id":"https:\/\/jornalfatosenoticias.com.br\/#organization"},"image":{"@id":"https:\/\/jornalfatosenoticias.com.br\/index.php\/2020\/12\/02\/mec-determina-volta-as-aulas-presenciais-a-partir-de-janeiro\/#primaryimage"},"thumbnailUrl":"https:\/\/jornalfatosenoticias.com.br\/wp-content\/uploads\/2020\/12\/ministerio_educacao.jpg","keywords":["aulas presenciais","MEC","novo coronav\u00edrus"],"articleSection":["Educa\u00e7\u00e3o"],"inLanguage":"pt-BR","potentialAction":[{"@type":"CommentAction","name":"Comment","target":["https:\/\/jornalfatosenoticias.com.br\/index.php\/2020\/12\/02\/mec-determina-volta-as-aulas-presenciais-a-partir-de-janeiro\/#respond"]}]},{"@type":"WebPage","@id":"https:\/\/jornalfatosenoticias.com.br\/index.php\/2020\/12\/02\/mec-determina-volta-as-aulas-presenciais-a-partir-de-janeiro\/","url":"https:\/\/jornalfatosenoticias.com.br\/index.php\/2020\/12\/02\/mec-determina-volta-as-aulas-presenciais-a-partir-de-janeiro\/","name":"MEC determina volta as aulas presenciais a partir de janeiro - Jornal Fatos e Not\u00edcias","isPartOf":{"@id":"https:\/\/jornalfatosenoticias.com.br\/#website"},"primaryImageOfPage":{"@id":"https:\/\/jornalfatosenoticias.com.br\/index.php\/2020\/12\/02\/mec-determina-volta-as-aulas-presenciais-a-partir-de-janeiro\/#primaryimage"},"image":{"@id":"https:\/\/jornalfatosenoticias.com.br\/index.php\/2020\/12\/02\/mec-determina-volta-as-aulas-presenciais-a-partir-de-janeiro\/#primaryimage"},"thumbnailUrl":"https:\/\/jornalfatosenoticias.com.br\/wp-content\/uploads\/2020\/12\/ministerio_educacao.jpg","datePublished":"2020-12-02T11:13:50+00:00","dateModified":"2020-12-02T11:13:54+00:00","breadcrumb":{"@id":"https:\/\/jornalfatosenoticias.com.br\/index.php\/2020\/12\/02\/mec-determina-volta-as-aulas-presenciais-a-partir-de-janeiro\/#breadcrumb"},"inLanguage":"pt-BR","potentialAction":[{"@type":"ReadAction","target":["https:\/\/jornalfatosenoticias.com.br\/index.php\/2020\/12\/02\/mec-determina-volta-as-aulas-presenciais-a-partir-de-janeiro\/"]}]},{"@type":"ImageObject","inLanguage":"pt-BR","@id":"https:\/\/jornalfatosenoticias.com.br\/index.php\/2020\/12\/02\/mec-determina-volta-as-aulas-presenciais-a-partir-de-janeiro\/#primaryimage","url":"https:\/\/jornalfatosenoticias.com.br\/wp-content\/uploads\/2020\/12\/ministerio_educacao.jpg","contentUrl":"https:\/\/jornalfatosenoticias.com.br\/wp-content\/uploads\/2020\/12\/ministerio_educacao.jpg","width":1000,"height":598,"caption":"Pr\u00e9dio do Minist\u00e9rio da Educa\u00e7\u00e3o"},{"@type":"BreadcrumbList","@id":"https:\/\/jornalfatosenoticias.com.br\/index.php\/2020\/12\/02\/mec-determina-volta-as-aulas-presenciais-a-partir-de-janeiro\/#breadcrumb","itemListElement":[{"@type":"ListItem","position":1,"name":"In\u00edcio","item":"https:\/\/jornalfatosenoticias.com.br\/"},{"@type":"ListItem","position":2,"name":"MEC determina volta as aulas presenciais a partir de janeiro"}]},{"@type":"WebSite","@id":"https:\/\/jornalfatosenoticias.com.br\/#website","url":"https:\/\/jornalfatosenoticias.com.br\/","name":"Jornal Fatos e Not\u00edcias","description":"Not\u00edcias em geral","publisher":{"@id":"https:\/\/jornalfatosenoticias.com.br\/#organization"},"potentialAction":[{"@type":"SearchAction","target":{"@type":"EntryPoint","urlTemplate":"https:\/\/jornalfatosenoticias.com.br\/?s={search_term_string}"},"query-input":{"@type":"PropertyValueSpecification","valueRequired":true,"valueName":"search_term_string"}}],"inLanguage":"pt-BR"},{"@type":"Organization","@id":"https:\/\/jornalfatosenoticias.com.br\/#organization","name":"Jornal Fatos e Not\u00edcias","url":"https:\/\/jornalfatosenoticias.com.br\/","logo":{"@type":"ImageObject","inLanguage":"pt-BR","@id":"https:\/\/jornalfatosenoticias.com.br\/#\/schema\/logo\/image\/","url":"https:\/\/jornalfatosenoticias.com.br\/wp-content\/uploads\/2020\/02\/logo120.png","contentUrl":"https:\/\/jornalfatosenoticias.com.br\/wp-content\/uploads\/2020\/02\/logo120.png","width":1227,"height":120,"caption":"Jornal Fatos e Not\u00edcias"},"image":{"@id":"https:\/\/jornalfatosenoticias.com.br\/#\/schema\/logo\/image\/"}},{"@type":"Person","@id":"https:\/\/jornalfatosenoticias.com.br\/#\/schema\/person\/d63837fa13ac8666eb9e74e0985d6f81","name":"Luzimara Fernandes","image":{"@type":"ImageObject","inLanguage":"pt-BR","@id":"https:\/\/jornalfatosenoticias.com.br\/#\/schema\/person\/image\/","url":"https:\/\/jornalfatosenoticias.com.br\/wp-content\/uploads\/2025\/05\/EU_portal.jpg","contentUrl":"https:\/\/jornalfatosenoticias.com.br\/wp-content\/uploads\/2025\/05\/EU_portal.jpg","caption":"Luzimara Fernandes"},"description":"Jornalista MTB 2358-ES","sameAs":["https:\/\/jornalfatosenoticias.com.br"],"url":"https:\/\/jornalfatosenoticias.com.br\/index.php\/author\/luzimara\/"}]}},"cc_featured_image_caption":{"caption_text":"(Marcelo Camargo\/Ag\u00eancia Brasil)","source_text":"","source_url":""},"jetpack_featured_media_url":"https:\/\/jornalfatosenoticias.com.br\/wp-content\/uploads\/2020\/12\/ministerio_educacao.jpg","_links":{"self":[{"href":"https:\/\/jornalfatosenoticias.com.br\/index.php\/wp-json\/wp\/v2\/posts\/11978","targetHints":{"allow":["GET"]}}],"collection":[{"href":"https:\/\/jornalfatosenoticias.com.br\/index.php\/wp-json\/wp\/v2\/posts"}],"about":[{"href":"https:\/\/jornalfatosenoticias.com.br\/index.php\/wp-json\/wp\/v2\/types\/post"}],"author":[{"embeddable":true,"href":"https:\/\/jornalfatosenoticias.com.br\/index.php\/wp-json\/wp\/v2\/users\/2"}],"replies":[{"embeddable":true,"href":"https:\/\/jornalfatosenoticias.com.br\/index.php\/wp-json\/wp\/v2\/comments?post=11978"}],"version-history":[{"count":0,"href":"https:\/\/jornalfatosenoticias.com.br\/index.php\/wp-json\/wp\/v2\/posts\/11978\/revisions"}],"wp:featuredmedia":[{"embeddable":true,"href":"https:\/\/jornalfatosenoticias.com.br\/index.php\/wp-json\/wp\/v2\/media\/11979"}],"wp:attachment":[{"href":"https:\/\/jornalfatosenoticias.com.br\/index.php\/wp-json\/wp\/v2\/media?parent=11978"}],"wp:term":[{"taxonomy":"category","embeddable":true,"href":"https:\/\/jornalfatosenoticias.com.br\/index.php\/wp-json\/wp\/v2\/categories?post=11978"},{"taxonomy":"post_tag","embeddable":true,"href":"https:\/\/jornalfatosenoticias.com.br\/index.php\/wp-json\/wp\/v2\/tags?post=11978"}],"curies":[{"name":"wp","href":"https:\/\/api.w.org\/{rel}","templated":true}]}}