{"id":11981,"date":"2020-12-02T08:23:33","date_gmt":"2020-12-02T11:23:33","guid":{"rendered":"https:\/\/jornalfatosenoticias.com.br\/?p=11981"},"modified":"2020-12-02T08:23:38","modified_gmt":"2020-12-02T11:23:38","slug":"reino-unido-comeca-a-vacinar-populacao-contra-a-covid-na-proxima-semana","status":"publish","type":"post","link":"https:\/\/jornalfatosenoticias.com.br\/index.php\/2020\/12\/02\/reino-unido-comeca-a-vacinar-populacao-contra-a-covid-na-proxima-semana\/","title":{"rendered":"Reino Unido come\u00e7a a vacinar popula\u00e7\u00e3o contra a covid na pr\u00f3xima semana"},"content":{"rendered":"\n<h6 class=\"wp-block-heading\"><em>Ag\u00eancia reguladora concedeu licen\u00e7a \u00e0 vacina Pfizer\/BionTech<\/em><\/h6>\n\n\n\n<p>A Ag\u00eancia Reguladora de Sa\u00fade e Produtos M\u00e9dicos do Reino Unido (MHRA, a sigla em ingl\u00eas) concedeu licen\u00e7a formal \u00e0 vacina contra a covid-19 do grupo Pfizer\/BioNTech. Com isso, o Reino Unido torna-se o primeiro pa\u00eds a come\u00e7ar a vacinar a popula\u00e7\u00e3o contra a doen\u00e7a, o que ocorrer\u00e1 na pr\u00f3xima semana, informou o Minist\u00e9rio da Sa\u00fade brit\u00e2nico em comunicado.<br>O Reino Unido fechou o acordo com a farmac\u00eautica Pfizer para a compra de 40 milh\u00f5es de doses.<br>O primeiro-ministro brit\u00e2nico, Boris Johnson, classificou como &#8220;fant\u00e1stica&#8221; a aprova\u00e7\u00e3o do uso da vacina, salientando que ela vai ajudar as pessoas a recuperar sua vida.<\/p>\n\n\n\n<blockquote class=\"wp-block-quote is-layout-flow wp-block-quote-is-layout-flow\"><p>&#8220;\u00c9 fant\u00e1stico que a MHRA [sigla inglesa da Ag\u00eancia Reguladora de Sa\u00fade e Produtos M\u00e9dicos] do Reino Unido tenha licenciado formalmente a vacina do grupo Pfizer\/BioNTech contra covid-19. A vacina estar\u00e1 dispon\u00edvel em todo o Reino Unido a partir da pr\u00f3xima semana&#8221;, disse Johnson no Twitter.<\/p><\/blockquote>\n\n\n\n<p>&#8220;\u00c9 a prote\u00e7\u00e3o das vacinas que, no final, nos permitir\u00e1 recuperar a vida e reiniciar a economia&#8221;, acrescentou Johnson, que conceder\u00e1 hoje entrevista em sua resid\u00eancia em Downing Street.<br>A luz verde das autoridades do Reino Unido ocorre meses depois de testes cl\u00ednicos rigorosos e extensa an\u00e1lise de dados por especialistas da MHRA. Eles conclu\u00edram que a vacina atendeu aos padr\u00f5es estritos de seguran\u00e7a, qualidade e efic\u00e1cia&#8221;, disse o Minist\u00e9rio da Sa\u00fade brit\u00e2nico. Os resultados dos testes em grande escala mostraram 95% de efic\u00e1cia.<br>A Ag\u00eancia Europeia de Medicamentos (EMA) anunciou nessa ter\u00e7a-feira (1\u00ba) que realizar\u00e1 reuni\u00e3o extraordin\u00e1ria no dia 29 de dezembro, &#8220;o mais tardar&#8221;, para dar, ou n\u00e3o, luz verde \u00e0 comercializa\u00e7\u00e3o da vacina da Pfizer e BioNTech.<br>A Pfizer disse que come\u00e7aria imediatamente a enviar a vacina com estoque limitado para o Reino Unido, que as doses s\u00e3o escassas e inicialmente ser\u00e3o racionadas at\u00e9 que mais vacinas sejam fabricadas nos primeiros meses do pr\u00f3ximo ano.<br>Embora o Reino Unido tenha encomendado a vacina Pfizer suficiente para 20 milh\u00f5es de pessoas, n\u00e3o est\u00e1 claro quantas doses v\u00e3o chegar at\u00e9 o fim deste ano. S\u00e3o necess\u00e1rias duas doses, com intervalo de tr\u00eas semanas, para prote\u00e7\u00e3o.<br>O governo brit\u00e2nico j\u00e1 disse que os primeiros a receber a vacina ser\u00e3o os profissionais de sa\u00fade, seguidos por adultos mais velhos.<\/p>\n\n\n\n<h4 class=\"wp-block-heading\">Outras vacinas<\/h4>\n\n\n\n<p>Os reguladores brit\u00e2nicos tamb\u00e9m analisam a vacina feita pela AstraZeneca e pela Universidade de Oxford, mas o primeiro-ministro, Boris Johnson, alertou que primeiro o pa\u00eds deve &#8220;navegar por um inverno rigoroso&#8221; de restri\u00e7\u00f5es para tentar conter o v\u00edrus, at\u00e9 que haja vacina suficiente para todos.<br>Em 9 de novembro, a farmac\u00eautica norte-americana Pfizer e a parceira biotecnol\u00f3gica alem\u00e3 BioNTech anunciaram que a sua vacina experimental para a covid-19 tinha 90% de efic\u00e1cia, partindo da an\u00e1lise de 94 casos da doen\u00e7a.<br>Mais recentemente, a empresa de biotecnologia norte-americana Moderna informou que sua candidata a vacina \u00e9 94,5% eficaz na preven\u00e7\u00e3o da covid-19, tendo em conta a an\u00e1lise de 95 casos.<br>A R\u00fassia tamb\u00e9m anunciou que a Sputnik V contra a covid-19, desenvolvida pelo Centro Nacional de Epidemiologia e Microbiologia Gamaleya em Moscou, tem efic\u00e1cia de 95%, segundo resultados preliminares.<br>O primeiro lote de Sputnik V para o mercado externo chegar\u00e1 \u00e0s pessoas em janeiro de 2021, com base nos acordos j\u00e1 firmados com parceiros estrangeiros.<br>O laborat\u00f3rio AstraZeneca e a Universidade de Oxford anunciaram tamb\u00e9m que sua vacina tem taxa m\u00e9dia de efic\u00e1cia de 70%.<\/p>\n\n\n\n<p><em><strong>Foto: <\/strong>Reuters\/Dado Ruvic\/Direitos Reservados<\/em><\/p>\n\n\n\n<p><strong><em>Fonte: <a href=\"https:\/\/agenciabrasil.ebc.com.br\/internacional\/noticia\/2020-12\/covid-19-reino-unido-comeca-vacinar-populacao-na-proxima-semana\">Ag\u00eancia Brasil<\/a><\/em><\/strong><\/p>\n","protected":false},"excerpt":{"rendered":"<p>Ag\u00eancia reguladora concedeu licen\u00e7a \u00e0 vacina Pfizer\/BionTech A Ag\u00eancia Reguladora de Sa\u00fade e Produtos M\u00e9dicos do Reino Unido (MHRA, a sigla em ingl\u00eas) concedeu licen\u00e7a formal \u00e0 vacina contra a covid-19 do grupo Pfizer\/BioNTech. Com isso, o Reino Unido torna-se o primeiro pa\u00eds a come\u00e7ar a vacinar a popula\u00e7\u00e3o contra a doen\u00e7a, o que ocorrer\u00e1 [&hellip;]<\/p>\n","protected":false},"author":2,"featured_media":11982,"comment_status":"open","ping_status":"open","sticky":false,"template":"","format":"standard","meta":{"footnotes":""},"categories":[41],"tags":[5805,273,2681,5806,2834,847],"class_list":["post-11981","post","type-post","status-publish","format-standard","has-post-thumbnail","hentry","category-internacional","tag-biontech","tag-covid-19","tag-pandemia-covid-19","tag-pfizer","tag-reino-unido","tag-vacinacao"],"yoast_head":"<!-- This site is optimized with the Yoast SEO plugin v26.5 - https:\/\/yoast.com\/wordpress\/plugins\/seo\/ -->\n<title>Reino Unido come\u00e7a a vacinar popula\u00e7\u00e3o contra a covid na pr\u00f3xima semana - Jornal Fatos e Not\u00edcias<\/title>\n<meta name=\"robots\" content=\"index, follow, max-snippet:-1, max-image-preview:large, max-video-preview:-1\" \/>\n<link rel=\"canonical\" href=\"https:\/\/jornalfatosenoticias.com.br\/index.php\/2020\/12\/02\/reino-unido-comeca-a-vacinar-populacao-contra-a-covid-na-proxima-semana\/\" \/>\n<meta property=\"og:locale\" content=\"pt_BR\" \/>\n<meta property=\"og:type\" content=\"article\" \/>\n<meta property=\"og:title\" content=\"Reino Unido come\u00e7a a vacinar popula\u00e7\u00e3o contra a covid na pr\u00f3xima semana - Jornal Fatos e Not\u00edcias\" \/>\n<meta property=\"og:description\" content=\"Ag\u00eancia reguladora concedeu licen\u00e7a \u00e0 vacina Pfizer\/BionTech A Ag\u00eancia Reguladora de Sa\u00fade e Produtos M\u00e9dicos do Reino Unido (MHRA, a sigla em ingl\u00eas) concedeu licen\u00e7a formal \u00e0 vacina contra a covid-19 do grupo Pfizer\/BioNTech. Com isso, o Reino Unido torna-se o primeiro pa\u00eds a come\u00e7ar a vacinar a popula\u00e7\u00e3o contra a doen\u00e7a, o que ocorrer\u00e1 [&hellip;]\" \/>\n<meta property=\"og:url\" content=\"https:\/\/jornalfatosenoticias.com.br\/index.php\/2020\/12\/02\/reino-unido-comeca-a-vacinar-populacao-contra-a-covid-na-proxima-semana\/\" \/>\n<meta property=\"og:site_name\" content=\"Jornal Fatos e Not\u00edcias\" \/>\n<meta property=\"article:published_time\" content=\"2020-12-02T11:23:33+00:00\" \/>\n<meta property=\"article:modified_time\" content=\"2020-12-02T11:23:38+00:00\" \/>\n<meta property=\"og:image\" content=\"https:\/\/jornalfatosenoticias.com.br\/wp-content\/uploads\/2020\/12\/corona-reinounido-vacina-eficacia.jpg\" \/>\n\t<meta property=\"og:image:width\" content=\"1000\" \/>\n\t<meta property=\"og:image:height\" content=\"598\" \/>\n\t<meta property=\"og:image:type\" content=\"image\/jpeg\" \/>\n<meta name=\"author\" content=\"Luzimara Fernandes\" \/>\n<meta name=\"twitter:card\" content=\"summary_large_image\" \/>\n<meta name=\"twitter:label1\" content=\"Escrito por\" \/>\n\t<meta name=\"twitter:data1\" content=\"Luzimara Fernandes\" \/>\n\t<meta name=\"twitter:label2\" content=\"Est. tempo de leitura\" \/>\n\t<meta name=\"twitter:data2\" content=\"3 minutos\" \/>\n<script type=\"application\/ld+json\" class=\"yoast-schema-graph\">{\"@context\":\"https:\/\/schema.org\",\"@graph\":[{\"@type\":\"Article\",\"@id\":\"https:\/\/jornalfatosenoticias.com.br\/index.php\/2020\/12\/02\/reino-unido-comeca-a-vacinar-populacao-contra-a-covid-na-proxima-semana\/#article\",\"isPartOf\":{\"@id\":\"https:\/\/jornalfatosenoticias.com.br\/index.php\/2020\/12\/02\/reino-unido-comeca-a-vacinar-populacao-contra-a-covid-na-proxima-semana\/\"},\"author\":{\"name\":\"Luzimara Fernandes\",\"@id\":\"https:\/\/jornalfatosenoticias.com.br\/#\/schema\/person\/d63837fa13ac8666eb9e74e0985d6f81\"},\"headline\":\"Reino Unido come\u00e7a a vacinar popula\u00e7\u00e3o contra a covid na pr\u00f3xima semana\",\"datePublished\":\"2020-12-02T11:23:33+00:00\",\"dateModified\":\"2020-12-02T11:23:38+00:00\",\"mainEntityOfPage\":{\"@id\":\"https:\/\/jornalfatosenoticias.com.br\/index.php\/2020\/12\/02\/reino-unido-comeca-a-vacinar-populacao-contra-a-covid-na-proxima-semana\/\"},\"wordCount\":645,\"commentCount\":0,\"publisher\":{\"@id\":\"https:\/\/jornalfatosenoticias.com.br\/#organization\"},\"image\":{\"@id\":\"https:\/\/jornalfatosenoticias.com.br\/index.php\/2020\/12\/02\/reino-unido-comeca-a-vacinar-populacao-contra-a-covid-na-proxima-semana\/#primaryimage\"},\"thumbnailUrl\":\"https:\/\/jornalfatosenoticias.com.br\/wp-content\/uploads\/2020\/12\/corona-reinounido-vacina-eficacia.jpg\",\"keywords\":[\"BioNtech\",\"covid-19\",\"pandemia covid-19\",\"Pfizer\",\"Reino Unido\",\"vacina\u00e7\u00e3o\"],\"articleSection\":[\"Internacional\"],\"inLanguage\":\"pt-BR\",\"potentialAction\":[{\"@type\":\"CommentAction\",\"name\":\"Comment\",\"target\":[\"https:\/\/jornalfatosenoticias.com.br\/index.php\/2020\/12\/02\/reino-unido-comeca-a-vacinar-populacao-contra-a-covid-na-proxima-semana\/#respond\"]}]},{\"@type\":\"WebPage\",\"@id\":\"https:\/\/jornalfatosenoticias.com.br\/index.php\/2020\/12\/02\/reino-unido-comeca-a-vacinar-populacao-contra-a-covid-na-proxima-semana\/\",\"url\":\"https:\/\/jornalfatosenoticias.com.br\/index.php\/2020\/12\/02\/reino-unido-comeca-a-vacinar-populacao-contra-a-covid-na-proxima-semana\/\",\"name\":\"Reino Unido come\u00e7a a vacinar popula\u00e7\u00e3o contra a covid na pr\u00f3xima semana - Jornal Fatos e Not\u00edcias\",\"isPartOf\":{\"@id\":\"https:\/\/jornalfatosenoticias.com.br\/#website\"},\"primaryImageOfPage\":{\"@id\":\"https:\/\/jornalfatosenoticias.com.br\/index.php\/2020\/12\/02\/reino-unido-comeca-a-vacinar-populacao-contra-a-covid-na-proxima-semana\/#primaryimage\"},\"image\":{\"@id\":\"https:\/\/jornalfatosenoticias.com.br\/index.php\/2020\/12\/02\/reino-unido-comeca-a-vacinar-populacao-contra-a-covid-na-proxima-semana\/#primaryimage\"},\"thumbnailUrl\":\"https:\/\/jornalfatosenoticias.com.br\/wp-content\/uploads\/2020\/12\/corona-reinounido-vacina-eficacia.jpg\",\"datePublished\":\"2020-12-02T11:23:33+00:00\",\"dateModified\":\"2020-12-02T11:23:38+00:00\",\"breadcrumb\":{\"@id\":\"https:\/\/jornalfatosenoticias.com.br\/index.php\/2020\/12\/02\/reino-unido-comeca-a-vacinar-populacao-contra-a-covid-na-proxima-semana\/#breadcrumb\"},\"inLanguage\":\"pt-BR\",\"potentialAction\":[{\"@type\":\"ReadAction\",\"target\":[\"https:\/\/jornalfatosenoticias.com.br\/index.php\/2020\/12\/02\/reino-unido-comeca-a-vacinar-populacao-contra-a-covid-na-proxima-semana\/\"]}]},{\"@type\":\"ImageObject\",\"inLanguage\":\"pt-BR\",\"@id\":\"https:\/\/jornalfatosenoticias.com.br\/index.php\/2020\/12\/02\/reino-unido-comeca-a-vacinar-populacao-contra-a-covid-na-proxima-semana\/#primaryimage\",\"url\":\"https:\/\/jornalfatosenoticias.com.br\/wp-content\/uploads\/2020\/12\/corona-reinounido-vacina-eficacia.jpg\",\"contentUrl\":\"https:\/\/jornalfatosenoticias.com.br\/wp-content\/uploads\/2020\/12\/corona-reinounido-vacina-eficacia.jpg\",\"width\":1000,\"height\":598,\"caption\":\"Mulher segura frasco rotulado como de vacina para Covid-19 em foto de ilustra\u00e7\u00e3o 10\/04\/2020 REUTERS\/Dado Ruvic\"},{\"@type\":\"BreadcrumbList\",\"@id\":\"https:\/\/jornalfatosenoticias.com.br\/index.php\/2020\/12\/02\/reino-unido-comeca-a-vacinar-populacao-contra-a-covid-na-proxima-semana\/#breadcrumb\",\"itemListElement\":[{\"@type\":\"ListItem\",\"position\":1,\"name\":\"In\u00edcio\",\"item\":\"https:\/\/jornalfatosenoticias.com.br\/\"},{\"@type\":\"ListItem\",\"position\":2,\"name\":\"Reino Unido come\u00e7a a vacinar popula\u00e7\u00e3o contra a covid na pr\u00f3xima semana\"}]},{\"@type\":\"WebSite\",\"@id\":\"https:\/\/jornalfatosenoticias.com.br\/#website\",\"url\":\"https:\/\/jornalfatosenoticias.com.br\/\",\"name\":\"Jornal Fatos e Not\u00edcias\",\"description\":\"Not\u00edcias em geral\",\"publisher\":{\"@id\":\"https:\/\/jornalfatosenoticias.com.br\/#organization\"},\"potentialAction\":[{\"@type\":\"SearchAction\",\"target\":{\"@type\":\"EntryPoint\",\"urlTemplate\":\"https:\/\/jornalfatosenoticias.com.br\/?s={search_term_string}\"},\"query-input\":{\"@type\":\"PropertyValueSpecification\",\"valueRequired\":true,\"valueName\":\"search_term_string\"}}],\"inLanguage\":\"pt-BR\"},{\"@type\":\"Organization\",\"@id\":\"https:\/\/jornalfatosenoticias.com.br\/#organization\",\"name\":\"Jornal Fatos e Not\u00edcias\",\"url\":\"https:\/\/jornalfatosenoticias.com.br\/\",\"logo\":{\"@type\":\"ImageObject\",\"inLanguage\":\"pt-BR\",\"@id\":\"https:\/\/jornalfatosenoticias.com.br\/#\/schema\/logo\/image\/\",\"url\":\"https:\/\/jornalfatosenoticias.com.br\/wp-content\/uploads\/2020\/02\/logo120.png\",\"contentUrl\":\"https:\/\/jornalfatosenoticias.com.br\/wp-content\/uploads\/2020\/02\/logo120.png\",\"width\":1227,\"height\":120,\"caption\":\"Jornal Fatos e Not\u00edcias\"},\"image\":{\"@id\":\"https:\/\/jornalfatosenoticias.com.br\/#\/schema\/logo\/image\/\"}},{\"@type\":\"Person\",\"@id\":\"https:\/\/jornalfatosenoticias.com.br\/#\/schema\/person\/d63837fa13ac8666eb9e74e0985d6f81\",\"name\":\"Luzimara Fernandes\",\"image\":{\"@type\":\"ImageObject\",\"inLanguage\":\"pt-BR\",\"@id\":\"https:\/\/jornalfatosenoticias.com.br\/#\/schema\/person\/image\/\",\"url\":\"https:\/\/jornalfatosenoticias.com.br\/wp-content\/uploads\/2025\/05\/EU_portal.jpg\",\"contentUrl\":\"https:\/\/jornalfatosenoticias.com.br\/wp-content\/uploads\/2025\/05\/EU_portal.jpg\",\"caption\":\"Luzimara Fernandes\"},\"description\":\"Jornalista MTB 2358-ES\",\"sameAs\":[\"https:\/\/jornalfatosenoticias.com.br\"],\"url\":\"https:\/\/jornalfatosenoticias.com.br\/index.php\/author\/luzimara\/\"}]}<\/script>\n<!-- \/ Yoast SEO plugin. -->","yoast_head_json":{"title":"Reino Unido come\u00e7a a vacinar popula\u00e7\u00e3o contra a covid na pr\u00f3xima semana - Jornal Fatos e Not\u00edcias","robots":{"index":"index","follow":"follow","max-snippet":"max-snippet:-1","max-image-preview":"max-image-preview:large","max-video-preview":"max-video-preview:-1"},"canonical":"https:\/\/jornalfatosenoticias.com.br\/index.php\/2020\/12\/02\/reino-unido-comeca-a-vacinar-populacao-contra-a-covid-na-proxima-semana\/","og_locale":"pt_BR","og_type":"article","og_title":"Reino Unido come\u00e7a a vacinar popula\u00e7\u00e3o contra a covid na pr\u00f3xima semana - Jornal Fatos e Not\u00edcias","og_description":"Ag\u00eancia reguladora concedeu licen\u00e7a \u00e0 vacina Pfizer\/BionTech A Ag\u00eancia Reguladora de Sa\u00fade e Produtos M\u00e9dicos do Reino Unido (MHRA, a sigla em ingl\u00eas) concedeu licen\u00e7a formal \u00e0 vacina contra a covid-19 do grupo Pfizer\/BioNTech. Com isso, o Reino Unido torna-se o primeiro pa\u00eds a come\u00e7ar a vacinar a popula\u00e7\u00e3o contra a doen\u00e7a, o que ocorrer\u00e1 [&hellip;]","og_url":"https:\/\/jornalfatosenoticias.com.br\/index.php\/2020\/12\/02\/reino-unido-comeca-a-vacinar-populacao-contra-a-covid-na-proxima-semana\/","og_site_name":"Jornal Fatos e Not\u00edcias","article_published_time":"2020-12-02T11:23:33+00:00","article_modified_time":"2020-12-02T11:23:38+00:00","og_image":[{"width":1000,"height":598,"url":"https:\/\/jornalfatosenoticias.com.br\/wp-content\/uploads\/2020\/12\/corona-reinounido-vacina-eficacia.jpg","type":"image\/jpeg"}],"author":"Luzimara Fernandes","twitter_card":"summary_large_image","twitter_misc":{"Escrito por":"Luzimara Fernandes","Est. tempo de leitura":"3 minutos"},"schema":{"@context":"https:\/\/schema.org","@graph":[{"@type":"Article","@id":"https:\/\/jornalfatosenoticias.com.br\/index.php\/2020\/12\/02\/reino-unido-comeca-a-vacinar-populacao-contra-a-covid-na-proxima-semana\/#article","isPartOf":{"@id":"https:\/\/jornalfatosenoticias.com.br\/index.php\/2020\/12\/02\/reino-unido-comeca-a-vacinar-populacao-contra-a-covid-na-proxima-semana\/"},"author":{"name":"Luzimara Fernandes","@id":"https:\/\/jornalfatosenoticias.com.br\/#\/schema\/person\/d63837fa13ac8666eb9e74e0985d6f81"},"headline":"Reino Unido come\u00e7a a vacinar popula\u00e7\u00e3o contra a covid na pr\u00f3xima semana","datePublished":"2020-12-02T11:23:33+00:00","dateModified":"2020-12-02T11:23:38+00:00","mainEntityOfPage":{"@id":"https:\/\/jornalfatosenoticias.com.br\/index.php\/2020\/12\/02\/reino-unido-comeca-a-vacinar-populacao-contra-a-covid-na-proxima-semana\/"},"wordCount":645,"commentCount":0,"publisher":{"@id":"https:\/\/jornalfatosenoticias.com.br\/#organization"},"image":{"@id":"https:\/\/jornalfatosenoticias.com.br\/index.php\/2020\/12\/02\/reino-unido-comeca-a-vacinar-populacao-contra-a-covid-na-proxima-semana\/#primaryimage"},"thumbnailUrl":"https:\/\/jornalfatosenoticias.com.br\/wp-content\/uploads\/2020\/12\/corona-reinounido-vacina-eficacia.jpg","keywords":["BioNtech","covid-19","pandemia covid-19","Pfizer","Reino Unido","vacina\u00e7\u00e3o"],"articleSection":["Internacional"],"inLanguage":"pt-BR","potentialAction":[{"@type":"CommentAction","name":"Comment","target":["https:\/\/jornalfatosenoticias.com.br\/index.php\/2020\/12\/02\/reino-unido-comeca-a-vacinar-populacao-contra-a-covid-na-proxima-semana\/#respond"]}]},{"@type":"WebPage","@id":"https:\/\/jornalfatosenoticias.com.br\/index.php\/2020\/12\/02\/reino-unido-comeca-a-vacinar-populacao-contra-a-covid-na-proxima-semana\/","url":"https:\/\/jornalfatosenoticias.com.br\/index.php\/2020\/12\/02\/reino-unido-comeca-a-vacinar-populacao-contra-a-covid-na-proxima-semana\/","name":"Reino Unido come\u00e7a a vacinar popula\u00e7\u00e3o contra a covid na pr\u00f3xima semana - Jornal Fatos e Not\u00edcias","isPartOf":{"@id":"https:\/\/jornalfatosenoticias.com.br\/#website"},"primaryImageOfPage":{"@id":"https:\/\/jornalfatosenoticias.com.br\/index.php\/2020\/12\/02\/reino-unido-comeca-a-vacinar-populacao-contra-a-covid-na-proxima-semana\/#primaryimage"},"image":{"@id":"https:\/\/jornalfatosenoticias.com.br\/index.php\/2020\/12\/02\/reino-unido-comeca-a-vacinar-populacao-contra-a-covid-na-proxima-semana\/#primaryimage"},"thumbnailUrl":"https:\/\/jornalfatosenoticias.com.br\/wp-content\/uploads\/2020\/12\/corona-reinounido-vacina-eficacia.jpg","datePublished":"2020-12-02T11:23:33+00:00","dateModified":"2020-12-02T11:23:38+00:00","breadcrumb":{"@id":"https:\/\/jornalfatosenoticias.com.br\/index.php\/2020\/12\/02\/reino-unido-comeca-a-vacinar-populacao-contra-a-covid-na-proxima-semana\/#breadcrumb"},"inLanguage":"pt-BR","potentialAction":[{"@type":"ReadAction","target":["https:\/\/jornalfatosenoticias.com.br\/index.php\/2020\/12\/02\/reino-unido-comeca-a-vacinar-populacao-contra-a-covid-na-proxima-semana\/"]}]},{"@type":"ImageObject","inLanguage":"pt-BR","@id":"https:\/\/jornalfatosenoticias.com.br\/index.php\/2020\/12\/02\/reino-unido-comeca-a-vacinar-populacao-contra-a-covid-na-proxima-semana\/#primaryimage","url":"https:\/\/jornalfatosenoticias.com.br\/wp-content\/uploads\/2020\/12\/corona-reinounido-vacina-eficacia.jpg","contentUrl":"https:\/\/jornalfatosenoticias.com.br\/wp-content\/uploads\/2020\/12\/corona-reinounido-vacina-eficacia.jpg","width":1000,"height":598,"caption":"Mulher segura frasco rotulado como de vacina para Covid-19 em foto de ilustra\u00e7\u00e3o 10\/04\/2020 REUTERS\/Dado Ruvic"},{"@type":"BreadcrumbList","@id":"https:\/\/jornalfatosenoticias.com.br\/index.php\/2020\/12\/02\/reino-unido-comeca-a-vacinar-populacao-contra-a-covid-na-proxima-semana\/#breadcrumb","itemListElement":[{"@type":"ListItem","position":1,"name":"In\u00edcio","item":"https:\/\/jornalfatosenoticias.com.br\/"},{"@type":"ListItem","position":2,"name":"Reino Unido come\u00e7a a vacinar popula\u00e7\u00e3o contra a covid na pr\u00f3xima semana"}]},{"@type":"WebSite","@id":"https:\/\/jornalfatosenoticias.com.br\/#website","url":"https:\/\/jornalfatosenoticias.com.br\/","name":"Jornal Fatos e Not\u00edcias","description":"Not\u00edcias em geral","publisher":{"@id":"https:\/\/jornalfatosenoticias.com.br\/#organization"},"potentialAction":[{"@type":"SearchAction","target":{"@type":"EntryPoint","urlTemplate":"https:\/\/jornalfatosenoticias.com.br\/?s={search_term_string}"},"query-input":{"@type":"PropertyValueSpecification","valueRequired":true,"valueName":"search_term_string"}}],"inLanguage":"pt-BR"},{"@type":"Organization","@id":"https:\/\/jornalfatosenoticias.com.br\/#organization","name":"Jornal Fatos e Not\u00edcias","url":"https:\/\/jornalfatosenoticias.com.br\/","logo":{"@type":"ImageObject","inLanguage":"pt-BR","@id":"https:\/\/jornalfatosenoticias.com.br\/#\/schema\/logo\/image\/","url":"https:\/\/jornalfatosenoticias.com.br\/wp-content\/uploads\/2020\/02\/logo120.png","contentUrl":"https:\/\/jornalfatosenoticias.com.br\/wp-content\/uploads\/2020\/02\/logo120.png","width":1227,"height":120,"caption":"Jornal Fatos e Not\u00edcias"},"image":{"@id":"https:\/\/jornalfatosenoticias.com.br\/#\/schema\/logo\/image\/"}},{"@type":"Person","@id":"https:\/\/jornalfatosenoticias.com.br\/#\/schema\/person\/d63837fa13ac8666eb9e74e0985d6f81","name":"Luzimara Fernandes","image":{"@type":"ImageObject","inLanguage":"pt-BR","@id":"https:\/\/jornalfatosenoticias.com.br\/#\/schema\/person\/image\/","url":"https:\/\/jornalfatosenoticias.com.br\/wp-content\/uploads\/2025\/05\/EU_portal.jpg","contentUrl":"https:\/\/jornalfatosenoticias.com.br\/wp-content\/uploads\/2025\/05\/EU_portal.jpg","caption":"Luzimara Fernandes"},"description":"Jornalista MTB 2358-ES","sameAs":["https:\/\/jornalfatosenoticias.com.br"],"url":"https:\/\/jornalfatosenoticias.com.br\/index.php\/author\/luzimara\/"}]}},"cc_featured_image_caption":{"caption_text":"","source_text":"","source_url":""},"jetpack_featured_media_url":"https:\/\/jornalfatosenoticias.com.br\/wp-content\/uploads\/2020\/12\/corona-reinounido-vacina-eficacia.jpg","_links":{"self":[{"href":"https:\/\/jornalfatosenoticias.com.br\/index.php\/wp-json\/wp\/v2\/posts\/11981","targetHints":{"allow":["GET"]}}],"collection":[{"href":"https:\/\/jornalfatosenoticias.com.br\/index.php\/wp-json\/wp\/v2\/posts"}],"about":[{"href":"https:\/\/jornalfatosenoticias.com.br\/index.php\/wp-json\/wp\/v2\/types\/post"}],"author":[{"embeddable":true,"href":"https:\/\/jornalfatosenoticias.com.br\/index.php\/wp-json\/wp\/v2\/users\/2"}],"replies":[{"embeddable":true,"href":"https:\/\/jornalfatosenoticias.com.br\/index.php\/wp-json\/wp\/v2\/comments?post=11981"}],"version-history":[{"count":0,"href":"https:\/\/jornalfatosenoticias.com.br\/index.php\/wp-json\/wp\/v2\/posts\/11981\/revisions"}],"wp:featuredmedia":[{"embeddable":true,"href":"https:\/\/jornalfatosenoticias.com.br\/index.php\/wp-json\/wp\/v2\/media\/11982"}],"wp:attachment":[{"href":"https:\/\/jornalfatosenoticias.com.br\/index.php\/wp-json\/wp\/v2\/media?parent=11981"}],"wp:term":[{"taxonomy":"category","embeddable":true,"href":"https:\/\/jornalfatosenoticias.com.br\/index.php\/wp-json\/wp\/v2\/categories?post=11981"},{"taxonomy":"post_tag","embeddable":true,"href":"https:\/\/jornalfatosenoticias.com.br\/index.php\/wp-json\/wp\/v2\/tags?post=11981"}],"curies":[{"name":"wp","href":"https:\/\/api.w.org\/{rel}","templated":true}]}}