{"id":11990,"date":"2020-12-02T08:51:22","date_gmt":"2020-12-02T11:51:22","guid":{"rendered":"https:\/\/jornalfatosenoticias.com.br\/?p=11990"},"modified":"2020-12-02T08:51:24","modified_gmt":"2020-12-02T11:51:24","slug":"brasil-retoma-producao-de-uranio-na-bahia","status":"publish","type":"post","link":"https:\/\/jornalfatosenoticias.com.br\/index.php\/2020\/12\/02\/brasil-retoma-producao-de-uranio-na-bahia\/","title":{"rendered":"Brasil retoma produ\u00e7\u00e3o de ur\u00e2nio na Bahia"},"content":{"rendered":"\n<h6 class=\"wp-block-heading\"><em>Expectativa \u00e9 de produ\u00e7\u00e3o de 260 toneladas de concentrado por ano<\/em><\/h6>\n\n\n\n<p>O governo federal retomou nesta ter\u00e7a-feira (1\u00ba) a produ\u00e7\u00e3o de ur\u00e2nio na Unidade das Ind\u00fastrias Nucleares do Brasil (INB), em Caetit\u00e9, na Bahia. Na solenidade que marcou a retomada, uma detona\u00e7\u00e3o simbolizou o in\u00edcio da lavra a c\u00e9u aberto em uma nova \u00e1rea, a Mina do Engenho.<br>Na Unidade de Concentra\u00e7\u00e3o de Ur\u00e2nio (URA) s\u00e3o realizadas as duas primeiras atividades do ciclo do combust\u00edvel nuclear: a minera\u00e7\u00e3o e o beneficiamento do min\u00e9rio. O resultado ser\u00e1 o Concentrado de Ur\u00e2nio, tamb\u00e9m conhecido como yellowcake (U3O8).<br>Na solenidade de retomada, o ministro de Minas e Energia, Bento Albuquerque, destacou a import\u00e2ncia da energia nuclear para uma matriz energ\u00e9tica baseada nos princ\u00edpios do desenvolvimento sustent\u00e1vel. Segundo o ministro, an\u00e1lises do Painel Intergovernamental sobre Mudan\u00e7as Clim\u00e1ticas da Organiza\u00e7\u00e3o das Na\u00e7\u00f5es Unidas e da Ag\u00eancia Internacional de Energia indicam significativa participa\u00e7\u00e3o da fonte nuclear pelos pr\u00f3ximos 30 anos para atender \u00e0s demandas de gera\u00e7\u00e3o de energia de base e em larga escala para a transi\u00e7\u00e3o energ\u00e9tica para descarboniza\u00e7\u00e3o da economia.<\/p>\n\n\n\n<p>\u201cEsta retomada \u00e9 a primeira fase para consolidar nossa proposta de tornar o Brasil autossuficiente e um exportador de yellowcake\u201d, afirmou o ministro.<\/p>\n\n\n\n<p>Segundo a INB, em Caetit\u00e9, foram produzidas 3.750 toneladas de concentrado de ur\u00e2nio entre 2000 e 2015, a partir da primeira \u00e1rea lavrada, a Mina Cachoeira. Desde a exaust\u00e3o dos recursos pass\u00edveis de lavra a c\u00e9u aberto no local, as atividades de minera\u00e7\u00e3o estavam paralisadas.<br>O ur\u00e2nio \u00e9 a mat\u00e9ria-prima para fabrica\u00e7\u00e3o do combust\u00edvel que abastece as usinas nucleares de Angra dos Reis. A expectativa \u00e9 que sejam produzidas 260 toneladas de concentrado de ur\u00e2nio por ano, quando a Mina do Engenho atingir a sua capacidade plena, o que deve ocorrer em 2022.<br>Segundo estimativa da INB, a retomada da produ\u00e7\u00e3o tem impacto na gera\u00e7\u00e3o de empregos na regi\u00e3o, com 600 postos diretos e cerca de 1,8 mil indiretos. A expectativa da empresa \u00e9 que haja uma inje\u00e7\u00e3o de R$ 76 milh\u00f5es na economia, com cerca de R$ 30 milh\u00f5es\/ano em recolhimento de impostos estaduais e municipais.<\/p>\n\n\n\n<p><strong><em>Fonte: <a href=\"https:\/\/agenciabrasil.ebc.com.br\/economia\/noticia\/2020-12\/brasil-retoma-da-producao-de-uranio-na-bahia\">Ag\u00eancia Brasil<\/a><\/em><\/strong><\/p>\n","protected":false},"excerpt":{"rendered":"<p>Expectativa \u00e9 de produ\u00e7\u00e3o de 260 toneladas de concentrado por ano O governo federal retomou nesta ter\u00e7a-feira (1\u00ba) a produ\u00e7\u00e3o de ur\u00e2nio na Unidade das Ind\u00fastrias Nucleares do Brasil (INB), em Caetit\u00e9, na Bahia. Na solenidade que marcou a retomada, uma detona\u00e7\u00e3o simbolizou o in\u00edcio da lavra a c\u00e9u aberto em uma nova \u00e1rea, a [&hellip;]<\/p>\n","protected":false},"author":2,"featured_media":11991,"comment_status":"open","ping_status":"open","sticky":false,"template":"","format":"standard","meta":{"footnotes":""},"categories":[9],"tags":[2729,6311,6312,6313,6314,6315,6316],"class_list":["post-11990","post","type-post","status-publish","format-standard","has-post-thumbnail","hentry","category-economia","tag-bahia","tag-caetite","tag-combustivel-nuclear","tag-lavra","tag-mina-do-engenho","tag-uranio","tag-yellowcake"],"yoast_head":"<!-- This site is optimized with the Yoast SEO plugin v26.5 - https:\/\/yoast.com\/wordpress\/plugins\/seo\/ -->\n<title>Brasil retoma produ\u00e7\u00e3o de ur\u00e2nio na Bahia - Jornal Fatos e Not\u00edcias<\/title>\n<meta name=\"robots\" content=\"index, follow, max-snippet:-1, max-image-preview:large, max-video-preview:-1\" \/>\n<link rel=\"canonical\" href=\"https:\/\/jornalfatosenoticias.com.br\/index.php\/2020\/12\/02\/brasil-retoma-producao-de-uranio-na-bahia\/\" \/>\n<meta property=\"og:locale\" content=\"pt_BR\" \/>\n<meta property=\"og:type\" content=\"article\" \/>\n<meta property=\"og:title\" content=\"Brasil retoma produ\u00e7\u00e3o de ur\u00e2nio na Bahia - Jornal Fatos e Not\u00edcias\" \/>\n<meta property=\"og:description\" content=\"Expectativa \u00e9 de produ\u00e7\u00e3o de 260 toneladas de concentrado por ano O governo federal retomou nesta ter\u00e7a-feira (1\u00ba) a produ\u00e7\u00e3o de ur\u00e2nio na Unidade das Ind\u00fastrias Nucleares do Brasil (INB), em Caetit\u00e9, na Bahia. Na solenidade que marcou a retomada, uma detona\u00e7\u00e3o simbolizou o in\u00edcio da lavra a c\u00e9u aberto em uma nova \u00e1rea, a [&hellip;]\" \/>\n<meta property=\"og:url\" content=\"https:\/\/jornalfatosenoticias.com.br\/index.php\/2020\/12\/02\/brasil-retoma-producao-de-uranio-na-bahia\/\" \/>\n<meta property=\"og:site_name\" content=\"Jornal Fatos e Not\u00edcias\" \/>\n<meta property=\"article:published_time\" content=\"2020-12-02T11:51:22+00:00\" \/>\n<meta property=\"article:modified_time\" content=\"2020-12-02T11:51:24+00:00\" \/>\n<meta property=\"og:image\" content=\"https:\/\/jornalfatosenoticias.com.br\/wp-content\/uploads\/2020\/12\/Uranio-Bahia-marcelo-Correia.jpg\" \/>\n\t<meta property=\"og:image:width\" content=\"1000\" \/>\n\t<meta property=\"og:image:height\" content=\"598\" \/>\n\t<meta property=\"og:image:type\" content=\"image\/jpeg\" \/>\n<meta name=\"author\" content=\"Luzimara Fernandes\" \/>\n<meta name=\"twitter:card\" content=\"summary_large_image\" \/>\n<meta name=\"twitter:label1\" content=\"Escrito por\" \/>\n\t<meta name=\"twitter:data1\" content=\"Luzimara Fernandes\" \/>\n\t<meta name=\"twitter:label2\" content=\"Est. tempo de leitura\" \/>\n\t<meta name=\"twitter:data2\" content=\"2 minutos\" \/>\n<script type=\"application\/ld+json\" class=\"yoast-schema-graph\">{\"@context\":\"https:\/\/schema.org\",\"@graph\":[{\"@type\":\"Article\",\"@id\":\"https:\/\/jornalfatosenoticias.com.br\/index.php\/2020\/12\/02\/brasil-retoma-producao-de-uranio-na-bahia\/#article\",\"isPartOf\":{\"@id\":\"https:\/\/jornalfatosenoticias.com.br\/index.php\/2020\/12\/02\/brasil-retoma-producao-de-uranio-na-bahia\/\"},\"author\":{\"name\":\"Luzimara Fernandes\",\"@id\":\"https:\/\/jornalfatosenoticias.com.br\/#\/schema\/person\/d63837fa13ac8666eb9e74e0985d6f81\"},\"headline\":\"Brasil retoma produ\u00e7\u00e3o de ur\u00e2nio na Bahia\",\"datePublished\":\"2020-12-02T11:51:22+00:00\",\"dateModified\":\"2020-12-02T11:51:24+00:00\",\"mainEntityOfPage\":{\"@id\":\"https:\/\/jornalfatosenoticias.com.br\/index.php\/2020\/12\/02\/brasil-retoma-producao-de-uranio-na-bahia\/\"},\"wordCount\":392,\"commentCount\":0,\"publisher\":{\"@id\":\"https:\/\/jornalfatosenoticias.com.br\/#organization\"},\"image\":{\"@id\":\"https:\/\/jornalfatosenoticias.com.br\/index.php\/2020\/12\/02\/brasil-retoma-producao-de-uranio-na-bahia\/#primaryimage\"},\"thumbnailUrl\":\"https:\/\/jornalfatosenoticias.com.br\/wp-content\/uploads\/2020\/12\/Uranio-Bahia-marcelo-Correia.jpg\",\"keywords\":[\"Bahia\",\"Caetit\u00e9\",\"combust\u00edvel nuclear\",\"lavra\",\"Mina do Engenho\",\"ur\u00e2nio\",\"yellowcake\"],\"articleSection\":[\"Economia\"],\"inLanguage\":\"pt-BR\",\"potentialAction\":[{\"@type\":\"CommentAction\",\"name\":\"Comment\",\"target\":[\"https:\/\/jornalfatosenoticias.com.br\/index.php\/2020\/12\/02\/brasil-retoma-producao-de-uranio-na-bahia\/#respond\"]}]},{\"@type\":\"WebPage\",\"@id\":\"https:\/\/jornalfatosenoticias.com.br\/index.php\/2020\/12\/02\/brasil-retoma-producao-de-uranio-na-bahia\/\",\"url\":\"https:\/\/jornalfatosenoticias.com.br\/index.php\/2020\/12\/02\/brasil-retoma-producao-de-uranio-na-bahia\/\",\"name\":\"Brasil retoma produ\u00e7\u00e3o de ur\u00e2nio na Bahia - Jornal Fatos e Not\u00edcias\",\"isPartOf\":{\"@id\":\"https:\/\/jornalfatosenoticias.com.br\/#website\"},\"primaryImageOfPage\":{\"@id\":\"https:\/\/jornalfatosenoticias.com.br\/index.php\/2020\/12\/02\/brasil-retoma-producao-de-uranio-na-bahia\/#primaryimage\"},\"image\":{\"@id\":\"https:\/\/jornalfatosenoticias.com.br\/index.php\/2020\/12\/02\/brasil-retoma-producao-de-uranio-na-bahia\/#primaryimage\"},\"thumbnailUrl\":\"https:\/\/jornalfatosenoticias.com.br\/wp-content\/uploads\/2020\/12\/Uranio-Bahia-marcelo-Correia.jpg\",\"datePublished\":\"2020-12-02T11:51:22+00:00\",\"dateModified\":\"2020-12-02T11:51:24+00:00\",\"breadcrumb\":{\"@id\":\"https:\/\/jornalfatosenoticias.com.br\/index.php\/2020\/12\/02\/brasil-retoma-producao-de-uranio-na-bahia\/#breadcrumb\"},\"inLanguage\":\"pt-BR\",\"potentialAction\":[{\"@type\":\"ReadAction\",\"target\":[\"https:\/\/jornalfatosenoticias.com.br\/index.php\/2020\/12\/02\/brasil-retoma-producao-de-uranio-na-bahia\/\"]}]},{\"@type\":\"ImageObject\",\"inLanguage\":\"pt-BR\",\"@id\":\"https:\/\/jornalfatosenoticias.com.br\/index.php\/2020\/12\/02\/brasil-retoma-producao-de-uranio-na-bahia\/#primaryimage\",\"url\":\"https:\/\/jornalfatosenoticias.com.br\/wp-content\/uploads\/2020\/12\/Uranio-Bahia-marcelo-Correia.jpg\",\"contentUrl\":\"https:\/\/jornalfatosenoticias.com.br\/wp-content\/uploads\/2020\/12\/Uranio-Bahia-marcelo-Correia.jpg\",\"width\":1000,\"height\":598,\"caption\":\"Mineral Ur\u00e3nio INB Caetit\u00e9\"},{\"@type\":\"BreadcrumbList\",\"@id\":\"https:\/\/jornalfatosenoticias.com.br\/index.php\/2020\/12\/02\/brasil-retoma-producao-de-uranio-na-bahia\/#breadcrumb\",\"itemListElement\":[{\"@type\":\"ListItem\",\"position\":1,\"name\":\"In\u00edcio\",\"item\":\"https:\/\/jornalfatosenoticias.com.br\/\"},{\"@type\":\"ListItem\",\"position\":2,\"name\":\"Brasil retoma produ\u00e7\u00e3o de ur\u00e2nio na Bahia\"}]},{\"@type\":\"WebSite\",\"@id\":\"https:\/\/jornalfatosenoticias.com.br\/#website\",\"url\":\"https:\/\/jornalfatosenoticias.com.br\/\",\"name\":\"Jornal Fatos e Not\u00edcias\",\"description\":\"Not\u00edcias em geral\",\"publisher\":{\"@id\":\"https:\/\/jornalfatosenoticias.com.br\/#organization\"},\"potentialAction\":[{\"@type\":\"SearchAction\",\"target\":{\"@type\":\"EntryPoint\",\"urlTemplate\":\"https:\/\/jornalfatosenoticias.com.br\/?s={search_term_string}\"},\"query-input\":{\"@type\":\"PropertyValueSpecification\",\"valueRequired\":true,\"valueName\":\"search_term_string\"}}],\"inLanguage\":\"pt-BR\"},{\"@type\":\"Organization\",\"@id\":\"https:\/\/jornalfatosenoticias.com.br\/#organization\",\"name\":\"Jornal Fatos e Not\u00edcias\",\"url\":\"https:\/\/jornalfatosenoticias.com.br\/\",\"logo\":{\"@type\":\"ImageObject\",\"inLanguage\":\"pt-BR\",\"@id\":\"https:\/\/jornalfatosenoticias.com.br\/#\/schema\/logo\/image\/\",\"url\":\"https:\/\/jornalfatosenoticias.com.br\/wp-content\/uploads\/2020\/02\/logo120.png\",\"contentUrl\":\"https:\/\/jornalfatosenoticias.com.br\/wp-content\/uploads\/2020\/02\/logo120.png\",\"width\":1227,\"height\":120,\"caption\":\"Jornal Fatos e Not\u00edcias\"},\"image\":{\"@id\":\"https:\/\/jornalfatosenoticias.com.br\/#\/schema\/logo\/image\/\"}},{\"@type\":\"Person\",\"@id\":\"https:\/\/jornalfatosenoticias.com.br\/#\/schema\/person\/d63837fa13ac8666eb9e74e0985d6f81\",\"name\":\"Luzimara Fernandes\",\"image\":{\"@type\":\"ImageObject\",\"inLanguage\":\"pt-BR\",\"@id\":\"https:\/\/jornalfatosenoticias.com.br\/#\/schema\/person\/image\/\",\"url\":\"https:\/\/jornalfatosenoticias.com.br\/wp-content\/uploads\/2025\/05\/EU_portal.jpg\",\"contentUrl\":\"https:\/\/jornalfatosenoticias.com.br\/wp-content\/uploads\/2025\/05\/EU_portal.jpg\",\"caption\":\"Luzimara Fernandes\"},\"description\":\"Jornalista MTB 2358-ES\",\"sameAs\":[\"https:\/\/jornalfatosenoticias.com.br\"],\"url\":\"https:\/\/jornalfatosenoticias.com.br\/index.php\/author\/luzimara\/\"}]}<\/script>\n<!-- \/ Yoast SEO plugin. -->","yoast_head_json":{"title":"Brasil retoma produ\u00e7\u00e3o de ur\u00e2nio na Bahia - Jornal Fatos e Not\u00edcias","robots":{"index":"index","follow":"follow","max-snippet":"max-snippet:-1","max-image-preview":"max-image-preview:large","max-video-preview":"max-video-preview:-1"},"canonical":"https:\/\/jornalfatosenoticias.com.br\/index.php\/2020\/12\/02\/brasil-retoma-producao-de-uranio-na-bahia\/","og_locale":"pt_BR","og_type":"article","og_title":"Brasil retoma produ\u00e7\u00e3o de ur\u00e2nio na Bahia - Jornal Fatos e Not\u00edcias","og_description":"Expectativa \u00e9 de produ\u00e7\u00e3o de 260 toneladas de concentrado por ano O governo federal retomou nesta ter\u00e7a-feira (1\u00ba) a produ\u00e7\u00e3o de ur\u00e2nio na Unidade das Ind\u00fastrias Nucleares do Brasil (INB), em Caetit\u00e9, na Bahia. Na solenidade que marcou a retomada, uma detona\u00e7\u00e3o simbolizou o in\u00edcio da lavra a c\u00e9u aberto em uma nova \u00e1rea, a [&hellip;]","og_url":"https:\/\/jornalfatosenoticias.com.br\/index.php\/2020\/12\/02\/brasil-retoma-producao-de-uranio-na-bahia\/","og_site_name":"Jornal Fatos e Not\u00edcias","article_published_time":"2020-12-02T11:51:22+00:00","article_modified_time":"2020-12-02T11:51:24+00:00","og_image":[{"width":1000,"height":598,"url":"https:\/\/jornalfatosenoticias.com.br\/wp-content\/uploads\/2020\/12\/Uranio-Bahia-marcelo-Correia.jpg","type":"image\/jpeg"}],"author":"Luzimara Fernandes","twitter_card":"summary_large_image","twitter_misc":{"Escrito por":"Luzimara Fernandes","Est. tempo de leitura":"2 minutos"},"schema":{"@context":"https:\/\/schema.org","@graph":[{"@type":"Article","@id":"https:\/\/jornalfatosenoticias.com.br\/index.php\/2020\/12\/02\/brasil-retoma-producao-de-uranio-na-bahia\/#article","isPartOf":{"@id":"https:\/\/jornalfatosenoticias.com.br\/index.php\/2020\/12\/02\/brasil-retoma-producao-de-uranio-na-bahia\/"},"author":{"name":"Luzimara Fernandes","@id":"https:\/\/jornalfatosenoticias.com.br\/#\/schema\/person\/d63837fa13ac8666eb9e74e0985d6f81"},"headline":"Brasil retoma produ\u00e7\u00e3o de ur\u00e2nio na Bahia","datePublished":"2020-12-02T11:51:22+00:00","dateModified":"2020-12-02T11:51:24+00:00","mainEntityOfPage":{"@id":"https:\/\/jornalfatosenoticias.com.br\/index.php\/2020\/12\/02\/brasil-retoma-producao-de-uranio-na-bahia\/"},"wordCount":392,"commentCount":0,"publisher":{"@id":"https:\/\/jornalfatosenoticias.com.br\/#organization"},"image":{"@id":"https:\/\/jornalfatosenoticias.com.br\/index.php\/2020\/12\/02\/brasil-retoma-producao-de-uranio-na-bahia\/#primaryimage"},"thumbnailUrl":"https:\/\/jornalfatosenoticias.com.br\/wp-content\/uploads\/2020\/12\/Uranio-Bahia-marcelo-Correia.jpg","keywords":["Bahia","Caetit\u00e9","combust\u00edvel nuclear","lavra","Mina do Engenho","ur\u00e2nio","yellowcake"],"articleSection":["Economia"],"inLanguage":"pt-BR","potentialAction":[{"@type":"CommentAction","name":"Comment","target":["https:\/\/jornalfatosenoticias.com.br\/index.php\/2020\/12\/02\/brasil-retoma-producao-de-uranio-na-bahia\/#respond"]}]},{"@type":"WebPage","@id":"https:\/\/jornalfatosenoticias.com.br\/index.php\/2020\/12\/02\/brasil-retoma-producao-de-uranio-na-bahia\/","url":"https:\/\/jornalfatosenoticias.com.br\/index.php\/2020\/12\/02\/brasil-retoma-producao-de-uranio-na-bahia\/","name":"Brasil retoma produ\u00e7\u00e3o de ur\u00e2nio na Bahia - Jornal Fatos e Not\u00edcias","isPartOf":{"@id":"https:\/\/jornalfatosenoticias.com.br\/#website"},"primaryImageOfPage":{"@id":"https:\/\/jornalfatosenoticias.com.br\/index.php\/2020\/12\/02\/brasil-retoma-producao-de-uranio-na-bahia\/#primaryimage"},"image":{"@id":"https:\/\/jornalfatosenoticias.com.br\/index.php\/2020\/12\/02\/brasil-retoma-producao-de-uranio-na-bahia\/#primaryimage"},"thumbnailUrl":"https:\/\/jornalfatosenoticias.com.br\/wp-content\/uploads\/2020\/12\/Uranio-Bahia-marcelo-Correia.jpg","datePublished":"2020-12-02T11:51:22+00:00","dateModified":"2020-12-02T11:51:24+00:00","breadcrumb":{"@id":"https:\/\/jornalfatosenoticias.com.br\/index.php\/2020\/12\/02\/brasil-retoma-producao-de-uranio-na-bahia\/#breadcrumb"},"inLanguage":"pt-BR","potentialAction":[{"@type":"ReadAction","target":["https:\/\/jornalfatosenoticias.com.br\/index.php\/2020\/12\/02\/brasil-retoma-producao-de-uranio-na-bahia\/"]}]},{"@type":"ImageObject","inLanguage":"pt-BR","@id":"https:\/\/jornalfatosenoticias.com.br\/index.php\/2020\/12\/02\/brasil-retoma-producao-de-uranio-na-bahia\/#primaryimage","url":"https:\/\/jornalfatosenoticias.com.br\/wp-content\/uploads\/2020\/12\/Uranio-Bahia-marcelo-Correia.jpg","contentUrl":"https:\/\/jornalfatosenoticias.com.br\/wp-content\/uploads\/2020\/12\/Uranio-Bahia-marcelo-Correia.jpg","width":1000,"height":598,"caption":"Mineral Ur\u00e3nio INB Caetit\u00e9"},{"@type":"BreadcrumbList","@id":"https:\/\/jornalfatosenoticias.com.br\/index.php\/2020\/12\/02\/brasil-retoma-producao-de-uranio-na-bahia\/#breadcrumb","itemListElement":[{"@type":"ListItem","position":1,"name":"In\u00edcio","item":"https:\/\/jornalfatosenoticias.com.br\/"},{"@type":"ListItem","position":2,"name":"Brasil retoma produ\u00e7\u00e3o de ur\u00e2nio na Bahia"}]},{"@type":"WebSite","@id":"https:\/\/jornalfatosenoticias.com.br\/#website","url":"https:\/\/jornalfatosenoticias.com.br\/","name":"Jornal Fatos e Not\u00edcias","description":"Not\u00edcias em geral","publisher":{"@id":"https:\/\/jornalfatosenoticias.com.br\/#organization"},"potentialAction":[{"@type":"SearchAction","target":{"@type":"EntryPoint","urlTemplate":"https:\/\/jornalfatosenoticias.com.br\/?s={search_term_string}"},"query-input":{"@type":"PropertyValueSpecification","valueRequired":true,"valueName":"search_term_string"}}],"inLanguage":"pt-BR"},{"@type":"Organization","@id":"https:\/\/jornalfatosenoticias.com.br\/#organization","name":"Jornal Fatos e Not\u00edcias","url":"https:\/\/jornalfatosenoticias.com.br\/","logo":{"@type":"ImageObject","inLanguage":"pt-BR","@id":"https:\/\/jornalfatosenoticias.com.br\/#\/schema\/logo\/image\/","url":"https:\/\/jornalfatosenoticias.com.br\/wp-content\/uploads\/2020\/02\/logo120.png","contentUrl":"https:\/\/jornalfatosenoticias.com.br\/wp-content\/uploads\/2020\/02\/logo120.png","width":1227,"height":120,"caption":"Jornal Fatos e Not\u00edcias"},"image":{"@id":"https:\/\/jornalfatosenoticias.com.br\/#\/schema\/logo\/image\/"}},{"@type":"Person","@id":"https:\/\/jornalfatosenoticias.com.br\/#\/schema\/person\/d63837fa13ac8666eb9e74e0985d6f81","name":"Luzimara Fernandes","image":{"@type":"ImageObject","inLanguage":"pt-BR","@id":"https:\/\/jornalfatosenoticias.com.br\/#\/schema\/person\/image\/","url":"https:\/\/jornalfatosenoticias.com.br\/wp-content\/uploads\/2025\/05\/EU_portal.jpg","contentUrl":"https:\/\/jornalfatosenoticias.com.br\/wp-content\/uploads\/2025\/05\/EU_portal.jpg","caption":"Luzimara Fernandes"},"description":"Jornalista MTB 2358-ES","sameAs":["https:\/\/jornalfatosenoticias.com.br"],"url":"https:\/\/jornalfatosenoticias.com.br\/index.php\/author\/luzimara\/"}]}},"cc_featured_image_caption":{"caption_text":"(Foto: Marcelo Correia)","source_text":"","source_url":""},"jetpack_featured_media_url":"https:\/\/jornalfatosenoticias.com.br\/wp-content\/uploads\/2020\/12\/Uranio-Bahia-marcelo-Correia.jpg","_links":{"self":[{"href":"https:\/\/jornalfatosenoticias.com.br\/index.php\/wp-json\/wp\/v2\/posts\/11990","targetHints":{"allow":["GET"]}}],"collection":[{"href":"https:\/\/jornalfatosenoticias.com.br\/index.php\/wp-json\/wp\/v2\/posts"}],"about":[{"href":"https:\/\/jornalfatosenoticias.com.br\/index.php\/wp-json\/wp\/v2\/types\/post"}],"author":[{"embeddable":true,"href":"https:\/\/jornalfatosenoticias.com.br\/index.php\/wp-json\/wp\/v2\/users\/2"}],"replies":[{"embeddable":true,"href":"https:\/\/jornalfatosenoticias.com.br\/index.php\/wp-json\/wp\/v2\/comments?post=11990"}],"version-history":[{"count":0,"href":"https:\/\/jornalfatosenoticias.com.br\/index.php\/wp-json\/wp\/v2\/posts\/11990\/revisions"}],"wp:featuredmedia":[{"embeddable":true,"href":"https:\/\/jornalfatosenoticias.com.br\/index.php\/wp-json\/wp\/v2\/media\/11991"}],"wp:attachment":[{"href":"https:\/\/jornalfatosenoticias.com.br\/index.php\/wp-json\/wp\/v2\/media?parent=11990"}],"wp:term":[{"taxonomy":"category","embeddable":true,"href":"https:\/\/jornalfatosenoticias.com.br\/index.php\/wp-json\/wp\/v2\/categories?post=11990"},{"taxonomy":"post_tag","embeddable":true,"href":"https:\/\/jornalfatosenoticias.com.br\/index.php\/wp-json\/wp\/v2\/tags?post=11990"}],"curies":[{"name":"wp","href":"https:\/\/api.w.org\/{rel}","templated":true}]}}