{"id":12027,"date":"2020-12-02T13:42:23","date_gmt":"2020-12-02T16:42:23","guid":{"rendered":"https:\/\/jornalfatosenoticias.com.br\/?p=12027"},"modified":"2020-12-02T13:42:29","modified_gmt":"2020-12-02T16:42:29","slug":"cameras-flagram-queda-de-meteoro-no-japao-assista","status":"publish","type":"post","link":"https:\/\/jornalfatosenoticias.com.br\/index.php\/2020\/12\/02\/cameras-flagram-queda-de-meteoro-no-japao-assista\/","title":{"rendered":"C\u00e2meras flagram queda de meteoro no Jap\u00e3o; assista"},"content":{"rendered":"\n<p>Na madrugada do \u00faltimo domingo (29), c\u00e2meras de seguran\u00e7a flagraram a queda de um <a rel=\"noreferrer noopener\" href=\"https:\/\/olhardigital.com.br\/2020\/11\/23\/ciencia-e-espaco\/meteoro-explode-no-ceu-do-rio-grande-do-sul\/\" target=\"_blank\">meteoro<\/a>\u00a0no\u00a0<a rel=\"noreferrer noopener\" href=\"https:\/\/olhardigital.com.br\/2020\/11\/12\/videos\/honda-vai-vender-autonomos-de-nivel-3-no-japao\/\" target=\"_blank\">Jap\u00e3o<\/a>. O corpo celeste produziu um forte clar\u00e3o, \u201ct\u00e3o brilhante quanto a lua cheia\u201d, enquanto cruzava a atmosfera da\u00a0<a rel=\"noreferrer noopener\" href=\"https:\/\/olhardigital.com.br\/2020\/11\/27\/ciencia-e-espaco\/sonda-japonesa-com-pedacos-do-asteroide-ryugu-esta-perto-da-terra\/\" target=\"_blank\">Terra<\/a>.<br>O fen\u00f4meno rapidamente repercutiu nas <a href=\"https:\/\/olhardigital.com.br\/2020\/11\/18\/noticias\/trump-pode-ser-banido-das-redes-sociais-quando-sair-da-casa-branca-entenda\/\" target=\"_blank\" rel=\"noreferrer noopener\">redes sociais<\/a>, principalmente entre os moradores do oeste do pa\u00eds. De acordo com a CBS News, a televis\u00e3o p\u00fablica local NHK informou que as c\u00e2meras das prefeituras de Mie, Aichi e outras cidades tamb\u00e9m registraram o momento.<br>O objeto foi visto brevemente nos c\u00e9us do pa\u00eds \u00e0 1h35 (hor\u00e1rio local), antes de emitir um forte brilho, vis\u00edvel tamb\u00e9m no oeste e centro do Jap\u00e3o. Assista abaixo:<\/p>\n\n\n\n<figure class=\"wp-block-embed-youtube wp-block-embed is-type-video is-provider-youtube wp-embed-aspect-16-9 wp-has-aspect-ratio\"><div class=\"wp-block-embed__wrapper\">\n<iframe loading=\"lazy\" title=\"\u300c\u706b\u7403\u300d\u76ee\u6483\u6295\u7a3f\u76f8\u6b21\u3050 \u6e80\u6708\u7d1a\u306e\u660e\u308b\u3055\u3068\u5c02\u9580\u5bb6\" width=\"660\" height=\"371\" src=\"https:\/\/www.youtube.com\/embed\/oYLhOFotYHw?feature=oembed\" frameborder=\"0\" allow=\"accelerometer; autoplay; clipboard-write; encrypted-media; gyroscope; picture-in-picture; web-share\" referrerpolicy=\"strict-origin-when-cross-origin\" allowfullscreen><\/iframe>\n<\/div><\/figure>\n\n\n\n<p>Segundo especialistas, pequenos fragmentos do meteoro podem ter atingido o solo, mas nada foi localizado at\u00e9 o momento. \u201cAcreditamos que a \u00faltima explos\u00e3o de luz foi t\u00e3o brilhante quanto a lua cheia\u201d, afirmou Takeshi Inoue, diretor do Planet\u00e1rio Municipal de Akashi, \u00e0 ag\u00eancia de not\u00edcias Kyodo.<br>Por meio do <a rel=\"noreferrer noopener\" href=\"https:\/\/olhardigital.com.br\/2020\/11\/25\/noticias\/twitter-voltara-a-verificar-contas-em-2021\/\" target=\"_blank\">Twitter<\/a>, moradores impressionados publicaram diversos v\u00eddeos do momento da queda. De acordo com um deles, que publicou o v\u00eddeo gravado dentro de um carro, \u201cisso foi assustador\u201d. Confira:<\/p>\n\n\n\n<figure class=\"wp-block-embed-twitter wp-block-embed is-type-rich is-provider-twitter\"><div class=\"wp-block-embed__wrapper\">\nhttps:\/\/twitter.com\/hide85688321\/status\/1332863287013171201?ref_src=twsrc%5Etfw%7Ctwcamp%5Etweetembed%7Ctwterm%5E1332863287013171201%7Ctwgr%5E%7Ctwcon%5Es1_&#038;ref_url=https%3A%2F%2Folhardigital.com.br%2F2020%2F12%2F01%2Fciencia-e-espaco%2Fcameras-flagram-queda-de-meteoro-no-japao-assista%2F\n<\/div><\/figure>\n\n\n\n<p>De fato, a intensidade da luz impressiona. No entanto, vale lembrar que a maioria dos meteoros que caem no planeta se desintegram completamente antes de atingir o solo. Portanto, n\u00e3o h\u00e1 motivos para preocupa\u00e7\u00e3o.<\/p>\n\n\n\n<h4 class=\"wp-block-heading\">Jap\u00e3o lan\u00e7a sat\u00e9lite no mesmo dia do meteoro<\/h4>\n\n\n\n<p>O lan\u00e7amento do foguete H-IIA, pela ag\u00eancia espacial japonesa (Jaxa), foi promovido com sucesso no mesmo domingo em que o meteoro caiu no Jap\u00e3o. A espa\u00e7onave levou a bordo o <a rel=\"noreferrer noopener\" href=\"https:\/\/olhardigital.com.br\/2020\/11\/30\/ciencia-e-espaco\/japao-lanca-com-sucesso-satelite-com-comunicacao-a-laser\/\" target=\"_blank\">Laser Utilizing Communication System<\/a>, ou Lucas como \u00e9 conhecido, que permitir\u00e1 a comunica\u00e7\u00e3o de alta velocidade de naves militares e civis de observa\u00e7\u00e3o da Terra por meio de laser. A informa\u00e7\u00e3o foi divulgada via Twitter pela Mitsubishi Heavy Industries (MHI), construtora do foguete.<br>A MHI afirmou em seu site que o \u201clan\u00e7amento foi executado conforme programado\u201d e \u201cseparou com sucesso o sat\u00e9lite retransmissor de dados n\u00ba 1 e o sat\u00e9lite retransmissor \u00f3ptico de dados\u201d. O lan\u00e7amento foi realizado a partir do Centro Espacial Tanegashima, no sul do Jap\u00e3o.<\/p>\n\n\n\n<p><strong><em>Fonte: <a href=\"https:\/\/olhardigital.com.br\/2020\/12\/01\/ciencia-e-espaco\/cameras-flagram-queda-de-meteoro-no-japao-assista\/\">Olhar Digital<\/a><\/em><\/strong><\/p>\n","protected":false},"excerpt":{"rendered":"<p>Na madrugada do \u00faltimo domingo (29), c\u00e2meras de seguran\u00e7a flagraram a queda de um meteoro\u00a0no\u00a0Jap\u00e3o. O corpo celeste produziu um forte clar\u00e3o, \u201ct\u00e3o brilhante quanto a lua cheia\u201d, enquanto cruzava a atmosfera da\u00a0Terra.O fen\u00f4meno rapidamente repercutiu nas redes sociais, principalmente entre os moradores do oeste do pa\u00eds. De acordo com a CBS News, a televis\u00e3o [&hellip;]<\/p>\n","protected":false},"author":2,"featured_media":12028,"comment_status":"open","ping_status":"open","sticky":false,"template":"","format":"standard","meta":{"footnotes":""},"categories":[2],"tags":[2500,233,2439,1563,94,6326],"class_list":["post-12027","post","type-post","status-publish","format-standard","has-post-thumbnail","hentry","category-ciencia","tag-corpo-celeste","tag-japao","tag-meteoro","tag-redes-sociais","tag-terra","tag-twuitter"],"yoast_head":"<!-- This site is optimized with the Yoast SEO plugin v26.5 - https:\/\/yoast.com\/wordpress\/plugins\/seo\/ -->\n<title>C\u00e2meras flagram queda de meteoro no Jap\u00e3o; assista - Jornal Fatos e Not\u00edcias<\/title>\n<meta name=\"robots\" content=\"index, follow, max-snippet:-1, max-image-preview:large, max-video-preview:-1\" \/>\n<link rel=\"canonical\" href=\"https:\/\/jornalfatosenoticias.com.br\/index.php\/2020\/12\/02\/cameras-flagram-queda-de-meteoro-no-japao-assista\/\" \/>\n<meta property=\"og:locale\" content=\"pt_BR\" \/>\n<meta property=\"og:type\" content=\"article\" \/>\n<meta property=\"og:title\" content=\"C\u00e2meras flagram queda de meteoro no Jap\u00e3o; assista - Jornal Fatos e Not\u00edcias\" \/>\n<meta property=\"og:description\" content=\"Na madrugada do \u00faltimo domingo (29), c\u00e2meras de seguran\u00e7a flagraram a queda de um meteoro\u00a0no\u00a0Jap\u00e3o. O corpo celeste produziu um forte clar\u00e3o, \u201ct\u00e3o brilhante quanto a lua cheia\u201d, enquanto cruzava a atmosfera da\u00a0Terra.O fen\u00f4meno rapidamente repercutiu nas redes sociais, principalmente entre os moradores do oeste do pa\u00eds. De acordo com a CBS News, a televis\u00e3o [&hellip;]\" \/>\n<meta property=\"og:url\" content=\"https:\/\/jornalfatosenoticias.com.br\/index.php\/2020\/12\/02\/cameras-flagram-queda-de-meteoro-no-japao-assista\/\" \/>\n<meta property=\"og:site_name\" content=\"Jornal Fatos e Not\u00edcias\" \/>\n<meta property=\"article:published_time\" content=\"2020-12-02T16:42:23+00:00\" \/>\n<meta property=\"article:modified_time\" content=\"2020-12-02T16:42:29+00:00\" \/>\n<meta property=\"og:image\" content=\"https:\/\/jornalfatosenoticias.com.br\/wp-content\/uploads\/2020\/12\/shutterstock_meteoro-japao.jpg\" \/>\n\t<meta property=\"og:image:width\" content=\"1000\" \/>\n\t<meta property=\"og:image:height\" content=\"707\" \/>\n\t<meta property=\"og:image:type\" content=\"image\/jpeg\" \/>\n<meta name=\"author\" content=\"Luzimara Fernandes\" \/>\n<meta name=\"twitter:card\" content=\"summary_large_image\" \/>\n<meta name=\"twitter:label1\" content=\"Escrito por\" \/>\n\t<meta name=\"twitter:data1\" content=\"Luzimara Fernandes\" \/>\n\t<meta name=\"twitter:label2\" content=\"Est. tempo de leitura\" \/>\n\t<meta name=\"twitter:data2\" content=\"2 minutos\" \/>\n<script type=\"application\/ld+json\" class=\"yoast-schema-graph\">{\"@context\":\"https:\/\/schema.org\",\"@graph\":[{\"@type\":\"Article\",\"@id\":\"https:\/\/jornalfatosenoticias.com.br\/index.php\/2020\/12\/02\/cameras-flagram-queda-de-meteoro-no-japao-assista\/#article\",\"isPartOf\":{\"@id\":\"https:\/\/jornalfatosenoticias.com.br\/index.php\/2020\/12\/02\/cameras-flagram-queda-de-meteoro-no-japao-assista\/\"},\"author\":{\"name\":\"Luzimara Fernandes\",\"@id\":\"https:\/\/jornalfatosenoticias.com.br\/#\/schema\/person\/d63837fa13ac8666eb9e74e0985d6f81\"},\"headline\":\"C\u00e2meras flagram queda de meteoro no Jap\u00e3o; assista\",\"datePublished\":\"2020-12-02T16:42:23+00:00\",\"dateModified\":\"2020-12-02T16:42:29+00:00\",\"mainEntityOfPage\":{\"@id\":\"https:\/\/jornalfatosenoticias.com.br\/index.php\/2020\/12\/02\/cameras-flagram-queda-de-meteoro-no-japao-assista\/\"},\"wordCount\":436,\"commentCount\":0,\"publisher\":{\"@id\":\"https:\/\/jornalfatosenoticias.com.br\/#organization\"},\"image\":{\"@id\":\"https:\/\/jornalfatosenoticias.com.br\/index.php\/2020\/12\/02\/cameras-flagram-queda-de-meteoro-no-japao-assista\/#primaryimage\"},\"thumbnailUrl\":\"https:\/\/jornalfatosenoticias.com.br\/wp-content\/uploads\/2020\/12\/shutterstock_meteoro-japao.jpg\",\"keywords\":[\"corpo celeste\",\"jap\u00e3o\",\"meteoro\",\"redes sociais\",\"Terra\",\"Twuitter\"],\"articleSection\":[\"Ci\u00eancia\"],\"inLanguage\":\"pt-BR\",\"potentialAction\":[{\"@type\":\"CommentAction\",\"name\":\"Comment\",\"target\":[\"https:\/\/jornalfatosenoticias.com.br\/index.php\/2020\/12\/02\/cameras-flagram-queda-de-meteoro-no-japao-assista\/#respond\"]}]},{\"@type\":\"WebPage\",\"@id\":\"https:\/\/jornalfatosenoticias.com.br\/index.php\/2020\/12\/02\/cameras-flagram-queda-de-meteoro-no-japao-assista\/\",\"url\":\"https:\/\/jornalfatosenoticias.com.br\/index.php\/2020\/12\/02\/cameras-flagram-queda-de-meteoro-no-japao-assista\/\",\"name\":\"C\u00e2meras flagram queda de meteoro no Jap\u00e3o; assista - Jornal Fatos e Not\u00edcias\",\"isPartOf\":{\"@id\":\"https:\/\/jornalfatosenoticias.com.br\/#website\"},\"primaryImageOfPage\":{\"@id\":\"https:\/\/jornalfatosenoticias.com.br\/index.php\/2020\/12\/02\/cameras-flagram-queda-de-meteoro-no-japao-assista\/#primaryimage\"},\"image\":{\"@id\":\"https:\/\/jornalfatosenoticias.com.br\/index.php\/2020\/12\/02\/cameras-flagram-queda-de-meteoro-no-japao-assista\/#primaryimage\"},\"thumbnailUrl\":\"https:\/\/jornalfatosenoticias.com.br\/wp-content\/uploads\/2020\/12\/shutterstock_meteoro-japao.jpg\",\"datePublished\":\"2020-12-02T16:42:23+00:00\",\"dateModified\":\"2020-12-02T16:42:29+00:00\",\"breadcrumb\":{\"@id\":\"https:\/\/jornalfatosenoticias.com.br\/index.php\/2020\/12\/02\/cameras-flagram-queda-de-meteoro-no-japao-assista\/#breadcrumb\"},\"inLanguage\":\"pt-BR\",\"potentialAction\":[{\"@type\":\"ReadAction\",\"target\":[\"https:\/\/jornalfatosenoticias.com.br\/index.php\/2020\/12\/02\/cameras-flagram-queda-de-meteoro-no-japao-assista\/\"]}]},{\"@type\":\"ImageObject\",\"inLanguage\":\"pt-BR\",\"@id\":\"https:\/\/jornalfatosenoticias.com.br\/index.php\/2020\/12\/02\/cameras-flagram-queda-de-meteoro-no-japao-assista\/#primaryimage\",\"url\":\"https:\/\/jornalfatosenoticias.com.br\/wp-content\/uploads\/2020\/12\/shutterstock_meteoro-japao.jpg\",\"contentUrl\":\"https:\/\/jornalfatosenoticias.com.br\/wp-content\/uploads\/2020\/12\/shutterstock_meteoro-japao.jpg\",\"width\":1000,\"height\":707},{\"@type\":\"BreadcrumbList\",\"@id\":\"https:\/\/jornalfatosenoticias.com.br\/index.php\/2020\/12\/02\/cameras-flagram-queda-de-meteoro-no-japao-assista\/#breadcrumb\",\"itemListElement\":[{\"@type\":\"ListItem\",\"position\":1,\"name\":\"In\u00edcio\",\"item\":\"https:\/\/jornalfatosenoticias.com.br\/\"},{\"@type\":\"ListItem\",\"position\":2,\"name\":\"C\u00e2meras flagram queda de meteoro no Jap\u00e3o; assista\"}]},{\"@type\":\"WebSite\",\"@id\":\"https:\/\/jornalfatosenoticias.com.br\/#website\",\"url\":\"https:\/\/jornalfatosenoticias.com.br\/\",\"name\":\"Jornal Fatos e Not\u00edcias\",\"description\":\"Not\u00edcias em geral\",\"publisher\":{\"@id\":\"https:\/\/jornalfatosenoticias.com.br\/#organization\"},\"potentialAction\":[{\"@type\":\"SearchAction\",\"target\":{\"@type\":\"EntryPoint\",\"urlTemplate\":\"https:\/\/jornalfatosenoticias.com.br\/?s={search_term_string}\"},\"query-input\":{\"@type\":\"PropertyValueSpecification\",\"valueRequired\":true,\"valueName\":\"search_term_string\"}}],\"inLanguage\":\"pt-BR\"},{\"@type\":\"Organization\",\"@id\":\"https:\/\/jornalfatosenoticias.com.br\/#organization\",\"name\":\"Jornal Fatos e Not\u00edcias\",\"url\":\"https:\/\/jornalfatosenoticias.com.br\/\",\"logo\":{\"@type\":\"ImageObject\",\"inLanguage\":\"pt-BR\",\"@id\":\"https:\/\/jornalfatosenoticias.com.br\/#\/schema\/logo\/image\/\",\"url\":\"https:\/\/jornalfatosenoticias.com.br\/wp-content\/uploads\/2020\/02\/logo120.png\",\"contentUrl\":\"https:\/\/jornalfatosenoticias.com.br\/wp-content\/uploads\/2020\/02\/logo120.png\",\"width\":1227,\"height\":120,\"caption\":\"Jornal Fatos e Not\u00edcias\"},\"image\":{\"@id\":\"https:\/\/jornalfatosenoticias.com.br\/#\/schema\/logo\/image\/\"}},{\"@type\":\"Person\",\"@id\":\"https:\/\/jornalfatosenoticias.com.br\/#\/schema\/person\/d63837fa13ac8666eb9e74e0985d6f81\",\"name\":\"Luzimara Fernandes\",\"image\":{\"@type\":\"ImageObject\",\"inLanguage\":\"pt-BR\",\"@id\":\"https:\/\/jornalfatosenoticias.com.br\/#\/schema\/person\/image\/\",\"url\":\"https:\/\/jornalfatosenoticias.com.br\/wp-content\/uploads\/2025\/05\/EU_portal.jpg\",\"contentUrl\":\"https:\/\/jornalfatosenoticias.com.br\/wp-content\/uploads\/2025\/05\/EU_portal.jpg\",\"caption\":\"Luzimara Fernandes\"},\"description\":\"Jornalista MTB 2358-ES\",\"sameAs\":[\"https:\/\/jornalfatosenoticias.com.br\"],\"url\":\"https:\/\/jornalfatosenoticias.com.br\/index.php\/author\/luzimara\/\"}]}<\/script>\n<!-- \/ Yoast SEO plugin. -->","yoast_head_json":{"title":"C\u00e2meras flagram queda de meteoro no Jap\u00e3o; assista - Jornal Fatos e Not\u00edcias","robots":{"index":"index","follow":"follow","max-snippet":"max-snippet:-1","max-image-preview":"max-image-preview:large","max-video-preview":"max-video-preview:-1"},"canonical":"https:\/\/jornalfatosenoticias.com.br\/index.php\/2020\/12\/02\/cameras-flagram-queda-de-meteoro-no-japao-assista\/","og_locale":"pt_BR","og_type":"article","og_title":"C\u00e2meras flagram queda de meteoro no Jap\u00e3o; assista - Jornal Fatos e Not\u00edcias","og_description":"Na madrugada do \u00faltimo domingo (29), c\u00e2meras de seguran\u00e7a flagraram a queda de um meteoro\u00a0no\u00a0Jap\u00e3o. O corpo celeste produziu um forte clar\u00e3o, \u201ct\u00e3o brilhante quanto a lua cheia\u201d, enquanto cruzava a atmosfera da\u00a0Terra.O fen\u00f4meno rapidamente repercutiu nas redes sociais, principalmente entre os moradores do oeste do pa\u00eds. De acordo com a CBS News, a televis\u00e3o [&hellip;]","og_url":"https:\/\/jornalfatosenoticias.com.br\/index.php\/2020\/12\/02\/cameras-flagram-queda-de-meteoro-no-japao-assista\/","og_site_name":"Jornal Fatos e Not\u00edcias","article_published_time":"2020-12-02T16:42:23+00:00","article_modified_time":"2020-12-02T16:42:29+00:00","og_image":[{"width":1000,"height":707,"url":"https:\/\/jornalfatosenoticias.com.br\/wp-content\/uploads\/2020\/12\/shutterstock_meteoro-japao.jpg","type":"image\/jpeg"}],"author":"Luzimara Fernandes","twitter_card":"summary_large_image","twitter_misc":{"Escrito por":"Luzimara Fernandes","Est. tempo de leitura":"2 minutos"},"schema":{"@context":"https:\/\/schema.org","@graph":[{"@type":"Article","@id":"https:\/\/jornalfatosenoticias.com.br\/index.php\/2020\/12\/02\/cameras-flagram-queda-de-meteoro-no-japao-assista\/#article","isPartOf":{"@id":"https:\/\/jornalfatosenoticias.com.br\/index.php\/2020\/12\/02\/cameras-flagram-queda-de-meteoro-no-japao-assista\/"},"author":{"name":"Luzimara Fernandes","@id":"https:\/\/jornalfatosenoticias.com.br\/#\/schema\/person\/d63837fa13ac8666eb9e74e0985d6f81"},"headline":"C\u00e2meras flagram queda de meteoro no Jap\u00e3o; assista","datePublished":"2020-12-02T16:42:23+00:00","dateModified":"2020-12-02T16:42:29+00:00","mainEntityOfPage":{"@id":"https:\/\/jornalfatosenoticias.com.br\/index.php\/2020\/12\/02\/cameras-flagram-queda-de-meteoro-no-japao-assista\/"},"wordCount":436,"commentCount":0,"publisher":{"@id":"https:\/\/jornalfatosenoticias.com.br\/#organization"},"image":{"@id":"https:\/\/jornalfatosenoticias.com.br\/index.php\/2020\/12\/02\/cameras-flagram-queda-de-meteoro-no-japao-assista\/#primaryimage"},"thumbnailUrl":"https:\/\/jornalfatosenoticias.com.br\/wp-content\/uploads\/2020\/12\/shutterstock_meteoro-japao.jpg","keywords":["corpo celeste","jap\u00e3o","meteoro","redes sociais","Terra","Twuitter"],"articleSection":["Ci\u00eancia"],"inLanguage":"pt-BR","potentialAction":[{"@type":"CommentAction","name":"Comment","target":["https:\/\/jornalfatosenoticias.com.br\/index.php\/2020\/12\/02\/cameras-flagram-queda-de-meteoro-no-japao-assista\/#respond"]}]},{"@type":"WebPage","@id":"https:\/\/jornalfatosenoticias.com.br\/index.php\/2020\/12\/02\/cameras-flagram-queda-de-meteoro-no-japao-assista\/","url":"https:\/\/jornalfatosenoticias.com.br\/index.php\/2020\/12\/02\/cameras-flagram-queda-de-meteoro-no-japao-assista\/","name":"C\u00e2meras flagram queda de meteoro no Jap\u00e3o; assista - Jornal Fatos e Not\u00edcias","isPartOf":{"@id":"https:\/\/jornalfatosenoticias.com.br\/#website"},"primaryImageOfPage":{"@id":"https:\/\/jornalfatosenoticias.com.br\/index.php\/2020\/12\/02\/cameras-flagram-queda-de-meteoro-no-japao-assista\/#primaryimage"},"image":{"@id":"https:\/\/jornalfatosenoticias.com.br\/index.php\/2020\/12\/02\/cameras-flagram-queda-de-meteoro-no-japao-assista\/#primaryimage"},"thumbnailUrl":"https:\/\/jornalfatosenoticias.com.br\/wp-content\/uploads\/2020\/12\/shutterstock_meteoro-japao.jpg","datePublished":"2020-12-02T16:42:23+00:00","dateModified":"2020-12-02T16:42:29+00:00","breadcrumb":{"@id":"https:\/\/jornalfatosenoticias.com.br\/index.php\/2020\/12\/02\/cameras-flagram-queda-de-meteoro-no-japao-assista\/#breadcrumb"},"inLanguage":"pt-BR","potentialAction":[{"@type":"ReadAction","target":["https:\/\/jornalfatosenoticias.com.br\/index.php\/2020\/12\/02\/cameras-flagram-queda-de-meteoro-no-japao-assista\/"]}]},{"@type":"ImageObject","inLanguage":"pt-BR","@id":"https:\/\/jornalfatosenoticias.com.br\/index.php\/2020\/12\/02\/cameras-flagram-queda-de-meteoro-no-japao-assista\/#primaryimage","url":"https:\/\/jornalfatosenoticias.com.br\/wp-content\/uploads\/2020\/12\/shutterstock_meteoro-japao.jpg","contentUrl":"https:\/\/jornalfatosenoticias.com.br\/wp-content\/uploads\/2020\/12\/shutterstock_meteoro-japao.jpg","width":1000,"height":707},{"@type":"BreadcrumbList","@id":"https:\/\/jornalfatosenoticias.com.br\/index.php\/2020\/12\/02\/cameras-flagram-queda-de-meteoro-no-japao-assista\/#breadcrumb","itemListElement":[{"@type":"ListItem","position":1,"name":"In\u00edcio","item":"https:\/\/jornalfatosenoticias.com.br\/"},{"@type":"ListItem","position":2,"name":"C\u00e2meras flagram queda de meteoro no Jap\u00e3o; assista"}]},{"@type":"WebSite","@id":"https:\/\/jornalfatosenoticias.com.br\/#website","url":"https:\/\/jornalfatosenoticias.com.br\/","name":"Jornal Fatos e Not\u00edcias","description":"Not\u00edcias em geral","publisher":{"@id":"https:\/\/jornalfatosenoticias.com.br\/#organization"},"potentialAction":[{"@type":"SearchAction","target":{"@type":"EntryPoint","urlTemplate":"https:\/\/jornalfatosenoticias.com.br\/?s={search_term_string}"},"query-input":{"@type":"PropertyValueSpecification","valueRequired":true,"valueName":"search_term_string"}}],"inLanguage":"pt-BR"},{"@type":"Organization","@id":"https:\/\/jornalfatosenoticias.com.br\/#organization","name":"Jornal Fatos e Not\u00edcias","url":"https:\/\/jornalfatosenoticias.com.br\/","logo":{"@type":"ImageObject","inLanguage":"pt-BR","@id":"https:\/\/jornalfatosenoticias.com.br\/#\/schema\/logo\/image\/","url":"https:\/\/jornalfatosenoticias.com.br\/wp-content\/uploads\/2020\/02\/logo120.png","contentUrl":"https:\/\/jornalfatosenoticias.com.br\/wp-content\/uploads\/2020\/02\/logo120.png","width":1227,"height":120,"caption":"Jornal Fatos e Not\u00edcias"},"image":{"@id":"https:\/\/jornalfatosenoticias.com.br\/#\/schema\/logo\/image\/"}},{"@type":"Person","@id":"https:\/\/jornalfatosenoticias.com.br\/#\/schema\/person\/d63837fa13ac8666eb9e74e0985d6f81","name":"Luzimara Fernandes","image":{"@type":"ImageObject","inLanguage":"pt-BR","@id":"https:\/\/jornalfatosenoticias.com.br\/#\/schema\/person\/image\/","url":"https:\/\/jornalfatosenoticias.com.br\/wp-content\/uploads\/2025\/05\/EU_portal.jpg","contentUrl":"https:\/\/jornalfatosenoticias.com.br\/wp-content\/uploads\/2025\/05\/EU_portal.jpg","caption":"Luzimara Fernandes"},"description":"Jornalista MTB 2358-ES","sameAs":["https:\/\/jornalfatosenoticias.com.br"],"url":"https:\/\/jornalfatosenoticias.com.br\/index.php\/author\/luzimara\/"}]}},"cc_featured_image_caption":{"caption_text":"(Foto: Shutterstock)\r\n","source_text":"","source_url":""},"jetpack_featured_media_url":"https:\/\/jornalfatosenoticias.com.br\/wp-content\/uploads\/2020\/12\/shutterstock_meteoro-japao.jpg","_links":{"self":[{"href":"https:\/\/jornalfatosenoticias.com.br\/index.php\/wp-json\/wp\/v2\/posts\/12027","targetHints":{"allow":["GET"]}}],"collection":[{"href":"https:\/\/jornalfatosenoticias.com.br\/index.php\/wp-json\/wp\/v2\/posts"}],"about":[{"href":"https:\/\/jornalfatosenoticias.com.br\/index.php\/wp-json\/wp\/v2\/types\/post"}],"author":[{"embeddable":true,"href":"https:\/\/jornalfatosenoticias.com.br\/index.php\/wp-json\/wp\/v2\/users\/2"}],"replies":[{"embeddable":true,"href":"https:\/\/jornalfatosenoticias.com.br\/index.php\/wp-json\/wp\/v2\/comments?post=12027"}],"version-history":[{"count":0,"href":"https:\/\/jornalfatosenoticias.com.br\/index.php\/wp-json\/wp\/v2\/posts\/12027\/revisions"}],"wp:featuredmedia":[{"embeddable":true,"href":"https:\/\/jornalfatosenoticias.com.br\/index.php\/wp-json\/wp\/v2\/media\/12028"}],"wp:attachment":[{"href":"https:\/\/jornalfatosenoticias.com.br\/index.php\/wp-json\/wp\/v2\/media?parent=12027"}],"wp:term":[{"taxonomy":"category","embeddable":true,"href":"https:\/\/jornalfatosenoticias.com.br\/index.php\/wp-json\/wp\/v2\/categories?post=12027"},{"taxonomy":"post_tag","embeddable":true,"href":"https:\/\/jornalfatosenoticias.com.br\/index.php\/wp-json\/wp\/v2\/tags?post=12027"}],"curies":[{"name":"wp","href":"https:\/\/api.w.org\/{rel}","templated":true}]}}