{"id":12032,"date":"2020-12-02T13:58:53","date_gmt":"2020-12-02T16:58:53","guid":{"rendered":"https:\/\/jornalfatosenoticias.com.br\/?p=12032"},"modified":"2020-12-02T13:58:57","modified_gmt":"2020-12-02T16:58:57","slug":"fiocruz-alerta-para-mortes-em-casa-e-colapso-nos-hospitais","status":"publish","type":"post","link":"https:\/\/jornalfatosenoticias.com.br\/index.php\/2020\/12\/02\/fiocruz-alerta-para-mortes-em-casa-e-colapso-nos-hospitais\/","title":{"rendered":"Fiocruz alerta para mortes em casa e colapso nos hospitais"},"content":{"rendered":"\n<h6 class=\"wp-block-heading\"><em>Aumento de casos da covid-19 tem pressionado hospitais cariocas; especialistas veem risco de que festas de fim de ano agravem o problema<\/em><\/h6>\n\n\n\n<p>O n\u00famero de mortes dentro das casas, sem assist\u00eancia m\u00e9dica, voltou a aumentar na cidade do Rio de Janeiro. Subiu tamb\u00e9m, acima da m\u00e9dia, o n\u00famero geral de mortes no munic\u00edpio. Os dados divulgados, na tarde desta ter\u00e7a-feira (1\u00ba), pelo MonitoraCovid19, da Fiocruz, indicam que o sistema de sa\u00fade da cidade pode estar \u00e0 beira de um colapso, em meio ao avan\u00e7o da pandemia da covid-19. Nota da UFRJ divulgada na v\u00e9spera j\u00e1 alertava para o problema.<br>O munic\u00edpio teve um excesso de \u00f3bitos de 27 mil desde abril, comparado \u00e0 m\u00e9dia dos anos anteriores no mesmo per\u00edodo \u2014 sendo 13 mil causados pela covid-19 e outros 14 mil ligados a outras doen\u00e7as, como c\u00e2ncer e diabetes, confirmando a precariedade do atendimento em geral.<br>O aumento &#8220;expressivo&#8221; de \u00f3bitos ocorridos em domic\u00edlio (de dez mil no mesmo per\u00edodo do ano passado para 14 mil este ano), sem assist\u00eancia m\u00e9dica e por causas mal definidas, revela, segundo a nota t\u00e9cnica da Fiocruz, &#8220;um quadro de desassist\u00eancia geral, que n\u00e3o se restringe aos hospitais, mas tamb\u00e9m \u00e0 rede de aten\u00e7\u00e3o b\u00e1sica e ao sistema de vigil\u00e2ncia em sa\u00fade&#8221;.<br>Mesmo as mortes por covid-19 que ocorreram dentro dos hospitais foram, em grande maioria, fora de UTIs, o que demonstra, segundo a nota, a incapacidade de atender com propriedade os casos mais graves da doen\u00e7a. &#8220;Estes n\u00fameros mostram que o sistema de sa\u00fade da cidade do Rio voltou a apresentar sinais de colapso&#8221;, conclui a nota t\u00e9cnica.<\/p>\n\n\n\n<blockquote class=\"wp-block-quote is-layout-flow wp-block-quote-is-layout-flow\"><p>&#8220;O conjunto desses indicadores aponta fortemente para a incapacidade do sistema municipal de Sa\u00fade de atender casos graves da doen\u00e7a&#8221;, avaliou o coordenador do MonitoraCovid19, Christovam Barcellos.<\/p><\/blockquote>\n\n\n\n<p>&#8220;Indicam ainda que podemos estar perto de um novo colapso do sistema, pois os novos casos, que ir\u00e3o gerar uma demanda ainda maior de atendimento, est\u00e3o aumentando rapidamente e de forma preocupante&#8221;.<br>Nota divulgada na v\u00e9spera pelo grupo da UFRJ vai na mesma linha, alertando para o aumento acelerado de casos de covid-19 no Rio. De acordo com o Grupo de Trabalho Multidisciplinar para o Enfrentamento da Covid-19 da UFRJ, o crescimento acontece sem que a primeira onda da infec\u00e7\u00e3o tenha sido propriamente encerrada, o que &#8220;torna o problema ainda mais grave e complexo&#8221;, segundo especialistas.<\/p>\n\n\n\n<blockquote class=\"wp-block-quote is-layout-flow wp-block-quote-is-layout-flow\"><p>&#8220;Estamos diante de um quadro muito preocupante no munic\u00edpio do Rio&#8221;, diz a nota. &#8220;O aumento dos casos j\u00e1 est\u00e1 provocando grande estresse no sistema de assist\u00eancia \u00e0 sa\u00fade (\u2026). A m\u00e9dia m\u00f3vel de sete dias do percentual de ocupa\u00e7\u00e3o de leitos do Sistema \u00danico de Sa\u00fade (UTI adulto) dedicados \u00e0 covid-19 na regi\u00e3o metropolitana I est\u00e1 em 93,5%. J\u00e1 a m\u00e9dia m\u00f3vel de sete dias do percentual de ocupa\u00e7\u00e3o de leitos de suporte \u00e0 vida da rede SUS no munic\u00edpio est\u00e1 em 102,1%. Ou seja, n\u00e3o h\u00e1 vagas para interna\u00e7\u00e3o&#8221;.<\/p><\/blockquote>\n\n\n\n<p>Coordenador do grupo da UFRJ, o infectologista Roberto Medronho diz que, falando exclusivamente do ponto de vista t\u00e9cnico, o ideal seria um novo lockdown na cidade.<br>&#8220;Achamos que essa recomenda\u00e7\u00e3o ia cair no vazio, ent\u00e3o sugerimos algumas medidas de fechamento de eventos sociais e culturais, como praias e shows&#8221;, disse Medronho. &#8220;A quest\u00e3o do transporte p\u00fablico tamb\u00e9m precisa ser revista, bem como o escalonamento dos hor\u00e1rios de funcionamento de bares e restaurantes. Ou seja, h\u00e1 medidas a serem tomadas, que n\u00e3o sejam o lockdown, que podem ter um impacto significativo na curva&#8221;.<br>Especialistas temem que as festas de fim de ano agravem ainda mais o problema, por conta das festas com muitas pessoas e das viagens. &#8220;Eu tamb\u00e9m queria passar o Natal com a minha m\u00e3e, de 88 anos, como fa\u00e7o todos os anos&#8221;, disse Medronho. &#8220;Mas, infelizmente, isso n\u00e3o \u00e9 poss\u00edvel este ano&#8221;.<\/p>\n\n\n\n<p><strong><em>Fonte: <a href=\"https:\/\/www.terra.com.br\/noticias\/coronavirus\/fiocruz-alerta-para-mortes-em-casa-e-colapso-nos-hospitais,39b6e4515b96cb070ac0c892a0d99299asix8zds.html\">Terra<\/a><\/em><\/strong><\/p>\n","protected":false},"excerpt":{"rendered":"<p>Aumento de casos da covid-19 tem pressionado hospitais cariocas; especialistas veem risco de que festas de fim de ano agravem o problema O n\u00famero de mortes dentro das casas, sem assist\u00eancia m\u00e9dica, voltou a aumentar na cidade do Rio de Janeiro. Subiu tamb\u00e9m, acima da m\u00e9dia, o n\u00famero geral de mortes no munic\u00edpio. Os dados [&hellip;]<\/p>\n","protected":false},"author":2,"featured_media":12033,"comment_status":"open","ping_status":"open","sticky":false,"template":"","format":"standard","meta":{"footnotes":""},"categories":[11],"tags":[6327,273,130,6328,75],"class_list":["post-12032","post","type-post","status-publish","format-standard","has-post-thumbnail","hentry","category-saude","tag-colapso-hospitalar","tag-covid-19","tag-fiocruz","tag-hospitais","tag-mortes"],"yoast_head":"<!-- This site is optimized with the Yoast SEO plugin v26.5 - https:\/\/yoast.com\/wordpress\/plugins\/seo\/ -->\n<title>Fiocruz alerta para mortes em casa e colapso nos hospitais - Jornal Fatos e Not\u00edcias<\/title>\n<meta name=\"robots\" content=\"index, follow, max-snippet:-1, max-image-preview:large, max-video-preview:-1\" \/>\n<link rel=\"canonical\" href=\"https:\/\/jornalfatosenoticias.com.br\/index.php\/2020\/12\/02\/fiocruz-alerta-para-mortes-em-casa-e-colapso-nos-hospitais\/\" \/>\n<meta property=\"og:locale\" content=\"pt_BR\" \/>\n<meta property=\"og:type\" content=\"article\" \/>\n<meta property=\"og:title\" content=\"Fiocruz alerta para mortes em casa e colapso nos hospitais - Jornal Fatos e Not\u00edcias\" \/>\n<meta property=\"og:description\" content=\"Aumento de casos da covid-19 tem pressionado hospitais cariocas; especialistas veem risco de que festas de fim de ano agravem o problema O n\u00famero de mortes dentro das casas, sem assist\u00eancia m\u00e9dica, voltou a aumentar na cidade do Rio de Janeiro. Subiu tamb\u00e9m, acima da m\u00e9dia, o n\u00famero geral de mortes no munic\u00edpio. Os dados [&hellip;]\" \/>\n<meta property=\"og:url\" content=\"https:\/\/jornalfatosenoticias.com.br\/index.php\/2020\/12\/02\/fiocruz-alerta-para-mortes-em-casa-e-colapso-nos-hospitais\/\" \/>\n<meta property=\"og:site_name\" content=\"Jornal Fatos e Not\u00edcias\" \/>\n<meta property=\"article:published_time\" content=\"2020-12-02T16:58:53+00:00\" \/>\n<meta property=\"article:modified_time\" content=\"2020-12-02T16:58:57+00:00\" \/>\n<meta property=\"og:image\" content=\"https:\/\/jornalfatosenoticias.com.br\/wp-content\/uploads\/2020\/12\/alerta-fiocruz.jpg\" \/>\n\t<meta property=\"og:image:width\" content=\"1000\" \/>\n\t<meta property=\"og:image:height\" content=\"666\" \/>\n\t<meta property=\"og:image:type\" content=\"image\/jpeg\" \/>\n<meta name=\"author\" content=\"Luzimara Fernandes\" \/>\n<meta name=\"twitter:card\" content=\"summary_large_image\" \/>\n<meta name=\"twitter:label1\" content=\"Escrito por\" \/>\n\t<meta name=\"twitter:data1\" content=\"Luzimara Fernandes\" \/>\n\t<meta name=\"twitter:label2\" content=\"Est. tempo de leitura\" \/>\n\t<meta name=\"twitter:data2\" content=\"3 minutos\" \/>\n<script type=\"application\/ld+json\" class=\"yoast-schema-graph\">{\"@context\":\"https:\/\/schema.org\",\"@graph\":[{\"@type\":\"Article\",\"@id\":\"https:\/\/jornalfatosenoticias.com.br\/index.php\/2020\/12\/02\/fiocruz-alerta-para-mortes-em-casa-e-colapso-nos-hospitais\/#article\",\"isPartOf\":{\"@id\":\"https:\/\/jornalfatosenoticias.com.br\/index.php\/2020\/12\/02\/fiocruz-alerta-para-mortes-em-casa-e-colapso-nos-hospitais\/\"},\"author\":{\"name\":\"Luzimara Fernandes\",\"@id\":\"https:\/\/jornalfatosenoticias.com.br\/#\/schema\/person\/d63837fa13ac8666eb9e74e0985d6f81\"},\"headline\":\"Fiocruz alerta para mortes em casa e colapso nos hospitais\",\"datePublished\":\"2020-12-02T16:58:53+00:00\",\"dateModified\":\"2020-12-02T16:58:57+00:00\",\"mainEntityOfPage\":{\"@id\":\"https:\/\/jornalfatosenoticias.com.br\/index.php\/2020\/12\/02\/fiocruz-alerta-para-mortes-em-casa-e-colapso-nos-hospitais\/\"},\"wordCount\":683,\"commentCount\":0,\"publisher\":{\"@id\":\"https:\/\/jornalfatosenoticias.com.br\/#organization\"},\"image\":{\"@id\":\"https:\/\/jornalfatosenoticias.com.br\/index.php\/2020\/12\/02\/fiocruz-alerta-para-mortes-em-casa-e-colapso-nos-hospitais\/#primaryimage\"},\"thumbnailUrl\":\"https:\/\/jornalfatosenoticias.com.br\/wp-content\/uploads\/2020\/12\/alerta-fiocruz.jpg\",\"keywords\":[\"colapso hospitalar\",\"covid-19\",\"fiocruz\",\"hospitais\",\"mortes\"],\"articleSection\":[\"Sa\u00fade\"],\"inLanguage\":\"pt-BR\",\"potentialAction\":[{\"@type\":\"CommentAction\",\"name\":\"Comment\",\"target\":[\"https:\/\/jornalfatosenoticias.com.br\/index.php\/2020\/12\/02\/fiocruz-alerta-para-mortes-em-casa-e-colapso-nos-hospitais\/#respond\"]}]},{\"@type\":\"WebPage\",\"@id\":\"https:\/\/jornalfatosenoticias.com.br\/index.php\/2020\/12\/02\/fiocruz-alerta-para-mortes-em-casa-e-colapso-nos-hospitais\/\",\"url\":\"https:\/\/jornalfatosenoticias.com.br\/index.php\/2020\/12\/02\/fiocruz-alerta-para-mortes-em-casa-e-colapso-nos-hospitais\/\",\"name\":\"Fiocruz alerta para mortes em casa e colapso nos hospitais - Jornal Fatos e Not\u00edcias\",\"isPartOf\":{\"@id\":\"https:\/\/jornalfatosenoticias.com.br\/#website\"},\"primaryImageOfPage\":{\"@id\":\"https:\/\/jornalfatosenoticias.com.br\/index.php\/2020\/12\/02\/fiocruz-alerta-para-mortes-em-casa-e-colapso-nos-hospitais\/#primaryimage\"},\"image\":{\"@id\":\"https:\/\/jornalfatosenoticias.com.br\/index.php\/2020\/12\/02\/fiocruz-alerta-para-mortes-em-casa-e-colapso-nos-hospitais\/#primaryimage\"},\"thumbnailUrl\":\"https:\/\/jornalfatosenoticias.com.br\/wp-content\/uploads\/2020\/12\/alerta-fiocruz.jpg\",\"datePublished\":\"2020-12-02T16:58:53+00:00\",\"dateModified\":\"2020-12-02T16:58:57+00:00\",\"breadcrumb\":{\"@id\":\"https:\/\/jornalfatosenoticias.com.br\/index.php\/2020\/12\/02\/fiocruz-alerta-para-mortes-em-casa-e-colapso-nos-hospitais\/#breadcrumb\"},\"inLanguage\":\"pt-BR\",\"potentialAction\":[{\"@type\":\"ReadAction\",\"target\":[\"https:\/\/jornalfatosenoticias.com.br\/index.php\/2020\/12\/02\/fiocruz-alerta-para-mortes-em-casa-e-colapso-nos-hospitais\/\"]}]},{\"@type\":\"ImageObject\",\"inLanguage\":\"pt-BR\",\"@id\":\"https:\/\/jornalfatosenoticias.com.br\/index.php\/2020\/12\/02\/fiocruz-alerta-para-mortes-em-casa-e-colapso-nos-hospitais\/#primaryimage\",\"url\":\"https:\/\/jornalfatosenoticias.com.br\/wp-content\/uploads\/2020\/12\/alerta-fiocruz.jpg\",\"contentUrl\":\"https:\/\/jornalfatosenoticias.com.br\/wp-content\/uploads\/2020\/12\/alerta-fiocruz.jpg\",\"width\":1000,\"height\":666},{\"@type\":\"BreadcrumbList\",\"@id\":\"https:\/\/jornalfatosenoticias.com.br\/index.php\/2020\/12\/02\/fiocruz-alerta-para-mortes-em-casa-e-colapso-nos-hospitais\/#breadcrumb\",\"itemListElement\":[{\"@type\":\"ListItem\",\"position\":1,\"name\":\"In\u00edcio\",\"item\":\"https:\/\/jornalfatosenoticias.com.br\/\"},{\"@type\":\"ListItem\",\"position\":2,\"name\":\"Fiocruz alerta para mortes em casa e colapso nos hospitais\"}]},{\"@type\":\"WebSite\",\"@id\":\"https:\/\/jornalfatosenoticias.com.br\/#website\",\"url\":\"https:\/\/jornalfatosenoticias.com.br\/\",\"name\":\"Jornal Fatos e Not\u00edcias\",\"description\":\"Not\u00edcias em geral\",\"publisher\":{\"@id\":\"https:\/\/jornalfatosenoticias.com.br\/#organization\"},\"potentialAction\":[{\"@type\":\"SearchAction\",\"target\":{\"@type\":\"EntryPoint\",\"urlTemplate\":\"https:\/\/jornalfatosenoticias.com.br\/?s={search_term_string}\"},\"query-input\":{\"@type\":\"PropertyValueSpecification\",\"valueRequired\":true,\"valueName\":\"search_term_string\"}}],\"inLanguage\":\"pt-BR\"},{\"@type\":\"Organization\",\"@id\":\"https:\/\/jornalfatosenoticias.com.br\/#organization\",\"name\":\"Jornal Fatos e Not\u00edcias\",\"url\":\"https:\/\/jornalfatosenoticias.com.br\/\",\"logo\":{\"@type\":\"ImageObject\",\"inLanguage\":\"pt-BR\",\"@id\":\"https:\/\/jornalfatosenoticias.com.br\/#\/schema\/logo\/image\/\",\"url\":\"https:\/\/jornalfatosenoticias.com.br\/wp-content\/uploads\/2020\/02\/logo120.png\",\"contentUrl\":\"https:\/\/jornalfatosenoticias.com.br\/wp-content\/uploads\/2020\/02\/logo120.png\",\"width\":1227,\"height\":120,\"caption\":\"Jornal Fatos e Not\u00edcias\"},\"image\":{\"@id\":\"https:\/\/jornalfatosenoticias.com.br\/#\/schema\/logo\/image\/\"}},{\"@type\":\"Person\",\"@id\":\"https:\/\/jornalfatosenoticias.com.br\/#\/schema\/person\/d63837fa13ac8666eb9e74e0985d6f81\",\"name\":\"Luzimara Fernandes\",\"image\":{\"@type\":\"ImageObject\",\"inLanguage\":\"pt-BR\",\"@id\":\"https:\/\/jornalfatosenoticias.com.br\/#\/schema\/person\/image\/\",\"url\":\"https:\/\/jornalfatosenoticias.com.br\/wp-content\/uploads\/2025\/05\/EU_portal.jpg\",\"contentUrl\":\"https:\/\/jornalfatosenoticias.com.br\/wp-content\/uploads\/2025\/05\/EU_portal.jpg\",\"caption\":\"Luzimara Fernandes\"},\"description\":\"Jornalista MTB 2358-ES\",\"sameAs\":[\"https:\/\/jornalfatosenoticias.com.br\"],\"url\":\"https:\/\/jornalfatosenoticias.com.br\/index.php\/author\/luzimara\/\"}]}<\/script>\n<!-- \/ Yoast SEO plugin. -->","yoast_head_json":{"title":"Fiocruz alerta para mortes em casa e colapso nos hospitais - Jornal Fatos e Not\u00edcias","robots":{"index":"index","follow":"follow","max-snippet":"max-snippet:-1","max-image-preview":"max-image-preview:large","max-video-preview":"max-video-preview:-1"},"canonical":"https:\/\/jornalfatosenoticias.com.br\/index.php\/2020\/12\/02\/fiocruz-alerta-para-mortes-em-casa-e-colapso-nos-hospitais\/","og_locale":"pt_BR","og_type":"article","og_title":"Fiocruz alerta para mortes em casa e colapso nos hospitais - Jornal Fatos e Not\u00edcias","og_description":"Aumento de casos da covid-19 tem pressionado hospitais cariocas; especialistas veem risco de que festas de fim de ano agravem o problema O n\u00famero de mortes dentro das casas, sem assist\u00eancia m\u00e9dica, voltou a aumentar na cidade do Rio de Janeiro. Subiu tamb\u00e9m, acima da m\u00e9dia, o n\u00famero geral de mortes no munic\u00edpio. Os dados [&hellip;]","og_url":"https:\/\/jornalfatosenoticias.com.br\/index.php\/2020\/12\/02\/fiocruz-alerta-para-mortes-em-casa-e-colapso-nos-hospitais\/","og_site_name":"Jornal Fatos e Not\u00edcias","article_published_time":"2020-12-02T16:58:53+00:00","article_modified_time":"2020-12-02T16:58:57+00:00","og_image":[{"width":1000,"height":666,"url":"https:\/\/jornalfatosenoticias.com.br\/wp-content\/uploads\/2020\/12\/alerta-fiocruz.jpg","type":"image\/jpeg"}],"author":"Luzimara Fernandes","twitter_card":"summary_large_image","twitter_misc":{"Escrito por":"Luzimara Fernandes","Est. tempo de leitura":"3 minutos"},"schema":{"@context":"https:\/\/schema.org","@graph":[{"@type":"Article","@id":"https:\/\/jornalfatosenoticias.com.br\/index.php\/2020\/12\/02\/fiocruz-alerta-para-mortes-em-casa-e-colapso-nos-hospitais\/#article","isPartOf":{"@id":"https:\/\/jornalfatosenoticias.com.br\/index.php\/2020\/12\/02\/fiocruz-alerta-para-mortes-em-casa-e-colapso-nos-hospitais\/"},"author":{"name":"Luzimara Fernandes","@id":"https:\/\/jornalfatosenoticias.com.br\/#\/schema\/person\/d63837fa13ac8666eb9e74e0985d6f81"},"headline":"Fiocruz alerta para mortes em casa e colapso nos hospitais","datePublished":"2020-12-02T16:58:53+00:00","dateModified":"2020-12-02T16:58:57+00:00","mainEntityOfPage":{"@id":"https:\/\/jornalfatosenoticias.com.br\/index.php\/2020\/12\/02\/fiocruz-alerta-para-mortes-em-casa-e-colapso-nos-hospitais\/"},"wordCount":683,"commentCount":0,"publisher":{"@id":"https:\/\/jornalfatosenoticias.com.br\/#organization"},"image":{"@id":"https:\/\/jornalfatosenoticias.com.br\/index.php\/2020\/12\/02\/fiocruz-alerta-para-mortes-em-casa-e-colapso-nos-hospitais\/#primaryimage"},"thumbnailUrl":"https:\/\/jornalfatosenoticias.com.br\/wp-content\/uploads\/2020\/12\/alerta-fiocruz.jpg","keywords":["colapso hospitalar","covid-19","fiocruz","hospitais","mortes"],"articleSection":["Sa\u00fade"],"inLanguage":"pt-BR","potentialAction":[{"@type":"CommentAction","name":"Comment","target":["https:\/\/jornalfatosenoticias.com.br\/index.php\/2020\/12\/02\/fiocruz-alerta-para-mortes-em-casa-e-colapso-nos-hospitais\/#respond"]}]},{"@type":"WebPage","@id":"https:\/\/jornalfatosenoticias.com.br\/index.php\/2020\/12\/02\/fiocruz-alerta-para-mortes-em-casa-e-colapso-nos-hospitais\/","url":"https:\/\/jornalfatosenoticias.com.br\/index.php\/2020\/12\/02\/fiocruz-alerta-para-mortes-em-casa-e-colapso-nos-hospitais\/","name":"Fiocruz alerta para mortes em casa e colapso nos hospitais - Jornal Fatos e Not\u00edcias","isPartOf":{"@id":"https:\/\/jornalfatosenoticias.com.br\/#website"},"primaryImageOfPage":{"@id":"https:\/\/jornalfatosenoticias.com.br\/index.php\/2020\/12\/02\/fiocruz-alerta-para-mortes-em-casa-e-colapso-nos-hospitais\/#primaryimage"},"image":{"@id":"https:\/\/jornalfatosenoticias.com.br\/index.php\/2020\/12\/02\/fiocruz-alerta-para-mortes-em-casa-e-colapso-nos-hospitais\/#primaryimage"},"thumbnailUrl":"https:\/\/jornalfatosenoticias.com.br\/wp-content\/uploads\/2020\/12\/alerta-fiocruz.jpg","datePublished":"2020-12-02T16:58:53+00:00","dateModified":"2020-12-02T16:58:57+00:00","breadcrumb":{"@id":"https:\/\/jornalfatosenoticias.com.br\/index.php\/2020\/12\/02\/fiocruz-alerta-para-mortes-em-casa-e-colapso-nos-hospitais\/#breadcrumb"},"inLanguage":"pt-BR","potentialAction":[{"@type":"ReadAction","target":["https:\/\/jornalfatosenoticias.com.br\/index.php\/2020\/12\/02\/fiocruz-alerta-para-mortes-em-casa-e-colapso-nos-hospitais\/"]}]},{"@type":"ImageObject","inLanguage":"pt-BR","@id":"https:\/\/jornalfatosenoticias.com.br\/index.php\/2020\/12\/02\/fiocruz-alerta-para-mortes-em-casa-e-colapso-nos-hospitais\/#primaryimage","url":"https:\/\/jornalfatosenoticias.com.br\/wp-content\/uploads\/2020\/12\/alerta-fiocruz.jpg","contentUrl":"https:\/\/jornalfatosenoticias.com.br\/wp-content\/uploads\/2020\/12\/alerta-fiocruz.jpg","width":1000,"height":666},{"@type":"BreadcrumbList","@id":"https:\/\/jornalfatosenoticias.com.br\/index.php\/2020\/12\/02\/fiocruz-alerta-para-mortes-em-casa-e-colapso-nos-hospitais\/#breadcrumb","itemListElement":[{"@type":"ListItem","position":1,"name":"In\u00edcio","item":"https:\/\/jornalfatosenoticias.com.br\/"},{"@type":"ListItem","position":2,"name":"Fiocruz alerta para mortes em casa e colapso nos hospitais"}]},{"@type":"WebSite","@id":"https:\/\/jornalfatosenoticias.com.br\/#website","url":"https:\/\/jornalfatosenoticias.com.br\/","name":"Jornal Fatos e Not\u00edcias","description":"Not\u00edcias em geral","publisher":{"@id":"https:\/\/jornalfatosenoticias.com.br\/#organization"},"potentialAction":[{"@type":"SearchAction","target":{"@type":"EntryPoint","urlTemplate":"https:\/\/jornalfatosenoticias.com.br\/?s={search_term_string}"},"query-input":{"@type":"PropertyValueSpecification","valueRequired":true,"valueName":"search_term_string"}}],"inLanguage":"pt-BR"},{"@type":"Organization","@id":"https:\/\/jornalfatosenoticias.com.br\/#organization","name":"Jornal Fatos e Not\u00edcias","url":"https:\/\/jornalfatosenoticias.com.br\/","logo":{"@type":"ImageObject","inLanguage":"pt-BR","@id":"https:\/\/jornalfatosenoticias.com.br\/#\/schema\/logo\/image\/","url":"https:\/\/jornalfatosenoticias.com.br\/wp-content\/uploads\/2020\/02\/logo120.png","contentUrl":"https:\/\/jornalfatosenoticias.com.br\/wp-content\/uploads\/2020\/02\/logo120.png","width":1227,"height":120,"caption":"Jornal Fatos e Not\u00edcias"},"image":{"@id":"https:\/\/jornalfatosenoticias.com.br\/#\/schema\/logo\/image\/"}},{"@type":"Person","@id":"https:\/\/jornalfatosenoticias.com.br\/#\/schema\/person\/d63837fa13ac8666eb9e74e0985d6f81","name":"Luzimara Fernandes","image":{"@type":"ImageObject","inLanguage":"pt-BR","@id":"https:\/\/jornalfatosenoticias.com.br\/#\/schema\/person\/image\/","url":"https:\/\/jornalfatosenoticias.com.br\/wp-content\/uploads\/2025\/05\/EU_portal.jpg","contentUrl":"https:\/\/jornalfatosenoticias.com.br\/wp-content\/uploads\/2025\/05\/EU_portal.jpg","caption":"Luzimara Fernandes"},"description":"Jornalista MTB 2358-ES","sameAs":["https:\/\/jornalfatosenoticias.com.br"],"url":"https:\/\/jornalfatosenoticias.com.br\/index.php\/author\/luzimara\/"}]}},"cc_featured_image_caption":{"caption_text":"(Foto: Reuters\/Diego Vara)","source_text":"","source_url":""},"jetpack_featured_media_url":"https:\/\/jornalfatosenoticias.com.br\/wp-content\/uploads\/2020\/12\/alerta-fiocruz.jpg","_links":{"self":[{"href":"https:\/\/jornalfatosenoticias.com.br\/index.php\/wp-json\/wp\/v2\/posts\/12032","targetHints":{"allow":["GET"]}}],"collection":[{"href":"https:\/\/jornalfatosenoticias.com.br\/index.php\/wp-json\/wp\/v2\/posts"}],"about":[{"href":"https:\/\/jornalfatosenoticias.com.br\/index.php\/wp-json\/wp\/v2\/types\/post"}],"author":[{"embeddable":true,"href":"https:\/\/jornalfatosenoticias.com.br\/index.php\/wp-json\/wp\/v2\/users\/2"}],"replies":[{"embeddable":true,"href":"https:\/\/jornalfatosenoticias.com.br\/index.php\/wp-json\/wp\/v2\/comments?post=12032"}],"version-history":[{"count":0,"href":"https:\/\/jornalfatosenoticias.com.br\/index.php\/wp-json\/wp\/v2\/posts\/12032\/revisions"}],"wp:featuredmedia":[{"embeddable":true,"href":"https:\/\/jornalfatosenoticias.com.br\/index.php\/wp-json\/wp\/v2\/media\/12033"}],"wp:attachment":[{"href":"https:\/\/jornalfatosenoticias.com.br\/index.php\/wp-json\/wp\/v2\/media?parent=12032"}],"wp:term":[{"taxonomy":"category","embeddable":true,"href":"https:\/\/jornalfatosenoticias.com.br\/index.php\/wp-json\/wp\/v2\/categories?post=12032"},{"taxonomy":"post_tag","embeddable":true,"href":"https:\/\/jornalfatosenoticias.com.br\/index.php\/wp-json\/wp\/v2\/tags?post=12032"}],"curies":[{"name":"wp","href":"https:\/\/api.w.org\/{rel}","templated":true}]}}