{"id":12036,"date":"2020-12-03T18:45:17","date_gmt":"2020-12-03T21:45:17","guid":{"rendered":"https:\/\/jornalfatosenoticias.com.br\/?p=12036"},"modified":"2020-12-03T18:45:18","modified_gmt":"2020-12-03T21:45:18","slug":"a-educacao-nao-esta-bem-mas-podemos-melhorar","status":"publish","type":"post","link":"https:\/\/jornalfatosenoticias.com.br\/index.php\/2020\/12\/03\/a-educacao-nao-esta-bem-mas-podemos-melhorar\/","title":{"rendered":"\u201cA educa\u00e7\u00e3o n\u00e3o est\u00e1 bem, mas podemos melhorar\u201d"},"content":{"rendered":"\n<p>Alessandra Silva Machado Marvila, formada em Ci\u00eancias Biol\u00f3gicas, Mestre em Gest\u00e3o Tecnol\u00f3gica Ambiental, p\u00f3s-graduada pela Universidade Federal de Lavras\/RJ e diretora da Escola Municipal de Ensino Fundamental Jo\u00e3o Paulo II, em Jardim Carapina, munic\u00edpio da Serra, recebeu a equipe do Fatos &amp; Not\u00edcias para falar um pouco da sua experi\u00eancia \u00e0 frente de uma unidade de ensino da periferia.<br>A diretora acha que a educa\u00e7\u00e3o no Pa\u00eds teve seus avan\u00e7os e, nesse momento de pandemia, deu um salto muito grande no que diz respeito ao futuro. \u201cN\u00e3o podemos mais ver a educa\u00e7\u00e3o dentro de quatro paredes, ou seja, somente dentro de uma sala de aula, ela vai muito al\u00e9m. Tanto no ensino particular como no ensino p\u00fablico, principalmente da esfera p\u00fablica, esse avan\u00e7o foi inevit\u00e1vel e ela chegou para ficar. A tecnologia ajuda a ampliar o conhecimento e esse conhecimento \u00e9 a base para a forma\u00e7\u00e3o do senso cr\u00edtico do cidad\u00e3o, observamos que as pessoas de hoje est\u00e3o mais antenadas, mais conscientes pol\u00edtica, econ\u00f4mica e socialmente falando e isso, \u00e9 muito bom para a nossa sociedade\u201d, explica.<br>Para ela, a educa\u00e7\u00e3o molda e, com esse avan\u00e7o tecnol\u00f3gico, as possibilidades de aumentar os conhecimentos s\u00e3o evidentes. No entanto, nada substitui a pessoa do professor em sala de aula e isso ficou claro com a pandemia.<br>\u201cO professor n\u00e3o ser\u00e1 substitu\u00eddo no futuro, acredito que isso seja imposs\u00edvel. A interven\u00e7\u00e3o do ser humano, quanto professor, ajuda na cria\u00e7\u00e3o de la\u00e7os afetivos, sentimento necess\u00e1rio no processo ensino-aprendizagem do aluno. Quanto mais pr\u00f3ximo do seu aluno, mais o aluno se interessa pela mat\u00e9ria e se aprofunda no assunto. O professor \u00e9 e sempre ser\u00e1 um recurso fundamental no processo educacional\u201d, acredita.<br>Quanto \u00e0 fam\u00edlia, continua Alessandra, \u201co sistema educacional precisa coloc\u00e1-la para dentro da escola e orient\u00e1-la a utilizar a tecnologia como ferramenta para o conhecimento. Fazer um direcionamento com ela e a crian\u00e7a. Existe essa dificuldade, \u00e9 dif\u00edcil conseguir esse acompanhamento da fam\u00edlia porque nos dias de hoje tudo \u00e9 muito corrido para os pais e m\u00e3es que ficam fora o dia inteiro porque precisam trabalhar e isso prejudica no processo de ensino\u201d.<br>Para a professora, o desn\u00edvel entre as escolas particulares e as escolas p\u00fablicas ainda \u00e9 muito grande. \u201cEstaria mentido se disser que n\u00e3o h\u00e1, mas a causa desse desn\u00edvel n\u00e3o \u00e9 pela qualidade do corpo docente da rede p\u00fablica, mesmo porque, os professores que trabalham na rede p\u00fablica s\u00e3o os mesmos que prestam servi\u00e7o na rede privada. Acredito que esse desn\u00edvel seja provocado pelo poder econ\u00f4mico, grau de instru\u00e7\u00e3o dos pais e recursos materiais da rede privada que s\u00e3o melhores\u201d, aponta.<br>Alessandra ainda falou que os valores est\u00e3o se distanciando cada dia que passa. \u201cO carinho, o respeito, a cumplicidade, o companheirismo e a solidariedade est\u00e3o se perdendo na nossa sociedade. Gestos como pedir desculpas, agradecer, desejar um bom dia, s\u00e3o palavras que confortam a parte oposta. Oferecer lugar a uma gr\u00e1vida ou um idoso num coletivo, infelizmente, s\u00e3o gestos raros nos dias de hoje entre nossos jovens\u2026 Est\u00e3o desaparecendo aos poucos e isso \u00e9 muito ruim para o ser humano\u201d, salienta.<br>Perguntada se \u00e9 a favor do modelo c\u00edvico-militar nas escolas, Alessandra se disse a favor sim. \u201cTrata-se de modelo que cria um certo ritmo disciplinar, os pais, ao matricularem seus filhos nessas escolas, saber\u00e3o que ali vai haver regras, tanto para os filhos como para eles, que dever\u00e3o ser cumpridas\u201d, finaliza.<\/p>\n","protected":false},"excerpt":{"rendered":"<p>Alessandra Silva Machado Marvila, formada em Ci\u00eancias Biol\u00f3gicas, Mestre em Gest\u00e3o Tecnol\u00f3gica Ambiental, p\u00f3s-graduada pela Universidade Federal de Lavras\/RJ e diretora da Escola Municipal de Ensino Fundamental Jo\u00e3o Paulo II, em Jardim Carapina, munic\u00edpio da Serra, recebeu a equipe do Fatos &amp; Not\u00edcias para falar um pouco da sua experi\u00eancia \u00e0 frente de uma unidade [&hellip;]<\/p>\n","protected":false},"author":3,"featured_media":12037,"comment_status":"open","ping_status":"open","sticky":false,"template":"","format":"standard","meta":{"footnotes":""},"categories":[7],"tags":[6329,6330,6331,1311,3863],"class_list":["post-12036","post","type-post","status-publish","format-standard","has-post-thumbnail","hentry","category-educacao","tag-alessandra-silva-machado-marvila","tag-diretora","tag-escola-joao-paulo-ii","tag-jardim-carapina","tag-periferia"],"yoast_head":"<!-- This site is optimized with the Yoast SEO plugin v26.5 - https:\/\/yoast.com\/wordpress\/plugins\/seo\/ -->\n<title>\u201cA educa\u00e7\u00e3o n\u00e3o est\u00e1 bem, mas podemos melhorar\u201d - Jornal Fatos e Not\u00edcias<\/title>\n<meta name=\"robots\" content=\"index, follow, max-snippet:-1, max-image-preview:large, max-video-preview:-1\" \/>\n<link rel=\"canonical\" href=\"https:\/\/jornalfatosenoticias.com.br\/index.php\/2020\/12\/03\/a-educacao-nao-esta-bem-mas-podemos-melhorar\/\" \/>\n<meta property=\"og:locale\" content=\"pt_BR\" \/>\n<meta property=\"og:type\" content=\"article\" \/>\n<meta property=\"og:title\" content=\"\u201cA educa\u00e7\u00e3o n\u00e3o est\u00e1 bem, mas podemos melhorar\u201d - Jornal Fatos e Not\u00edcias\" \/>\n<meta property=\"og:description\" content=\"Alessandra Silva Machado Marvila, formada em Ci\u00eancias Biol\u00f3gicas, Mestre em Gest\u00e3o Tecnol\u00f3gica Ambiental, p\u00f3s-graduada pela Universidade Federal de Lavras\/RJ e diretora da Escola Municipal de Ensino Fundamental Jo\u00e3o Paulo II, em Jardim Carapina, munic\u00edpio da Serra, recebeu a equipe do Fatos &amp; Not\u00edcias para falar um pouco da sua experi\u00eancia \u00e0 frente de uma unidade [&hellip;]\" \/>\n<meta property=\"og:url\" content=\"https:\/\/jornalfatosenoticias.com.br\/index.php\/2020\/12\/03\/a-educacao-nao-esta-bem-mas-podemos-melhorar\/\" \/>\n<meta property=\"og:site_name\" content=\"Jornal Fatos e Not\u00edcias\" \/>\n<meta property=\"article:published_time\" content=\"2020-12-03T21:45:17+00:00\" \/>\n<meta property=\"article:modified_time\" content=\"2020-12-03T21:45:18+00:00\" \/>\n<meta property=\"og:image\" content=\"https:\/\/jornalfatosenoticias.com.br\/wp-content\/uploads\/2020\/12\/alessandra_diretora.jpg\" \/>\n\t<meta property=\"og:image:width\" content=\"1000\" \/>\n\t<meta property=\"og:image:height\" content=\"666\" \/>\n\t<meta property=\"og:image:type\" content=\"image\/jpeg\" \/>\n<meta name=\"author\" content=\"Haroldo Filho\" \/>\n<meta name=\"twitter:card\" content=\"summary_large_image\" \/>\n<meta name=\"twitter:label1\" content=\"Escrito por\" \/>\n\t<meta name=\"twitter:data1\" content=\"Haroldo Filho\" \/>\n\t<meta name=\"twitter:label2\" content=\"Est. tempo de leitura\" \/>\n\t<meta name=\"twitter:data2\" content=\"3 minutos\" \/>\n<script type=\"application\/ld+json\" class=\"yoast-schema-graph\">{\"@context\":\"https:\/\/schema.org\",\"@graph\":[{\"@type\":\"Article\",\"@id\":\"https:\/\/jornalfatosenoticias.com.br\/index.php\/2020\/12\/03\/a-educacao-nao-esta-bem-mas-podemos-melhorar\/#article\",\"isPartOf\":{\"@id\":\"https:\/\/jornalfatosenoticias.com.br\/index.php\/2020\/12\/03\/a-educacao-nao-esta-bem-mas-podemos-melhorar\/\"},\"author\":{\"name\":\"Haroldo Filho\",\"@id\":\"https:\/\/jornalfatosenoticias.com.br\/#\/schema\/person\/05c46cc25b42a5c27e004fb0fa6b4965\"},\"headline\":\"\u201cA educa\u00e7\u00e3o n\u00e3o est\u00e1 bem, mas podemos melhorar\u201d\",\"datePublished\":\"2020-12-03T21:45:17+00:00\",\"dateModified\":\"2020-12-03T21:45:18+00:00\",\"mainEntityOfPage\":{\"@id\":\"https:\/\/jornalfatosenoticias.com.br\/index.php\/2020\/12\/03\/a-educacao-nao-esta-bem-mas-podemos-melhorar\/\"},\"wordCount\":630,\"commentCount\":0,\"publisher\":{\"@id\":\"https:\/\/jornalfatosenoticias.com.br\/#organization\"},\"image\":{\"@id\":\"https:\/\/jornalfatosenoticias.com.br\/index.php\/2020\/12\/03\/a-educacao-nao-esta-bem-mas-podemos-melhorar\/#primaryimage\"},\"thumbnailUrl\":\"https:\/\/jornalfatosenoticias.com.br\/wp-content\/uploads\/2020\/12\/alessandra_diretora.jpg\",\"keywords\":[\"Alessandra Silva Machado Marvila\",\"diretora\",\"Escola Jo\u00e3o Paulo II\",\"Jardim Carapina\",\"periferia\"],\"articleSection\":[\"Educa\u00e7\u00e3o\"],\"inLanguage\":\"pt-BR\",\"potentialAction\":[{\"@type\":\"CommentAction\",\"name\":\"Comment\",\"target\":[\"https:\/\/jornalfatosenoticias.com.br\/index.php\/2020\/12\/03\/a-educacao-nao-esta-bem-mas-podemos-melhorar\/#respond\"]}]},{\"@type\":\"WebPage\",\"@id\":\"https:\/\/jornalfatosenoticias.com.br\/index.php\/2020\/12\/03\/a-educacao-nao-esta-bem-mas-podemos-melhorar\/\",\"url\":\"https:\/\/jornalfatosenoticias.com.br\/index.php\/2020\/12\/03\/a-educacao-nao-esta-bem-mas-podemos-melhorar\/\",\"name\":\"\u201cA educa\u00e7\u00e3o n\u00e3o est\u00e1 bem, mas podemos melhorar\u201d - Jornal Fatos e Not\u00edcias\",\"isPartOf\":{\"@id\":\"https:\/\/jornalfatosenoticias.com.br\/#website\"},\"primaryImageOfPage\":{\"@id\":\"https:\/\/jornalfatosenoticias.com.br\/index.php\/2020\/12\/03\/a-educacao-nao-esta-bem-mas-podemos-melhorar\/#primaryimage\"},\"image\":{\"@id\":\"https:\/\/jornalfatosenoticias.com.br\/index.php\/2020\/12\/03\/a-educacao-nao-esta-bem-mas-podemos-melhorar\/#primaryimage\"},\"thumbnailUrl\":\"https:\/\/jornalfatosenoticias.com.br\/wp-content\/uploads\/2020\/12\/alessandra_diretora.jpg\",\"datePublished\":\"2020-12-03T21:45:17+00:00\",\"dateModified\":\"2020-12-03T21:45:18+00:00\",\"breadcrumb\":{\"@id\":\"https:\/\/jornalfatosenoticias.com.br\/index.php\/2020\/12\/03\/a-educacao-nao-esta-bem-mas-podemos-melhorar\/#breadcrumb\"},\"inLanguage\":\"pt-BR\",\"potentialAction\":[{\"@type\":\"ReadAction\",\"target\":[\"https:\/\/jornalfatosenoticias.com.br\/index.php\/2020\/12\/03\/a-educacao-nao-esta-bem-mas-podemos-melhorar\/\"]}]},{\"@type\":\"ImageObject\",\"inLanguage\":\"pt-BR\",\"@id\":\"https:\/\/jornalfatosenoticias.com.br\/index.php\/2020\/12\/03\/a-educacao-nao-esta-bem-mas-podemos-melhorar\/#primaryimage\",\"url\":\"https:\/\/jornalfatosenoticias.com.br\/wp-content\/uploads\/2020\/12\/alessandra_diretora.jpg\",\"contentUrl\":\"https:\/\/jornalfatosenoticias.com.br\/wp-content\/uploads\/2020\/12\/alessandra_diretora.jpg\",\"width\":1000,\"height\":666},{\"@type\":\"BreadcrumbList\",\"@id\":\"https:\/\/jornalfatosenoticias.com.br\/index.php\/2020\/12\/03\/a-educacao-nao-esta-bem-mas-podemos-melhorar\/#breadcrumb\",\"itemListElement\":[{\"@type\":\"ListItem\",\"position\":1,\"name\":\"In\u00edcio\",\"item\":\"https:\/\/jornalfatosenoticias.com.br\/\"},{\"@type\":\"ListItem\",\"position\":2,\"name\":\"\u201cA educa\u00e7\u00e3o n\u00e3o est\u00e1 bem, mas podemos melhorar\u201d\"}]},{\"@type\":\"WebSite\",\"@id\":\"https:\/\/jornalfatosenoticias.com.br\/#website\",\"url\":\"https:\/\/jornalfatosenoticias.com.br\/\",\"name\":\"Jornal Fatos e Not\u00edcias\",\"description\":\"Not\u00edcias em geral\",\"publisher\":{\"@id\":\"https:\/\/jornalfatosenoticias.com.br\/#organization\"},\"potentialAction\":[{\"@type\":\"SearchAction\",\"target\":{\"@type\":\"EntryPoint\",\"urlTemplate\":\"https:\/\/jornalfatosenoticias.com.br\/?s={search_term_string}\"},\"query-input\":{\"@type\":\"PropertyValueSpecification\",\"valueRequired\":true,\"valueName\":\"search_term_string\"}}],\"inLanguage\":\"pt-BR\"},{\"@type\":\"Organization\",\"@id\":\"https:\/\/jornalfatosenoticias.com.br\/#organization\",\"name\":\"Jornal Fatos e Not\u00edcias\",\"url\":\"https:\/\/jornalfatosenoticias.com.br\/\",\"logo\":{\"@type\":\"ImageObject\",\"inLanguage\":\"pt-BR\",\"@id\":\"https:\/\/jornalfatosenoticias.com.br\/#\/schema\/logo\/image\/\",\"url\":\"https:\/\/jornalfatosenoticias.com.br\/wp-content\/uploads\/2020\/02\/logo120.png\",\"contentUrl\":\"https:\/\/jornalfatosenoticias.com.br\/wp-content\/uploads\/2020\/02\/logo120.png\",\"width\":1227,\"height\":120,\"caption\":\"Jornal Fatos e Not\u00edcias\"},\"image\":{\"@id\":\"https:\/\/jornalfatosenoticias.com.br\/#\/schema\/logo\/image\/\"}},{\"@type\":\"Person\",\"@id\":\"https:\/\/jornalfatosenoticias.com.br\/#\/schema\/person\/05c46cc25b42a5c27e004fb0fa6b4965\",\"name\":\"Haroldo Filho\",\"image\":{\"@type\":\"ImageObject\",\"inLanguage\":\"pt-BR\",\"@id\":\"https:\/\/jornalfatosenoticias.com.br\/#\/schema\/person\/image\/\",\"url\":\"https:\/\/jornalfatosenoticias.com.br\/wp-content\/uploads\/2025\/08\/WhatsApp-Image-2025-08-18-at-15.30.28-150x150.jpeg\",\"contentUrl\":\"https:\/\/jornalfatosenoticias.com.br\/wp-content\/uploads\/2025\/08\/WhatsApp-Image-2025-08-18-at-15.30.28-150x150.jpeg\",\"caption\":\"Haroldo Filho\"},\"description\":\"Jornalista \u2013 DRT: 0003818\/ES Coordenador-geral da ONG Educar para Crescer\",\"url\":\"https:\/\/jornalfatosenoticias.com.br\/index.php\/author\/haroldo\/\"}]}<\/script>\n<!-- \/ Yoast SEO plugin. -->","yoast_head_json":{"title":"\u201cA educa\u00e7\u00e3o n\u00e3o est\u00e1 bem, mas podemos melhorar\u201d - Jornal Fatos e Not\u00edcias","robots":{"index":"index","follow":"follow","max-snippet":"max-snippet:-1","max-image-preview":"max-image-preview:large","max-video-preview":"max-video-preview:-1"},"canonical":"https:\/\/jornalfatosenoticias.com.br\/index.php\/2020\/12\/03\/a-educacao-nao-esta-bem-mas-podemos-melhorar\/","og_locale":"pt_BR","og_type":"article","og_title":"\u201cA educa\u00e7\u00e3o n\u00e3o est\u00e1 bem, mas podemos melhorar\u201d - Jornal Fatos e Not\u00edcias","og_description":"Alessandra Silva Machado Marvila, formada em Ci\u00eancias Biol\u00f3gicas, Mestre em Gest\u00e3o Tecnol\u00f3gica Ambiental, p\u00f3s-graduada pela Universidade Federal de Lavras\/RJ e diretora da Escola Municipal de Ensino Fundamental Jo\u00e3o Paulo II, em Jardim Carapina, munic\u00edpio da Serra, recebeu a equipe do Fatos &amp; Not\u00edcias para falar um pouco da sua experi\u00eancia \u00e0 frente de uma unidade [&hellip;]","og_url":"https:\/\/jornalfatosenoticias.com.br\/index.php\/2020\/12\/03\/a-educacao-nao-esta-bem-mas-podemos-melhorar\/","og_site_name":"Jornal Fatos e Not\u00edcias","article_published_time":"2020-12-03T21:45:17+00:00","article_modified_time":"2020-12-03T21:45:18+00:00","og_image":[{"width":1000,"height":666,"url":"https:\/\/jornalfatosenoticias.com.br\/wp-content\/uploads\/2020\/12\/alessandra_diretora.jpg","type":"image\/jpeg"}],"author":"Haroldo Filho","twitter_card":"summary_large_image","twitter_misc":{"Escrito por":"Haroldo Filho","Est. tempo de leitura":"3 minutos"},"schema":{"@context":"https:\/\/schema.org","@graph":[{"@type":"Article","@id":"https:\/\/jornalfatosenoticias.com.br\/index.php\/2020\/12\/03\/a-educacao-nao-esta-bem-mas-podemos-melhorar\/#article","isPartOf":{"@id":"https:\/\/jornalfatosenoticias.com.br\/index.php\/2020\/12\/03\/a-educacao-nao-esta-bem-mas-podemos-melhorar\/"},"author":{"name":"Haroldo Filho","@id":"https:\/\/jornalfatosenoticias.com.br\/#\/schema\/person\/05c46cc25b42a5c27e004fb0fa6b4965"},"headline":"\u201cA educa\u00e7\u00e3o n\u00e3o est\u00e1 bem, mas podemos melhorar\u201d","datePublished":"2020-12-03T21:45:17+00:00","dateModified":"2020-12-03T21:45:18+00:00","mainEntityOfPage":{"@id":"https:\/\/jornalfatosenoticias.com.br\/index.php\/2020\/12\/03\/a-educacao-nao-esta-bem-mas-podemos-melhorar\/"},"wordCount":630,"commentCount":0,"publisher":{"@id":"https:\/\/jornalfatosenoticias.com.br\/#organization"},"image":{"@id":"https:\/\/jornalfatosenoticias.com.br\/index.php\/2020\/12\/03\/a-educacao-nao-esta-bem-mas-podemos-melhorar\/#primaryimage"},"thumbnailUrl":"https:\/\/jornalfatosenoticias.com.br\/wp-content\/uploads\/2020\/12\/alessandra_diretora.jpg","keywords":["Alessandra Silva Machado Marvila","diretora","Escola Jo\u00e3o Paulo II","Jardim Carapina","periferia"],"articleSection":["Educa\u00e7\u00e3o"],"inLanguage":"pt-BR","potentialAction":[{"@type":"CommentAction","name":"Comment","target":["https:\/\/jornalfatosenoticias.com.br\/index.php\/2020\/12\/03\/a-educacao-nao-esta-bem-mas-podemos-melhorar\/#respond"]}]},{"@type":"WebPage","@id":"https:\/\/jornalfatosenoticias.com.br\/index.php\/2020\/12\/03\/a-educacao-nao-esta-bem-mas-podemos-melhorar\/","url":"https:\/\/jornalfatosenoticias.com.br\/index.php\/2020\/12\/03\/a-educacao-nao-esta-bem-mas-podemos-melhorar\/","name":"\u201cA educa\u00e7\u00e3o n\u00e3o est\u00e1 bem, mas podemos melhorar\u201d - Jornal Fatos e Not\u00edcias","isPartOf":{"@id":"https:\/\/jornalfatosenoticias.com.br\/#website"},"primaryImageOfPage":{"@id":"https:\/\/jornalfatosenoticias.com.br\/index.php\/2020\/12\/03\/a-educacao-nao-esta-bem-mas-podemos-melhorar\/#primaryimage"},"image":{"@id":"https:\/\/jornalfatosenoticias.com.br\/index.php\/2020\/12\/03\/a-educacao-nao-esta-bem-mas-podemos-melhorar\/#primaryimage"},"thumbnailUrl":"https:\/\/jornalfatosenoticias.com.br\/wp-content\/uploads\/2020\/12\/alessandra_diretora.jpg","datePublished":"2020-12-03T21:45:17+00:00","dateModified":"2020-12-03T21:45:18+00:00","breadcrumb":{"@id":"https:\/\/jornalfatosenoticias.com.br\/index.php\/2020\/12\/03\/a-educacao-nao-esta-bem-mas-podemos-melhorar\/#breadcrumb"},"inLanguage":"pt-BR","potentialAction":[{"@type":"ReadAction","target":["https:\/\/jornalfatosenoticias.com.br\/index.php\/2020\/12\/03\/a-educacao-nao-esta-bem-mas-podemos-melhorar\/"]}]},{"@type":"ImageObject","inLanguage":"pt-BR","@id":"https:\/\/jornalfatosenoticias.com.br\/index.php\/2020\/12\/03\/a-educacao-nao-esta-bem-mas-podemos-melhorar\/#primaryimage","url":"https:\/\/jornalfatosenoticias.com.br\/wp-content\/uploads\/2020\/12\/alessandra_diretora.jpg","contentUrl":"https:\/\/jornalfatosenoticias.com.br\/wp-content\/uploads\/2020\/12\/alessandra_diretora.jpg","width":1000,"height":666},{"@type":"BreadcrumbList","@id":"https:\/\/jornalfatosenoticias.com.br\/index.php\/2020\/12\/03\/a-educacao-nao-esta-bem-mas-podemos-melhorar\/#breadcrumb","itemListElement":[{"@type":"ListItem","position":1,"name":"In\u00edcio","item":"https:\/\/jornalfatosenoticias.com.br\/"},{"@type":"ListItem","position":2,"name":"\u201cA educa\u00e7\u00e3o n\u00e3o est\u00e1 bem, mas podemos melhorar\u201d"}]},{"@type":"WebSite","@id":"https:\/\/jornalfatosenoticias.com.br\/#website","url":"https:\/\/jornalfatosenoticias.com.br\/","name":"Jornal Fatos e Not\u00edcias","description":"Not\u00edcias em geral","publisher":{"@id":"https:\/\/jornalfatosenoticias.com.br\/#organization"},"potentialAction":[{"@type":"SearchAction","target":{"@type":"EntryPoint","urlTemplate":"https:\/\/jornalfatosenoticias.com.br\/?s={search_term_string}"},"query-input":{"@type":"PropertyValueSpecification","valueRequired":true,"valueName":"search_term_string"}}],"inLanguage":"pt-BR"},{"@type":"Organization","@id":"https:\/\/jornalfatosenoticias.com.br\/#organization","name":"Jornal Fatos e Not\u00edcias","url":"https:\/\/jornalfatosenoticias.com.br\/","logo":{"@type":"ImageObject","inLanguage":"pt-BR","@id":"https:\/\/jornalfatosenoticias.com.br\/#\/schema\/logo\/image\/","url":"https:\/\/jornalfatosenoticias.com.br\/wp-content\/uploads\/2020\/02\/logo120.png","contentUrl":"https:\/\/jornalfatosenoticias.com.br\/wp-content\/uploads\/2020\/02\/logo120.png","width":1227,"height":120,"caption":"Jornal Fatos e Not\u00edcias"},"image":{"@id":"https:\/\/jornalfatosenoticias.com.br\/#\/schema\/logo\/image\/"}},{"@type":"Person","@id":"https:\/\/jornalfatosenoticias.com.br\/#\/schema\/person\/05c46cc25b42a5c27e004fb0fa6b4965","name":"Haroldo Filho","image":{"@type":"ImageObject","inLanguage":"pt-BR","@id":"https:\/\/jornalfatosenoticias.com.br\/#\/schema\/person\/image\/","url":"https:\/\/jornalfatosenoticias.com.br\/wp-content\/uploads\/2025\/08\/WhatsApp-Image-2025-08-18-at-15.30.28-150x150.jpeg","contentUrl":"https:\/\/jornalfatosenoticias.com.br\/wp-content\/uploads\/2025\/08\/WhatsApp-Image-2025-08-18-at-15.30.28-150x150.jpeg","caption":"Haroldo Filho"},"description":"Jornalista \u2013 DRT: 0003818\/ES Coordenador-geral da ONG Educar para Crescer","url":"https:\/\/jornalfatosenoticias.com.br\/index.php\/author\/haroldo\/"}]}},"cc_featured_image_caption":{"caption_text":"(Foto: Haroldo Cordeiro Filho) \r\n","source_text":"","source_url":""},"jetpack_featured_media_url":"https:\/\/jornalfatosenoticias.com.br\/wp-content\/uploads\/2020\/12\/alessandra_diretora.jpg","_links":{"self":[{"href":"https:\/\/jornalfatosenoticias.com.br\/index.php\/wp-json\/wp\/v2\/posts\/12036","targetHints":{"allow":["GET"]}}],"collection":[{"href":"https:\/\/jornalfatosenoticias.com.br\/index.php\/wp-json\/wp\/v2\/posts"}],"about":[{"href":"https:\/\/jornalfatosenoticias.com.br\/index.php\/wp-json\/wp\/v2\/types\/post"}],"author":[{"embeddable":true,"href":"https:\/\/jornalfatosenoticias.com.br\/index.php\/wp-json\/wp\/v2\/users\/3"}],"replies":[{"embeddable":true,"href":"https:\/\/jornalfatosenoticias.com.br\/index.php\/wp-json\/wp\/v2\/comments?post=12036"}],"version-history":[{"count":0,"href":"https:\/\/jornalfatosenoticias.com.br\/index.php\/wp-json\/wp\/v2\/posts\/12036\/revisions"}],"wp:featuredmedia":[{"embeddable":true,"href":"https:\/\/jornalfatosenoticias.com.br\/index.php\/wp-json\/wp\/v2\/media\/12037"}],"wp:attachment":[{"href":"https:\/\/jornalfatosenoticias.com.br\/index.php\/wp-json\/wp\/v2\/media?parent=12036"}],"wp:term":[{"taxonomy":"category","embeddable":true,"href":"https:\/\/jornalfatosenoticias.com.br\/index.php\/wp-json\/wp\/v2\/categories?post=12036"},{"taxonomy":"post_tag","embeddable":true,"href":"https:\/\/jornalfatosenoticias.com.br\/index.php\/wp-json\/wp\/v2\/tags?post=12036"}],"curies":[{"name":"wp","href":"https:\/\/api.w.org\/{rel}","templated":true}]}}