{"id":12069,"date":"2020-12-03T19:21:54","date_gmt":"2020-12-03T22:21:54","guid":{"rendered":"https:\/\/jornalfatosenoticias.com.br\/?p=12069"},"modified":"2020-12-03T19:21:55","modified_gmt":"2020-12-03T22:21:55","slug":"estragos-permanentes-da-privacao-materna-pela-acusacao-de-alienacao-parental-parte-iii","status":"publish","type":"post","link":"https:\/\/jornalfatosenoticias.com.br\/index.php\/2020\/12\/03\/estragos-permanentes-da-privacao-materna-pela-acusacao-de-alienacao-parental-parte-iii\/","title":{"rendered":"Estragos Permanentes da Priva\u00e7\u00e3o Materna pela acusa\u00e7\u00e3o de Aliena\u00e7\u00e3o Parental \u2014 Parte III"},"content":{"rendered":"\n<p>Uma crian\u00e7a pequena faz uma revela\u00e7\u00e3o de abuso sexual que ela nem tem muita no\u00e7\u00e3o da gravidade. Mas, n\u00e3o raro, ela revela ap\u00f3s a separa\u00e7\u00e3o dos pais porque passa a se sentir mais confiante e segura. O pai n\u00e3o dorme mais em casa. Dormir sob o mesmo teto, para a crian\u00e7a, \u00e9 muito intimidador. A noite \u00e9 muito assustadora quando h\u00e1 um agressor dentro de casa. A crian\u00e7a fica aterrorizada ao pensar que seu agressor, que j\u00e1 tem uma superioridade f\u00edsica sobre ela, pode ainda \u201cpeg\u00e1-la\u201d dormindo, completamente indefesa.<br>N\u00e3o \u00e9 dif\u00edcil localizar todos os sentimentos de repulsa que temos pela m\u00e3e que abandona seu filho, beb\u00ea, numa ca\u00e7amba de lixo, por exemplo. A condena\u00e7\u00e3o \u00e9 extensa. Mas, hoje, temos o abandono materno judicial compuls\u00f3rio, promovido pelo rito da lei de aliena\u00e7\u00e3o parental. Uma vez que a crian\u00e7a revela ou comunica de forma comportamental que est\u00e1 exposta a pr\u00e1ticas de abusos sexuais, sua m\u00e3e \u00e9 obrigada a fazer uma den\u00fancia, art. 13 do ECA, o que, imediatamente, sem nenhuma comprova\u00e7\u00e3o, at\u00e9 porque n\u00e3o existe instrumento de aferi\u00e7\u00e3o de tal comportamento, \u00e9 travestido em aliena\u00e7\u00e3o parental, mudando da Vara Criminal para a Vara de Fam\u00edlia. O Mito da Fam\u00edlia Feliz, como escreve a Desembargadora Maria Berenice Dias, se desenha e se opera. O crime de abuso sexual intrafamiliar deixa de ser investigado, a Voz do genitor ecoa como verdade indubit\u00e1vel, a m\u00e3e passa a r\u00e9. O abusador vira v\u00edtima. E a crian\u00e7a, como instrui Gardner em seu livro \u201cTrue and falses accusations of child sex abuse\u201d, deve ser levada \u00e0 exaust\u00e3o, fazendo com que relate infinitas vezes os abusos sexuais. Esta \u00e9 uma t\u00e1tica para a banaliza\u00e7\u00e3o e que \u00e9 seguida pela outra instru\u00e7\u00e3o sobre a terapia de crian\u00e7as v\u00edtimas. Ele afirma que o terapeuta de crian\u00e7as abusadas deve se sentar ao lado da crian\u00e7a para assistir, junto com ela, a v\u00eddeos de abusos sexuais de outras crian\u00e7as e dela mesma. Assim, ele acredita que a crian\u00e7a ir\u00e1 naturalizar o abuso.<br>Para que estas manobras sejam operadas, a m\u00e3e deve estar afastada da crian\u00e7a. Da\u00ed a necessidade de seu distanciamento. Ningu\u00e9m dimensiona o encastelamento da crian\u00e7a, entregue ao pai abusador, que \u00e9 praticado. A perversidade desta condena\u00e7\u00e3o dupla para a crian\u00e7a e dupla para a m\u00e3e, \u00e9 avassaladora. Para a crian\u00e7a, ela revelou, quebrou o pacto do segredo firmado com o pai\/abusador, e foi punida. Foi entregue ao autor das viola\u00e7\u00f5es de seu corpo, de quem tinha tanto medo, e perdeu a m\u00e3e, em quem confiava. A crian\u00e7a se sente sendo presa, as buscas e apreens\u00f5es t\u00e3o frequentes, trazem, claramente, esta viv\u00eancia. Elas s\u00e3o arrancadas de seu mundo de refer\u00eancia, da m\u00e3e, incluindo para os menores, do peito que mamavam, da casa, dos cheiros, dos brinquedos, da caminha, dos seus animais de estima\u00e7\u00e3o, tudo lhes \u00e9 tirado abruptamente. S\u00e3o surpreendidas por pessoas estranhas, policiais, armas em punho, muitas vezes, que os agarram e levam. \u00c9 a ida para o c\u00e1rcere. A viagem \u00e9 curta, mas ainda piora. S\u00e3o entregues por estes policiais que as seguraram com for\u00e7a, ao pai abusador. Ali, morre a esperan\u00e7a de prote\u00e7\u00e3o em falta. Os gritos traduzem o desespero. Mas nada det\u00e9m a opera\u00e7\u00e3o de guerra armada para retirar a crian\u00e7a da condenada \u201cm\u00e3e alienadora\u201d, a \u201cm\u00e3e louca\u201d. Esta condena\u00e7\u00e3o \u00e9 sum\u00e1ria. E n\u00e3o espera o tr\u00e2nsito em julgado. N\u00e3o precisa. O pai falou que era aliena\u00e7\u00e3o. O car\u00e1ter dogm\u00e1tico deste termo consolidou-se porque ele leva \u00e0 ilus\u00e3o de uma \u201cresolu\u00e7\u00e3o m\u00e1gica\u201d de que tanto gostamos. Abrevia o caminho, e cega para a monstruosidade do incesto.<br>Pelo lado da m\u00e3e tamb\u00e9m h\u00e1 uma dupla condena\u00e7\u00e3o. Ela \u00e9 acusada e sentenciada como louca e maliciosa. Mas a pior condena\u00e7\u00e3o \u00e9 a da constata\u00e7\u00e3o de sua impot\u00eancia para proteger sua cria. E, para n\u00e3o poder insistir nem usar a Justi\u00e7a Recursal que nos rege, a m\u00e3e \u00e9, devidamente, amorda\u00e7ada. Isto implica em ouvir ordens de Operadores de Justi\u00e7a que as pro\u00edbem de falar sobre os abusos com a crian\u00e7a, de participarem de redes sociais, num ex\u00edlio dentro de sua pr\u00f3pria vida.<br>\u201cJuiz n\u00e3o tira filho nem de m\u00e3e prostituta, se perdeu a guarda \u00e9 porque fez uma coisa muito grave\u201d. Esta \u00e9 uma afirma\u00e7\u00e3o social preconceituosa e perversa que visa acabar de aniquilar a m\u00e3e. Por maior que seja seu esfor\u00e7o para se manter em p\u00e9, este combo de viol\u00eancias, a psicol\u00f3gica, a moral, a patrimonial, lembrando que todas as que perderam a guarda passaram a pagar, rigorosamente, pens\u00e3o aliment\u00edcia para o pai abusador que fica com a guarda unilateral, a m\u00e3e \u00e9 massacrada no seu Direito \u00e0 maternidade. Nestes casos, muitas vezes, o pai n\u00e3o pagava pens\u00e3o h\u00e1 muito, mas isso lhe \u00e9 perdoado, porque ele era v\u00edtima de aliena\u00e7\u00e3o da m\u00e3e.<\/p>\n\n\n\n<figure class=\"wp-block-image size-large\"><img loading=\"lazy\" decoding=\"async\" width=\"1000\" height=\"662\" src=\"https:\/\/jornalfatosenoticias.com.br\/wp-content\/uploads\/2020\/12\/separacao-mae-e-filha.jpg\" alt=\"\" class=\"wp-image-12070\" srcset=\"https:\/\/jornalfatosenoticias.com.br\/wp-content\/uploads\/2020\/12\/separacao-mae-e-filha.jpg 1000w, https:\/\/jornalfatosenoticias.com.br\/wp-content\/uploads\/2020\/12\/separacao-mae-e-filha-300x199.jpg 300w, https:\/\/jornalfatosenoticias.com.br\/wp-content\/uploads\/2020\/12\/separacao-mae-e-filha-768x508.jpg 768w\" sizes=\"auto, (max-width: 1000px) 100vw, 1000px\" \/><figcaption><em>M\u00e3e e filha, separa\u00e7\u00e3o (Foto: Reprodu\u00e7\u00e3o internet)<\/em><\/figcaption><\/figure>\n\n\n\n<p>Pode parecer que isto pertence ao mundo dos adultos, mas isto \u00e9 um equ\u00edvoco. A crian\u00e7a acaba por ter conhecimento, na maioria das vezes pelo pr\u00f3prio pai que prossegue desqualificando a m\u00e3e. Faz parte do combo das viol\u00eancias. Al\u00e9m disso, esta sombra que vem com o preconceito da compara\u00e7\u00e3o com as m\u00e3es prostitutas, potencializa a viol\u00eancia contra a crian\u00e7a pelo constrangimento em seu ambiente social. Ela sempre escuta aquela pergunta \u201cpor que sua m\u00e3e n\u00e3o veio?\u201d, para a qual ela n\u00e3o tem resposta. S\u00f3 vergonha, constrangimento vexat\u00f3rio. Esta \u00e9 uma fonte de mal estar, um nascedouro de psicopatologias permanentes. \u00c9 comum que a agressividade, a mesma viol\u00eancia recebida pelo combo da aliena\u00e7\u00e3o parental, se cristalize e avance contra tudo e todos. A Priva\u00e7\u00e3o Materna Judicial motivada pela acusa\u00e7\u00e3o do dogma da \u201caliena\u00e7\u00e3o parental\u201d tem, para a crian\u00e7a, a equival\u00eancia do abandono da ca\u00e7amba de lixo.<br>Acrescentar ao abuso sexual intrafamiliar, um trauma, a priva\u00e7\u00e3o materna judicial, outro trauma, est\u00e1 estragando, em perman\u00eancia, a mente destas crian\u00e7as, v\u00edtimas da perversidade da lei de aliena\u00e7\u00e3o parental.<br>Continuaremos a falar sobre este tema na pr\u00f3xima semana.<\/p>\n","protected":false},"excerpt":{"rendered":"<p>Uma crian\u00e7a pequena faz uma revela\u00e7\u00e3o de abuso sexual que ela nem tem muita no\u00e7\u00e3o da gravidade. Mas, n\u00e3o raro, ela revela ap\u00f3s a separa\u00e7\u00e3o dos pais porque passa a se sentir mais confiante e segura. O pai n\u00e3o dorme mais em casa. Dormir sob o mesmo teto, para a crian\u00e7a, \u00e9 muito intimidador. A [&hellip;]<\/p>\n","protected":false},"author":8,"featured_media":12071,"comment_status":"open","ping_status":"open","sticky":false,"template":"","format":"standard","meta":{"footnotes":""},"categories":[2522],"tags":[6344,4298,6343,464,6345],"class_list":["post-12069","post","type-post","status-publish","format-standard","has-post-thumbnail","hentry","category-comportamento","tag-abusos-sexuais","tag-alienacao-parental","tag-condenacao","tag-lei","tag-rito"],"yoast_head":"<!-- This site is optimized with the Yoast SEO plugin v26.5 - https:\/\/yoast.com\/wordpress\/plugins\/seo\/ -->\n<title>Estragos Permanentes da Priva\u00e7\u00e3o Materna pela acusa\u00e7\u00e3o de Aliena\u00e7\u00e3o Parental \u2014 Parte III - Jornal Fatos e Not\u00edcias<\/title>\n<meta name=\"robots\" content=\"index, follow, max-snippet:-1, max-image-preview:large, max-video-preview:-1\" \/>\n<link rel=\"canonical\" href=\"https:\/\/jornalfatosenoticias.com.br\/index.php\/2020\/12\/03\/estragos-permanentes-da-privacao-materna-pela-acusacao-de-alienacao-parental-parte-iii\/\" \/>\n<meta property=\"og:locale\" content=\"pt_BR\" \/>\n<meta property=\"og:type\" content=\"article\" \/>\n<meta property=\"og:title\" content=\"Estragos Permanentes da Priva\u00e7\u00e3o Materna pela acusa\u00e7\u00e3o de Aliena\u00e7\u00e3o Parental \u2014 Parte III - Jornal Fatos e Not\u00edcias\" \/>\n<meta property=\"og:description\" content=\"Uma crian\u00e7a pequena faz uma revela\u00e7\u00e3o de abuso sexual que ela nem tem muita no\u00e7\u00e3o da gravidade. Mas, n\u00e3o raro, ela revela ap\u00f3s a separa\u00e7\u00e3o dos pais porque passa a se sentir mais confiante e segura. O pai n\u00e3o dorme mais em casa. Dormir sob o mesmo teto, para a crian\u00e7a, \u00e9 muito intimidador. A [&hellip;]\" \/>\n<meta property=\"og:url\" content=\"https:\/\/jornalfatosenoticias.com.br\/index.php\/2020\/12\/03\/estragos-permanentes-da-privacao-materna-pela-acusacao-de-alienacao-parental-parte-iii\/\" \/>\n<meta property=\"og:site_name\" content=\"Jornal Fatos e Not\u00edcias\" \/>\n<meta property=\"article:published_time\" content=\"2020-12-03T22:21:54+00:00\" \/>\n<meta property=\"article:modified_time\" content=\"2020-12-03T22:21:55+00:00\" \/>\n<meta property=\"og:image\" content=\"https:\/\/jornalfatosenoticias.com.br\/wp-content\/uploads\/2020\/12\/ansiedade-infantil_mae-e-bebe-separacao.jpg\" \/>\n\t<meta property=\"og:image:width\" content=\"1000\" \/>\n\t<meta property=\"og:image:height\" content=\"539\" \/>\n\t<meta property=\"og:image:type\" content=\"image\/jpeg\" \/>\n<meta name=\"author\" content=\"Ana Maria Iencarelli\" \/>\n<meta name=\"twitter:card\" content=\"summary_large_image\" \/>\n<meta name=\"twitter:label1\" content=\"Escrito por\" \/>\n\t<meta name=\"twitter:data1\" content=\"Ana Maria Iencarelli\" \/>\n\t<meta name=\"twitter:label2\" content=\"Est. tempo de leitura\" \/>\n\t<meta name=\"twitter:data2\" content=\"5 minutos\" \/>\n<script type=\"application\/ld+json\" class=\"yoast-schema-graph\">{\"@context\":\"https:\/\/schema.org\",\"@graph\":[{\"@type\":\"Article\",\"@id\":\"https:\/\/jornalfatosenoticias.com.br\/index.php\/2020\/12\/03\/estragos-permanentes-da-privacao-materna-pela-acusacao-de-alienacao-parental-parte-iii\/#article\",\"isPartOf\":{\"@id\":\"https:\/\/jornalfatosenoticias.com.br\/index.php\/2020\/12\/03\/estragos-permanentes-da-privacao-materna-pela-acusacao-de-alienacao-parental-parte-iii\/\"},\"author\":{\"name\":\"Ana Maria Iencarelli\",\"@id\":\"https:\/\/jornalfatosenoticias.com.br\/#\/schema\/person\/c33fcf5fb02d729d3fec92c6737a22d1\"},\"headline\":\"Estragos Permanentes da Priva\u00e7\u00e3o Materna pela acusa\u00e7\u00e3o de Aliena\u00e7\u00e3o Parental \u2014 Parte III\",\"datePublished\":\"2020-12-03T22:21:54+00:00\",\"dateModified\":\"2020-12-03T22:21:55+00:00\",\"mainEntityOfPage\":{\"@id\":\"https:\/\/jornalfatosenoticias.com.br\/index.php\/2020\/12\/03\/estragos-permanentes-da-privacao-materna-pela-acusacao-de-alienacao-parental-parte-iii\/\"},\"wordCount\":1106,\"commentCount\":0,\"publisher\":{\"@id\":\"https:\/\/jornalfatosenoticias.com.br\/#organization\"},\"image\":{\"@id\":\"https:\/\/jornalfatosenoticias.com.br\/index.php\/2020\/12\/03\/estragos-permanentes-da-privacao-materna-pela-acusacao-de-alienacao-parental-parte-iii\/#primaryimage\"},\"thumbnailUrl\":\"https:\/\/jornalfatosenoticias.com.br\/wp-content\/uploads\/2020\/12\/ansiedade-infantil_mae-e-bebe-separacao.jpg\",\"keywords\":[\"abusos sexuais\",\"aliena\u00e7\u00e3o parental\",\"condena\u00e7\u00e3o\",\"lei\",\"rito\"],\"articleSection\":[\"Comportamento &amp; Equil\u00edbrio\"],\"inLanguage\":\"pt-BR\",\"potentialAction\":[{\"@type\":\"CommentAction\",\"name\":\"Comment\",\"target\":[\"https:\/\/jornalfatosenoticias.com.br\/index.php\/2020\/12\/03\/estragos-permanentes-da-privacao-materna-pela-acusacao-de-alienacao-parental-parte-iii\/#respond\"]}]},{\"@type\":\"WebPage\",\"@id\":\"https:\/\/jornalfatosenoticias.com.br\/index.php\/2020\/12\/03\/estragos-permanentes-da-privacao-materna-pela-acusacao-de-alienacao-parental-parte-iii\/\",\"url\":\"https:\/\/jornalfatosenoticias.com.br\/index.php\/2020\/12\/03\/estragos-permanentes-da-privacao-materna-pela-acusacao-de-alienacao-parental-parte-iii\/\",\"name\":\"Estragos Permanentes da Priva\u00e7\u00e3o Materna pela acusa\u00e7\u00e3o de Aliena\u00e7\u00e3o Parental \u2014 Parte III - Jornal Fatos e Not\u00edcias\",\"isPartOf\":{\"@id\":\"https:\/\/jornalfatosenoticias.com.br\/#website\"},\"primaryImageOfPage\":{\"@id\":\"https:\/\/jornalfatosenoticias.com.br\/index.php\/2020\/12\/03\/estragos-permanentes-da-privacao-materna-pela-acusacao-de-alienacao-parental-parte-iii\/#primaryimage\"},\"image\":{\"@id\":\"https:\/\/jornalfatosenoticias.com.br\/index.php\/2020\/12\/03\/estragos-permanentes-da-privacao-materna-pela-acusacao-de-alienacao-parental-parte-iii\/#primaryimage\"},\"thumbnailUrl\":\"https:\/\/jornalfatosenoticias.com.br\/wp-content\/uploads\/2020\/12\/ansiedade-infantil_mae-e-bebe-separacao.jpg\",\"datePublished\":\"2020-12-03T22:21:54+00:00\",\"dateModified\":\"2020-12-03T22:21:55+00:00\",\"breadcrumb\":{\"@id\":\"https:\/\/jornalfatosenoticias.com.br\/index.php\/2020\/12\/03\/estragos-permanentes-da-privacao-materna-pela-acusacao-de-alienacao-parental-parte-iii\/#breadcrumb\"},\"inLanguage\":\"pt-BR\",\"potentialAction\":[{\"@type\":\"ReadAction\",\"target\":[\"https:\/\/jornalfatosenoticias.com.br\/index.php\/2020\/12\/03\/estragos-permanentes-da-privacao-materna-pela-acusacao-de-alienacao-parental-parte-iii\/\"]}]},{\"@type\":\"ImageObject\",\"inLanguage\":\"pt-BR\",\"@id\":\"https:\/\/jornalfatosenoticias.com.br\/index.php\/2020\/12\/03\/estragos-permanentes-da-privacao-materna-pela-acusacao-de-alienacao-parental-parte-iii\/#primaryimage\",\"url\":\"https:\/\/jornalfatosenoticias.com.br\/wp-content\/uploads\/2020\/12\/ansiedade-infantil_mae-e-bebe-separacao.jpg\",\"contentUrl\":\"https:\/\/jornalfatosenoticias.com.br\/wp-content\/uploads\/2020\/12\/ansiedade-infantil_mae-e-bebe-separacao.jpg\",\"width\":1000,\"height\":539},{\"@type\":\"BreadcrumbList\",\"@id\":\"https:\/\/jornalfatosenoticias.com.br\/index.php\/2020\/12\/03\/estragos-permanentes-da-privacao-materna-pela-acusacao-de-alienacao-parental-parte-iii\/#breadcrumb\",\"itemListElement\":[{\"@type\":\"ListItem\",\"position\":1,\"name\":\"In\u00edcio\",\"item\":\"https:\/\/jornalfatosenoticias.com.br\/\"},{\"@type\":\"ListItem\",\"position\":2,\"name\":\"Estragos Permanentes da Priva\u00e7\u00e3o Materna pela acusa\u00e7\u00e3o de Aliena\u00e7\u00e3o Parental \u2014 Parte III\"}]},{\"@type\":\"WebSite\",\"@id\":\"https:\/\/jornalfatosenoticias.com.br\/#website\",\"url\":\"https:\/\/jornalfatosenoticias.com.br\/\",\"name\":\"Jornal Fatos e Not\u00edcias\",\"description\":\"Not\u00edcias em geral\",\"publisher\":{\"@id\":\"https:\/\/jornalfatosenoticias.com.br\/#organization\"},\"potentialAction\":[{\"@type\":\"SearchAction\",\"target\":{\"@type\":\"EntryPoint\",\"urlTemplate\":\"https:\/\/jornalfatosenoticias.com.br\/?s={search_term_string}\"},\"query-input\":{\"@type\":\"PropertyValueSpecification\",\"valueRequired\":true,\"valueName\":\"search_term_string\"}}],\"inLanguage\":\"pt-BR\"},{\"@type\":\"Organization\",\"@id\":\"https:\/\/jornalfatosenoticias.com.br\/#organization\",\"name\":\"Jornal Fatos e Not\u00edcias\",\"url\":\"https:\/\/jornalfatosenoticias.com.br\/\",\"logo\":{\"@type\":\"ImageObject\",\"inLanguage\":\"pt-BR\",\"@id\":\"https:\/\/jornalfatosenoticias.com.br\/#\/schema\/logo\/image\/\",\"url\":\"https:\/\/jornalfatosenoticias.com.br\/wp-content\/uploads\/2020\/02\/logo120.png\",\"contentUrl\":\"https:\/\/jornalfatosenoticias.com.br\/wp-content\/uploads\/2020\/02\/logo120.png\",\"width\":1227,\"height\":120,\"caption\":\"Jornal Fatos e Not\u00edcias\"},\"image\":{\"@id\":\"https:\/\/jornalfatosenoticias.com.br\/#\/schema\/logo\/image\/\"}},{\"@type\":\"Person\",\"@id\":\"https:\/\/jornalfatosenoticias.com.br\/#\/schema\/person\/c33fcf5fb02d729d3fec92c6737a22d1\",\"name\":\"Ana Maria Iencarelli\",\"image\":{\"@type\":\"ImageObject\",\"inLanguage\":\"pt-BR\",\"@id\":\"https:\/\/jornalfatosenoticias.com.br\/#\/schema\/person\/image\/\",\"url\":\"https:\/\/jornalfatosenoticias.com.br\/wp-content\/uploads\/2020\/02\/Ana-Maria-Iencarelli-1-150x150.jpg\",\"contentUrl\":\"https:\/\/jornalfatosenoticias.com.br\/wp-content\/uploads\/2020\/02\/Ana-Maria-Iencarelli-1-150x150.jpg\",\"caption\":\"Ana Maria Iencarelli\"},\"description\":\"Psicanalista Cl\u00ednica, especializada no atendimento a Crian\u00e7as e Adolescentes. Presidente da ONG Vozes de Anjos.\",\"url\":\"https:\/\/jornalfatosenoticias.com.br\/index.php\/author\/anamaria\/\"}]}<\/script>\n<!-- \/ Yoast SEO plugin. -->","yoast_head_json":{"title":"Estragos Permanentes da Priva\u00e7\u00e3o Materna pela acusa\u00e7\u00e3o de Aliena\u00e7\u00e3o Parental \u2014 Parte III - Jornal Fatos e Not\u00edcias","robots":{"index":"index","follow":"follow","max-snippet":"max-snippet:-1","max-image-preview":"max-image-preview:large","max-video-preview":"max-video-preview:-1"},"canonical":"https:\/\/jornalfatosenoticias.com.br\/index.php\/2020\/12\/03\/estragos-permanentes-da-privacao-materna-pela-acusacao-de-alienacao-parental-parte-iii\/","og_locale":"pt_BR","og_type":"article","og_title":"Estragos Permanentes da Priva\u00e7\u00e3o Materna pela acusa\u00e7\u00e3o de Aliena\u00e7\u00e3o Parental \u2014 Parte III - Jornal Fatos e Not\u00edcias","og_description":"Uma crian\u00e7a pequena faz uma revela\u00e7\u00e3o de abuso sexual que ela nem tem muita no\u00e7\u00e3o da gravidade. Mas, n\u00e3o raro, ela revela ap\u00f3s a separa\u00e7\u00e3o dos pais porque passa a se sentir mais confiante e segura. O pai n\u00e3o dorme mais em casa. Dormir sob o mesmo teto, para a crian\u00e7a, \u00e9 muito intimidador. A [&hellip;]","og_url":"https:\/\/jornalfatosenoticias.com.br\/index.php\/2020\/12\/03\/estragos-permanentes-da-privacao-materna-pela-acusacao-de-alienacao-parental-parte-iii\/","og_site_name":"Jornal Fatos e Not\u00edcias","article_published_time":"2020-12-03T22:21:54+00:00","article_modified_time":"2020-12-03T22:21:55+00:00","og_image":[{"width":1000,"height":539,"url":"https:\/\/jornalfatosenoticias.com.br\/wp-content\/uploads\/2020\/12\/ansiedade-infantil_mae-e-bebe-separacao.jpg","type":"image\/jpeg"}],"author":"Ana Maria Iencarelli","twitter_card":"summary_large_image","twitter_misc":{"Escrito por":"Ana Maria Iencarelli","Est. tempo de leitura":"5 minutos"},"schema":{"@context":"https:\/\/schema.org","@graph":[{"@type":"Article","@id":"https:\/\/jornalfatosenoticias.com.br\/index.php\/2020\/12\/03\/estragos-permanentes-da-privacao-materna-pela-acusacao-de-alienacao-parental-parte-iii\/#article","isPartOf":{"@id":"https:\/\/jornalfatosenoticias.com.br\/index.php\/2020\/12\/03\/estragos-permanentes-da-privacao-materna-pela-acusacao-de-alienacao-parental-parte-iii\/"},"author":{"name":"Ana Maria Iencarelli","@id":"https:\/\/jornalfatosenoticias.com.br\/#\/schema\/person\/c33fcf5fb02d729d3fec92c6737a22d1"},"headline":"Estragos Permanentes da Priva\u00e7\u00e3o Materna pela acusa\u00e7\u00e3o de Aliena\u00e7\u00e3o Parental \u2014 Parte III","datePublished":"2020-12-03T22:21:54+00:00","dateModified":"2020-12-03T22:21:55+00:00","mainEntityOfPage":{"@id":"https:\/\/jornalfatosenoticias.com.br\/index.php\/2020\/12\/03\/estragos-permanentes-da-privacao-materna-pela-acusacao-de-alienacao-parental-parte-iii\/"},"wordCount":1106,"commentCount":0,"publisher":{"@id":"https:\/\/jornalfatosenoticias.com.br\/#organization"},"image":{"@id":"https:\/\/jornalfatosenoticias.com.br\/index.php\/2020\/12\/03\/estragos-permanentes-da-privacao-materna-pela-acusacao-de-alienacao-parental-parte-iii\/#primaryimage"},"thumbnailUrl":"https:\/\/jornalfatosenoticias.com.br\/wp-content\/uploads\/2020\/12\/ansiedade-infantil_mae-e-bebe-separacao.jpg","keywords":["abusos sexuais","aliena\u00e7\u00e3o parental","condena\u00e7\u00e3o","lei","rito"],"articleSection":["Comportamento &amp; Equil\u00edbrio"],"inLanguage":"pt-BR","potentialAction":[{"@type":"CommentAction","name":"Comment","target":["https:\/\/jornalfatosenoticias.com.br\/index.php\/2020\/12\/03\/estragos-permanentes-da-privacao-materna-pela-acusacao-de-alienacao-parental-parte-iii\/#respond"]}]},{"@type":"WebPage","@id":"https:\/\/jornalfatosenoticias.com.br\/index.php\/2020\/12\/03\/estragos-permanentes-da-privacao-materna-pela-acusacao-de-alienacao-parental-parte-iii\/","url":"https:\/\/jornalfatosenoticias.com.br\/index.php\/2020\/12\/03\/estragos-permanentes-da-privacao-materna-pela-acusacao-de-alienacao-parental-parte-iii\/","name":"Estragos Permanentes da Priva\u00e7\u00e3o Materna pela acusa\u00e7\u00e3o de Aliena\u00e7\u00e3o Parental \u2014 Parte III - Jornal Fatos e Not\u00edcias","isPartOf":{"@id":"https:\/\/jornalfatosenoticias.com.br\/#website"},"primaryImageOfPage":{"@id":"https:\/\/jornalfatosenoticias.com.br\/index.php\/2020\/12\/03\/estragos-permanentes-da-privacao-materna-pela-acusacao-de-alienacao-parental-parte-iii\/#primaryimage"},"image":{"@id":"https:\/\/jornalfatosenoticias.com.br\/index.php\/2020\/12\/03\/estragos-permanentes-da-privacao-materna-pela-acusacao-de-alienacao-parental-parte-iii\/#primaryimage"},"thumbnailUrl":"https:\/\/jornalfatosenoticias.com.br\/wp-content\/uploads\/2020\/12\/ansiedade-infantil_mae-e-bebe-separacao.jpg","datePublished":"2020-12-03T22:21:54+00:00","dateModified":"2020-12-03T22:21:55+00:00","breadcrumb":{"@id":"https:\/\/jornalfatosenoticias.com.br\/index.php\/2020\/12\/03\/estragos-permanentes-da-privacao-materna-pela-acusacao-de-alienacao-parental-parte-iii\/#breadcrumb"},"inLanguage":"pt-BR","potentialAction":[{"@type":"ReadAction","target":["https:\/\/jornalfatosenoticias.com.br\/index.php\/2020\/12\/03\/estragos-permanentes-da-privacao-materna-pela-acusacao-de-alienacao-parental-parte-iii\/"]}]},{"@type":"ImageObject","inLanguage":"pt-BR","@id":"https:\/\/jornalfatosenoticias.com.br\/index.php\/2020\/12\/03\/estragos-permanentes-da-privacao-materna-pela-acusacao-de-alienacao-parental-parte-iii\/#primaryimage","url":"https:\/\/jornalfatosenoticias.com.br\/wp-content\/uploads\/2020\/12\/ansiedade-infantil_mae-e-bebe-separacao.jpg","contentUrl":"https:\/\/jornalfatosenoticias.com.br\/wp-content\/uploads\/2020\/12\/ansiedade-infantil_mae-e-bebe-separacao.jpg","width":1000,"height":539},{"@type":"BreadcrumbList","@id":"https:\/\/jornalfatosenoticias.com.br\/index.php\/2020\/12\/03\/estragos-permanentes-da-privacao-materna-pela-acusacao-de-alienacao-parental-parte-iii\/#breadcrumb","itemListElement":[{"@type":"ListItem","position":1,"name":"In\u00edcio","item":"https:\/\/jornalfatosenoticias.com.br\/"},{"@type":"ListItem","position":2,"name":"Estragos Permanentes da Priva\u00e7\u00e3o Materna pela acusa\u00e7\u00e3o de Aliena\u00e7\u00e3o Parental \u2014 Parte III"}]},{"@type":"WebSite","@id":"https:\/\/jornalfatosenoticias.com.br\/#website","url":"https:\/\/jornalfatosenoticias.com.br\/","name":"Jornal Fatos e Not\u00edcias","description":"Not\u00edcias em geral","publisher":{"@id":"https:\/\/jornalfatosenoticias.com.br\/#organization"},"potentialAction":[{"@type":"SearchAction","target":{"@type":"EntryPoint","urlTemplate":"https:\/\/jornalfatosenoticias.com.br\/?s={search_term_string}"},"query-input":{"@type":"PropertyValueSpecification","valueRequired":true,"valueName":"search_term_string"}}],"inLanguage":"pt-BR"},{"@type":"Organization","@id":"https:\/\/jornalfatosenoticias.com.br\/#organization","name":"Jornal Fatos e Not\u00edcias","url":"https:\/\/jornalfatosenoticias.com.br\/","logo":{"@type":"ImageObject","inLanguage":"pt-BR","@id":"https:\/\/jornalfatosenoticias.com.br\/#\/schema\/logo\/image\/","url":"https:\/\/jornalfatosenoticias.com.br\/wp-content\/uploads\/2020\/02\/logo120.png","contentUrl":"https:\/\/jornalfatosenoticias.com.br\/wp-content\/uploads\/2020\/02\/logo120.png","width":1227,"height":120,"caption":"Jornal Fatos e Not\u00edcias"},"image":{"@id":"https:\/\/jornalfatosenoticias.com.br\/#\/schema\/logo\/image\/"}},{"@type":"Person","@id":"https:\/\/jornalfatosenoticias.com.br\/#\/schema\/person\/c33fcf5fb02d729d3fec92c6737a22d1","name":"Ana Maria Iencarelli","image":{"@type":"ImageObject","inLanguage":"pt-BR","@id":"https:\/\/jornalfatosenoticias.com.br\/#\/schema\/person\/image\/","url":"https:\/\/jornalfatosenoticias.com.br\/wp-content\/uploads\/2020\/02\/Ana-Maria-Iencarelli-1-150x150.jpg","contentUrl":"https:\/\/jornalfatosenoticias.com.br\/wp-content\/uploads\/2020\/02\/Ana-Maria-Iencarelli-1-150x150.jpg","caption":"Ana Maria Iencarelli"},"description":"Psicanalista Cl\u00ednica, especializada no atendimento a Crian\u00e7as e Adolescentes. Presidente da ONG Vozes de Anjos.","url":"https:\/\/jornalfatosenoticias.com.br\/index.php\/author\/anamaria\/"}]}},"cc_featured_image_caption":{"caption_text":"Ansiedade infantil (Pinterest)","source_text":"","source_url":""},"jetpack_featured_media_url":"https:\/\/jornalfatosenoticias.com.br\/wp-content\/uploads\/2020\/12\/ansiedade-infantil_mae-e-bebe-separacao.jpg","_links":{"self":[{"href":"https:\/\/jornalfatosenoticias.com.br\/index.php\/wp-json\/wp\/v2\/posts\/12069","targetHints":{"allow":["GET"]}}],"collection":[{"href":"https:\/\/jornalfatosenoticias.com.br\/index.php\/wp-json\/wp\/v2\/posts"}],"about":[{"href":"https:\/\/jornalfatosenoticias.com.br\/index.php\/wp-json\/wp\/v2\/types\/post"}],"author":[{"embeddable":true,"href":"https:\/\/jornalfatosenoticias.com.br\/index.php\/wp-json\/wp\/v2\/users\/8"}],"replies":[{"embeddable":true,"href":"https:\/\/jornalfatosenoticias.com.br\/index.php\/wp-json\/wp\/v2\/comments?post=12069"}],"version-history":[{"count":0,"href":"https:\/\/jornalfatosenoticias.com.br\/index.php\/wp-json\/wp\/v2\/posts\/12069\/revisions"}],"wp:featuredmedia":[{"embeddable":true,"href":"https:\/\/jornalfatosenoticias.com.br\/index.php\/wp-json\/wp\/v2\/media\/12071"}],"wp:attachment":[{"href":"https:\/\/jornalfatosenoticias.com.br\/index.php\/wp-json\/wp\/v2\/media?parent=12069"}],"wp:term":[{"taxonomy":"category","embeddable":true,"href":"https:\/\/jornalfatosenoticias.com.br\/index.php\/wp-json\/wp\/v2\/categories?post=12069"},{"taxonomy":"post_tag","embeddable":true,"href":"https:\/\/jornalfatosenoticias.com.br\/index.php\/wp-json\/wp\/v2\/tags?post=12069"}],"curies":[{"name":"wp","href":"https:\/\/api.w.org\/{rel}","templated":true}]}}