{"id":12073,"date":"2020-12-03T19:25:00","date_gmt":"2020-12-03T22:25:00","guid":{"rendered":"https:\/\/jornalfatosenoticias.com.br\/?p=12073"},"modified":"2020-12-03T19:25:01","modified_gmt":"2020-12-03T22:25:01","slug":"professores-da-rede-estadual-sao-finalistas-do-premio-shell-de-educacao-cientifica-2020","status":"publish","type":"post","link":"https:\/\/jornalfatosenoticias.com.br\/index.php\/2020\/12\/03\/professores-da-rede-estadual-sao-finalistas-do-premio-shell-de-educacao-cientifica-2020\/","title":{"rendered":"Professores da Rede Estadual s\u00e3o finalistas do Pr\u00eamio Shell de Educa\u00e7\u00e3o Cient\u00edfica 2020"},"content":{"rendered":"\n<p>Professores da Rede Estadual de Educa\u00e7\u00e3o s\u00e3o finalistas do Pr\u00eamio Shell de Educa\u00e7\u00e3o Cient\u00edfica 2020, que busca incentivar e valorizar docentes das \u00e1reas de ci\u00eancias e matem\u00e1tica no Rio de Janeiro e Esp\u00edrito Santo, premiando projetos de educa\u00e7\u00e3o inovadores que, por meio de metodologias diferenciadas, promovem novas formas de ensinar e de aprender.<\/p>\n\n\n\n<p><strong>Conhe\u00e7a os finalistas<br>Categoria Ensino M\u00e9dio:<\/strong> Fagner de Souza Leite, da Escola Estadual de Ensino M\u00e9dio (EEEM) Professor Joaquim Fonseca, de Concei\u00e7\u00e3o da Barra; Idolindo Gabrecht, da Escola Estadual de Ensino Fundamental e M\u00e9dio (EEEFM) Alto Jatibocas, de Itarana; Karoliny Mendes da Costa, do Centro Estadual de Ensino Fundamental e M\u00e9dio em Tempo Integral (CEEFMTI) Assisolina Assis Andrade, de Vila Velha; Rodrigo Da Vit\u00f3ria Gomes, da EEEFM Professor Manoel Abreu, de Linhares.<br><strong>Ensino Fundamental:<\/strong> Alyson Torres de Barros, da EEEFM Misael Pinto Netto, de Aracruz; Cristiane Teixeira Cordeiro Fonseca, da EEEFM Arlindo Ferreira Lopes, da Serra.<br><strong>Categoria Especial: <\/strong>Cec\u00edlia Freitas Martins, da EEEM Col\u00e9gio Estadual do Esp\u00edrito Santo, de Vit\u00f3ria; Wanderson Pinto Moreira, da EEEFM Belmiro Teixeira Pimenta, da Serra; S\u00e1vio da Silveira Janu\u00e1rio, da EEEFM C\u00e2ndida P\u00f3voa.<br>Saiba mais em:<a href=\"https:\/\/psec.shell.com.br\/inscricao\/finalists-of-the-2020-edition.html\"> https:\/\/psec.shell.com.br\/inscricao\/finalists-of-the-2020-edition.html<\/a><\/p>\n\n\n\n<p><strong><em>Fonte: <a href=\"https:\/\/www.es.gov.br\/Noticia\/professores-da-rede-estadual-sao-finalistas-do-premio-shell-de-educacao-cientifica-2020#:~:text=Professores%20da%20Rede%20Estadual%20de,de%20metodologias%20diferenciadas%2C%20promovem%20novas\">Sedu<\/a><\/em><\/strong><\/p>\n","protected":false},"excerpt":{"rendered":"<p>Professores da Rede Estadual de Educa\u00e7\u00e3o s\u00e3o finalistas do Pr\u00eamio Shell de Educa\u00e7\u00e3o Cient\u00edfica 2020, que busca incentivar e valorizar docentes das \u00e1reas de ci\u00eancias e matem\u00e1tica no Rio de Janeiro e Esp\u00edrito Santo, premiando projetos de educa\u00e7\u00e3o inovadores que, por meio de metodologias diferenciadas, promovem novas formas de ensinar e de aprender. Conhe\u00e7a os [&hellip;]<\/p>\n","protected":false},"author":2,"featured_media":12074,"comment_status":"open","ping_status":"open","sticky":false,"template":"","format":"standard","meta":{"footnotes":""},"categories":[7],"tags":[343,6346,357,2628],"class_list":["post-12073","post","type-post","status-publish","format-standard","has-post-thumbnail","hentry","category-educacao","tag-incentivo","tag-premio-shell-de-educacao-cientifica-2020","tag-professores","tag-valorizacao"],"yoast_head":"<!-- This site is optimized with the Yoast SEO plugin v26.5 - https:\/\/yoast.com\/wordpress\/plugins\/seo\/ -->\n<title>Professores da Rede Estadual s\u00e3o finalistas do Pr\u00eamio Shell de Educa\u00e7\u00e3o Cient\u00edfica 2020 - Jornal Fatos e Not\u00edcias<\/title>\n<meta name=\"robots\" content=\"index, follow, max-snippet:-1, max-image-preview:large, max-video-preview:-1\" \/>\n<link rel=\"canonical\" href=\"https:\/\/jornalfatosenoticias.com.br\/index.php\/2020\/12\/03\/professores-da-rede-estadual-sao-finalistas-do-premio-shell-de-educacao-cientifica-2020\/\" \/>\n<meta property=\"og:locale\" content=\"pt_BR\" \/>\n<meta property=\"og:type\" content=\"article\" \/>\n<meta property=\"og:title\" content=\"Professores da Rede Estadual s\u00e3o finalistas do Pr\u00eamio Shell de Educa\u00e7\u00e3o Cient\u00edfica 2020 - Jornal Fatos e Not\u00edcias\" \/>\n<meta property=\"og:description\" content=\"Professores da Rede Estadual de Educa\u00e7\u00e3o s\u00e3o finalistas do Pr\u00eamio Shell de Educa\u00e7\u00e3o Cient\u00edfica 2020, que busca incentivar e valorizar docentes das \u00e1reas de ci\u00eancias e matem\u00e1tica no Rio de Janeiro e Esp\u00edrito Santo, premiando projetos de educa\u00e7\u00e3o inovadores que, por meio de metodologias diferenciadas, promovem novas formas de ensinar e de aprender. Conhe\u00e7a os [&hellip;]\" \/>\n<meta property=\"og:url\" content=\"https:\/\/jornalfatosenoticias.com.br\/index.php\/2020\/12\/03\/professores-da-rede-estadual-sao-finalistas-do-premio-shell-de-educacao-cientifica-2020\/\" \/>\n<meta property=\"og:site_name\" content=\"Jornal Fatos e Not\u00edcias\" \/>\n<meta property=\"article:published_time\" content=\"2020-12-03T22:25:00+00:00\" \/>\n<meta property=\"article:modified_time\" content=\"2020-12-03T22:25:01+00:00\" \/>\n<meta property=\"og:image\" content=\"https:\/\/jornalfatosenoticias.com.br\/wp-content\/uploads\/2020\/12\/premio-shell-de-educacao-cientifica.jpg\" \/>\n\t<meta property=\"og:image:width\" content=\"1000\" \/>\n\t<meta property=\"og:image:height\" content=\"666\" \/>\n\t<meta property=\"og:image:type\" content=\"image\/jpeg\" \/>\n<meta name=\"author\" content=\"Luzimara Fernandes\" \/>\n<meta name=\"twitter:card\" content=\"summary_large_image\" \/>\n<meta name=\"twitter:label1\" content=\"Escrito por\" \/>\n\t<meta name=\"twitter:data1\" content=\"Luzimara Fernandes\" \/>\n\t<meta name=\"twitter:label2\" content=\"Est. tempo de leitura\" \/>\n\t<meta name=\"twitter:data2\" content=\"1 minuto\" \/>\n<script type=\"application\/ld+json\" class=\"yoast-schema-graph\">{\"@context\":\"https:\/\/schema.org\",\"@graph\":[{\"@type\":\"Article\",\"@id\":\"https:\/\/jornalfatosenoticias.com.br\/index.php\/2020\/12\/03\/professores-da-rede-estadual-sao-finalistas-do-premio-shell-de-educacao-cientifica-2020\/#article\",\"isPartOf\":{\"@id\":\"https:\/\/jornalfatosenoticias.com.br\/index.php\/2020\/12\/03\/professores-da-rede-estadual-sao-finalistas-do-premio-shell-de-educacao-cientifica-2020\/\"},\"author\":{\"name\":\"Luzimara Fernandes\",\"@id\":\"https:\/\/jornalfatosenoticias.com.br\/#\/schema\/person\/d63837fa13ac8666eb9e74e0985d6f81\"},\"headline\":\"Professores da Rede Estadual s\u00e3o finalistas do Pr\u00eamio Shell de Educa\u00e7\u00e3o Cient\u00edfica 2020\",\"datePublished\":\"2020-12-03T22:25:00+00:00\",\"dateModified\":\"2020-12-03T22:25:01+00:00\",\"mainEntityOfPage\":{\"@id\":\"https:\/\/jornalfatosenoticias.com.br\/index.php\/2020\/12\/03\/professores-da-rede-estadual-sao-finalistas-do-premio-shell-de-educacao-cientifica-2020\/\"},\"wordCount\":233,\"commentCount\":0,\"publisher\":{\"@id\":\"https:\/\/jornalfatosenoticias.com.br\/#organization\"},\"image\":{\"@id\":\"https:\/\/jornalfatosenoticias.com.br\/index.php\/2020\/12\/03\/professores-da-rede-estadual-sao-finalistas-do-premio-shell-de-educacao-cientifica-2020\/#primaryimage\"},\"thumbnailUrl\":\"https:\/\/jornalfatosenoticias.com.br\/wp-content\/uploads\/2020\/12\/premio-shell-de-educacao-cientifica.jpg\",\"keywords\":[\"incentivo\",\"Pr\u00eamio Shell de Educa\u00e7\u00e3o Cient\u00edfica 2020\",\"professores\",\"valoriza\u00e7\u00e3o\"],\"articleSection\":[\"Educa\u00e7\u00e3o\"],\"inLanguage\":\"pt-BR\",\"potentialAction\":[{\"@type\":\"CommentAction\",\"name\":\"Comment\",\"target\":[\"https:\/\/jornalfatosenoticias.com.br\/index.php\/2020\/12\/03\/professores-da-rede-estadual-sao-finalistas-do-premio-shell-de-educacao-cientifica-2020\/#respond\"]}]},{\"@type\":\"WebPage\",\"@id\":\"https:\/\/jornalfatosenoticias.com.br\/index.php\/2020\/12\/03\/professores-da-rede-estadual-sao-finalistas-do-premio-shell-de-educacao-cientifica-2020\/\",\"url\":\"https:\/\/jornalfatosenoticias.com.br\/index.php\/2020\/12\/03\/professores-da-rede-estadual-sao-finalistas-do-premio-shell-de-educacao-cientifica-2020\/\",\"name\":\"Professores da Rede Estadual s\u00e3o finalistas do Pr\u00eamio Shell de Educa\u00e7\u00e3o Cient\u00edfica 2020 - Jornal Fatos e Not\u00edcias\",\"isPartOf\":{\"@id\":\"https:\/\/jornalfatosenoticias.com.br\/#website\"},\"primaryImageOfPage\":{\"@id\":\"https:\/\/jornalfatosenoticias.com.br\/index.php\/2020\/12\/03\/professores-da-rede-estadual-sao-finalistas-do-premio-shell-de-educacao-cientifica-2020\/#primaryimage\"},\"image\":{\"@id\":\"https:\/\/jornalfatosenoticias.com.br\/index.php\/2020\/12\/03\/professores-da-rede-estadual-sao-finalistas-do-premio-shell-de-educacao-cientifica-2020\/#primaryimage\"},\"thumbnailUrl\":\"https:\/\/jornalfatosenoticias.com.br\/wp-content\/uploads\/2020\/12\/premio-shell-de-educacao-cientifica.jpg\",\"datePublished\":\"2020-12-03T22:25:00+00:00\",\"dateModified\":\"2020-12-03T22:25:01+00:00\",\"breadcrumb\":{\"@id\":\"https:\/\/jornalfatosenoticias.com.br\/index.php\/2020\/12\/03\/professores-da-rede-estadual-sao-finalistas-do-premio-shell-de-educacao-cientifica-2020\/#breadcrumb\"},\"inLanguage\":\"pt-BR\",\"potentialAction\":[{\"@type\":\"ReadAction\",\"target\":[\"https:\/\/jornalfatosenoticias.com.br\/index.php\/2020\/12\/03\/professores-da-rede-estadual-sao-finalistas-do-premio-shell-de-educacao-cientifica-2020\/\"]}]},{\"@type\":\"ImageObject\",\"inLanguage\":\"pt-BR\",\"@id\":\"https:\/\/jornalfatosenoticias.com.br\/index.php\/2020\/12\/03\/professores-da-rede-estadual-sao-finalistas-do-premio-shell-de-educacao-cientifica-2020\/#primaryimage\",\"url\":\"https:\/\/jornalfatosenoticias.com.br\/wp-content\/uploads\/2020\/12\/premio-shell-de-educacao-cientifica.jpg\",\"contentUrl\":\"https:\/\/jornalfatosenoticias.com.br\/wp-content\/uploads\/2020\/12\/premio-shell-de-educacao-cientifica.jpg\",\"width\":1000,\"height\":666},{\"@type\":\"BreadcrumbList\",\"@id\":\"https:\/\/jornalfatosenoticias.com.br\/index.php\/2020\/12\/03\/professores-da-rede-estadual-sao-finalistas-do-premio-shell-de-educacao-cientifica-2020\/#breadcrumb\",\"itemListElement\":[{\"@type\":\"ListItem\",\"position\":1,\"name\":\"In\u00edcio\",\"item\":\"https:\/\/jornalfatosenoticias.com.br\/\"},{\"@type\":\"ListItem\",\"position\":2,\"name\":\"Professores da Rede Estadual s\u00e3o finalistas do Pr\u00eamio Shell de Educa\u00e7\u00e3o Cient\u00edfica 2020\"}]},{\"@type\":\"WebSite\",\"@id\":\"https:\/\/jornalfatosenoticias.com.br\/#website\",\"url\":\"https:\/\/jornalfatosenoticias.com.br\/\",\"name\":\"Jornal Fatos e Not\u00edcias\",\"description\":\"Not\u00edcias em geral\",\"publisher\":{\"@id\":\"https:\/\/jornalfatosenoticias.com.br\/#organization\"},\"potentialAction\":[{\"@type\":\"SearchAction\",\"target\":{\"@type\":\"EntryPoint\",\"urlTemplate\":\"https:\/\/jornalfatosenoticias.com.br\/?s={search_term_string}\"},\"query-input\":{\"@type\":\"PropertyValueSpecification\",\"valueRequired\":true,\"valueName\":\"search_term_string\"}}],\"inLanguage\":\"pt-BR\"},{\"@type\":\"Organization\",\"@id\":\"https:\/\/jornalfatosenoticias.com.br\/#organization\",\"name\":\"Jornal Fatos e Not\u00edcias\",\"url\":\"https:\/\/jornalfatosenoticias.com.br\/\",\"logo\":{\"@type\":\"ImageObject\",\"inLanguage\":\"pt-BR\",\"@id\":\"https:\/\/jornalfatosenoticias.com.br\/#\/schema\/logo\/image\/\",\"url\":\"https:\/\/jornalfatosenoticias.com.br\/wp-content\/uploads\/2020\/02\/logo120.png\",\"contentUrl\":\"https:\/\/jornalfatosenoticias.com.br\/wp-content\/uploads\/2020\/02\/logo120.png\",\"width\":1227,\"height\":120,\"caption\":\"Jornal Fatos e Not\u00edcias\"},\"image\":{\"@id\":\"https:\/\/jornalfatosenoticias.com.br\/#\/schema\/logo\/image\/\"}},{\"@type\":\"Person\",\"@id\":\"https:\/\/jornalfatosenoticias.com.br\/#\/schema\/person\/d63837fa13ac8666eb9e74e0985d6f81\",\"name\":\"Luzimara Fernandes\",\"image\":{\"@type\":\"ImageObject\",\"inLanguage\":\"pt-BR\",\"@id\":\"https:\/\/jornalfatosenoticias.com.br\/#\/schema\/person\/image\/\",\"url\":\"https:\/\/jornalfatosenoticias.com.br\/wp-content\/uploads\/2025\/05\/EU_portal.jpg\",\"contentUrl\":\"https:\/\/jornalfatosenoticias.com.br\/wp-content\/uploads\/2025\/05\/EU_portal.jpg\",\"caption\":\"Luzimara Fernandes\"},\"description\":\"Jornalista MTB 2358-ES\",\"sameAs\":[\"https:\/\/jornalfatosenoticias.com.br\"],\"url\":\"https:\/\/jornalfatosenoticias.com.br\/index.php\/author\/luzimara\/\"}]}<\/script>\n<!-- \/ Yoast SEO plugin. -->","yoast_head_json":{"title":"Professores da Rede Estadual s\u00e3o finalistas do Pr\u00eamio Shell de Educa\u00e7\u00e3o Cient\u00edfica 2020 - Jornal Fatos e Not\u00edcias","robots":{"index":"index","follow":"follow","max-snippet":"max-snippet:-1","max-image-preview":"max-image-preview:large","max-video-preview":"max-video-preview:-1"},"canonical":"https:\/\/jornalfatosenoticias.com.br\/index.php\/2020\/12\/03\/professores-da-rede-estadual-sao-finalistas-do-premio-shell-de-educacao-cientifica-2020\/","og_locale":"pt_BR","og_type":"article","og_title":"Professores da Rede Estadual s\u00e3o finalistas do Pr\u00eamio Shell de Educa\u00e7\u00e3o Cient\u00edfica 2020 - Jornal Fatos e Not\u00edcias","og_description":"Professores da Rede Estadual de Educa\u00e7\u00e3o s\u00e3o finalistas do Pr\u00eamio Shell de Educa\u00e7\u00e3o Cient\u00edfica 2020, que busca incentivar e valorizar docentes das \u00e1reas de ci\u00eancias e matem\u00e1tica no Rio de Janeiro e Esp\u00edrito Santo, premiando projetos de educa\u00e7\u00e3o inovadores que, por meio de metodologias diferenciadas, promovem novas formas de ensinar e de aprender. Conhe\u00e7a os [&hellip;]","og_url":"https:\/\/jornalfatosenoticias.com.br\/index.php\/2020\/12\/03\/professores-da-rede-estadual-sao-finalistas-do-premio-shell-de-educacao-cientifica-2020\/","og_site_name":"Jornal Fatos e Not\u00edcias","article_published_time":"2020-12-03T22:25:00+00:00","article_modified_time":"2020-12-03T22:25:01+00:00","og_image":[{"width":1000,"height":666,"url":"https:\/\/jornalfatosenoticias.com.br\/wp-content\/uploads\/2020\/12\/premio-shell-de-educacao-cientifica.jpg","type":"image\/jpeg"}],"author":"Luzimara Fernandes","twitter_card":"summary_large_image","twitter_misc":{"Escrito por":"Luzimara Fernandes","Est. tempo de leitura":"1 minuto"},"schema":{"@context":"https:\/\/schema.org","@graph":[{"@type":"Article","@id":"https:\/\/jornalfatosenoticias.com.br\/index.php\/2020\/12\/03\/professores-da-rede-estadual-sao-finalistas-do-premio-shell-de-educacao-cientifica-2020\/#article","isPartOf":{"@id":"https:\/\/jornalfatosenoticias.com.br\/index.php\/2020\/12\/03\/professores-da-rede-estadual-sao-finalistas-do-premio-shell-de-educacao-cientifica-2020\/"},"author":{"name":"Luzimara Fernandes","@id":"https:\/\/jornalfatosenoticias.com.br\/#\/schema\/person\/d63837fa13ac8666eb9e74e0985d6f81"},"headline":"Professores da Rede Estadual s\u00e3o finalistas do Pr\u00eamio Shell de Educa\u00e7\u00e3o Cient\u00edfica 2020","datePublished":"2020-12-03T22:25:00+00:00","dateModified":"2020-12-03T22:25:01+00:00","mainEntityOfPage":{"@id":"https:\/\/jornalfatosenoticias.com.br\/index.php\/2020\/12\/03\/professores-da-rede-estadual-sao-finalistas-do-premio-shell-de-educacao-cientifica-2020\/"},"wordCount":233,"commentCount":0,"publisher":{"@id":"https:\/\/jornalfatosenoticias.com.br\/#organization"},"image":{"@id":"https:\/\/jornalfatosenoticias.com.br\/index.php\/2020\/12\/03\/professores-da-rede-estadual-sao-finalistas-do-premio-shell-de-educacao-cientifica-2020\/#primaryimage"},"thumbnailUrl":"https:\/\/jornalfatosenoticias.com.br\/wp-content\/uploads\/2020\/12\/premio-shell-de-educacao-cientifica.jpg","keywords":["incentivo","Pr\u00eamio Shell de Educa\u00e7\u00e3o Cient\u00edfica 2020","professores","valoriza\u00e7\u00e3o"],"articleSection":["Educa\u00e7\u00e3o"],"inLanguage":"pt-BR","potentialAction":[{"@type":"CommentAction","name":"Comment","target":["https:\/\/jornalfatosenoticias.com.br\/index.php\/2020\/12\/03\/professores-da-rede-estadual-sao-finalistas-do-premio-shell-de-educacao-cientifica-2020\/#respond"]}]},{"@type":"WebPage","@id":"https:\/\/jornalfatosenoticias.com.br\/index.php\/2020\/12\/03\/professores-da-rede-estadual-sao-finalistas-do-premio-shell-de-educacao-cientifica-2020\/","url":"https:\/\/jornalfatosenoticias.com.br\/index.php\/2020\/12\/03\/professores-da-rede-estadual-sao-finalistas-do-premio-shell-de-educacao-cientifica-2020\/","name":"Professores da Rede Estadual s\u00e3o finalistas do Pr\u00eamio Shell de Educa\u00e7\u00e3o Cient\u00edfica 2020 - Jornal Fatos e Not\u00edcias","isPartOf":{"@id":"https:\/\/jornalfatosenoticias.com.br\/#website"},"primaryImageOfPage":{"@id":"https:\/\/jornalfatosenoticias.com.br\/index.php\/2020\/12\/03\/professores-da-rede-estadual-sao-finalistas-do-premio-shell-de-educacao-cientifica-2020\/#primaryimage"},"image":{"@id":"https:\/\/jornalfatosenoticias.com.br\/index.php\/2020\/12\/03\/professores-da-rede-estadual-sao-finalistas-do-premio-shell-de-educacao-cientifica-2020\/#primaryimage"},"thumbnailUrl":"https:\/\/jornalfatosenoticias.com.br\/wp-content\/uploads\/2020\/12\/premio-shell-de-educacao-cientifica.jpg","datePublished":"2020-12-03T22:25:00+00:00","dateModified":"2020-12-03T22:25:01+00:00","breadcrumb":{"@id":"https:\/\/jornalfatosenoticias.com.br\/index.php\/2020\/12\/03\/professores-da-rede-estadual-sao-finalistas-do-premio-shell-de-educacao-cientifica-2020\/#breadcrumb"},"inLanguage":"pt-BR","potentialAction":[{"@type":"ReadAction","target":["https:\/\/jornalfatosenoticias.com.br\/index.php\/2020\/12\/03\/professores-da-rede-estadual-sao-finalistas-do-premio-shell-de-educacao-cientifica-2020\/"]}]},{"@type":"ImageObject","inLanguage":"pt-BR","@id":"https:\/\/jornalfatosenoticias.com.br\/index.php\/2020\/12\/03\/professores-da-rede-estadual-sao-finalistas-do-premio-shell-de-educacao-cientifica-2020\/#primaryimage","url":"https:\/\/jornalfatosenoticias.com.br\/wp-content\/uploads\/2020\/12\/premio-shell-de-educacao-cientifica.jpg","contentUrl":"https:\/\/jornalfatosenoticias.com.br\/wp-content\/uploads\/2020\/12\/premio-shell-de-educacao-cientifica.jpg","width":1000,"height":666},{"@type":"BreadcrumbList","@id":"https:\/\/jornalfatosenoticias.com.br\/index.php\/2020\/12\/03\/professores-da-rede-estadual-sao-finalistas-do-premio-shell-de-educacao-cientifica-2020\/#breadcrumb","itemListElement":[{"@type":"ListItem","position":1,"name":"In\u00edcio","item":"https:\/\/jornalfatosenoticias.com.br\/"},{"@type":"ListItem","position":2,"name":"Professores da Rede Estadual s\u00e3o finalistas do Pr\u00eamio Shell de Educa\u00e7\u00e3o Cient\u00edfica 2020"}]},{"@type":"WebSite","@id":"https:\/\/jornalfatosenoticias.com.br\/#website","url":"https:\/\/jornalfatosenoticias.com.br\/","name":"Jornal Fatos e Not\u00edcias","description":"Not\u00edcias em geral","publisher":{"@id":"https:\/\/jornalfatosenoticias.com.br\/#organization"},"potentialAction":[{"@type":"SearchAction","target":{"@type":"EntryPoint","urlTemplate":"https:\/\/jornalfatosenoticias.com.br\/?s={search_term_string}"},"query-input":{"@type":"PropertyValueSpecification","valueRequired":true,"valueName":"search_term_string"}}],"inLanguage":"pt-BR"},{"@type":"Organization","@id":"https:\/\/jornalfatosenoticias.com.br\/#organization","name":"Jornal Fatos e Not\u00edcias","url":"https:\/\/jornalfatosenoticias.com.br\/","logo":{"@type":"ImageObject","inLanguage":"pt-BR","@id":"https:\/\/jornalfatosenoticias.com.br\/#\/schema\/logo\/image\/","url":"https:\/\/jornalfatosenoticias.com.br\/wp-content\/uploads\/2020\/02\/logo120.png","contentUrl":"https:\/\/jornalfatosenoticias.com.br\/wp-content\/uploads\/2020\/02\/logo120.png","width":1227,"height":120,"caption":"Jornal Fatos e Not\u00edcias"},"image":{"@id":"https:\/\/jornalfatosenoticias.com.br\/#\/schema\/logo\/image\/"}},{"@type":"Person","@id":"https:\/\/jornalfatosenoticias.com.br\/#\/schema\/person\/d63837fa13ac8666eb9e74e0985d6f81","name":"Luzimara Fernandes","image":{"@type":"ImageObject","inLanguage":"pt-BR","@id":"https:\/\/jornalfatosenoticias.com.br\/#\/schema\/person\/image\/","url":"https:\/\/jornalfatosenoticias.com.br\/wp-content\/uploads\/2025\/05\/EU_portal.jpg","contentUrl":"https:\/\/jornalfatosenoticias.com.br\/wp-content\/uploads\/2025\/05\/EU_portal.jpg","caption":"Luzimara Fernandes"},"description":"Jornalista MTB 2358-ES","sameAs":["https:\/\/jornalfatosenoticias.com.br"],"url":"https:\/\/jornalfatosenoticias.com.br\/index.php\/author\/luzimara\/"}]}},"cc_featured_image_caption":{"caption_text":"(Foto: \u00a9Divulga\u00e7\u00e3o\/Shell) ","source_text":"","source_url":""},"jetpack_featured_media_url":"https:\/\/jornalfatosenoticias.com.br\/wp-content\/uploads\/2020\/12\/premio-shell-de-educacao-cientifica.jpg","_links":{"self":[{"href":"https:\/\/jornalfatosenoticias.com.br\/index.php\/wp-json\/wp\/v2\/posts\/12073","targetHints":{"allow":["GET"]}}],"collection":[{"href":"https:\/\/jornalfatosenoticias.com.br\/index.php\/wp-json\/wp\/v2\/posts"}],"about":[{"href":"https:\/\/jornalfatosenoticias.com.br\/index.php\/wp-json\/wp\/v2\/types\/post"}],"author":[{"embeddable":true,"href":"https:\/\/jornalfatosenoticias.com.br\/index.php\/wp-json\/wp\/v2\/users\/2"}],"replies":[{"embeddable":true,"href":"https:\/\/jornalfatosenoticias.com.br\/index.php\/wp-json\/wp\/v2\/comments?post=12073"}],"version-history":[{"count":0,"href":"https:\/\/jornalfatosenoticias.com.br\/index.php\/wp-json\/wp\/v2\/posts\/12073\/revisions"}],"wp:featuredmedia":[{"embeddable":true,"href":"https:\/\/jornalfatosenoticias.com.br\/index.php\/wp-json\/wp\/v2\/media\/12074"}],"wp:attachment":[{"href":"https:\/\/jornalfatosenoticias.com.br\/index.php\/wp-json\/wp\/v2\/media?parent=12073"}],"wp:term":[{"taxonomy":"category","embeddable":true,"href":"https:\/\/jornalfatosenoticias.com.br\/index.php\/wp-json\/wp\/v2\/categories?post=12073"},{"taxonomy":"post_tag","embeddable":true,"href":"https:\/\/jornalfatosenoticias.com.br\/index.php\/wp-json\/wp\/v2\/tags?post=12073"}],"curies":[{"name":"wp","href":"https:\/\/api.w.org\/{rel}","templated":true}]}}