{"id":12076,"date":"2020-12-03T19:27:27","date_gmt":"2020-12-03T22:27:27","guid":{"rendered":"https:\/\/jornalfatosenoticias.com.br\/?p=12076"},"modified":"2020-12-03T19:27:31","modified_gmt":"2020-12-03T22:27:31","slug":"2020-deve-ser-um-dos-tres-anos-mais-quentes-da-historia","status":"publish","type":"post","link":"https:\/\/jornalfatosenoticias.com.br\/index.php\/2020\/12\/03\/2020-deve-ser-um-dos-tres-anos-mais-quentes-da-historia\/","title":{"rendered":"2020 deve ser um dos tr\u00eas anos mais quentes da hist\u00f3ria"},"content":{"rendered":"\n<h6 class=\"wp-block-heading\"><em>Para ONU, mundo caminha para suic\u00eddio<\/em><\/h6>\n\n\n\n<p>Com o avan\u00e7o do aquecimento global, o ano de 2020, que foi marcado por ondas de calor, secas, inc\u00eandios florestais e furac\u00f5es, deve terminar como um dos tr\u00eas mais quentes do registro hist\u00f3rico. E a d\u00e9cada de 2011 a 2020 como a mais quente desde que a temperatura come\u00e7ou a ser medida, no fim do s\u00e9culo 19. \u00c9 o que estima a Organiza\u00e7\u00e3o Meteorol\u00f3gica Mundial (OMM) com base na situa\u00e7\u00e3o observada por pelo menos cinco bases de dados mundiais entre janeiro e outubro deste ano. Um relat\u00f3rio pr\u00e9vio do seu Estado do Clima Global em 2020 foi divulgado nesta quarta-feira (2).<br>\u201cA temperatura m\u00e9dia global em 2020 deve ficar cerca de 1,2\u00b0C acima do n\u00edvel pr\u00e9-industrial (1850-1900). H\u00e1 pelo menos uma chance em cinco de exceder temporariamente 1,5\u00b0C at\u00e9 2024\u201d, afirmou o secret\u00e1rio-geral da OMM, Petteri Taalas, em comunicado \u00e0 imprensa. Conter o aquecimento do planeta em 1,5\u00b0C at\u00e9 o fim do s\u00e9culo \u00e9 o objetivo mais ousado do Acordo de Paris, estabelecido em 2015, mas parece estar cada vez mais longe de ser alcan\u00e7ado.<br>Mesmo com as medidas de lockdown adotadas em v\u00e1rios pa\u00edses por causa da pandemia de covid-19, que paralisaram atividades industriais, a concentra\u00e7\u00e3o de gases de efeito estufa na atmosfera, que provocam o aquecimento do planeta, continuou subindo este ano, j\u00e1 havia informado no fim de novembro a OMM. No pr\u00f3ximo dia 12, o Acordo de Paris completa cinco anos, mas os compromissos que quase 200 pa\u00edses do mundo fizeram para reduzir suas emiss\u00f5es n\u00e3o est\u00e3o deixando o mundo no caminho de conter a eleva\u00e7\u00e3o da temperatura. &#8220;Mais esfor\u00e7os s\u00e3o necess\u00e1rios&#8221;, frisou Taalas.<br>O secret\u00e1rio-geral da ONU, Ant\u00f3nio Guterres, afirmou que a culpa pelo problema \u00e9 das emiss\u00f5es causadas pelas atividades humanas e da falta de pol\u00edticas para lidar com a quest\u00e3o. &#8220;Para colocar isso de modo simples, o planeta est\u00e1 quebrado. A humanidade est\u00e1 travando uma guerra com a natureza e isso \u00e9 suicida&#8221;, disse em evento em Nova York, ap\u00f3s o lan\u00e7amento do relat\u00f3rio.<br>Taalas lembrou que o ano mais quente at\u00e9 ent\u00e3o, o de 2016, coincidiu com a forte ocorr\u00eancia do fen\u00f4meno El Ni\u00f1o, que aquece as \u00e1guas do Pac\u00edfico e colabora com o aumento da temperatura do planeta. Mas, em 2020, est\u00e1 em vigor um fen\u00f4meno contr\u00e1rio, o La Ni\u00f1a, que tem um efeito de esfriamento \u2014 mesmo assim, a temperatura m\u00e9dia da Terra subiu. &#8220;N\u00e3o foi suficiente para colocar um freio no aquecimento deste ano. Este ano j\u00e1 mostrou recordes de calor compar\u00e1veis aos de 2016&#8221;, afirmou. O relat\u00f3rio final, com a temperatura m\u00e9dia do ano, deve ser divulgado em mar\u00e7o de 2021.<br>Diversas partes do planeta sofreram, em 2020, com ondas de calor extremo, com queimadas devastadoras na Austr\u00e1lia, na Sib\u00e9ria, na costa oeste dos Estados Unidos e na Am\u00e9rica do Sul. Os inc\u00eandios no Pantanal neste ano, lembrados no relat\u00f3rio da OMM, foram recordes desde o in\u00edcio das medi\u00e7\u00f5es, em 1998, pelo Instituto Nacional de Pesquisas Espaciais (Inpe), piorados em parte pela seca intensa e pelas altas temperaturas. A OMM cita que as perdas agr\u00edcolas estimadas com as queimadas foram de US$ 33 bilh\u00f5es somente no Brasil. Cidades do Mato Grosso, do Mato Grosso do Sul e de S\u00e3o Paulo bateram recordes de temperatura neste ano. A capital paulista teve a segunda maior temperatura de sua hist\u00f3ria.<br>De acordo com o relat\u00f3rio, a temperatura do oceano est\u00e1 em n\u00edveis recordes e mais de 80% dos mares do planeta experimentaram uma onda de calor marinha em algum momento de 2020, impactando, de forma generalizada, os ecossistemas marinhos, que j\u00e1 sofrem com \u00e1guas mais \u00e1cidas devido \u00e0 absor\u00e7\u00e3o de di\u00f3xido de carbono (CO2). Esse aquecimento dos oceanos colaborou com a ocorr\u00eancia de um n\u00famero recorde de furac\u00f5es no Atl\u00e2ntico.<br>Guterres disse que os desastres naturais relacionados \u00e0 mudan\u00e7a clim\u00e1tica j\u00e1 custaram ao mundo US$ 150 bilh\u00f5es, e que a polui\u00e7\u00e3o do ar e da \u00e1gua mata 9 milh\u00f5es de pessoas por ano. Ele pediu a l\u00edderes mundiais para alinharem as finan\u00e7as globais em torno do Acordo de Paris, a fim de alcan\u00e7ar emiss\u00f5es l\u00edquidas zero e financiar esfor\u00e7os para se adaptar \u00e0s mudan\u00e7as clim\u00e1ticas.<\/p>\n\n\n\n<p><em><strong>Fonte: <a href=\"https:\/\/www.msn.com\/pt-br\/noticias\/meio-ambiente\/2020-deve-ser-um-dos-tr%C3%AAs-anos-mais-quentes-da-hist%C3%B3ria-indica-organiza%C3%A7%C3%A3o-meteorol%C3%B3gica\/ar-BB1byPEs\">MSN Not\u00edcias<\/a><\/strong><\/em><\/p>\n","protected":false},"excerpt":{"rendered":"<p>Para ONU, mundo caminha para suic\u00eddio Com o avan\u00e7o do aquecimento global, o ano de 2020, que foi marcado por ondas de calor, secas, inc\u00eandios florestais e furac\u00f5es, deve terminar como um dos tr\u00eas mais quentes do registro hist\u00f3rico. E a d\u00e9cada de 2011 a 2020 como a mais quente desde que a temperatura come\u00e7ou [&hellip;]<\/p>\n","protected":false},"author":2,"featured_media":12077,"comment_status":"open","ping_status":"open","sticky":false,"template":"","format":"standard","meta":{"footnotes":""},"categories":[8],"tags":[362,6348,4262,4340,6347],"class_list":["post-12076","post","type-post","status-publish","format-standard","has-post-thumbnail","hentry","category-meio-ambiente","tag-aquecimento-global","tag-furacoes","tag-incendios","tag-ondas-de-calor","tag-secas"],"yoast_head":"<!-- This site is optimized with the Yoast SEO plugin v26.5 - https:\/\/yoast.com\/wordpress\/plugins\/seo\/ -->\n<title>2020 deve ser um dos tr\u00eas anos mais quentes da hist\u00f3ria - Jornal Fatos e Not\u00edcias<\/title>\n<meta name=\"robots\" content=\"index, follow, max-snippet:-1, max-image-preview:large, max-video-preview:-1\" \/>\n<link rel=\"canonical\" href=\"https:\/\/jornalfatosenoticias.com.br\/index.php\/2020\/12\/03\/2020-deve-ser-um-dos-tres-anos-mais-quentes-da-historia\/\" \/>\n<meta property=\"og:locale\" content=\"pt_BR\" \/>\n<meta property=\"og:type\" content=\"article\" \/>\n<meta property=\"og:title\" content=\"2020 deve ser um dos tr\u00eas anos mais quentes da hist\u00f3ria - Jornal Fatos e Not\u00edcias\" \/>\n<meta property=\"og:description\" content=\"Para ONU, mundo caminha para suic\u00eddio Com o avan\u00e7o do aquecimento global, o ano de 2020, que foi marcado por ondas de calor, secas, inc\u00eandios florestais e furac\u00f5es, deve terminar como um dos tr\u00eas mais quentes do registro hist\u00f3rico. E a d\u00e9cada de 2011 a 2020 como a mais quente desde que a temperatura come\u00e7ou [&hellip;]\" \/>\n<meta property=\"og:url\" content=\"https:\/\/jornalfatosenoticias.com.br\/index.php\/2020\/12\/03\/2020-deve-ser-um-dos-tres-anos-mais-quentes-da-historia\/\" \/>\n<meta property=\"og:site_name\" content=\"Jornal Fatos e Not\u00edcias\" \/>\n<meta property=\"article:published_time\" content=\"2020-12-03T22:27:27+00:00\" \/>\n<meta property=\"article:modified_time\" content=\"2020-12-03T22:27:31+00:00\" \/>\n<meta property=\"og:image\" content=\"https:\/\/jornalfatosenoticias.com.br\/wp-content\/uploads\/2020\/12\/aquecimento-global.jpg\" \/>\n\t<meta property=\"og:image:width\" content=\"1000\" \/>\n\t<meta property=\"og:image:height\" content=\"666\" \/>\n\t<meta property=\"og:image:type\" content=\"image\/jpeg\" \/>\n<meta name=\"author\" content=\"Luzimara Fernandes\" \/>\n<meta name=\"twitter:card\" content=\"summary_large_image\" \/>\n<meta name=\"twitter:label1\" content=\"Escrito por\" \/>\n\t<meta name=\"twitter:data1\" content=\"Luzimara Fernandes\" \/>\n\t<meta name=\"twitter:label2\" content=\"Est. tempo de leitura\" \/>\n\t<meta name=\"twitter:data2\" content=\"4 minutos\" \/>\n<script type=\"application\/ld+json\" class=\"yoast-schema-graph\">{\"@context\":\"https:\/\/schema.org\",\"@graph\":[{\"@type\":\"Article\",\"@id\":\"https:\/\/jornalfatosenoticias.com.br\/index.php\/2020\/12\/03\/2020-deve-ser-um-dos-tres-anos-mais-quentes-da-historia\/#article\",\"isPartOf\":{\"@id\":\"https:\/\/jornalfatosenoticias.com.br\/index.php\/2020\/12\/03\/2020-deve-ser-um-dos-tres-anos-mais-quentes-da-historia\/\"},\"author\":{\"name\":\"Luzimara Fernandes\",\"@id\":\"https:\/\/jornalfatosenoticias.com.br\/#\/schema\/person\/d63837fa13ac8666eb9e74e0985d6f81\"},\"headline\":\"2020 deve ser um dos tr\u00eas anos mais quentes da hist\u00f3ria\",\"datePublished\":\"2020-12-03T22:27:27+00:00\",\"dateModified\":\"2020-12-03T22:27:31+00:00\",\"mainEntityOfPage\":{\"@id\":\"https:\/\/jornalfatosenoticias.com.br\/index.php\/2020\/12\/03\/2020-deve-ser-um-dos-tres-anos-mais-quentes-da-historia\/\"},\"wordCount\":761,\"commentCount\":0,\"publisher\":{\"@id\":\"https:\/\/jornalfatosenoticias.com.br\/#organization\"},\"image\":{\"@id\":\"https:\/\/jornalfatosenoticias.com.br\/index.php\/2020\/12\/03\/2020-deve-ser-um-dos-tres-anos-mais-quentes-da-historia\/#primaryimage\"},\"thumbnailUrl\":\"https:\/\/jornalfatosenoticias.com.br\/wp-content\/uploads\/2020\/12\/aquecimento-global.jpg\",\"keywords\":[\"aquecimento global\",\"furac\u00f5es\",\"inc\u00eandios\",\"ondas de calor\",\"secas\"],\"articleSection\":[\"Meio ambiente\"],\"inLanguage\":\"pt-BR\",\"potentialAction\":[{\"@type\":\"CommentAction\",\"name\":\"Comment\",\"target\":[\"https:\/\/jornalfatosenoticias.com.br\/index.php\/2020\/12\/03\/2020-deve-ser-um-dos-tres-anos-mais-quentes-da-historia\/#respond\"]}]},{\"@type\":\"WebPage\",\"@id\":\"https:\/\/jornalfatosenoticias.com.br\/index.php\/2020\/12\/03\/2020-deve-ser-um-dos-tres-anos-mais-quentes-da-historia\/\",\"url\":\"https:\/\/jornalfatosenoticias.com.br\/index.php\/2020\/12\/03\/2020-deve-ser-um-dos-tres-anos-mais-quentes-da-historia\/\",\"name\":\"2020 deve ser um dos tr\u00eas anos mais quentes da hist\u00f3ria - Jornal Fatos e Not\u00edcias\",\"isPartOf\":{\"@id\":\"https:\/\/jornalfatosenoticias.com.br\/#website\"},\"primaryImageOfPage\":{\"@id\":\"https:\/\/jornalfatosenoticias.com.br\/index.php\/2020\/12\/03\/2020-deve-ser-um-dos-tres-anos-mais-quentes-da-historia\/#primaryimage\"},\"image\":{\"@id\":\"https:\/\/jornalfatosenoticias.com.br\/index.php\/2020\/12\/03\/2020-deve-ser-um-dos-tres-anos-mais-quentes-da-historia\/#primaryimage\"},\"thumbnailUrl\":\"https:\/\/jornalfatosenoticias.com.br\/wp-content\/uploads\/2020\/12\/aquecimento-global.jpg\",\"datePublished\":\"2020-12-03T22:27:27+00:00\",\"dateModified\":\"2020-12-03T22:27:31+00:00\",\"breadcrumb\":{\"@id\":\"https:\/\/jornalfatosenoticias.com.br\/index.php\/2020\/12\/03\/2020-deve-ser-um-dos-tres-anos-mais-quentes-da-historia\/#breadcrumb\"},\"inLanguage\":\"pt-BR\",\"potentialAction\":[{\"@type\":\"ReadAction\",\"target\":[\"https:\/\/jornalfatosenoticias.com.br\/index.php\/2020\/12\/03\/2020-deve-ser-um-dos-tres-anos-mais-quentes-da-historia\/\"]}]},{\"@type\":\"ImageObject\",\"inLanguage\":\"pt-BR\",\"@id\":\"https:\/\/jornalfatosenoticias.com.br\/index.php\/2020\/12\/03\/2020-deve-ser-um-dos-tres-anos-mais-quentes-da-historia\/#primaryimage\",\"url\":\"https:\/\/jornalfatosenoticias.com.br\/wp-content\/uploads\/2020\/12\/aquecimento-global.jpg\",\"contentUrl\":\"https:\/\/jornalfatosenoticias.com.br\/wp-content\/uploads\/2020\/12\/aquecimento-global.jpg\",\"width\":1000,\"height\":666},{\"@type\":\"BreadcrumbList\",\"@id\":\"https:\/\/jornalfatosenoticias.com.br\/index.php\/2020\/12\/03\/2020-deve-ser-um-dos-tres-anos-mais-quentes-da-historia\/#breadcrumb\",\"itemListElement\":[{\"@type\":\"ListItem\",\"position\":1,\"name\":\"In\u00edcio\",\"item\":\"https:\/\/jornalfatosenoticias.com.br\/\"},{\"@type\":\"ListItem\",\"position\":2,\"name\":\"2020 deve ser um dos tr\u00eas anos mais quentes da hist\u00f3ria\"}]},{\"@type\":\"WebSite\",\"@id\":\"https:\/\/jornalfatosenoticias.com.br\/#website\",\"url\":\"https:\/\/jornalfatosenoticias.com.br\/\",\"name\":\"Jornal Fatos e Not\u00edcias\",\"description\":\"Not\u00edcias em geral\",\"publisher\":{\"@id\":\"https:\/\/jornalfatosenoticias.com.br\/#organization\"},\"potentialAction\":[{\"@type\":\"SearchAction\",\"target\":{\"@type\":\"EntryPoint\",\"urlTemplate\":\"https:\/\/jornalfatosenoticias.com.br\/?s={search_term_string}\"},\"query-input\":{\"@type\":\"PropertyValueSpecification\",\"valueRequired\":true,\"valueName\":\"search_term_string\"}}],\"inLanguage\":\"pt-BR\"},{\"@type\":\"Organization\",\"@id\":\"https:\/\/jornalfatosenoticias.com.br\/#organization\",\"name\":\"Jornal Fatos e Not\u00edcias\",\"url\":\"https:\/\/jornalfatosenoticias.com.br\/\",\"logo\":{\"@type\":\"ImageObject\",\"inLanguage\":\"pt-BR\",\"@id\":\"https:\/\/jornalfatosenoticias.com.br\/#\/schema\/logo\/image\/\",\"url\":\"https:\/\/jornalfatosenoticias.com.br\/wp-content\/uploads\/2020\/02\/logo120.png\",\"contentUrl\":\"https:\/\/jornalfatosenoticias.com.br\/wp-content\/uploads\/2020\/02\/logo120.png\",\"width\":1227,\"height\":120,\"caption\":\"Jornal Fatos e Not\u00edcias\"},\"image\":{\"@id\":\"https:\/\/jornalfatosenoticias.com.br\/#\/schema\/logo\/image\/\"}},{\"@type\":\"Person\",\"@id\":\"https:\/\/jornalfatosenoticias.com.br\/#\/schema\/person\/d63837fa13ac8666eb9e74e0985d6f81\",\"name\":\"Luzimara Fernandes\",\"image\":{\"@type\":\"ImageObject\",\"inLanguage\":\"pt-BR\",\"@id\":\"https:\/\/jornalfatosenoticias.com.br\/#\/schema\/person\/image\/\",\"url\":\"https:\/\/jornalfatosenoticias.com.br\/wp-content\/uploads\/2025\/05\/EU_portal.jpg\",\"contentUrl\":\"https:\/\/jornalfatosenoticias.com.br\/wp-content\/uploads\/2025\/05\/EU_portal.jpg\",\"caption\":\"Luzimara Fernandes\"},\"description\":\"Jornalista MTB 2358-ES\",\"sameAs\":[\"https:\/\/jornalfatosenoticias.com.br\"],\"url\":\"https:\/\/jornalfatosenoticias.com.br\/index.php\/author\/luzimara\/\"}]}<\/script>\n<!-- \/ Yoast SEO plugin. -->","yoast_head_json":{"title":"2020 deve ser um dos tr\u00eas anos mais quentes da hist\u00f3ria - Jornal Fatos e Not\u00edcias","robots":{"index":"index","follow":"follow","max-snippet":"max-snippet:-1","max-image-preview":"max-image-preview:large","max-video-preview":"max-video-preview:-1"},"canonical":"https:\/\/jornalfatosenoticias.com.br\/index.php\/2020\/12\/03\/2020-deve-ser-um-dos-tres-anos-mais-quentes-da-historia\/","og_locale":"pt_BR","og_type":"article","og_title":"2020 deve ser um dos tr\u00eas anos mais quentes da hist\u00f3ria - Jornal Fatos e Not\u00edcias","og_description":"Para ONU, mundo caminha para suic\u00eddio Com o avan\u00e7o do aquecimento global, o ano de 2020, que foi marcado por ondas de calor, secas, inc\u00eandios florestais e furac\u00f5es, deve terminar como um dos tr\u00eas mais quentes do registro hist\u00f3rico. E a d\u00e9cada de 2011 a 2020 como a mais quente desde que a temperatura come\u00e7ou [&hellip;]","og_url":"https:\/\/jornalfatosenoticias.com.br\/index.php\/2020\/12\/03\/2020-deve-ser-um-dos-tres-anos-mais-quentes-da-historia\/","og_site_name":"Jornal Fatos e Not\u00edcias","article_published_time":"2020-12-03T22:27:27+00:00","article_modified_time":"2020-12-03T22:27:31+00:00","og_image":[{"width":1000,"height":666,"url":"https:\/\/jornalfatosenoticias.com.br\/wp-content\/uploads\/2020\/12\/aquecimento-global.jpg","type":"image\/jpeg"}],"author":"Luzimara Fernandes","twitter_card":"summary_large_image","twitter_misc":{"Escrito por":"Luzimara Fernandes","Est. tempo de leitura":"4 minutos"},"schema":{"@context":"https:\/\/schema.org","@graph":[{"@type":"Article","@id":"https:\/\/jornalfatosenoticias.com.br\/index.php\/2020\/12\/03\/2020-deve-ser-um-dos-tres-anos-mais-quentes-da-historia\/#article","isPartOf":{"@id":"https:\/\/jornalfatosenoticias.com.br\/index.php\/2020\/12\/03\/2020-deve-ser-um-dos-tres-anos-mais-quentes-da-historia\/"},"author":{"name":"Luzimara Fernandes","@id":"https:\/\/jornalfatosenoticias.com.br\/#\/schema\/person\/d63837fa13ac8666eb9e74e0985d6f81"},"headline":"2020 deve ser um dos tr\u00eas anos mais quentes da hist\u00f3ria","datePublished":"2020-12-03T22:27:27+00:00","dateModified":"2020-12-03T22:27:31+00:00","mainEntityOfPage":{"@id":"https:\/\/jornalfatosenoticias.com.br\/index.php\/2020\/12\/03\/2020-deve-ser-um-dos-tres-anos-mais-quentes-da-historia\/"},"wordCount":761,"commentCount":0,"publisher":{"@id":"https:\/\/jornalfatosenoticias.com.br\/#organization"},"image":{"@id":"https:\/\/jornalfatosenoticias.com.br\/index.php\/2020\/12\/03\/2020-deve-ser-um-dos-tres-anos-mais-quentes-da-historia\/#primaryimage"},"thumbnailUrl":"https:\/\/jornalfatosenoticias.com.br\/wp-content\/uploads\/2020\/12\/aquecimento-global.jpg","keywords":["aquecimento global","furac\u00f5es","inc\u00eandios","ondas de calor","secas"],"articleSection":["Meio ambiente"],"inLanguage":"pt-BR","potentialAction":[{"@type":"CommentAction","name":"Comment","target":["https:\/\/jornalfatosenoticias.com.br\/index.php\/2020\/12\/03\/2020-deve-ser-um-dos-tres-anos-mais-quentes-da-historia\/#respond"]}]},{"@type":"WebPage","@id":"https:\/\/jornalfatosenoticias.com.br\/index.php\/2020\/12\/03\/2020-deve-ser-um-dos-tres-anos-mais-quentes-da-historia\/","url":"https:\/\/jornalfatosenoticias.com.br\/index.php\/2020\/12\/03\/2020-deve-ser-um-dos-tres-anos-mais-quentes-da-historia\/","name":"2020 deve ser um dos tr\u00eas anos mais quentes da hist\u00f3ria - Jornal Fatos e Not\u00edcias","isPartOf":{"@id":"https:\/\/jornalfatosenoticias.com.br\/#website"},"primaryImageOfPage":{"@id":"https:\/\/jornalfatosenoticias.com.br\/index.php\/2020\/12\/03\/2020-deve-ser-um-dos-tres-anos-mais-quentes-da-historia\/#primaryimage"},"image":{"@id":"https:\/\/jornalfatosenoticias.com.br\/index.php\/2020\/12\/03\/2020-deve-ser-um-dos-tres-anos-mais-quentes-da-historia\/#primaryimage"},"thumbnailUrl":"https:\/\/jornalfatosenoticias.com.br\/wp-content\/uploads\/2020\/12\/aquecimento-global.jpg","datePublished":"2020-12-03T22:27:27+00:00","dateModified":"2020-12-03T22:27:31+00:00","breadcrumb":{"@id":"https:\/\/jornalfatosenoticias.com.br\/index.php\/2020\/12\/03\/2020-deve-ser-um-dos-tres-anos-mais-quentes-da-historia\/#breadcrumb"},"inLanguage":"pt-BR","potentialAction":[{"@type":"ReadAction","target":["https:\/\/jornalfatosenoticias.com.br\/index.php\/2020\/12\/03\/2020-deve-ser-um-dos-tres-anos-mais-quentes-da-historia\/"]}]},{"@type":"ImageObject","inLanguage":"pt-BR","@id":"https:\/\/jornalfatosenoticias.com.br\/index.php\/2020\/12\/03\/2020-deve-ser-um-dos-tres-anos-mais-quentes-da-historia\/#primaryimage","url":"https:\/\/jornalfatosenoticias.com.br\/wp-content\/uploads\/2020\/12\/aquecimento-global.jpg","contentUrl":"https:\/\/jornalfatosenoticias.com.br\/wp-content\/uploads\/2020\/12\/aquecimento-global.jpg","width":1000,"height":666},{"@type":"BreadcrumbList","@id":"https:\/\/jornalfatosenoticias.com.br\/index.php\/2020\/12\/03\/2020-deve-ser-um-dos-tres-anos-mais-quentes-da-historia\/#breadcrumb","itemListElement":[{"@type":"ListItem","position":1,"name":"In\u00edcio","item":"https:\/\/jornalfatosenoticias.com.br\/"},{"@type":"ListItem","position":2,"name":"2020 deve ser um dos tr\u00eas anos mais quentes da hist\u00f3ria"}]},{"@type":"WebSite","@id":"https:\/\/jornalfatosenoticias.com.br\/#website","url":"https:\/\/jornalfatosenoticias.com.br\/","name":"Jornal Fatos e Not\u00edcias","description":"Not\u00edcias em geral","publisher":{"@id":"https:\/\/jornalfatosenoticias.com.br\/#organization"},"potentialAction":[{"@type":"SearchAction","target":{"@type":"EntryPoint","urlTemplate":"https:\/\/jornalfatosenoticias.com.br\/?s={search_term_string}"},"query-input":{"@type":"PropertyValueSpecification","valueRequired":true,"valueName":"search_term_string"}}],"inLanguage":"pt-BR"},{"@type":"Organization","@id":"https:\/\/jornalfatosenoticias.com.br\/#organization","name":"Jornal Fatos e Not\u00edcias","url":"https:\/\/jornalfatosenoticias.com.br\/","logo":{"@type":"ImageObject","inLanguage":"pt-BR","@id":"https:\/\/jornalfatosenoticias.com.br\/#\/schema\/logo\/image\/","url":"https:\/\/jornalfatosenoticias.com.br\/wp-content\/uploads\/2020\/02\/logo120.png","contentUrl":"https:\/\/jornalfatosenoticias.com.br\/wp-content\/uploads\/2020\/02\/logo120.png","width":1227,"height":120,"caption":"Jornal Fatos e Not\u00edcias"},"image":{"@id":"https:\/\/jornalfatosenoticias.com.br\/#\/schema\/logo\/image\/"}},{"@type":"Person","@id":"https:\/\/jornalfatosenoticias.com.br\/#\/schema\/person\/d63837fa13ac8666eb9e74e0985d6f81","name":"Luzimara Fernandes","image":{"@type":"ImageObject","inLanguage":"pt-BR","@id":"https:\/\/jornalfatosenoticias.com.br\/#\/schema\/person\/image\/","url":"https:\/\/jornalfatosenoticias.com.br\/wp-content\/uploads\/2025\/05\/EU_portal.jpg","contentUrl":"https:\/\/jornalfatosenoticias.com.br\/wp-content\/uploads\/2025\/05\/EU_portal.jpg","caption":"Luzimara Fernandes"},"description":"Jornalista MTB 2358-ES","sameAs":["https:\/\/jornalfatosenoticias.com.br"],"url":"https:\/\/jornalfatosenoticias.com.br\/index.php\/author\/luzimara\/"}]}},"cc_featured_image_caption":{"caption_text":"(Foto: \u00a9Tiago Queiroz\/Estad\u00e3o) ","source_text":"","source_url":""},"jetpack_featured_media_url":"https:\/\/jornalfatosenoticias.com.br\/wp-content\/uploads\/2020\/12\/aquecimento-global.jpg","_links":{"self":[{"href":"https:\/\/jornalfatosenoticias.com.br\/index.php\/wp-json\/wp\/v2\/posts\/12076","targetHints":{"allow":["GET"]}}],"collection":[{"href":"https:\/\/jornalfatosenoticias.com.br\/index.php\/wp-json\/wp\/v2\/posts"}],"about":[{"href":"https:\/\/jornalfatosenoticias.com.br\/index.php\/wp-json\/wp\/v2\/types\/post"}],"author":[{"embeddable":true,"href":"https:\/\/jornalfatosenoticias.com.br\/index.php\/wp-json\/wp\/v2\/users\/2"}],"replies":[{"embeddable":true,"href":"https:\/\/jornalfatosenoticias.com.br\/index.php\/wp-json\/wp\/v2\/comments?post=12076"}],"version-history":[{"count":0,"href":"https:\/\/jornalfatosenoticias.com.br\/index.php\/wp-json\/wp\/v2\/posts\/12076\/revisions"}],"wp:featuredmedia":[{"embeddable":true,"href":"https:\/\/jornalfatosenoticias.com.br\/index.php\/wp-json\/wp\/v2\/media\/12077"}],"wp:attachment":[{"href":"https:\/\/jornalfatosenoticias.com.br\/index.php\/wp-json\/wp\/v2\/media?parent=12076"}],"wp:term":[{"taxonomy":"category","embeddable":true,"href":"https:\/\/jornalfatosenoticias.com.br\/index.php\/wp-json\/wp\/v2\/categories?post=12076"},{"taxonomy":"post_tag","embeddable":true,"href":"https:\/\/jornalfatosenoticias.com.br\/index.php\/wp-json\/wp\/v2\/tags?post=12076"}],"curies":[{"name":"wp","href":"https:\/\/api.w.org\/{rel}","templated":true}]}}