{"id":12079,"date":"2020-12-03T19:35:24","date_gmt":"2020-12-03T22:35:24","guid":{"rendered":"https:\/\/jornalfatosenoticias.com.br\/?p=12079"},"modified":"2020-12-03T19:35:29","modified_gmt":"2020-12-03T22:35:29","slug":"agencia-espacial-alema-exibe-incrivel-conceito-de-veiculo-modular","status":"publish","type":"post","link":"https:\/\/jornalfatosenoticias.com.br\/index.php\/2020\/12\/03\/agencia-espacial-alema-exibe-incrivel-conceito-de-veiculo-modular\/","title":{"rendered":"Ag\u00eancia espacial alem\u00e3 exibe incr\u00edvel conceito de ve\u00edculo modular"},"content":{"rendered":"\n<p>Que tal ter um ve\u00edculo que se transforme em um \u00f4nibus espacial ou convencional, uma van de carga ou uma loja m\u00f3vel quando voc\u00ea bem entender? Por enquanto, parece algo fora da realidade, mas \u00e9 o que apresenta a proposta divulgada pela Ag\u00eancia Espacial Alem\u00e3, cujo prot\u00f3tipo modular futurista promete essas funcionalidades e ainda mais. Trata-se do U-shift, que permitiria a troca de estruturas semelhantes a c\u00e1psulas fixadas em sua parte superior, lembrando um caminh\u00e3o em escala reduzida.<br>Projetado para se guiar sem o aux\u00edlio de qualquer motorista, o conceito, al\u00e9m de ser extremamente rebaixado, de acordo com a institui\u00e7\u00e3o, pode se tornar uma op\u00e7\u00e3o mais barata que as tradicionais, espec\u00edficas para cada uso, pois dispensaria a constru\u00e7\u00e3o de sistemas de transmiss\u00e3o exclusivos, o que o tornaria ideal para diversas aplica\u00e7\u00f5es. Suas capacidades tamb\u00e9m foram detalhadas.<\/p>\n\n\n\n<figure class=\"wp-block-image size-large\"><img loading=\"lazy\" decoding=\"async\" width=\"1000\" height=\"666\" src=\"https:\/\/jornalfatosenoticias.com.br\/wp-content\/uploads\/2020\/12\/carro-modular-alemao.jpg\" alt=\"\" class=\"wp-image-12080\" srcset=\"https:\/\/jornalfatosenoticias.com.br\/wp-content\/uploads\/2020\/12\/carro-modular-alemao.jpg 1000w, https:\/\/jornalfatosenoticias.com.br\/wp-content\/uploads\/2020\/12\/carro-modular-alemao-300x200.jpg 300w, https:\/\/jornalfatosenoticias.com.br\/wp-content\/uploads\/2020\/12\/carro-modular-alemao-768x511.jpg 768w\" sizes=\"auto, (max-width: 1000px) 100vw, 1000px\" \/><figcaption><em>Sistema de transmiss\u00e3o \u00fanico seria compat\u00edvel com c\u00e1psulas que alterariam sua estrutura (Foto: Reprodu\u00e7\u00e3o)<\/em><\/figcaption><\/figure>\n\n\n\n<h4 class=\"wp-block-heading\">Para todos os momentos<\/h4>\n\n\n\n<p>Se utilizado para o transporte de cargas, o U-shift teria espa\u00e7o suficiente para quatro paletes ou oito arm\u00e1rios com rodinhas. Agora, se o neg\u00f3cio fosse carregar passageiros, sete pessoas poderiam ser confortavelmente acomodadas em seu interior, que incluiria um assento extra dobr\u00e1vel.<br>Em seu conceito atual, o ve\u00edculo ainda \u00e9 controlado remotamente. O objetivo? Que ele se torne totalmente aut\u00f4nomo e fa\u00e7a entregas ou corridas para passageiros 24 horas por dia.<\/p>\n\n\n\n<figure class=\"wp-block-image size-large\"><img loading=\"lazy\" decoding=\"async\" width=\"1000\" height=\"666\" src=\"https:\/\/jornalfatosenoticias.com.br\/wp-content\/uploads\/2020\/12\/carro-modular-alemao3.jpg\" alt=\"\" class=\"wp-image-12081\" srcset=\"https:\/\/jornalfatosenoticias.com.br\/wp-content\/uploads\/2020\/12\/carro-modular-alemao3.jpg 1000w, https:\/\/jornalfatosenoticias.com.br\/wp-content\/uploads\/2020\/12\/carro-modular-alemao3-300x200.jpg 300w, https:\/\/jornalfatosenoticias.com.br\/wp-content\/uploads\/2020\/12\/carro-modular-alemao3-768x511.jpg 768w\" sizes=\"auto, (max-width: 1000px) 100vw, 1000px\" \/><figcaption><em>Transporte de passageiros seria uma de suas funcionalidades (Foto: Reprodu\u00e7\u00e3o)<\/em><\/figcaption><\/figure>\n\n\n\n<p>Entretanto, para que chegue a isso, a ag\u00eancia tem muito trabalho pela frente. Por enquanto, est\u00e1 focada em refor\u00e7ar o sistema de transmiss\u00e3o do prot\u00f3tipo, instalar o hardware de rede e fazer outras melhorias, que contemplam, tamb\u00e9m, um novo sistema de bateria.<br>Como v\u00e1rios projetos, ainda n\u00e3o \u00e9 poss\u00edvel saber se ele realmente ver\u00e1 a luz do dia, mas que a ideia impressiona, bem, isso n\u00e3o tem como negar.<\/p>\n\n\n\n<p><strong><em>Fonte: <a href=\"https:\/\/www.megacurioso.com.br\/ciencia\/116162-agencia-espacial-alema-exibe-incrivel-conceito-de-veiculo-modular.htm\">Megacurioso<\/a><\/em><\/strong><\/p>\n","protected":false},"excerpt":{"rendered":"<p>Que tal ter um ve\u00edculo que se transforme em um \u00f4nibus espacial ou convencional, uma van de carga ou uma loja m\u00f3vel quando voc\u00ea bem entender? Por enquanto, parece algo fora da realidade, mas \u00e9 o que apresenta a proposta divulgada pela Ag\u00eancia Espacial Alem\u00e3, cujo prot\u00f3tipo modular futurista promete essas funcionalidades e ainda mais. [&hellip;]<\/p>\n","protected":false},"author":2,"featured_media":12082,"comment_status":"open","ping_status":"open","sticky":false,"template":"","format":"standard","meta":{"footnotes":""},"categories":[3],"tags":[795,198,6349,804],"class_list":["post-12079","post","type-post","status-publish","format-standard","has-post-thumbnail","hentry","category-tecnologia","tag-design","tag-tecnologia","tag-veiculo-modular","tag-veiculos"],"yoast_head":"<!-- This site is optimized with the Yoast SEO plugin v26.5 - https:\/\/yoast.com\/wordpress\/plugins\/seo\/ -->\n<title>Ag\u00eancia espacial alem\u00e3 exibe incr\u00edvel conceito de ve\u00edculo modular - Jornal Fatos e Not\u00edcias<\/title>\n<meta name=\"robots\" content=\"index, follow, max-snippet:-1, max-image-preview:large, max-video-preview:-1\" \/>\n<link rel=\"canonical\" href=\"https:\/\/jornalfatosenoticias.com.br\/index.php\/2020\/12\/03\/agencia-espacial-alema-exibe-incrivel-conceito-de-veiculo-modular\/\" \/>\n<meta property=\"og:locale\" content=\"pt_BR\" \/>\n<meta property=\"og:type\" content=\"article\" \/>\n<meta property=\"og:title\" content=\"Ag\u00eancia espacial alem\u00e3 exibe incr\u00edvel conceito de ve\u00edculo modular - Jornal Fatos e Not\u00edcias\" \/>\n<meta property=\"og:description\" content=\"Que tal ter um ve\u00edculo que se transforme em um \u00f4nibus espacial ou convencional, uma van de carga ou uma loja m\u00f3vel quando voc\u00ea bem entender? Por enquanto, parece algo fora da realidade, mas \u00e9 o que apresenta a proposta divulgada pela Ag\u00eancia Espacial Alem\u00e3, cujo prot\u00f3tipo modular futurista promete essas funcionalidades e ainda mais. [&hellip;]\" \/>\n<meta property=\"og:url\" content=\"https:\/\/jornalfatosenoticias.com.br\/index.php\/2020\/12\/03\/agencia-espacial-alema-exibe-incrivel-conceito-de-veiculo-modular\/\" \/>\n<meta property=\"og:site_name\" content=\"Jornal Fatos e Not\u00edcias\" \/>\n<meta property=\"article:published_time\" content=\"2020-12-03T22:35:24+00:00\" \/>\n<meta property=\"article:modified_time\" content=\"2020-12-03T22:35:29+00:00\" \/>\n<meta property=\"og:image\" content=\"https:\/\/jornalfatosenoticias.com.br\/wp-content\/uploads\/2020\/12\/carro-modular-alemao1.jpg\" \/>\n\t<meta property=\"og:image:width\" content=\"1000\" \/>\n\t<meta property=\"og:image:height\" content=\"666\" \/>\n\t<meta property=\"og:image:type\" content=\"image\/jpeg\" \/>\n<meta name=\"author\" content=\"Luzimara Fernandes\" \/>\n<meta name=\"twitter:card\" content=\"summary_large_image\" \/>\n<meta name=\"twitter:label1\" content=\"Escrito por\" \/>\n\t<meta name=\"twitter:data1\" content=\"Luzimara Fernandes\" \/>\n\t<meta name=\"twitter:label2\" content=\"Est. tempo de leitura\" \/>\n\t<meta name=\"twitter:data2\" content=\"2 minutos\" \/>\n<script type=\"application\/ld+json\" class=\"yoast-schema-graph\">{\"@context\":\"https:\/\/schema.org\",\"@graph\":[{\"@type\":\"Article\",\"@id\":\"https:\/\/jornalfatosenoticias.com.br\/index.php\/2020\/12\/03\/agencia-espacial-alema-exibe-incrivel-conceito-de-veiculo-modular\/#article\",\"isPartOf\":{\"@id\":\"https:\/\/jornalfatosenoticias.com.br\/index.php\/2020\/12\/03\/agencia-espacial-alema-exibe-incrivel-conceito-de-veiculo-modular\/\"},\"author\":{\"name\":\"Luzimara Fernandes\",\"@id\":\"https:\/\/jornalfatosenoticias.com.br\/#\/schema\/person\/d63837fa13ac8666eb9e74e0985d6f81\"},\"headline\":\"Ag\u00eancia espacial alem\u00e3 exibe incr\u00edvel conceito de ve\u00edculo modular\",\"datePublished\":\"2020-12-03T22:35:24+00:00\",\"dateModified\":\"2020-12-03T22:35:29+00:00\",\"mainEntityOfPage\":{\"@id\":\"https:\/\/jornalfatosenoticias.com.br\/index.php\/2020\/12\/03\/agencia-espacial-alema-exibe-incrivel-conceito-de-veiculo-modular\/\"},\"wordCount\":350,\"commentCount\":0,\"publisher\":{\"@id\":\"https:\/\/jornalfatosenoticias.com.br\/#organization\"},\"image\":{\"@id\":\"https:\/\/jornalfatosenoticias.com.br\/index.php\/2020\/12\/03\/agencia-espacial-alema-exibe-incrivel-conceito-de-veiculo-modular\/#primaryimage\"},\"thumbnailUrl\":\"https:\/\/jornalfatosenoticias.com.br\/wp-content\/uploads\/2020\/12\/carro-modular-alemao1.jpg\",\"keywords\":[\"design\",\"tecnologia\",\"ve\u00edculo modular\",\"ve\u00edculos\"],\"articleSection\":[\"Tecnologia &amp; Inova\u00e7\u00e3o\"],\"inLanguage\":\"pt-BR\",\"potentialAction\":[{\"@type\":\"CommentAction\",\"name\":\"Comment\",\"target\":[\"https:\/\/jornalfatosenoticias.com.br\/index.php\/2020\/12\/03\/agencia-espacial-alema-exibe-incrivel-conceito-de-veiculo-modular\/#respond\"]}]},{\"@type\":\"WebPage\",\"@id\":\"https:\/\/jornalfatosenoticias.com.br\/index.php\/2020\/12\/03\/agencia-espacial-alema-exibe-incrivel-conceito-de-veiculo-modular\/\",\"url\":\"https:\/\/jornalfatosenoticias.com.br\/index.php\/2020\/12\/03\/agencia-espacial-alema-exibe-incrivel-conceito-de-veiculo-modular\/\",\"name\":\"Ag\u00eancia espacial alem\u00e3 exibe incr\u00edvel conceito de ve\u00edculo modular - Jornal Fatos e Not\u00edcias\",\"isPartOf\":{\"@id\":\"https:\/\/jornalfatosenoticias.com.br\/#website\"},\"primaryImageOfPage\":{\"@id\":\"https:\/\/jornalfatosenoticias.com.br\/index.php\/2020\/12\/03\/agencia-espacial-alema-exibe-incrivel-conceito-de-veiculo-modular\/#primaryimage\"},\"image\":{\"@id\":\"https:\/\/jornalfatosenoticias.com.br\/index.php\/2020\/12\/03\/agencia-espacial-alema-exibe-incrivel-conceito-de-veiculo-modular\/#primaryimage\"},\"thumbnailUrl\":\"https:\/\/jornalfatosenoticias.com.br\/wp-content\/uploads\/2020\/12\/carro-modular-alemao1.jpg\",\"datePublished\":\"2020-12-03T22:35:24+00:00\",\"dateModified\":\"2020-12-03T22:35:29+00:00\",\"breadcrumb\":{\"@id\":\"https:\/\/jornalfatosenoticias.com.br\/index.php\/2020\/12\/03\/agencia-espacial-alema-exibe-incrivel-conceito-de-veiculo-modular\/#breadcrumb\"},\"inLanguage\":\"pt-BR\",\"potentialAction\":[{\"@type\":\"ReadAction\",\"target\":[\"https:\/\/jornalfatosenoticias.com.br\/index.php\/2020\/12\/03\/agencia-espacial-alema-exibe-incrivel-conceito-de-veiculo-modular\/\"]}]},{\"@type\":\"ImageObject\",\"inLanguage\":\"pt-BR\",\"@id\":\"https:\/\/jornalfatosenoticias.com.br\/index.php\/2020\/12\/03\/agencia-espacial-alema-exibe-incrivel-conceito-de-veiculo-modular\/#primaryimage\",\"url\":\"https:\/\/jornalfatosenoticias.com.br\/wp-content\/uploads\/2020\/12\/carro-modular-alemao1.jpg\",\"contentUrl\":\"https:\/\/jornalfatosenoticias.com.br\/wp-content\/uploads\/2020\/12\/carro-modular-alemao1.jpg\",\"width\":1000,\"height\":666},{\"@type\":\"BreadcrumbList\",\"@id\":\"https:\/\/jornalfatosenoticias.com.br\/index.php\/2020\/12\/03\/agencia-espacial-alema-exibe-incrivel-conceito-de-veiculo-modular\/#breadcrumb\",\"itemListElement\":[{\"@type\":\"ListItem\",\"position\":1,\"name\":\"In\u00edcio\",\"item\":\"https:\/\/jornalfatosenoticias.com.br\/\"},{\"@type\":\"ListItem\",\"position\":2,\"name\":\"Ag\u00eancia espacial alem\u00e3 exibe incr\u00edvel conceito de ve\u00edculo modular\"}]},{\"@type\":\"WebSite\",\"@id\":\"https:\/\/jornalfatosenoticias.com.br\/#website\",\"url\":\"https:\/\/jornalfatosenoticias.com.br\/\",\"name\":\"Jornal Fatos e Not\u00edcias\",\"description\":\"Not\u00edcias em geral\",\"publisher\":{\"@id\":\"https:\/\/jornalfatosenoticias.com.br\/#organization\"},\"potentialAction\":[{\"@type\":\"SearchAction\",\"target\":{\"@type\":\"EntryPoint\",\"urlTemplate\":\"https:\/\/jornalfatosenoticias.com.br\/?s={search_term_string}\"},\"query-input\":{\"@type\":\"PropertyValueSpecification\",\"valueRequired\":true,\"valueName\":\"search_term_string\"}}],\"inLanguage\":\"pt-BR\"},{\"@type\":\"Organization\",\"@id\":\"https:\/\/jornalfatosenoticias.com.br\/#organization\",\"name\":\"Jornal Fatos e Not\u00edcias\",\"url\":\"https:\/\/jornalfatosenoticias.com.br\/\",\"logo\":{\"@type\":\"ImageObject\",\"inLanguage\":\"pt-BR\",\"@id\":\"https:\/\/jornalfatosenoticias.com.br\/#\/schema\/logo\/image\/\",\"url\":\"https:\/\/jornalfatosenoticias.com.br\/wp-content\/uploads\/2020\/02\/logo120.png\",\"contentUrl\":\"https:\/\/jornalfatosenoticias.com.br\/wp-content\/uploads\/2020\/02\/logo120.png\",\"width\":1227,\"height\":120,\"caption\":\"Jornal Fatos e Not\u00edcias\"},\"image\":{\"@id\":\"https:\/\/jornalfatosenoticias.com.br\/#\/schema\/logo\/image\/\"}},{\"@type\":\"Person\",\"@id\":\"https:\/\/jornalfatosenoticias.com.br\/#\/schema\/person\/d63837fa13ac8666eb9e74e0985d6f81\",\"name\":\"Luzimara Fernandes\",\"image\":{\"@type\":\"ImageObject\",\"inLanguage\":\"pt-BR\",\"@id\":\"https:\/\/jornalfatosenoticias.com.br\/#\/schema\/person\/image\/\",\"url\":\"https:\/\/jornalfatosenoticias.com.br\/wp-content\/uploads\/2025\/05\/EU_portal.jpg\",\"contentUrl\":\"https:\/\/jornalfatosenoticias.com.br\/wp-content\/uploads\/2025\/05\/EU_portal.jpg\",\"caption\":\"Luzimara Fernandes\"},\"description\":\"Jornalista MTB 2358-ES\",\"sameAs\":[\"https:\/\/jornalfatosenoticias.com.br\"],\"url\":\"https:\/\/jornalfatosenoticias.com.br\/index.php\/author\/luzimara\/\"}]}<\/script>\n<!-- \/ Yoast SEO plugin. -->","yoast_head_json":{"title":"Ag\u00eancia espacial alem\u00e3 exibe incr\u00edvel conceito de ve\u00edculo modular - Jornal Fatos e Not\u00edcias","robots":{"index":"index","follow":"follow","max-snippet":"max-snippet:-1","max-image-preview":"max-image-preview:large","max-video-preview":"max-video-preview:-1"},"canonical":"https:\/\/jornalfatosenoticias.com.br\/index.php\/2020\/12\/03\/agencia-espacial-alema-exibe-incrivel-conceito-de-veiculo-modular\/","og_locale":"pt_BR","og_type":"article","og_title":"Ag\u00eancia espacial alem\u00e3 exibe incr\u00edvel conceito de ve\u00edculo modular - Jornal Fatos e Not\u00edcias","og_description":"Que tal ter um ve\u00edculo que se transforme em um \u00f4nibus espacial ou convencional, uma van de carga ou uma loja m\u00f3vel quando voc\u00ea bem entender? Por enquanto, parece algo fora da realidade, mas \u00e9 o que apresenta a proposta divulgada pela Ag\u00eancia Espacial Alem\u00e3, cujo prot\u00f3tipo modular futurista promete essas funcionalidades e ainda mais. [&hellip;]","og_url":"https:\/\/jornalfatosenoticias.com.br\/index.php\/2020\/12\/03\/agencia-espacial-alema-exibe-incrivel-conceito-de-veiculo-modular\/","og_site_name":"Jornal Fatos e Not\u00edcias","article_published_time":"2020-12-03T22:35:24+00:00","article_modified_time":"2020-12-03T22:35:29+00:00","og_image":[{"width":1000,"height":666,"url":"https:\/\/jornalfatosenoticias.com.br\/wp-content\/uploads\/2020\/12\/carro-modular-alemao1.jpg","type":"image\/jpeg"}],"author":"Luzimara Fernandes","twitter_card":"summary_large_image","twitter_misc":{"Escrito por":"Luzimara Fernandes","Est. tempo de leitura":"2 minutos"},"schema":{"@context":"https:\/\/schema.org","@graph":[{"@type":"Article","@id":"https:\/\/jornalfatosenoticias.com.br\/index.php\/2020\/12\/03\/agencia-espacial-alema-exibe-incrivel-conceito-de-veiculo-modular\/#article","isPartOf":{"@id":"https:\/\/jornalfatosenoticias.com.br\/index.php\/2020\/12\/03\/agencia-espacial-alema-exibe-incrivel-conceito-de-veiculo-modular\/"},"author":{"name":"Luzimara Fernandes","@id":"https:\/\/jornalfatosenoticias.com.br\/#\/schema\/person\/d63837fa13ac8666eb9e74e0985d6f81"},"headline":"Ag\u00eancia espacial alem\u00e3 exibe incr\u00edvel conceito de ve\u00edculo modular","datePublished":"2020-12-03T22:35:24+00:00","dateModified":"2020-12-03T22:35:29+00:00","mainEntityOfPage":{"@id":"https:\/\/jornalfatosenoticias.com.br\/index.php\/2020\/12\/03\/agencia-espacial-alema-exibe-incrivel-conceito-de-veiculo-modular\/"},"wordCount":350,"commentCount":0,"publisher":{"@id":"https:\/\/jornalfatosenoticias.com.br\/#organization"},"image":{"@id":"https:\/\/jornalfatosenoticias.com.br\/index.php\/2020\/12\/03\/agencia-espacial-alema-exibe-incrivel-conceito-de-veiculo-modular\/#primaryimage"},"thumbnailUrl":"https:\/\/jornalfatosenoticias.com.br\/wp-content\/uploads\/2020\/12\/carro-modular-alemao1.jpg","keywords":["design","tecnologia","ve\u00edculo modular","ve\u00edculos"],"articleSection":["Tecnologia &amp; Inova\u00e7\u00e3o"],"inLanguage":"pt-BR","potentialAction":[{"@type":"CommentAction","name":"Comment","target":["https:\/\/jornalfatosenoticias.com.br\/index.php\/2020\/12\/03\/agencia-espacial-alema-exibe-incrivel-conceito-de-veiculo-modular\/#respond"]}]},{"@type":"WebPage","@id":"https:\/\/jornalfatosenoticias.com.br\/index.php\/2020\/12\/03\/agencia-espacial-alema-exibe-incrivel-conceito-de-veiculo-modular\/","url":"https:\/\/jornalfatosenoticias.com.br\/index.php\/2020\/12\/03\/agencia-espacial-alema-exibe-incrivel-conceito-de-veiculo-modular\/","name":"Ag\u00eancia espacial alem\u00e3 exibe incr\u00edvel conceito de ve\u00edculo modular - Jornal Fatos e Not\u00edcias","isPartOf":{"@id":"https:\/\/jornalfatosenoticias.com.br\/#website"},"primaryImageOfPage":{"@id":"https:\/\/jornalfatosenoticias.com.br\/index.php\/2020\/12\/03\/agencia-espacial-alema-exibe-incrivel-conceito-de-veiculo-modular\/#primaryimage"},"image":{"@id":"https:\/\/jornalfatosenoticias.com.br\/index.php\/2020\/12\/03\/agencia-espacial-alema-exibe-incrivel-conceito-de-veiculo-modular\/#primaryimage"},"thumbnailUrl":"https:\/\/jornalfatosenoticias.com.br\/wp-content\/uploads\/2020\/12\/carro-modular-alemao1.jpg","datePublished":"2020-12-03T22:35:24+00:00","dateModified":"2020-12-03T22:35:29+00:00","breadcrumb":{"@id":"https:\/\/jornalfatosenoticias.com.br\/index.php\/2020\/12\/03\/agencia-espacial-alema-exibe-incrivel-conceito-de-veiculo-modular\/#breadcrumb"},"inLanguage":"pt-BR","potentialAction":[{"@type":"ReadAction","target":["https:\/\/jornalfatosenoticias.com.br\/index.php\/2020\/12\/03\/agencia-espacial-alema-exibe-incrivel-conceito-de-veiculo-modular\/"]}]},{"@type":"ImageObject","inLanguage":"pt-BR","@id":"https:\/\/jornalfatosenoticias.com.br\/index.php\/2020\/12\/03\/agencia-espacial-alema-exibe-incrivel-conceito-de-veiculo-modular\/#primaryimage","url":"https:\/\/jornalfatosenoticias.com.br\/wp-content\/uploads\/2020\/12\/carro-modular-alemao1.jpg","contentUrl":"https:\/\/jornalfatosenoticias.com.br\/wp-content\/uploads\/2020\/12\/carro-modular-alemao1.jpg","width":1000,"height":666},{"@type":"BreadcrumbList","@id":"https:\/\/jornalfatosenoticias.com.br\/index.php\/2020\/12\/03\/agencia-espacial-alema-exibe-incrivel-conceito-de-veiculo-modular\/#breadcrumb","itemListElement":[{"@type":"ListItem","position":1,"name":"In\u00edcio","item":"https:\/\/jornalfatosenoticias.com.br\/"},{"@type":"ListItem","position":2,"name":"Ag\u00eancia espacial alem\u00e3 exibe incr\u00edvel conceito de ve\u00edculo modular"}]},{"@type":"WebSite","@id":"https:\/\/jornalfatosenoticias.com.br\/#website","url":"https:\/\/jornalfatosenoticias.com.br\/","name":"Jornal Fatos e Not\u00edcias","description":"Not\u00edcias em geral","publisher":{"@id":"https:\/\/jornalfatosenoticias.com.br\/#organization"},"potentialAction":[{"@type":"SearchAction","target":{"@type":"EntryPoint","urlTemplate":"https:\/\/jornalfatosenoticias.com.br\/?s={search_term_string}"},"query-input":{"@type":"PropertyValueSpecification","valueRequired":true,"valueName":"search_term_string"}}],"inLanguage":"pt-BR"},{"@type":"Organization","@id":"https:\/\/jornalfatosenoticias.com.br\/#organization","name":"Jornal Fatos e Not\u00edcias","url":"https:\/\/jornalfatosenoticias.com.br\/","logo":{"@type":"ImageObject","inLanguage":"pt-BR","@id":"https:\/\/jornalfatosenoticias.com.br\/#\/schema\/logo\/image\/","url":"https:\/\/jornalfatosenoticias.com.br\/wp-content\/uploads\/2020\/02\/logo120.png","contentUrl":"https:\/\/jornalfatosenoticias.com.br\/wp-content\/uploads\/2020\/02\/logo120.png","width":1227,"height":120,"caption":"Jornal Fatos e Not\u00edcias"},"image":{"@id":"https:\/\/jornalfatosenoticias.com.br\/#\/schema\/logo\/image\/"}},{"@type":"Person","@id":"https:\/\/jornalfatosenoticias.com.br\/#\/schema\/person\/d63837fa13ac8666eb9e74e0985d6f81","name":"Luzimara Fernandes","image":{"@type":"ImageObject","inLanguage":"pt-BR","@id":"https:\/\/jornalfatosenoticias.com.br\/#\/schema\/person\/image\/","url":"https:\/\/jornalfatosenoticias.com.br\/wp-content\/uploads\/2025\/05\/EU_portal.jpg","contentUrl":"https:\/\/jornalfatosenoticias.com.br\/wp-content\/uploads\/2025\/05\/EU_portal.jpg","caption":"Luzimara Fernandes"},"description":"Jornalista MTB 2358-ES","sameAs":["https:\/\/jornalfatosenoticias.com.br"],"url":"https:\/\/jornalfatosenoticias.com.br\/index.php\/author\/luzimara\/"}]}},"cc_featured_image_caption":{"caption_text":"(Foto: Reprodu\u00e7\u00e3o) ","source_text":"","source_url":""},"jetpack_featured_media_url":"https:\/\/jornalfatosenoticias.com.br\/wp-content\/uploads\/2020\/12\/carro-modular-alemao1.jpg","_links":{"self":[{"href":"https:\/\/jornalfatosenoticias.com.br\/index.php\/wp-json\/wp\/v2\/posts\/12079","targetHints":{"allow":["GET"]}}],"collection":[{"href":"https:\/\/jornalfatosenoticias.com.br\/index.php\/wp-json\/wp\/v2\/posts"}],"about":[{"href":"https:\/\/jornalfatosenoticias.com.br\/index.php\/wp-json\/wp\/v2\/types\/post"}],"author":[{"embeddable":true,"href":"https:\/\/jornalfatosenoticias.com.br\/index.php\/wp-json\/wp\/v2\/users\/2"}],"replies":[{"embeddable":true,"href":"https:\/\/jornalfatosenoticias.com.br\/index.php\/wp-json\/wp\/v2\/comments?post=12079"}],"version-history":[{"count":0,"href":"https:\/\/jornalfatosenoticias.com.br\/index.php\/wp-json\/wp\/v2\/posts\/12079\/revisions"}],"wp:featuredmedia":[{"embeddable":true,"href":"https:\/\/jornalfatosenoticias.com.br\/index.php\/wp-json\/wp\/v2\/media\/12082"}],"wp:attachment":[{"href":"https:\/\/jornalfatosenoticias.com.br\/index.php\/wp-json\/wp\/v2\/media?parent=12079"}],"wp:term":[{"taxonomy":"category","embeddable":true,"href":"https:\/\/jornalfatosenoticias.com.br\/index.php\/wp-json\/wp\/v2\/categories?post=12079"},{"taxonomy":"post_tag","embeddable":true,"href":"https:\/\/jornalfatosenoticias.com.br\/index.php\/wp-json\/wp\/v2\/tags?post=12079"}],"curies":[{"name":"wp","href":"https:\/\/api.w.org\/{rel}","templated":true}]}}