{"id":12105,"date":"2020-12-04T15:26:03","date_gmt":"2020-12-04T18:26:03","guid":{"rendered":"https:\/\/jornalfatosenoticias.com.br\/?p=12105"},"modified":"2020-12-04T15:26:10","modified_gmt":"2020-12-04T18:26:10","slug":"sonhos-da-pandemia-refletem-sofrimento-mental-e-medo-da-doenca-diz-estudo","status":"publish","type":"post","link":"https:\/\/jornalfatosenoticias.com.br\/index.php\/2020\/12\/04\/sonhos-da-pandemia-refletem-sofrimento-mental-e-medo-da-doenca-diz-estudo\/","title":{"rendered":"Sonhos da pandemia refletem sofrimento mental e medo da doen\u00e7a, diz estudo"},"content":{"rendered":"\n<p>A pandemia, ocasionada pelo novo coronav\u00edrus, mudou a rotina de todo o mundo. A paralisa\u00e7\u00e3o das atividades, o distanciamento social e as muitas preocupa\u00e7\u00f5es advindas dessa nova ordem mundial afetou diretamente o psicol\u00f3gico das popula\u00e7\u00f5es que ainda n\u00e3o sabem como lidar com o medo de contrair a covid-19 ou, ainda, de perder algu\u00e9m pr\u00f3ximo por causa dessa doen\u00e7a. Pesquisa desenvolvida pelo Instituto do C\u00e9rebro da Universidade Federal do Rio Grande do Norte (ICe\/UFRN), publicada na Plos One no dia 30 de outubro, mostra que essa preocupa\u00e7\u00e3o tamb\u00e9m est\u00e1 afetando os sonhos das pessoas.<br>Desenvolvido por um grupo de 13 pesquisadores, sob supervis\u00e3o da psiquiatra e neurocientista Nat\u00e1lia Mota, o estudo mostra que os sonhos do per\u00edodo pand\u00eamico s\u00e3o diferentes dos relatos dos sonhos anteriores \u00e0 pandemia. Os pesquisadores perceberam que os sonhos nesse per\u00edodo t\u00eam maior propor\u00e7\u00e3o de palavras ligadas \u00e0 &#8220;raiva&#8221; e \u00e0 &#8220;tristeza&#8221; e maior semelhan\u00e7a a termos como &#8220;contamina\u00e7\u00e3o&#8221; e &#8220;limpeza&#8221;. Esses resultados corroboram a hip\u00f3tese de que os sonhos pand\u00eamicos refletem sofrimento mental, medo do cont\u00e1gio e mudan\u00e7as importantes no cotidiano, h\u00e1bitos que impactam diretamente a socializa\u00e7\u00e3o.<br>Segundo a pesquisa, essas caracter\u00edsticas parecem estar associadas ao sofrimento mental ligado a isolamento social, pois explicaram 40% da vari\u00e2ncia na subescala negativa, relacionado \u00e0 socializa\u00e7\u00e3o, de PANSS (Escala de S\u00edndrome Positiva e Negativa), usada para medir a gravidade dos sintomas de pacientes com esquizofrenia.<br>Ao todo, 67 pessoas participaram das duas fases do estudo \u2014 antes e durante a pandemia de covid-19. A aquisi\u00e7\u00e3o de dados foi feita por um aplicativo para smartphone, chamado de InterviewerApp, desenvolvido pelo grupo para coletar relatos de mem\u00f3ria de forma segura e remota. A aplica\u00e7\u00e3o executa uma rotina que captura os relatos dos participantes, os salva em arquivos de \u00e1udio e depois os envia para um servidor do Instituto do C\u00e9rebro, de onde s\u00e3o acessados pelos pesquisadores.<br>Foram utilizadas ainda ferramentas computacionais que medem a propor\u00e7\u00e3o de palavras emocionais as comparando a uma lista pr\u00e9-estabelecida e j\u00e1 validada para calcular a propor\u00e7\u00e3o de conte\u00fado emocional. Depois, os pesquisadores criaram um mapa entre palavras constituindo a localiza\u00e7\u00e3o de cada voc\u00e1bulo a partir da frequ\u00eancia de ocorr\u00eancia das palavras nos mesmos contextos. A pesquisa mostra que as mudan\u00e7as nos sonhos estavam associadas ao grau de sofrimento mental experimentado pelos volunt\u00e1rios, principalmente com maior dificuldade em manter rela\u00e7\u00f5es sociais satisfat\u00f3rias com as medidas de isolamento social. &#8220;Dessa maneira, percebemos os sonhos como importante espelho desse mundo interno, demonstrando serem importante fonte de autoconhecimento&#8221; disse Nat\u00e1lia Mota.<br>Nat\u00e1lia esclarece ainda que, como os principais resultados foram encontrados justamente no grupo de indiv\u00edduos que n\u00e3o relataram sofrimento mental previamente, \u00e9 poss\u00edvel afirmar que o acompanhamento atento dos pr\u00f3prios sonhos, principalmente em momentos de estresse agudo, pode ser uma boa fonte de alerta de sofrimento mental, pois ajuda a advertir sobre riscos. &#8220;Ao final tamb\u00e9m podemos perceber que os volunt\u00e1rios autoavaliaram o processo de observar e compartilhar os sonhos como ben\u00e9fico, trazendo mais sentimentos como felicidade, altru\u00edsmo e criatividade para o seu cotidiano&#8221;, completa.<br>De acordo com Nat\u00e1lia Mota, recentes teorias das neuroci\u00eancias atribuem ao sonhar uma fun\u00e7\u00e3o de regula\u00e7\u00e3o de emo\u00e7\u00f5es. Seria um mecanismo an\u00e1logo \u00e0 digest\u00e3o, nesse caso, de mem\u00f3rias. Esse processo extrai das lembran\u00e7as do cotidiano o aprendizado para ser retido, mas atenua as emo\u00e7\u00f5es, principalmente as muito negativas, nos permitindo lembrar do evento sem sofrer, como se estivesse acontecendo naquele momento, o que ajuda a superar traumas.<br>Outras teorias observam o papel dos sonhos como um centro de realidade virtual personalizado com suas pr\u00f3prias mem\u00f3rias, oportunizando treino espec\u00edfico e seguro para amea\u00e7as prov\u00e1veis do dia seguinte. Da mesma forma, os sonhos funcionariam tamb\u00e9m como um simulador para treinar habilidades sociais, visto a grande import\u00e2ncia da socializa\u00e7\u00e3o para a nossa esp\u00e9cie.<\/p>\n\n\n\n<p><strong><em>Fonte: <a href=\"https:\/\/www.uol.com.br\/vivabem\/noticias\/redacao\/2020\/11\/30\/sonhos-da-pandemia-refletem-sofrimento-mental-e-medo-da-doenca-diz-estudo.htm\">UOL<\/a><\/em><\/strong><\/p>\n","protected":false},"excerpt":{"rendered":"<p>A pandemia, ocasionada pelo novo coronav\u00edrus, mudou a rotina de todo o mundo. A paralisa\u00e7\u00e3o das atividades, o distanciamento social e as muitas preocupa\u00e7\u00f5es advindas dessa nova ordem mundial afetou diretamente o psicol\u00f3gico das popula\u00e7\u00f5es que ainda n\u00e3o sabem como lidar com o medo de contrair a covid-19 ou, ainda, de perder algu\u00e9m pr\u00f3ximo por [&hellip;]<\/p>\n","protected":false},"author":2,"featured_media":12106,"comment_status":"open","ping_status":"open","sticky":false,"template":"","format":"standard","meta":{"footnotes":""},"categories":[2522],"tags":[394,330,2169,6358,2251],"class_list":["post-12105","post","type-post","status-publish","format-standard","has-post-thumbnail","hentry","category-comportamento","tag-doenca","tag-pandemia","tag-rotina","tag-sofrimento-mental","tag-sonhos"],"yoast_head":"<!-- This site is optimized with the Yoast SEO plugin v26.5 - https:\/\/yoast.com\/wordpress\/plugins\/seo\/ -->\n<title>Sonhos da pandemia refletem sofrimento mental e medo da doen\u00e7a, diz estudo - Jornal Fatos e Not\u00edcias<\/title>\n<meta name=\"robots\" content=\"index, follow, max-snippet:-1, max-image-preview:large, max-video-preview:-1\" \/>\n<link rel=\"canonical\" href=\"https:\/\/jornalfatosenoticias.com.br\/index.php\/2020\/12\/04\/sonhos-da-pandemia-refletem-sofrimento-mental-e-medo-da-doenca-diz-estudo\/\" \/>\n<meta property=\"og:locale\" content=\"pt_BR\" \/>\n<meta property=\"og:type\" content=\"article\" \/>\n<meta property=\"og:title\" content=\"Sonhos da pandemia refletem sofrimento mental e medo da doen\u00e7a, diz estudo - Jornal Fatos e Not\u00edcias\" \/>\n<meta property=\"og:description\" content=\"A pandemia, ocasionada pelo novo coronav\u00edrus, mudou a rotina de todo o mundo. A paralisa\u00e7\u00e3o das atividades, o distanciamento social e as muitas preocupa\u00e7\u00f5es advindas dessa nova ordem mundial afetou diretamente o psicol\u00f3gico das popula\u00e7\u00f5es que ainda n\u00e3o sabem como lidar com o medo de contrair a covid-19 ou, ainda, de perder algu\u00e9m pr\u00f3ximo por [&hellip;]\" \/>\n<meta property=\"og:url\" content=\"https:\/\/jornalfatosenoticias.com.br\/index.php\/2020\/12\/04\/sonhos-da-pandemia-refletem-sofrimento-mental-e-medo-da-doenca-diz-estudo\/\" \/>\n<meta property=\"og:site_name\" content=\"Jornal Fatos e Not\u00edcias\" \/>\n<meta property=\"article:published_time\" content=\"2020-12-04T18:26:03+00:00\" \/>\n<meta property=\"article:modified_time\" content=\"2020-12-04T18:26:10+00:00\" \/>\n<meta property=\"og:image\" content=\"https:\/\/jornalfatosenoticias.com.br\/wp-content\/uploads\/2020\/12\/sonho_pandemia.jpg\" \/>\n\t<meta property=\"og:image:width\" content=\"1000\" \/>\n\t<meta property=\"og:image:height\" content=\"640\" \/>\n\t<meta property=\"og:image:type\" content=\"image\/jpeg\" \/>\n<meta name=\"author\" content=\"Luzimara Fernandes\" \/>\n<meta name=\"twitter:card\" content=\"summary_large_image\" \/>\n<meta name=\"twitter:label1\" content=\"Escrito por\" \/>\n\t<meta name=\"twitter:data1\" content=\"Luzimara Fernandes\" \/>\n\t<meta name=\"twitter:label2\" content=\"Est. tempo de leitura\" \/>\n\t<meta name=\"twitter:data2\" content=\"3 minutos\" \/>\n<script type=\"application\/ld+json\" class=\"yoast-schema-graph\">{\"@context\":\"https:\/\/schema.org\",\"@graph\":[{\"@type\":\"Article\",\"@id\":\"https:\/\/jornalfatosenoticias.com.br\/index.php\/2020\/12\/04\/sonhos-da-pandemia-refletem-sofrimento-mental-e-medo-da-doenca-diz-estudo\/#article\",\"isPartOf\":{\"@id\":\"https:\/\/jornalfatosenoticias.com.br\/index.php\/2020\/12\/04\/sonhos-da-pandemia-refletem-sofrimento-mental-e-medo-da-doenca-diz-estudo\/\"},\"author\":{\"name\":\"Luzimara Fernandes\",\"@id\":\"https:\/\/jornalfatosenoticias.com.br\/#\/schema\/person\/d63837fa13ac8666eb9e74e0985d6f81\"},\"headline\":\"Sonhos da pandemia refletem sofrimento mental e medo da doen\u00e7a, diz estudo\",\"datePublished\":\"2020-12-04T18:26:03+00:00\",\"dateModified\":\"2020-12-04T18:26:10+00:00\",\"mainEntityOfPage\":{\"@id\":\"https:\/\/jornalfatosenoticias.com.br\/index.php\/2020\/12\/04\/sonhos-da-pandemia-refletem-sofrimento-mental-e-medo-da-doenca-diz-estudo\/\"},\"wordCount\":699,\"commentCount\":0,\"publisher\":{\"@id\":\"https:\/\/jornalfatosenoticias.com.br\/#organization\"},\"image\":{\"@id\":\"https:\/\/jornalfatosenoticias.com.br\/index.php\/2020\/12\/04\/sonhos-da-pandemia-refletem-sofrimento-mental-e-medo-da-doenca-diz-estudo\/#primaryimage\"},\"thumbnailUrl\":\"https:\/\/jornalfatosenoticias.com.br\/wp-content\/uploads\/2020\/12\/sonho_pandemia.jpg\",\"keywords\":[\"doen\u00e7a\",\"pandemia\",\"rotina\",\"sofrimento mental\",\"sonhos\"],\"articleSection\":[\"Comportamento &amp; Equil\u00edbrio\"],\"inLanguage\":\"pt-BR\",\"potentialAction\":[{\"@type\":\"CommentAction\",\"name\":\"Comment\",\"target\":[\"https:\/\/jornalfatosenoticias.com.br\/index.php\/2020\/12\/04\/sonhos-da-pandemia-refletem-sofrimento-mental-e-medo-da-doenca-diz-estudo\/#respond\"]}]},{\"@type\":\"WebPage\",\"@id\":\"https:\/\/jornalfatosenoticias.com.br\/index.php\/2020\/12\/04\/sonhos-da-pandemia-refletem-sofrimento-mental-e-medo-da-doenca-diz-estudo\/\",\"url\":\"https:\/\/jornalfatosenoticias.com.br\/index.php\/2020\/12\/04\/sonhos-da-pandemia-refletem-sofrimento-mental-e-medo-da-doenca-diz-estudo\/\",\"name\":\"Sonhos da pandemia refletem sofrimento mental e medo da doen\u00e7a, diz estudo - Jornal Fatos e Not\u00edcias\",\"isPartOf\":{\"@id\":\"https:\/\/jornalfatosenoticias.com.br\/#website\"},\"primaryImageOfPage\":{\"@id\":\"https:\/\/jornalfatosenoticias.com.br\/index.php\/2020\/12\/04\/sonhos-da-pandemia-refletem-sofrimento-mental-e-medo-da-doenca-diz-estudo\/#primaryimage\"},\"image\":{\"@id\":\"https:\/\/jornalfatosenoticias.com.br\/index.php\/2020\/12\/04\/sonhos-da-pandemia-refletem-sofrimento-mental-e-medo-da-doenca-diz-estudo\/#primaryimage\"},\"thumbnailUrl\":\"https:\/\/jornalfatosenoticias.com.br\/wp-content\/uploads\/2020\/12\/sonho_pandemia.jpg\",\"datePublished\":\"2020-12-04T18:26:03+00:00\",\"dateModified\":\"2020-12-04T18:26:10+00:00\",\"breadcrumb\":{\"@id\":\"https:\/\/jornalfatosenoticias.com.br\/index.php\/2020\/12\/04\/sonhos-da-pandemia-refletem-sofrimento-mental-e-medo-da-doenca-diz-estudo\/#breadcrumb\"},\"inLanguage\":\"pt-BR\",\"potentialAction\":[{\"@type\":\"ReadAction\",\"target\":[\"https:\/\/jornalfatosenoticias.com.br\/index.php\/2020\/12\/04\/sonhos-da-pandemia-refletem-sofrimento-mental-e-medo-da-doenca-diz-estudo\/\"]}]},{\"@type\":\"ImageObject\",\"inLanguage\":\"pt-BR\",\"@id\":\"https:\/\/jornalfatosenoticias.com.br\/index.php\/2020\/12\/04\/sonhos-da-pandemia-refletem-sofrimento-mental-e-medo-da-doenca-diz-estudo\/#primaryimage\",\"url\":\"https:\/\/jornalfatosenoticias.com.br\/wp-content\/uploads\/2020\/12\/sonho_pandemia.jpg\",\"contentUrl\":\"https:\/\/jornalfatosenoticias.com.br\/wp-content\/uploads\/2020\/12\/sonho_pandemia.jpg\",\"width\":1000,\"height\":640},{\"@type\":\"BreadcrumbList\",\"@id\":\"https:\/\/jornalfatosenoticias.com.br\/index.php\/2020\/12\/04\/sonhos-da-pandemia-refletem-sofrimento-mental-e-medo-da-doenca-diz-estudo\/#breadcrumb\",\"itemListElement\":[{\"@type\":\"ListItem\",\"position\":1,\"name\":\"In\u00edcio\",\"item\":\"https:\/\/jornalfatosenoticias.com.br\/\"},{\"@type\":\"ListItem\",\"position\":2,\"name\":\"Sonhos da pandemia refletem sofrimento mental e medo da doen\u00e7a, diz estudo\"}]},{\"@type\":\"WebSite\",\"@id\":\"https:\/\/jornalfatosenoticias.com.br\/#website\",\"url\":\"https:\/\/jornalfatosenoticias.com.br\/\",\"name\":\"Jornal Fatos e Not\u00edcias\",\"description\":\"Not\u00edcias em geral\",\"publisher\":{\"@id\":\"https:\/\/jornalfatosenoticias.com.br\/#organization\"},\"potentialAction\":[{\"@type\":\"SearchAction\",\"target\":{\"@type\":\"EntryPoint\",\"urlTemplate\":\"https:\/\/jornalfatosenoticias.com.br\/?s={search_term_string}\"},\"query-input\":{\"@type\":\"PropertyValueSpecification\",\"valueRequired\":true,\"valueName\":\"search_term_string\"}}],\"inLanguage\":\"pt-BR\"},{\"@type\":\"Organization\",\"@id\":\"https:\/\/jornalfatosenoticias.com.br\/#organization\",\"name\":\"Jornal Fatos e Not\u00edcias\",\"url\":\"https:\/\/jornalfatosenoticias.com.br\/\",\"logo\":{\"@type\":\"ImageObject\",\"inLanguage\":\"pt-BR\",\"@id\":\"https:\/\/jornalfatosenoticias.com.br\/#\/schema\/logo\/image\/\",\"url\":\"https:\/\/jornalfatosenoticias.com.br\/wp-content\/uploads\/2020\/02\/logo120.png\",\"contentUrl\":\"https:\/\/jornalfatosenoticias.com.br\/wp-content\/uploads\/2020\/02\/logo120.png\",\"width\":1227,\"height\":120,\"caption\":\"Jornal Fatos e Not\u00edcias\"},\"image\":{\"@id\":\"https:\/\/jornalfatosenoticias.com.br\/#\/schema\/logo\/image\/\"}},{\"@type\":\"Person\",\"@id\":\"https:\/\/jornalfatosenoticias.com.br\/#\/schema\/person\/d63837fa13ac8666eb9e74e0985d6f81\",\"name\":\"Luzimara Fernandes\",\"image\":{\"@type\":\"ImageObject\",\"inLanguage\":\"pt-BR\",\"@id\":\"https:\/\/jornalfatosenoticias.com.br\/#\/schema\/person\/image\/\",\"url\":\"https:\/\/jornalfatosenoticias.com.br\/wp-content\/uploads\/2025\/05\/EU_portal.jpg\",\"contentUrl\":\"https:\/\/jornalfatosenoticias.com.br\/wp-content\/uploads\/2025\/05\/EU_portal.jpg\",\"caption\":\"Luzimara Fernandes\"},\"description\":\"Jornalista MTB 2358-ES\",\"sameAs\":[\"https:\/\/jornalfatosenoticias.com.br\"],\"url\":\"https:\/\/jornalfatosenoticias.com.br\/index.php\/author\/luzimara\/\"}]}<\/script>\n<!-- \/ Yoast SEO plugin. -->","yoast_head_json":{"title":"Sonhos da pandemia refletem sofrimento mental e medo da doen\u00e7a, diz estudo - Jornal Fatos e Not\u00edcias","robots":{"index":"index","follow":"follow","max-snippet":"max-snippet:-1","max-image-preview":"max-image-preview:large","max-video-preview":"max-video-preview:-1"},"canonical":"https:\/\/jornalfatosenoticias.com.br\/index.php\/2020\/12\/04\/sonhos-da-pandemia-refletem-sofrimento-mental-e-medo-da-doenca-diz-estudo\/","og_locale":"pt_BR","og_type":"article","og_title":"Sonhos da pandemia refletem sofrimento mental e medo da doen\u00e7a, diz estudo - Jornal Fatos e Not\u00edcias","og_description":"A pandemia, ocasionada pelo novo coronav\u00edrus, mudou a rotina de todo o mundo. A paralisa\u00e7\u00e3o das atividades, o distanciamento social e as muitas preocupa\u00e7\u00f5es advindas dessa nova ordem mundial afetou diretamente o psicol\u00f3gico das popula\u00e7\u00f5es que ainda n\u00e3o sabem como lidar com o medo de contrair a covid-19 ou, ainda, de perder algu\u00e9m pr\u00f3ximo por [&hellip;]","og_url":"https:\/\/jornalfatosenoticias.com.br\/index.php\/2020\/12\/04\/sonhos-da-pandemia-refletem-sofrimento-mental-e-medo-da-doenca-diz-estudo\/","og_site_name":"Jornal Fatos e Not\u00edcias","article_published_time":"2020-12-04T18:26:03+00:00","article_modified_time":"2020-12-04T18:26:10+00:00","og_image":[{"width":1000,"height":640,"url":"https:\/\/jornalfatosenoticias.com.br\/wp-content\/uploads\/2020\/12\/sonho_pandemia.jpg","type":"image\/jpeg"}],"author":"Luzimara Fernandes","twitter_card":"summary_large_image","twitter_misc":{"Escrito por":"Luzimara Fernandes","Est. tempo de leitura":"3 minutos"},"schema":{"@context":"https:\/\/schema.org","@graph":[{"@type":"Article","@id":"https:\/\/jornalfatosenoticias.com.br\/index.php\/2020\/12\/04\/sonhos-da-pandemia-refletem-sofrimento-mental-e-medo-da-doenca-diz-estudo\/#article","isPartOf":{"@id":"https:\/\/jornalfatosenoticias.com.br\/index.php\/2020\/12\/04\/sonhos-da-pandemia-refletem-sofrimento-mental-e-medo-da-doenca-diz-estudo\/"},"author":{"name":"Luzimara Fernandes","@id":"https:\/\/jornalfatosenoticias.com.br\/#\/schema\/person\/d63837fa13ac8666eb9e74e0985d6f81"},"headline":"Sonhos da pandemia refletem sofrimento mental e medo da doen\u00e7a, diz estudo","datePublished":"2020-12-04T18:26:03+00:00","dateModified":"2020-12-04T18:26:10+00:00","mainEntityOfPage":{"@id":"https:\/\/jornalfatosenoticias.com.br\/index.php\/2020\/12\/04\/sonhos-da-pandemia-refletem-sofrimento-mental-e-medo-da-doenca-diz-estudo\/"},"wordCount":699,"commentCount":0,"publisher":{"@id":"https:\/\/jornalfatosenoticias.com.br\/#organization"},"image":{"@id":"https:\/\/jornalfatosenoticias.com.br\/index.php\/2020\/12\/04\/sonhos-da-pandemia-refletem-sofrimento-mental-e-medo-da-doenca-diz-estudo\/#primaryimage"},"thumbnailUrl":"https:\/\/jornalfatosenoticias.com.br\/wp-content\/uploads\/2020\/12\/sonho_pandemia.jpg","keywords":["doen\u00e7a","pandemia","rotina","sofrimento mental","sonhos"],"articleSection":["Comportamento &amp; Equil\u00edbrio"],"inLanguage":"pt-BR","potentialAction":[{"@type":"CommentAction","name":"Comment","target":["https:\/\/jornalfatosenoticias.com.br\/index.php\/2020\/12\/04\/sonhos-da-pandemia-refletem-sofrimento-mental-e-medo-da-doenca-diz-estudo\/#respond"]}]},{"@type":"WebPage","@id":"https:\/\/jornalfatosenoticias.com.br\/index.php\/2020\/12\/04\/sonhos-da-pandemia-refletem-sofrimento-mental-e-medo-da-doenca-diz-estudo\/","url":"https:\/\/jornalfatosenoticias.com.br\/index.php\/2020\/12\/04\/sonhos-da-pandemia-refletem-sofrimento-mental-e-medo-da-doenca-diz-estudo\/","name":"Sonhos da pandemia refletem sofrimento mental e medo da doen\u00e7a, diz estudo - Jornal Fatos e Not\u00edcias","isPartOf":{"@id":"https:\/\/jornalfatosenoticias.com.br\/#website"},"primaryImageOfPage":{"@id":"https:\/\/jornalfatosenoticias.com.br\/index.php\/2020\/12\/04\/sonhos-da-pandemia-refletem-sofrimento-mental-e-medo-da-doenca-diz-estudo\/#primaryimage"},"image":{"@id":"https:\/\/jornalfatosenoticias.com.br\/index.php\/2020\/12\/04\/sonhos-da-pandemia-refletem-sofrimento-mental-e-medo-da-doenca-diz-estudo\/#primaryimage"},"thumbnailUrl":"https:\/\/jornalfatosenoticias.com.br\/wp-content\/uploads\/2020\/12\/sonho_pandemia.jpg","datePublished":"2020-12-04T18:26:03+00:00","dateModified":"2020-12-04T18:26:10+00:00","breadcrumb":{"@id":"https:\/\/jornalfatosenoticias.com.br\/index.php\/2020\/12\/04\/sonhos-da-pandemia-refletem-sofrimento-mental-e-medo-da-doenca-diz-estudo\/#breadcrumb"},"inLanguage":"pt-BR","potentialAction":[{"@type":"ReadAction","target":["https:\/\/jornalfatosenoticias.com.br\/index.php\/2020\/12\/04\/sonhos-da-pandemia-refletem-sofrimento-mental-e-medo-da-doenca-diz-estudo\/"]}]},{"@type":"ImageObject","inLanguage":"pt-BR","@id":"https:\/\/jornalfatosenoticias.com.br\/index.php\/2020\/12\/04\/sonhos-da-pandemia-refletem-sofrimento-mental-e-medo-da-doenca-diz-estudo\/#primaryimage","url":"https:\/\/jornalfatosenoticias.com.br\/wp-content\/uploads\/2020\/12\/sonho_pandemia.jpg","contentUrl":"https:\/\/jornalfatosenoticias.com.br\/wp-content\/uploads\/2020\/12\/sonho_pandemia.jpg","width":1000,"height":640},{"@type":"BreadcrumbList","@id":"https:\/\/jornalfatosenoticias.com.br\/index.php\/2020\/12\/04\/sonhos-da-pandemia-refletem-sofrimento-mental-e-medo-da-doenca-diz-estudo\/#breadcrumb","itemListElement":[{"@type":"ListItem","position":1,"name":"In\u00edcio","item":"https:\/\/jornalfatosenoticias.com.br\/"},{"@type":"ListItem","position":2,"name":"Sonhos da pandemia refletem sofrimento mental e medo da doen\u00e7a, diz estudo"}]},{"@type":"WebSite","@id":"https:\/\/jornalfatosenoticias.com.br\/#website","url":"https:\/\/jornalfatosenoticias.com.br\/","name":"Jornal Fatos e Not\u00edcias","description":"Not\u00edcias em geral","publisher":{"@id":"https:\/\/jornalfatosenoticias.com.br\/#organization"},"potentialAction":[{"@type":"SearchAction","target":{"@type":"EntryPoint","urlTemplate":"https:\/\/jornalfatosenoticias.com.br\/?s={search_term_string}"},"query-input":{"@type":"PropertyValueSpecification","valueRequired":true,"valueName":"search_term_string"}}],"inLanguage":"pt-BR"},{"@type":"Organization","@id":"https:\/\/jornalfatosenoticias.com.br\/#organization","name":"Jornal Fatos e Not\u00edcias","url":"https:\/\/jornalfatosenoticias.com.br\/","logo":{"@type":"ImageObject","inLanguage":"pt-BR","@id":"https:\/\/jornalfatosenoticias.com.br\/#\/schema\/logo\/image\/","url":"https:\/\/jornalfatosenoticias.com.br\/wp-content\/uploads\/2020\/02\/logo120.png","contentUrl":"https:\/\/jornalfatosenoticias.com.br\/wp-content\/uploads\/2020\/02\/logo120.png","width":1227,"height":120,"caption":"Jornal Fatos e Not\u00edcias"},"image":{"@id":"https:\/\/jornalfatosenoticias.com.br\/#\/schema\/logo\/image\/"}},{"@type":"Person","@id":"https:\/\/jornalfatosenoticias.com.br\/#\/schema\/person\/d63837fa13ac8666eb9e74e0985d6f81","name":"Luzimara Fernandes","image":{"@type":"ImageObject","inLanguage":"pt-BR","@id":"https:\/\/jornalfatosenoticias.com.br\/#\/schema\/person\/image\/","url":"https:\/\/jornalfatosenoticias.com.br\/wp-content\/uploads\/2025\/05\/EU_portal.jpg","contentUrl":"https:\/\/jornalfatosenoticias.com.br\/wp-content\/uploads\/2025\/05\/EU_portal.jpg","caption":"Luzimara Fernandes"},"description":"Jornalista MTB 2358-ES","sameAs":["https:\/\/jornalfatosenoticias.com.br"],"url":"https:\/\/jornalfatosenoticias.com.br\/index.php\/author\/luzimara\/"}]}},"cc_featured_image_caption":{"caption_text":"(Foto: \u00a9Getty Images) ","source_text":"","source_url":""},"jetpack_featured_media_url":"https:\/\/jornalfatosenoticias.com.br\/wp-content\/uploads\/2020\/12\/sonho_pandemia.jpg","_links":{"self":[{"href":"https:\/\/jornalfatosenoticias.com.br\/index.php\/wp-json\/wp\/v2\/posts\/12105","targetHints":{"allow":["GET"]}}],"collection":[{"href":"https:\/\/jornalfatosenoticias.com.br\/index.php\/wp-json\/wp\/v2\/posts"}],"about":[{"href":"https:\/\/jornalfatosenoticias.com.br\/index.php\/wp-json\/wp\/v2\/types\/post"}],"author":[{"embeddable":true,"href":"https:\/\/jornalfatosenoticias.com.br\/index.php\/wp-json\/wp\/v2\/users\/2"}],"replies":[{"embeddable":true,"href":"https:\/\/jornalfatosenoticias.com.br\/index.php\/wp-json\/wp\/v2\/comments?post=12105"}],"version-history":[{"count":0,"href":"https:\/\/jornalfatosenoticias.com.br\/index.php\/wp-json\/wp\/v2\/posts\/12105\/revisions"}],"wp:featuredmedia":[{"embeddable":true,"href":"https:\/\/jornalfatosenoticias.com.br\/index.php\/wp-json\/wp\/v2\/media\/12106"}],"wp:attachment":[{"href":"https:\/\/jornalfatosenoticias.com.br\/index.php\/wp-json\/wp\/v2\/media?parent=12105"}],"wp:term":[{"taxonomy":"category","embeddable":true,"href":"https:\/\/jornalfatosenoticias.com.br\/index.php\/wp-json\/wp\/v2\/categories?post=12105"},{"taxonomy":"post_tag","embeddable":true,"href":"https:\/\/jornalfatosenoticias.com.br\/index.php\/wp-json\/wp\/v2\/tags?post=12105"}],"curies":[{"name":"wp","href":"https:\/\/api.w.org\/{rel}","templated":true}]}}