{"id":12108,"date":"2020-12-04T15:29:09","date_gmt":"2020-12-04T18:29:09","guid":{"rendered":"https:\/\/jornalfatosenoticias.com.br\/?p=12108"},"modified":"2020-12-04T15:29:14","modified_gmt":"2020-12-04T18:29:14","slug":"virgin-galactic-marca-data-para-novo-voo-suborbital-de-sua-espaconave","status":"publish","type":"post","link":"https:\/\/jornalfatosenoticias.com.br\/index.php\/2020\/12\/04\/virgin-galactic-marca-data-para-novo-voo-suborbital-de-sua-espaconave\/","title":{"rendered":"Virgin Galactic marca data para novo voo suborbital de sua espa\u00e7onave"},"content":{"rendered":"\n<p>A Virgin Galactic finalmente marcou o terceiro voo suborbital de sua espa\u00e7onave, a VSS Unity. Segundo a empresa, a janela de oportunidade se abre em 11 de dezembro, mas uma data exata depende do clima e disponibilidade t\u00e9cnica. A VSS Unity j\u00e1 foi ao espa\u00e7o duas vezes, em dezembro de 2018 e fevereiro de 2019. Estes voos, no entanto, decolaram do Mojave Air and Spaceport em Mojave, na Calif\u00f3rnia. Em fevereiro deste ano a espa\u00e7onave foi deslocada para o Spaceport America, no Novo M\u00e9xico, de onde a empresa espera operar voos tur\u00edsticos suborbitais j\u00e1 a partir de 2021.<br>Segundo a empresa, entre os objetivos do voo est\u00e1 o teste de elementos da cabine dos passageiros, avalia\u00e7\u00e3o dos novos estabilizadores horizontais da nave e dos controles de voo durante a fase propulsada da viagem. A miss\u00e3o tamb\u00e9m carregar\u00e1 experimentos para a Nasa, como parte do Flight Opportunities Program.<br>Devido \u00e0s condi\u00e7\u00f5es de seguran\u00e7a impostas pela covid-19 nem jornalistas, nem convidados, estar\u00e3o presentes durante o teste. A Virgin Galactic afirma que \u201capenas funcion\u00e1rios essenciais estar\u00e3o no local para apoiar opera\u00e7\u00f5es pr\u00e9-voo\u201d.<br>Michael Colglazier, CEO da Virgin Galactic, afirma \u201cembora m\u00eddia e convidados n\u00e3o sejam permitidos no local, nossa equipe se empenhar\u00e1 em captar belas imagens e compartilh\u00e1-las com o mundo ap\u00f3s a conclus\u00e3o do voo. Estamos ansiosos para concluir nas pr\u00f3ximas semanas este marco importante em nosso programa de testes\u201d.<\/p>\n\n\n\n<figure class=\"wp-block-image size-large\"><img loading=\"lazy\" decoding=\"async\" width=\"1000\" height=\"636\" src=\"https:\/\/jornalfatosenoticias.com.br\/wp-content\/uploads\/2020\/12\/cabine-Virgin-Galactic.jpg\" alt=\"\" class=\"wp-image-12109\" srcset=\"https:\/\/jornalfatosenoticias.com.br\/wp-content\/uploads\/2020\/12\/cabine-Virgin-Galactic.jpg 1000w, https:\/\/jornalfatosenoticias.com.br\/wp-content\/uploads\/2020\/12\/cabine-Virgin-Galactic-300x191.jpg 300w, https:\/\/jornalfatosenoticias.com.br\/wp-content\/uploads\/2020\/12\/cabine-Virgin-Galactic-768x488.jpg 768w\" sizes=\"auto, (max-width: 1000px) 100vw, 1000px\" \/><figcaption><em>Cabine de passageiros da VSS Unity (Foto: \u00a9Virgin Galactic)<\/em><\/figcaption><\/figure>\n\n\n\n<h4 class=\"wp-block-heading\">Como ser\u00e1 um voo da Virgin Galactic<\/h4>\n\n\n\n<p>Uma miss\u00e3o da VSS Unity n\u00e3o \u00e9 como o lan\u00e7amento de um foguete da SpaceX. A espa\u00e7onave decola presa a uma \u201cnave m\u00e3e\u201d chamada VMS Eve, que a leva a uma altitude de 50 mil p\u00e9s (cerca de 15 km) antes de solt\u00e1-la.<br>Segundos ap\u00f3s ser libertada, a VSS Unity aciona seus foguetes e sobe a uma altitude de mais de 80 km antes de retornar \u00e0 Terra e pousar como um avi\u00e3o convencional. No \u00e1pice da trajet\u00f3ria, os passageiros ir\u00e3o experimentar momentos de gravidade zero.<br>De acordo com a Federa\u00e7\u00e3o Aeron\u00e1utica Internacional (FAI) o espa\u00e7o come\u00e7a a 100 km de altitude, limite conhecido como a Linha K\u00e1rm\u00e1n. Por\u00e9m, nos EUA, qualquer pessoa que ultrapasse uma altitude de 80 km \u00e9 considerada um astronauta.<br>600 \u201cfuturos astronautas\u201d j\u00e1 reservaram assentos em voos futuros da Virgin Galactic, e cada um deve custar ao menos US$ 250 mil (cerca de R$ 1,3 milh\u00e3o em convers\u00e3o direta) por cliente. No ano passado a empresa divulgou os trajes que ser\u00e3o usados por turistas, e recentemente apresentou o design da cabine de passageiros.<\/p>\n\n\n\n<p><strong><em>Fonte: <a href=\"https:\/\/olhardigital.com.br\/2020\/12\/02\/noticias\/virgin-galactic-marca-data-para-novo-voo-suborbital-de-sua-espaconave\/#:~:text=A%20Virgin%20Galactic%20finalmente%20marcou,2018%20e%20fevereiro%20de%202019.\">Olhar Digital<\/a><\/em><\/strong><\/p>\n","protected":false},"excerpt":{"rendered":"<p>A Virgin Galactic finalmente marcou o terceiro voo suborbital de sua espa\u00e7onave, a VSS Unity. Segundo a empresa, a janela de oportunidade se abre em 11 de dezembro, mas uma data exata depende do clima e disponibilidade t\u00e9cnica. A VSS Unity j\u00e1 foi ao espa\u00e7o duas vezes, em dezembro de 2018 e fevereiro de 2019. [&hellip;]<\/p>\n","protected":false},"author":2,"featured_media":12110,"comment_status":"open","ping_status":"open","sticky":false,"template":"","format":"standard","meta":{"footnotes":""},"categories":[3],"tags":[86,3410,5824,2390],"class_list":["post-12108","post","type-post","status-publish","format-standard","has-post-thumbnail","hentry","category-tecnologia","tag-espaco","tag-espaconave","tag-turismo-espacial","tag-virgin-galactic"],"yoast_head":"<!-- This site is optimized with the Yoast SEO plugin v26.5 - https:\/\/yoast.com\/wordpress\/plugins\/seo\/ -->\n<title>Virgin Galactic marca data para novo voo suborbital de sua espa\u00e7onave - Jornal Fatos e Not\u00edcias<\/title>\n<meta name=\"robots\" content=\"index, follow, max-snippet:-1, max-image-preview:large, max-video-preview:-1\" \/>\n<link rel=\"canonical\" href=\"https:\/\/jornalfatosenoticias.com.br\/index.php\/2020\/12\/04\/virgin-galactic-marca-data-para-novo-voo-suborbital-de-sua-espaconave\/\" \/>\n<meta property=\"og:locale\" content=\"pt_BR\" \/>\n<meta property=\"og:type\" content=\"article\" \/>\n<meta property=\"og:title\" content=\"Virgin Galactic marca data para novo voo suborbital de sua espa\u00e7onave - Jornal Fatos e Not\u00edcias\" \/>\n<meta property=\"og:description\" content=\"A Virgin Galactic finalmente marcou o terceiro voo suborbital de sua espa\u00e7onave, a VSS Unity. Segundo a empresa, a janela de oportunidade se abre em 11 de dezembro, mas uma data exata depende do clima e disponibilidade t\u00e9cnica. A VSS Unity j\u00e1 foi ao espa\u00e7o duas vezes, em dezembro de 2018 e fevereiro de 2019. [&hellip;]\" \/>\n<meta property=\"og:url\" content=\"https:\/\/jornalfatosenoticias.com.br\/index.php\/2020\/12\/04\/virgin-galactic-marca-data-para-novo-voo-suborbital-de-sua-espaconave\/\" \/>\n<meta property=\"og:site_name\" content=\"Jornal Fatos e Not\u00edcias\" \/>\n<meta property=\"article:published_time\" content=\"2020-12-04T18:29:09+00:00\" \/>\n<meta property=\"article:modified_time\" content=\"2020-12-04T18:29:14+00:00\" \/>\n<meta property=\"og:image\" content=\"https:\/\/jornalfatosenoticias.com.br\/wp-content\/uploads\/2020\/12\/Virgin-Galactic.jpg\" \/>\n\t<meta property=\"og:image:width\" content=\"1000\" \/>\n\t<meta property=\"og:image:height\" content=\"588\" \/>\n\t<meta property=\"og:image:type\" content=\"image\/jpeg\" \/>\n<meta name=\"author\" content=\"Luzimara Fernandes\" \/>\n<meta name=\"twitter:card\" content=\"summary_large_image\" \/>\n<meta name=\"twitter:label1\" content=\"Escrito por\" \/>\n\t<meta name=\"twitter:data1\" content=\"Luzimara Fernandes\" \/>\n\t<meta name=\"twitter:label2\" content=\"Est. tempo de leitura\" \/>\n\t<meta name=\"twitter:data2\" content=\"2 minutos\" \/>\n<script type=\"application\/ld+json\" class=\"yoast-schema-graph\">{\"@context\":\"https:\/\/schema.org\",\"@graph\":[{\"@type\":\"Article\",\"@id\":\"https:\/\/jornalfatosenoticias.com.br\/index.php\/2020\/12\/04\/virgin-galactic-marca-data-para-novo-voo-suborbital-de-sua-espaconave\/#article\",\"isPartOf\":{\"@id\":\"https:\/\/jornalfatosenoticias.com.br\/index.php\/2020\/12\/04\/virgin-galactic-marca-data-para-novo-voo-suborbital-de-sua-espaconave\/\"},\"author\":{\"name\":\"Luzimara Fernandes\",\"@id\":\"https:\/\/jornalfatosenoticias.com.br\/#\/schema\/person\/d63837fa13ac8666eb9e74e0985d6f81\"},\"headline\":\"Virgin Galactic marca data para novo voo suborbital de sua espa\u00e7onave\",\"datePublished\":\"2020-12-04T18:29:09+00:00\",\"dateModified\":\"2020-12-04T18:29:14+00:00\",\"mainEntityOfPage\":{\"@id\":\"https:\/\/jornalfatosenoticias.com.br\/index.php\/2020\/12\/04\/virgin-galactic-marca-data-para-novo-voo-suborbital-de-sua-espaconave\/\"},\"wordCount\":466,\"commentCount\":0,\"publisher\":{\"@id\":\"https:\/\/jornalfatosenoticias.com.br\/#organization\"},\"image\":{\"@id\":\"https:\/\/jornalfatosenoticias.com.br\/index.php\/2020\/12\/04\/virgin-galactic-marca-data-para-novo-voo-suborbital-de-sua-espaconave\/#primaryimage\"},\"thumbnailUrl\":\"https:\/\/jornalfatosenoticias.com.br\/wp-content\/uploads\/2020\/12\/Virgin-Galactic.jpg\",\"keywords\":[\"espa\u00e7o\",\"espa\u00e7onave\",\"turismo espacial\",\"Virgin Galactic\"],\"articleSection\":[\"Tecnologia &amp; Inova\u00e7\u00e3o\"],\"inLanguage\":\"pt-BR\",\"potentialAction\":[{\"@type\":\"CommentAction\",\"name\":\"Comment\",\"target\":[\"https:\/\/jornalfatosenoticias.com.br\/index.php\/2020\/12\/04\/virgin-galactic-marca-data-para-novo-voo-suborbital-de-sua-espaconave\/#respond\"]}]},{\"@type\":\"WebPage\",\"@id\":\"https:\/\/jornalfatosenoticias.com.br\/index.php\/2020\/12\/04\/virgin-galactic-marca-data-para-novo-voo-suborbital-de-sua-espaconave\/\",\"url\":\"https:\/\/jornalfatosenoticias.com.br\/index.php\/2020\/12\/04\/virgin-galactic-marca-data-para-novo-voo-suborbital-de-sua-espaconave\/\",\"name\":\"Virgin Galactic marca data para novo voo suborbital de sua espa\u00e7onave - Jornal Fatos e Not\u00edcias\",\"isPartOf\":{\"@id\":\"https:\/\/jornalfatosenoticias.com.br\/#website\"},\"primaryImageOfPage\":{\"@id\":\"https:\/\/jornalfatosenoticias.com.br\/index.php\/2020\/12\/04\/virgin-galactic-marca-data-para-novo-voo-suborbital-de-sua-espaconave\/#primaryimage\"},\"image\":{\"@id\":\"https:\/\/jornalfatosenoticias.com.br\/index.php\/2020\/12\/04\/virgin-galactic-marca-data-para-novo-voo-suborbital-de-sua-espaconave\/#primaryimage\"},\"thumbnailUrl\":\"https:\/\/jornalfatosenoticias.com.br\/wp-content\/uploads\/2020\/12\/Virgin-Galactic.jpg\",\"datePublished\":\"2020-12-04T18:29:09+00:00\",\"dateModified\":\"2020-12-04T18:29:14+00:00\",\"breadcrumb\":{\"@id\":\"https:\/\/jornalfatosenoticias.com.br\/index.php\/2020\/12\/04\/virgin-galactic-marca-data-para-novo-voo-suborbital-de-sua-espaconave\/#breadcrumb\"},\"inLanguage\":\"pt-BR\",\"potentialAction\":[{\"@type\":\"ReadAction\",\"target\":[\"https:\/\/jornalfatosenoticias.com.br\/index.php\/2020\/12\/04\/virgin-galactic-marca-data-para-novo-voo-suborbital-de-sua-espaconave\/\"]}]},{\"@type\":\"ImageObject\",\"inLanguage\":\"pt-BR\",\"@id\":\"https:\/\/jornalfatosenoticias.com.br\/index.php\/2020\/12\/04\/virgin-galactic-marca-data-para-novo-voo-suborbital-de-sua-espaconave\/#primaryimage\",\"url\":\"https:\/\/jornalfatosenoticias.com.br\/wp-content\/uploads\/2020\/12\/Virgin-Galactic.jpg\",\"contentUrl\":\"https:\/\/jornalfatosenoticias.com.br\/wp-content\/uploads\/2020\/12\/Virgin-Galactic.jpg\",\"width\":1000,\"height\":588},{\"@type\":\"BreadcrumbList\",\"@id\":\"https:\/\/jornalfatosenoticias.com.br\/index.php\/2020\/12\/04\/virgin-galactic-marca-data-para-novo-voo-suborbital-de-sua-espaconave\/#breadcrumb\",\"itemListElement\":[{\"@type\":\"ListItem\",\"position\":1,\"name\":\"In\u00edcio\",\"item\":\"https:\/\/jornalfatosenoticias.com.br\/\"},{\"@type\":\"ListItem\",\"position\":2,\"name\":\"Virgin Galactic marca data para novo voo suborbital de sua espa\u00e7onave\"}]},{\"@type\":\"WebSite\",\"@id\":\"https:\/\/jornalfatosenoticias.com.br\/#website\",\"url\":\"https:\/\/jornalfatosenoticias.com.br\/\",\"name\":\"Jornal Fatos e Not\u00edcias\",\"description\":\"Not\u00edcias em geral\",\"publisher\":{\"@id\":\"https:\/\/jornalfatosenoticias.com.br\/#organization\"},\"potentialAction\":[{\"@type\":\"SearchAction\",\"target\":{\"@type\":\"EntryPoint\",\"urlTemplate\":\"https:\/\/jornalfatosenoticias.com.br\/?s={search_term_string}\"},\"query-input\":{\"@type\":\"PropertyValueSpecification\",\"valueRequired\":true,\"valueName\":\"search_term_string\"}}],\"inLanguage\":\"pt-BR\"},{\"@type\":\"Organization\",\"@id\":\"https:\/\/jornalfatosenoticias.com.br\/#organization\",\"name\":\"Jornal Fatos e Not\u00edcias\",\"url\":\"https:\/\/jornalfatosenoticias.com.br\/\",\"logo\":{\"@type\":\"ImageObject\",\"inLanguage\":\"pt-BR\",\"@id\":\"https:\/\/jornalfatosenoticias.com.br\/#\/schema\/logo\/image\/\",\"url\":\"https:\/\/jornalfatosenoticias.com.br\/wp-content\/uploads\/2020\/02\/logo120.png\",\"contentUrl\":\"https:\/\/jornalfatosenoticias.com.br\/wp-content\/uploads\/2020\/02\/logo120.png\",\"width\":1227,\"height\":120,\"caption\":\"Jornal Fatos e Not\u00edcias\"},\"image\":{\"@id\":\"https:\/\/jornalfatosenoticias.com.br\/#\/schema\/logo\/image\/\"}},{\"@type\":\"Person\",\"@id\":\"https:\/\/jornalfatosenoticias.com.br\/#\/schema\/person\/d63837fa13ac8666eb9e74e0985d6f81\",\"name\":\"Luzimara Fernandes\",\"image\":{\"@type\":\"ImageObject\",\"inLanguage\":\"pt-BR\",\"@id\":\"https:\/\/jornalfatosenoticias.com.br\/#\/schema\/person\/image\/\",\"url\":\"https:\/\/jornalfatosenoticias.com.br\/wp-content\/uploads\/2025\/05\/EU_portal.jpg\",\"contentUrl\":\"https:\/\/jornalfatosenoticias.com.br\/wp-content\/uploads\/2025\/05\/EU_portal.jpg\",\"caption\":\"Luzimara Fernandes\"},\"description\":\"Jornalista MTB 2358-ES\",\"sameAs\":[\"https:\/\/jornalfatosenoticias.com.br\"],\"url\":\"https:\/\/jornalfatosenoticias.com.br\/index.php\/author\/luzimara\/\"}]}<\/script>\n<!-- \/ Yoast SEO plugin. -->","yoast_head_json":{"title":"Virgin Galactic marca data para novo voo suborbital de sua espa\u00e7onave - Jornal Fatos e Not\u00edcias","robots":{"index":"index","follow":"follow","max-snippet":"max-snippet:-1","max-image-preview":"max-image-preview:large","max-video-preview":"max-video-preview:-1"},"canonical":"https:\/\/jornalfatosenoticias.com.br\/index.php\/2020\/12\/04\/virgin-galactic-marca-data-para-novo-voo-suborbital-de-sua-espaconave\/","og_locale":"pt_BR","og_type":"article","og_title":"Virgin Galactic marca data para novo voo suborbital de sua espa\u00e7onave - Jornal Fatos e Not\u00edcias","og_description":"A Virgin Galactic finalmente marcou o terceiro voo suborbital de sua espa\u00e7onave, a VSS Unity. Segundo a empresa, a janela de oportunidade se abre em 11 de dezembro, mas uma data exata depende do clima e disponibilidade t\u00e9cnica. A VSS Unity j\u00e1 foi ao espa\u00e7o duas vezes, em dezembro de 2018 e fevereiro de 2019. [&hellip;]","og_url":"https:\/\/jornalfatosenoticias.com.br\/index.php\/2020\/12\/04\/virgin-galactic-marca-data-para-novo-voo-suborbital-de-sua-espaconave\/","og_site_name":"Jornal Fatos e Not\u00edcias","article_published_time":"2020-12-04T18:29:09+00:00","article_modified_time":"2020-12-04T18:29:14+00:00","og_image":[{"width":1000,"height":588,"url":"https:\/\/jornalfatosenoticias.com.br\/wp-content\/uploads\/2020\/12\/Virgin-Galactic.jpg","type":"image\/jpeg"}],"author":"Luzimara Fernandes","twitter_card":"summary_large_image","twitter_misc":{"Escrito por":"Luzimara Fernandes","Est. tempo de leitura":"2 minutos"},"schema":{"@context":"https:\/\/schema.org","@graph":[{"@type":"Article","@id":"https:\/\/jornalfatosenoticias.com.br\/index.php\/2020\/12\/04\/virgin-galactic-marca-data-para-novo-voo-suborbital-de-sua-espaconave\/#article","isPartOf":{"@id":"https:\/\/jornalfatosenoticias.com.br\/index.php\/2020\/12\/04\/virgin-galactic-marca-data-para-novo-voo-suborbital-de-sua-espaconave\/"},"author":{"name":"Luzimara Fernandes","@id":"https:\/\/jornalfatosenoticias.com.br\/#\/schema\/person\/d63837fa13ac8666eb9e74e0985d6f81"},"headline":"Virgin Galactic marca data para novo voo suborbital de sua espa\u00e7onave","datePublished":"2020-12-04T18:29:09+00:00","dateModified":"2020-12-04T18:29:14+00:00","mainEntityOfPage":{"@id":"https:\/\/jornalfatosenoticias.com.br\/index.php\/2020\/12\/04\/virgin-galactic-marca-data-para-novo-voo-suborbital-de-sua-espaconave\/"},"wordCount":466,"commentCount":0,"publisher":{"@id":"https:\/\/jornalfatosenoticias.com.br\/#organization"},"image":{"@id":"https:\/\/jornalfatosenoticias.com.br\/index.php\/2020\/12\/04\/virgin-galactic-marca-data-para-novo-voo-suborbital-de-sua-espaconave\/#primaryimage"},"thumbnailUrl":"https:\/\/jornalfatosenoticias.com.br\/wp-content\/uploads\/2020\/12\/Virgin-Galactic.jpg","keywords":["espa\u00e7o","espa\u00e7onave","turismo espacial","Virgin Galactic"],"articleSection":["Tecnologia &amp; Inova\u00e7\u00e3o"],"inLanguage":"pt-BR","potentialAction":[{"@type":"CommentAction","name":"Comment","target":["https:\/\/jornalfatosenoticias.com.br\/index.php\/2020\/12\/04\/virgin-galactic-marca-data-para-novo-voo-suborbital-de-sua-espaconave\/#respond"]}]},{"@type":"WebPage","@id":"https:\/\/jornalfatosenoticias.com.br\/index.php\/2020\/12\/04\/virgin-galactic-marca-data-para-novo-voo-suborbital-de-sua-espaconave\/","url":"https:\/\/jornalfatosenoticias.com.br\/index.php\/2020\/12\/04\/virgin-galactic-marca-data-para-novo-voo-suborbital-de-sua-espaconave\/","name":"Virgin Galactic marca data para novo voo suborbital de sua espa\u00e7onave - Jornal Fatos e Not\u00edcias","isPartOf":{"@id":"https:\/\/jornalfatosenoticias.com.br\/#website"},"primaryImageOfPage":{"@id":"https:\/\/jornalfatosenoticias.com.br\/index.php\/2020\/12\/04\/virgin-galactic-marca-data-para-novo-voo-suborbital-de-sua-espaconave\/#primaryimage"},"image":{"@id":"https:\/\/jornalfatosenoticias.com.br\/index.php\/2020\/12\/04\/virgin-galactic-marca-data-para-novo-voo-suborbital-de-sua-espaconave\/#primaryimage"},"thumbnailUrl":"https:\/\/jornalfatosenoticias.com.br\/wp-content\/uploads\/2020\/12\/Virgin-Galactic.jpg","datePublished":"2020-12-04T18:29:09+00:00","dateModified":"2020-12-04T18:29:14+00:00","breadcrumb":{"@id":"https:\/\/jornalfatosenoticias.com.br\/index.php\/2020\/12\/04\/virgin-galactic-marca-data-para-novo-voo-suborbital-de-sua-espaconave\/#breadcrumb"},"inLanguage":"pt-BR","potentialAction":[{"@type":"ReadAction","target":["https:\/\/jornalfatosenoticias.com.br\/index.php\/2020\/12\/04\/virgin-galactic-marca-data-para-novo-voo-suborbital-de-sua-espaconave\/"]}]},{"@type":"ImageObject","inLanguage":"pt-BR","@id":"https:\/\/jornalfatosenoticias.com.br\/index.php\/2020\/12\/04\/virgin-galactic-marca-data-para-novo-voo-suborbital-de-sua-espaconave\/#primaryimage","url":"https:\/\/jornalfatosenoticias.com.br\/wp-content\/uploads\/2020\/12\/Virgin-Galactic.jpg","contentUrl":"https:\/\/jornalfatosenoticias.com.br\/wp-content\/uploads\/2020\/12\/Virgin-Galactic.jpg","width":1000,"height":588},{"@type":"BreadcrumbList","@id":"https:\/\/jornalfatosenoticias.com.br\/index.php\/2020\/12\/04\/virgin-galactic-marca-data-para-novo-voo-suborbital-de-sua-espaconave\/#breadcrumb","itemListElement":[{"@type":"ListItem","position":1,"name":"In\u00edcio","item":"https:\/\/jornalfatosenoticias.com.br\/"},{"@type":"ListItem","position":2,"name":"Virgin Galactic marca data para novo voo suborbital de sua espa\u00e7onave"}]},{"@type":"WebSite","@id":"https:\/\/jornalfatosenoticias.com.br\/#website","url":"https:\/\/jornalfatosenoticias.com.br\/","name":"Jornal Fatos e Not\u00edcias","description":"Not\u00edcias em geral","publisher":{"@id":"https:\/\/jornalfatosenoticias.com.br\/#organization"},"potentialAction":[{"@type":"SearchAction","target":{"@type":"EntryPoint","urlTemplate":"https:\/\/jornalfatosenoticias.com.br\/?s={search_term_string}"},"query-input":{"@type":"PropertyValueSpecification","valueRequired":true,"valueName":"search_term_string"}}],"inLanguage":"pt-BR"},{"@type":"Organization","@id":"https:\/\/jornalfatosenoticias.com.br\/#organization","name":"Jornal Fatos e Not\u00edcias","url":"https:\/\/jornalfatosenoticias.com.br\/","logo":{"@type":"ImageObject","inLanguage":"pt-BR","@id":"https:\/\/jornalfatosenoticias.com.br\/#\/schema\/logo\/image\/","url":"https:\/\/jornalfatosenoticias.com.br\/wp-content\/uploads\/2020\/02\/logo120.png","contentUrl":"https:\/\/jornalfatosenoticias.com.br\/wp-content\/uploads\/2020\/02\/logo120.png","width":1227,"height":120,"caption":"Jornal Fatos e Not\u00edcias"},"image":{"@id":"https:\/\/jornalfatosenoticias.com.br\/#\/schema\/logo\/image\/"}},{"@type":"Person","@id":"https:\/\/jornalfatosenoticias.com.br\/#\/schema\/person\/d63837fa13ac8666eb9e74e0985d6f81","name":"Luzimara Fernandes","image":{"@type":"ImageObject","inLanguage":"pt-BR","@id":"https:\/\/jornalfatosenoticias.com.br\/#\/schema\/person\/image\/","url":"https:\/\/jornalfatosenoticias.com.br\/wp-content\/uploads\/2025\/05\/EU_portal.jpg","contentUrl":"https:\/\/jornalfatosenoticias.com.br\/wp-content\/uploads\/2025\/05\/EU_portal.jpg","caption":"Luzimara Fernandes"},"description":"Jornalista MTB 2358-ES","sameAs":["https:\/\/jornalfatosenoticias.com.br"],"url":"https:\/\/jornalfatosenoticias.com.br\/index.php\/author\/luzimara\/"}]}},"cc_featured_image_caption":{"caption_text":"(Foto: \u00a9Virgin Galactic)","source_text":"","source_url":""},"jetpack_featured_media_url":"https:\/\/jornalfatosenoticias.com.br\/wp-content\/uploads\/2020\/12\/Virgin-Galactic.jpg","_links":{"self":[{"href":"https:\/\/jornalfatosenoticias.com.br\/index.php\/wp-json\/wp\/v2\/posts\/12108","targetHints":{"allow":["GET"]}}],"collection":[{"href":"https:\/\/jornalfatosenoticias.com.br\/index.php\/wp-json\/wp\/v2\/posts"}],"about":[{"href":"https:\/\/jornalfatosenoticias.com.br\/index.php\/wp-json\/wp\/v2\/types\/post"}],"author":[{"embeddable":true,"href":"https:\/\/jornalfatosenoticias.com.br\/index.php\/wp-json\/wp\/v2\/users\/2"}],"replies":[{"embeddable":true,"href":"https:\/\/jornalfatosenoticias.com.br\/index.php\/wp-json\/wp\/v2\/comments?post=12108"}],"version-history":[{"count":0,"href":"https:\/\/jornalfatosenoticias.com.br\/index.php\/wp-json\/wp\/v2\/posts\/12108\/revisions"}],"wp:featuredmedia":[{"embeddable":true,"href":"https:\/\/jornalfatosenoticias.com.br\/index.php\/wp-json\/wp\/v2\/media\/12110"}],"wp:attachment":[{"href":"https:\/\/jornalfatosenoticias.com.br\/index.php\/wp-json\/wp\/v2\/media?parent=12108"}],"wp:term":[{"taxonomy":"category","embeddable":true,"href":"https:\/\/jornalfatosenoticias.com.br\/index.php\/wp-json\/wp\/v2\/categories?post=12108"},{"taxonomy":"post_tag","embeddable":true,"href":"https:\/\/jornalfatosenoticias.com.br\/index.php\/wp-json\/wp\/v2\/tags?post=12108"}],"curies":[{"name":"wp","href":"https:\/\/api.w.org\/{rel}","templated":true}]}}