{"id":12130,"date":"2020-12-04T16:04:42","date_gmt":"2020-12-04T19:04:42","guid":{"rendered":"https:\/\/jornalfatosenoticias.com.br\/?p=12130"},"modified":"2020-12-04T16:04:47","modified_gmt":"2020-12-04T19:04:47","slug":"embalagens-longa-vida-viram-telhas-e-obras-de-arte","status":"publish","type":"post","link":"https:\/\/jornalfatosenoticias.com.br\/index.php\/2020\/12\/04\/embalagens-longa-vida-viram-telhas-e-obras-de-arte\/","title":{"rendered":"Embalagens longa vida viram telhas e obras de arte"},"content":{"rendered":"\n<h6 class=\"wp-block-heading\"><em>As telhas e a arte urbana ser\u00e3o usadas para ajudar a TETO, organiza\u00e7\u00e3o social que constr\u00f3i moradias<\/em><\/h6>\n\n\n\n<p>Depois de anunciar seu <a href=\"https:\/\/ciclovivo.com.br\/inovacao\/tecnologia\/do-bem-anuncia-projeto-para-compensar-100-de-suas-embalagens-longa-vida\/\" target=\"_blank\" rel=\"noreferrer noopener\">compromisso de compensar 100% da quantidade de embalagens longa vida produzidas por ano<\/a> e dar novos formatos para os res\u00edduos, a do bem\u2122, empresa de bebidas saud\u00e1veis, amplia o processo de ressignifica\u00e7\u00e3o das embalagens e transforma os materiais reciclados em telhas.<br>As telhas feitas com as embalagens ser\u00e3o utilizadas nas constru\u00e7\u00f5es da <a href=\"https:\/\/www.techo.org\/brasil\/\" target=\"_blank\" rel=\"noreferrer noopener\">TETO<\/a>, organiza\u00e7\u00e3o que constr\u00f3i moradias emergenciais e desenvolve projetos comunit\u00e1rios em \u00e1reas de vulnerabilidade em diversos estados do Brasil.<br>Para celebrar o in\u00edcio dessa parceria, a do bem\u2122 convidou cinco artistas urbanos, com estilos e tra\u00e7os distintos, que se conectam com prop\u00f3sito do projeto para utilizarem as telhas como fundo em branco e criar obras de arte sobre elas.<br>As obras especiais ser\u00e3o leiloadas e todo o valor arrecadado ser\u00e1 destinado \u00e0 TETO. At\u00e9 o dia 10 de dezembro, as pe\u00e7as dos artistas Eve Queiroz, Crica Monteiro, Coletivo SHN, Tikka Meszanos e Nina Satie estar\u00e3o dispon\u00edveis para os lances.<br>Para participar, os interessados devem fazer um breve cadastro por meio da <a href=\"https:\/\/dobemviraarte.superbid.net\/\" target=\"_blank\" rel=\"noreferrer noopener\">plataforma SuperBid<\/a>. \u00c9 importante destacar que cada artista foi respons\u00e1vel por indicar o lance m\u00ednimo inicial de cada pe\u00e7a.<\/p>\n\n\n\n<figure class=\"wp-block-image size-large\"><img loading=\"lazy\" decoding=\"async\" width=\"1000\" height=\"626\" src=\"https:\/\/jornalfatosenoticias.com.br\/wp-content\/uploads\/2020\/12\/telha_sucodobem.jpg\" alt=\"\" class=\"wp-image-12131\" srcset=\"https:\/\/jornalfatosenoticias.com.br\/wp-content\/uploads\/2020\/12\/telha_sucodobem.jpg 1000w, https:\/\/jornalfatosenoticias.com.br\/wp-content\/uploads\/2020\/12\/telha_sucodobem-300x188.jpg 300w, https:\/\/jornalfatosenoticias.com.br\/wp-content\/uploads\/2020\/12\/telha_sucodobem-768x481.jpg 768w, https:\/\/jornalfatosenoticias.com.br\/wp-content\/uploads\/2020\/12\/telha_sucodobem-350x220.jpg 350w\" sizes=\"auto, (max-width: 1000px) 100vw, 1000px\" \/><figcaption><em>(Foto: Divulga\u00e7\u00e3o)<\/em><\/figcaption><\/figure>\n\n\n\n<blockquote class=\"wp-block-quote is-layout-flow wp-block-quote-is-layout-flow\"><p>\u201cQueremos incentivar esse debate de transforma\u00e7\u00e3o dos res\u00edduos em arte. Porque al\u00e9m de colaborar com a iniciativa e adquirir uma obra exclusiva, as pessoas ajudar\u00e3o a potencializar o trabalho da organiza\u00e7\u00e3o e o aproveitamento dos materiais recicl\u00e1veis\u201d, explica Tiago Schmidt, gerente de marketing da do bem\u2122.<\/p><\/blockquote>\n\n\n\n<p>\u201cNosso compromisso \u00e9 transformar embalagens recicladas em diferentes produtos que ser\u00e3o destinados para iniciativas do bem. As telhas s\u00e3o um exemplo de como a inova\u00e7\u00e3o e a tecnologia podem construir uma energia criativa que transforma\u201d, Tiago Schmidt, gerente de marketing da do bem\u2122.<\/p>\n\n\n\n<h4 class=\"wp-block-heading\">Caixinhas viram telhas<\/h4>\n\n\n\n<figure class=\"wp-block-image size-large\"><img loading=\"lazy\" decoding=\"async\" width=\"1000\" height=\"750\" src=\"https:\/\/jornalfatosenoticias.com.br\/wp-content\/uploads\/2020\/12\/telha-tetra-pak-Tikka.jpeg\" alt=\"\" class=\"wp-image-12132\" srcset=\"https:\/\/jornalfatosenoticias.com.br\/wp-content\/uploads\/2020\/12\/telha-tetra-pak-Tikka.jpeg 1000w, https:\/\/jornalfatosenoticias.com.br\/wp-content\/uploads\/2020\/12\/telha-tetra-pak-Tikka-300x225.jpeg 300w, https:\/\/jornalfatosenoticias.com.br\/wp-content\/uploads\/2020\/12\/telha-tetra-pak-Tikka-768x576.jpeg 768w\" sizes=\"auto, (max-width: 1000px) 100vw, 1000px\" \/><figcaption><em>(Foto: Divulga\u00e7\u00e3o)<\/em><\/figcaption><\/figure>\n\n\n\n<p>Para o projeto, a do bem\u2122 conta com a parceria da empresa IBAPLAC, que transforma as embalagens longa vida em telhas. No processo de transforma\u00e7\u00e3o s\u00e3o necess\u00e1rias em m\u00e9dia 500 caixinhas para produzir uma telha, sendo que a TETO utiliza 12 telhas e quatro cumeeiras na constru\u00e7\u00e3o de cada casa, um total de 6347 caixinhas.<\/p>\n\n\n\n<p><strong><em>Fonte: <a href=\"https:\/\/ciclovivo.com.br\/arq-urb\/arquitetura\/embalagens-longa-viram-telhas-e-obras-de-arte\/\">CicloVivo<\/a><\/em><\/strong><\/p>\n","protected":false},"excerpt":{"rendered":"<p>As telhas e a arte urbana ser\u00e3o usadas para ajudar a TETO, organiza\u00e7\u00e3o social que constr\u00f3i moradias Depois de anunciar seu compromisso de compensar 100% da quantidade de embalagens longa vida produzidas por ano e dar novos formatos para os res\u00edduos, a do bem\u2122, empresa de bebidas saud\u00e1veis, amplia o processo de ressignifica\u00e7\u00e3o das embalagens [&hellip;]<\/p>\n","protected":false},"author":2,"featured_media":12133,"comment_status":"open","ping_status":"open","sticky":false,"template":"","format":"standard","meta":{"footnotes":""},"categories":[4,3],"tags":[6364,5402,6036,6365],"class_list":["post-12130","post","type-post","status-publish","format-standard","has-post-thumbnail","hentry","category-cultura","category-tecnologia","tag-embalagens-longa-vida","tag-obras-de-arte","tag-telhas","tag-teto"],"yoast_head":"<!-- This site is optimized with the Yoast SEO plugin v26.5 - https:\/\/yoast.com\/wordpress\/plugins\/seo\/ -->\n<title>Embalagens longa vida viram telhas e obras de arte - Jornal Fatos e Not\u00edcias<\/title>\n<meta name=\"robots\" content=\"index, follow, max-snippet:-1, max-image-preview:large, max-video-preview:-1\" \/>\n<link rel=\"canonical\" href=\"https:\/\/jornalfatosenoticias.com.br\/index.php\/2020\/12\/04\/embalagens-longa-vida-viram-telhas-e-obras-de-arte\/\" \/>\n<meta property=\"og:locale\" content=\"pt_BR\" \/>\n<meta property=\"og:type\" content=\"article\" \/>\n<meta property=\"og:title\" content=\"Embalagens longa vida viram telhas e obras de arte - Jornal Fatos e Not\u00edcias\" \/>\n<meta property=\"og:description\" content=\"As telhas e a arte urbana ser\u00e3o usadas para ajudar a TETO, organiza\u00e7\u00e3o social que constr\u00f3i moradias Depois de anunciar seu compromisso de compensar 100% da quantidade de embalagens longa vida produzidas por ano e dar novos formatos para os res\u00edduos, a do bem\u2122, empresa de bebidas saud\u00e1veis, amplia o processo de ressignifica\u00e7\u00e3o das embalagens [&hellip;]\" \/>\n<meta property=\"og:url\" content=\"https:\/\/jornalfatosenoticias.com.br\/index.php\/2020\/12\/04\/embalagens-longa-vida-viram-telhas-e-obras-de-arte\/\" \/>\n<meta property=\"og:site_name\" content=\"Jornal Fatos e Not\u00edcias\" \/>\n<meta property=\"article:published_time\" content=\"2020-12-04T19:04:42+00:00\" \/>\n<meta property=\"article:modified_time\" content=\"2020-12-04T19:04:47+00:00\" \/>\n<meta property=\"og:image\" content=\"https:\/\/jornalfatosenoticias.com.br\/wp-content\/uploads\/2020\/12\/telha-tetra-pak-Crica.jpg\" \/>\n\t<meta property=\"og:image:width\" content=\"1000\" \/>\n\t<meta property=\"og:image:height\" content=\"628\" \/>\n\t<meta property=\"og:image:type\" content=\"image\/jpeg\" \/>\n<meta name=\"author\" content=\"Luzimara Fernandes\" \/>\n<meta name=\"twitter:card\" content=\"summary_large_image\" \/>\n<meta name=\"twitter:label1\" content=\"Escrito por\" \/>\n\t<meta name=\"twitter:data1\" content=\"Luzimara Fernandes\" \/>\n\t<meta name=\"twitter:label2\" content=\"Est. tempo de leitura\" \/>\n\t<meta name=\"twitter:data2\" content=\"2 minutos\" \/>\n<script type=\"application\/ld+json\" class=\"yoast-schema-graph\">{\"@context\":\"https:\/\/schema.org\",\"@graph\":[{\"@type\":\"Article\",\"@id\":\"https:\/\/jornalfatosenoticias.com.br\/index.php\/2020\/12\/04\/embalagens-longa-vida-viram-telhas-e-obras-de-arte\/#article\",\"isPartOf\":{\"@id\":\"https:\/\/jornalfatosenoticias.com.br\/index.php\/2020\/12\/04\/embalagens-longa-vida-viram-telhas-e-obras-de-arte\/\"},\"author\":{\"name\":\"Luzimara Fernandes\",\"@id\":\"https:\/\/jornalfatosenoticias.com.br\/#\/schema\/person\/d63837fa13ac8666eb9e74e0985d6f81\"},\"headline\":\"Embalagens longa vida viram telhas e obras de arte\",\"datePublished\":\"2020-12-04T19:04:42+00:00\",\"dateModified\":\"2020-12-04T19:04:47+00:00\",\"mainEntityOfPage\":{\"@id\":\"https:\/\/jornalfatosenoticias.com.br\/index.php\/2020\/12\/04\/embalagens-longa-vida-viram-telhas-e-obras-de-arte\/\"},\"wordCount\":394,\"commentCount\":0,\"publisher\":{\"@id\":\"https:\/\/jornalfatosenoticias.com.br\/#organization\"},\"image\":{\"@id\":\"https:\/\/jornalfatosenoticias.com.br\/index.php\/2020\/12\/04\/embalagens-longa-vida-viram-telhas-e-obras-de-arte\/#primaryimage\"},\"thumbnailUrl\":\"https:\/\/jornalfatosenoticias.com.br\/wp-content\/uploads\/2020\/12\/telha-tetra-pak-Crica.jpg\",\"keywords\":[\"embalagens longa vida\",\"obras de arte\",\"telhas\",\"TETO\"],\"articleSection\":[\"Cultura\",\"Tecnologia &amp; Inova\u00e7\u00e3o\"],\"inLanguage\":\"pt-BR\",\"potentialAction\":[{\"@type\":\"CommentAction\",\"name\":\"Comment\",\"target\":[\"https:\/\/jornalfatosenoticias.com.br\/index.php\/2020\/12\/04\/embalagens-longa-vida-viram-telhas-e-obras-de-arte\/#respond\"]}]},{\"@type\":\"WebPage\",\"@id\":\"https:\/\/jornalfatosenoticias.com.br\/index.php\/2020\/12\/04\/embalagens-longa-vida-viram-telhas-e-obras-de-arte\/\",\"url\":\"https:\/\/jornalfatosenoticias.com.br\/index.php\/2020\/12\/04\/embalagens-longa-vida-viram-telhas-e-obras-de-arte\/\",\"name\":\"Embalagens longa vida viram telhas e obras de arte - Jornal Fatos e Not\u00edcias\",\"isPartOf\":{\"@id\":\"https:\/\/jornalfatosenoticias.com.br\/#website\"},\"primaryImageOfPage\":{\"@id\":\"https:\/\/jornalfatosenoticias.com.br\/index.php\/2020\/12\/04\/embalagens-longa-vida-viram-telhas-e-obras-de-arte\/#primaryimage\"},\"image\":{\"@id\":\"https:\/\/jornalfatosenoticias.com.br\/index.php\/2020\/12\/04\/embalagens-longa-vida-viram-telhas-e-obras-de-arte\/#primaryimage\"},\"thumbnailUrl\":\"https:\/\/jornalfatosenoticias.com.br\/wp-content\/uploads\/2020\/12\/telha-tetra-pak-Crica.jpg\",\"datePublished\":\"2020-12-04T19:04:42+00:00\",\"dateModified\":\"2020-12-04T19:04:47+00:00\",\"breadcrumb\":{\"@id\":\"https:\/\/jornalfatosenoticias.com.br\/index.php\/2020\/12\/04\/embalagens-longa-vida-viram-telhas-e-obras-de-arte\/#breadcrumb\"},\"inLanguage\":\"pt-BR\",\"potentialAction\":[{\"@type\":\"ReadAction\",\"target\":[\"https:\/\/jornalfatosenoticias.com.br\/index.php\/2020\/12\/04\/embalagens-longa-vida-viram-telhas-e-obras-de-arte\/\"]}]},{\"@type\":\"ImageObject\",\"inLanguage\":\"pt-BR\",\"@id\":\"https:\/\/jornalfatosenoticias.com.br\/index.php\/2020\/12\/04\/embalagens-longa-vida-viram-telhas-e-obras-de-arte\/#primaryimage\",\"url\":\"https:\/\/jornalfatosenoticias.com.br\/wp-content\/uploads\/2020\/12\/telha-tetra-pak-Crica.jpg\",\"contentUrl\":\"https:\/\/jornalfatosenoticias.com.br\/wp-content\/uploads\/2020\/12\/telha-tetra-pak-Crica.jpg\",\"width\":1000,\"height\":628},{\"@type\":\"BreadcrumbList\",\"@id\":\"https:\/\/jornalfatosenoticias.com.br\/index.php\/2020\/12\/04\/embalagens-longa-vida-viram-telhas-e-obras-de-arte\/#breadcrumb\",\"itemListElement\":[{\"@type\":\"ListItem\",\"position\":1,\"name\":\"In\u00edcio\",\"item\":\"https:\/\/jornalfatosenoticias.com.br\/\"},{\"@type\":\"ListItem\",\"position\":2,\"name\":\"Embalagens longa vida viram telhas e obras de arte\"}]},{\"@type\":\"WebSite\",\"@id\":\"https:\/\/jornalfatosenoticias.com.br\/#website\",\"url\":\"https:\/\/jornalfatosenoticias.com.br\/\",\"name\":\"Jornal Fatos e Not\u00edcias\",\"description\":\"Not\u00edcias em geral\",\"publisher\":{\"@id\":\"https:\/\/jornalfatosenoticias.com.br\/#organization\"},\"potentialAction\":[{\"@type\":\"SearchAction\",\"target\":{\"@type\":\"EntryPoint\",\"urlTemplate\":\"https:\/\/jornalfatosenoticias.com.br\/?s={search_term_string}\"},\"query-input\":{\"@type\":\"PropertyValueSpecification\",\"valueRequired\":true,\"valueName\":\"search_term_string\"}}],\"inLanguage\":\"pt-BR\"},{\"@type\":\"Organization\",\"@id\":\"https:\/\/jornalfatosenoticias.com.br\/#organization\",\"name\":\"Jornal Fatos e Not\u00edcias\",\"url\":\"https:\/\/jornalfatosenoticias.com.br\/\",\"logo\":{\"@type\":\"ImageObject\",\"inLanguage\":\"pt-BR\",\"@id\":\"https:\/\/jornalfatosenoticias.com.br\/#\/schema\/logo\/image\/\",\"url\":\"https:\/\/jornalfatosenoticias.com.br\/wp-content\/uploads\/2020\/02\/logo120.png\",\"contentUrl\":\"https:\/\/jornalfatosenoticias.com.br\/wp-content\/uploads\/2020\/02\/logo120.png\",\"width\":1227,\"height\":120,\"caption\":\"Jornal Fatos e Not\u00edcias\"},\"image\":{\"@id\":\"https:\/\/jornalfatosenoticias.com.br\/#\/schema\/logo\/image\/\"}},{\"@type\":\"Person\",\"@id\":\"https:\/\/jornalfatosenoticias.com.br\/#\/schema\/person\/d63837fa13ac8666eb9e74e0985d6f81\",\"name\":\"Luzimara Fernandes\",\"image\":{\"@type\":\"ImageObject\",\"inLanguage\":\"pt-BR\",\"@id\":\"https:\/\/jornalfatosenoticias.com.br\/#\/schema\/person\/image\/\",\"url\":\"https:\/\/jornalfatosenoticias.com.br\/wp-content\/uploads\/2025\/05\/EU_portal.jpg\",\"contentUrl\":\"https:\/\/jornalfatosenoticias.com.br\/wp-content\/uploads\/2025\/05\/EU_portal.jpg\",\"caption\":\"Luzimara Fernandes\"},\"description\":\"Jornalista MTB 2358-ES\",\"sameAs\":[\"https:\/\/jornalfatosenoticias.com.br\"],\"url\":\"https:\/\/jornalfatosenoticias.com.br\/index.php\/author\/luzimara\/\"}]}<\/script>\n<!-- \/ Yoast SEO plugin. -->","yoast_head_json":{"title":"Embalagens longa vida viram telhas e obras de arte - Jornal Fatos e Not\u00edcias","robots":{"index":"index","follow":"follow","max-snippet":"max-snippet:-1","max-image-preview":"max-image-preview:large","max-video-preview":"max-video-preview:-1"},"canonical":"https:\/\/jornalfatosenoticias.com.br\/index.php\/2020\/12\/04\/embalagens-longa-vida-viram-telhas-e-obras-de-arte\/","og_locale":"pt_BR","og_type":"article","og_title":"Embalagens longa vida viram telhas e obras de arte - Jornal Fatos e Not\u00edcias","og_description":"As telhas e a arte urbana ser\u00e3o usadas para ajudar a TETO, organiza\u00e7\u00e3o social que constr\u00f3i moradias Depois de anunciar seu compromisso de compensar 100% da quantidade de embalagens longa vida produzidas por ano e dar novos formatos para os res\u00edduos, a do bem\u2122, empresa de bebidas saud\u00e1veis, amplia o processo de ressignifica\u00e7\u00e3o das embalagens [&hellip;]","og_url":"https:\/\/jornalfatosenoticias.com.br\/index.php\/2020\/12\/04\/embalagens-longa-vida-viram-telhas-e-obras-de-arte\/","og_site_name":"Jornal Fatos e Not\u00edcias","article_published_time":"2020-12-04T19:04:42+00:00","article_modified_time":"2020-12-04T19:04:47+00:00","og_image":[{"width":1000,"height":628,"url":"https:\/\/jornalfatosenoticias.com.br\/wp-content\/uploads\/2020\/12\/telha-tetra-pak-Crica.jpg","type":"image\/jpeg"}],"author":"Luzimara Fernandes","twitter_card":"summary_large_image","twitter_misc":{"Escrito por":"Luzimara Fernandes","Est. tempo de leitura":"2 minutos"},"schema":{"@context":"https:\/\/schema.org","@graph":[{"@type":"Article","@id":"https:\/\/jornalfatosenoticias.com.br\/index.php\/2020\/12\/04\/embalagens-longa-vida-viram-telhas-e-obras-de-arte\/#article","isPartOf":{"@id":"https:\/\/jornalfatosenoticias.com.br\/index.php\/2020\/12\/04\/embalagens-longa-vida-viram-telhas-e-obras-de-arte\/"},"author":{"name":"Luzimara Fernandes","@id":"https:\/\/jornalfatosenoticias.com.br\/#\/schema\/person\/d63837fa13ac8666eb9e74e0985d6f81"},"headline":"Embalagens longa vida viram telhas e obras de arte","datePublished":"2020-12-04T19:04:42+00:00","dateModified":"2020-12-04T19:04:47+00:00","mainEntityOfPage":{"@id":"https:\/\/jornalfatosenoticias.com.br\/index.php\/2020\/12\/04\/embalagens-longa-vida-viram-telhas-e-obras-de-arte\/"},"wordCount":394,"commentCount":0,"publisher":{"@id":"https:\/\/jornalfatosenoticias.com.br\/#organization"},"image":{"@id":"https:\/\/jornalfatosenoticias.com.br\/index.php\/2020\/12\/04\/embalagens-longa-vida-viram-telhas-e-obras-de-arte\/#primaryimage"},"thumbnailUrl":"https:\/\/jornalfatosenoticias.com.br\/wp-content\/uploads\/2020\/12\/telha-tetra-pak-Crica.jpg","keywords":["embalagens longa vida","obras de arte","telhas","TETO"],"articleSection":["Cultura","Tecnologia &amp; Inova\u00e7\u00e3o"],"inLanguage":"pt-BR","potentialAction":[{"@type":"CommentAction","name":"Comment","target":["https:\/\/jornalfatosenoticias.com.br\/index.php\/2020\/12\/04\/embalagens-longa-vida-viram-telhas-e-obras-de-arte\/#respond"]}]},{"@type":"WebPage","@id":"https:\/\/jornalfatosenoticias.com.br\/index.php\/2020\/12\/04\/embalagens-longa-vida-viram-telhas-e-obras-de-arte\/","url":"https:\/\/jornalfatosenoticias.com.br\/index.php\/2020\/12\/04\/embalagens-longa-vida-viram-telhas-e-obras-de-arte\/","name":"Embalagens longa vida viram telhas e obras de arte - Jornal Fatos e Not\u00edcias","isPartOf":{"@id":"https:\/\/jornalfatosenoticias.com.br\/#website"},"primaryImageOfPage":{"@id":"https:\/\/jornalfatosenoticias.com.br\/index.php\/2020\/12\/04\/embalagens-longa-vida-viram-telhas-e-obras-de-arte\/#primaryimage"},"image":{"@id":"https:\/\/jornalfatosenoticias.com.br\/index.php\/2020\/12\/04\/embalagens-longa-vida-viram-telhas-e-obras-de-arte\/#primaryimage"},"thumbnailUrl":"https:\/\/jornalfatosenoticias.com.br\/wp-content\/uploads\/2020\/12\/telha-tetra-pak-Crica.jpg","datePublished":"2020-12-04T19:04:42+00:00","dateModified":"2020-12-04T19:04:47+00:00","breadcrumb":{"@id":"https:\/\/jornalfatosenoticias.com.br\/index.php\/2020\/12\/04\/embalagens-longa-vida-viram-telhas-e-obras-de-arte\/#breadcrumb"},"inLanguage":"pt-BR","potentialAction":[{"@type":"ReadAction","target":["https:\/\/jornalfatosenoticias.com.br\/index.php\/2020\/12\/04\/embalagens-longa-vida-viram-telhas-e-obras-de-arte\/"]}]},{"@type":"ImageObject","inLanguage":"pt-BR","@id":"https:\/\/jornalfatosenoticias.com.br\/index.php\/2020\/12\/04\/embalagens-longa-vida-viram-telhas-e-obras-de-arte\/#primaryimage","url":"https:\/\/jornalfatosenoticias.com.br\/wp-content\/uploads\/2020\/12\/telha-tetra-pak-Crica.jpg","contentUrl":"https:\/\/jornalfatosenoticias.com.br\/wp-content\/uploads\/2020\/12\/telha-tetra-pak-Crica.jpg","width":1000,"height":628},{"@type":"BreadcrumbList","@id":"https:\/\/jornalfatosenoticias.com.br\/index.php\/2020\/12\/04\/embalagens-longa-vida-viram-telhas-e-obras-de-arte\/#breadcrumb","itemListElement":[{"@type":"ListItem","position":1,"name":"In\u00edcio","item":"https:\/\/jornalfatosenoticias.com.br\/"},{"@type":"ListItem","position":2,"name":"Embalagens longa vida viram telhas e obras de arte"}]},{"@type":"WebSite","@id":"https:\/\/jornalfatosenoticias.com.br\/#website","url":"https:\/\/jornalfatosenoticias.com.br\/","name":"Jornal Fatos e Not\u00edcias","description":"Not\u00edcias em geral","publisher":{"@id":"https:\/\/jornalfatosenoticias.com.br\/#organization"},"potentialAction":[{"@type":"SearchAction","target":{"@type":"EntryPoint","urlTemplate":"https:\/\/jornalfatosenoticias.com.br\/?s={search_term_string}"},"query-input":{"@type":"PropertyValueSpecification","valueRequired":true,"valueName":"search_term_string"}}],"inLanguage":"pt-BR"},{"@type":"Organization","@id":"https:\/\/jornalfatosenoticias.com.br\/#organization","name":"Jornal Fatos e Not\u00edcias","url":"https:\/\/jornalfatosenoticias.com.br\/","logo":{"@type":"ImageObject","inLanguage":"pt-BR","@id":"https:\/\/jornalfatosenoticias.com.br\/#\/schema\/logo\/image\/","url":"https:\/\/jornalfatosenoticias.com.br\/wp-content\/uploads\/2020\/02\/logo120.png","contentUrl":"https:\/\/jornalfatosenoticias.com.br\/wp-content\/uploads\/2020\/02\/logo120.png","width":1227,"height":120,"caption":"Jornal Fatos e Not\u00edcias"},"image":{"@id":"https:\/\/jornalfatosenoticias.com.br\/#\/schema\/logo\/image\/"}},{"@type":"Person","@id":"https:\/\/jornalfatosenoticias.com.br\/#\/schema\/person\/d63837fa13ac8666eb9e74e0985d6f81","name":"Luzimara Fernandes","image":{"@type":"ImageObject","inLanguage":"pt-BR","@id":"https:\/\/jornalfatosenoticias.com.br\/#\/schema\/person\/image\/","url":"https:\/\/jornalfatosenoticias.com.br\/wp-content\/uploads\/2025\/05\/EU_portal.jpg","contentUrl":"https:\/\/jornalfatosenoticias.com.br\/wp-content\/uploads\/2025\/05\/EU_portal.jpg","caption":"Luzimara Fernandes"},"description":"Jornalista MTB 2358-ES","sameAs":["https:\/\/jornalfatosenoticias.com.br"],"url":"https:\/\/jornalfatosenoticias.com.br\/index.php\/author\/luzimara\/"}]}},"cc_featured_image_caption":{"caption_text":"(Foto: Divulga\u00e7\u00e3o) ","source_text":"","source_url":""},"jetpack_featured_media_url":"https:\/\/jornalfatosenoticias.com.br\/wp-content\/uploads\/2020\/12\/telha-tetra-pak-Crica.jpg","_links":{"self":[{"href":"https:\/\/jornalfatosenoticias.com.br\/index.php\/wp-json\/wp\/v2\/posts\/12130","targetHints":{"allow":["GET"]}}],"collection":[{"href":"https:\/\/jornalfatosenoticias.com.br\/index.php\/wp-json\/wp\/v2\/posts"}],"about":[{"href":"https:\/\/jornalfatosenoticias.com.br\/index.php\/wp-json\/wp\/v2\/types\/post"}],"author":[{"embeddable":true,"href":"https:\/\/jornalfatosenoticias.com.br\/index.php\/wp-json\/wp\/v2\/users\/2"}],"replies":[{"embeddable":true,"href":"https:\/\/jornalfatosenoticias.com.br\/index.php\/wp-json\/wp\/v2\/comments?post=12130"}],"version-history":[{"count":0,"href":"https:\/\/jornalfatosenoticias.com.br\/index.php\/wp-json\/wp\/v2\/posts\/12130\/revisions"}],"wp:featuredmedia":[{"embeddable":true,"href":"https:\/\/jornalfatosenoticias.com.br\/index.php\/wp-json\/wp\/v2\/media\/12133"}],"wp:attachment":[{"href":"https:\/\/jornalfatosenoticias.com.br\/index.php\/wp-json\/wp\/v2\/media?parent=12130"}],"wp:term":[{"taxonomy":"category","embeddable":true,"href":"https:\/\/jornalfatosenoticias.com.br\/index.php\/wp-json\/wp\/v2\/categories?post=12130"},{"taxonomy":"post_tag","embeddable":true,"href":"https:\/\/jornalfatosenoticias.com.br\/index.php\/wp-json\/wp\/v2\/tags?post=12130"}],"curies":[{"name":"wp","href":"https:\/\/api.w.org\/{rel}","templated":true}]}}