{"id":12159,"date":"2020-12-07T10:07:04","date_gmt":"2020-12-07T13:07:04","guid":{"rendered":"https:\/\/jornalfatosenoticias.com.br\/?p=12159"},"modified":"2020-12-07T10:09:31","modified_gmt":"2020-12-07T13:09:31","slug":"ms-cria-comite-tecnico-para-acompanhar-a-vacina-de-oxford","status":"publish","type":"post","link":"https:\/\/jornalfatosenoticias.com.br\/index.php\/2020\/12\/07\/ms-cria-comite-tecnico-para-acompanhar-a-vacina-de-oxford\/","title":{"rendered":"MS cria comit\u00ea t\u00e9cnico para acompanhar a vacina de Oxford"},"content":{"rendered":"\n<h6 class=\"wp-block-heading\"><em>A medida foi publicada hoje no Di\u00e1rio Oficial da Uni\u00e3o<\/em><\/h6>\n\n\n\n<p>O Minist\u00e9rio da Sa\u00fade criou um comit\u00ea t\u00e9cnico para acompanhar as a\u00e7\u00f5es de pesquisa, desenvolvimento, produ\u00e7\u00e3o, contratualiza\u00e7\u00e3o, transfer\u00eancia e incorpora\u00e7\u00e3o tecnol\u00f3gica da vacina desenvolvida pela Universidade de Oxford e pela farmac\u00eautica AstraZeneca contra a covid-19.<br>A portaria que prev\u00ea a cria\u00e7\u00e3o desse comit\u00ea t\u00e9cnico foi publicada no <em><a href=\"https:\/\/www.in.gov.br\/en\/web\/dou\/-\/portaria-gm\/ms-n-3.290-de-4-de-dezembro-de-2020-292452216\" target=\"_blank\" rel=\"noreferrer noopener\"><strong>Di\u00e1rio Oficial da Uni\u00e3o<\/strong><\/a><\/em>\u00a0de hoje (7). Segundo ela, o comit\u00ea enviar\u00e1 relat\u00f3rios quinzenais sobre o acompanhamento dessas a\u00e7\u00f5es.<br>O comit\u00ea t\u00e9cnico ser\u00e1 composto por representantes do gabinete do ministro da Sa\u00fade e das secretarias executiva; de Vigil\u00e2ncia em Sa\u00fade; e de Ci\u00eancia, Tecnologia, Inova\u00e7\u00e3o e Insumos Estrat\u00e9gicos em Sa\u00fade \u2014 todas do Minist\u00e9rio da Sa\u00fade. A coordena\u00e7\u00e3o ficar\u00e1 a cargo da secretaria executiva. Cada representante ter\u00e1 um suplente, que o substituir\u00e1 em caso de aus\u00eancias ou impedimentos.<br>O comit\u00ea t\u00e9cnico ter\u00e1 a dura\u00e7\u00e3o de at\u00e9 180 dias, contados a partir de hoje, data em que a portaria foi publicada, podendo ser prorrogado por igual per\u00edodo. Por meio de sua coordena\u00e7\u00e3o, o comit\u00ea poder\u00e1 convidar agentes p\u00fablicos, especialistas e pesquisadores de institui\u00e7\u00f5es p\u00fablicas e privadas para participar de suas reuni\u00f5es. Ele se reunir\u00e1, em car\u00e1ter ordin\u00e1rio, quinzenalmente, e, em car\u00e1ter extraordin\u00e1rio, sempre que convocado por seu coordenador. \u201cA participa\u00e7\u00e3o no comit\u00ea t\u00e9cnico ser\u00e1 considerada presta\u00e7\u00e3o de servi\u00e7o p\u00fablico relevante, n\u00e3o remunerada\u201d, complementa a portaria.<br>Est\u00e1 previsto que os membros e convidados do comit\u00ea que estejam no Distrito Federal se re\u00fanam presencialmente. J\u00e1 os membros e convidados que se encontrem em outras unidades federativas participar\u00e3o da reuni\u00e3o por meio de videoconfer\u00eancia.<\/p>\n\n\n\n<p><em><strong>Foto:<\/strong> Reuters\/Dado Ruvic\/Direitos Reservados<\/em><\/p>\n\n\n\n<p><strong><em>Fonte: <a href=\"https:\/\/agenciabrasil.ebc.com.br\/saude\/noticia\/2020-12\/ms-cria-comite-tecnico-para-acompanhar-vacina-de-oxford\">Ag\u00eancia Brasil<\/a><\/em><\/strong><\/p>\n","protected":false},"excerpt":{"rendered":"<p>A medida foi publicada hoje no Di\u00e1rio Oficial da Uni\u00e3o O Minist\u00e9rio da Sa\u00fade criou um comit\u00ea t\u00e9cnico para acompanhar as a\u00e7\u00f5es de pesquisa, desenvolvimento, produ\u00e7\u00e3o, contratualiza\u00e7\u00e3o, transfer\u00eancia e incorpora\u00e7\u00e3o tecnol\u00f3gica da vacina desenvolvida pela Universidade de Oxford e pela farmac\u00eautica AstraZeneca contra a covid-19.A portaria que prev\u00ea a cria\u00e7\u00e3o desse comit\u00ea t\u00e9cnico foi publicada [&hellip;]<\/p>\n","protected":false},"author":2,"featured_media":12160,"comment_status":"open","ping_status":"open","sticky":false,"template":"","format":"standard","meta":{"footnotes":""},"categories":[11],"tags":[6377,273,447,3490,563],"class_list":["post-12159","post","type-post","status-publish","format-standard","has-post-thumbnail","hentry","category-saude","tag-comite-tecnico","tag-covid-19","tag-ministerio-da-saude","tag-portaria","tag-vacina"],"yoast_head":"<!-- This site is optimized with the Yoast SEO plugin v26.5 - https:\/\/yoast.com\/wordpress\/plugins\/seo\/ -->\n<title>MS cria comit\u00ea t\u00e9cnico para acompanhar a vacina de Oxford - Jornal Fatos e Not\u00edcias<\/title>\n<meta name=\"robots\" content=\"index, follow, max-snippet:-1, max-image-preview:large, max-video-preview:-1\" \/>\n<link rel=\"canonical\" href=\"https:\/\/jornalfatosenoticias.com.br\/index.php\/2020\/12\/07\/ms-cria-comite-tecnico-para-acompanhar-a-vacina-de-oxford\/\" \/>\n<meta property=\"og:locale\" content=\"pt_BR\" \/>\n<meta property=\"og:type\" content=\"article\" \/>\n<meta property=\"og:title\" content=\"MS cria comit\u00ea t\u00e9cnico para acompanhar a vacina de Oxford - Jornal Fatos e Not\u00edcias\" \/>\n<meta property=\"og:description\" content=\"A medida foi publicada hoje no Di\u00e1rio Oficial da Uni\u00e3o O Minist\u00e9rio da Sa\u00fade criou um comit\u00ea t\u00e9cnico para acompanhar as a\u00e7\u00f5es de pesquisa, desenvolvimento, produ\u00e7\u00e3o, contratualiza\u00e7\u00e3o, transfer\u00eancia e incorpora\u00e7\u00e3o tecnol\u00f3gica da vacina desenvolvida pela Universidade de Oxford e pela farmac\u00eautica AstraZeneca contra a covid-19.A portaria que prev\u00ea a cria\u00e7\u00e3o desse comit\u00ea t\u00e9cnico foi publicada [&hellip;]\" \/>\n<meta property=\"og:url\" content=\"https:\/\/jornalfatosenoticias.com.br\/index.php\/2020\/12\/07\/ms-cria-comite-tecnico-para-acompanhar-a-vacina-de-oxford\/\" \/>\n<meta property=\"og:site_name\" content=\"Jornal Fatos e Not\u00edcias\" \/>\n<meta property=\"article:published_time\" content=\"2020-12-07T13:07:04+00:00\" \/>\n<meta property=\"article:modified_time\" content=\"2020-12-07T13:09:31+00:00\" \/>\n<meta property=\"og:image\" content=\"https:\/\/jornalfatosenoticias.com.br\/wp-content\/uploads\/2020\/12\/vacina-covid.jpg\" \/>\n\t<meta property=\"og:image:width\" content=\"1000\" \/>\n\t<meta property=\"og:image:height\" content=\"598\" \/>\n\t<meta property=\"og:image:type\" content=\"image\/jpeg\" \/>\n<meta name=\"author\" content=\"Luzimara Fernandes\" \/>\n<meta name=\"twitter:card\" content=\"summary_large_image\" \/>\n<meta name=\"twitter:label1\" content=\"Escrito por\" \/>\n\t<meta name=\"twitter:data1\" content=\"Luzimara Fernandes\" \/>\n\t<meta name=\"twitter:label2\" content=\"Est. tempo de leitura\" \/>\n\t<meta name=\"twitter:data2\" content=\"2 minutos\" \/>\n<script type=\"application\/ld+json\" class=\"yoast-schema-graph\">{\"@context\":\"https:\/\/schema.org\",\"@graph\":[{\"@type\":\"Article\",\"@id\":\"https:\/\/jornalfatosenoticias.com.br\/index.php\/2020\/12\/07\/ms-cria-comite-tecnico-para-acompanhar-a-vacina-de-oxford\/#article\",\"isPartOf\":{\"@id\":\"https:\/\/jornalfatosenoticias.com.br\/index.php\/2020\/12\/07\/ms-cria-comite-tecnico-para-acompanhar-a-vacina-de-oxford\/\"},\"author\":{\"name\":\"Luzimara Fernandes\",\"@id\":\"https:\/\/jornalfatosenoticias.com.br\/#\/schema\/person\/d63837fa13ac8666eb9e74e0985d6f81\"},\"headline\":\"MS cria comit\u00ea t\u00e9cnico para acompanhar a vacina de Oxford\",\"datePublished\":\"2020-12-07T13:07:04+00:00\",\"dateModified\":\"2020-12-07T13:09:31+00:00\",\"mainEntityOfPage\":{\"@id\":\"https:\/\/jornalfatosenoticias.com.br\/index.php\/2020\/12\/07\/ms-cria-comite-tecnico-para-acompanhar-a-vacina-de-oxford\/\"},\"wordCount\":327,\"commentCount\":0,\"publisher\":{\"@id\":\"https:\/\/jornalfatosenoticias.com.br\/#organization\"},\"image\":{\"@id\":\"https:\/\/jornalfatosenoticias.com.br\/index.php\/2020\/12\/07\/ms-cria-comite-tecnico-para-acompanhar-a-vacina-de-oxford\/#primaryimage\"},\"thumbnailUrl\":\"https:\/\/jornalfatosenoticias.com.br\/wp-content\/uploads\/2020\/12\/vacina-covid.jpg\",\"keywords\":[\"comit\u00ea t\u00e9cnico\",\"covid-19\",\"Minist\u00e9rio da Sa\u00fade\",\"portaria\",\"vacina\"],\"articleSection\":[\"Sa\u00fade\"],\"inLanguage\":\"pt-BR\",\"potentialAction\":[{\"@type\":\"CommentAction\",\"name\":\"Comment\",\"target\":[\"https:\/\/jornalfatosenoticias.com.br\/index.php\/2020\/12\/07\/ms-cria-comite-tecnico-para-acompanhar-a-vacina-de-oxford\/#respond\"]}]},{\"@type\":\"WebPage\",\"@id\":\"https:\/\/jornalfatosenoticias.com.br\/index.php\/2020\/12\/07\/ms-cria-comite-tecnico-para-acompanhar-a-vacina-de-oxford\/\",\"url\":\"https:\/\/jornalfatosenoticias.com.br\/index.php\/2020\/12\/07\/ms-cria-comite-tecnico-para-acompanhar-a-vacina-de-oxford\/\",\"name\":\"MS cria comit\u00ea t\u00e9cnico para acompanhar a vacina de Oxford - Jornal Fatos e Not\u00edcias\",\"isPartOf\":{\"@id\":\"https:\/\/jornalfatosenoticias.com.br\/#website\"},\"primaryImageOfPage\":{\"@id\":\"https:\/\/jornalfatosenoticias.com.br\/index.php\/2020\/12\/07\/ms-cria-comite-tecnico-para-acompanhar-a-vacina-de-oxford\/#primaryimage\"},\"image\":{\"@id\":\"https:\/\/jornalfatosenoticias.com.br\/index.php\/2020\/12\/07\/ms-cria-comite-tecnico-para-acompanhar-a-vacina-de-oxford\/#primaryimage\"},\"thumbnailUrl\":\"https:\/\/jornalfatosenoticias.com.br\/wp-content\/uploads\/2020\/12\/vacina-covid.jpg\",\"datePublished\":\"2020-12-07T13:07:04+00:00\",\"dateModified\":\"2020-12-07T13:09:31+00:00\",\"breadcrumb\":{\"@id\":\"https:\/\/jornalfatosenoticias.com.br\/index.php\/2020\/12\/07\/ms-cria-comite-tecnico-para-acompanhar-a-vacina-de-oxford\/#breadcrumb\"},\"inLanguage\":\"pt-BR\",\"potentialAction\":[{\"@type\":\"ReadAction\",\"target\":[\"https:\/\/jornalfatosenoticias.com.br\/index.php\/2020\/12\/07\/ms-cria-comite-tecnico-para-acompanhar-a-vacina-de-oxford\/\"]}]},{\"@type\":\"ImageObject\",\"inLanguage\":\"pt-BR\",\"@id\":\"https:\/\/jornalfatosenoticias.com.br\/index.php\/2020\/12\/07\/ms-cria-comite-tecnico-para-acompanhar-a-vacina-de-oxford\/#primaryimage\",\"url\":\"https:\/\/jornalfatosenoticias.com.br\/wp-content\/uploads\/2020\/12\/vacina-covid.jpg\",\"contentUrl\":\"https:\/\/jornalfatosenoticias.com.br\/wp-content\/uploads\/2020\/12\/vacina-covid.jpg\",\"width\":1000,\"height\":598,\"caption\":\"vacina Oxford,AstraZeneca\"},{\"@type\":\"BreadcrumbList\",\"@id\":\"https:\/\/jornalfatosenoticias.com.br\/index.php\/2020\/12\/07\/ms-cria-comite-tecnico-para-acompanhar-a-vacina-de-oxford\/#breadcrumb\",\"itemListElement\":[{\"@type\":\"ListItem\",\"position\":1,\"name\":\"In\u00edcio\",\"item\":\"https:\/\/jornalfatosenoticias.com.br\/\"},{\"@type\":\"ListItem\",\"position\":2,\"name\":\"MS cria comit\u00ea t\u00e9cnico para acompanhar a vacina de Oxford\"}]},{\"@type\":\"WebSite\",\"@id\":\"https:\/\/jornalfatosenoticias.com.br\/#website\",\"url\":\"https:\/\/jornalfatosenoticias.com.br\/\",\"name\":\"Jornal Fatos e Not\u00edcias\",\"description\":\"Not\u00edcias em geral\",\"publisher\":{\"@id\":\"https:\/\/jornalfatosenoticias.com.br\/#organization\"},\"potentialAction\":[{\"@type\":\"SearchAction\",\"target\":{\"@type\":\"EntryPoint\",\"urlTemplate\":\"https:\/\/jornalfatosenoticias.com.br\/?s={search_term_string}\"},\"query-input\":{\"@type\":\"PropertyValueSpecification\",\"valueRequired\":true,\"valueName\":\"search_term_string\"}}],\"inLanguage\":\"pt-BR\"},{\"@type\":\"Organization\",\"@id\":\"https:\/\/jornalfatosenoticias.com.br\/#organization\",\"name\":\"Jornal Fatos e Not\u00edcias\",\"url\":\"https:\/\/jornalfatosenoticias.com.br\/\",\"logo\":{\"@type\":\"ImageObject\",\"inLanguage\":\"pt-BR\",\"@id\":\"https:\/\/jornalfatosenoticias.com.br\/#\/schema\/logo\/image\/\",\"url\":\"https:\/\/jornalfatosenoticias.com.br\/wp-content\/uploads\/2020\/02\/logo120.png\",\"contentUrl\":\"https:\/\/jornalfatosenoticias.com.br\/wp-content\/uploads\/2020\/02\/logo120.png\",\"width\":1227,\"height\":120,\"caption\":\"Jornal Fatos e Not\u00edcias\"},\"image\":{\"@id\":\"https:\/\/jornalfatosenoticias.com.br\/#\/schema\/logo\/image\/\"}},{\"@type\":\"Person\",\"@id\":\"https:\/\/jornalfatosenoticias.com.br\/#\/schema\/person\/d63837fa13ac8666eb9e74e0985d6f81\",\"name\":\"Luzimara Fernandes\",\"image\":{\"@type\":\"ImageObject\",\"inLanguage\":\"pt-BR\",\"@id\":\"https:\/\/jornalfatosenoticias.com.br\/#\/schema\/person\/image\/\",\"url\":\"https:\/\/jornalfatosenoticias.com.br\/wp-content\/uploads\/2025\/05\/EU_portal.jpg\",\"contentUrl\":\"https:\/\/jornalfatosenoticias.com.br\/wp-content\/uploads\/2025\/05\/EU_portal.jpg\",\"caption\":\"Luzimara Fernandes\"},\"description\":\"Jornalista MTB 2358-ES\",\"sameAs\":[\"https:\/\/jornalfatosenoticias.com.br\"],\"url\":\"https:\/\/jornalfatosenoticias.com.br\/index.php\/author\/luzimara\/\"}]}<\/script>\n<!-- \/ Yoast SEO plugin. -->","yoast_head_json":{"title":"MS cria comit\u00ea t\u00e9cnico para acompanhar a vacina de Oxford - Jornal Fatos e Not\u00edcias","robots":{"index":"index","follow":"follow","max-snippet":"max-snippet:-1","max-image-preview":"max-image-preview:large","max-video-preview":"max-video-preview:-1"},"canonical":"https:\/\/jornalfatosenoticias.com.br\/index.php\/2020\/12\/07\/ms-cria-comite-tecnico-para-acompanhar-a-vacina-de-oxford\/","og_locale":"pt_BR","og_type":"article","og_title":"MS cria comit\u00ea t\u00e9cnico para acompanhar a vacina de Oxford - Jornal Fatos e Not\u00edcias","og_description":"A medida foi publicada hoje no Di\u00e1rio Oficial da Uni\u00e3o O Minist\u00e9rio da Sa\u00fade criou um comit\u00ea t\u00e9cnico para acompanhar as a\u00e7\u00f5es de pesquisa, desenvolvimento, produ\u00e7\u00e3o, contratualiza\u00e7\u00e3o, transfer\u00eancia e incorpora\u00e7\u00e3o tecnol\u00f3gica da vacina desenvolvida pela Universidade de Oxford e pela farmac\u00eautica AstraZeneca contra a covid-19.A portaria que prev\u00ea a cria\u00e7\u00e3o desse comit\u00ea t\u00e9cnico foi publicada [&hellip;]","og_url":"https:\/\/jornalfatosenoticias.com.br\/index.php\/2020\/12\/07\/ms-cria-comite-tecnico-para-acompanhar-a-vacina-de-oxford\/","og_site_name":"Jornal Fatos e Not\u00edcias","article_published_time":"2020-12-07T13:07:04+00:00","article_modified_time":"2020-12-07T13:09:31+00:00","og_image":[{"width":1000,"height":598,"url":"https:\/\/jornalfatosenoticias.com.br\/wp-content\/uploads\/2020\/12\/vacina-covid.jpg","type":"image\/jpeg"}],"author":"Luzimara Fernandes","twitter_card":"summary_large_image","twitter_misc":{"Escrito por":"Luzimara Fernandes","Est. tempo de leitura":"2 minutos"},"schema":{"@context":"https:\/\/schema.org","@graph":[{"@type":"Article","@id":"https:\/\/jornalfatosenoticias.com.br\/index.php\/2020\/12\/07\/ms-cria-comite-tecnico-para-acompanhar-a-vacina-de-oxford\/#article","isPartOf":{"@id":"https:\/\/jornalfatosenoticias.com.br\/index.php\/2020\/12\/07\/ms-cria-comite-tecnico-para-acompanhar-a-vacina-de-oxford\/"},"author":{"name":"Luzimara Fernandes","@id":"https:\/\/jornalfatosenoticias.com.br\/#\/schema\/person\/d63837fa13ac8666eb9e74e0985d6f81"},"headline":"MS cria comit\u00ea t\u00e9cnico para acompanhar a vacina de Oxford","datePublished":"2020-12-07T13:07:04+00:00","dateModified":"2020-12-07T13:09:31+00:00","mainEntityOfPage":{"@id":"https:\/\/jornalfatosenoticias.com.br\/index.php\/2020\/12\/07\/ms-cria-comite-tecnico-para-acompanhar-a-vacina-de-oxford\/"},"wordCount":327,"commentCount":0,"publisher":{"@id":"https:\/\/jornalfatosenoticias.com.br\/#organization"},"image":{"@id":"https:\/\/jornalfatosenoticias.com.br\/index.php\/2020\/12\/07\/ms-cria-comite-tecnico-para-acompanhar-a-vacina-de-oxford\/#primaryimage"},"thumbnailUrl":"https:\/\/jornalfatosenoticias.com.br\/wp-content\/uploads\/2020\/12\/vacina-covid.jpg","keywords":["comit\u00ea t\u00e9cnico","covid-19","Minist\u00e9rio da Sa\u00fade","portaria","vacina"],"articleSection":["Sa\u00fade"],"inLanguage":"pt-BR","potentialAction":[{"@type":"CommentAction","name":"Comment","target":["https:\/\/jornalfatosenoticias.com.br\/index.php\/2020\/12\/07\/ms-cria-comite-tecnico-para-acompanhar-a-vacina-de-oxford\/#respond"]}]},{"@type":"WebPage","@id":"https:\/\/jornalfatosenoticias.com.br\/index.php\/2020\/12\/07\/ms-cria-comite-tecnico-para-acompanhar-a-vacina-de-oxford\/","url":"https:\/\/jornalfatosenoticias.com.br\/index.php\/2020\/12\/07\/ms-cria-comite-tecnico-para-acompanhar-a-vacina-de-oxford\/","name":"MS cria comit\u00ea t\u00e9cnico para acompanhar a vacina de Oxford - Jornal Fatos e Not\u00edcias","isPartOf":{"@id":"https:\/\/jornalfatosenoticias.com.br\/#website"},"primaryImageOfPage":{"@id":"https:\/\/jornalfatosenoticias.com.br\/index.php\/2020\/12\/07\/ms-cria-comite-tecnico-para-acompanhar-a-vacina-de-oxford\/#primaryimage"},"image":{"@id":"https:\/\/jornalfatosenoticias.com.br\/index.php\/2020\/12\/07\/ms-cria-comite-tecnico-para-acompanhar-a-vacina-de-oxford\/#primaryimage"},"thumbnailUrl":"https:\/\/jornalfatosenoticias.com.br\/wp-content\/uploads\/2020\/12\/vacina-covid.jpg","datePublished":"2020-12-07T13:07:04+00:00","dateModified":"2020-12-07T13:09:31+00:00","breadcrumb":{"@id":"https:\/\/jornalfatosenoticias.com.br\/index.php\/2020\/12\/07\/ms-cria-comite-tecnico-para-acompanhar-a-vacina-de-oxford\/#breadcrumb"},"inLanguage":"pt-BR","potentialAction":[{"@type":"ReadAction","target":["https:\/\/jornalfatosenoticias.com.br\/index.php\/2020\/12\/07\/ms-cria-comite-tecnico-para-acompanhar-a-vacina-de-oxford\/"]}]},{"@type":"ImageObject","inLanguage":"pt-BR","@id":"https:\/\/jornalfatosenoticias.com.br\/index.php\/2020\/12\/07\/ms-cria-comite-tecnico-para-acompanhar-a-vacina-de-oxford\/#primaryimage","url":"https:\/\/jornalfatosenoticias.com.br\/wp-content\/uploads\/2020\/12\/vacina-covid.jpg","contentUrl":"https:\/\/jornalfatosenoticias.com.br\/wp-content\/uploads\/2020\/12\/vacina-covid.jpg","width":1000,"height":598,"caption":"vacina Oxford,AstraZeneca"},{"@type":"BreadcrumbList","@id":"https:\/\/jornalfatosenoticias.com.br\/index.php\/2020\/12\/07\/ms-cria-comite-tecnico-para-acompanhar-a-vacina-de-oxford\/#breadcrumb","itemListElement":[{"@type":"ListItem","position":1,"name":"In\u00edcio","item":"https:\/\/jornalfatosenoticias.com.br\/"},{"@type":"ListItem","position":2,"name":"MS cria comit\u00ea t\u00e9cnico para acompanhar a vacina de Oxford"}]},{"@type":"WebSite","@id":"https:\/\/jornalfatosenoticias.com.br\/#website","url":"https:\/\/jornalfatosenoticias.com.br\/","name":"Jornal Fatos e Not\u00edcias","description":"Not\u00edcias em geral","publisher":{"@id":"https:\/\/jornalfatosenoticias.com.br\/#organization"},"potentialAction":[{"@type":"SearchAction","target":{"@type":"EntryPoint","urlTemplate":"https:\/\/jornalfatosenoticias.com.br\/?s={search_term_string}"},"query-input":{"@type":"PropertyValueSpecification","valueRequired":true,"valueName":"search_term_string"}}],"inLanguage":"pt-BR"},{"@type":"Organization","@id":"https:\/\/jornalfatosenoticias.com.br\/#organization","name":"Jornal Fatos e Not\u00edcias","url":"https:\/\/jornalfatosenoticias.com.br\/","logo":{"@type":"ImageObject","inLanguage":"pt-BR","@id":"https:\/\/jornalfatosenoticias.com.br\/#\/schema\/logo\/image\/","url":"https:\/\/jornalfatosenoticias.com.br\/wp-content\/uploads\/2020\/02\/logo120.png","contentUrl":"https:\/\/jornalfatosenoticias.com.br\/wp-content\/uploads\/2020\/02\/logo120.png","width":1227,"height":120,"caption":"Jornal Fatos e Not\u00edcias"},"image":{"@id":"https:\/\/jornalfatosenoticias.com.br\/#\/schema\/logo\/image\/"}},{"@type":"Person","@id":"https:\/\/jornalfatosenoticias.com.br\/#\/schema\/person\/d63837fa13ac8666eb9e74e0985d6f81","name":"Luzimara Fernandes","image":{"@type":"ImageObject","inLanguage":"pt-BR","@id":"https:\/\/jornalfatosenoticias.com.br\/#\/schema\/person\/image\/","url":"https:\/\/jornalfatosenoticias.com.br\/wp-content\/uploads\/2025\/05\/EU_portal.jpg","contentUrl":"https:\/\/jornalfatosenoticias.com.br\/wp-content\/uploads\/2025\/05\/EU_portal.jpg","caption":"Luzimara Fernandes"},"description":"Jornalista MTB 2358-ES","sameAs":["https:\/\/jornalfatosenoticias.com.br"],"url":"https:\/\/jornalfatosenoticias.com.br\/index.php\/author\/luzimara\/"}]}},"cc_featured_image_caption":{"caption_text":"","source_text":"","source_url":""},"jetpack_featured_media_url":"https:\/\/jornalfatosenoticias.com.br\/wp-content\/uploads\/2020\/12\/vacina-covid.jpg","_links":{"self":[{"href":"https:\/\/jornalfatosenoticias.com.br\/index.php\/wp-json\/wp\/v2\/posts\/12159","targetHints":{"allow":["GET"]}}],"collection":[{"href":"https:\/\/jornalfatosenoticias.com.br\/index.php\/wp-json\/wp\/v2\/posts"}],"about":[{"href":"https:\/\/jornalfatosenoticias.com.br\/index.php\/wp-json\/wp\/v2\/types\/post"}],"author":[{"embeddable":true,"href":"https:\/\/jornalfatosenoticias.com.br\/index.php\/wp-json\/wp\/v2\/users\/2"}],"replies":[{"embeddable":true,"href":"https:\/\/jornalfatosenoticias.com.br\/index.php\/wp-json\/wp\/v2\/comments?post=12159"}],"version-history":[{"count":0,"href":"https:\/\/jornalfatosenoticias.com.br\/index.php\/wp-json\/wp\/v2\/posts\/12159\/revisions"}],"wp:featuredmedia":[{"embeddable":true,"href":"https:\/\/jornalfatosenoticias.com.br\/index.php\/wp-json\/wp\/v2\/media\/12160"}],"wp:attachment":[{"href":"https:\/\/jornalfatosenoticias.com.br\/index.php\/wp-json\/wp\/v2\/media?parent=12159"}],"wp:term":[{"taxonomy":"category","embeddable":true,"href":"https:\/\/jornalfatosenoticias.com.br\/index.php\/wp-json\/wp\/v2\/categories?post=12159"},{"taxonomy":"post_tag","embeddable":true,"href":"https:\/\/jornalfatosenoticias.com.br\/index.php\/wp-json\/wp\/v2\/tags?post=12159"}],"curies":[{"name":"wp","href":"https:\/\/api.w.org\/{rel}","templated":true}]}}