{"id":12167,"date":"2020-12-07T10:21:27","date_gmt":"2020-12-07T13:21:27","guid":{"rendered":"https:\/\/jornalfatosenoticias.com.br\/?p=12167"},"modified":"2020-12-07T10:21:31","modified_gmt":"2020-12-07T13:21:31","slug":"governo-institui-incentivo-financeiro-para-apoio-a-aleitamento-materno","status":"publish","type":"post","link":"https:\/\/jornalfatosenoticias.com.br\/index.php\/2020\/12\/07\/governo-institui-incentivo-financeiro-para-apoio-a-aleitamento-materno\/","title":{"rendered":"Governo institui incentivo financeiro para apoio a aleitamento materno"},"content":{"rendered":"\n<h6 class=\"wp-block-heading\"><em>Portaria foi publicada hoje no Di\u00e1rio Oficial da Uni\u00e3o<\/em><\/h6>\n\n\n\n<p>O Minist\u00e9rio da Sa\u00fade publicou portaria no Di\u00e1rio Oficial da Uni\u00e3o de hoje (7) que institui \u2014 em car\u00e1ter excepcional e tempor\u00e1rio \u2014 incentivo financeiro visando ao custeio de a\u00e7\u00f5es de promo\u00e7\u00e3o, prote\u00e7\u00e3o e apoio ao aleitamento materno e da alimenta\u00e7\u00e3o complementar adequada e saud\u00e1vel para crian\u00e7as menores de dois anos. A medida faz parte da Estrat\u00e9gia Amamenta e Alimenta Brasil (EAAB).<br>Al\u00e9m de qualificar as a\u00e7\u00f5es de promo\u00e7\u00e3o, de prote\u00e7\u00e3o e de apoio ao aleitamento materno e \u00e0 alimenta\u00e7\u00e3o complementar saud\u00e1vel para crian\u00e7as, a EAAB tem como objetivo aprimorar as compet\u00eancias e habilidades dos profissionais de sa\u00fade para a promo\u00e7\u00e3o, prote\u00e7\u00e3o e o apoio ao aleitamento materno e \u00e0 alimenta\u00e7\u00e3o complementar como atividade de rotina.<br>A portaria institui incentivo financeiro destinado ao munic\u00edpios, a ser transferido automaticamente e em parcela \u00fanica. De acordo com a pasta, o valor a ser transferido varia de R$ 15 mil (repasse m\u00ednimo previsto) a R$ 120 mil por munic\u00edpio.<br>O valor \u00e9 calculado tendo por base R$ 9 mil por equipe de aten\u00e7\u00e3o prim\u00e1ria que tenha realizado e registrado no e-gestor AB, oficina de trabalho da EAAB, no per\u00edodo de 1\u00ba de Janeiro de 2015 a 31 de agosto de 2020. Est\u00e1 previsto um adicional de R$ 7.383,69 por equipe de aten\u00e7\u00e3o prim\u00e1ria ou UBS certificada pela EAAB at\u00e9 31 de agosto de 2020. O minist\u00e9rio ressalta que, para a prefeitura receber esses recursos, \u00e9 necess\u00e1rio que as equipes de aten\u00e7\u00e3o prim\u00e1ria estejam com o cadastro ativo no Sistema de Cadastro Nacional de Estabelecimentos de Sa\u00fade (SCNES), na compet\u00eancia financeira de agosto de 2020.<br>A amamenta\u00e7\u00e3o \u00e9 uma das interven\u00e7\u00f5es mais efetivas para a redu\u00e7\u00e3o da mortalidade infantil, uma vez que prov\u00ea o aporte de nutrientes necess\u00e1rios para garantir o crescimento e o desenvolvimento do beb\u00ea. Al\u00e9m disso, aproxima progressivamente a crian\u00e7a dos h\u00e1bitos alimentares da fam\u00edlia, permitindo que ela descubra novos sabores, texturas e compet\u00eancias, informa o minist\u00e9rio em seu site.<br>A portaria informa que as a\u00e7\u00f5es a serem desenvolvidas com esses incentivos financeiros ser\u00e3o monitoradas por meio da avalia\u00e7\u00e3o de alguns indicadores relativos a crian\u00e7as menores de dois anos. Entre eles est\u00e3o o aumento do n\u00famero de crian\u00e7as com estado nutricional registrado nos sistemas de Informa\u00e7\u00e3o da Aten\u00e7\u00e3o Prim\u00e1ria e o aumento do n\u00famero de crian\u00e7as com pr\u00e1ticas alimentares registradas nos Sistemas de Informa\u00e7\u00e3o da Aten\u00e7\u00e3o Prim\u00e1ria, com base nos marcadores de consumo alimentar.<br>Esses monitoramentos ser\u00e3o feitos 12 meses ap\u00f3s a transfer\u00eancia do incentivo financeiro. \u201cO incentivo financeiro de que trata esta portaria est\u00e1 sujeito \u00e0 devolu\u00e7\u00e3o, acrescido da corre\u00e7\u00e3o monet\u00e1ria prevista em lei, pelos entes beneficiados, caso n\u00e3o sejam executados nos termos desta portaria, ou sejam executados parcial ou totalmente em objeto diverso ao originalmente pactuado\u201d.<br>A portaria apresenta a lista de munic\u00edpios que j\u00e1 est\u00e3o em condi\u00e7\u00f5es de receber o aux\u00edlio, bem como os valores a serem depositados. Para acess\u00e1-la,<strong>\u00a0<a href=\"https:\/\/www.in.gov.br\/en\/web\/dou\/-\/portaria-gm\/ms-n-3.297-de-4-de-dezembro-de-2020-292436493\" target=\"_blank\" rel=\"noreferrer noopener\">clique aqui<\/a><\/strong>.<\/p>\n\n\n\n<p><strong><em>Fonte: <a href=\"https:\/\/agenciabrasil.ebc.com.br\/saude\/noticia\/2020-12\/governo-institui-incentivo-financeiro-para-apoio-aleitamento-materno\">Ag\u00eancia Brasil<\/a><\/em><\/strong><\/p>\n","protected":false},"excerpt":{"rendered":"<p>Portaria foi publicada hoje no Di\u00e1rio Oficial da Uni\u00e3o O Minist\u00e9rio da Sa\u00fade publicou portaria no Di\u00e1rio Oficial da Uni\u00e3o de hoje (7) que institui \u2014 em car\u00e1ter excepcional e tempor\u00e1rio \u2014 incentivo financeiro visando ao custeio de a\u00e7\u00f5es de promo\u00e7\u00e3o, prote\u00e7\u00e3o e apoio ao aleitamento materno e da alimenta\u00e7\u00e3o complementar adequada e saud\u00e1vel para [&hellip;]<\/p>\n","protected":false},"author":2,"featured_media":12168,"comment_status":"open","ping_status":"open","sticky":false,"template":"","format":"standard","meta":{"footnotes":""},"categories":[11],"tags":[4288,2220,693,1598,3490],"class_list":["post-12167","post","type-post","status-publish","format-standard","has-post-thumbnail","hentry","category-saude","tag-aleitamento-materno","tag-apoio","tag-diario-oficial","tag-municipios","tag-portaria"],"yoast_head":"<!-- This site is optimized with the Yoast SEO plugin v26.5 - https:\/\/yoast.com\/wordpress\/plugins\/seo\/ -->\n<title>Governo institui incentivo financeiro para apoio a aleitamento materno - Jornal Fatos e Not\u00edcias<\/title>\n<meta name=\"robots\" content=\"index, follow, max-snippet:-1, max-image-preview:large, max-video-preview:-1\" \/>\n<link rel=\"canonical\" href=\"https:\/\/jornalfatosenoticias.com.br\/index.php\/2020\/12\/07\/governo-institui-incentivo-financeiro-para-apoio-a-aleitamento-materno\/\" \/>\n<meta property=\"og:locale\" content=\"pt_BR\" \/>\n<meta property=\"og:type\" content=\"article\" \/>\n<meta property=\"og:title\" content=\"Governo institui incentivo financeiro para apoio a aleitamento materno - Jornal Fatos e Not\u00edcias\" \/>\n<meta property=\"og:description\" content=\"Portaria foi publicada hoje no Di\u00e1rio Oficial da Uni\u00e3o O Minist\u00e9rio da Sa\u00fade publicou portaria no Di\u00e1rio Oficial da Uni\u00e3o de hoje (7) que institui \u2014 em car\u00e1ter excepcional e tempor\u00e1rio \u2014 incentivo financeiro visando ao custeio de a\u00e7\u00f5es de promo\u00e7\u00e3o, prote\u00e7\u00e3o e apoio ao aleitamento materno e da alimenta\u00e7\u00e3o complementar adequada e saud\u00e1vel para [&hellip;]\" \/>\n<meta property=\"og:url\" content=\"https:\/\/jornalfatosenoticias.com.br\/index.php\/2020\/12\/07\/governo-institui-incentivo-financeiro-para-apoio-a-aleitamento-materno\/\" \/>\n<meta property=\"og:site_name\" content=\"Jornal Fatos e Not\u00edcias\" \/>\n<meta property=\"article:published_time\" content=\"2020-12-07T13:21:27+00:00\" \/>\n<meta property=\"article:modified_time\" content=\"2020-12-07T13:21:31+00:00\" \/>\n<meta property=\"og:image\" content=\"https:\/\/jornalfatosenoticias.com.br\/wp-content\/uploads\/2020\/12\/aleitamento-materno.jpg\" \/>\n\t<meta property=\"og:image:width\" content=\"1000\" \/>\n\t<meta property=\"og:image:height\" content=\"598\" \/>\n\t<meta property=\"og:image:type\" content=\"image\/jpeg\" \/>\n<meta name=\"author\" content=\"Luzimara Fernandes\" \/>\n<meta name=\"twitter:card\" content=\"summary_large_image\" \/>\n<meta name=\"twitter:label1\" content=\"Escrito por\" \/>\n\t<meta name=\"twitter:data1\" content=\"Luzimara Fernandes\" \/>\n\t<meta name=\"twitter:label2\" content=\"Est. tempo de leitura\" \/>\n\t<meta name=\"twitter:data2\" content=\"3 minutos\" \/>\n<script type=\"application\/ld+json\" class=\"yoast-schema-graph\">{\"@context\":\"https:\/\/schema.org\",\"@graph\":[{\"@type\":\"Article\",\"@id\":\"https:\/\/jornalfatosenoticias.com.br\/index.php\/2020\/12\/07\/governo-institui-incentivo-financeiro-para-apoio-a-aleitamento-materno\/#article\",\"isPartOf\":{\"@id\":\"https:\/\/jornalfatosenoticias.com.br\/index.php\/2020\/12\/07\/governo-institui-incentivo-financeiro-para-apoio-a-aleitamento-materno\/\"},\"author\":{\"name\":\"Luzimara Fernandes\",\"@id\":\"https:\/\/jornalfatosenoticias.com.br\/#\/schema\/person\/d63837fa13ac8666eb9e74e0985d6f81\"},\"headline\":\"Governo institui incentivo financeiro para apoio a aleitamento materno\",\"datePublished\":\"2020-12-07T13:21:27+00:00\",\"dateModified\":\"2020-12-07T13:21:31+00:00\",\"mainEntityOfPage\":{\"@id\":\"https:\/\/jornalfatosenoticias.com.br\/index.php\/2020\/12\/07\/governo-institui-incentivo-financeiro-para-apoio-a-aleitamento-materno\/\"},\"wordCount\":554,\"commentCount\":0,\"publisher\":{\"@id\":\"https:\/\/jornalfatosenoticias.com.br\/#organization\"},\"image\":{\"@id\":\"https:\/\/jornalfatosenoticias.com.br\/index.php\/2020\/12\/07\/governo-institui-incentivo-financeiro-para-apoio-a-aleitamento-materno\/#primaryimage\"},\"thumbnailUrl\":\"https:\/\/jornalfatosenoticias.com.br\/wp-content\/uploads\/2020\/12\/aleitamento-materno.jpg\",\"keywords\":[\"aleitamento materno\",\"apoio\",\"Di\u00e1rio Oficial\",\"munic\u00edpios\",\"portaria\"],\"articleSection\":[\"Sa\u00fade\"],\"inLanguage\":\"pt-BR\",\"potentialAction\":[{\"@type\":\"CommentAction\",\"name\":\"Comment\",\"target\":[\"https:\/\/jornalfatosenoticias.com.br\/index.php\/2020\/12\/07\/governo-institui-incentivo-financeiro-para-apoio-a-aleitamento-materno\/#respond\"]}]},{\"@type\":\"WebPage\",\"@id\":\"https:\/\/jornalfatosenoticias.com.br\/index.php\/2020\/12\/07\/governo-institui-incentivo-financeiro-para-apoio-a-aleitamento-materno\/\",\"url\":\"https:\/\/jornalfatosenoticias.com.br\/index.php\/2020\/12\/07\/governo-institui-incentivo-financeiro-para-apoio-a-aleitamento-materno\/\",\"name\":\"Governo institui incentivo financeiro para apoio a aleitamento materno - Jornal Fatos e Not\u00edcias\",\"isPartOf\":{\"@id\":\"https:\/\/jornalfatosenoticias.com.br\/#website\"},\"primaryImageOfPage\":{\"@id\":\"https:\/\/jornalfatosenoticias.com.br\/index.php\/2020\/12\/07\/governo-institui-incentivo-financeiro-para-apoio-a-aleitamento-materno\/#primaryimage\"},\"image\":{\"@id\":\"https:\/\/jornalfatosenoticias.com.br\/index.php\/2020\/12\/07\/governo-institui-incentivo-financeiro-para-apoio-a-aleitamento-materno\/#primaryimage\"},\"thumbnailUrl\":\"https:\/\/jornalfatosenoticias.com.br\/wp-content\/uploads\/2020\/12\/aleitamento-materno.jpg\",\"datePublished\":\"2020-12-07T13:21:27+00:00\",\"dateModified\":\"2020-12-07T13:21:31+00:00\",\"breadcrumb\":{\"@id\":\"https:\/\/jornalfatosenoticias.com.br\/index.php\/2020\/12\/07\/governo-institui-incentivo-financeiro-para-apoio-a-aleitamento-materno\/#breadcrumb\"},\"inLanguage\":\"pt-BR\",\"potentialAction\":[{\"@type\":\"ReadAction\",\"target\":[\"https:\/\/jornalfatosenoticias.com.br\/index.php\/2020\/12\/07\/governo-institui-incentivo-financeiro-para-apoio-a-aleitamento-materno\/\"]}]},{\"@type\":\"ImageObject\",\"inLanguage\":\"pt-BR\",\"@id\":\"https:\/\/jornalfatosenoticias.com.br\/index.php\/2020\/12\/07\/governo-institui-incentivo-financeiro-para-apoio-a-aleitamento-materno\/#primaryimage\",\"url\":\"https:\/\/jornalfatosenoticias.com.br\/wp-content\/uploads\/2020\/12\/aleitamento-materno.jpg\",\"contentUrl\":\"https:\/\/jornalfatosenoticias.com.br\/wp-content\/uploads\/2020\/12\/aleitamento-materno.jpg\",\"width\":1000,\"height\":598,\"caption\":\"Bras\u00edlia - Lorrane Paiva partcipa com seu beb\u00ea do mama\u00e7o\u201d em plena esta\u00e7\u00e3o de metr\u00f4 de Samambaia, como forma de supera\u00e7\u00e3o ao que ainda resta de preconceito contra um gesto natural. O ato tamb\u00e9m servir\u00e1 de abertura para a campanha Incentive a Vida.( Elza Fiuza\/Ag\u00eancia Brasil)\"},{\"@type\":\"BreadcrumbList\",\"@id\":\"https:\/\/jornalfatosenoticias.com.br\/index.php\/2020\/12\/07\/governo-institui-incentivo-financeiro-para-apoio-a-aleitamento-materno\/#breadcrumb\",\"itemListElement\":[{\"@type\":\"ListItem\",\"position\":1,\"name\":\"In\u00edcio\",\"item\":\"https:\/\/jornalfatosenoticias.com.br\/\"},{\"@type\":\"ListItem\",\"position\":2,\"name\":\"Governo institui incentivo financeiro para apoio a aleitamento materno\"}]},{\"@type\":\"WebSite\",\"@id\":\"https:\/\/jornalfatosenoticias.com.br\/#website\",\"url\":\"https:\/\/jornalfatosenoticias.com.br\/\",\"name\":\"Jornal Fatos e Not\u00edcias\",\"description\":\"Not\u00edcias em geral\",\"publisher\":{\"@id\":\"https:\/\/jornalfatosenoticias.com.br\/#organization\"},\"potentialAction\":[{\"@type\":\"SearchAction\",\"target\":{\"@type\":\"EntryPoint\",\"urlTemplate\":\"https:\/\/jornalfatosenoticias.com.br\/?s={search_term_string}\"},\"query-input\":{\"@type\":\"PropertyValueSpecification\",\"valueRequired\":true,\"valueName\":\"search_term_string\"}}],\"inLanguage\":\"pt-BR\"},{\"@type\":\"Organization\",\"@id\":\"https:\/\/jornalfatosenoticias.com.br\/#organization\",\"name\":\"Jornal Fatos e Not\u00edcias\",\"url\":\"https:\/\/jornalfatosenoticias.com.br\/\",\"logo\":{\"@type\":\"ImageObject\",\"inLanguage\":\"pt-BR\",\"@id\":\"https:\/\/jornalfatosenoticias.com.br\/#\/schema\/logo\/image\/\",\"url\":\"https:\/\/jornalfatosenoticias.com.br\/wp-content\/uploads\/2020\/02\/logo120.png\",\"contentUrl\":\"https:\/\/jornalfatosenoticias.com.br\/wp-content\/uploads\/2020\/02\/logo120.png\",\"width\":1227,\"height\":120,\"caption\":\"Jornal Fatos e Not\u00edcias\"},\"image\":{\"@id\":\"https:\/\/jornalfatosenoticias.com.br\/#\/schema\/logo\/image\/\"}},{\"@type\":\"Person\",\"@id\":\"https:\/\/jornalfatosenoticias.com.br\/#\/schema\/person\/d63837fa13ac8666eb9e74e0985d6f81\",\"name\":\"Luzimara Fernandes\",\"image\":{\"@type\":\"ImageObject\",\"inLanguage\":\"pt-BR\",\"@id\":\"https:\/\/jornalfatosenoticias.com.br\/#\/schema\/person\/image\/\",\"url\":\"https:\/\/jornalfatosenoticias.com.br\/wp-content\/uploads\/2025\/05\/EU_portal.jpg\",\"contentUrl\":\"https:\/\/jornalfatosenoticias.com.br\/wp-content\/uploads\/2025\/05\/EU_portal.jpg\",\"caption\":\"Luzimara Fernandes\"},\"description\":\"Jornalista MTB 2358-ES\",\"sameAs\":[\"https:\/\/jornalfatosenoticias.com.br\"],\"url\":\"https:\/\/jornalfatosenoticias.com.br\/index.php\/author\/luzimara\/\"}]}<\/script>\n<!-- \/ Yoast SEO plugin. -->","yoast_head_json":{"title":"Governo institui incentivo financeiro para apoio a aleitamento materno - Jornal Fatos e Not\u00edcias","robots":{"index":"index","follow":"follow","max-snippet":"max-snippet:-1","max-image-preview":"max-image-preview:large","max-video-preview":"max-video-preview:-1"},"canonical":"https:\/\/jornalfatosenoticias.com.br\/index.php\/2020\/12\/07\/governo-institui-incentivo-financeiro-para-apoio-a-aleitamento-materno\/","og_locale":"pt_BR","og_type":"article","og_title":"Governo institui incentivo financeiro para apoio a aleitamento materno - Jornal Fatos e Not\u00edcias","og_description":"Portaria foi publicada hoje no Di\u00e1rio Oficial da Uni\u00e3o O Minist\u00e9rio da Sa\u00fade publicou portaria no Di\u00e1rio Oficial da Uni\u00e3o de hoje (7) que institui \u2014 em car\u00e1ter excepcional e tempor\u00e1rio \u2014 incentivo financeiro visando ao custeio de a\u00e7\u00f5es de promo\u00e7\u00e3o, prote\u00e7\u00e3o e apoio ao aleitamento materno e da alimenta\u00e7\u00e3o complementar adequada e saud\u00e1vel para [&hellip;]","og_url":"https:\/\/jornalfatosenoticias.com.br\/index.php\/2020\/12\/07\/governo-institui-incentivo-financeiro-para-apoio-a-aleitamento-materno\/","og_site_name":"Jornal Fatos e Not\u00edcias","article_published_time":"2020-12-07T13:21:27+00:00","article_modified_time":"2020-12-07T13:21:31+00:00","og_image":[{"width":1000,"height":598,"url":"https:\/\/jornalfatosenoticias.com.br\/wp-content\/uploads\/2020\/12\/aleitamento-materno.jpg","type":"image\/jpeg"}],"author":"Luzimara Fernandes","twitter_card":"summary_large_image","twitter_misc":{"Escrito por":"Luzimara Fernandes","Est. tempo de leitura":"3 minutos"},"schema":{"@context":"https:\/\/schema.org","@graph":[{"@type":"Article","@id":"https:\/\/jornalfatosenoticias.com.br\/index.php\/2020\/12\/07\/governo-institui-incentivo-financeiro-para-apoio-a-aleitamento-materno\/#article","isPartOf":{"@id":"https:\/\/jornalfatosenoticias.com.br\/index.php\/2020\/12\/07\/governo-institui-incentivo-financeiro-para-apoio-a-aleitamento-materno\/"},"author":{"name":"Luzimara Fernandes","@id":"https:\/\/jornalfatosenoticias.com.br\/#\/schema\/person\/d63837fa13ac8666eb9e74e0985d6f81"},"headline":"Governo institui incentivo financeiro para apoio a aleitamento materno","datePublished":"2020-12-07T13:21:27+00:00","dateModified":"2020-12-07T13:21:31+00:00","mainEntityOfPage":{"@id":"https:\/\/jornalfatosenoticias.com.br\/index.php\/2020\/12\/07\/governo-institui-incentivo-financeiro-para-apoio-a-aleitamento-materno\/"},"wordCount":554,"commentCount":0,"publisher":{"@id":"https:\/\/jornalfatosenoticias.com.br\/#organization"},"image":{"@id":"https:\/\/jornalfatosenoticias.com.br\/index.php\/2020\/12\/07\/governo-institui-incentivo-financeiro-para-apoio-a-aleitamento-materno\/#primaryimage"},"thumbnailUrl":"https:\/\/jornalfatosenoticias.com.br\/wp-content\/uploads\/2020\/12\/aleitamento-materno.jpg","keywords":["aleitamento materno","apoio","Di\u00e1rio Oficial","munic\u00edpios","portaria"],"articleSection":["Sa\u00fade"],"inLanguage":"pt-BR","potentialAction":[{"@type":"CommentAction","name":"Comment","target":["https:\/\/jornalfatosenoticias.com.br\/index.php\/2020\/12\/07\/governo-institui-incentivo-financeiro-para-apoio-a-aleitamento-materno\/#respond"]}]},{"@type":"WebPage","@id":"https:\/\/jornalfatosenoticias.com.br\/index.php\/2020\/12\/07\/governo-institui-incentivo-financeiro-para-apoio-a-aleitamento-materno\/","url":"https:\/\/jornalfatosenoticias.com.br\/index.php\/2020\/12\/07\/governo-institui-incentivo-financeiro-para-apoio-a-aleitamento-materno\/","name":"Governo institui incentivo financeiro para apoio a aleitamento materno - Jornal Fatos e Not\u00edcias","isPartOf":{"@id":"https:\/\/jornalfatosenoticias.com.br\/#website"},"primaryImageOfPage":{"@id":"https:\/\/jornalfatosenoticias.com.br\/index.php\/2020\/12\/07\/governo-institui-incentivo-financeiro-para-apoio-a-aleitamento-materno\/#primaryimage"},"image":{"@id":"https:\/\/jornalfatosenoticias.com.br\/index.php\/2020\/12\/07\/governo-institui-incentivo-financeiro-para-apoio-a-aleitamento-materno\/#primaryimage"},"thumbnailUrl":"https:\/\/jornalfatosenoticias.com.br\/wp-content\/uploads\/2020\/12\/aleitamento-materno.jpg","datePublished":"2020-12-07T13:21:27+00:00","dateModified":"2020-12-07T13:21:31+00:00","breadcrumb":{"@id":"https:\/\/jornalfatosenoticias.com.br\/index.php\/2020\/12\/07\/governo-institui-incentivo-financeiro-para-apoio-a-aleitamento-materno\/#breadcrumb"},"inLanguage":"pt-BR","potentialAction":[{"@type":"ReadAction","target":["https:\/\/jornalfatosenoticias.com.br\/index.php\/2020\/12\/07\/governo-institui-incentivo-financeiro-para-apoio-a-aleitamento-materno\/"]}]},{"@type":"ImageObject","inLanguage":"pt-BR","@id":"https:\/\/jornalfatosenoticias.com.br\/index.php\/2020\/12\/07\/governo-institui-incentivo-financeiro-para-apoio-a-aleitamento-materno\/#primaryimage","url":"https:\/\/jornalfatosenoticias.com.br\/wp-content\/uploads\/2020\/12\/aleitamento-materno.jpg","contentUrl":"https:\/\/jornalfatosenoticias.com.br\/wp-content\/uploads\/2020\/12\/aleitamento-materno.jpg","width":1000,"height":598,"caption":"Bras\u00edlia - Lorrane Paiva partcipa com seu beb\u00ea do mama\u00e7o\u201d em plena esta\u00e7\u00e3o de metr\u00f4 de Samambaia, como forma de supera\u00e7\u00e3o ao que ainda resta de preconceito contra um gesto natural. O ato tamb\u00e9m servir\u00e1 de abertura para a campanha Incentive a Vida.( Elza Fiuza\/Ag\u00eancia Brasil)"},{"@type":"BreadcrumbList","@id":"https:\/\/jornalfatosenoticias.com.br\/index.php\/2020\/12\/07\/governo-institui-incentivo-financeiro-para-apoio-a-aleitamento-materno\/#breadcrumb","itemListElement":[{"@type":"ListItem","position":1,"name":"In\u00edcio","item":"https:\/\/jornalfatosenoticias.com.br\/"},{"@type":"ListItem","position":2,"name":"Governo institui incentivo financeiro para apoio a aleitamento materno"}]},{"@type":"WebSite","@id":"https:\/\/jornalfatosenoticias.com.br\/#website","url":"https:\/\/jornalfatosenoticias.com.br\/","name":"Jornal Fatos e Not\u00edcias","description":"Not\u00edcias em geral","publisher":{"@id":"https:\/\/jornalfatosenoticias.com.br\/#organization"},"potentialAction":[{"@type":"SearchAction","target":{"@type":"EntryPoint","urlTemplate":"https:\/\/jornalfatosenoticias.com.br\/?s={search_term_string}"},"query-input":{"@type":"PropertyValueSpecification","valueRequired":true,"valueName":"search_term_string"}}],"inLanguage":"pt-BR"},{"@type":"Organization","@id":"https:\/\/jornalfatosenoticias.com.br\/#organization","name":"Jornal Fatos e Not\u00edcias","url":"https:\/\/jornalfatosenoticias.com.br\/","logo":{"@type":"ImageObject","inLanguage":"pt-BR","@id":"https:\/\/jornalfatosenoticias.com.br\/#\/schema\/logo\/image\/","url":"https:\/\/jornalfatosenoticias.com.br\/wp-content\/uploads\/2020\/02\/logo120.png","contentUrl":"https:\/\/jornalfatosenoticias.com.br\/wp-content\/uploads\/2020\/02\/logo120.png","width":1227,"height":120,"caption":"Jornal Fatos e Not\u00edcias"},"image":{"@id":"https:\/\/jornalfatosenoticias.com.br\/#\/schema\/logo\/image\/"}},{"@type":"Person","@id":"https:\/\/jornalfatosenoticias.com.br\/#\/schema\/person\/d63837fa13ac8666eb9e74e0985d6f81","name":"Luzimara Fernandes","image":{"@type":"ImageObject","inLanguage":"pt-BR","@id":"https:\/\/jornalfatosenoticias.com.br\/#\/schema\/person\/image\/","url":"https:\/\/jornalfatosenoticias.com.br\/wp-content\/uploads\/2025\/05\/EU_portal.jpg","contentUrl":"https:\/\/jornalfatosenoticias.com.br\/wp-content\/uploads\/2025\/05\/EU_portal.jpg","caption":"Luzimara Fernandes"},"description":"Jornalista MTB 2358-ES","sameAs":["https:\/\/jornalfatosenoticias.com.br"],"url":"https:\/\/jornalfatosenoticias.com.br\/index.php\/author\/luzimara\/"}]}},"cc_featured_image_caption":{"caption_text":"(Foto: Elza Fi\u00faza\/Ag\u00eancia Brasil) ","source_text":"","source_url":""},"jetpack_featured_media_url":"https:\/\/jornalfatosenoticias.com.br\/wp-content\/uploads\/2020\/12\/aleitamento-materno.jpg","_links":{"self":[{"href":"https:\/\/jornalfatosenoticias.com.br\/index.php\/wp-json\/wp\/v2\/posts\/12167","targetHints":{"allow":["GET"]}}],"collection":[{"href":"https:\/\/jornalfatosenoticias.com.br\/index.php\/wp-json\/wp\/v2\/posts"}],"about":[{"href":"https:\/\/jornalfatosenoticias.com.br\/index.php\/wp-json\/wp\/v2\/types\/post"}],"author":[{"embeddable":true,"href":"https:\/\/jornalfatosenoticias.com.br\/index.php\/wp-json\/wp\/v2\/users\/2"}],"replies":[{"embeddable":true,"href":"https:\/\/jornalfatosenoticias.com.br\/index.php\/wp-json\/wp\/v2\/comments?post=12167"}],"version-history":[{"count":0,"href":"https:\/\/jornalfatosenoticias.com.br\/index.php\/wp-json\/wp\/v2\/posts\/12167\/revisions"}],"wp:featuredmedia":[{"embeddable":true,"href":"https:\/\/jornalfatosenoticias.com.br\/index.php\/wp-json\/wp\/v2\/media\/12168"}],"wp:attachment":[{"href":"https:\/\/jornalfatosenoticias.com.br\/index.php\/wp-json\/wp\/v2\/media?parent=12167"}],"wp:term":[{"taxonomy":"category","embeddable":true,"href":"https:\/\/jornalfatosenoticias.com.br\/index.php\/wp-json\/wp\/v2\/categories?post=12167"},{"taxonomy":"post_tag","embeddable":true,"href":"https:\/\/jornalfatosenoticias.com.br\/index.php\/wp-json\/wp\/v2\/tags?post=12167"}],"curies":[{"name":"wp","href":"https:\/\/api.w.org\/{rel}","templated":true}]}}