{"id":12201,"date":"2020-12-08T15:57:00","date_gmt":"2020-12-08T18:57:00","guid":{"rendered":"https:\/\/jornalfatosenoticias.com.br\/?p=12201"},"modified":"2020-12-08T15:57:04","modified_gmt":"2020-12-08T18:57:04","slug":"cidades-que-se-destacaram-na-protecao-as-criancas-recebem-selo-unicef","status":"publish","type":"post","link":"https:\/\/jornalfatosenoticias.com.br\/index.php\/2020\/12\/08\/cidades-que-se-destacaram-na-protecao-as-criancas-recebem-selo-unicef\/","title":{"rendered":"Cidades que se destacaram na prote\u00e7\u00e3o \u00e0s crian\u00e7as recebem Selo Unicef"},"content":{"rendered":"\n<h6 class=\"wp-block-heading\"><em>Na edi\u00e7\u00e3o deste ano, foram contemplados 431 munic\u00edpios<\/em><\/h6>\n\n\n\n<p>O Fundo das Na\u00e7\u00f5es Unidas para a Inf\u00e2ncia (Unicef) concedeu hoje (8) o Selo Unicef a 431 munic\u00edpios do Semi\u00e1rido e da Amaz\u00f4nia Legal brasileira, pelo esfor\u00e7o para proteger os direitos de crian\u00e7as e adolescentes. As cidades se destacaram por a\u00e7\u00f5es que promoveram nas \u00e1reas de sa\u00fade, educa\u00e7\u00e3o e assist\u00eancia social.<br>No total, 1.924 munic\u00edpios de 18 estados participaram da iniciativa, que compreendeu o intervalo de 2017 a 2020. No per\u00edodo, 1.735 munic\u00edpios implementaram a estrat\u00e9gia Busca Ativa Escolar, programa lan\u00e7ado pelo Unicef em 2017, que tem por objetivo mitigar os fatores que contribuem para a exclus\u00e3o escolar, isto \u00e9, que impedem crian\u00e7as e adolescentes em idade escolar de frequentar as aulas.<br>Al\u00e9m disso, 573 munic\u00edpios realizaram a\u00e7\u00f5es para diminuir o n\u00famero de crian\u00e7as e adolescentes com dois ou mais anos de atraso escolar. Ao todo, 683 prefeituras capacitaram professores sobre inclus\u00e3o de crian\u00e7as com defici\u00eancia por meio de educa\u00e7\u00e3o f\u00edsica.<br>De acordo com o Unicef, entre 2016 e 2019, o percentual de estudantes dos anos finais do ensino fundamental p\u00fablico com dois ou mais anos de atraso escolar caiu 10,7% em todo o pa\u00eds. Nos munic\u00edpios da Amaz\u00f4nia e do Semi\u00e1rido, a redu\u00e7\u00e3o foi de 11,9%, \u00edndice superado pelos munic\u00edpios que aderiram \u00e0 iniciativa da entidade, que foi de 12,5%. Entre os munic\u00edpios que ganharam o selo a queda foi ainda mais expressiva, de 15%.<br>A representante do Unicef no Brasil, Florence Bauer, disse que muitos desses munic\u00edpios enfrentam problemas estruturais graves e precisam de intensos investimentos do poder p\u00fablico para resolv\u00ea-los. Segundo ela, a certifica\u00e7\u00e3o permite melhorar os indicadores sociais n\u00e3o somente nos munic\u00edpios que a conquistam, mas tamb\u00e9m em outros.<br>Florence disse tamb\u00e9m que a pandemia da covid-19 vem causando um &#8220;impacto profundo&#8221; na realidade de crian\u00e7as e adolescentes. Ela avalia que o fechamento de escolas traz \u00e0 tona situa\u00e7\u00f5es de vulnerabilidade que afetam essa parte da popula\u00e7\u00e3o, como fragilidades de sa\u00fade mental e falhas na prote\u00e7\u00e3o contra viol\u00eancia, j\u00e1 que muitos dos agressores s\u00e3o parentes das v\u00edtimas.<br>&#8220;A gente est\u00e1 numa situa\u00e7\u00e3o que nos preocupa muito, com o risco de perder, de alguma maneira, essa gera\u00e7\u00e3o de crian\u00e7as e adolescentes&#8221;, disse.<\/p>\n\n\n\n<h4 class=\"wp-block-heading\">Registro civil<\/h4>\n\n\n\n<p>Outro exemplo de avan\u00e7o atingido pelos munic\u00edpios que ganharam reconhecimento por meio do selo, Florence cita o aumento no n\u00famero de registro civil. &#8220;Mais de 1 mil crian\u00e7as ganharam certid\u00e3o de nascimento, que permite acessar outros direitos fundamentais&#8221;, disse.<br>O acesso de crian\u00e7as ao registro de nascimento aumentou mais do que a m\u00e9dia nacional. De 2016 a 2018, \u00faltimo dado dispon\u00edvel, a m\u00e9dia nacional cresceu 0,62%, enquanto nos munic\u00edpios certificados o aumento foi de 0,84%.<br>Na \u00e1rea de sa\u00fade, segundo o Unicef, observa-se um progresso importante quanto \u00e0 cobertura de exame pr\u00e9-natal. No total, 581 dos munic\u00edpios participantes da edi\u00e7\u00e3o ofereceram capacita\u00e7\u00f5es que abordaram assuntos como o pr\u00e9-natal, parto e p\u00f3s-parto \u00e0s equipes da rede p\u00fablica de sa\u00fade. De 2016 a 2018 (\u00faltimo dado dispon\u00edvel), o percentual de mulheres com acesso adequado ao pr\u00e9-natal (sete consultas ou mais) no Brasil cresceu 4,6%. A propor\u00e7\u00e3o, por\u00e9m, chegou a 7,5% entre os munic\u00edpios certificados com o selo.<br>A lista com os 431 munic\u00edpios que ganharam o Selo Unicef &#8211; Edi\u00e7\u00e3o 2017-2020 pode ser conferida no <strong><a href=\"http:\/\/selounicef.org.br\/\" target=\"_blank\" rel=\"noreferrer noopener\">site do Unicef<\/a>.<\/strong> Tamb\u00e9m foi disponibilizado um painel com os principais indicadores de cada estado.<\/p>\n\n\n\n<p><strong><em>Fonte: <a href=\"https:\/\/agenciabrasil.ebc.com.br\/direitos-humanos\/noticia\/2020-12\/cidades-que-se-destacaram-na-protecao-criancas-recebem-selo-unicef\">Ag\u00eancia Brasil<\/a><\/em><\/strong><\/p>\n","protected":false},"excerpt":{"rendered":"<p>Na edi\u00e7\u00e3o deste ano, foram contemplados 431 munic\u00edpios O Fundo das Na\u00e7\u00f5es Unidas para a Inf\u00e2ncia (Unicef) concedeu hoje (8) o Selo Unicef a 431 munic\u00edpios do Semi\u00e1rido e da Amaz\u00f4nia Legal brasileira, pelo esfor\u00e7o para proteger os direitos de crian\u00e7as e adolescentes. As cidades se destacaram por a\u00e7\u00f5es que promoveram nas \u00e1reas de sa\u00fade, [&hellip;]<\/p>\n","protected":false},"author":2,"featured_media":12202,"comment_status":"open","ping_status":"open","sticky":false,"template":"","format":"standard","meta":{"footnotes":""},"categories":[5],"tags":[123,670,1687,6393,6394,896,1869],"class_list":["post-12201","post","type-post","status-publish","format-standard","has-post-thumbnail","hentry","category-geral","tag-amazonia","tag-criancas","tag-multimidia","tag-selo","tag-selo-unicef","tag-semiarido","tag-unicef"],"yoast_head":"<!-- This site is optimized with the Yoast SEO plugin v26.5 - https:\/\/yoast.com\/wordpress\/plugins\/seo\/ -->\n<title>Cidades que se destacaram na prote\u00e7\u00e3o \u00e0s crian\u00e7as recebem Selo Unicef - Jornal Fatos e Not\u00edcias<\/title>\n<meta name=\"robots\" content=\"index, follow, max-snippet:-1, max-image-preview:large, max-video-preview:-1\" \/>\n<link rel=\"canonical\" href=\"https:\/\/jornalfatosenoticias.com.br\/index.php\/2020\/12\/08\/cidades-que-se-destacaram-na-protecao-as-criancas-recebem-selo-unicef\/\" \/>\n<meta property=\"og:locale\" content=\"pt_BR\" \/>\n<meta property=\"og:type\" content=\"article\" \/>\n<meta property=\"og:title\" content=\"Cidades que se destacaram na prote\u00e7\u00e3o \u00e0s crian\u00e7as recebem Selo Unicef - Jornal Fatos e Not\u00edcias\" \/>\n<meta property=\"og:description\" content=\"Na edi\u00e7\u00e3o deste ano, foram contemplados 431 munic\u00edpios O Fundo das Na\u00e7\u00f5es Unidas para a Inf\u00e2ncia (Unicef) concedeu hoje (8) o Selo Unicef a 431 munic\u00edpios do Semi\u00e1rido e da Amaz\u00f4nia Legal brasileira, pelo esfor\u00e7o para proteger os direitos de crian\u00e7as e adolescentes. As cidades se destacaram por a\u00e7\u00f5es que promoveram nas \u00e1reas de sa\u00fade, [&hellip;]\" \/>\n<meta property=\"og:url\" content=\"https:\/\/jornalfatosenoticias.com.br\/index.php\/2020\/12\/08\/cidades-que-se-destacaram-na-protecao-as-criancas-recebem-selo-unicef\/\" \/>\n<meta property=\"og:site_name\" content=\"Jornal Fatos e Not\u00edcias\" \/>\n<meta property=\"article:published_time\" content=\"2020-12-08T18:57:00+00:00\" \/>\n<meta property=\"article:modified_time\" content=\"2020-12-08T18:57:04+00:00\" \/>\n<meta property=\"og:image\" content=\"https:\/\/jornalfatosenoticias.com.br\/wp-content\/uploads\/2020\/12\/unicef_criancas.jpg\" \/>\n\t<meta property=\"og:image:width\" content=\"1000\" \/>\n\t<meta property=\"og:image:height\" content=\"598\" \/>\n\t<meta property=\"og:image:type\" content=\"image\/jpeg\" \/>\n<meta name=\"author\" content=\"Luzimara Fernandes\" \/>\n<meta name=\"twitter:card\" content=\"summary_large_image\" \/>\n<meta name=\"twitter:label1\" content=\"Escrito por\" \/>\n\t<meta name=\"twitter:data1\" content=\"Luzimara Fernandes\" \/>\n\t<meta name=\"twitter:label2\" content=\"Est. tempo de leitura\" \/>\n\t<meta name=\"twitter:data2\" content=\"3 minutos\" \/>\n<script type=\"application\/ld+json\" class=\"yoast-schema-graph\">{\"@context\":\"https:\/\/schema.org\",\"@graph\":[{\"@type\":\"Article\",\"@id\":\"https:\/\/jornalfatosenoticias.com.br\/index.php\/2020\/12\/08\/cidades-que-se-destacaram-na-protecao-as-criancas-recebem-selo-unicef\/#article\",\"isPartOf\":{\"@id\":\"https:\/\/jornalfatosenoticias.com.br\/index.php\/2020\/12\/08\/cidades-que-se-destacaram-na-protecao-as-criancas-recebem-selo-unicef\/\"},\"author\":{\"name\":\"Luzimara Fernandes\",\"@id\":\"https:\/\/jornalfatosenoticias.com.br\/#\/schema\/person\/d63837fa13ac8666eb9e74e0985d6f81\"},\"headline\":\"Cidades que se destacaram na prote\u00e7\u00e3o \u00e0s crian\u00e7as recebem Selo Unicef\",\"datePublished\":\"2020-12-08T18:57:00+00:00\",\"dateModified\":\"2020-12-08T18:57:04+00:00\",\"mainEntityOfPage\":{\"@id\":\"https:\/\/jornalfatosenoticias.com.br\/index.php\/2020\/12\/08\/cidades-que-se-destacaram-na-protecao-as-criancas-recebem-selo-unicef\/\"},\"wordCount\":622,\"commentCount\":0,\"publisher\":{\"@id\":\"https:\/\/jornalfatosenoticias.com.br\/#organization\"},\"image\":{\"@id\":\"https:\/\/jornalfatosenoticias.com.br\/index.php\/2020\/12\/08\/cidades-que-se-destacaram-na-protecao-as-criancas-recebem-selo-unicef\/#primaryimage\"},\"thumbnailUrl\":\"https:\/\/jornalfatosenoticias.com.br\/wp-content\/uploads\/2020\/12\/unicef_criancas.jpg\",\"keywords\":[\"amaz\u00f4nia\",\"crian\u00e7as\",\"multim\u00eddia\",\"selo\",\"Selo Unicef\",\"semi\u00e1rido\",\"Unicef\"],\"articleSection\":[\"Geral\"],\"inLanguage\":\"pt-BR\",\"potentialAction\":[{\"@type\":\"CommentAction\",\"name\":\"Comment\",\"target\":[\"https:\/\/jornalfatosenoticias.com.br\/index.php\/2020\/12\/08\/cidades-que-se-destacaram-na-protecao-as-criancas-recebem-selo-unicef\/#respond\"]}]},{\"@type\":\"WebPage\",\"@id\":\"https:\/\/jornalfatosenoticias.com.br\/index.php\/2020\/12\/08\/cidades-que-se-destacaram-na-protecao-as-criancas-recebem-selo-unicef\/\",\"url\":\"https:\/\/jornalfatosenoticias.com.br\/index.php\/2020\/12\/08\/cidades-que-se-destacaram-na-protecao-as-criancas-recebem-selo-unicef\/\",\"name\":\"Cidades que se destacaram na prote\u00e7\u00e3o \u00e0s crian\u00e7as recebem Selo Unicef - Jornal Fatos e Not\u00edcias\",\"isPartOf\":{\"@id\":\"https:\/\/jornalfatosenoticias.com.br\/#website\"},\"primaryImageOfPage\":{\"@id\":\"https:\/\/jornalfatosenoticias.com.br\/index.php\/2020\/12\/08\/cidades-que-se-destacaram-na-protecao-as-criancas-recebem-selo-unicef\/#primaryimage\"},\"image\":{\"@id\":\"https:\/\/jornalfatosenoticias.com.br\/index.php\/2020\/12\/08\/cidades-que-se-destacaram-na-protecao-as-criancas-recebem-selo-unicef\/#primaryimage\"},\"thumbnailUrl\":\"https:\/\/jornalfatosenoticias.com.br\/wp-content\/uploads\/2020\/12\/unicef_criancas.jpg\",\"datePublished\":\"2020-12-08T18:57:00+00:00\",\"dateModified\":\"2020-12-08T18:57:04+00:00\",\"breadcrumb\":{\"@id\":\"https:\/\/jornalfatosenoticias.com.br\/index.php\/2020\/12\/08\/cidades-que-se-destacaram-na-protecao-as-criancas-recebem-selo-unicef\/#breadcrumb\"},\"inLanguage\":\"pt-BR\",\"potentialAction\":[{\"@type\":\"ReadAction\",\"target\":[\"https:\/\/jornalfatosenoticias.com.br\/index.php\/2020\/12\/08\/cidades-que-se-destacaram-na-protecao-as-criancas-recebem-selo-unicef\/\"]}]},{\"@type\":\"ImageObject\",\"inLanguage\":\"pt-BR\",\"@id\":\"https:\/\/jornalfatosenoticias.com.br\/index.php\/2020\/12\/08\/cidades-que-se-destacaram-na-protecao-as-criancas-recebem-selo-unicef\/#primaryimage\",\"url\":\"https:\/\/jornalfatosenoticias.com.br\/wp-content\/uploads\/2020\/12\/unicef_criancas.jpg\",\"contentUrl\":\"https:\/\/jornalfatosenoticias.com.br\/wp-content\/uploads\/2020\/12\/unicef_criancas.jpg\",\"width\":1000,\"height\":598,\"caption\":\"No interior da Bahia, o UNICEF e seus parceiros encontraram Yasmin e suas irm\u00e3s e levaram as meninas para a escola Agora, eles t\u00eam a chance de quebrar o ciclo de analfabetismo e ter um futuro diferente de sua m\u00e3e e av\u00f3\"},{\"@type\":\"BreadcrumbList\",\"@id\":\"https:\/\/jornalfatosenoticias.com.br\/index.php\/2020\/12\/08\/cidades-que-se-destacaram-na-protecao-as-criancas-recebem-selo-unicef\/#breadcrumb\",\"itemListElement\":[{\"@type\":\"ListItem\",\"position\":1,\"name\":\"In\u00edcio\",\"item\":\"https:\/\/jornalfatosenoticias.com.br\/\"},{\"@type\":\"ListItem\",\"position\":2,\"name\":\"Cidades que se destacaram na prote\u00e7\u00e3o \u00e0s crian\u00e7as recebem Selo Unicef\"}]},{\"@type\":\"WebSite\",\"@id\":\"https:\/\/jornalfatosenoticias.com.br\/#website\",\"url\":\"https:\/\/jornalfatosenoticias.com.br\/\",\"name\":\"Jornal Fatos e Not\u00edcias\",\"description\":\"Not\u00edcias em geral\",\"publisher\":{\"@id\":\"https:\/\/jornalfatosenoticias.com.br\/#organization\"},\"potentialAction\":[{\"@type\":\"SearchAction\",\"target\":{\"@type\":\"EntryPoint\",\"urlTemplate\":\"https:\/\/jornalfatosenoticias.com.br\/?s={search_term_string}\"},\"query-input\":{\"@type\":\"PropertyValueSpecification\",\"valueRequired\":true,\"valueName\":\"search_term_string\"}}],\"inLanguage\":\"pt-BR\"},{\"@type\":\"Organization\",\"@id\":\"https:\/\/jornalfatosenoticias.com.br\/#organization\",\"name\":\"Jornal Fatos e Not\u00edcias\",\"url\":\"https:\/\/jornalfatosenoticias.com.br\/\",\"logo\":{\"@type\":\"ImageObject\",\"inLanguage\":\"pt-BR\",\"@id\":\"https:\/\/jornalfatosenoticias.com.br\/#\/schema\/logo\/image\/\",\"url\":\"https:\/\/jornalfatosenoticias.com.br\/wp-content\/uploads\/2020\/02\/logo120.png\",\"contentUrl\":\"https:\/\/jornalfatosenoticias.com.br\/wp-content\/uploads\/2020\/02\/logo120.png\",\"width\":1227,\"height\":120,\"caption\":\"Jornal Fatos e Not\u00edcias\"},\"image\":{\"@id\":\"https:\/\/jornalfatosenoticias.com.br\/#\/schema\/logo\/image\/\"}},{\"@type\":\"Person\",\"@id\":\"https:\/\/jornalfatosenoticias.com.br\/#\/schema\/person\/d63837fa13ac8666eb9e74e0985d6f81\",\"name\":\"Luzimara Fernandes\",\"image\":{\"@type\":\"ImageObject\",\"inLanguage\":\"pt-BR\",\"@id\":\"https:\/\/jornalfatosenoticias.com.br\/#\/schema\/person\/image\/\",\"url\":\"https:\/\/jornalfatosenoticias.com.br\/wp-content\/uploads\/2025\/05\/EU_portal.jpg\",\"contentUrl\":\"https:\/\/jornalfatosenoticias.com.br\/wp-content\/uploads\/2025\/05\/EU_portal.jpg\",\"caption\":\"Luzimara Fernandes\"},\"description\":\"Jornalista MTB 2358-ES\",\"sameAs\":[\"https:\/\/jornalfatosenoticias.com.br\"],\"url\":\"https:\/\/jornalfatosenoticias.com.br\/index.php\/author\/luzimara\/\"}]}<\/script>\n<!-- \/ Yoast SEO plugin. -->","yoast_head_json":{"title":"Cidades que se destacaram na prote\u00e7\u00e3o \u00e0s crian\u00e7as recebem Selo Unicef - Jornal Fatos e Not\u00edcias","robots":{"index":"index","follow":"follow","max-snippet":"max-snippet:-1","max-image-preview":"max-image-preview:large","max-video-preview":"max-video-preview:-1"},"canonical":"https:\/\/jornalfatosenoticias.com.br\/index.php\/2020\/12\/08\/cidades-que-se-destacaram-na-protecao-as-criancas-recebem-selo-unicef\/","og_locale":"pt_BR","og_type":"article","og_title":"Cidades que se destacaram na prote\u00e7\u00e3o \u00e0s crian\u00e7as recebem Selo Unicef - Jornal Fatos e Not\u00edcias","og_description":"Na edi\u00e7\u00e3o deste ano, foram contemplados 431 munic\u00edpios O Fundo das Na\u00e7\u00f5es Unidas para a Inf\u00e2ncia (Unicef) concedeu hoje (8) o Selo Unicef a 431 munic\u00edpios do Semi\u00e1rido e da Amaz\u00f4nia Legal brasileira, pelo esfor\u00e7o para proteger os direitos de crian\u00e7as e adolescentes. As cidades se destacaram por a\u00e7\u00f5es que promoveram nas \u00e1reas de sa\u00fade, [&hellip;]","og_url":"https:\/\/jornalfatosenoticias.com.br\/index.php\/2020\/12\/08\/cidades-que-se-destacaram-na-protecao-as-criancas-recebem-selo-unicef\/","og_site_name":"Jornal Fatos e Not\u00edcias","article_published_time":"2020-12-08T18:57:00+00:00","article_modified_time":"2020-12-08T18:57:04+00:00","og_image":[{"width":1000,"height":598,"url":"https:\/\/jornalfatosenoticias.com.br\/wp-content\/uploads\/2020\/12\/unicef_criancas.jpg","type":"image\/jpeg"}],"author":"Luzimara Fernandes","twitter_card":"summary_large_image","twitter_misc":{"Escrito por":"Luzimara Fernandes","Est. tempo de leitura":"3 minutos"},"schema":{"@context":"https:\/\/schema.org","@graph":[{"@type":"Article","@id":"https:\/\/jornalfatosenoticias.com.br\/index.php\/2020\/12\/08\/cidades-que-se-destacaram-na-protecao-as-criancas-recebem-selo-unicef\/#article","isPartOf":{"@id":"https:\/\/jornalfatosenoticias.com.br\/index.php\/2020\/12\/08\/cidades-que-se-destacaram-na-protecao-as-criancas-recebem-selo-unicef\/"},"author":{"name":"Luzimara Fernandes","@id":"https:\/\/jornalfatosenoticias.com.br\/#\/schema\/person\/d63837fa13ac8666eb9e74e0985d6f81"},"headline":"Cidades que se destacaram na prote\u00e7\u00e3o \u00e0s crian\u00e7as recebem Selo Unicef","datePublished":"2020-12-08T18:57:00+00:00","dateModified":"2020-12-08T18:57:04+00:00","mainEntityOfPage":{"@id":"https:\/\/jornalfatosenoticias.com.br\/index.php\/2020\/12\/08\/cidades-que-se-destacaram-na-protecao-as-criancas-recebem-selo-unicef\/"},"wordCount":622,"commentCount":0,"publisher":{"@id":"https:\/\/jornalfatosenoticias.com.br\/#organization"},"image":{"@id":"https:\/\/jornalfatosenoticias.com.br\/index.php\/2020\/12\/08\/cidades-que-se-destacaram-na-protecao-as-criancas-recebem-selo-unicef\/#primaryimage"},"thumbnailUrl":"https:\/\/jornalfatosenoticias.com.br\/wp-content\/uploads\/2020\/12\/unicef_criancas.jpg","keywords":["amaz\u00f4nia","crian\u00e7as","multim\u00eddia","selo","Selo Unicef","semi\u00e1rido","Unicef"],"articleSection":["Geral"],"inLanguage":"pt-BR","potentialAction":[{"@type":"CommentAction","name":"Comment","target":["https:\/\/jornalfatosenoticias.com.br\/index.php\/2020\/12\/08\/cidades-que-se-destacaram-na-protecao-as-criancas-recebem-selo-unicef\/#respond"]}]},{"@type":"WebPage","@id":"https:\/\/jornalfatosenoticias.com.br\/index.php\/2020\/12\/08\/cidades-que-se-destacaram-na-protecao-as-criancas-recebem-selo-unicef\/","url":"https:\/\/jornalfatosenoticias.com.br\/index.php\/2020\/12\/08\/cidades-que-se-destacaram-na-protecao-as-criancas-recebem-selo-unicef\/","name":"Cidades que se destacaram na prote\u00e7\u00e3o \u00e0s crian\u00e7as recebem Selo Unicef - Jornal Fatos e Not\u00edcias","isPartOf":{"@id":"https:\/\/jornalfatosenoticias.com.br\/#website"},"primaryImageOfPage":{"@id":"https:\/\/jornalfatosenoticias.com.br\/index.php\/2020\/12\/08\/cidades-que-se-destacaram-na-protecao-as-criancas-recebem-selo-unicef\/#primaryimage"},"image":{"@id":"https:\/\/jornalfatosenoticias.com.br\/index.php\/2020\/12\/08\/cidades-que-se-destacaram-na-protecao-as-criancas-recebem-selo-unicef\/#primaryimage"},"thumbnailUrl":"https:\/\/jornalfatosenoticias.com.br\/wp-content\/uploads\/2020\/12\/unicef_criancas.jpg","datePublished":"2020-12-08T18:57:00+00:00","dateModified":"2020-12-08T18:57:04+00:00","breadcrumb":{"@id":"https:\/\/jornalfatosenoticias.com.br\/index.php\/2020\/12\/08\/cidades-que-se-destacaram-na-protecao-as-criancas-recebem-selo-unicef\/#breadcrumb"},"inLanguage":"pt-BR","potentialAction":[{"@type":"ReadAction","target":["https:\/\/jornalfatosenoticias.com.br\/index.php\/2020\/12\/08\/cidades-que-se-destacaram-na-protecao-as-criancas-recebem-selo-unicef\/"]}]},{"@type":"ImageObject","inLanguage":"pt-BR","@id":"https:\/\/jornalfatosenoticias.com.br\/index.php\/2020\/12\/08\/cidades-que-se-destacaram-na-protecao-as-criancas-recebem-selo-unicef\/#primaryimage","url":"https:\/\/jornalfatosenoticias.com.br\/wp-content\/uploads\/2020\/12\/unicef_criancas.jpg","contentUrl":"https:\/\/jornalfatosenoticias.com.br\/wp-content\/uploads\/2020\/12\/unicef_criancas.jpg","width":1000,"height":598,"caption":"No interior da Bahia, o UNICEF e seus parceiros encontraram Yasmin e suas irm\u00e3s e levaram as meninas para a escola Agora, eles t\u00eam a chance de quebrar o ciclo de analfabetismo e ter um futuro diferente de sua m\u00e3e e av\u00f3"},{"@type":"BreadcrumbList","@id":"https:\/\/jornalfatosenoticias.com.br\/index.php\/2020\/12\/08\/cidades-que-se-destacaram-na-protecao-as-criancas-recebem-selo-unicef\/#breadcrumb","itemListElement":[{"@type":"ListItem","position":1,"name":"In\u00edcio","item":"https:\/\/jornalfatosenoticias.com.br\/"},{"@type":"ListItem","position":2,"name":"Cidades que se destacaram na prote\u00e7\u00e3o \u00e0s crian\u00e7as recebem Selo Unicef"}]},{"@type":"WebSite","@id":"https:\/\/jornalfatosenoticias.com.br\/#website","url":"https:\/\/jornalfatosenoticias.com.br\/","name":"Jornal Fatos e Not\u00edcias","description":"Not\u00edcias em geral","publisher":{"@id":"https:\/\/jornalfatosenoticias.com.br\/#organization"},"potentialAction":[{"@type":"SearchAction","target":{"@type":"EntryPoint","urlTemplate":"https:\/\/jornalfatosenoticias.com.br\/?s={search_term_string}"},"query-input":{"@type":"PropertyValueSpecification","valueRequired":true,"valueName":"search_term_string"}}],"inLanguage":"pt-BR"},{"@type":"Organization","@id":"https:\/\/jornalfatosenoticias.com.br\/#organization","name":"Jornal Fatos e Not\u00edcias","url":"https:\/\/jornalfatosenoticias.com.br\/","logo":{"@type":"ImageObject","inLanguage":"pt-BR","@id":"https:\/\/jornalfatosenoticias.com.br\/#\/schema\/logo\/image\/","url":"https:\/\/jornalfatosenoticias.com.br\/wp-content\/uploads\/2020\/02\/logo120.png","contentUrl":"https:\/\/jornalfatosenoticias.com.br\/wp-content\/uploads\/2020\/02\/logo120.png","width":1227,"height":120,"caption":"Jornal Fatos e Not\u00edcias"},"image":{"@id":"https:\/\/jornalfatosenoticias.com.br\/#\/schema\/logo\/image\/"}},{"@type":"Person","@id":"https:\/\/jornalfatosenoticias.com.br\/#\/schema\/person\/d63837fa13ac8666eb9e74e0985d6f81","name":"Luzimara Fernandes","image":{"@type":"ImageObject","inLanguage":"pt-BR","@id":"https:\/\/jornalfatosenoticias.com.br\/#\/schema\/person\/image\/","url":"https:\/\/jornalfatosenoticias.com.br\/wp-content\/uploads\/2025\/05\/EU_portal.jpg","contentUrl":"https:\/\/jornalfatosenoticias.com.br\/wp-content\/uploads\/2025\/05\/EU_portal.jpg","caption":"Luzimara Fernandes"},"description":"Jornalista MTB 2358-ES","sameAs":["https:\/\/jornalfatosenoticias.com.br"],"url":"https:\/\/jornalfatosenoticias.com.br\/index.php\/author\/luzimara\/"}]}},"cc_featured_image_caption":{"caption_text":"(Unicef\/UNO225947\/Lib\u00f3rio)\r\n","source_text":"","source_url":""},"jetpack_featured_media_url":"https:\/\/jornalfatosenoticias.com.br\/wp-content\/uploads\/2020\/12\/unicef_criancas.jpg","_links":{"self":[{"href":"https:\/\/jornalfatosenoticias.com.br\/index.php\/wp-json\/wp\/v2\/posts\/12201","targetHints":{"allow":["GET"]}}],"collection":[{"href":"https:\/\/jornalfatosenoticias.com.br\/index.php\/wp-json\/wp\/v2\/posts"}],"about":[{"href":"https:\/\/jornalfatosenoticias.com.br\/index.php\/wp-json\/wp\/v2\/types\/post"}],"author":[{"embeddable":true,"href":"https:\/\/jornalfatosenoticias.com.br\/index.php\/wp-json\/wp\/v2\/users\/2"}],"replies":[{"embeddable":true,"href":"https:\/\/jornalfatosenoticias.com.br\/index.php\/wp-json\/wp\/v2\/comments?post=12201"}],"version-history":[{"count":0,"href":"https:\/\/jornalfatosenoticias.com.br\/index.php\/wp-json\/wp\/v2\/posts\/12201\/revisions"}],"wp:featuredmedia":[{"embeddable":true,"href":"https:\/\/jornalfatosenoticias.com.br\/index.php\/wp-json\/wp\/v2\/media\/12202"}],"wp:attachment":[{"href":"https:\/\/jornalfatosenoticias.com.br\/index.php\/wp-json\/wp\/v2\/media?parent=12201"}],"wp:term":[{"taxonomy":"category","embeddable":true,"href":"https:\/\/jornalfatosenoticias.com.br\/index.php\/wp-json\/wp\/v2\/categories?post=12201"},{"taxonomy":"post_tag","embeddable":true,"href":"https:\/\/jornalfatosenoticias.com.br\/index.php\/wp-json\/wp\/v2\/tags?post=12201"}],"curies":[{"name":"wp","href":"https:\/\/api.w.org\/{rel}","templated":true}]}}