{"id":12216,"date":"2020-12-08T16:54:12","date_gmt":"2020-12-08T19:54:12","guid":{"rendered":"https:\/\/jornalfatosenoticias.com.br\/?p=12216"},"modified":"2020-12-08T16:54:17","modified_gmt":"2020-12-08T19:54:17","slug":"dicas-para-decoracao-de-natal-rustica-e-reciclada","status":"publish","type":"post","link":"https:\/\/jornalfatosenoticias.com.br\/index.php\/2020\/12\/08\/dicas-para-decoracao-de-natal-rustica-e-reciclada\/","title":{"rendered":"Dicas para decora\u00e7\u00e3o de Natal: r\u00fastica e reciclada"},"content":{"rendered":"\n<h6 class=\"wp-block-heading\"><em>A cen\u00f3grafa Anna Miranda traz ideias de como reaproveitar objetos e usar elementos naturais<\/em><\/h6>\n\n\n\n<p>Mesmo com a grana curta, \u00e9 poss\u00edvel criar uma decora\u00e7\u00e3o natalina aconchegante e intimista. Abaixo voc\u00ea confere dicas para aproveitar ao m\u00e1ximo tudo o que voc\u00ea j\u00e1 tem em casa para entrar no clima do Natal.<br>Especializada em transformar as ideias de seus clientes em cen\u00e1rios sofisticados e inspiradores, a empresa Cena e Cen\u00e1rio, comandada pela cen\u00f3grafa Anna Miranda, prop\u00f5e uma decora\u00e7\u00e3o baseada no upcycling. A t\u00e9cnica tem por princ\u00edpio a ressignifica\u00e7\u00e3o de materiais que aparentemente podem n\u00e3o ter mais valor. S\u00e3o pe\u00e7as que, com criatividade, ganham novos usos e fun\u00e7\u00f5es.<br>O upcycling, de acordo com a cen\u00f3grafa, pode ser ricamente explorado junto ao novo Boho Chic. \u201cA tend\u00eancia, que j\u00e1 \u00e9 bem conhecida no Brasil, agora est\u00e1 mais sofisticada e rom\u00e2ntica. Passando longe da ostenta\u00e7\u00e3o, ela assume um ar r\u00fastico e requintado, mas que pode ser conquistado com elementos naturais acess\u00edveis\u201d, explica.<\/p>\n\n\n\n<figure class=\"wp-block-image size-large\"><img loading=\"lazy\" decoding=\"async\" width=\"1000\" height=\"664\" src=\"https:\/\/jornalfatosenoticias.com.br\/wp-content\/uploads\/2020\/12\/Natal_iStock-Getty-Images.jpg\" alt=\"\" class=\"wp-image-12217\" srcset=\"https:\/\/jornalfatosenoticias.com.br\/wp-content\/uploads\/2020\/12\/Natal_iStock-Getty-Images.jpg 1000w, https:\/\/jornalfatosenoticias.com.br\/wp-content\/uploads\/2020\/12\/Natal_iStock-Getty-Images-300x199.jpg 300w, https:\/\/jornalfatosenoticias.com.br\/wp-content\/uploads\/2020\/12\/Natal_iStock-Getty-Images-768x510.jpg 768w\" sizes=\"auto, (max-width: 1000px) 100vw, 1000px\" \/><figcaption><em>(Foto: iStock\/Getty Images)<\/em><\/figcaption><\/figure>\n\n\n\n<p>As dicas de Anna Miranda para aproveitar materiais r\u00fasticos e reciclados na decora\u00e7\u00e3o de natal:<\/p>\n\n\n\n<h4 class=\"wp-block-heading\">Cores neutras e terrosas<\/h4>\n\n\n\n<figure class=\"wp-block-image size-large\"><img loading=\"lazy\" decoding=\"async\" width=\"1000\" height=\"667\" src=\"https:\/\/jornalfatosenoticias.com.br\/wp-content\/uploads\/2020\/12\/decoracao-natalina_iStock_Getty-Images.jpg\" alt=\"\" class=\"wp-image-12218\" srcset=\"https:\/\/jornalfatosenoticias.com.br\/wp-content\/uploads\/2020\/12\/decoracao-natalina_iStock_Getty-Images.jpg 1000w, https:\/\/jornalfatosenoticias.com.br\/wp-content\/uploads\/2020\/12\/decoracao-natalina_iStock_Getty-Images-300x200.jpg 300w, https:\/\/jornalfatosenoticias.com.br\/wp-content\/uploads\/2020\/12\/decoracao-natalina_iStock_Getty-Images-768x512.jpg 768w\" sizes=\"auto, (max-width: 1000px) 100vw, 1000px\" \/><figcaption><em>(Foto: iStock\/Getty Images)<\/em><\/figcaption><\/figure>\n\n\n\n<p>Troque o tradicional vermelho pelo branco, palha ou tons terrosos, como marrom, terracota, caramelo e bege. Eles s\u00e3o capazes de valorizar a atmosfera do campo e deixam qualquer composi\u00e7\u00e3o mais r\u00fastica e natural, harmonizando muito bem com as folhagens verdes.<\/p>\n\n\n\n<h4 class=\"wp-block-heading\">Use madeira<\/h4>\n\n\n\n<figure class=\"wp-block-image size-large\"><img loading=\"lazy\" decoding=\"async\" width=\"1000\" height=\"667\" src=\"https:\/\/jornalfatosenoticias.com.br\/wp-content\/uploads\/2020\/12\/decoracao-natal_iStock_Getty-Images.jpg\" alt=\"\" class=\"wp-image-12219\" srcset=\"https:\/\/jornalfatosenoticias.com.br\/wp-content\/uploads\/2020\/12\/decoracao-natal_iStock_Getty-Images.jpg 1000w, https:\/\/jornalfatosenoticias.com.br\/wp-content\/uploads\/2020\/12\/decoracao-natal_iStock_Getty-Images-300x200.jpg 300w, https:\/\/jornalfatosenoticias.com.br\/wp-content\/uploads\/2020\/12\/decoracao-natal_iStock_Getty-Images-768x512.jpg 768w\" sizes=\"auto, (max-width: 1000px) 100vw, 1000px\" \/><figcaption><em>(Foto: iStock\/Getty Images)<\/em><\/figcaption><\/figure>\n\n\n\n<p>A madeira \u00e9 o elemento de destaque nas decora\u00e7\u00f5es r\u00fasticas, principalmente quando tem um aspecto inacabado e robusto. O elemento pode aparecer tanto nos m\u00f3veis antigos, como mesas e aparadores, ou at\u00e9 mesmo em adornos esculpidos na pr\u00f3pria madeira. Aprenda a fazer \u00e1rvores de natal reutilizando sobras de madeira.<\/p>\n\n\n\n<h4 class=\"wp-block-heading\">Reaproveite: juta, palha e corti\u00e7a<\/h4>\n\n\n\n<figure class=\"wp-block-image size-large\"><img loading=\"lazy\" decoding=\"async\" width=\"1000\" height=\"667\" src=\"https:\/\/jornalfatosenoticias.com.br\/wp-content\/uploads\/2020\/12\/palha-e-cortica_iStock-Getty-Images.jpg\" alt=\"\" class=\"wp-image-12220\" srcset=\"https:\/\/jornalfatosenoticias.com.br\/wp-content\/uploads\/2020\/12\/palha-e-cortica_iStock-Getty-Images.jpg 1000w, https:\/\/jornalfatosenoticias.com.br\/wp-content\/uploads\/2020\/12\/palha-e-cortica_iStock-Getty-Images-300x200.jpg 300w, https:\/\/jornalfatosenoticias.com.br\/wp-content\/uploads\/2020\/12\/palha-e-cortica_iStock-Getty-Images-768x512.jpg 768w\" sizes=\"auto, (max-width: 1000px) 100vw, 1000px\" \/><figcaption><em>(Foto: iStock\/Getty Images)<\/em><\/figcaption><\/figure>\n\n\n\n<p>Baratos e f\u00e1ceis de serem encontrados \u00e9 poss\u00edvel criar belos arranjos usando juta, palha e madeira. Para deixar a inspira\u00e7\u00e3o aflorar, busque tutoriais no Youtube que ensinam como fazer pe\u00e7as natalinas com esses materiais.<\/p>\n\n\n\n<h4 class=\"wp-block-heading\">Ferro e cobre<\/h4>\n\n\n\n<figure class=\"wp-block-image size-large\"><img loading=\"lazy\" decoding=\"async\" width=\"1000\" height=\"667\" src=\"https:\/\/jornalfatosenoticias.com.br\/wp-content\/uploads\/2020\/12\/ferro-e-cobre_iStock-Getty-Images.jpg\" alt=\"\" class=\"wp-image-12221\" srcset=\"https:\/\/jornalfatosenoticias.com.br\/wp-content\/uploads\/2020\/12\/ferro-e-cobre_iStock-Getty-Images.jpg 1000w, https:\/\/jornalfatosenoticias.com.br\/wp-content\/uploads\/2020\/12\/ferro-e-cobre_iStock-Getty-Images-300x200.jpg 300w, https:\/\/jornalfatosenoticias.com.br\/wp-content\/uploads\/2020\/12\/ferro-e-cobre_iStock-Getty-Images-768x512.jpg 768w\" sizes=\"auto, (max-width: 1000px) 100vw, 1000px\" \/><figcaption><em>(Foto: iStock\/Getty Images)<\/em><\/figcaption><\/figure>\n\n\n\n<p>Utilize elementos de ferro velho que voc\u00ea pode ter em casa ou adquira em algum ferro velho pe\u00e7as antigas, como partes de carro\u00e7as, rodas e tudo o que a criatividade permitir. O cobre tamb\u00e9m est\u00e1 super em alta e pode ser usado nos vasos, casti\u00e7ais ou objetos.<\/p>\n\n\n\n<h4 class=\"wp-block-heading\">Use flores<\/h4>\n\n\n\n<figure class=\"wp-block-image size-large\"><img loading=\"lazy\" decoding=\"async\" width=\"1000\" height=\"667\" src=\"https:\/\/jornalfatosenoticias.com.br\/wp-content\/uploads\/2020\/12\/flores_iStock-Getty-Images.jpg\" alt=\"\" class=\"wp-image-12222\" srcset=\"https:\/\/jornalfatosenoticias.com.br\/wp-content\/uploads\/2020\/12\/flores_iStock-Getty-Images.jpg 1000w, https:\/\/jornalfatosenoticias.com.br\/wp-content\/uploads\/2020\/12\/flores_iStock-Getty-Images-300x200.jpg 300w, https:\/\/jornalfatosenoticias.com.br\/wp-content\/uploads\/2020\/12\/flores_iStock-Getty-Images-768x512.jpg 768w\" sizes=\"auto, (max-width: 1000px) 100vw, 1000px\" \/><figcaption><em>(Foto: iStock\/Getty Images)<\/em><\/figcaption><\/figure>\n\n\n\n<p>Descubra a beleza da simplicidade das flores mais elementares, como das margaridas, girass\u00f3is, das g\u00e9rberas e dos cris\u00e2ntemos. Na hora de montar os arranjos, combine cores diferentes no mesmo arranjo. Quando as flores secarem, use barbante para pendur\u00e1-las viradas para baixo \u2013 flores secas tamb\u00e9m s\u00e3o \u00f3timas para decora\u00e7\u00e3o.<\/p>\n\n\n\n<h4 class=\"wp-block-heading\">Lanternas e velas<\/h4>\n\n\n\n<figure class=\"wp-block-image size-large\"><img loading=\"lazy\" decoding=\"async\" width=\"1000\" height=\"667\" src=\"https:\/\/jornalfatosenoticias.com.br\/wp-content\/uploads\/2020\/12\/lanternas-e-velas_iStock-Getty-Images.jpg\" alt=\"\" class=\"wp-image-12223\" srcset=\"https:\/\/jornalfatosenoticias.com.br\/wp-content\/uploads\/2020\/12\/lanternas-e-velas_iStock-Getty-Images.jpg 1000w, https:\/\/jornalfatosenoticias.com.br\/wp-content\/uploads\/2020\/12\/lanternas-e-velas_iStock-Getty-Images-300x200.jpg 300w, https:\/\/jornalfatosenoticias.com.br\/wp-content\/uploads\/2020\/12\/lanternas-e-velas_iStock-Getty-Images-768x512.jpg 768w\" sizes=\"auto, (max-width: 1000px) 100vw, 1000px\" \/><figcaption><em>(Foto: iStock\/Getty Images)<\/em><\/figcaption><\/figure>\n\n\n\n<p>Para deixar o clima mais aconchegante, nada melhor do que usar velas e lanternas para criar uma ilumina\u00e7\u00e3o indireta. Para ganhar um toque de rusticidade, as velas podem ser decoradas com cascos de \u00e1rvore ou canela em pau.<\/p>\n\n\n\n<h4 class=\"wp-block-heading\">Privilegie a natureza<\/h4>\n\n\n\n<figure class=\"wp-block-image size-large\"><img loading=\"lazy\" decoding=\"async\" width=\"1000\" height=\"667\" src=\"https:\/\/jornalfatosenoticias.com.br\/wp-content\/uploads\/2020\/12\/natureza_iStock-Getty-Images.jpg\" alt=\"\" class=\"wp-image-12224\" srcset=\"https:\/\/jornalfatosenoticias.com.br\/wp-content\/uploads\/2020\/12\/natureza_iStock-Getty-Images.jpg 1000w, https:\/\/jornalfatosenoticias.com.br\/wp-content\/uploads\/2020\/12\/natureza_iStock-Getty-Images-300x200.jpg 300w, https:\/\/jornalfatosenoticias.com.br\/wp-content\/uploads\/2020\/12\/natureza_iStock-Getty-Images-768x512.jpg 768w\" sizes=\"auto, (max-width: 1000px) 100vw, 1000px\" \/><figcaption><em>(Foto: iStock\/Getty Images)<\/em><\/figcaption><\/figure>\n\n\n\n<p>Por fim, o estilo r\u00fastico combina com o ar livre. Pense em montar uma ceia de natal no quintal, se tiver um espa\u00e7o com jardim. Ou traga os canteiros de flores e as plantas para dentro de casa. Se n\u00e3o for poss\u00edvel, fa\u00e7a uso de galhos e folhagens para montar o centro da mesa e alguns cantinhos charmosos.<\/p>\n\n\n\n<p><strong><em>Fonte: <a href=\"https:\/\/ciclovivo.com.br\/mao-na-massa\/faca-voce-mesmo\/dicas-para-decoracao-de-natal-rustica-linda-e-reciclada\/\">CicloVivo<\/a><\/em><\/strong><\/p>\n","protected":false},"excerpt":{"rendered":"<p>A cen\u00f3grafa Anna Miranda traz ideias de como reaproveitar objetos e usar elementos naturais Mesmo com a grana curta, \u00e9 poss\u00edvel criar uma decora\u00e7\u00e3o natalina aconchegante e intimista. Abaixo voc\u00ea confere dicas para aproveitar ao m\u00e1ximo tudo o que voc\u00ea j\u00e1 tem em casa para entrar no clima do Natal.Especializada em transformar as ideias de [&hellip;]<\/p>\n","protected":false},"author":2,"featured_media":12225,"comment_status":"open","ping_status":"open","sticky":false,"template":"","format":"standard","meta":{"footnotes":""},"categories":[42],"tags":[6402,6405,6404,6403],"class_list":["post-12216","post","type-post","status-publish","format-standard","has-post-thumbnail","hentry","category-bem-estar","tag-decoracao-de-natal","tag-natalina","tag-reciclada","tag-rustica"],"yoast_head":"<!-- This site is optimized with the Yoast SEO plugin v26.5 - https:\/\/yoast.com\/wordpress\/plugins\/seo\/ -->\n<title>Dicas para decora\u00e7\u00e3o de Natal: r\u00fastica e reciclada - Jornal Fatos e Not\u00edcias<\/title>\n<meta name=\"robots\" content=\"index, follow, max-snippet:-1, max-image-preview:large, max-video-preview:-1\" \/>\n<link rel=\"canonical\" href=\"https:\/\/jornalfatosenoticias.com.br\/index.php\/2020\/12\/08\/dicas-para-decoracao-de-natal-rustica-e-reciclada\/\" \/>\n<meta property=\"og:locale\" content=\"pt_BR\" \/>\n<meta property=\"og:type\" content=\"article\" \/>\n<meta property=\"og:title\" content=\"Dicas para decora\u00e7\u00e3o de Natal: r\u00fastica e reciclada - Jornal Fatos e Not\u00edcias\" \/>\n<meta property=\"og:description\" content=\"A cen\u00f3grafa Anna Miranda traz ideias de como reaproveitar objetos e usar elementos naturais Mesmo com a grana curta, \u00e9 poss\u00edvel criar uma decora\u00e7\u00e3o natalina aconchegante e intimista. Abaixo voc\u00ea confere dicas para aproveitar ao m\u00e1ximo tudo o que voc\u00ea j\u00e1 tem em casa para entrar no clima do Natal.Especializada em transformar as ideias de [&hellip;]\" \/>\n<meta property=\"og:url\" content=\"https:\/\/jornalfatosenoticias.com.br\/index.php\/2020\/12\/08\/dicas-para-decoracao-de-natal-rustica-e-reciclada\/\" \/>\n<meta property=\"og:site_name\" content=\"Jornal Fatos e Not\u00edcias\" \/>\n<meta property=\"article:published_time\" content=\"2020-12-08T19:54:12+00:00\" \/>\n<meta property=\"article:modified_time\" content=\"2020-12-08T19:54:17+00:00\" \/>\n<meta property=\"og:image\" content=\"https:\/\/jornalfatosenoticias.com.br\/wp-content\/uploads\/2020\/12\/decor-natalina.jpg\" \/>\n\t<meta property=\"og:image:width\" content=\"1000\" \/>\n\t<meta property=\"og:image:height\" content=\"665\" \/>\n\t<meta property=\"og:image:type\" content=\"image\/jpeg\" \/>\n<meta name=\"author\" content=\"Luzimara Fernandes\" \/>\n<meta name=\"twitter:card\" content=\"summary_large_image\" \/>\n<meta name=\"twitter:label1\" content=\"Escrito por\" \/>\n\t<meta name=\"twitter:data1\" content=\"Luzimara Fernandes\" \/>\n\t<meta name=\"twitter:label2\" content=\"Est. tempo de leitura\" \/>\n\t<meta name=\"twitter:data2\" content=\"3 minutos\" \/>\n<script type=\"application\/ld+json\" class=\"yoast-schema-graph\">{\"@context\":\"https:\/\/schema.org\",\"@graph\":[{\"@type\":\"Article\",\"@id\":\"https:\/\/jornalfatosenoticias.com.br\/index.php\/2020\/12\/08\/dicas-para-decoracao-de-natal-rustica-e-reciclada\/#article\",\"isPartOf\":{\"@id\":\"https:\/\/jornalfatosenoticias.com.br\/index.php\/2020\/12\/08\/dicas-para-decoracao-de-natal-rustica-e-reciclada\/\"},\"author\":{\"name\":\"Luzimara Fernandes\",\"@id\":\"https:\/\/jornalfatosenoticias.com.br\/#\/schema\/person\/d63837fa13ac8666eb9e74e0985d6f81\"},\"headline\":\"Dicas para decora\u00e7\u00e3o de Natal: r\u00fastica e reciclada\",\"datePublished\":\"2020-12-08T19:54:12+00:00\",\"dateModified\":\"2020-12-08T19:54:17+00:00\",\"mainEntityOfPage\":{\"@id\":\"https:\/\/jornalfatosenoticias.com.br\/index.php\/2020\/12\/08\/dicas-para-decoracao-de-natal-rustica-e-reciclada\/\"},\"wordCount\":601,\"commentCount\":0,\"publisher\":{\"@id\":\"https:\/\/jornalfatosenoticias.com.br\/#organization\"},\"image\":{\"@id\":\"https:\/\/jornalfatosenoticias.com.br\/index.php\/2020\/12\/08\/dicas-para-decoracao-de-natal-rustica-e-reciclada\/#primaryimage\"},\"thumbnailUrl\":\"https:\/\/jornalfatosenoticias.com.br\/wp-content\/uploads\/2020\/12\/decor-natalina.jpg\",\"keywords\":[\"decora\u00e7\u00e3o de Natal\",\"natalina\",\"reciclada\",\"r\u00fastica\"],\"articleSection\":[\"Bem-estar\"],\"inLanguage\":\"pt-BR\",\"potentialAction\":[{\"@type\":\"CommentAction\",\"name\":\"Comment\",\"target\":[\"https:\/\/jornalfatosenoticias.com.br\/index.php\/2020\/12\/08\/dicas-para-decoracao-de-natal-rustica-e-reciclada\/#respond\"]}]},{\"@type\":\"WebPage\",\"@id\":\"https:\/\/jornalfatosenoticias.com.br\/index.php\/2020\/12\/08\/dicas-para-decoracao-de-natal-rustica-e-reciclada\/\",\"url\":\"https:\/\/jornalfatosenoticias.com.br\/index.php\/2020\/12\/08\/dicas-para-decoracao-de-natal-rustica-e-reciclada\/\",\"name\":\"Dicas para decora\u00e7\u00e3o de Natal: r\u00fastica e reciclada - Jornal Fatos e Not\u00edcias\",\"isPartOf\":{\"@id\":\"https:\/\/jornalfatosenoticias.com.br\/#website\"},\"primaryImageOfPage\":{\"@id\":\"https:\/\/jornalfatosenoticias.com.br\/index.php\/2020\/12\/08\/dicas-para-decoracao-de-natal-rustica-e-reciclada\/#primaryimage\"},\"image\":{\"@id\":\"https:\/\/jornalfatosenoticias.com.br\/index.php\/2020\/12\/08\/dicas-para-decoracao-de-natal-rustica-e-reciclada\/#primaryimage\"},\"thumbnailUrl\":\"https:\/\/jornalfatosenoticias.com.br\/wp-content\/uploads\/2020\/12\/decor-natalina.jpg\",\"datePublished\":\"2020-12-08T19:54:12+00:00\",\"dateModified\":\"2020-12-08T19:54:17+00:00\",\"breadcrumb\":{\"@id\":\"https:\/\/jornalfatosenoticias.com.br\/index.php\/2020\/12\/08\/dicas-para-decoracao-de-natal-rustica-e-reciclada\/#breadcrumb\"},\"inLanguage\":\"pt-BR\",\"potentialAction\":[{\"@type\":\"ReadAction\",\"target\":[\"https:\/\/jornalfatosenoticias.com.br\/index.php\/2020\/12\/08\/dicas-para-decoracao-de-natal-rustica-e-reciclada\/\"]}]},{\"@type\":\"ImageObject\",\"inLanguage\":\"pt-BR\",\"@id\":\"https:\/\/jornalfatosenoticias.com.br\/index.php\/2020\/12\/08\/dicas-para-decoracao-de-natal-rustica-e-reciclada\/#primaryimage\",\"url\":\"https:\/\/jornalfatosenoticias.com.br\/wp-content\/uploads\/2020\/12\/decor-natalina.jpg\",\"contentUrl\":\"https:\/\/jornalfatosenoticias.com.br\/wp-content\/uploads\/2020\/12\/decor-natalina.jpg\",\"width\":1000,\"height\":665},{\"@type\":\"BreadcrumbList\",\"@id\":\"https:\/\/jornalfatosenoticias.com.br\/index.php\/2020\/12\/08\/dicas-para-decoracao-de-natal-rustica-e-reciclada\/#breadcrumb\",\"itemListElement\":[{\"@type\":\"ListItem\",\"position\":1,\"name\":\"In\u00edcio\",\"item\":\"https:\/\/jornalfatosenoticias.com.br\/\"},{\"@type\":\"ListItem\",\"position\":2,\"name\":\"Dicas para decora\u00e7\u00e3o de Natal: r\u00fastica e reciclada\"}]},{\"@type\":\"WebSite\",\"@id\":\"https:\/\/jornalfatosenoticias.com.br\/#website\",\"url\":\"https:\/\/jornalfatosenoticias.com.br\/\",\"name\":\"Jornal Fatos e Not\u00edcias\",\"description\":\"Not\u00edcias em geral\",\"publisher\":{\"@id\":\"https:\/\/jornalfatosenoticias.com.br\/#organization\"},\"potentialAction\":[{\"@type\":\"SearchAction\",\"target\":{\"@type\":\"EntryPoint\",\"urlTemplate\":\"https:\/\/jornalfatosenoticias.com.br\/?s={search_term_string}\"},\"query-input\":{\"@type\":\"PropertyValueSpecification\",\"valueRequired\":true,\"valueName\":\"search_term_string\"}}],\"inLanguage\":\"pt-BR\"},{\"@type\":\"Organization\",\"@id\":\"https:\/\/jornalfatosenoticias.com.br\/#organization\",\"name\":\"Jornal Fatos e Not\u00edcias\",\"url\":\"https:\/\/jornalfatosenoticias.com.br\/\",\"logo\":{\"@type\":\"ImageObject\",\"inLanguage\":\"pt-BR\",\"@id\":\"https:\/\/jornalfatosenoticias.com.br\/#\/schema\/logo\/image\/\",\"url\":\"https:\/\/jornalfatosenoticias.com.br\/wp-content\/uploads\/2020\/02\/logo120.png\",\"contentUrl\":\"https:\/\/jornalfatosenoticias.com.br\/wp-content\/uploads\/2020\/02\/logo120.png\",\"width\":1227,\"height\":120,\"caption\":\"Jornal Fatos e Not\u00edcias\"},\"image\":{\"@id\":\"https:\/\/jornalfatosenoticias.com.br\/#\/schema\/logo\/image\/\"}},{\"@type\":\"Person\",\"@id\":\"https:\/\/jornalfatosenoticias.com.br\/#\/schema\/person\/d63837fa13ac8666eb9e74e0985d6f81\",\"name\":\"Luzimara Fernandes\",\"image\":{\"@type\":\"ImageObject\",\"inLanguage\":\"pt-BR\",\"@id\":\"https:\/\/jornalfatosenoticias.com.br\/#\/schema\/person\/image\/\",\"url\":\"https:\/\/jornalfatosenoticias.com.br\/wp-content\/uploads\/2025\/05\/EU_portal.jpg\",\"contentUrl\":\"https:\/\/jornalfatosenoticias.com.br\/wp-content\/uploads\/2025\/05\/EU_portal.jpg\",\"caption\":\"Luzimara Fernandes\"},\"description\":\"Jornalista MTB 2358-ES\",\"sameAs\":[\"https:\/\/jornalfatosenoticias.com.br\"],\"url\":\"https:\/\/jornalfatosenoticias.com.br\/index.php\/author\/luzimara\/\"}]}<\/script>\n<!-- \/ Yoast SEO plugin. -->","yoast_head_json":{"title":"Dicas para decora\u00e7\u00e3o de Natal: r\u00fastica e reciclada - Jornal Fatos e Not\u00edcias","robots":{"index":"index","follow":"follow","max-snippet":"max-snippet:-1","max-image-preview":"max-image-preview:large","max-video-preview":"max-video-preview:-1"},"canonical":"https:\/\/jornalfatosenoticias.com.br\/index.php\/2020\/12\/08\/dicas-para-decoracao-de-natal-rustica-e-reciclada\/","og_locale":"pt_BR","og_type":"article","og_title":"Dicas para decora\u00e7\u00e3o de Natal: r\u00fastica e reciclada - Jornal Fatos e Not\u00edcias","og_description":"A cen\u00f3grafa Anna Miranda traz ideias de como reaproveitar objetos e usar elementos naturais Mesmo com a grana curta, \u00e9 poss\u00edvel criar uma decora\u00e7\u00e3o natalina aconchegante e intimista. Abaixo voc\u00ea confere dicas para aproveitar ao m\u00e1ximo tudo o que voc\u00ea j\u00e1 tem em casa para entrar no clima do Natal.Especializada em transformar as ideias de [&hellip;]","og_url":"https:\/\/jornalfatosenoticias.com.br\/index.php\/2020\/12\/08\/dicas-para-decoracao-de-natal-rustica-e-reciclada\/","og_site_name":"Jornal Fatos e Not\u00edcias","article_published_time":"2020-12-08T19:54:12+00:00","article_modified_time":"2020-12-08T19:54:17+00:00","og_image":[{"width":1000,"height":665,"url":"https:\/\/jornalfatosenoticias.com.br\/wp-content\/uploads\/2020\/12\/decor-natalina.jpg","type":"image\/jpeg"}],"author":"Luzimara Fernandes","twitter_card":"summary_large_image","twitter_misc":{"Escrito por":"Luzimara Fernandes","Est. tempo de leitura":"3 minutos"},"schema":{"@context":"https:\/\/schema.org","@graph":[{"@type":"Article","@id":"https:\/\/jornalfatosenoticias.com.br\/index.php\/2020\/12\/08\/dicas-para-decoracao-de-natal-rustica-e-reciclada\/#article","isPartOf":{"@id":"https:\/\/jornalfatosenoticias.com.br\/index.php\/2020\/12\/08\/dicas-para-decoracao-de-natal-rustica-e-reciclada\/"},"author":{"name":"Luzimara Fernandes","@id":"https:\/\/jornalfatosenoticias.com.br\/#\/schema\/person\/d63837fa13ac8666eb9e74e0985d6f81"},"headline":"Dicas para decora\u00e7\u00e3o de Natal: r\u00fastica e reciclada","datePublished":"2020-12-08T19:54:12+00:00","dateModified":"2020-12-08T19:54:17+00:00","mainEntityOfPage":{"@id":"https:\/\/jornalfatosenoticias.com.br\/index.php\/2020\/12\/08\/dicas-para-decoracao-de-natal-rustica-e-reciclada\/"},"wordCount":601,"commentCount":0,"publisher":{"@id":"https:\/\/jornalfatosenoticias.com.br\/#organization"},"image":{"@id":"https:\/\/jornalfatosenoticias.com.br\/index.php\/2020\/12\/08\/dicas-para-decoracao-de-natal-rustica-e-reciclada\/#primaryimage"},"thumbnailUrl":"https:\/\/jornalfatosenoticias.com.br\/wp-content\/uploads\/2020\/12\/decor-natalina.jpg","keywords":["decora\u00e7\u00e3o de Natal","natalina","reciclada","r\u00fastica"],"articleSection":["Bem-estar"],"inLanguage":"pt-BR","potentialAction":[{"@type":"CommentAction","name":"Comment","target":["https:\/\/jornalfatosenoticias.com.br\/index.php\/2020\/12\/08\/dicas-para-decoracao-de-natal-rustica-e-reciclada\/#respond"]}]},{"@type":"WebPage","@id":"https:\/\/jornalfatosenoticias.com.br\/index.php\/2020\/12\/08\/dicas-para-decoracao-de-natal-rustica-e-reciclada\/","url":"https:\/\/jornalfatosenoticias.com.br\/index.php\/2020\/12\/08\/dicas-para-decoracao-de-natal-rustica-e-reciclada\/","name":"Dicas para decora\u00e7\u00e3o de Natal: r\u00fastica e reciclada - Jornal Fatos e Not\u00edcias","isPartOf":{"@id":"https:\/\/jornalfatosenoticias.com.br\/#website"},"primaryImageOfPage":{"@id":"https:\/\/jornalfatosenoticias.com.br\/index.php\/2020\/12\/08\/dicas-para-decoracao-de-natal-rustica-e-reciclada\/#primaryimage"},"image":{"@id":"https:\/\/jornalfatosenoticias.com.br\/index.php\/2020\/12\/08\/dicas-para-decoracao-de-natal-rustica-e-reciclada\/#primaryimage"},"thumbnailUrl":"https:\/\/jornalfatosenoticias.com.br\/wp-content\/uploads\/2020\/12\/decor-natalina.jpg","datePublished":"2020-12-08T19:54:12+00:00","dateModified":"2020-12-08T19:54:17+00:00","breadcrumb":{"@id":"https:\/\/jornalfatosenoticias.com.br\/index.php\/2020\/12\/08\/dicas-para-decoracao-de-natal-rustica-e-reciclada\/#breadcrumb"},"inLanguage":"pt-BR","potentialAction":[{"@type":"ReadAction","target":["https:\/\/jornalfatosenoticias.com.br\/index.php\/2020\/12\/08\/dicas-para-decoracao-de-natal-rustica-e-reciclada\/"]}]},{"@type":"ImageObject","inLanguage":"pt-BR","@id":"https:\/\/jornalfatosenoticias.com.br\/index.php\/2020\/12\/08\/dicas-para-decoracao-de-natal-rustica-e-reciclada\/#primaryimage","url":"https:\/\/jornalfatosenoticias.com.br\/wp-content\/uploads\/2020\/12\/decor-natalina.jpg","contentUrl":"https:\/\/jornalfatosenoticias.com.br\/wp-content\/uploads\/2020\/12\/decor-natalina.jpg","width":1000,"height":665},{"@type":"BreadcrumbList","@id":"https:\/\/jornalfatosenoticias.com.br\/index.php\/2020\/12\/08\/dicas-para-decoracao-de-natal-rustica-e-reciclada\/#breadcrumb","itemListElement":[{"@type":"ListItem","position":1,"name":"In\u00edcio","item":"https:\/\/jornalfatosenoticias.com.br\/"},{"@type":"ListItem","position":2,"name":"Dicas para decora\u00e7\u00e3o de Natal: r\u00fastica e reciclada"}]},{"@type":"WebSite","@id":"https:\/\/jornalfatosenoticias.com.br\/#website","url":"https:\/\/jornalfatosenoticias.com.br\/","name":"Jornal Fatos e Not\u00edcias","description":"Not\u00edcias em geral","publisher":{"@id":"https:\/\/jornalfatosenoticias.com.br\/#organization"},"potentialAction":[{"@type":"SearchAction","target":{"@type":"EntryPoint","urlTemplate":"https:\/\/jornalfatosenoticias.com.br\/?s={search_term_string}"},"query-input":{"@type":"PropertyValueSpecification","valueRequired":true,"valueName":"search_term_string"}}],"inLanguage":"pt-BR"},{"@type":"Organization","@id":"https:\/\/jornalfatosenoticias.com.br\/#organization","name":"Jornal Fatos e Not\u00edcias","url":"https:\/\/jornalfatosenoticias.com.br\/","logo":{"@type":"ImageObject","inLanguage":"pt-BR","@id":"https:\/\/jornalfatosenoticias.com.br\/#\/schema\/logo\/image\/","url":"https:\/\/jornalfatosenoticias.com.br\/wp-content\/uploads\/2020\/02\/logo120.png","contentUrl":"https:\/\/jornalfatosenoticias.com.br\/wp-content\/uploads\/2020\/02\/logo120.png","width":1227,"height":120,"caption":"Jornal Fatos e Not\u00edcias"},"image":{"@id":"https:\/\/jornalfatosenoticias.com.br\/#\/schema\/logo\/image\/"}},{"@type":"Person","@id":"https:\/\/jornalfatosenoticias.com.br\/#\/schema\/person\/d63837fa13ac8666eb9e74e0985d6f81","name":"Luzimara Fernandes","image":{"@type":"ImageObject","inLanguage":"pt-BR","@id":"https:\/\/jornalfatosenoticias.com.br\/#\/schema\/person\/image\/","url":"https:\/\/jornalfatosenoticias.com.br\/wp-content\/uploads\/2025\/05\/EU_portal.jpg","contentUrl":"https:\/\/jornalfatosenoticias.com.br\/wp-content\/uploads\/2025\/05\/EU_portal.jpg","caption":"Luzimara Fernandes"},"description":"Jornalista MTB 2358-ES","sameAs":["https:\/\/jornalfatosenoticias.com.br"],"url":"https:\/\/jornalfatosenoticias.com.br\/index.php\/author\/luzimara\/"}]}},"cc_featured_image_caption":{"caption_text":"(Foto: Mel Poole\/Unsplash)","source_text":"","source_url":""},"jetpack_featured_media_url":"https:\/\/jornalfatosenoticias.com.br\/wp-content\/uploads\/2020\/12\/decor-natalina.jpg","_links":{"self":[{"href":"https:\/\/jornalfatosenoticias.com.br\/index.php\/wp-json\/wp\/v2\/posts\/12216","targetHints":{"allow":["GET"]}}],"collection":[{"href":"https:\/\/jornalfatosenoticias.com.br\/index.php\/wp-json\/wp\/v2\/posts"}],"about":[{"href":"https:\/\/jornalfatosenoticias.com.br\/index.php\/wp-json\/wp\/v2\/types\/post"}],"author":[{"embeddable":true,"href":"https:\/\/jornalfatosenoticias.com.br\/index.php\/wp-json\/wp\/v2\/users\/2"}],"replies":[{"embeddable":true,"href":"https:\/\/jornalfatosenoticias.com.br\/index.php\/wp-json\/wp\/v2\/comments?post=12216"}],"version-history":[{"count":0,"href":"https:\/\/jornalfatosenoticias.com.br\/index.php\/wp-json\/wp\/v2\/posts\/12216\/revisions"}],"wp:featuredmedia":[{"embeddable":true,"href":"https:\/\/jornalfatosenoticias.com.br\/index.php\/wp-json\/wp\/v2\/media\/12225"}],"wp:attachment":[{"href":"https:\/\/jornalfatosenoticias.com.br\/index.php\/wp-json\/wp\/v2\/media?parent=12216"}],"wp:term":[{"taxonomy":"category","embeddable":true,"href":"https:\/\/jornalfatosenoticias.com.br\/index.php\/wp-json\/wp\/v2\/categories?post=12216"},{"taxonomy":"post_tag","embeddable":true,"href":"https:\/\/jornalfatosenoticias.com.br\/index.php\/wp-json\/wp\/v2\/tags?post=12216"}],"curies":[{"name":"wp","href":"https:\/\/api.w.org\/{rel}","templated":true}]}}