{"id":12227,"date":"2020-12-08T17:01:59","date_gmt":"2020-12-08T20:01:59","guid":{"rendered":"https:\/\/jornalfatosenoticias.com.br\/?p=12227"},"modified":"2020-12-08T17:02:04","modified_gmt":"2020-12-08T20:02:04","slug":"volume-de-plasticos-nos-oceanos-pode-triplicar-em-20-anos","status":"publish","type":"post","link":"https:\/\/jornalfatosenoticias.com.br\/index.php\/2020\/12\/08\/volume-de-plasticos-nos-oceanos-pode-triplicar-em-20-anos\/","title":{"rendered":"Volume de pl\u00e1sticos nos oceanos pode triplicar em 20 anos"},"content":{"rendered":"\n<h6 class=\"wp-block-heading\"><em>Atualmente, mais de 11 milh\u00f5es de toneladas de pl\u00e1stico fluem para o oceano a cada ano<\/em><\/h6>\n\n\n\n<p>Estudo realizado pelo Boston Consulting Group (BCG) em parceria com a organiza\u00e7\u00e3o ambiental WWF e a entidade filantr\u00f3pica Ellen MacArthur Foundation revela que o volume global de pl\u00e1stico que entra no oceano deve triplicar nos pr\u00f3ximos 20 anos. Atualmente, mais de 11 milh\u00f5es de toneladas de pl\u00e1stico fluem para o oceano a cada ano e, apesar do crescimento de iniciativas volunt\u00e1rias e regulamenta\u00e7\u00f5es nacionais para combater a polui\u00e7\u00e3o por pl\u00e1sticos, n\u00e3o h\u00e1 sinais de que as taxas de vazamento estejam diminuindo.<br>De acordo com a pesquisa, o pl\u00e1stico \u00e9 visto como o material mais prejudicial ao meio ambiente usado para itens de bens de consumo, com 65% dos consumidores globais associando-o com a polui\u00e7\u00e3o do oceano e 57% considerando-o prejudicial. Os dados ainda indicam que a pandemia refor\u00e7ou a inten\u00e7\u00e3o de reduzir a polui\u00e7\u00e3o e o desperd\u00edcio de pl\u00e1stico. Junto com as mudan\u00e7as de comportamento pessoal, os consumidores tamb\u00e9m solicitam resposta de organiza\u00e7\u00f5es p\u00fablicas e privadas para liderar esse processo.<br>O estudo aponta que a produ\u00e7\u00e3o global de pl\u00e1stico aumentou para mais de 450 milh\u00f5es de toneladas em 2018 e, com base no crescimento atual, a proje\u00e7\u00e3o \u00e9 que o volume triplique at\u00e9 2050. O pl\u00e1stico tem baixos custos de produ\u00e7\u00e3o e propriedades que o torna um excelente material para uma ampla gama de aplica\u00e7\u00f5es, inclusive para bens de consumo de movimento r\u00e1pido. Ele tamb\u00e9m trouxe o benef\u00edcio de proteger a sa\u00fade humana durante crises cr\u00edticas, como a pandemia de coronav\u00edrus, ao atender a crit\u00e9rios de descartabilidade e higiene. No setor de sa\u00fade, por exemplo, o uso \u00fanico de luvas cir\u00fargicas e seringas reduziram os riscos de infec\u00e7\u00f5es.<br>O n\u00famero de pa\u00edses que implementam regulamentos sobre itens de pl\u00e1stico de uso \u00fanico dobrou nos \u00faltimos cinco anos. Isso inclui proibi\u00e7\u00f5es nacionais ou impostos sobre sacolas pl\u00e1sticas ou outros itens como canudos de pl\u00e1stico e talheres. Tais regulamentos j\u00e1 foram adotados em pelo menos 115 pa\u00edses ao redor do mundo em 2020 e mais 22 pa\u00edses declararam inten\u00e7\u00e3o de aplicar regulamentos semelhantes at\u00e9 2021. Hoje, os 137 pa\u00edses que aprovaram ou planejam adotar os regulamentos relacionados ao uso de pl\u00e1stico at\u00e9 2021 representam 6,6 bilh\u00f5es de pessoas \u2013 ou 86% da popula\u00e7\u00e3o e 93% do PIB globais.<\/p>\n\n\n\n<div class=\"wp-block-image\"><figure class=\"alignleft size-large is-resized\"><img loading=\"lazy\" decoding=\"async\" src=\"https:\/\/jornalfatosenoticias.com.br\/wp-content\/uploads\/2020\/12\/volume-plastico-Brian-Yurasits_Unsplash.jpg\" alt=\"\" class=\"wp-image-12228\" width=\"342\" height=\"227\" srcset=\"https:\/\/jornalfatosenoticias.com.br\/wp-content\/uploads\/2020\/12\/volume-plastico-Brian-Yurasits_Unsplash.jpg 630w, https:\/\/jornalfatosenoticias.com.br\/wp-content\/uploads\/2020\/12\/volume-plastico-Brian-Yurasits_Unsplash-300x200.jpg 300w\" sizes=\"auto, (max-width: 342px) 100vw, 342px\" \/><figcaption><em>(Foto: Brian Yurasits\/Unsplash)<\/em><\/figcaption><\/figure><\/div>\n\n\n\n<p>No entanto, a menos que todos os setores sejam capazes de trabalhar juntos para eliminar o uso, aumentar radicalmente os n\u00edveis de reciclagem e interromper os vazamentos no sistema atual, o pl\u00e1stico continuar\u00e1 a poluir os ecossistemas e gerar\u00e1 danos ecol\u00f3gicos, sociais e econ\u00f4micos significativos. Neste sentido, o estudo ressalta que uma resposta global coordenada na forma de um tratado da Organiza\u00e7\u00e3o das Na\u00e7\u00f5es Unidas (ONU) \u00e9 necess\u00e1ria para ajudar governos e empresas a nivelar o campo de atua\u00e7\u00e3o e promover mudan\u00e7as em grande escala.<br>O acordo pode criar condi\u00e7\u00f5es que permitam eliminar o vazamento de pl\u00e1stico para o oceano. Definir os objetivos gerais, incluindo uma meta com limite de tempo com uma data espec\u00edfica \u00e9 um primeiro passo significativo. Um tratado eficaz pode ser fundamental para abordar as quatro barreiras principais identificadas: fragmenta\u00e7\u00e3o de iniciativas volunt\u00e1rias, desalinhamento de regulamentos, falta de dados e lacunas de capacidade estrutural.<br>O estudo pode ser acessado na \u00edntegra por meio <a href=\"https:\/\/lp.panda.org\/plastic-pollution-report\" target=\"_blank\" rel=\"noreferrer noopener\">deste link<\/a>.<\/p>\n\n\n\n<p><strong><em>Fonte: <a href=\"https:\/\/ciclovivo.com.br\/planeta\/meio-ambiente\/plasticos-nos-oceanos-triplicar-20\/\">CicloVivo<\/a><\/em><\/strong><\/p>\n","protected":false},"excerpt":{"rendered":"<p>Atualmente, mais de 11 milh\u00f5es de toneladas de pl\u00e1stico fluem para o oceano a cada ano Estudo realizado pelo Boston Consulting Group (BCG) em parceria com a organiza\u00e7\u00e3o ambiental WWF e a entidade filantr\u00f3pica Ellen MacArthur Foundation revela que o volume global de pl\u00e1stico que entra no oceano deve triplicar nos pr\u00f3ximos 20 anos. Atualmente, [&hellip;]<\/p>\n","protected":false},"author":2,"featured_media":12229,"comment_status":"open","ping_status":"open","sticky":false,"template":"","format":"standard","meta":{"footnotes":""},"categories":[8],"tags":[945,2042,6406],"class_list":["post-12227","post","type-post","status-publish","format-standard","has-post-thumbnail","hentry","category-meio-ambiente","tag-meio-ambiente","tag-oceanos","tag-plasticos-no-oceano"],"yoast_head":"<!-- This site is optimized with the Yoast SEO plugin v26.5 - https:\/\/yoast.com\/wordpress\/plugins\/seo\/ -->\n<title>Volume de pl\u00e1sticos nos oceanos pode triplicar em 20 anos - Jornal Fatos e Not\u00edcias<\/title>\n<meta name=\"robots\" content=\"index, follow, max-snippet:-1, max-image-preview:large, max-video-preview:-1\" \/>\n<link rel=\"canonical\" href=\"https:\/\/jornalfatosenoticias.com.br\/index.php\/2020\/12\/08\/volume-de-plasticos-nos-oceanos-pode-triplicar-em-20-anos\/\" \/>\n<meta property=\"og:locale\" content=\"pt_BR\" \/>\n<meta property=\"og:type\" content=\"article\" \/>\n<meta property=\"og:title\" content=\"Volume de pl\u00e1sticos nos oceanos pode triplicar em 20 anos - Jornal Fatos e Not\u00edcias\" \/>\n<meta property=\"og:description\" content=\"Atualmente, mais de 11 milh\u00f5es de toneladas de pl\u00e1stico fluem para o oceano a cada ano Estudo realizado pelo Boston Consulting Group (BCG) em parceria com a organiza\u00e7\u00e3o ambiental WWF e a entidade filantr\u00f3pica Ellen MacArthur Foundation revela que o volume global de pl\u00e1stico que entra no oceano deve triplicar nos pr\u00f3ximos 20 anos. Atualmente, [&hellip;]\" \/>\n<meta property=\"og:url\" content=\"https:\/\/jornalfatosenoticias.com.br\/index.php\/2020\/12\/08\/volume-de-plasticos-nos-oceanos-pode-triplicar-em-20-anos\/\" \/>\n<meta property=\"og:site_name\" content=\"Jornal Fatos e Not\u00edcias\" \/>\n<meta property=\"article:published_time\" content=\"2020-12-08T20:01:59+00:00\" \/>\n<meta property=\"article:modified_time\" content=\"2020-12-08T20:02:04+00:00\" \/>\n<meta property=\"og:image\" content=\"https:\/\/jornalfatosenoticias.com.br\/wp-content\/uploads\/2020\/12\/plastico-oceano-tanvi-sharma_unsplash.jpg\" \/>\n\t<meta property=\"og:image:width\" content=\"1000\" \/>\n\t<meta property=\"og:image:height\" content=\"577\" \/>\n\t<meta property=\"og:image:type\" content=\"image\/jpeg\" \/>\n<meta name=\"author\" content=\"Luzimara Fernandes\" \/>\n<meta name=\"twitter:card\" content=\"summary_large_image\" \/>\n<meta name=\"twitter:label1\" content=\"Escrito por\" \/>\n\t<meta name=\"twitter:data1\" content=\"Luzimara Fernandes\" \/>\n\t<meta name=\"twitter:label2\" content=\"Est. tempo de leitura\" \/>\n\t<meta name=\"twitter:data2\" content=\"3 minutos\" \/>\n<script type=\"application\/ld+json\" class=\"yoast-schema-graph\">{\"@context\":\"https:\/\/schema.org\",\"@graph\":[{\"@type\":\"Article\",\"@id\":\"https:\/\/jornalfatosenoticias.com.br\/index.php\/2020\/12\/08\/volume-de-plasticos-nos-oceanos-pode-triplicar-em-20-anos\/#article\",\"isPartOf\":{\"@id\":\"https:\/\/jornalfatosenoticias.com.br\/index.php\/2020\/12\/08\/volume-de-plasticos-nos-oceanos-pode-triplicar-em-20-anos\/\"},\"author\":{\"name\":\"Luzimara Fernandes\",\"@id\":\"https:\/\/jornalfatosenoticias.com.br\/#\/schema\/person\/d63837fa13ac8666eb9e74e0985d6f81\"},\"headline\":\"Volume de pl\u00e1sticos nos oceanos pode triplicar em 20 anos\",\"datePublished\":\"2020-12-08T20:01:59+00:00\",\"dateModified\":\"2020-12-08T20:02:04+00:00\",\"mainEntityOfPage\":{\"@id\":\"https:\/\/jornalfatosenoticias.com.br\/index.php\/2020\/12\/08\/volume-de-plasticos-nos-oceanos-pode-triplicar-em-20-anos\/\"},\"wordCount\":603,\"commentCount\":0,\"publisher\":{\"@id\":\"https:\/\/jornalfatosenoticias.com.br\/#organization\"},\"image\":{\"@id\":\"https:\/\/jornalfatosenoticias.com.br\/index.php\/2020\/12\/08\/volume-de-plasticos-nos-oceanos-pode-triplicar-em-20-anos\/#primaryimage\"},\"thumbnailUrl\":\"https:\/\/jornalfatosenoticias.com.br\/wp-content\/uploads\/2020\/12\/plastico-oceano-tanvi-sharma_unsplash.jpg\",\"keywords\":[\"meio ambiente\",\"oceanos\",\"pl\u00e1sticos no oceano\"],\"articleSection\":[\"Meio ambiente\"],\"inLanguage\":\"pt-BR\",\"potentialAction\":[{\"@type\":\"CommentAction\",\"name\":\"Comment\",\"target\":[\"https:\/\/jornalfatosenoticias.com.br\/index.php\/2020\/12\/08\/volume-de-plasticos-nos-oceanos-pode-triplicar-em-20-anos\/#respond\"]}]},{\"@type\":\"WebPage\",\"@id\":\"https:\/\/jornalfatosenoticias.com.br\/index.php\/2020\/12\/08\/volume-de-plasticos-nos-oceanos-pode-triplicar-em-20-anos\/\",\"url\":\"https:\/\/jornalfatosenoticias.com.br\/index.php\/2020\/12\/08\/volume-de-plasticos-nos-oceanos-pode-triplicar-em-20-anos\/\",\"name\":\"Volume de pl\u00e1sticos nos oceanos pode triplicar em 20 anos - Jornal Fatos e Not\u00edcias\",\"isPartOf\":{\"@id\":\"https:\/\/jornalfatosenoticias.com.br\/#website\"},\"primaryImageOfPage\":{\"@id\":\"https:\/\/jornalfatosenoticias.com.br\/index.php\/2020\/12\/08\/volume-de-plasticos-nos-oceanos-pode-triplicar-em-20-anos\/#primaryimage\"},\"image\":{\"@id\":\"https:\/\/jornalfatosenoticias.com.br\/index.php\/2020\/12\/08\/volume-de-plasticos-nos-oceanos-pode-triplicar-em-20-anos\/#primaryimage\"},\"thumbnailUrl\":\"https:\/\/jornalfatosenoticias.com.br\/wp-content\/uploads\/2020\/12\/plastico-oceano-tanvi-sharma_unsplash.jpg\",\"datePublished\":\"2020-12-08T20:01:59+00:00\",\"dateModified\":\"2020-12-08T20:02:04+00:00\",\"breadcrumb\":{\"@id\":\"https:\/\/jornalfatosenoticias.com.br\/index.php\/2020\/12\/08\/volume-de-plasticos-nos-oceanos-pode-triplicar-em-20-anos\/#breadcrumb\"},\"inLanguage\":\"pt-BR\",\"potentialAction\":[{\"@type\":\"ReadAction\",\"target\":[\"https:\/\/jornalfatosenoticias.com.br\/index.php\/2020\/12\/08\/volume-de-plasticos-nos-oceanos-pode-triplicar-em-20-anos\/\"]}]},{\"@type\":\"ImageObject\",\"inLanguage\":\"pt-BR\",\"@id\":\"https:\/\/jornalfatosenoticias.com.br\/index.php\/2020\/12\/08\/volume-de-plasticos-nos-oceanos-pode-triplicar-em-20-anos\/#primaryimage\",\"url\":\"https:\/\/jornalfatosenoticias.com.br\/wp-content\/uploads\/2020\/12\/plastico-oceano-tanvi-sharma_unsplash.jpg\",\"contentUrl\":\"https:\/\/jornalfatosenoticias.com.br\/wp-content\/uploads\/2020\/12\/plastico-oceano-tanvi-sharma_unsplash.jpg\",\"width\":1000,\"height\":577},{\"@type\":\"BreadcrumbList\",\"@id\":\"https:\/\/jornalfatosenoticias.com.br\/index.php\/2020\/12\/08\/volume-de-plasticos-nos-oceanos-pode-triplicar-em-20-anos\/#breadcrumb\",\"itemListElement\":[{\"@type\":\"ListItem\",\"position\":1,\"name\":\"In\u00edcio\",\"item\":\"https:\/\/jornalfatosenoticias.com.br\/\"},{\"@type\":\"ListItem\",\"position\":2,\"name\":\"Volume de pl\u00e1sticos nos oceanos pode triplicar em 20 anos\"}]},{\"@type\":\"WebSite\",\"@id\":\"https:\/\/jornalfatosenoticias.com.br\/#website\",\"url\":\"https:\/\/jornalfatosenoticias.com.br\/\",\"name\":\"Jornal Fatos e Not\u00edcias\",\"description\":\"Not\u00edcias em geral\",\"publisher\":{\"@id\":\"https:\/\/jornalfatosenoticias.com.br\/#organization\"},\"potentialAction\":[{\"@type\":\"SearchAction\",\"target\":{\"@type\":\"EntryPoint\",\"urlTemplate\":\"https:\/\/jornalfatosenoticias.com.br\/?s={search_term_string}\"},\"query-input\":{\"@type\":\"PropertyValueSpecification\",\"valueRequired\":true,\"valueName\":\"search_term_string\"}}],\"inLanguage\":\"pt-BR\"},{\"@type\":\"Organization\",\"@id\":\"https:\/\/jornalfatosenoticias.com.br\/#organization\",\"name\":\"Jornal Fatos e Not\u00edcias\",\"url\":\"https:\/\/jornalfatosenoticias.com.br\/\",\"logo\":{\"@type\":\"ImageObject\",\"inLanguage\":\"pt-BR\",\"@id\":\"https:\/\/jornalfatosenoticias.com.br\/#\/schema\/logo\/image\/\",\"url\":\"https:\/\/jornalfatosenoticias.com.br\/wp-content\/uploads\/2020\/02\/logo120.png\",\"contentUrl\":\"https:\/\/jornalfatosenoticias.com.br\/wp-content\/uploads\/2020\/02\/logo120.png\",\"width\":1227,\"height\":120,\"caption\":\"Jornal Fatos e Not\u00edcias\"},\"image\":{\"@id\":\"https:\/\/jornalfatosenoticias.com.br\/#\/schema\/logo\/image\/\"}},{\"@type\":\"Person\",\"@id\":\"https:\/\/jornalfatosenoticias.com.br\/#\/schema\/person\/d63837fa13ac8666eb9e74e0985d6f81\",\"name\":\"Luzimara Fernandes\",\"image\":{\"@type\":\"ImageObject\",\"inLanguage\":\"pt-BR\",\"@id\":\"https:\/\/jornalfatosenoticias.com.br\/#\/schema\/person\/image\/\",\"url\":\"https:\/\/jornalfatosenoticias.com.br\/wp-content\/uploads\/2025\/05\/EU_portal.jpg\",\"contentUrl\":\"https:\/\/jornalfatosenoticias.com.br\/wp-content\/uploads\/2025\/05\/EU_portal.jpg\",\"caption\":\"Luzimara Fernandes\"},\"description\":\"Jornalista MTB 2358-ES\",\"sameAs\":[\"https:\/\/jornalfatosenoticias.com.br\"],\"url\":\"https:\/\/jornalfatosenoticias.com.br\/index.php\/author\/luzimara\/\"}]}<\/script>\n<!-- \/ Yoast SEO plugin. -->","yoast_head_json":{"title":"Volume de pl\u00e1sticos nos oceanos pode triplicar em 20 anos - Jornal Fatos e Not\u00edcias","robots":{"index":"index","follow":"follow","max-snippet":"max-snippet:-1","max-image-preview":"max-image-preview:large","max-video-preview":"max-video-preview:-1"},"canonical":"https:\/\/jornalfatosenoticias.com.br\/index.php\/2020\/12\/08\/volume-de-plasticos-nos-oceanos-pode-triplicar-em-20-anos\/","og_locale":"pt_BR","og_type":"article","og_title":"Volume de pl\u00e1sticos nos oceanos pode triplicar em 20 anos - Jornal Fatos e Not\u00edcias","og_description":"Atualmente, mais de 11 milh\u00f5es de toneladas de pl\u00e1stico fluem para o oceano a cada ano Estudo realizado pelo Boston Consulting Group (BCG) em parceria com a organiza\u00e7\u00e3o ambiental WWF e a entidade filantr\u00f3pica Ellen MacArthur Foundation revela que o volume global de pl\u00e1stico que entra no oceano deve triplicar nos pr\u00f3ximos 20 anos. Atualmente, [&hellip;]","og_url":"https:\/\/jornalfatosenoticias.com.br\/index.php\/2020\/12\/08\/volume-de-plasticos-nos-oceanos-pode-triplicar-em-20-anos\/","og_site_name":"Jornal Fatos e Not\u00edcias","article_published_time":"2020-12-08T20:01:59+00:00","article_modified_time":"2020-12-08T20:02:04+00:00","og_image":[{"width":1000,"height":577,"url":"https:\/\/jornalfatosenoticias.com.br\/wp-content\/uploads\/2020\/12\/plastico-oceano-tanvi-sharma_unsplash.jpg","type":"image\/jpeg"}],"author":"Luzimara Fernandes","twitter_card":"summary_large_image","twitter_misc":{"Escrito por":"Luzimara Fernandes","Est. tempo de leitura":"3 minutos"},"schema":{"@context":"https:\/\/schema.org","@graph":[{"@type":"Article","@id":"https:\/\/jornalfatosenoticias.com.br\/index.php\/2020\/12\/08\/volume-de-plasticos-nos-oceanos-pode-triplicar-em-20-anos\/#article","isPartOf":{"@id":"https:\/\/jornalfatosenoticias.com.br\/index.php\/2020\/12\/08\/volume-de-plasticos-nos-oceanos-pode-triplicar-em-20-anos\/"},"author":{"name":"Luzimara Fernandes","@id":"https:\/\/jornalfatosenoticias.com.br\/#\/schema\/person\/d63837fa13ac8666eb9e74e0985d6f81"},"headline":"Volume de pl\u00e1sticos nos oceanos pode triplicar em 20 anos","datePublished":"2020-12-08T20:01:59+00:00","dateModified":"2020-12-08T20:02:04+00:00","mainEntityOfPage":{"@id":"https:\/\/jornalfatosenoticias.com.br\/index.php\/2020\/12\/08\/volume-de-plasticos-nos-oceanos-pode-triplicar-em-20-anos\/"},"wordCount":603,"commentCount":0,"publisher":{"@id":"https:\/\/jornalfatosenoticias.com.br\/#organization"},"image":{"@id":"https:\/\/jornalfatosenoticias.com.br\/index.php\/2020\/12\/08\/volume-de-plasticos-nos-oceanos-pode-triplicar-em-20-anos\/#primaryimage"},"thumbnailUrl":"https:\/\/jornalfatosenoticias.com.br\/wp-content\/uploads\/2020\/12\/plastico-oceano-tanvi-sharma_unsplash.jpg","keywords":["meio ambiente","oceanos","pl\u00e1sticos no oceano"],"articleSection":["Meio ambiente"],"inLanguage":"pt-BR","potentialAction":[{"@type":"CommentAction","name":"Comment","target":["https:\/\/jornalfatosenoticias.com.br\/index.php\/2020\/12\/08\/volume-de-plasticos-nos-oceanos-pode-triplicar-em-20-anos\/#respond"]}]},{"@type":"WebPage","@id":"https:\/\/jornalfatosenoticias.com.br\/index.php\/2020\/12\/08\/volume-de-plasticos-nos-oceanos-pode-triplicar-em-20-anos\/","url":"https:\/\/jornalfatosenoticias.com.br\/index.php\/2020\/12\/08\/volume-de-plasticos-nos-oceanos-pode-triplicar-em-20-anos\/","name":"Volume de pl\u00e1sticos nos oceanos pode triplicar em 20 anos - Jornal Fatos e Not\u00edcias","isPartOf":{"@id":"https:\/\/jornalfatosenoticias.com.br\/#website"},"primaryImageOfPage":{"@id":"https:\/\/jornalfatosenoticias.com.br\/index.php\/2020\/12\/08\/volume-de-plasticos-nos-oceanos-pode-triplicar-em-20-anos\/#primaryimage"},"image":{"@id":"https:\/\/jornalfatosenoticias.com.br\/index.php\/2020\/12\/08\/volume-de-plasticos-nos-oceanos-pode-triplicar-em-20-anos\/#primaryimage"},"thumbnailUrl":"https:\/\/jornalfatosenoticias.com.br\/wp-content\/uploads\/2020\/12\/plastico-oceano-tanvi-sharma_unsplash.jpg","datePublished":"2020-12-08T20:01:59+00:00","dateModified":"2020-12-08T20:02:04+00:00","breadcrumb":{"@id":"https:\/\/jornalfatosenoticias.com.br\/index.php\/2020\/12\/08\/volume-de-plasticos-nos-oceanos-pode-triplicar-em-20-anos\/#breadcrumb"},"inLanguage":"pt-BR","potentialAction":[{"@type":"ReadAction","target":["https:\/\/jornalfatosenoticias.com.br\/index.php\/2020\/12\/08\/volume-de-plasticos-nos-oceanos-pode-triplicar-em-20-anos\/"]}]},{"@type":"ImageObject","inLanguage":"pt-BR","@id":"https:\/\/jornalfatosenoticias.com.br\/index.php\/2020\/12\/08\/volume-de-plasticos-nos-oceanos-pode-triplicar-em-20-anos\/#primaryimage","url":"https:\/\/jornalfatosenoticias.com.br\/wp-content\/uploads\/2020\/12\/plastico-oceano-tanvi-sharma_unsplash.jpg","contentUrl":"https:\/\/jornalfatosenoticias.com.br\/wp-content\/uploads\/2020\/12\/plastico-oceano-tanvi-sharma_unsplash.jpg","width":1000,"height":577},{"@type":"BreadcrumbList","@id":"https:\/\/jornalfatosenoticias.com.br\/index.php\/2020\/12\/08\/volume-de-plasticos-nos-oceanos-pode-triplicar-em-20-anos\/#breadcrumb","itemListElement":[{"@type":"ListItem","position":1,"name":"In\u00edcio","item":"https:\/\/jornalfatosenoticias.com.br\/"},{"@type":"ListItem","position":2,"name":"Volume de pl\u00e1sticos nos oceanos pode triplicar em 20 anos"}]},{"@type":"WebSite","@id":"https:\/\/jornalfatosenoticias.com.br\/#website","url":"https:\/\/jornalfatosenoticias.com.br\/","name":"Jornal Fatos e Not\u00edcias","description":"Not\u00edcias em geral","publisher":{"@id":"https:\/\/jornalfatosenoticias.com.br\/#organization"},"potentialAction":[{"@type":"SearchAction","target":{"@type":"EntryPoint","urlTemplate":"https:\/\/jornalfatosenoticias.com.br\/?s={search_term_string}"},"query-input":{"@type":"PropertyValueSpecification","valueRequired":true,"valueName":"search_term_string"}}],"inLanguage":"pt-BR"},{"@type":"Organization","@id":"https:\/\/jornalfatosenoticias.com.br\/#organization","name":"Jornal Fatos e Not\u00edcias","url":"https:\/\/jornalfatosenoticias.com.br\/","logo":{"@type":"ImageObject","inLanguage":"pt-BR","@id":"https:\/\/jornalfatosenoticias.com.br\/#\/schema\/logo\/image\/","url":"https:\/\/jornalfatosenoticias.com.br\/wp-content\/uploads\/2020\/02\/logo120.png","contentUrl":"https:\/\/jornalfatosenoticias.com.br\/wp-content\/uploads\/2020\/02\/logo120.png","width":1227,"height":120,"caption":"Jornal Fatos e Not\u00edcias"},"image":{"@id":"https:\/\/jornalfatosenoticias.com.br\/#\/schema\/logo\/image\/"}},{"@type":"Person","@id":"https:\/\/jornalfatosenoticias.com.br\/#\/schema\/person\/d63837fa13ac8666eb9e74e0985d6f81","name":"Luzimara Fernandes","image":{"@type":"ImageObject","inLanguage":"pt-BR","@id":"https:\/\/jornalfatosenoticias.com.br\/#\/schema\/person\/image\/","url":"https:\/\/jornalfatosenoticias.com.br\/wp-content\/uploads\/2025\/05\/EU_portal.jpg","contentUrl":"https:\/\/jornalfatosenoticias.com.br\/wp-content\/uploads\/2025\/05\/EU_portal.jpg","caption":"Luzimara Fernandes"},"description":"Jornalista MTB 2358-ES","sameAs":["https:\/\/jornalfatosenoticias.com.br"],"url":"https:\/\/jornalfatosenoticias.com.br\/index.php\/author\/luzimara\/"}]}},"cc_featured_image_caption":{"caption_text":"(Foto: Tanvi Sharma\/Unsplash)","source_text":"","source_url":""},"jetpack_featured_media_url":"https:\/\/jornalfatosenoticias.com.br\/wp-content\/uploads\/2020\/12\/plastico-oceano-tanvi-sharma_unsplash.jpg","_links":{"self":[{"href":"https:\/\/jornalfatosenoticias.com.br\/index.php\/wp-json\/wp\/v2\/posts\/12227","targetHints":{"allow":["GET"]}}],"collection":[{"href":"https:\/\/jornalfatosenoticias.com.br\/index.php\/wp-json\/wp\/v2\/posts"}],"about":[{"href":"https:\/\/jornalfatosenoticias.com.br\/index.php\/wp-json\/wp\/v2\/types\/post"}],"author":[{"embeddable":true,"href":"https:\/\/jornalfatosenoticias.com.br\/index.php\/wp-json\/wp\/v2\/users\/2"}],"replies":[{"embeddable":true,"href":"https:\/\/jornalfatosenoticias.com.br\/index.php\/wp-json\/wp\/v2\/comments?post=12227"}],"version-history":[{"count":0,"href":"https:\/\/jornalfatosenoticias.com.br\/index.php\/wp-json\/wp\/v2\/posts\/12227\/revisions"}],"wp:featuredmedia":[{"embeddable":true,"href":"https:\/\/jornalfatosenoticias.com.br\/index.php\/wp-json\/wp\/v2\/media\/12229"}],"wp:attachment":[{"href":"https:\/\/jornalfatosenoticias.com.br\/index.php\/wp-json\/wp\/v2\/media?parent=12227"}],"wp:term":[{"taxonomy":"category","embeddable":true,"href":"https:\/\/jornalfatosenoticias.com.br\/index.php\/wp-json\/wp\/v2\/categories?post=12227"},{"taxonomy":"post_tag","embeddable":true,"href":"https:\/\/jornalfatosenoticias.com.br\/index.php\/wp-json\/wp\/v2\/tags?post=12227"}],"curies":[{"name":"wp","href":"https:\/\/api.w.org\/{rel}","templated":true}]}}