{"id":12238,"date":"2020-12-08T17:25:32","date_gmt":"2020-12-08T20:25:32","guid":{"rendered":"https:\/\/jornalfatosenoticias.com.br\/?p=12238"},"modified":"2020-12-08T17:25:39","modified_gmt":"2020-12-08T20:25:39","slug":"proteina-cerebral-pode-ajudar-a-tratar-mal-de-parkinson","status":"publish","type":"post","link":"https:\/\/jornalfatosenoticias.com.br\/index.php\/2020\/12\/08\/proteina-cerebral-pode-ajudar-a-tratar-mal-de-parkinson\/","title":{"rendered":"Prote\u00edna cerebral pode ajudar a tratar Mal de Parkinson"},"content":{"rendered":"\n<p>Causado pela perda gradual de <a rel=\"noreferrer noopener\" href=\"https:\/\/facultyopinions.com\/prime\/reports\/b\/2\/2\/\" target=\"_blank\">neur\u00f4nios de dopamina<\/a>, o Mal de\u00a0<a rel=\"noreferrer noopener\" href=\"https:\/\/olhardigital.com.br\/2020\/09\/23\/coronavirus\/israel-registra-1-possivel-caso-de-parkinson-relacionado-a-covid-19\/\" target=\"_blank\">Parkinson<\/a>\u00a0afeta\u00a0<a rel=\"noreferrer noopener\" href=\"https:\/\/link.springer.com\/article\/10.1007\/s00702-017-1686-y\" target=\"_blank\">mais de 10 milh\u00f5es de pessoas<\/a>\u00a0em todo o mundo. A perda desses\u00a0<a rel=\"noreferrer noopener\" href=\"https:\/\/olhardigital.com.br\/2020\/10\/20\/noticias\/pesquisa-cria-neuronios-que-brilham-quando-recebem-sinais-eletricos\/\" target=\"_blank\">neur\u00f4nios<\/a> gera dificuldades de equil\u00edbrio, tremores involunt\u00e1rios e rigidez muscular. Por enquanto, ainda n\u00e3o h\u00e1 um tratamento que desacelere a progress\u00e3o da doen\u00e7a, apenas medicamentos para atenuar os sintomas. Entretanto, cientistas descobriram uma prote\u00edna cerebral capaz de prevenir a perda de neur\u00f4nios dopamin\u00e9rgicos. A descoberta pode representar um primeiro passo de um poss\u00edvel tratamento.<br>Pesquisadores v\u00eam investigando o <a rel=\"noreferrer noopener\" href=\"https:\/\/www.cell.com\/trends\/pharmacological-sciences\/fulltext\/S0165-6147(20)30217-0?_returnURL=https%3A%2F%2Flinkinghub.elsevier.com%2Fretrieve%2Fpii%2FS0165614720302170%3Fshowall%3Dtrue\" target=\"_blank\">uso de fatores neurotr\u00f3ficos<\/a>\u00a0para retardar a progress\u00e3o do Mal de Parkinson h\u00e1 muitos anos. Essas prote\u00ednas normalmente s\u00e3o encontradas no\u00a0<a rel=\"noreferrer noopener\" href=\"https:\/\/olhardigital.com.br\/2020\/09\/10\/ciencia-e-espaco\/cerebro-de-astronautas-sao-reorganizados-no-espaco-aponta-estudo\/\" target=\"_blank\">c\u00e9rebro<\/a> e desempenham um papel importante de nutri\u00e7\u00e3o e prote\u00e7\u00e3o de diferentes tipos de neur\u00f4nios, incluindo os dopamin\u00e9rgicos, essenciais no controle dos movimentos.<br>Em 1993, descobriu-se que um fator neurotr\u00f3fico, chamado de fator neurotr\u00f3fico derivado da linha de c\u00e9lulas gliais (<a rel=\"noreferrer noopener\" href=\"https:\/\/science.sciencemag.org\/content\/260\/5111\/1130.long\" target=\"_blank\">GDNF<\/a>), protegia os neur\u00f4nios de dopamina em testes laboratoriais. Ap\u00f3s extensos estudos, foi comprovado que o GDNF apresenta muitos benef\u00edcios. Ent\u00e3o, no in\u00edcio dos anos 2000, come\u00e7aram os ensaios cl\u00ednicos.<\/p>\n\n\n\n<figure class=\"wp-block-image size-large\"><img loading=\"lazy\" decoding=\"async\" width=\"1000\" height=\"671\" src=\"https:\/\/jornalfatosenoticias.com.br\/wp-content\/uploads\/2020\/12\/Parkinson_shutterstock.jpg\" alt=\"\" class=\"wp-image-12240\" srcset=\"https:\/\/jornalfatosenoticias.com.br\/wp-content\/uploads\/2020\/12\/Parkinson_shutterstock.jpg 1000w, https:\/\/jornalfatosenoticias.com.br\/wp-content\/uploads\/2020\/12\/Parkinson_shutterstock-300x201.jpg 300w, https:\/\/jornalfatosenoticias.com.br\/wp-content\/uploads\/2020\/12\/Parkinson_shutterstock-768x515.jpg 768w\" sizes=\"auto, (max-width: 1000px) 100vw, 1000px\" \/><figcaption><em>Mal de Parkinson causa tremores involunt\u00e1rios (Foto: Jne Valokuvaus\/Shutterstock)<\/em><\/figcaption><\/figure>\n\n\n\n<p>Nestes ensaios, o GDNF era aplicado diretamente em c\u00e9rebros de pacientes com Mal de Parkinson. Os <a rel=\"noreferrer noopener\" href=\"https:\/\/thejns.org\/view\/journals\/j-neurosurg\/102\/2\/article-p216.xml\" target=\"_blank\">primeiros testes<\/a>, apesar do n\u00famero reduzido de cobaias, j\u00e1 apresentavam\u00a0<a rel=\"noreferrer noopener\" href=\"https:\/\/www.nature.com\/articles\/nm850\" target=\"_blank\">resultados promissores<\/a>. Incentivados, pesquisadores foram em busca de fatores neurotr\u00f3ficos para combater a doen\u00e7a.<br>Para comprovar que um tratamento \u00e9 eficaz, entretanto, ele deve passar por estudos cl\u00ednicos nos quais pacientes s\u00e3o se dividem aleatoriamente: uma parcela recebe o medicamento, e outro grupo, um placebo. Apesar do ensaio estabelecido, o tratamento com GDNF <a rel=\"noreferrer noopener\" href=\"https:\/\/onlinelibrary.wiley.com\/doi\/abs\/10.1002\/ana.20737\" target=\"_blank\">n\u00e3o mostrou melhora<\/a> significativa nos sintomas de pacientes com Parkinson, se comparado \u00e0queles que receberam placebo.<br>Apesar das tentativas de melhorar a entrega de GDNF ao c\u00e9rebro, um ensaio cl\u00ednico de 2019 produziu <a href=\"https:\/\/academic.oup.com\/brain\/article\/142\/3\/512\/5365284\" target=\"_blank\" rel=\"noreferrer noopener\">resultados decepcionantes<\/a>. Esse foi um grande golpe para a comunidade de Parkinson e levou os cientistas a questionar a efic\u00e1cia dos fatores neurotr\u00f3ficos.<\/p>\n\n\n\n<figure class=\"wp-block-image size-large\"><img loading=\"lazy\" decoding=\"async\" width=\"1000\" height=\"803\" src=\"https:\/\/jornalfatosenoticias.com.br\/wp-content\/uploads\/2020\/12\/neuronios.jpg\" alt=\"\" class=\"wp-image-12241\" srcset=\"https:\/\/jornalfatosenoticias.com.br\/wp-content\/uploads\/2020\/12\/neuronios.jpg 1000w, https:\/\/jornalfatosenoticias.com.br\/wp-content\/uploads\/2020\/12\/neuronios-300x241.jpg 300w, https:\/\/jornalfatosenoticias.com.br\/wp-content\/uploads\/2020\/12\/neuronios-768x617.jpg 768w\" sizes=\"auto, (max-width: 1000px) 100vw, 1000px\" \/><figcaption><em>Mol\u00e9cula de fator neurotr\u00f3fico derivado do c\u00e9rebro (BDNF) (Foto: StudioMolekuul\/Shutterstock)<\/em><\/figcaption><\/figure>\n\n\n\n<h4 class=\"wp-block-heading\">GDF5<\/h4>\n\n\n\n<p>Contudo, outro fator neurotr\u00f3fico, chamado GDF5, revelou-se promissor. Ele \u00e9 relacionado ao GDNF, mas atua de forma diferente nos neur\u00f4nios dopamin\u00e9rgicos, desempenhando um papel importante em seu desenvolvimento e funcionamento. Os efeitos protetores do GDF5, de acordo com a pesquisa, s\u00e3o t\u00e3o potentes quanto aos do GDNF.<br>O estudo publicado na revista <a rel=\"noreferrer noopener\" href=\"https:\/\/academic.oup.com\/brain\/advance-article\/doi\/10.1093\/brain\/awaa367\/6012791\" target=\"_blank\"><em>Brain<\/em><\/a> descobriu que o GDF5 teve efeitos ben\u00e9ficos em ratos, nos quais o GDNF j\u00e1 havia demonstrado inefic\u00e1cia. Desta vez, foi poss\u00edvel imitar com mais precis\u00e3o o Mal de Parkinson humano que em estudos anteriores.<br>Os cientistas aplicaram excesso de alfa-sinucle\u00edna (prov\u00e1vel prote\u00edna envolvida na doen\u00e7a) no c\u00e9rebro dos ratos para replicar o Parkinson. Em seguida, inseriram o gene respons\u00e1vel por produzir a prote\u00edna GDF5 humano. Ap\u00f3s seis meses, os pesquisadores fizeram a contagem dos neur\u00f4nios de dopamina nos animais. No grupo n\u00e3o tratado com a prote\u00edna, houve morte de 40% a 50% dos neur\u00f4nios, resultado n\u00e3o verificado com uso de GDF5. Al\u00e9m disso, esse fator neurotr\u00f3fico aumentou a quantidade de dopamina no c\u00e9rebro. A pr\u00f3xima etapa \u00e9 estudar qual o melhor est\u00e1gio da doen\u00e7a para aplica\u00e7\u00e3o do GDF5 no \u00f3rg\u00e3o e desacelerar sua progress\u00e3o.<br>Segundo os cientistas, o poss\u00edvel fracasso do GDNF est\u00e1 relacionado \u00e0 prote\u00edna chamada <a rel=\"noreferrer noopener\" href=\"https:\/\/stm.sciencemag.org\/content\/4\/163\/163ra156.editor-summary\" target=\"_blank\">Ret<\/a>, a qual pode ser destru\u00edda no c\u00e9rebro quando o indiv\u00edduo desenvolve Mal de Parkinson. A presen\u00e7a dela \u00e9 necess\u00e1ria para a atua\u00e7\u00e3o do GDNF nos neur\u00f4nios de dopamina. Entretanto, o GDF5 age de forma diferente; logo, n\u00e3o depende do Ret. O estudo descobriu tamb\u00e9m que a doen\u00e7a n\u00e3o destr\u00f3i os componentes celulares necess\u00e1rios para a atua\u00e7\u00e3o do GDF5.<br>Pesquisadores julgam os resultados bastante promissores, o que significa que a busca por uma nova terapia para a doen\u00e7a nos fatores neurotr\u00f3ficos deve continuar.<\/p>\n\n\n\n<p><strong><em>Fonte: <a href=\"https:\/\/olhardigital.com.br\/2020\/12\/04\/noticias\/proteina-cerebral-pode-ajudar-a-tratar-mal-de-parkinson\/\">Olhar Digital<\/a><\/em><\/strong><\/p>\n","protected":false},"excerpt":{"rendered":"<p>Causado pela perda gradual de neur\u00f4nios de dopamina, o Mal de\u00a0Parkinson\u00a0afeta\u00a0mais de 10 milh\u00f5es de pessoas\u00a0em todo o mundo. A perda desses\u00a0neur\u00f4nios gera dificuldades de equil\u00edbrio, tremores involunt\u00e1rios e rigidez muscular. Por enquanto, ainda n\u00e3o h\u00e1 um tratamento que desacelere a progress\u00e3o da doen\u00e7a, apenas medicamentos para atenuar os sintomas. Entretanto, cientistas descobriram uma prote\u00edna [&hellip;]<\/p>\n","protected":false},"author":2,"featured_media":12239,"comment_status":"open","ping_status":"open","sticky":false,"template":"","format":"standard","meta":{"footnotes":""},"categories":[11],"tags":[2336,3189,6408,2888],"class_list":["post-12238","post","type-post","status-publish","format-standard","has-post-thumbnail","hentry","category-saude","tag-cerebro","tag-doencas-cerebrais","tag-mal-de-parkinson","tag-neuronio"],"yoast_head":"<!-- This site is optimized with the Yoast SEO plugin v26.5 - https:\/\/yoast.com\/wordpress\/plugins\/seo\/ -->\n<title>Prote\u00edna cerebral pode ajudar a tratar Mal de Parkinson - Jornal Fatos e Not\u00edcias<\/title>\n<meta name=\"robots\" content=\"index, follow, max-snippet:-1, max-image-preview:large, max-video-preview:-1\" \/>\n<link rel=\"canonical\" href=\"https:\/\/jornalfatosenoticias.com.br\/index.php\/2020\/12\/08\/proteina-cerebral-pode-ajudar-a-tratar-mal-de-parkinson\/\" \/>\n<meta property=\"og:locale\" content=\"pt_BR\" \/>\n<meta property=\"og:type\" content=\"article\" \/>\n<meta property=\"og:title\" content=\"Prote\u00edna cerebral pode ajudar a tratar Mal de Parkinson - Jornal Fatos e Not\u00edcias\" \/>\n<meta property=\"og:description\" content=\"Causado pela perda gradual de neur\u00f4nios de dopamina, o Mal de\u00a0Parkinson\u00a0afeta\u00a0mais de 10 milh\u00f5es de pessoas\u00a0em todo o mundo. A perda desses\u00a0neur\u00f4nios gera dificuldades de equil\u00edbrio, tremores involunt\u00e1rios e rigidez muscular. Por enquanto, ainda n\u00e3o h\u00e1 um tratamento que desacelere a progress\u00e3o da doen\u00e7a, apenas medicamentos para atenuar os sintomas. Entretanto, cientistas descobriram uma prote\u00edna [&hellip;]\" \/>\n<meta property=\"og:url\" content=\"https:\/\/jornalfatosenoticias.com.br\/index.php\/2020\/12\/08\/proteina-cerebral-pode-ajudar-a-tratar-mal-de-parkinson\/\" \/>\n<meta property=\"og:site_name\" content=\"Jornal Fatos e Not\u00edcias\" \/>\n<meta property=\"article:published_time\" content=\"2020-12-08T20:25:32+00:00\" \/>\n<meta property=\"article:modified_time\" content=\"2020-12-08T20:25:39+00:00\" \/>\n<meta property=\"og:image\" content=\"https:\/\/jornalfatosenoticias.com.br\/wp-content\/uploads\/2020\/12\/mal-de-parkinson_shutterstock.jpg\" \/>\n\t<meta property=\"og:image:width\" content=\"1000\" \/>\n\t<meta property=\"og:image:height\" content=\"667\" \/>\n\t<meta property=\"og:image:type\" content=\"image\/jpeg\" \/>\n<meta name=\"author\" content=\"Luzimara Fernandes\" \/>\n<meta name=\"twitter:card\" content=\"summary_large_image\" \/>\n<meta name=\"twitter:label1\" content=\"Escrito por\" \/>\n\t<meta name=\"twitter:data1\" content=\"Luzimara Fernandes\" \/>\n\t<meta name=\"twitter:label2\" content=\"Est. tempo de leitura\" \/>\n\t<meta name=\"twitter:data2\" content=\"4 minutos\" \/>\n<script type=\"application\/ld+json\" class=\"yoast-schema-graph\">{\"@context\":\"https:\/\/schema.org\",\"@graph\":[{\"@type\":\"Article\",\"@id\":\"https:\/\/jornalfatosenoticias.com.br\/index.php\/2020\/12\/08\/proteina-cerebral-pode-ajudar-a-tratar-mal-de-parkinson\/#article\",\"isPartOf\":{\"@id\":\"https:\/\/jornalfatosenoticias.com.br\/index.php\/2020\/12\/08\/proteina-cerebral-pode-ajudar-a-tratar-mal-de-parkinson\/\"},\"author\":{\"name\":\"Luzimara Fernandes\",\"@id\":\"https:\/\/jornalfatosenoticias.com.br\/#\/schema\/person\/d63837fa13ac8666eb9e74e0985d6f81\"},\"headline\":\"Prote\u00edna cerebral pode ajudar a tratar Mal de Parkinson\",\"datePublished\":\"2020-12-08T20:25:32+00:00\",\"dateModified\":\"2020-12-08T20:25:39+00:00\",\"mainEntityOfPage\":{\"@id\":\"https:\/\/jornalfatosenoticias.com.br\/index.php\/2020\/12\/08\/proteina-cerebral-pode-ajudar-a-tratar-mal-de-parkinson\/\"},\"wordCount\":713,\"commentCount\":0,\"publisher\":{\"@id\":\"https:\/\/jornalfatosenoticias.com.br\/#organization\"},\"image\":{\"@id\":\"https:\/\/jornalfatosenoticias.com.br\/index.php\/2020\/12\/08\/proteina-cerebral-pode-ajudar-a-tratar-mal-de-parkinson\/#primaryimage\"},\"thumbnailUrl\":\"https:\/\/jornalfatosenoticias.com.br\/wp-content\/uploads\/2020\/12\/mal-de-parkinson_shutterstock.jpg\",\"keywords\":[\"c\u00e9rebro\",\"doen\u00e7as cerebrais\",\"Mal de Parkinson\",\"neur\u00f4nio\"],\"articleSection\":[\"Sa\u00fade\"],\"inLanguage\":\"pt-BR\",\"potentialAction\":[{\"@type\":\"CommentAction\",\"name\":\"Comment\",\"target\":[\"https:\/\/jornalfatosenoticias.com.br\/index.php\/2020\/12\/08\/proteina-cerebral-pode-ajudar-a-tratar-mal-de-parkinson\/#respond\"]}]},{\"@type\":\"WebPage\",\"@id\":\"https:\/\/jornalfatosenoticias.com.br\/index.php\/2020\/12\/08\/proteina-cerebral-pode-ajudar-a-tratar-mal-de-parkinson\/\",\"url\":\"https:\/\/jornalfatosenoticias.com.br\/index.php\/2020\/12\/08\/proteina-cerebral-pode-ajudar-a-tratar-mal-de-parkinson\/\",\"name\":\"Prote\u00edna cerebral pode ajudar a tratar Mal de Parkinson - Jornal Fatos e Not\u00edcias\",\"isPartOf\":{\"@id\":\"https:\/\/jornalfatosenoticias.com.br\/#website\"},\"primaryImageOfPage\":{\"@id\":\"https:\/\/jornalfatosenoticias.com.br\/index.php\/2020\/12\/08\/proteina-cerebral-pode-ajudar-a-tratar-mal-de-parkinson\/#primaryimage\"},\"image\":{\"@id\":\"https:\/\/jornalfatosenoticias.com.br\/index.php\/2020\/12\/08\/proteina-cerebral-pode-ajudar-a-tratar-mal-de-parkinson\/#primaryimage\"},\"thumbnailUrl\":\"https:\/\/jornalfatosenoticias.com.br\/wp-content\/uploads\/2020\/12\/mal-de-parkinson_shutterstock.jpg\",\"datePublished\":\"2020-12-08T20:25:32+00:00\",\"dateModified\":\"2020-12-08T20:25:39+00:00\",\"breadcrumb\":{\"@id\":\"https:\/\/jornalfatosenoticias.com.br\/index.php\/2020\/12\/08\/proteina-cerebral-pode-ajudar-a-tratar-mal-de-parkinson\/#breadcrumb\"},\"inLanguage\":\"pt-BR\",\"potentialAction\":[{\"@type\":\"ReadAction\",\"target\":[\"https:\/\/jornalfatosenoticias.com.br\/index.php\/2020\/12\/08\/proteina-cerebral-pode-ajudar-a-tratar-mal-de-parkinson\/\"]}]},{\"@type\":\"ImageObject\",\"inLanguage\":\"pt-BR\",\"@id\":\"https:\/\/jornalfatosenoticias.com.br\/index.php\/2020\/12\/08\/proteina-cerebral-pode-ajudar-a-tratar-mal-de-parkinson\/#primaryimage\",\"url\":\"https:\/\/jornalfatosenoticias.com.br\/wp-content\/uploads\/2020\/12\/mal-de-parkinson_shutterstock.jpg\",\"contentUrl\":\"https:\/\/jornalfatosenoticias.com.br\/wp-content\/uploads\/2020\/12\/mal-de-parkinson_shutterstock.jpg\",\"width\":1000,\"height\":667},{\"@type\":\"BreadcrumbList\",\"@id\":\"https:\/\/jornalfatosenoticias.com.br\/index.php\/2020\/12\/08\/proteina-cerebral-pode-ajudar-a-tratar-mal-de-parkinson\/#breadcrumb\",\"itemListElement\":[{\"@type\":\"ListItem\",\"position\":1,\"name\":\"In\u00edcio\",\"item\":\"https:\/\/jornalfatosenoticias.com.br\/\"},{\"@type\":\"ListItem\",\"position\":2,\"name\":\"Prote\u00edna cerebral pode ajudar a tratar Mal de Parkinson\"}]},{\"@type\":\"WebSite\",\"@id\":\"https:\/\/jornalfatosenoticias.com.br\/#website\",\"url\":\"https:\/\/jornalfatosenoticias.com.br\/\",\"name\":\"Jornal Fatos e Not\u00edcias\",\"description\":\"Not\u00edcias em geral\",\"publisher\":{\"@id\":\"https:\/\/jornalfatosenoticias.com.br\/#organization\"},\"potentialAction\":[{\"@type\":\"SearchAction\",\"target\":{\"@type\":\"EntryPoint\",\"urlTemplate\":\"https:\/\/jornalfatosenoticias.com.br\/?s={search_term_string}\"},\"query-input\":{\"@type\":\"PropertyValueSpecification\",\"valueRequired\":true,\"valueName\":\"search_term_string\"}}],\"inLanguage\":\"pt-BR\"},{\"@type\":\"Organization\",\"@id\":\"https:\/\/jornalfatosenoticias.com.br\/#organization\",\"name\":\"Jornal Fatos e Not\u00edcias\",\"url\":\"https:\/\/jornalfatosenoticias.com.br\/\",\"logo\":{\"@type\":\"ImageObject\",\"inLanguage\":\"pt-BR\",\"@id\":\"https:\/\/jornalfatosenoticias.com.br\/#\/schema\/logo\/image\/\",\"url\":\"https:\/\/jornalfatosenoticias.com.br\/wp-content\/uploads\/2020\/02\/logo120.png\",\"contentUrl\":\"https:\/\/jornalfatosenoticias.com.br\/wp-content\/uploads\/2020\/02\/logo120.png\",\"width\":1227,\"height\":120,\"caption\":\"Jornal Fatos e Not\u00edcias\"},\"image\":{\"@id\":\"https:\/\/jornalfatosenoticias.com.br\/#\/schema\/logo\/image\/\"}},{\"@type\":\"Person\",\"@id\":\"https:\/\/jornalfatosenoticias.com.br\/#\/schema\/person\/d63837fa13ac8666eb9e74e0985d6f81\",\"name\":\"Luzimara Fernandes\",\"image\":{\"@type\":\"ImageObject\",\"inLanguage\":\"pt-BR\",\"@id\":\"https:\/\/jornalfatosenoticias.com.br\/#\/schema\/person\/image\/\",\"url\":\"https:\/\/jornalfatosenoticias.com.br\/wp-content\/uploads\/2025\/05\/EU_portal.jpg\",\"contentUrl\":\"https:\/\/jornalfatosenoticias.com.br\/wp-content\/uploads\/2025\/05\/EU_portal.jpg\",\"caption\":\"Luzimara Fernandes\"},\"description\":\"Jornalista MTB 2358-ES\",\"sameAs\":[\"https:\/\/jornalfatosenoticias.com.br\"],\"url\":\"https:\/\/jornalfatosenoticias.com.br\/index.php\/author\/luzimara\/\"}]}<\/script>\n<!-- \/ Yoast SEO plugin. -->","yoast_head_json":{"title":"Prote\u00edna cerebral pode ajudar a tratar Mal de Parkinson - Jornal Fatos e Not\u00edcias","robots":{"index":"index","follow":"follow","max-snippet":"max-snippet:-1","max-image-preview":"max-image-preview:large","max-video-preview":"max-video-preview:-1"},"canonical":"https:\/\/jornalfatosenoticias.com.br\/index.php\/2020\/12\/08\/proteina-cerebral-pode-ajudar-a-tratar-mal-de-parkinson\/","og_locale":"pt_BR","og_type":"article","og_title":"Prote\u00edna cerebral pode ajudar a tratar Mal de Parkinson - Jornal Fatos e Not\u00edcias","og_description":"Causado pela perda gradual de neur\u00f4nios de dopamina, o Mal de\u00a0Parkinson\u00a0afeta\u00a0mais de 10 milh\u00f5es de pessoas\u00a0em todo o mundo. A perda desses\u00a0neur\u00f4nios gera dificuldades de equil\u00edbrio, tremores involunt\u00e1rios e rigidez muscular. Por enquanto, ainda n\u00e3o h\u00e1 um tratamento que desacelere a progress\u00e3o da doen\u00e7a, apenas medicamentos para atenuar os sintomas. Entretanto, cientistas descobriram uma prote\u00edna [&hellip;]","og_url":"https:\/\/jornalfatosenoticias.com.br\/index.php\/2020\/12\/08\/proteina-cerebral-pode-ajudar-a-tratar-mal-de-parkinson\/","og_site_name":"Jornal Fatos e Not\u00edcias","article_published_time":"2020-12-08T20:25:32+00:00","article_modified_time":"2020-12-08T20:25:39+00:00","og_image":[{"width":1000,"height":667,"url":"https:\/\/jornalfatosenoticias.com.br\/wp-content\/uploads\/2020\/12\/mal-de-parkinson_shutterstock.jpg","type":"image\/jpeg"}],"author":"Luzimara Fernandes","twitter_card":"summary_large_image","twitter_misc":{"Escrito por":"Luzimara Fernandes","Est. tempo de leitura":"4 minutos"},"schema":{"@context":"https:\/\/schema.org","@graph":[{"@type":"Article","@id":"https:\/\/jornalfatosenoticias.com.br\/index.php\/2020\/12\/08\/proteina-cerebral-pode-ajudar-a-tratar-mal-de-parkinson\/#article","isPartOf":{"@id":"https:\/\/jornalfatosenoticias.com.br\/index.php\/2020\/12\/08\/proteina-cerebral-pode-ajudar-a-tratar-mal-de-parkinson\/"},"author":{"name":"Luzimara Fernandes","@id":"https:\/\/jornalfatosenoticias.com.br\/#\/schema\/person\/d63837fa13ac8666eb9e74e0985d6f81"},"headline":"Prote\u00edna cerebral pode ajudar a tratar Mal de Parkinson","datePublished":"2020-12-08T20:25:32+00:00","dateModified":"2020-12-08T20:25:39+00:00","mainEntityOfPage":{"@id":"https:\/\/jornalfatosenoticias.com.br\/index.php\/2020\/12\/08\/proteina-cerebral-pode-ajudar-a-tratar-mal-de-parkinson\/"},"wordCount":713,"commentCount":0,"publisher":{"@id":"https:\/\/jornalfatosenoticias.com.br\/#organization"},"image":{"@id":"https:\/\/jornalfatosenoticias.com.br\/index.php\/2020\/12\/08\/proteina-cerebral-pode-ajudar-a-tratar-mal-de-parkinson\/#primaryimage"},"thumbnailUrl":"https:\/\/jornalfatosenoticias.com.br\/wp-content\/uploads\/2020\/12\/mal-de-parkinson_shutterstock.jpg","keywords":["c\u00e9rebro","doen\u00e7as cerebrais","Mal de Parkinson","neur\u00f4nio"],"articleSection":["Sa\u00fade"],"inLanguage":"pt-BR","potentialAction":[{"@type":"CommentAction","name":"Comment","target":["https:\/\/jornalfatosenoticias.com.br\/index.php\/2020\/12\/08\/proteina-cerebral-pode-ajudar-a-tratar-mal-de-parkinson\/#respond"]}]},{"@type":"WebPage","@id":"https:\/\/jornalfatosenoticias.com.br\/index.php\/2020\/12\/08\/proteina-cerebral-pode-ajudar-a-tratar-mal-de-parkinson\/","url":"https:\/\/jornalfatosenoticias.com.br\/index.php\/2020\/12\/08\/proteina-cerebral-pode-ajudar-a-tratar-mal-de-parkinson\/","name":"Prote\u00edna cerebral pode ajudar a tratar Mal de Parkinson - Jornal Fatos e Not\u00edcias","isPartOf":{"@id":"https:\/\/jornalfatosenoticias.com.br\/#website"},"primaryImageOfPage":{"@id":"https:\/\/jornalfatosenoticias.com.br\/index.php\/2020\/12\/08\/proteina-cerebral-pode-ajudar-a-tratar-mal-de-parkinson\/#primaryimage"},"image":{"@id":"https:\/\/jornalfatosenoticias.com.br\/index.php\/2020\/12\/08\/proteina-cerebral-pode-ajudar-a-tratar-mal-de-parkinson\/#primaryimage"},"thumbnailUrl":"https:\/\/jornalfatosenoticias.com.br\/wp-content\/uploads\/2020\/12\/mal-de-parkinson_shutterstock.jpg","datePublished":"2020-12-08T20:25:32+00:00","dateModified":"2020-12-08T20:25:39+00:00","breadcrumb":{"@id":"https:\/\/jornalfatosenoticias.com.br\/index.php\/2020\/12\/08\/proteina-cerebral-pode-ajudar-a-tratar-mal-de-parkinson\/#breadcrumb"},"inLanguage":"pt-BR","potentialAction":[{"@type":"ReadAction","target":["https:\/\/jornalfatosenoticias.com.br\/index.php\/2020\/12\/08\/proteina-cerebral-pode-ajudar-a-tratar-mal-de-parkinson\/"]}]},{"@type":"ImageObject","inLanguage":"pt-BR","@id":"https:\/\/jornalfatosenoticias.com.br\/index.php\/2020\/12\/08\/proteina-cerebral-pode-ajudar-a-tratar-mal-de-parkinson\/#primaryimage","url":"https:\/\/jornalfatosenoticias.com.br\/wp-content\/uploads\/2020\/12\/mal-de-parkinson_shutterstock.jpg","contentUrl":"https:\/\/jornalfatosenoticias.com.br\/wp-content\/uploads\/2020\/12\/mal-de-parkinson_shutterstock.jpg","width":1000,"height":667},{"@type":"BreadcrumbList","@id":"https:\/\/jornalfatosenoticias.com.br\/index.php\/2020\/12\/08\/proteina-cerebral-pode-ajudar-a-tratar-mal-de-parkinson\/#breadcrumb","itemListElement":[{"@type":"ListItem","position":1,"name":"In\u00edcio","item":"https:\/\/jornalfatosenoticias.com.br\/"},{"@type":"ListItem","position":2,"name":"Prote\u00edna cerebral pode ajudar a tratar Mal de Parkinson"}]},{"@type":"WebSite","@id":"https:\/\/jornalfatosenoticias.com.br\/#website","url":"https:\/\/jornalfatosenoticias.com.br\/","name":"Jornal Fatos e Not\u00edcias","description":"Not\u00edcias em geral","publisher":{"@id":"https:\/\/jornalfatosenoticias.com.br\/#organization"},"potentialAction":[{"@type":"SearchAction","target":{"@type":"EntryPoint","urlTemplate":"https:\/\/jornalfatosenoticias.com.br\/?s={search_term_string}"},"query-input":{"@type":"PropertyValueSpecification","valueRequired":true,"valueName":"search_term_string"}}],"inLanguage":"pt-BR"},{"@type":"Organization","@id":"https:\/\/jornalfatosenoticias.com.br\/#organization","name":"Jornal Fatos e Not\u00edcias","url":"https:\/\/jornalfatosenoticias.com.br\/","logo":{"@type":"ImageObject","inLanguage":"pt-BR","@id":"https:\/\/jornalfatosenoticias.com.br\/#\/schema\/logo\/image\/","url":"https:\/\/jornalfatosenoticias.com.br\/wp-content\/uploads\/2020\/02\/logo120.png","contentUrl":"https:\/\/jornalfatosenoticias.com.br\/wp-content\/uploads\/2020\/02\/logo120.png","width":1227,"height":120,"caption":"Jornal Fatos e Not\u00edcias"},"image":{"@id":"https:\/\/jornalfatosenoticias.com.br\/#\/schema\/logo\/image\/"}},{"@type":"Person","@id":"https:\/\/jornalfatosenoticias.com.br\/#\/schema\/person\/d63837fa13ac8666eb9e74e0985d6f81","name":"Luzimara Fernandes","image":{"@type":"ImageObject","inLanguage":"pt-BR","@id":"https:\/\/jornalfatosenoticias.com.br\/#\/schema\/person\/image\/","url":"https:\/\/jornalfatosenoticias.com.br\/wp-content\/uploads\/2025\/05\/EU_portal.jpg","contentUrl":"https:\/\/jornalfatosenoticias.com.br\/wp-content\/uploads\/2025\/05\/EU_portal.jpg","caption":"Luzimara Fernandes"},"description":"Jornalista MTB 2358-ES","sameAs":["https:\/\/jornalfatosenoticias.com.br"],"url":"https:\/\/jornalfatosenoticias.com.br\/index.php\/author\/luzimara\/"}]}},"cc_featured_image_caption":{"caption_text":"(Foto: Shutterstock)","source_text":"","source_url":""},"jetpack_featured_media_url":"https:\/\/jornalfatosenoticias.com.br\/wp-content\/uploads\/2020\/12\/mal-de-parkinson_shutterstock.jpg","_links":{"self":[{"href":"https:\/\/jornalfatosenoticias.com.br\/index.php\/wp-json\/wp\/v2\/posts\/12238","targetHints":{"allow":["GET"]}}],"collection":[{"href":"https:\/\/jornalfatosenoticias.com.br\/index.php\/wp-json\/wp\/v2\/posts"}],"about":[{"href":"https:\/\/jornalfatosenoticias.com.br\/index.php\/wp-json\/wp\/v2\/types\/post"}],"author":[{"embeddable":true,"href":"https:\/\/jornalfatosenoticias.com.br\/index.php\/wp-json\/wp\/v2\/users\/2"}],"replies":[{"embeddable":true,"href":"https:\/\/jornalfatosenoticias.com.br\/index.php\/wp-json\/wp\/v2\/comments?post=12238"}],"version-history":[{"count":0,"href":"https:\/\/jornalfatosenoticias.com.br\/index.php\/wp-json\/wp\/v2\/posts\/12238\/revisions"}],"wp:featuredmedia":[{"embeddable":true,"href":"https:\/\/jornalfatosenoticias.com.br\/index.php\/wp-json\/wp\/v2\/media\/12239"}],"wp:attachment":[{"href":"https:\/\/jornalfatosenoticias.com.br\/index.php\/wp-json\/wp\/v2\/media?parent=12238"}],"wp:term":[{"taxonomy":"category","embeddable":true,"href":"https:\/\/jornalfatosenoticias.com.br\/index.php\/wp-json\/wp\/v2\/categories?post=12238"},{"taxonomy":"post_tag","embeddable":true,"href":"https:\/\/jornalfatosenoticias.com.br\/index.php\/wp-json\/wp\/v2\/tags?post=12238"}],"curies":[{"name":"wp","href":"https:\/\/api.w.org\/{rel}","templated":true}]}}