{"id":12278,"date":"2020-12-09T09:51:30","date_gmt":"2020-12-09T12:51:30","guid":{"rendered":"https:\/\/jornalfatosenoticias.com.br\/?p=12278"},"modified":"2020-12-09T09:51:32","modified_gmt":"2020-12-09T12:51:32","slug":"uma-em-cada-10-pessoas-de-paises-pobres-recebera-vacina-diz-relatorio","status":"publish","type":"post","link":"https:\/\/jornalfatosenoticias.com.br\/index.php\/2020\/12\/09\/uma-em-cada-10-pessoas-de-paises-pobres-recebera-vacina-diz-relatorio\/","title":{"rendered":"Uma em cada 10 pessoas de pa\u00edses pobres receber\u00e1 vacina, diz relat\u00f3rio"},"content":{"rendered":"\n<h6 class=\"wp-block-heading\"><em>A informa\u00e7\u00e3o est\u00e1 em levantamento da People&#8217;s Vaccine Alliance<\/em><\/h6>\n\n\n\n<p>Relat\u00f3rio divulgado hoje (9) pela People&#8217;s Vaccine Alliance alerta que cerca de 70 pa\u00edses pobres ou em desenvolvimento s\u00f3 ser\u00e3o capazes de vacinar uma em cada dez pessoas durante o pr\u00f3ximo ano, porque a maioria dos produtos mais promissores, entre elas a da Moderna, da Pfizer e da Astrazeneca, j\u00e1 foram comprados pelos pa\u00edses ricos.<br>Na Europa, nos Estados Unidos e na maioria dos pa\u00edses do Leste Asi\u00e1tico, os governos j\u00e1 compraram milh\u00f5es de doses de vacinas contra a covid-19 e preparam os planos de vacina\u00e7\u00e3o para as popula\u00e7\u00f5es.<br>No Reino Unido, a vacina\u00e7\u00e3o em massa dos grupos mais vulner\u00e1veis come\u00e7ou nessa ter\u00e7a-feira (8) e, embora ainda aguardem pela aprova\u00e7\u00e3o das ag\u00eancias de medicamentos, os Estados Unidos e a Europa j\u00e1 encomendaram vacinas suficientes para imunizar as popula\u00e7\u00f5es a partir das pr\u00f3ximas semanas. Enquanto os pa\u00edses ricos adquirem em massa as tr\u00eas vacinas para as quais foram anunciados resultados de efic\u00e1cia, os pa\u00edses mais desfavorecidos n\u00e3o ter\u00e3o capacidade para vacinar nove em cada dez pessoas.<br>Os pa\u00edses mais ricos, ou pelo menos com capacidade para comprar doses suficientes das vacinas e proteger a popula\u00e7\u00e3o da covid-19, representam apenas 14% da popula\u00e7\u00e3o mundial. Contudo, j\u00e1 det\u00eam 53% das vacinas mais promissoras.<br>Segundo o relat\u00f3rio, as na\u00e7\u00f5es mais ricas compraram doses suficientes para vacinar toda a popula\u00e7\u00e3o quase tr\u00eas vezes at\u00e9 o fim de 2021, se todas as vacinas atualmente em testes cl\u00ednicos forem aprovadas.<br>O Canad\u00e1 est\u00e1 no topo da lista dos pa\u00edses que mais doses acumulam: comprou mais doses per capita do que qualquer outro pa\u00eds, tendo o suficiente para vacinar cada pessoa cinco vezes, diz a organiza\u00e7\u00e3o, que inclui a Anistia Internacional, a Frontline Aids, a Global Justice Now e a Oxfam.<\/p>\n\n\n\n<h4 class=\"wp-block-heading\">Vacinas<\/h4>\n\n\n\n<p>Apesar de a farmac\u00eautica AstraZeneca j\u00e1 ter se comprometido a fornecer 64% das doses da vacina, desenvolvida com a Universidade de Oxford, para imunizar pessoas em pa\u00edses em desenvolvimento, a organiza\u00e7\u00e3o alerta que n\u00e3o ser\u00e1 suficiente porque uma empresa sozinha n\u00e3o consegue fornecer a grande parte do mundo.<br>Embora medidas j\u00e1 estejam sendo tomadas em n\u00edvel global para garantir que o acesso \u00e0s vacinas seja justo e igual, ativistas consideram que s\u00e3o necess\u00e1rias a\u00e7\u00f5es urgentes por parte dos governos e da ind\u00fastria farmac\u00eautica.<br>O projeto Covax, uma alian\u00e7a global, j\u00e1 conseguiu garantir 700 milh\u00f5es de doses de vacinas para serem distribu\u00eddas entre os 92 pa\u00edses mais pobres envolvidos nessa organiza\u00e7\u00e3o.<\/p>\n\n\n\n<blockquote class=\"wp-block-quote is-layout-flow wp-block-quote-is-layout-flow\"><p>&#8220;Ningu\u00e9m deve ser impedido de receber uma vacina que salva vidas por causa do pa\u00eds em que vive ou da quantidade de dinheiro que tem. Mas, a menos que algo mude drasticamente, muitos milh\u00f5es de pessoas em todo o mundo n\u00e3o receber\u00e3o uma vacina segura e eficaz para covid-19 nos pr\u00f3ximos anos&#8221;, alertou Anna Marriott, gestora de pol\u00edticas de sa\u00fade da Oxfam.<\/p><\/blockquote>\n\n\n\n<p>As doses da vacina da Pfizer e BioNTech, aprovada no Reino Unido na semana passada, ir\u00e3o quase todas para os pa\u00edses ricos \u2014 96% das doses foram adquiridas pelo Ocidente. A vacina Moderna, que usa uma tecnologia semelhante e tem 95% de efic\u00e1cia, vai exclusivamente para pa\u00edses ricos.<br>Os pre\u00e7os dos dois produtos, no entanto, s\u00e3o elevados, e as condi\u00e7\u00f5es de armazenamento em temperatura extremamente baixas v\u00e3o dificultar para os pa\u00edses mais desfavorecidos.<br>A vacina da Universidade de Oxford\/AstraZeneca, que tem 70% de efic\u00e1cia, \u00e9 est\u00e1vel em temperaturas normais de frigor\u00edficos, e o pre\u00e7o definido \u00e9 relativamente baixo para permitir o acesso a todos. Mas, no m\u00e1ximo, esse imunizante consegue chegar a 18% da popula\u00e7\u00e3o mundial no pr\u00f3ximo ano.<\/p>\n\n\n\n<h4 class=\"wp-block-heading\">Acesso a todos<\/h4>\n\n\n\n<p>A People&#8217;s Vaccine Alliance faz um apelo a todas as empresas farmac\u00eauticas que trabalham no desenvolvimento e produ\u00e7\u00e3o de vacinas contra a covid-19 para que compartilhem a tecnologia e propriedade intelectual, por meio da Rede de Acesso \u00e0 Tecnologia Covid-19 da Organiza\u00e7\u00e3o Mundial da Sa\u00fade. O objetivo \u00e9 que possam ser fabricadas milh\u00f5es de doses a mais de vacinas seguras e eficazes, de forma a que todos tenham acesso \u00e0 prote\u00e7\u00e3o contra a doen\u00e7a.<\/p>\n\n\n\n<blockquote class=\"wp-block-quote is-layout-flow wp-block-quote-is-layout-flow\"><p>&#8220;Os governos devem garantir que a ind\u00fastria farmac\u00eautica coloque a vida das pessoas acima dos lucros&#8221;, afirmou Heidi Chow, da Global Justice Now.<\/p><\/blockquote>\n\n\n\n<p>A Alian\u00e7a tamb\u00e9m pede aos governos que fa\u00e7am tudo que estiver ao seu alcance para garantir que as vacinas se tornem um bem p\u00fablico global \u2014 gratuitas, distribu\u00eddas de forma justa e com base nas necessidades.<br>&#8220;A acumula\u00e7\u00e3o de vacinas prejudica ativamente os esfor\u00e7os globais para garantir que todos, em todos os lugares, possam ser protegidos da covid-19&#8221;, afirmou Steve Cockburn, Chefe de Justi\u00e7a Econ\u00f4mica e Social da Amnistia Internacional.<\/p>\n\n\n\n<blockquote class=\"wp-block-quote is-layout-flow wp-block-quote-is-layout-flow\"><p>&#8220;Os pa\u00edses ricos t\u00eam obriga\u00e7\u00f5es claras sobre os direitos humanos, n\u00e3o apenas de se abster de a\u00e7\u00f5es que possam prejudicar o acesso \u00e0s vacinas em outros lugares, mas tamb\u00e9m de cooperar e prestar assist\u00eancia aos pa\u00edses que dela necessitem&#8221;.<\/p><\/blockquote>\n\n\n\n<p><em><strong>Foto: <\/strong>Eric Gusm\u00e3o\/Filipe Ronqui\/TV Brasil<\/em><\/p>\n\n\n\n<p><strong><em>Fonte: <a href=\"https:\/\/agenciabrasil.ebc.com.br\/internacional\/noticia\/2020-12\/uma-em-cada-10-pessoas-de-paises-pobres-recebera-vacina-diz-relatorio\">Ag\u00eancia Brasil<\/a><\/em><\/strong><\/p>\n","protected":false},"excerpt":{"rendered":"<p>A informa\u00e7\u00e3o est\u00e1 em levantamento da People&#8217;s Vaccine Alliance Relat\u00f3rio divulgado hoje (9) pela People&#8217;s Vaccine Alliance alerta que cerca de 70 pa\u00edses pobres ou em desenvolvimento s\u00f3 ser\u00e3o capazes de vacinar uma em cada dez pessoas durante o pr\u00f3ximo ano, porque a maioria dos produtos mais promissores, entre elas a da Moderna, da Pfizer [&hellip;]<\/p>\n","protected":false},"author":2,"featured_media":12279,"comment_status":"open","ping_status":"open","sticky":false,"template":"","format":"standard","meta":{"footnotes":""},"categories":[41],"tags":[73,273,5161,3634,563],"class_list":["post-12278","post","type-post","status-publish","format-standard","has-post-thumbnail","hentry","category-internacional","tag-coronavirus","tag-covid-19","tag-paises-pobres","tag-relatorio","tag-vacina"],"yoast_head":"<!-- This site is optimized with the Yoast SEO plugin v26.5 - https:\/\/yoast.com\/wordpress\/plugins\/seo\/ -->\n<title>Uma em cada 10 pessoas de pa\u00edses pobres receber\u00e1 vacina, diz relat\u00f3rio - Jornal Fatos e Not\u00edcias<\/title>\n<meta name=\"robots\" content=\"index, follow, max-snippet:-1, max-image-preview:large, max-video-preview:-1\" \/>\n<link rel=\"canonical\" href=\"https:\/\/jornalfatosenoticias.com.br\/index.php\/2020\/12\/09\/uma-em-cada-10-pessoas-de-paises-pobres-recebera-vacina-diz-relatorio\/\" \/>\n<meta property=\"og:locale\" content=\"pt_BR\" \/>\n<meta property=\"og:type\" content=\"article\" \/>\n<meta property=\"og:title\" content=\"Uma em cada 10 pessoas de pa\u00edses pobres receber\u00e1 vacina, diz relat\u00f3rio - Jornal Fatos e Not\u00edcias\" \/>\n<meta property=\"og:description\" content=\"A informa\u00e7\u00e3o est\u00e1 em levantamento da People&#8217;s Vaccine Alliance Relat\u00f3rio divulgado hoje (9) pela People&#8217;s Vaccine Alliance alerta que cerca de 70 pa\u00edses pobres ou em desenvolvimento s\u00f3 ser\u00e3o capazes de vacinar uma em cada dez pessoas durante o pr\u00f3ximo ano, porque a maioria dos produtos mais promissores, entre elas a da Moderna, da Pfizer [&hellip;]\" \/>\n<meta property=\"og:url\" content=\"https:\/\/jornalfatosenoticias.com.br\/index.php\/2020\/12\/09\/uma-em-cada-10-pessoas-de-paises-pobres-recebera-vacina-diz-relatorio\/\" \/>\n<meta property=\"og:site_name\" content=\"Jornal Fatos e Not\u00edcias\" \/>\n<meta property=\"article:published_time\" content=\"2020-12-09T12:51:30+00:00\" \/>\n<meta property=\"article:modified_time\" content=\"2020-12-09T12:51:32+00:00\" \/>\n<meta property=\"og:image\" content=\"https:\/\/jornalfatosenoticias.com.br\/wp-content\/uploads\/2020\/12\/vacina.jpg\" \/>\n\t<meta property=\"og:image:width\" content=\"1000\" \/>\n\t<meta property=\"og:image:height\" content=\"577\" \/>\n\t<meta property=\"og:image:type\" content=\"image\/jpeg\" \/>\n<meta name=\"author\" content=\"Luzimara Fernandes\" \/>\n<meta name=\"twitter:card\" content=\"summary_large_image\" \/>\n<meta name=\"twitter:label1\" content=\"Escrito por\" \/>\n\t<meta name=\"twitter:data1\" content=\"Luzimara Fernandes\" \/>\n\t<meta name=\"twitter:label2\" content=\"Est. tempo de leitura\" \/>\n\t<meta name=\"twitter:data2\" content=\"4 minutos\" \/>\n<script type=\"application\/ld+json\" class=\"yoast-schema-graph\">{\"@context\":\"https:\/\/schema.org\",\"@graph\":[{\"@type\":\"Article\",\"@id\":\"https:\/\/jornalfatosenoticias.com.br\/index.php\/2020\/12\/09\/uma-em-cada-10-pessoas-de-paises-pobres-recebera-vacina-diz-relatorio\/#article\",\"isPartOf\":{\"@id\":\"https:\/\/jornalfatosenoticias.com.br\/index.php\/2020\/12\/09\/uma-em-cada-10-pessoas-de-paises-pobres-recebera-vacina-diz-relatorio\/\"},\"author\":{\"name\":\"Luzimara Fernandes\",\"@id\":\"https:\/\/jornalfatosenoticias.com.br\/#\/schema\/person\/d63837fa13ac8666eb9e74e0985d6f81\"},\"headline\":\"Uma em cada 10 pessoas de pa\u00edses pobres receber\u00e1 vacina, diz relat\u00f3rio\",\"datePublished\":\"2020-12-09T12:51:30+00:00\",\"dateModified\":\"2020-12-09T12:51:32+00:00\",\"mainEntityOfPage\":{\"@id\":\"https:\/\/jornalfatosenoticias.com.br\/index.php\/2020\/12\/09\/uma-em-cada-10-pessoas-de-paises-pobres-recebera-vacina-diz-relatorio\/\"},\"wordCount\":902,\"commentCount\":0,\"publisher\":{\"@id\":\"https:\/\/jornalfatosenoticias.com.br\/#organization\"},\"image\":{\"@id\":\"https:\/\/jornalfatosenoticias.com.br\/index.php\/2020\/12\/09\/uma-em-cada-10-pessoas-de-paises-pobres-recebera-vacina-diz-relatorio\/#primaryimage\"},\"thumbnailUrl\":\"https:\/\/jornalfatosenoticias.com.br\/wp-content\/uploads\/2020\/12\/vacina.jpg\",\"keywords\":[\"coronav\u00edrus\",\"covid-19\",\"pa\u00edses pobres\",\"relat\u00f3rio\",\"vacina\"],\"articleSection\":[\"Internacional\"],\"inLanguage\":\"pt-BR\",\"potentialAction\":[{\"@type\":\"CommentAction\",\"name\":\"Comment\",\"target\":[\"https:\/\/jornalfatosenoticias.com.br\/index.php\/2020\/12\/09\/uma-em-cada-10-pessoas-de-paises-pobres-recebera-vacina-diz-relatorio\/#respond\"]}]},{\"@type\":\"WebPage\",\"@id\":\"https:\/\/jornalfatosenoticias.com.br\/index.php\/2020\/12\/09\/uma-em-cada-10-pessoas-de-paises-pobres-recebera-vacina-diz-relatorio\/\",\"url\":\"https:\/\/jornalfatosenoticias.com.br\/index.php\/2020\/12\/09\/uma-em-cada-10-pessoas-de-paises-pobres-recebera-vacina-diz-relatorio\/\",\"name\":\"Uma em cada 10 pessoas de pa\u00edses pobres receber\u00e1 vacina, diz relat\u00f3rio - Jornal Fatos e Not\u00edcias\",\"isPartOf\":{\"@id\":\"https:\/\/jornalfatosenoticias.com.br\/#website\"},\"primaryImageOfPage\":{\"@id\":\"https:\/\/jornalfatosenoticias.com.br\/index.php\/2020\/12\/09\/uma-em-cada-10-pessoas-de-paises-pobres-recebera-vacina-diz-relatorio\/#primaryimage\"},\"image\":{\"@id\":\"https:\/\/jornalfatosenoticias.com.br\/index.php\/2020\/12\/09\/uma-em-cada-10-pessoas-de-paises-pobres-recebera-vacina-diz-relatorio\/#primaryimage\"},\"thumbnailUrl\":\"https:\/\/jornalfatosenoticias.com.br\/wp-content\/uploads\/2020\/12\/vacina.jpg\",\"datePublished\":\"2020-12-09T12:51:30+00:00\",\"dateModified\":\"2020-12-09T12:51:32+00:00\",\"breadcrumb\":{\"@id\":\"https:\/\/jornalfatosenoticias.com.br\/index.php\/2020\/12\/09\/uma-em-cada-10-pessoas-de-paises-pobres-recebera-vacina-diz-relatorio\/#breadcrumb\"},\"inLanguage\":\"pt-BR\",\"potentialAction\":[{\"@type\":\"ReadAction\",\"target\":[\"https:\/\/jornalfatosenoticias.com.br\/index.php\/2020\/12\/09\/uma-em-cada-10-pessoas-de-paises-pobres-recebera-vacina-diz-relatorio\/\"]}]},{\"@type\":\"ImageObject\",\"inLanguage\":\"pt-BR\",\"@id\":\"https:\/\/jornalfatosenoticias.com.br\/index.php\/2020\/12\/09\/uma-em-cada-10-pessoas-de-paises-pobres-recebera-vacina-diz-relatorio\/#primaryimage\",\"url\":\"https:\/\/jornalfatosenoticias.com.br\/wp-content\/uploads\/2020\/12\/vacina.jpg\",\"contentUrl\":\"https:\/\/jornalfatosenoticias.com.br\/wp-content\/uploads\/2020\/12\/vacina.jpg\",\"width\":1000,\"height\":577,\"caption\":\"COVID-19: EM BUSCA DE UMA VACINA\"},{\"@type\":\"BreadcrumbList\",\"@id\":\"https:\/\/jornalfatosenoticias.com.br\/index.php\/2020\/12\/09\/uma-em-cada-10-pessoas-de-paises-pobres-recebera-vacina-diz-relatorio\/#breadcrumb\",\"itemListElement\":[{\"@type\":\"ListItem\",\"position\":1,\"name\":\"In\u00edcio\",\"item\":\"https:\/\/jornalfatosenoticias.com.br\/\"},{\"@type\":\"ListItem\",\"position\":2,\"name\":\"Uma em cada 10 pessoas de pa\u00edses pobres receber\u00e1 vacina, diz relat\u00f3rio\"}]},{\"@type\":\"WebSite\",\"@id\":\"https:\/\/jornalfatosenoticias.com.br\/#website\",\"url\":\"https:\/\/jornalfatosenoticias.com.br\/\",\"name\":\"Jornal Fatos e Not\u00edcias\",\"description\":\"Not\u00edcias em geral\",\"publisher\":{\"@id\":\"https:\/\/jornalfatosenoticias.com.br\/#organization\"},\"potentialAction\":[{\"@type\":\"SearchAction\",\"target\":{\"@type\":\"EntryPoint\",\"urlTemplate\":\"https:\/\/jornalfatosenoticias.com.br\/?s={search_term_string}\"},\"query-input\":{\"@type\":\"PropertyValueSpecification\",\"valueRequired\":true,\"valueName\":\"search_term_string\"}}],\"inLanguage\":\"pt-BR\"},{\"@type\":\"Organization\",\"@id\":\"https:\/\/jornalfatosenoticias.com.br\/#organization\",\"name\":\"Jornal Fatos e Not\u00edcias\",\"url\":\"https:\/\/jornalfatosenoticias.com.br\/\",\"logo\":{\"@type\":\"ImageObject\",\"inLanguage\":\"pt-BR\",\"@id\":\"https:\/\/jornalfatosenoticias.com.br\/#\/schema\/logo\/image\/\",\"url\":\"https:\/\/jornalfatosenoticias.com.br\/wp-content\/uploads\/2020\/02\/logo120.png\",\"contentUrl\":\"https:\/\/jornalfatosenoticias.com.br\/wp-content\/uploads\/2020\/02\/logo120.png\",\"width\":1227,\"height\":120,\"caption\":\"Jornal Fatos e Not\u00edcias\"},\"image\":{\"@id\":\"https:\/\/jornalfatosenoticias.com.br\/#\/schema\/logo\/image\/\"}},{\"@type\":\"Person\",\"@id\":\"https:\/\/jornalfatosenoticias.com.br\/#\/schema\/person\/d63837fa13ac8666eb9e74e0985d6f81\",\"name\":\"Luzimara Fernandes\",\"image\":{\"@type\":\"ImageObject\",\"inLanguage\":\"pt-BR\",\"@id\":\"https:\/\/jornalfatosenoticias.com.br\/#\/schema\/person\/image\/\",\"url\":\"https:\/\/jornalfatosenoticias.com.br\/wp-content\/uploads\/2025\/05\/EU_portal.jpg\",\"contentUrl\":\"https:\/\/jornalfatosenoticias.com.br\/wp-content\/uploads\/2025\/05\/EU_portal.jpg\",\"caption\":\"Luzimara Fernandes\"},\"description\":\"Jornalista MTB 2358-ES\",\"sameAs\":[\"https:\/\/jornalfatosenoticias.com.br\"],\"url\":\"https:\/\/jornalfatosenoticias.com.br\/index.php\/author\/luzimara\/\"}]}<\/script>\n<!-- \/ Yoast SEO plugin. -->","yoast_head_json":{"title":"Uma em cada 10 pessoas de pa\u00edses pobres receber\u00e1 vacina, diz relat\u00f3rio - Jornal Fatos e Not\u00edcias","robots":{"index":"index","follow":"follow","max-snippet":"max-snippet:-1","max-image-preview":"max-image-preview:large","max-video-preview":"max-video-preview:-1"},"canonical":"https:\/\/jornalfatosenoticias.com.br\/index.php\/2020\/12\/09\/uma-em-cada-10-pessoas-de-paises-pobres-recebera-vacina-diz-relatorio\/","og_locale":"pt_BR","og_type":"article","og_title":"Uma em cada 10 pessoas de pa\u00edses pobres receber\u00e1 vacina, diz relat\u00f3rio - Jornal Fatos e Not\u00edcias","og_description":"A informa\u00e7\u00e3o est\u00e1 em levantamento da People&#8217;s Vaccine Alliance Relat\u00f3rio divulgado hoje (9) pela People&#8217;s Vaccine Alliance alerta que cerca de 70 pa\u00edses pobres ou em desenvolvimento s\u00f3 ser\u00e3o capazes de vacinar uma em cada dez pessoas durante o pr\u00f3ximo ano, porque a maioria dos produtos mais promissores, entre elas a da Moderna, da Pfizer [&hellip;]","og_url":"https:\/\/jornalfatosenoticias.com.br\/index.php\/2020\/12\/09\/uma-em-cada-10-pessoas-de-paises-pobres-recebera-vacina-diz-relatorio\/","og_site_name":"Jornal Fatos e Not\u00edcias","article_published_time":"2020-12-09T12:51:30+00:00","article_modified_time":"2020-12-09T12:51:32+00:00","og_image":[{"width":1000,"height":577,"url":"https:\/\/jornalfatosenoticias.com.br\/wp-content\/uploads\/2020\/12\/vacina.jpg","type":"image\/jpeg"}],"author":"Luzimara Fernandes","twitter_card":"summary_large_image","twitter_misc":{"Escrito por":"Luzimara Fernandes","Est. tempo de leitura":"4 minutos"},"schema":{"@context":"https:\/\/schema.org","@graph":[{"@type":"Article","@id":"https:\/\/jornalfatosenoticias.com.br\/index.php\/2020\/12\/09\/uma-em-cada-10-pessoas-de-paises-pobres-recebera-vacina-diz-relatorio\/#article","isPartOf":{"@id":"https:\/\/jornalfatosenoticias.com.br\/index.php\/2020\/12\/09\/uma-em-cada-10-pessoas-de-paises-pobres-recebera-vacina-diz-relatorio\/"},"author":{"name":"Luzimara Fernandes","@id":"https:\/\/jornalfatosenoticias.com.br\/#\/schema\/person\/d63837fa13ac8666eb9e74e0985d6f81"},"headline":"Uma em cada 10 pessoas de pa\u00edses pobres receber\u00e1 vacina, diz relat\u00f3rio","datePublished":"2020-12-09T12:51:30+00:00","dateModified":"2020-12-09T12:51:32+00:00","mainEntityOfPage":{"@id":"https:\/\/jornalfatosenoticias.com.br\/index.php\/2020\/12\/09\/uma-em-cada-10-pessoas-de-paises-pobres-recebera-vacina-diz-relatorio\/"},"wordCount":902,"commentCount":0,"publisher":{"@id":"https:\/\/jornalfatosenoticias.com.br\/#organization"},"image":{"@id":"https:\/\/jornalfatosenoticias.com.br\/index.php\/2020\/12\/09\/uma-em-cada-10-pessoas-de-paises-pobres-recebera-vacina-diz-relatorio\/#primaryimage"},"thumbnailUrl":"https:\/\/jornalfatosenoticias.com.br\/wp-content\/uploads\/2020\/12\/vacina.jpg","keywords":["coronav\u00edrus","covid-19","pa\u00edses pobres","relat\u00f3rio","vacina"],"articleSection":["Internacional"],"inLanguage":"pt-BR","potentialAction":[{"@type":"CommentAction","name":"Comment","target":["https:\/\/jornalfatosenoticias.com.br\/index.php\/2020\/12\/09\/uma-em-cada-10-pessoas-de-paises-pobres-recebera-vacina-diz-relatorio\/#respond"]}]},{"@type":"WebPage","@id":"https:\/\/jornalfatosenoticias.com.br\/index.php\/2020\/12\/09\/uma-em-cada-10-pessoas-de-paises-pobres-recebera-vacina-diz-relatorio\/","url":"https:\/\/jornalfatosenoticias.com.br\/index.php\/2020\/12\/09\/uma-em-cada-10-pessoas-de-paises-pobres-recebera-vacina-diz-relatorio\/","name":"Uma em cada 10 pessoas de pa\u00edses pobres receber\u00e1 vacina, diz relat\u00f3rio - Jornal Fatos e Not\u00edcias","isPartOf":{"@id":"https:\/\/jornalfatosenoticias.com.br\/#website"},"primaryImageOfPage":{"@id":"https:\/\/jornalfatosenoticias.com.br\/index.php\/2020\/12\/09\/uma-em-cada-10-pessoas-de-paises-pobres-recebera-vacina-diz-relatorio\/#primaryimage"},"image":{"@id":"https:\/\/jornalfatosenoticias.com.br\/index.php\/2020\/12\/09\/uma-em-cada-10-pessoas-de-paises-pobres-recebera-vacina-diz-relatorio\/#primaryimage"},"thumbnailUrl":"https:\/\/jornalfatosenoticias.com.br\/wp-content\/uploads\/2020\/12\/vacina.jpg","datePublished":"2020-12-09T12:51:30+00:00","dateModified":"2020-12-09T12:51:32+00:00","breadcrumb":{"@id":"https:\/\/jornalfatosenoticias.com.br\/index.php\/2020\/12\/09\/uma-em-cada-10-pessoas-de-paises-pobres-recebera-vacina-diz-relatorio\/#breadcrumb"},"inLanguage":"pt-BR","potentialAction":[{"@type":"ReadAction","target":["https:\/\/jornalfatosenoticias.com.br\/index.php\/2020\/12\/09\/uma-em-cada-10-pessoas-de-paises-pobres-recebera-vacina-diz-relatorio\/"]}]},{"@type":"ImageObject","inLanguage":"pt-BR","@id":"https:\/\/jornalfatosenoticias.com.br\/index.php\/2020\/12\/09\/uma-em-cada-10-pessoas-de-paises-pobres-recebera-vacina-diz-relatorio\/#primaryimage","url":"https:\/\/jornalfatosenoticias.com.br\/wp-content\/uploads\/2020\/12\/vacina.jpg","contentUrl":"https:\/\/jornalfatosenoticias.com.br\/wp-content\/uploads\/2020\/12\/vacina.jpg","width":1000,"height":577,"caption":"COVID-19: EM BUSCA DE UMA VACINA"},{"@type":"BreadcrumbList","@id":"https:\/\/jornalfatosenoticias.com.br\/index.php\/2020\/12\/09\/uma-em-cada-10-pessoas-de-paises-pobres-recebera-vacina-diz-relatorio\/#breadcrumb","itemListElement":[{"@type":"ListItem","position":1,"name":"In\u00edcio","item":"https:\/\/jornalfatosenoticias.com.br\/"},{"@type":"ListItem","position":2,"name":"Uma em cada 10 pessoas de pa\u00edses pobres receber\u00e1 vacina, diz relat\u00f3rio"}]},{"@type":"WebSite","@id":"https:\/\/jornalfatosenoticias.com.br\/#website","url":"https:\/\/jornalfatosenoticias.com.br\/","name":"Jornal Fatos e Not\u00edcias","description":"Not\u00edcias em geral","publisher":{"@id":"https:\/\/jornalfatosenoticias.com.br\/#organization"},"potentialAction":[{"@type":"SearchAction","target":{"@type":"EntryPoint","urlTemplate":"https:\/\/jornalfatosenoticias.com.br\/?s={search_term_string}"},"query-input":{"@type":"PropertyValueSpecification","valueRequired":true,"valueName":"search_term_string"}}],"inLanguage":"pt-BR"},{"@type":"Organization","@id":"https:\/\/jornalfatosenoticias.com.br\/#organization","name":"Jornal Fatos e Not\u00edcias","url":"https:\/\/jornalfatosenoticias.com.br\/","logo":{"@type":"ImageObject","inLanguage":"pt-BR","@id":"https:\/\/jornalfatosenoticias.com.br\/#\/schema\/logo\/image\/","url":"https:\/\/jornalfatosenoticias.com.br\/wp-content\/uploads\/2020\/02\/logo120.png","contentUrl":"https:\/\/jornalfatosenoticias.com.br\/wp-content\/uploads\/2020\/02\/logo120.png","width":1227,"height":120,"caption":"Jornal Fatos e Not\u00edcias"},"image":{"@id":"https:\/\/jornalfatosenoticias.com.br\/#\/schema\/logo\/image\/"}},{"@type":"Person","@id":"https:\/\/jornalfatosenoticias.com.br\/#\/schema\/person\/d63837fa13ac8666eb9e74e0985d6f81","name":"Luzimara Fernandes","image":{"@type":"ImageObject","inLanguage":"pt-BR","@id":"https:\/\/jornalfatosenoticias.com.br\/#\/schema\/person\/image\/","url":"https:\/\/jornalfatosenoticias.com.br\/wp-content\/uploads\/2025\/05\/EU_portal.jpg","contentUrl":"https:\/\/jornalfatosenoticias.com.br\/wp-content\/uploads\/2025\/05\/EU_portal.jpg","caption":"Luzimara Fernandes"},"description":"Jornalista MTB 2358-ES","sameAs":["https:\/\/jornalfatosenoticias.com.br"],"url":"https:\/\/jornalfatosenoticias.com.br\/index.php\/author\/luzimara\/"}]}},"cc_featured_image_caption":{"caption_text":"","source_text":"","source_url":""},"jetpack_featured_media_url":"https:\/\/jornalfatosenoticias.com.br\/wp-content\/uploads\/2020\/12\/vacina.jpg","_links":{"self":[{"href":"https:\/\/jornalfatosenoticias.com.br\/index.php\/wp-json\/wp\/v2\/posts\/12278","targetHints":{"allow":["GET"]}}],"collection":[{"href":"https:\/\/jornalfatosenoticias.com.br\/index.php\/wp-json\/wp\/v2\/posts"}],"about":[{"href":"https:\/\/jornalfatosenoticias.com.br\/index.php\/wp-json\/wp\/v2\/types\/post"}],"author":[{"embeddable":true,"href":"https:\/\/jornalfatosenoticias.com.br\/index.php\/wp-json\/wp\/v2\/users\/2"}],"replies":[{"embeddable":true,"href":"https:\/\/jornalfatosenoticias.com.br\/index.php\/wp-json\/wp\/v2\/comments?post=12278"}],"version-history":[{"count":0,"href":"https:\/\/jornalfatosenoticias.com.br\/index.php\/wp-json\/wp\/v2\/posts\/12278\/revisions"}],"wp:featuredmedia":[{"embeddable":true,"href":"https:\/\/jornalfatosenoticias.com.br\/index.php\/wp-json\/wp\/v2\/media\/12279"}],"wp:attachment":[{"href":"https:\/\/jornalfatosenoticias.com.br\/index.php\/wp-json\/wp\/v2\/media?parent=12278"}],"wp:term":[{"taxonomy":"category","embeddable":true,"href":"https:\/\/jornalfatosenoticias.com.br\/index.php\/wp-json\/wp\/v2\/categories?post=12278"},{"taxonomy":"post_tag","embeddable":true,"href":"https:\/\/jornalfatosenoticias.com.br\/index.php\/wp-json\/wp\/v2\/tags?post=12278"}],"curies":[{"name":"wp","href":"https:\/\/api.w.org\/{rel}","templated":true}]}}