{"id":12317,"date":"2020-12-10T17:38:15","date_gmt":"2020-12-10T20:38:15","guid":{"rendered":"https:\/\/jornalfatosenoticias.com.br\/?p=12317"},"modified":"2020-12-10T17:38:20","modified_gmt":"2020-12-10T20:38:20","slug":"estragos-permanentes-da-privacao-materna-pela-acusacao-da-lei-de-alienacao-parental-parte-iv","status":"publish","type":"post","link":"https:\/\/jornalfatosenoticias.com.br\/index.php\/2020\/12\/10\/estragos-permanentes-da-privacao-materna-pela-acusacao-da-lei-de-alienacao-parental-parte-iv\/","title":{"rendered":"Estragos Permanentes da Priva\u00e7\u00e3o Materna pela acusa\u00e7\u00e3o da Lei de Aliena\u00e7\u00e3o Parental \u2014 Parte IV"},"content":{"rendered":"\n<h6 class=\"wp-block-heading\"><em>\u201cAlienar\u201d o genitor \u00e9 de imenso preju\u00edzo, mas o Estado \u201calienar\u201d a m\u00e3e, pode<\/em><\/h6>\n\n\n\n<p>A Lei de Aliena\u00e7\u00e3o Parental \u00e9 o manto sombrio e perverso que encobre uma mistura que comp\u00f5e uma verdadeira bomba at\u00f4mica: abuso sexual intrafamiliar e priva\u00e7\u00e3o materna judicial. Esta mistura \u00e9 fatal para que sejam amorda\u00e7adas crian\u00e7as e m\u00e3es, v\u00edtimas da viol\u00eancia sexual e dom\u00e9stica. Se acompanharmos o \u201croteiro\u201d que ficou estabelecido com a chegada da lei de aliena\u00e7\u00e3o parental, constatamos este fluxo que \u00e9 sustentado por preconceitos e prejulgamentos. A m\u00e3e que denuncia abuso sexual intrafamiliar, ou seja, incestuoso, \u00e9, imediatamente, acusada de \u201calienadora\u201d. O abuso sexual incestuoso acabou para os operadores de justi\u00e7a. Dogmatizaram que toda m\u00e3e ap\u00f3s a separa\u00e7\u00e3o \u00e9 uma ressentida, uma vingativa, uma desequilibrada. E, como \u00e9 numeroso o abandono afetivo, financeiro, social paterno, parece que fica festejado o pai que faz quest\u00e3o de levar a crian\u00e7a para sua conviv\u00eancia. Temos vergonhosos 57 milh\u00f5es de m\u00e3es solo no nosso Pa\u00eds. Temos tamb\u00e9m o \u00edndice de 69% de abandono paterno das crian\u00e7as portadoras de microcefalia do surto de infec\u00e7\u00e3o do zika v\u00edrus. A fun\u00e7\u00e3o paterna \u00e9 muito pouco e mal desenvolvida na nossa sociedade. Por ter a necessidade de ser constru\u00edda, a fun\u00e7\u00e3o paterna demanda um investimento afetivo cont\u00ednuo, com a transmiss\u00e3o transgeracional da experi\u00eancia vivida como filho, trazendo a inf\u00e2ncia saud\u00e1vel daquela rela\u00e7\u00e3o pai-filho.<br>A fun\u00e7\u00e3o paterna pode ser experimentada de maneira substitutiva ou at\u00e9 em situa\u00e7\u00e3o de aus\u00eancia. Uma crian\u00e7a pode viver este pai de maneira saud\u00e1vel em outras figuras masculinas, assim como na sua orfandade. Ou seja, um pai pode \u201cexistir\u201d, mesmo que j\u00e1 seja falecido. A boa refer\u00eancia vem atrav\u00e9s da m\u00e3e.<br>A m\u00e3e \u00e9 a primeira pessoa na vida de um beb\u00ea, dando continuidade ao v\u00ednculo visceral j\u00e1 existente. A Natureza \u00e9 facilitadora nesta rela\u00e7\u00e3o m\u00e3e-beb\u00ea. A vida intrauterina, o parto, a amamenta\u00e7\u00e3o, t\u00eam um car\u00e1ter de manuten\u00e7\u00e3o de vida. No desenvolvimento infantil, m\u00e3e e pai t\u00eam lugares espec\u00edficos, e s\u00e3o promotores de sa\u00fade para a crian\u00e7a.<br>No entanto, a fun\u00e7\u00e3o materna \u00e9 crucial para todos os mam\u00edferos. Principalmente, o mam\u00edfero homem, que nasce com tantas defici\u00eancias, necessitando deste mamar nutriente e do mamar de afeto. Portanto, privar uma crian\u00e7a desta sustenta\u00e7\u00e3o \u00e9 conden\u00e1-la a desvio de percurso. As sequelas s\u00e3o de v\u00e1rias ordens. As psicol\u00f3gicas s\u00e3o variadas, da inibi\u00e7\u00e3o por inseguran\u00e7a, \u00e0 agressividade por ansiedade. A falta do colo materno na inf\u00e2ncia produz uma instabilidade emocional marcada. O colo materno que traz de volta a proximidade com a amamenta\u00e7\u00e3o aconchegante e vital, diverso do colo paterno, que aproxima da for\u00e7a muscular, que tem seus momentos de import\u00e2ncia.<br>Mas \u00e9 no campo da subjetividade que a priva\u00e7\u00e3o materna imposta pela Justi\u00e7a faz os maiores estragos. Explicando aqui que a lei de aliena\u00e7\u00e3o parental, que entende a tentativa de afastar o pai como um grande preju\u00edzo para a crian\u00e7a, sem nem mesmo considerar que existem, muitas vezes, justificativa plaus\u00edvel e justa para que a m\u00e3e busque este afastamento protetor. O mesmo ponto que a justi\u00e7a condena pelo dito preju\u00edzo para a crian\u00e7a, a alegada \u201caliena\u00e7\u00e3o\u201d \u00e9 a puni\u00e7\u00e3o determinada para a m\u00e3e, como se a mesma bala que matou algu\u00e9m deve servir para matar o homicida deste algu\u00e9m. \u201cAlienar\u201d o genitor \u00e9 de imenso preju\u00edzo, mas o Estado \u201calienar\u201d a m\u00e3e, pode.<br>Precisamos pensar que esta combina\u00e7\u00e3o, numa sequ\u00eancia de invers\u00f5es, \u00e9 enlouquecedora. A crian\u00e7a, corajosamente, quebra o pacto do segredo estabelecido pelo genitor. A m\u00e3e cumpre o artigo 13 do ECA, denuncia. A crian\u00e7a sai \u201cpresa\u201d, o juiz manda entreg\u00e1-la para o pai, a quem ela acusa de praticar abusos nela, e a m\u00e3e desaparece para ela. Pelo olhar da crian\u00e7a, ela foi castigada por ter revelado o segredo, os abusos n\u00e3o s\u00e3o errados porque o juiz mandou que ela fosse morar com seu abusador, e a m\u00e3e a abandonou, deixando-a sozinha. Ela n\u00e3o importa para a m\u00e3e, como pensava. Para o pai, ela \u00e9 um objeto de Poder. Para a lei, o que ela pensava que era errado, o juiz disse que \u00e9 certo. Isto tudo no momento que ela est\u00e1 esbo\u00e7ando os primeiros c\u00f3digos morais e \u00e9ticos. A anomalia est\u00e1 instalada. N\u00e3o h\u00e1 como uma crian\u00e7a que est\u00e1 buscando par\u00e2metros e crit\u00e9rios para estabelecer um pensamento de rela\u00e7\u00e3o social, ter sua mente invadida por invers\u00f5es, contorcionismos, transgress\u00f5es normalizadas, e prosseguir investindo em algum c\u00f3digo de certo e errado. Sem c\u00f3digos Morais e \u00c9ticos, n\u00e3o h\u00e1 civiliza\u00e7\u00e3o. Este \u00e9 um preju\u00edzo incomensur\u00e1vel. \u00c9 o comprometimento da possibilidade do exerc\u00edcio da Cidadania.<\/p>\n\n\n\n<figure class=\"wp-block-image size-large\"><img loading=\"lazy\" decoding=\"async\" width=\"1000\" height=\"911\" src=\"https:\/\/jornalfatosenoticias.com.br\/wp-content\/uploads\/2020\/12\/VIOLENCIA-DOMESTICA_CRIANCA.jpg\" alt=\"\" class=\"wp-image-12318\" srcset=\"https:\/\/jornalfatosenoticias.com.br\/wp-content\/uploads\/2020\/12\/VIOLENCIA-DOMESTICA_CRIANCA.jpg 1000w, https:\/\/jornalfatosenoticias.com.br\/wp-content\/uploads\/2020\/12\/VIOLENCIA-DOMESTICA_CRIANCA-300x273.jpg 300w, https:\/\/jornalfatosenoticias.com.br\/wp-content\/uploads\/2020\/12\/VIOLENCIA-DOMESTICA_CRIANCA-768x700.jpg 768w\" sizes=\"auto, (max-width: 1000px) 100vw, 1000px\" \/><figcaption><em>Viol\u00eancia dom\u00e9stica (Foto: Alcinete Gadelha\/G1)<\/em><\/figcaption><\/figure>\n\n\n\n<p>Hoje, dia 10 de dezembro, \u00e9 o DIA da DECLARA\u00c7\u00c3O UNIVERSAL dos DIREITOS HUMANOS. Mas, quais DIREITOS HUMANOS est\u00e3o sendo dedicados a estas Crian\u00e7as? Entregues JUDICIALMENTE aos seus abusadores e proibidos JUDICIALMENTE ao Direito de TER m\u00e3e, com a coniv\u00eancia de todos n\u00f3s. O sil\u00eancio, a imobilidade, \u00e9 conivente. A TODAS estas Crian\u00e7as, e a todas as demais Crian\u00e7as, abandonadas pela Sociedade, pelos Poderes P\u00fablicos, que hoje t\u00eam seus Direitos Fundamentais violados por todos n\u00f3s, meu pedido de desculpa, meu respeito, e minha admira\u00e7\u00e3o pela for\u00e7a que t\u00eam. Em especial, \u00e0s Crian\u00e7as que tiveram um \u00faltimo encontro com uma \u201cbala achada\u201d, enquanto brincavam como crian\u00e7as.<br>N\u00e3o temos o que comemorar neste anivers\u00e1rio de 72 anos da Declara\u00e7\u00e3o Universal dos Direitos Humanos. Eles s\u00e3o para todos. Todos? Somos todos Respons\u00e1veis por estas viola\u00e7\u00f5es.<br>Continuaremos falando no tema dos estragos permanentes causados pela lei da fal\u00e1cia de aliena\u00e7\u00e3o parental.<\/p>\n","protected":false},"excerpt":{"rendered":"<p>\u201cAlienar\u201d o genitor \u00e9 de imenso preju\u00edzo, mas o Estado \u201calienar\u201d a m\u00e3e, pode A Lei de Aliena\u00e7\u00e3o Parental \u00e9 o manto sombrio e perverso que encobre uma mistura que comp\u00f5e uma verdadeira bomba at\u00f4mica: abuso sexual intrafamiliar e priva\u00e7\u00e3o materna judicial. Esta mistura \u00e9 fatal para que sejam amorda\u00e7adas crian\u00e7as e m\u00e3es, v\u00edtimas da [&hellip;]<\/p>\n","protected":false},"author":8,"featured_media":12319,"comment_status":"open","ping_status":"open","sticky":false,"template":"","format":"standard","meta":{"footnotes":""},"categories":[2522],"tags":[4298,2812,1345,3238,2479],"class_list":["post-12317","post","type-post","status-publish","format-standard","has-post-thumbnail","hentry","category-comportamento","tag-alienacao-parental","tag-eca","tag-justica","tag-leis","tag-violencia"],"yoast_head":"<!-- This site is optimized with the Yoast SEO plugin v26.5 - https:\/\/yoast.com\/wordpress\/plugins\/seo\/ -->\n<title>Estragos Permanentes da Priva\u00e7\u00e3o Materna pela acusa\u00e7\u00e3o da Lei de Aliena\u00e7\u00e3o Parental \u2014 Parte IV - Jornal Fatos e Not\u00edcias<\/title>\n<meta name=\"robots\" content=\"index, follow, max-snippet:-1, max-image-preview:large, max-video-preview:-1\" \/>\n<link rel=\"canonical\" href=\"https:\/\/jornalfatosenoticias.com.br\/index.php\/2020\/12\/10\/estragos-permanentes-da-privacao-materna-pela-acusacao-da-lei-de-alienacao-parental-parte-iv\/\" \/>\n<meta property=\"og:locale\" content=\"pt_BR\" \/>\n<meta property=\"og:type\" content=\"article\" \/>\n<meta property=\"og:title\" content=\"Estragos Permanentes da Priva\u00e7\u00e3o Materna pela acusa\u00e7\u00e3o da Lei de Aliena\u00e7\u00e3o Parental \u2014 Parte IV - Jornal Fatos e Not\u00edcias\" \/>\n<meta property=\"og:description\" content=\"\u201cAlienar\u201d o genitor \u00e9 de imenso preju\u00edzo, mas o Estado \u201calienar\u201d a m\u00e3e, pode A Lei de Aliena\u00e7\u00e3o Parental \u00e9 o manto sombrio e perverso que encobre uma mistura que comp\u00f5e uma verdadeira bomba at\u00f4mica: abuso sexual intrafamiliar e priva\u00e7\u00e3o materna judicial. Esta mistura \u00e9 fatal para que sejam amorda\u00e7adas crian\u00e7as e m\u00e3es, v\u00edtimas da [&hellip;]\" \/>\n<meta property=\"og:url\" content=\"https:\/\/jornalfatosenoticias.com.br\/index.php\/2020\/12\/10\/estragos-permanentes-da-privacao-materna-pela-acusacao-da-lei-de-alienacao-parental-parte-iv\/\" \/>\n<meta property=\"og:site_name\" content=\"Jornal Fatos e Not\u00edcias\" \/>\n<meta property=\"article:published_time\" content=\"2020-12-10T20:38:15+00:00\" \/>\n<meta property=\"article:modified_time\" content=\"2020-12-10T20:38:20+00:00\" \/>\n<meta property=\"og:image\" content=\"https:\/\/jornalfatosenoticias.com.br\/wp-content\/uploads\/2020\/12\/mae-e-filha_alienacao-parental.jpg\" \/>\n\t<meta property=\"og:image:width\" content=\"1000\" \/>\n\t<meta property=\"og:image:height\" content=\"622\" \/>\n\t<meta property=\"og:image:type\" content=\"image\/jpeg\" \/>\n<meta name=\"author\" content=\"Ana Maria Iencarelli\" \/>\n<meta name=\"twitter:card\" content=\"summary_large_image\" \/>\n<meta name=\"twitter:label1\" content=\"Escrito por\" \/>\n\t<meta name=\"twitter:data1\" content=\"Ana Maria Iencarelli\" \/>\n\t<meta name=\"twitter:label2\" content=\"Est. tempo de leitura\" \/>\n\t<meta name=\"twitter:data2\" content=\"5 minutos\" \/>\n<script type=\"application\/ld+json\" class=\"yoast-schema-graph\">{\"@context\":\"https:\/\/schema.org\",\"@graph\":[{\"@type\":\"Article\",\"@id\":\"https:\/\/jornalfatosenoticias.com.br\/index.php\/2020\/12\/10\/estragos-permanentes-da-privacao-materna-pela-acusacao-da-lei-de-alienacao-parental-parte-iv\/#article\",\"isPartOf\":{\"@id\":\"https:\/\/jornalfatosenoticias.com.br\/index.php\/2020\/12\/10\/estragos-permanentes-da-privacao-materna-pela-acusacao-da-lei-de-alienacao-parental-parte-iv\/\"},\"author\":{\"name\":\"Ana Maria Iencarelli\",\"@id\":\"https:\/\/jornalfatosenoticias.com.br\/#\/schema\/person\/c33fcf5fb02d729d3fec92c6737a22d1\"},\"headline\":\"Estragos Permanentes da Priva\u00e7\u00e3o Materna pela acusa\u00e7\u00e3o da Lei de Aliena\u00e7\u00e3o Parental \u2014 Parte IV\",\"datePublished\":\"2020-12-10T20:38:15+00:00\",\"dateModified\":\"2020-12-10T20:38:20+00:00\",\"mainEntityOfPage\":{\"@id\":\"https:\/\/jornalfatosenoticias.com.br\/index.php\/2020\/12\/10\/estragos-permanentes-da-privacao-materna-pela-acusacao-da-lei-de-alienacao-parental-parte-iv\/\"},\"wordCount\":1037,\"commentCount\":0,\"publisher\":{\"@id\":\"https:\/\/jornalfatosenoticias.com.br\/#organization\"},\"image\":{\"@id\":\"https:\/\/jornalfatosenoticias.com.br\/index.php\/2020\/12\/10\/estragos-permanentes-da-privacao-materna-pela-acusacao-da-lei-de-alienacao-parental-parte-iv\/#primaryimage\"},\"thumbnailUrl\":\"https:\/\/jornalfatosenoticias.com.br\/wp-content\/uploads\/2020\/12\/mae-e-filha_alienacao-parental.jpg\",\"keywords\":[\"aliena\u00e7\u00e3o parental\",\"ECA\",\"justi\u00e7a\",\"leis\",\"viol\u00eancia\"],\"articleSection\":[\"Comportamento &amp; Equil\u00edbrio\"],\"inLanguage\":\"pt-BR\",\"potentialAction\":[{\"@type\":\"CommentAction\",\"name\":\"Comment\",\"target\":[\"https:\/\/jornalfatosenoticias.com.br\/index.php\/2020\/12\/10\/estragos-permanentes-da-privacao-materna-pela-acusacao-da-lei-de-alienacao-parental-parte-iv\/#respond\"]}]},{\"@type\":\"WebPage\",\"@id\":\"https:\/\/jornalfatosenoticias.com.br\/index.php\/2020\/12\/10\/estragos-permanentes-da-privacao-materna-pela-acusacao-da-lei-de-alienacao-parental-parte-iv\/\",\"url\":\"https:\/\/jornalfatosenoticias.com.br\/index.php\/2020\/12\/10\/estragos-permanentes-da-privacao-materna-pela-acusacao-da-lei-de-alienacao-parental-parte-iv\/\",\"name\":\"Estragos Permanentes da Priva\u00e7\u00e3o Materna pela acusa\u00e7\u00e3o da Lei de Aliena\u00e7\u00e3o Parental \u2014 Parte IV - Jornal Fatos e Not\u00edcias\",\"isPartOf\":{\"@id\":\"https:\/\/jornalfatosenoticias.com.br\/#website\"},\"primaryImageOfPage\":{\"@id\":\"https:\/\/jornalfatosenoticias.com.br\/index.php\/2020\/12\/10\/estragos-permanentes-da-privacao-materna-pela-acusacao-da-lei-de-alienacao-parental-parte-iv\/#primaryimage\"},\"image\":{\"@id\":\"https:\/\/jornalfatosenoticias.com.br\/index.php\/2020\/12\/10\/estragos-permanentes-da-privacao-materna-pela-acusacao-da-lei-de-alienacao-parental-parte-iv\/#primaryimage\"},\"thumbnailUrl\":\"https:\/\/jornalfatosenoticias.com.br\/wp-content\/uploads\/2020\/12\/mae-e-filha_alienacao-parental.jpg\",\"datePublished\":\"2020-12-10T20:38:15+00:00\",\"dateModified\":\"2020-12-10T20:38:20+00:00\",\"breadcrumb\":{\"@id\":\"https:\/\/jornalfatosenoticias.com.br\/index.php\/2020\/12\/10\/estragos-permanentes-da-privacao-materna-pela-acusacao-da-lei-de-alienacao-parental-parte-iv\/#breadcrumb\"},\"inLanguage\":\"pt-BR\",\"potentialAction\":[{\"@type\":\"ReadAction\",\"target\":[\"https:\/\/jornalfatosenoticias.com.br\/index.php\/2020\/12\/10\/estragos-permanentes-da-privacao-materna-pela-acusacao-da-lei-de-alienacao-parental-parte-iv\/\"]}]},{\"@type\":\"ImageObject\",\"inLanguage\":\"pt-BR\",\"@id\":\"https:\/\/jornalfatosenoticias.com.br\/index.php\/2020\/12\/10\/estragos-permanentes-da-privacao-materna-pela-acusacao-da-lei-de-alienacao-parental-parte-iv\/#primaryimage\",\"url\":\"https:\/\/jornalfatosenoticias.com.br\/wp-content\/uploads\/2020\/12\/mae-e-filha_alienacao-parental.jpg\",\"contentUrl\":\"https:\/\/jornalfatosenoticias.com.br\/wp-content\/uploads\/2020\/12\/mae-e-filha_alienacao-parental.jpg\",\"width\":1000,\"height\":622},{\"@type\":\"BreadcrumbList\",\"@id\":\"https:\/\/jornalfatosenoticias.com.br\/index.php\/2020\/12\/10\/estragos-permanentes-da-privacao-materna-pela-acusacao-da-lei-de-alienacao-parental-parte-iv\/#breadcrumb\",\"itemListElement\":[{\"@type\":\"ListItem\",\"position\":1,\"name\":\"In\u00edcio\",\"item\":\"https:\/\/jornalfatosenoticias.com.br\/\"},{\"@type\":\"ListItem\",\"position\":2,\"name\":\"Estragos Permanentes da Priva\u00e7\u00e3o Materna pela acusa\u00e7\u00e3o da Lei de Aliena\u00e7\u00e3o Parental \u2014 Parte IV\"}]},{\"@type\":\"WebSite\",\"@id\":\"https:\/\/jornalfatosenoticias.com.br\/#website\",\"url\":\"https:\/\/jornalfatosenoticias.com.br\/\",\"name\":\"Jornal Fatos e Not\u00edcias\",\"description\":\"Not\u00edcias em geral\",\"publisher\":{\"@id\":\"https:\/\/jornalfatosenoticias.com.br\/#organization\"},\"potentialAction\":[{\"@type\":\"SearchAction\",\"target\":{\"@type\":\"EntryPoint\",\"urlTemplate\":\"https:\/\/jornalfatosenoticias.com.br\/?s={search_term_string}\"},\"query-input\":{\"@type\":\"PropertyValueSpecification\",\"valueRequired\":true,\"valueName\":\"search_term_string\"}}],\"inLanguage\":\"pt-BR\"},{\"@type\":\"Organization\",\"@id\":\"https:\/\/jornalfatosenoticias.com.br\/#organization\",\"name\":\"Jornal Fatos e Not\u00edcias\",\"url\":\"https:\/\/jornalfatosenoticias.com.br\/\",\"logo\":{\"@type\":\"ImageObject\",\"inLanguage\":\"pt-BR\",\"@id\":\"https:\/\/jornalfatosenoticias.com.br\/#\/schema\/logo\/image\/\",\"url\":\"https:\/\/jornalfatosenoticias.com.br\/wp-content\/uploads\/2020\/02\/logo120.png\",\"contentUrl\":\"https:\/\/jornalfatosenoticias.com.br\/wp-content\/uploads\/2020\/02\/logo120.png\",\"width\":1227,\"height\":120,\"caption\":\"Jornal Fatos e Not\u00edcias\"},\"image\":{\"@id\":\"https:\/\/jornalfatosenoticias.com.br\/#\/schema\/logo\/image\/\"}},{\"@type\":\"Person\",\"@id\":\"https:\/\/jornalfatosenoticias.com.br\/#\/schema\/person\/c33fcf5fb02d729d3fec92c6737a22d1\",\"name\":\"Ana Maria Iencarelli\",\"image\":{\"@type\":\"ImageObject\",\"inLanguage\":\"pt-BR\",\"@id\":\"https:\/\/jornalfatosenoticias.com.br\/#\/schema\/person\/image\/\",\"url\":\"https:\/\/jornalfatosenoticias.com.br\/wp-content\/uploads\/2020\/02\/Ana-Maria-Iencarelli-1-150x150.jpg\",\"contentUrl\":\"https:\/\/jornalfatosenoticias.com.br\/wp-content\/uploads\/2020\/02\/Ana-Maria-Iencarelli-1-150x150.jpg\",\"caption\":\"Ana Maria Iencarelli\"},\"description\":\"Psicanalista Cl\u00ednica, especializada no atendimento a Crian\u00e7as e Adolescentes. Presidente da ONG Vozes de Anjos.\",\"url\":\"https:\/\/jornalfatosenoticias.com.br\/index.php\/author\/anamaria\/\"}]}<\/script>\n<!-- \/ Yoast SEO plugin. -->","yoast_head_json":{"title":"Estragos Permanentes da Priva\u00e7\u00e3o Materna pela acusa\u00e7\u00e3o da Lei de Aliena\u00e7\u00e3o Parental \u2014 Parte IV - Jornal Fatos e Not\u00edcias","robots":{"index":"index","follow":"follow","max-snippet":"max-snippet:-1","max-image-preview":"max-image-preview:large","max-video-preview":"max-video-preview:-1"},"canonical":"https:\/\/jornalfatosenoticias.com.br\/index.php\/2020\/12\/10\/estragos-permanentes-da-privacao-materna-pela-acusacao-da-lei-de-alienacao-parental-parte-iv\/","og_locale":"pt_BR","og_type":"article","og_title":"Estragos Permanentes da Priva\u00e7\u00e3o Materna pela acusa\u00e7\u00e3o da Lei de Aliena\u00e7\u00e3o Parental \u2014 Parte IV - Jornal Fatos e Not\u00edcias","og_description":"\u201cAlienar\u201d o genitor \u00e9 de imenso preju\u00edzo, mas o Estado \u201calienar\u201d a m\u00e3e, pode A Lei de Aliena\u00e7\u00e3o Parental \u00e9 o manto sombrio e perverso que encobre uma mistura que comp\u00f5e uma verdadeira bomba at\u00f4mica: abuso sexual intrafamiliar e priva\u00e7\u00e3o materna judicial. Esta mistura \u00e9 fatal para que sejam amorda\u00e7adas crian\u00e7as e m\u00e3es, v\u00edtimas da [&hellip;]","og_url":"https:\/\/jornalfatosenoticias.com.br\/index.php\/2020\/12\/10\/estragos-permanentes-da-privacao-materna-pela-acusacao-da-lei-de-alienacao-parental-parte-iv\/","og_site_name":"Jornal Fatos e Not\u00edcias","article_published_time":"2020-12-10T20:38:15+00:00","article_modified_time":"2020-12-10T20:38:20+00:00","og_image":[{"width":1000,"height":622,"url":"https:\/\/jornalfatosenoticias.com.br\/wp-content\/uploads\/2020\/12\/mae-e-filha_alienacao-parental.jpg","type":"image\/jpeg"}],"author":"Ana Maria Iencarelli","twitter_card":"summary_large_image","twitter_misc":{"Escrito por":"Ana Maria Iencarelli","Est. tempo de leitura":"5 minutos"},"schema":{"@context":"https:\/\/schema.org","@graph":[{"@type":"Article","@id":"https:\/\/jornalfatosenoticias.com.br\/index.php\/2020\/12\/10\/estragos-permanentes-da-privacao-materna-pela-acusacao-da-lei-de-alienacao-parental-parte-iv\/#article","isPartOf":{"@id":"https:\/\/jornalfatosenoticias.com.br\/index.php\/2020\/12\/10\/estragos-permanentes-da-privacao-materna-pela-acusacao-da-lei-de-alienacao-parental-parte-iv\/"},"author":{"name":"Ana Maria Iencarelli","@id":"https:\/\/jornalfatosenoticias.com.br\/#\/schema\/person\/c33fcf5fb02d729d3fec92c6737a22d1"},"headline":"Estragos Permanentes da Priva\u00e7\u00e3o Materna pela acusa\u00e7\u00e3o da Lei de Aliena\u00e7\u00e3o Parental \u2014 Parte IV","datePublished":"2020-12-10T20:38:15+00:00","dateModified":"2020-12-10T20:38:20+00:00","mainEntityOfPage":{"@id":"https:\/\/jornalfatosenoticias.com.br\/index.php\/2020\/12\/10\/estragos-permanentes-da-privacao-materna-pela-acusacao-da-lei-de-alienacao-parental-parte-iv\/"},"wordCount":1037,"commentCount":0,"publisher":{"@id":"https:\/\/jornalfatosenoticias.com.br\/#organization"},"image":{"@id":"https:\/\/jornalfatosenoticias.com.br\/index.php\/2020\/12\/10\/estragos-permanentes-da-privacao-materna-pela-acusacao-da-lei-de-alienacao-parental-parte-iv\/#primaryimage"},"thumbnailUrl":"https:\/\/jornalfatosenoticias.com.br\/wp-content\/uploads\/2020\/12\/mae-e-filha_alienacao-parental.jpg","keywords":["aliena\u00e7\u00e3o parental","ECA","justi\u00e7a","leis","viol\u00eancia"],"articleSection":["Comportamento &amp; Equil\u00edbrio"],"inLanguage":"pt-BR","potentialAction":[{"@type":"CommentAction","name":"Comment","target":["https:\/\/jornalfatosenoticias.com.br\/index.php\/2020\/12\/10\/estragos-permanentes-da-privacao-materna-pela-acusacao-da-lei-de-alienacao-parental-parte-iv\/#respond"]}]},{"@type":"WebPage","@id":"https:\/\/jornalfatosenoticias.com.br\/index.php\/2020\/12\/10\/estragos-permanentes-da-privacao-materna-pela-acusacao-da-lei-de-alienacao-parental-parte-iv\/","url":"https:\/\/jornalfatosenoticias.com.br\/index.php\/2020\/12\/10\/estragos-permanentes-da-privacao-materna-pela-acusacao-da-lei-de-alienacao-parental-parte-iv\/","name":"Estragos Permanentes da Priva\u00e7\u00e3o Materna pela acusa\u00e7\u00e3o da Lei de Aliena\u00e7\u00e3o Parental \u2014 Parte IV - Jornal Fatos e Not\u00edcias","isPartOf":{"@id":"https:\/\/jornalfatosenoticias.com.br\/#website"},"primaryImageOfPage":{"@id":"https:\/\/jornalfatosenoticias.com.br\/index.php\/2020\/12\/10\/estragos-permanentes-da-privacao-materna-pela-acusacao-da-lei-de-alienacao-parental-parte-iv\/#primaryimage"},"image":{"@id":"https:\/\/jornalfatosenoticias.com.br\/index.php\/2020\/12\/10\/estragos-permanentes-da-privacao-materna-pela-acusacao-da-lei-de-alienacao-parental-parte-iv\/#primaryimage"},"thumbnailUrl":"https:\/\/jornalfatosenoticias.com.br\/wp-content\/uploads\/2020\/12\/mae-e-filha_alienacao-parental.jpg","datePublished":"2020-12-10T20:38:15+00:00","dateModified":"2020-12-10T20:38:20+00:00","breadcrumb":{"@id":"https:\/\/jornalfatosenoticias.com.br\/index.php\/2020\/12\/10\/estragos-permanentes-da-privacao-materna-pela-acusacao-da-lei-de-alienacao-parental-parte-iv\/#breadcrumb"},"inLanguage":"pt-BR","potentialAction":[{"@type":"ReadAction","target":["https:\/\/jornalfatosenoticias.com.br\/index.php\/2020\/12\/10\/estragos-permanentes-da-privacao-materna-pela-acusacao-da-lei-de-alienacao-parental-parte-iv\/"]}]},{"@type":"ImageObject","inLanguage":"pt-BR","@id":"https:\/\/jornalfatosenoticias.com.br\/index.php\/2020\/12\/10\/estragos-permanentes-da-privacao-materna-pela-acusacao-da-lei-de-alienacao-parental-parte-iv\/#primaryimage","url":"https:\/\/jornalfatosenoticias.com.br\/wp-content\/uploads\/2020\/12\/mae-e-filha_alienacao-parental.jpg","contentUrl":"https:\/\/jornalfatosenoticias.com.br\/wp-content\/uploads\/2020\/12\/mae-e-filha_alienacao-parental.jpg","width":1000,"height":622},{"@type":"BreadcrumbList","@id":"https:\/\/jornalfatosenoticias.com.br\/index.php\/2020\/12\/10\/estragos-permanentes-da-privacao-materna-pela-acusacao-da-lei-de-alienacao-parental-parte-iv\/#breadcrumb","itemListElement":[{"@type":"ListItem","position":1,"name":"In\u00edcio","item":"https:\/\/jornalfatosenoticias.com.br\/"},{"@type":"ListItem","position":2,"name":"Estragos Permanentes da Priva\u00e7\u00e3o Materna pela acusa\u00e7\u00e3o da Lei de Aliena\u00e7\u00e3o Parental \u2014 Parte IV"}]},{"@type":"WebSite","@id":"https:\/\/jornalfatosenoticias.com.br\/#website","url":"https:\/\/jornalfatosenoticias.com.br\/","name":"Jornal Fatos e Not\u00edcias","description":"Not\u00edcias em geral","publisher":{"@id":"https:\/\/jornalfatosenoticias.com.br\/#organization"},"potentialAction":[{"@type":"SearchAction","target":{"@type":"EntryPoint","urlTemplate":"https:\/\/jornalfatosenoticias.com.br\/?s={search_term_string}"},"query-input":{"@type":"PropertyValueSpecification","valueRequired":true,"valueName":"search_term_string"}}],"inLanguage":"pt-BR"},{"@type":"Organization","@id":"https:\/\/jornalfatosenoticias.com.br\/#organization","name":"Jornal Fatos e Not\u00edcias","url":"https:\/\/jornalfatosenoticias.com.br\/","logo":{"@type":"ImageObject","inLanguage":"pt-BR","@id":"https:\/\/jornalfatosenoticias.com.br\/#\/schema\/logo\/image\/","url":"https:\/\/jornalfatosenoticias.com.br\/wp-content\/uploads\/2020\/02\/logo120.png","contentUrl":"https:\/\/jornalfatosenoticias.com.br\/wp-content\/uploads\/2020\/02\/logo120.png","width":1227,"height":120,"caption":"Jornal Fatos e Not\u00edcias"},"image":{"@id":"https:\/\/jornalfatosenoticias.com.br\/#\/schema\/logo\/image\/"}},{"@type":"Person","@id":"https:\/\/jornalfatosenoticias.com.br\/#\/schema\/person\/c33fcf5fb02d729d3fec92c6737a22d1","name":"Ana Maria Iencarelli","image":{"@type":"ImageObject","inLanguage":"pt-BR","@id":"https:\/\/jornalfatosenoticias.com.br\/#\/schema\/person\/image\/","url":"https:\/\/jornalfatosenoticias.com.br\/wp-content\/uploads\/2020\/02\/Ana-Maria-Iencarelli-1-150x150.jpg","contentUrl":"https:\/\/jornalfatosenoticias.com.br\/wp-content\/uploads\/2020\/02\/Ana-Maria-Iencarelli-1-150x150.jpg","caption":"Ana Maria Iencarelli"},"description":"Psicanalista Cl\u00ednica, especializada no atendimento a Crian\u00e7as e Adolescentes. Presidente da ONG Vozes de Anjos.","url":"https:\/\/jornalfatosenoticias.com.br\/index.php\/author\/anamaria\/"}]}},"cc_featured_image_caption":{"caption_text":"(Foto: Depositphotos) ","source_text":"","source_url":""},"jetpack_featured_media_url":"https:\/\/jornalfatosenoticias.com.br\/wp-content\/uploads\/2020\/12\/mae-e-filha_alienacao-parental.jpg","_links":{"self":[{"href":"https:\/\/jornalfatosenoticias.com.br\/index.php\/wp-json\/wp\/v2\/posts\/12317","targetHints":{"allow":["GET"]}}],"collection":[{"href":"https:\/\/jornalfatosenoticias.com.br\/index.php\/wp-json\/wp\/v2\/posts"}],"about":[{"href":"https:\/\/jornalfatosenoticias.com.br\/index.php\/wp-json\/wp\/v2\/types\/post"}],"author":[{"embeddable":true,"href":"https:\/\/jornalfatosenoticias.com.br\/index.php\/wp-json\/wp\/v2\/users\/8"}],"replies":[{"embeddable":true,"href":"https:\/\/jornalfatosenoticias.com.br\/index.php\/wp-json\/wp\/v2\/comments?post=12317"}],"version-history":[{"count":0,"href":"https:\/\/jornalfatosenoticias.com.br\/index.php\/wp-json\/wp\/v2\/posts\/12317\/revisions"}],"wp:featuredmedia":[{"embeddable":true,"href":"https:\/\/jornalfatosenoticias.com.br\/index.php\/wp-json\/wp\/v2\/media\/12319"}],"wp:attachment":[{"href":"https:\/\/jornalfatosenoticias.com.br\/index.php\/wp-json\/wp\/v2\/media?parent=12317"}],"wp:term":[{"taxonomy":"category","embeddable":true,"href":"https:\/\/jornalfatosenoticias.com.br\/index.php\/wp-json\/wp\/v2\/categories?post=12317"},{"taxonomy":"post_tag","embeddable":true,"href":"https:\/\/jornalfatosenoticias.com.br\/index.php\/wp-json\/wp\/v2\/tags?post=12317"}],"curies":[{"name":"wp","href":"https:\/\/api.w.org\/{rel}","templated":true}]}}