{"id":1235,"date":"2020-02-19T10:06:19","date_gmt":"2020-02-19T13:06:19","guid":{"rendered":"https:\/\/jornalfatosenoticias.com.br\/?p=1235"},"modified":"2020-02-19T10:06:20","modified_gmt":"2020-02-19T13:06:20","slug":"um-carnaval-de-sons-em-concerto-comemorativo-da-orquestra-sinfonica-do-espirito-santo","status":"publish","type":"post","link":"https:\/\/jornalfatosenoticias.com.br\/index.php\/2020\/02\/19\/um-carnaval-de-sons-em-concerto-comemorativo-da-orquestra-sinfonica-do-espirito-santo\/","title":{"rendered":"Um carnaval de sons em concerto comemorativo da Orquestra Sinf\u00f4nica do Esp\u00edrito Santo"},"content":{"rendered":"\n<h6 class=\"wp-block-heading\"><em>Apresenta\u00e7\u00e3o vai reunir cl\u00e1ssicos carnavalescos brasileiros e internacionais<\/em><\/h6>\n\n\n\n<p>N\u00e3o s\u00f3 no Brasil o carnaval \u00e9 importante. A manifesta\u00e7\u00e3o \u00e9 comemorada em v\u00e1rias partes do mundo. Nas v\u00e9speras da festividade mais famosa do Brasil, a Orquestra Sinf\u00f4nica do Esp\u00edrito Santo (Oses) vai apresentar um concerto que mescla m\u00fasicas cl\u00e1ssicas inspiradas no carnaval europeu, com obras modernas inspiradas no carnaval brasileiro. A apresenta\u00e7\u00e3o \u00fanica vai ocorrer amanh\u00e3 (20), \u00e0s 20 horas, no Teatro Gl\u00f3ria, Centro de Vit\u00f3ria, sob a reg\u00eancia do maestro Leonardo David.<br>\nOs ingressos, a pre\u00e7os populares, custam R$ 10, inteira, e R$ 5, meia, e podem ser adquiridos com anteced\u00eancia na bilheteria do Centro Cultural Sesc Gl\u00f3ria. <br>\nO repert\u00f3rio da noite come\u00e7a com uma obra do s\u00e9culo XIX, o Carnaval Romano, escrito por Hector Berlioz, m\u00fasico franc\u00eas. Na abertura, o compositor explora com \u00eaxito a oposi\u00e7\u00e3o entre esses dois temas representativos, respectivamente, do fren\u00e9tico arrebatamento coletivo e do sentimento individual. Uma agitada tarantela (Allegro vivace) prenuncia a alegria da festa popular; mas logo d\u00e1 lugar ao melanc\u00f3lico canto de amor do corne ingl\u00eas (Andante sostenuto). <br>\nA outra pe\u00e7a, escrita pelo compositor brasileiro Ernani Aguiar, \u00e9 a Sinfonietta Seconda, que tem o subt\u00edtulo de &#8220;Carnevale&#8221;, obra inspirada no samba, na marcha rancho e no frevo, tudo feito com muita t\u00e9cnica e inspira\u00e7\u00e3o. Essa obra foi estreada na Alemanha e j\u00e1 foi apresentada em v\u00e1rias cidades brasileiras e em pa\u00edses como Pol\u00f4nia, Paraguai, M\u00e9xico e Bol\u00edvia.<br>\nPara finalizar o grito de carnaval e dar in\u00edcio \u00e0s comemora\u00e7\u00f5es carnavalescas, um especial de sambas-enredos e pout-pourri de marchinhas. <\/p>\n\n\n\n<figure class=\"wp-block-image size-large\"><img loading=\"lazy\" decoding=\"async\" width=\"960\" height=\"720\" src=\"https:\/\/jornalfatosenoticias.com.br\/wp-content\/uploads\/2020\/02\/FotoSescGlo\u0301ria.jpg\" alt=\"\" class=\"wp-image-1236\" srcset=\"https:\/\/jornalfatosenoticias.com.br\/wp-content\/uploads\/2020\/02\/FotoSescGlo\u0301ria.jpg 960w, https:\/\/jornalfatosenoticias.com.br\/wp-content\/uploads\/2020\/02\/FotoSescGlo\u0301ria-300x225.jpg 300w, https:\/\/jornalfatosenoticias.com.br\/wp-content\/uploads\/2020\/02\/FotoSescGlo\u0301ria-768x576.jpg 768w\" sizes=\"auto, (max-width: 960px) 100vw, 960px\" \/><figcaption>Centro Cultural Sesc Gl\u00f3ria, espa\u00e7o dedicado \u00e0 cultura e \u00e0s artes (Foto: \u00a9 Sesc)<\/figcaption><\/figure>\n\n\n\n<h2 class=\"wp-block-heading\">No Ritmo do Carnaval<\/h2>\n\n\n\n<ul class=\"wp-block-list\"><li>Berlioz\u2013 \u201cCarnaval Romano\u201d\u2013<\/li><li>Ernani Aguiar \u2013 Sinfonietta Seconda \u201cCarnevale\u201d<\/li><li>Especial sambas enredos pot-pourris de Carnaval: \u201cO abre alas\u201d, \u201cA turma do funil\u201d, \u201cCacha\u00e7a n\u00e3o \u00e9 \u00e1gua\u201d, \u201cAllah-la-O\u201d, \u201cCabeleira do Zez\u00e9\u201d e \u201cVassourinha\u201d<\/li><li>Regente: Leonardo David<\/li><\/ul>\n\n\n\n<p><strong>Servi\u00e7o<br><\/strong><em> Concertos Especiais<br><\/em> <strong>Data:<\/strong>  20\/02<br> <strong>Hor\u00e1rio:<\/strong> 20 horas<br> <strong>Local:<\/strong> Teatro Gl\u00f3ria, Centro de Vit\u00f3ria <br><strong> Ingressos:<\/strong> R$ 10 (inteira) | R$ 5 (meia)<\/p>\n\n\n\n<p><strong><em>Fonte: Secult-ES<\/em><\/strong><\/p>\n","protected":false},"excerpt":{"rendered":"<p>Apresenta\u00e7\u00e3o vai reunir cl\u00e1ssicos carnavalescos brasileiros e internacionais N\u00e3o s\u00f3 no Brasil o carnaval \u00e9 importante. A manifesta\u00e7\u00e3o \u00e9 comemorada em v\u00e1rias partes do mundo. Nas v\u00e9speras da festividade mais famosa do Brasil, a Orquestra Sinf\u00f4nica do Esp\u00edrito Santo (Oses) vai apresentar um concerto que mescla m\u00fasicas cl\u00e1ssicas inspiradas no carnaval europeu, com obras modernas [&hellip;]<\/p>\n","protected":false},"author":2,"featured_media":1237,"comment_status":"open","ping_status":"open","sticky":false,"template":"","format":"standard","meta":{"footnotes":""},"categories":[4],"tags":[],"class_list":["post-1235","post","type-post","status-publish","format-standard","has-post-thumbnail","hentry","category-cultura"],"yoast_head":"<!-- This site is optimized with the Yoast SEO plugin v26.5 - https:\/\/yoast.com\/wordpress\/plugins\/seo\/ -->\n<title>Um carnaval de sons em concerto comemorativo da Orquestra Sinf\u00f4nica do Esp\u00edrito Santo - Jornal Fatos e Not\u00edcias<\/title>\n<meta name=\"robots\" content=\"index, follow, max-snippet:-1, max-image-preview:large, max-video-preview:-1\" \/>\n<link rel=\"canonical\" href=\"https:\/\/jornalfatosenoticias.com.br\/index.php\/2020\/02\/19\/um-carnaval-de-sons-em-concerto-comemorativo-da-orquestra-sinfonica-do-espirito-santo\/\" \/>\n<meta property=\"og:locale\" content=\"pt_BR\" \/>\n<meta property=\"og:type\" content=\"article\" \/>\n<meta property=\"og:title\" content=\"Um carnaval de sons em concerto comemorativo da Orquestra Sinf\u00f4nica do Esp\u00edrito Santo - Jornal Fatos e Not\u00edcias\" \/>\n<meta property=\"og:description\" content=\"Apresenta\u00e7\u00e3o vai reunir cl\u00e1ssicos carnavalescos brasileiros e internacionais N\u00e3o s\u00f3 no Brasil o carnaval \u00e9 importante. A manifesta\u00e7\u00e3o \u00e9 comemorada em v\u00e1rias partes do mundo. Nas v\u00e9speras da festividade mais famosa do Brasil, a Orquestra Sinf\u00f4nica do Esp\u00edrito Santo (Oses) vai apresentar um concerto que mescla m\u00fasicas cl\u00e1ssicas inspiradas no carnaval europeu, com obras modernas [&hellip;]\" \/>\n<meta property=\"og:url\" content=\"https:\/\/jornalfatosenoticias.com.br\/index.php\/2020\/02\/19\/um-carnaval-de-sons-em-concerto-comemorativo-da-orquestra-sinfonica-do-espirito-santo\/\" \/>\n<meta property=\"og:site_name\" content=\"Jornal Fatos e Not\u00edcias\" \/>\n<meta property=\"article:published_time\" content=\"2020-02-19T13:06:19+00:00\" \/>\n<meta property=\"article:modified_time\" content=\"2020-02-19T13:06:20+00:00\" \/>\n<meta property=\"og:image\" content=\"https:\/\/jornalfatosenoticias.com.br\/wp-content\/uploads\/2020\/02\/oses_carnaval.jpg\" \/>\n\t<meta property=\"og:image:width\" content=\"960\" \/>\n\t<meta property=\"og:image:height\" content=\"613\" \/>\n\t<meta property=\"og:image:type\" content=\"image\/jpeg\" \/>\n<meta name=\"author\" content=\"Luzimara Fernandes\" \/>\n<meta name=\"twitter:card\" content=\"summary_large_image\" \/>\n<meta name=\"twitter:label1\" content=\"Escrito por\" \/>\n\t<meta name=\"twitter:data1\" content=\"Luzimara Fernandes\" \/>\n\t<meta name=\"twitter:label2\" content=\"Est. tempo de leitura\" \/>\n\t<meta name=\"twitter:data2\" content=\"2 minutos\" \/>\n<script type=\"application\/ld+json\" class=\"yoast-schema-graph\">{\"@context\":\"https:\/\/schema.org\",\"@graph\":[{\"@type\":\"Article\",\"@id\":\"https:\/\/jornalfatosenoticias.com.br\/index.php\/2020\/02\/19\/um-carnaval-de-sons-em-concerto-comemorativo-da-orquestra-sinfonica-do-espirito-santo\/#article\",\"isPartOf\":{\"@id\":\"https:\/\/jornalfatosenoticias.com.br\/index.php\/2020\/02\/19\/um-carnaval-de-sons-em-concerto-comemorativo-da-orquestra-sinfonica-do-espirito-santo\/\"},\"author\":{\"name\":\"Luzimara Fernandes\",\"@id\":\"https:\/\/jornalfatosenoticias.com.br\/#\/schema\/person\/d63837fa13ac8666eb9e74e0985d6f81\"},\"headline\":\"Um carnaval de sons em concerto comemorativo da Orquestra Sinf\u00f4nica do Esp\u00edrito Santo\",\"datePublished\":\"2020-02-19T13:06:19+00:00\",\"dateModified\":\"2020-02-19T13:06:20+00:00\",\"mainEntityOfPage\":{\"@id\":\"https:\/\/jornalfatosenoticias.com.br\/index.php\/2020\/02\/19\/um-carnaval-de-sons-em-concerto-comemorativo-da-orquestra-sinfonica-do-espirito-santo\/\"},\"wordCount\":376,\"commentCount\":0,\"publisher\":{\"@id\":\"https:\/\/jornalfatosenoticias.com.br\/#organization\"},\"image\":{\"@id\":\"https:\/\/jornalfatosenoticias.com.br\/index.php\/2020\/02\/19\/um-carnaval-de-sons-em-concerto-comemorativo-da-orquestra-sinfonica-do-espirito-santo\/#primaryimage\"},\"thumbnailUrl\":\"https:\/\/jornalfatosenoticias.com.br\/wp-content\/uploads\/2020\/02\/oses_carnaval.jpg\",\"articleSection\":[\"Cultura\"],\"inLanguage\":\"pt-BR\",\"potentialAction\":[{\"@type\":\"CommentAction\",\"name\":\"Comment\",\"target\":[\"https:\/\/jornalfatosenoticias.com.br\/index.php\/2020\/02\/19\/um-carnaval-de-sons-em-concerto-comemorativo-da-orquestra-sinfonica-do-espirito-santo\/#respond\"]}]},{\"@type\":\"WebPage\",\"@id\":\"https:\/\/jornalfatosenoticias.com.br\/index.php\/2020\/02\/19\/um-carnaval-de-sons-em-concerto-comemorativo-da-orquestra-sinfonica-do-espirito-santo\/\",\"url\":\"https:\/\/jornalfatosenoticias.com.br\/index.php\/2020\/02\/19\/um-carnaval-de-sons-em-concerto-comemorativo-da-orquestra-sinfonica-do-espirito-santo\/\",\"name\":\"Um carnaval de sons em concerto comemorativo da Orquestra Sinf\u00f4nica do Esp\u00edrito Santo - Jornal Fatos e Not\u00edcias\",\"isPartOf\":{\"@id\":\"https:\/\/jornalfatosenoticias.com.br\/#website\"},\"primaryImageOfPage\":{\"@id\":\"https:\/\/jornalfatosenoticias.com.br\/index.php\/2020\/02\/19\/um-carnaval-de-sons-em-concerto-comemorativo-da-orquestra-sinfonica-do-espirito-santo\/#primaryimage\"},\"image\":{\"@id\":\"https:\/\/jornalfatosenoticias.com.br\/index.php\/2020\/02\/19\/um-carnaval-de-sons-em-concerto-comemorativo-da-orquestra-sinfonica-do-espirito-santo\/#primaryimage\"},\"thumbnailUrl\":\"https:\/\/jornalfatosenoticias.com.br\/wp-content\/uploads\/2020\/02\/oses_carnaval.jpg\",\"datePublished\":\"2020-02-19T13:06:19+00:00\",\"dateModified\":\"2020-02-19T13:06:20+00:00\",\"breadcrumb\":{\"@id\":\"https:\/\/jornalfatosenoticias.com.br\/index.php\/2020\/02\/19\/um-carnaval-de-sons-em-concerto-comemorativo-da-orquestra-sinfonica-do-espirito-santo\/#breadcrumb\"},\"inLanguage\":\"pt-BR\",\"potentialAction\":[{\"@type\":\"ReadAction\",\"target\":[\"https:\/\/jornalfatosenoticias.com.br\/index.php\/2020\/02\/19\/um-carnaval-de-sons-em-concerto-comemorativo-da-orquestra-sinfonica-do-espirito-santo\/\"]}]},{\"@type\":\"ImageObject\",\"inLanguage\":\"pt-BR\",\"@id\":\"https:\/\/jornalfatosenoticias.com.br\/index.php\/2020\/02\/19\/um-carnaval-de-sons-em-concerto-comemorativo-da-orquestra-sinfonica-do-espirito-santo\/#primaryimage\",\"url\":\"https:\/\/jornalfatosenoticias.com.br\/wp-content\/uploads\/2020\/02\/oses_carnaval.jpg\",\"contentUrl\":\"https:\/\/jornalfatosenoticias.com.br\/wp-content\/uploads\/2020\/02\/oses_carnaval.jpg\",\"width\":960,\"height\":613},{\"@type\":\"BreadcrumbList\",\"@id\":\"https:\/\/jornalfatosenoticias.com.br\/index.php\/2020\/02\/19\/um-carnaval-de-sons-em-concerto-comemorativo-da-orquestra-sinfonica-do-espirito-santo\/#breadcrumb\",\"itemListElement\":[{\"@type\":\"ListItem\",\"position\":1,\"name\":\"In\u00edcio\",\"item\":\"https:\/\/jornalfatosenoticias.com.br\/\"},{\"@type\":\"ListItem\",\"position\":2,\"name\":\"Um carnaval de sons em concerto comemorativo da Orquestra Sinf\u00f4nica do Esp\u00edrito Santo\"}]},{\"@type\":\"WebSite\",\"@id\":\"https:\/\/jornalfatosenoticias.com.br\/#website\",\"url\":\"https:\/\/jornalfatosenoticias.com.br\/\",\"name\":\"Jornal Fatos e Not\u00edcias\",\"description\":\"Not\u00edcias em geral\",\"publisher\":{\"@id\":\"https:\/\/jornalfatosenoticias.com.br\/#organization\"},\"potentialAction\":[{\"@type\":\"SearchAction\",\"target\":{\"@type\":\"EntryPoint\",\"urlTemplate\":\"https:\/\/jornalfatosenoticias.com.br\/?s={search_term_string}\"},\"query-input\":{\"@type\":\"PropertyValueSpecification\",\"valueRequired\":true,\"valueName\":\"search_term_string\"}}],\"inLanguage\":\"pt-BR\"},{\"@type\":\"Organization\",\"@id\":\"https:\/\/jornalfatosenoticias.com.br\/#organization\",\"name\":\"Jornal Fatos e Not\u00edcias\",\"url\":\"https:\/\/jornalfatosenoticias.com.br\/\",\"logo\":{\"@type\":\"ImageObject\",\"inLanguage\":\"pt-BR\",\"@id\":\"https:\/\/jornalfatosenoticias.com.br\/#\/schema\/logo\/image\/\",\"url\":\"https:\/\/jornalfatosenoticias.com.br\/wp-content\/uploads\/2020\/02\/logo120.png\",\"contentUrl\":\"https:\/\/jornalfatosenoticias.com.br\/wp-content\/uploads\/2020\/02\/logo120.png\",\"width\":1227,\"height\":120,\"caption\":\"Jornal Fatos e Not\u00edcias\"},\"image\":{\"@id\":\"https:\/\/jornalfatosenoticias.com.br\/#\/schema\/logo\/image\/\"}},{\"@type\":\"Person\",\"@id\":\"https:\/\/jornalfatosenoticias.com.br\/#\/schema\/person\/d63837fa13ac8666eb9e74e0985d6f81\",\"name\":\"Luzimara Fernandes\",\"image\":{\"@type\":\"ImageObject\",\"inLanguage\":\"pt-BR\",\"@id\":\"https:\/\/jornalfatosenoticias.com.br\/#\/schema\/person\/image\/\",\"url\":\"https:\/\/jornalfatosenoticias.com.br\/wp-content\/uploads\/2025\/05\/EU_portal.jpg\",\"contentUrl\":\"https:\/\/jornalfatosenoticias.com.br\/wp-content\/uploads\/2025\/05\/EU_portal.jpg\",\"caption\":\"Luzimara Fernandes\"},\"description\":\"Jornalista MTB 2358-ES\",\"sameAs\":[\"https:\/\/jornalfatosenoticias.com.br\"],\"url\":\"https:\/\/jornalfatosenoticias.com.br\/index.php\/author\/luzimara\/\"}]}<\/script>\n<!-- \/ Yoast SEO plugin. -->","yoast_head_json":{"title":"Um carnaval de sons em concerto comemorativo da Orquestra Sinf\u00f4nica do Esp\u00edrito Santo - Jornal Fatos e Not\u00edcias","robots":{"index":"index","follow":"follow","max-snippet":"max-snippet:-1","max-image-preview":"max-image-preview:large","max-video-preview":"max-video-preview:-1"},"canonical":"https:\/\/jornalfatosenoticias.com.br\/index.php\/2020\/02\/19\/um-carnaval-de-sons-em-concerto-comemorativo-da-orquestra-sinfonica-do-espirito-santo\/","og_locale":"pt_BR","og_type":"article","og_title":"Um carnaval de sons em concerto comemorativo da Orquestra Sinf\u00f4nica do Esp\u00edrito Santo - Jornal Fatos e Not\u00edcias","og_description":"Apresenta\u00e7\u00e3o vai reunir cl\u00e1ssicos carnavalescos brasileiros e internacionais N\u00e3o s\u00f3 no Brasil o carnaval \u00e9 importante. A manifesta\u00e7\u00e3o \u00e9 comemorada em v\u00e1rias partes do mundo. Nas v\u00e9speras da festividade mais famosa do Brasil, a Orquestra Sinf\u00f4nica do Esp\u00edrito Santo (Oses) vai apresentar um concerto que mescla m\u00fasicas cl\u00e1ssicas inspiradas no carnaval europeu, com obras modernas [&hellip;]","og_url":"https:\/\/jornalfatosenoticias.com.br\/index.php\/2020\/02\/19\/um-carnaval-de-sons-em-concerto-comemorativo-da-orquestra-sinfonica-do-espirito-santo\/","og_site_name":"Jornal Fatos e Not\u00edcias","article_published_time":"2020-02-19T13:06:19+00:00","article_modified_time":"2020-02-19T13:06:20+00:00","og_image":[{"width":960,"height":613,"url":"https:\/\/jornalfatosenoticias.com.br\/wp-content\/uploads\/2020\/02\/oses_carnaval.jpg","type":"image\/jpeg"}],"author":"Luzimara Fernandes","twitter_card":"summary_large_image","twitter_misc":{"Escrito por":"Luzimara Fernandes","Est. tempo de leitura":"2 minutos"},"schema":{"@context":"https:\/\/schema.org","@graph":[{"@type":"Article","@id":"https:\/\/jornalfatosenoticias.com.br\/index.php\/2020\/02\/19\/um-carnaval-de-sons-em-concerto-comemorativo-da-orquestra-sinfonica-do-espirito-santo\/#article","isPartOf":{"@id":"https:\/\/jornalfatosenoticias.com.br\/index.php\/2020\/02\/19\/um-carnaval-de-sons-em-concerto-comemorativo-da-orquestra-sinfonica-do-espirito-santo\/"},"author":{"name":"Luzimara Fernandes","@id":"https:\/\/jornalfatosenoticias.com.br\/#\/schema\/person\/d63837fa13ac8666eb9e74e0985d6f81"},"headline":"Um carnaval de sons em concerto comemorativo da Orquestra Sinf\u00f4nica do Esp\u00edrito Santo","datePublished":"2020-02-19T13:06:19+00:00","dateModified":"2020-02-19T13:06:20+00:00","mainEntityOfPage":{"@id":"https:\/\/jornalfatosenoticias.com.br\/index.php\/2020\/02\/19\/um-carnaval-de-sons-em-concerto-comemorativo-da-orquestra-sinfonica-do-espirito-santo\/"},"wordCount":376,"commentCount":0,"publisher":{"@id":"https:\/\/jornalfatosenoticias.com.br\/#organization"},"image":{"@id":"https:\/\/jornalfatosenoticias.com.br\/index.php\/2020\/02\/19\/um-carnaval-de-sons-em-concerto-comemorativo-da-orquestra-sinfonica-do-espirito-santo\/#primaryimage"},"thumbnailUrl":"https:\/\/jornalfatosenoticias.com.br\/wp-content\/uploads\/2020\/02\/oses_carnaval.jpg","articleSection":["Cultura"],"inLanguage":"pt-BR","potentialAction":[{"@type":"CommentAction","name":"Comment","target":["https:\/\/jornalfatosenoticias.com.br\/index.php\/2020\/02\/19\/um-carnaval-de-sons-em-concerto-comemorativo-da-orquestra-sinfonica-do-espirito-santo\/#respond"]}]},{"@type":"WebPage","@id":"https:\/\/jornalfatosenoticias.com.br\/index.php\/2020\/02\/19\/um-carnaval-de-sons-em-concerto-comemorativo-da-orquestra-sinfonica-do-espirito-santo\/","url":"https:\/\/jornalfatosenoticias.com.br\/index.php\/2020\/02\/19\/um-carnaval-de-sons-em-concerto-comemorativo-da-orquestra-sinfonica-do-espirito-santo\/","name":"Um carnaval de sons em concerto comemorativo da Orquestra Sinf\u00f4nica do Esp\u00edrito Santo - Jornal Fatos e Not\u00edcias","isPartOf":{"@id":"https:\/\/jornalfatosenoticias.com.br\/#website"},"primaryImageOfPage":{"@id":"https:\/\/jornalfatosenoticias.com.br\/index.php\/2020\/02\/19\/um-carnaval-de-sons-em-concerto-comemorativo-da-orquestra-sinfonica-do-espirito-santo\/#primaryimage"},"image":{"@id":"https:\/\/jornalfatosenoticias.com.br\/index.php\/2020\/02\/19\/um-carnaval-de-sons-em-concerto-comemorativo-da-orquestra-sinfonica-do-espirito-santo\/#primaryimage"},"thumbnailUrl":"https:\/\/jornalfatosenoticias.com.br\/wp-content\/uploads\/2020\/02\/oses_carnaval.jpg","datePublished":"2020-02-19T13:06:19+00:00","dateModified":"2020-02-19T13:06:20+00:00","breadcrumb":{"@id":"https:\/\/jornalfatosenoticias.com.br\/index.php\/2020\/02\/19\/um-carnaval-de-sons-em-concerto-comemorativo-da-orquestra-sinfonica-do-espirito-santo\/#breadcrumb"},"inLanguage":"pt-BR","potentialAction":[{"@type":"ReadAction","target":["https:\/\/jornalfatosenoticias.com.br\/index.php\/2020\/02\/19\/um-carnaval-de-sons-em-concerto-comemorativo-da-orquestra-sinfonica-do-espirito-santo\/"]}]},{"@type":"ImageObject","inLanguage":"pt-BR","@id":"https:\/\/jornalfatosenoticias.com.br\/index.php\/2020\/02\/19\/um-carnaval-de-sons-em-concerto-comemorativo-da-orquestra-sinfonica-do-espirito-santo\/#primaryimage","url":"https:\/\/jornalfatosenoticias.com.br\/wp-content\/uploads\/2020\/02\/oses_carnaval.jpg","contentUrl":"https:\/\/jornalfatosenoticias.com.br\/wp-content\/uploads\/2020\/02\/oses_carnaval.jpg","width":960,"height":613},{"@type":"BreadcrumbList","@id":"https:\/\/jornalfatosenoticias.com.br\/index.php\/2020\/02\/19\/um-carnaval-de-sons-em-concerto-comemorativo-da-orquestra-sinfonica-do-espirito-santo\/#breadcrumb","itemListElement":[{"@type":"ListItem","position":1,"name":"In\u00edcio","item":"https:\/\/jornalfatosenoticias.com.br\/"},{"@type":"ListItem","position":2,"name":"Um carnaval de sons em concerto comemorativo da Orquestra Sinf\u00f4nica do Esp\u00edrito Santo"}]},{"@type":"WebSite","@id":"https:\/\/jornalfatosenoticias.com.br\/#website","url":"https:\/\/jornalfatosenoticias.com.br\/","name":"Jornal Fatos e Not\u00edcias","description":"Not\u00edcias em geral","publisher":{"@id":"https:\/\/jornalfatosenoticias.com.br\/#organization"},"potentialAction":[{"@type":"SearchAction","target":{"@type":"EntryPoint","urlTemplate":"https:\/\/jornalfatosenoticias.com.br\/?s={search_term_string}"},"query-input":{"@type":"PropertyValueSpecification","valueRequired":true,"valueName":"search_term_string"}}],"inLanguage":"pt-BR"},{"@type":"Organization","@id":"https:\/\/jornalfatosenoticias.com.br\/#organization","name":"Jornal Fatos e Not\u00edcias","url":"https:\/\/jornalfatosenoticias.com.br\/","logo":{"@type":"ImageObject","inLanguage":"pt-BR","@id":"https:\/\/jornalfatosenoticias.com.br\/#\/schema\/logo\/image\/","url":"https:\/\/jornalfatosenoticias.com.br\/wp-content\/uploads\/2020\/02\/logo120.png","contentUrl":"https:\/\/jornalfatosenoticias.com.br\/wp-content\/uploads\/2020\/02\/logo120.png","width":1227,"height":120,"caption":"Jornal Fatos e Not\u00edcias"},"image":{"@id":"https:\/\/jornalfatosenoticias.com.br\/#\/schema\/logo\/image\/"}},{"@type":"Person","@id":"https:\/\/jornalfatosenoticias.com.br\/#\/schema\/person\/d63837fa13ac8666eb9e74e0985d6f81","name":"Luzimara Fernandes","image":{"@type":"ImageObject","inLanguage":"pt-BR","@id":"https:\/\/jornalfatosenoticias.com.br\/#\/schema\/person\/image\/","url":"https:\/\/jornalfatosenoticias.com.br\/wp-content\/uploads\/2025\/05\/EU_portal.jpg","contentUrl":"https:\/\/jornalfatosenoticias.com.br\/wp-content\/uploads\/2025\/05\/EU_portal.jpg","caption":"Luzimara Fernandes"},"description":"Jornalista MTB 2358-ES","sameAs":["https:\/\/jornalfatosenoticias.com.br"],"url":"https:\/\/jornalfatosenoticias.com.br\/index.php\/author\/luzimara\/"}]}},"cc_featured_image_caption":{"caption_text":"","source_text":"","source_url":""},"jetpack_featured_media_url":"https:\/\/jornalfatosenoticias.com.br\/wp-content\/uploads\/2020\/02\/oses_carnaval.jpg","_links":{"self":[{"href":"https:\/\/jornalfatosenoticias.com.br\/index.php\/wp-json\/wp\/v2\/posts\/1235","targetHints":{"allow":["GET"]}}],"collection":[{"href":"https:\/\/jornalfatosenoticias.com.br\/index.php\/wp-json\/wp\/v2\/posts"}],"about":[{"href":"https:\/\/jornalfatosenoticias.com.br\/index.php\/wp-json\/wp\/v2\/types\/post"}],"author":[{"embeddable":true,"href":"https:\/\/jornalfatosenoticias.com.br\/index.php\/wp-json\/wp\/v2\/users\/2"}],"replies":[{"embeddable":true,"href":"https:\/\/jornalfatosenoticias.com.br\/index.php\/wp-json\/wp\/v2\/comments?post=1235"}],"version-history":[{"count":0,"href":"https:\/\/jornalfatosenoticias.com.br\/index.php\/wp-json\/wp\/v2\/posts\/1235\/revisions"}],"wp:featuredmedia":[{"embeddable":true,"href":"https:\/\/jornalfatosenoticias.com.br\/index.php\/wp-json\/wp\/v2\/media\/1237"}],"wp:attachment":[{"href":"https:\/\/jornalfatosenoticias.com.br\/index.php\/wp-json\/wp\/v2\/media?parent=1235"}],"wp:term":[{"taxonomy":"category","embeddable":true,"href":"https:\/\/jornalfatosenoticias.com.br\/index.php\/wp-json\/wp\/v2\/categories?post=1235"},{"taxonomy":"post_tag","embeddable":true,"href":"https:\/\/jornalfatosenoticias.com.br\/index.php\/wp-json\/wp\/v2\/tags?post=1235"}],"curies":[{"name":"wp","href":"https:\/\/api.w.org\/{rel}","templated":true}]}}