{"id":12369,"date":"2020-12-11T13:40:24","date_gmt":"2020-12-11T16:40:24","guid":{"rendered":"https:\/\/jornalfatosenoticias.com.br\/?p=12369"},"modified":"2020-12-11T13:40:29","modified_gmt":"2020-12-11T16:40:29","slug":"mais-31-escolas-da-rede-estadual-ofertam-ensino-de-tempo-integral-em-2021","status":"publish","type":"post","link":"https:\/\/jornalfatosenoticias.com.br\/index.php\/2020\/12\/11\/mais-31-escolas-da-rede-estadual-ofertam-ensino-de-tempo-integral-em-2021\/","title":{"rendered":"Mais 31 escolas da Rede Estadual ofertam ensino de tempo integral em 2021"},"content":{"rendered":"\n<p>A Secretaria da Educa\u00e7\u00e3o (Sedu) est\u00e1 ampliando a oferta de ensino em tempo integral para 2021. S\u00e3o 31 novas escolas no pr\u00f3ximo ano que passar\u00e3o a oferecer a Educa\u00e7\u00e3o em Tempo Integral, totalizando 93 unidades na Rede Estadual. Ao todo, est\u00e3o dispon\u00edveis 9.195 vagas, al\u00e9m das quase 25 mil j\u00e1 disponibilizadas at\u00e9 o ano de 2020. Os estudantes interessados devem ficar atentos \u00e0s ofertas das escolas e ao cronograma da Chamada P\u00fablica Escolar, que segue com o per\u00edodo de rematr\u00edcula e transfer\u00eancia interna at\u00e9 o dia 09 de dezembro, pelo site da Sedu (<a href=\"http:\/\/www.sedu.es.gov.br\/\">www.sedu.es.gov.br<\/a>).<\/p>\n\n\n\n<p><strong>Clique\u00a0<a href=\"https:\/\/sedu.es.gov.br\/chamada-publica-escolar-2021\" target=\"_blank\" rel=\"noreferrer noopener\">AQUI<\/a>\u00a0e confira as 93 escolas que ofertar\u00e3o Educa\u00e7\u00e3o em Tempo Integral em 2021!<\/strong><\/p>\n\n\n\n<p>Nesse contexto, al\u00e9m dos 34 munic\u00edpios j\u00e1 atendidos, 15 novas cidades capixabas passam a ter essa oferta: Santa Maria de Jetib\u00e1, Castelo, At\u00edlio Viv\u00e1cqua, Pancas, Itarana, Maril\u00e2ndia, Irupi, Apiac\u00e1, S\u00e3o Jos\u00e9 do Cal\u00e7ado, Dores do Rio Preto, Jo\u00e3o Neiva, Ibira\u00e7u, Nova Ven\u00e9cia, Pinheiros, Concei\u00e7\u00e3o da Barra.<br>Uma das novidades \u00e9 tamb\u00e9m o Modelo Proped\u00eautico, com carga hor\u00e1ria de sete horas di\u00e1rias, que \u00e9 o modelo tradicional, sem a oferta de curso t\u00e9cnico integrado. Essa oferta existir\u00e1 em alguns munic\u00edpios, tanto para os estudantes do Ensino Fundamental II quanto do Ensino M\u00e9dio.<br>Em alguns munic\u00edpios, ainda existir\u00e1 a oferta do Curso T\u00e9cnico Integrado ao Ensino M\u00e9dio Integral, com dez novos cursos, atendendo a um total de 40 escolas, com diversidade de cargas hor\u00e1rias e modelos.<br>S\u00e3o eles: Comunica\u00e7\u00e3o Visual, Controle Ambiental, Inform\u00e1tica, Modelagem do Vestu\u00e1rio, Multim\u00eddia, Qu\u00edmica, Rede de Computadores, Seguran\u00e7a do Trabalho, Teatro e Vendas. E os demais que j\u00e1 eram oferecidos: Administra\u00e7\u00e3o, Agropecu\u00e1ria, Com\u00e9rcio, Eletrot\u00e9cnica, Log\u00edstica, Manuten\u00e7\u00e3o e Suporte em Inform\u00e1tica, Marketing, Mec\u00e2nica, Produ\u00e7\u00e3o de \u00c1udio e V\u00eddeo e Recursos Humanos.<\/p>\n\n\n\n<p><strong><a href=\"https:\/\/sedu.es.gov.br\/chamada-publica-escolar-2021\" target=\"_blank\" rel=\"noreferrer noopener\">Clique aqui<\/a>\u00a0<\/strong>e confira\u00a0todos munic\u00edpios e escolas com oferta de Educa\u00e7\u00e3o em Tempo Integral a partir de 2021.<\/p>\n\n\n\n<p><strong><em>Fonte: <a href=\"https:\/\/sedu.es.gov.br\/Not%C3%ADcia\/mais-31-escolas-da-rede-es\">Sedu<\/a><\/em><\/strong><\/p>\n","protected":false},"excerpt":{"rendered":"<p>A Secretaria da Educa\u00e7\u00e3o (Sedu) est\u00e1 ampliando a oferta de ensino em tempo integral para 2021. S\u00e3o 31 novas escolas no pr\u00f3ximo ano que passar\u00e3o a oferecer a Educa\u00e7\u00e3o em Tempo Integral, totalizando 93 unidades na Rede Estadual. Ao todo, est\u00e3o dispon\u00edveis 9.195 vagas, al\u00e9m das quase 25 mil j\u00e1 disponibilizadas at\u00e9 o ano de [&hellip;]<\/p>\n","protected":false},"author":2,"featured_media":12370,"comment_status":"open","ping_status":"open","sticky":false,"template":"","format":"standard","meta":{"footnotes":""},"categories":[7],"tags":[6473,6474,6127],"class_list":["post-12369","post","type-post","status-publish","format-standard","has-post-thumbnail","hentry","category-educacao","tag-escolas-ensino-integral","tag-rede-estadual","tag-sedu-es"],"yoast_head":"<!-- This site is optimized with the Yoast SEO plugin v26.5 - https:\/\/yoast.com\/wordpress\/plugins\/seo\/ -->\n<title>Mais 31 escolas da Rede Estadual ofertam ensino de tempo integral em 2021 - Jornal Fatos e Not\u00edcias<\/title>\n<meta name=\"robots\" content=\"index, follow, max-snippet:-1, max-image-preview:large, max-video-preview:-1\" \/>\n<link rel=\"canonical\" href=\"https:\/\/jornalfatosenoticias.com.br\/index.php\/2020\/12\/11\/mais-31-escolas-da-rede-estadual-ofertam-ensino-de-tempo-integral-em-2021\/\" \/>\n<meta property=\"og:locale\" content=\"pt_BR\" \/>\n<meta property=\"og:type\" content=\"article\" \/>\n<meta property=\"og:title\" content=\"Mais 31 escolas da Rede Estadual ofertam ensino de tempo integral em 2021 - Jornal Fatos e Not\u00edcias\" \/>\n<meta property=\"og:description\" content=\"A Secretaria da Educa\u00e7\u00e3o (Sedu) est\u00e1 ampliando a oferta de ensino em tempo integral para 2021. S\u00e3o 31 novas escolas no pr\u00f3ximo ano que passar\u00e3o a oferecer a Educa\u00e7\u00e3o em Tempo Integral, totalizando 93 unidades na Rede Estadual. Ao todo, est\u00e3o dispon\u00edveis 9.195 vagas, al\u00e9m das quase 25 mil j\u00e1 disponibilizadas at\u00e9 o ano de [&hellip;]\" \/>\n<meta property=\"og:url\" content=\"https:\/\/jornalfatosenoticias.com.br\/index.php\/2020\/12\/11\/mais-31-escolas-da-rede-estadual-ofertam-ensino-de-tempo-integral-em-2021\/\" \/>\n<meta property=\"og:site_name\" content=\"Jornal Fatos e Not\u00edcias\" \/>\n<meta property=\"article:published_time\" content=\"2020-12-11T16:40:24+00:00\" \/>\n<meta property=\"article:modified_time\" content=\"2020-12-11T16:40:29+00:00\" \/>\n<meta property=\"og:image\" content=\"https:\/\/jornalfatosenoticias.com.br\/wp-content\/uploads\/2020\/12\/escolas-tempo-integral.jpg\" \/>\n\t<meta property=\"og:image:width\" content=\"1000\" \/>\n\t<meta property=\"og:image:height\" content=\"1000\" \/>\n\t<meta property=\"og:image:type\" content=\"image\/jpeg\" \/>\n<meta name=\"author\" content=\"Luzimara Fernandes\" \/>\n<meta name=\"twitter:card\" content=\"summary_large_image\" \/>\n<meta name=\"twitter:label1\" content=\"Escrito por\" \/>\n\t<meta name=\"twitter:data1\" content=\"Luzimara Fernandes\" \/>\n\t<meta name=\"twitter:label2\" content=\"Est. tempo de leitura\" \/>\n\t<meta name=\"twitter:data2\" content=\"2 minutos\" \/>\n<script type=\"application\/ld+json\" class=\"yoast-schema-graph\">{\"@context\":\"https:\/\/schema.org\",\"@graph\":[{\"@type\":\"Article\",\"@id\":\"https:\/\/jornalfatosenoticias.com.br\/index.php\/2020\/12\/11\/mais-31-escolas-da-rede-estadual-ofertam-ensino-de-tempo-integral-em-2021\/#article\",\"isPartOf\":{\"@id\":\"https:\/\/jornalfatosenoticias.com.br\/index.php\/2020\/12\/11\/mais-31-escolas-da-rede-estadual-ofertam-ensino-de-tempo-integral-em-2021\/\"},\"author\":{\"name\":\"Luzimara Fernandes\",\"@id\":\"https:\/\/jornalfatosenoticias.com.br\/#\/schema\/person\/d63837fa13ac8666eb9e74e0985d6f81\"},\"headline\":\"Mais 31 escolas da Rede Estadual ofertam ensino de tempo integral em 2021\",\"datePublished\":\"2020-12-11T16:40:24+00:00\",\"dateModified\":\"2020-12-11T16:40:29+00:00\",\"mainEntityOfPage\":{\"@id\":\"https:\/\/jornalfatosenoticias.com.br\/index.php\/2020\/12\/11\/mais-31-escolas-da-rede-estadual-ofertam-ensino-de-tempo-integral-em-2021\/\"},\"wordCount\":357,\"commentCount\":0,\"publisher\":{\"@id\":\"https:\/\/jornalfatosenoticias.com.br\/#organization\"},\"image\":{\"@id\":\"https:\/\/jornalfatosenoticias.com.br\/index.php\/2020\/12\/11\/mais-31-escolas-da-rede-estadual-ofertam-ensino-de-tempo-integral-em-2021\/#primaryimage\"},\"thumbnailUrl\":\"https:\/\/jornalfatosenoticias.com.br\/wp-content\/uploads\/2020\/12\/escolas-tempo-integral.jpg\",\"keywords\":[\"escolas ensino integral\",\"rede estadual\",\"Sedu-ES\"],\"articleSection\":[\"Educa\u00e7\u00e3o\"],\"inLanguage\":\"pt-BR\",\"potentialAction\":[{\"@type\":\"CommentAction\",\"name\":\"Comment\",\"target\":[\"https:\/\/jornalfatosenoticias.com.br\/index.php\/2020\/12\/11\/mais-31-escolas-da-rede-estadual-ofertam-ensino-de-tempo-integral-em-2021\/#respond\"]}]},{\"@type\":\"WebPage\",\"@id\":\"https:\/\/jornalfatosenoticias.com.br\/index.php\/2020\/12\/11\/mais-31-escolas-da-rede-estadual-ofertam-ensino-de-tempo-integral-em-2021\/\",\"url\":\"https:\/\/jornalfatosenoticias.com.br\/index.php\/2020\/12\/11\/mais-31-escolas-da-rede-estadual-ofertam-ensino-de-tempo-integral-em-2021\/\",\"name\":\"Mais 31 escolas da Rede Estadual ofertam ensino de tempo integral em 2021 - Jornal Fatos e Not\u00edcias\",\"isPartOf\":{\"@id\":\"https:\/\/jornalfatosenoticias.com.br\/#website\"},\"primaryImageOfPage\":{\"@id\":\"https:\/\/jornalfatosenoticias.com.br\/index.php\/2020\/12\/11\/mais-31-escolas-da-rede-estadual-ofertam-ensino-de-tempo-integral-em-2021\/#primaryimage\"},\"image\":{\"@id\":\"https:\/\/jornalfatosenoticias.com.br\/index.php\/2020\/12\/11\/mais-31-escolas-da-rede-estadual-ofertam-ensino-de-tempo-integral-em-2021\/#primaryimage\"},\"thumbnailUrl\":\"https:\/\/jornalfatosenoticias.com.br\/wp-content\/uploads\/2020\/12\/escolas-tempo-integral.jpg\",\"datePublished\":\"2020-12-11T16:40:24+00:00\",\"dateModified\":\"2020-12-11T16:40:29+00:00\",\"breadcrumb\":{\"@id\":\"https:\/\/jornalfatosenoticias.com.br\/index.php\/2020\/12\/11\/mais-31-escolas-da-rede-estadual-ofertam-ensino-de-tempo-integral-em-2021\/#breadcrumb\"},\"inLanguage\":\"pt-BR\",\"potentialAction\":[{\"@type\":\"ReadAction\",\"target\":[\"https:\/\/jornalfatosenoticias.com.br\/index.php\/2020\/12\/11\/mais-31-escolas-da-rede-estadual-ofertam-ensino-de-tempo-integral-em-2021\/\"]}]},{\"@type\":\"ImageObject\",\"inLanguage\":\"pt-BR\",\"@id\":\"https:\/\/jornalfatosenoticias.com.br\/index.php\/2020\/12\/11\/mais-31-escolas-da-rede-estadual-ofertam-ensino-de-tempo-integral-em-2021\/#primaryimage\",\"url\":\"https:\/\/jornalfatosenoticias.com.br\/wp-content\/uploads\/2020\/12\/escolas-tempo-integral.jpg\",\"contentUrl\":\"https:\/\/jornalfatosenoticias.com.br\/wp-content\/uploads\/2020\/12\/escolas-tempo-integral.jpg\",\"width\":1000,\"height\":1000},{\"@type\":\"BreadcrumbList\",\"@id\":\"https:\/\/jornalfatosenoticias.com.br\/index.php\/2020\/12\/11\/mais-31-escolas-da-rede-estadual-ofertam-ensino-de-tempo-integral-em-2021\/#breadcrumb\",\"itemListElement\":[{\"@type\":\"ListItem\",\"position\":1,\"name\":\"In\u00edcio\",\"item\":\"https:\/\/jornalfatosenoticias.com.br\/\"},{\"@type\":\"ListItem\",\"position\":2,\"name\":\"Mais 31 escolas da Rede Estadual ofertam ensino de tempo integral em 2021\"}]},{\"@type\":\"WebSite\",\"@id\":\"https:\/\/jornalfatosenoticias.com.br\/#website\",\"url\":\"https:\/\/jornalfatosenoticias.com.br\/\",\"name\":\"Jornal Fatos e Not\u00edcias\",\"description\":\"Not\u00edcias em geral\",\"publisher\":{\"@id\":\"https:\/\/jornalfatosenoticias.com.br\/#organization\"},\"potentialAction\":[{\"@type\":\"SearchAction\",\"target\":{\"@type\":\"EntryPoint\",\"urlTemplate\":\"https:\/\/jornalfatosenoticias.com.br\/?s={search_term_string}\"},\"query-input\":{\"@type\":\"PropertyValueSpecification\",\"valueRequired\":true,\"valueName\":\"search_term_string\"}}],\"inLanguage\":\"pt-BR\"},{\"@type\":\"Organization\",\"@id\":\"https:\/\/jornalfatosenoticias.com.br\/#organization\",\"name\":\"Jornal Fatos e Not\u00edcias\",\"url\":\"https:\/\/jornalfatosenoticias.com.br\/\",\"logo\":{\"@type\":\"ImageObject\",\"inLanguage\":\"pt-BR\",\"@id\":\"https:\/\/jornalfatosenoticias.com.br\/#\/schema\/logo\/image\/\",\"url\":\"https:\/\/jornalfatosenoticias.com.br\/wp-content\/uploads\/2020\/02\/logo120.png\",\"contentUrl\":\"https:\/\/jornalfatosenoticias.com.br\/wp-content\/uploads\/2020\/02\/logo120.png\",\"width\":1227,\"height\":120,\"caption\":\"Jornal Fatos e Not\u00edcias\"},\"image\":{\"@id\":\"https:\/\/jornalfatosenoticias.com.br\/#\/schema\/logo\/image\/\"}},{\"@type\":\"Person\",\"@id\":\"https:\/\/jornalfatosenoticias.com.br\/#\/schema\/person\/d63837fa13ac8666eb9e74e0985d6f81\",\"name\":\"Luzimara Fernandes\",\"image\":{\"@type\":\"ImageObject\",\"inLanguage\":\"pt-BR\",\"@id\":\"https:\/\/jornalfatosenoticias.com.br\/#\/schema\/person\/image\/\",\"url\":\"https:\/\/jornalfatosenoticias.com.br\/wp-content\/uploads\/2025\/05\/EU_portal.jpg\",\"contentUrl\":\"https:\/\/jornalfatosenoticias.com.br\/wp-content\/uploads\/2025\/05\/EU_portal.jpg\",\"caption\":\"Luzimara Fernandes\"},\"description\":\"Jornalista MTB 2358-ES\",\"sameAs\":[\"https:\/\/jornalfatosenoticias.com.br\"],\"url\":\"https:\/\/jornalfatosenoticias.com.br\/index.php\/author\/luzimara\/\"}]}<\/script>\n<!-- \/ Yoast SEO plugin. -->","yoast_head_json":{"title":"Mais 31 escolas da Rede Estadual ofertam ensino de tempo integral em 2021 - Jornal Fatos e Not\u00edcias","robots":{"index":"index","follow":"follow","max-snippet":"max-snippet:-1","max-image-preview":"max-image-preview:large","max-video-preview":"max-video-preview:-1"},"canonical":"https:\/\/jornalfatosenoticias.com.br\/index.php\/2020\/12\/11\/mais-31-escolas-da-rede-estadual-ofertam-ensino-de-tempo-integral-em-2021\/","og_locale":"pt_BR","og_type":"article","og_title":"Mais 31 escolas da Rede Estadual ofertam ensino de tempo integral em 2021 - Jornal Fatos e Not\u00edcias","og_description":"A Secretaria da Educa\u00e7\u00e3o (Sedu) est\u00e1 ampliando a oferta de ensino em tempo integral para 2021. S\u00e3o 31 novas escolas no pr\u00f3ximo ano que passar\u00e3o a oferecer a Educa\u00e7\u00e3o em Tempo Integral, totalizando 93 unidades na Rede Estadual. Ao todo, est\u00e3o dispon\u00edveis 9.195 vagas, al\u00e9m das quase 25 mil j\u00e1 disponibilizadas at\u00e9 o ano de [&hellip;]","og_url":"https:\/\/jornalfatosenoticias.com.br\/index.php\/2020\/12\/11\/mais-31-escolas-da-rede-estadual-ofertam-ensino-de-tempo-integral-em-2021\/","og_site_name":"Jornal Fatos e Not\u00edcias","article_published_time":"2020-12-11T16:40:24+00:00","article_modified_time":"2020-12-11T16:40:29+00:00","og_image":[{"width":1000,"height":1000,"url":"https:\/\/jornalfatosenoticias.com.br\/wp-content\/uploads\/2020\/12\/escolas-tempo-integral.jpg","type":"image\/jpeg"}],"author":"Luzimara Fernandes","twitter_card":"summary_large_image","twitter_misc":{"Escrito por":"Luzimara Fernandes","Est. tempo de leitura":"2 minutos"},"schema":{"@context":"https:\/\/schema.org","@graph":[{"@type":"Article","@id":"https:\/\/jornalfatosenoticias.com.br\/index.php\/2020\/12\/11\/mais-31-escolas-da-rede-estadual-ofertam-ensino-de-tempo-integral-em-2021\/#article","isPartOf":{"@id":"https:\/\/jornalfatosenoticias.com.br\/index.php\/2020\/12\/11\/mais-31-escolas-da-rede-estadual-ofertam-ensino-de-tempo-integral-em-2021\/"},"author":{"name":"Luzimara Fernandes","@id":"https:\/\/jornalfatosenoticias.com.br\/#\/schema\/person\/d63837fa13ac8666eb9e74e0985d6f81"},"headline":"Mais 31 escolas da Rede Estadual ofertam ensino de tempo integral em 2021","datePublished":"2020-12-11T16:40:24+00:00","dateModified":"2020-12-11T16:40:29+00:00","mainEntityOfPage":{"@id":"https:\/\/jornalfatosenoticias.com.br\/index.php\/2020\/12\/11\/mais-31-escolas-da-rede-estadual-ofertam-ensino-de-tempo-integral-em-2021\/"},"wordCount":357,"commentCount":0,"publisher":{"@id":"https:\/\/jornalfatosenoticias.com.br\/#organization"},"image":{"@id":"https:\/\/jornalfatosenoticias.com.br\/index.php\/2020\/12\/11\/mais-31-escolas-da-rede-estadual-ofertam-ensino-de-tempo-integral-em-2021\/#primaryimage"},"thumbnailUrl":"https:\/\/jornalfatosenoticias.com.br\/wp-content\/uploads\/2020\/12\/escolas-tempo-integral.jpg","keywords":["escolas ensino integral","rede estadual","Sedu-ES"],"articleSection":["Educa\u00e7\u00e3o"],"inLanguage":"pt-BR","potentialAction":[{"@type":"CommentAction","name":"Comment","target":["https:\/\/jornalfatosenoticias.com.br\/index.php\/2020\/12\/11\/mais-31-escolas-da-rede-estadual-ofertam-ensino-de-tempo-integral-em-2021\/#respond"]}]},{"@type":"WebPage","@id":"https:\/\/jornalfatosenoticias.com.br\/index.php\/2020\/12\/11\/mais-31-escolas-da-rede-estadual-ofertam-ensino-de-tempo-integral-em-2021\/","url":"https:\/\/jornalfatosenoticias.com.br\/index.php\/2020\/12\/11\/mais-31-escolas-da-rede-estadual-ofertam-ensino-de-tempo-integral-em-2021\/","name":"Mais 31 escolas da Rede Estadual ofertam ensino de tempo integral em 2021 - Jornal Fatos e Not\u00edcias","isPartOf":{"@id":"https:\/\/jornalfatosenoticias.com.br\/#website"},"primaryImageOfPage":{"@id":"https:\/\/jornalfatosenoticias.com.br\/index.php\/2020\/12\/11\/mais-31-escolas-da-rede-estadual-ofertam-ensino-de-tempo-integral-em-2021\/#primaryimage"},"image":{"@id":"https:\/\/jornalfatosenoticias.com.br\/index.php\/2020\/12\/11\/mais-31-escolas-da-rede-estadual-ofertam-ensino-de-tempo-integral-em-2021\/#primaryimage"},"thumbnailUrl":"https:\/\/jornalfatosenoticias.com.br\/wp-content\/uploads\/2020\/12\/escolas-tempo-integral.jpg","datePublished":"2020-12-11T16:40:24+00:00","dateModified":"2020-12-11T16:40:29+00:00","breadcrumb":{"@id":"https:\/\/jornalfatosenoticias.com.br\/index.php\/2020\/12\/11\/mais-31-escolas-da-rede-estadual-ofertam-ensino-de-tempo-integral-em-2021\/#breadcrumb"},"inLanguage":"pt-BR","potentialAction":[{"@type":"ReadAction","target":["https:\/\/jornalfatosenoticias.com.br\/index.php\/2020\/12\/11\/mais-31-escolas-da-rede-estadual-ofertam-ensino-de-tempo-integral-em-2021\/"]}]},{"@type":"ImageObject","inLanguage":"pt-BR","@id":"https:\/\/jornalfatosenoticias.com.br\/index.php\/2020\/12\/11\/mais-31-escolas-da-rede-estadual-ofertam-ensino-de-tempo-integral-em-2021\/#primaryimage","url":"https:\/\/jornalfatosenoticias.com.br\/wp-content\/uploads\/2020\/12\/escolas-tempo-integral.jpg","contentUrl":"https:\/\/jornalfatosenoticias.com.br\/wp-content\/uploads\/2020\/12\/escolas-tempo-integral.jpg","width":1000,"height":1000},{"@type":"BreadcrumbList","@id":"https:\/\/jornalfatosenoticias.com.br\/index.php\/2020\/12\/11\/mais-31-escolas-da-rede-estadual-ofertam-ensino-de-tempo-integral-em-2021\/#breadcrumb","itemListElement":[{"@type":"ListItem","position":1,"name":"In\u00edcio","item":"https:\/\/jornalfatosenoticias.com.br\/"},{"@type":"ListItem","position":2,"name":"Mais 31 escolas da Rede Estadual ofertam ensino de tempo integral em 2021"}]},{"@type":"WebSite","@id":"https:\/\/jornalfatosenoticias.com.br\/#website","url":"https:\/\/jornalfatosenoticias.com.br\/","name":"Jornal Fatos e Not\u00edcias","description":"Not\u00edcias em geral","publisher":{"@id":"https:\/\/jornalfatosenoticias.com.br\/#organization"},"potentialAction":[{"@type":"SearchAction","target":{"@type":"EntryPoint","urlTemplate":"https:\/\/jornalfatosenoticias.com.br\/?s={search_term_string}"},"query-input":{"@type":"PropertyValueSpecification","valueRequired":true,"valueName":"search_term_string"}}],"inLanguage":"pt-BR"},{"@type":"Organization","@id":"https:\/\/jornalfatosenoticias.com.br\/#organization","name":"Jornal Fatos e Not\u00edcias","url":"https:\/\/jornalfatosenoticias.com.br\/","logo":{"@type":"ImageObject","inLanguage":"pt-BR","@id":"https:\/\/jornalfatosenoticias.com.br\/#\/schema\/logo\/image\/","url":"https:\/\/jornalfatosenoticias.com.br\/wp-content\/uploads\/2020\/02\/logo120.png","contentUrl":"https:\/\/jornalfatosenoticias.com.br\/wp-content\/uploads\/2020\/02\/logo120.png","width":1227,"height":120,"caption":"Jornal Fatos e Not\u00edcias"},"image":{"@id":"https:\/\/jornalfatosenoticias.com.br\/#\/schema\/logo\/image\/"}},{"@type":"Person","@id":"https:\/\/jornalfatosenoticias.com.br\/#\/schema\/person\/d63837fa13ac8666eb9e74e0985d6f81","name":"Luzimara Fernandes","image":{"@type":"ImageObject","inLanguage":"pt-BR","@id":"https:\/\/jornalfatosenoticias.com.br\/#\/schema\/person\/image\/","url":"https:\/\/jornalfatosenoticias.com.br\/wp-content\/uploads\/2025\/05\/EU_portal.jpg","contentUrl":"https:\/\/jornalfatosenoticias.com.br\/wp-content\/uploads\/2025\/05\/EU_portal.jpg","caption":"Luzimara Fernandes"},"description":"Jornalista MTB 2358-ES","sameAs":["https:\/\/jornalfatosenoticias.com.br"],"url":"https:\/\/jornalfatosenoticias.com.br\/index.php\/author\/luzimara\/"}]}},"cc_featured_image_caption":{"caption_text":"(Foto: \u00a9Ascom\/Sedu) ","source_text":"","source_url":""},"jetpack_featured_media_url":"https:\/\/jornalfatosenoticias.com.br\/wp-content\/uploads\/2020\/12\/escolas-tempo-integral.jpg","_links":{"self":[{"href":"https:\/\/jornalfatosenoticias.com.br\/index.php\/wp-json\/wp\/v2\/posts\/12369","targetHints":{"allow":["GET"]}}],"collection":[{"href":"https:\/\/jornalfatosenoticias.com.br\/index.php\/wp-json\/wp\/v2\/posts"}],"about":[{"href":"https:\/\/jornalfatosenoticias.com.br\/index.php\/wp-json\/wp\/v2\/types\/post"}],"author":[{"embeddable":true,"href":"https:\/\/jornalfatosenoticias.com.br\/index.php\/wp-json\/wp\/v2\/users\/2"}],"replies":[{"embeddable":true,"href":"https:\/\/jornalfatosenoticias.com.br\/index.php\/wp-json\/wp\/v2\/comments?post=12369"}],"version-history":[{"count":0,"href":"https:\/\/jornalfatosenoticias.com.br\/index.php\/wp-json\/wp\/v2\/posts\/12369\/revisions"}],"wp:featuredmedia":[{"embeddable":true,"href":"https:\/\/jornalfatosenoticias.com.br\/index.php\/wp-json\/wp\/v2\/media\/12370"}],"wp:attachment":[{"href":"https:\/\/jornalfatosenoticias.com.br\/index.php\/wp-json\/wp\/v2\/media?parent=12369"}],"wp:term":[{"taxonomy":"category","embeddable":true,"href":"https:\/\/jornalfatosenoticias.com.br\/index.php\/wp-json\/wp\/v2\/categories?post=12369"},{"taxonomy":"post_tag","embeddable":true,"href":"https:\/\/jornalfatosenoticias.com.br\/index.php\/wp-json\/wp\/v2\/tags?post=12369"}],"curies":[{"name":"wp","href":"https:\/\/api.w.org\/{rel}","templated":true}]}}