{"id":12382,"date":"2020-12-11T14:30:07","date_gmt":"2020-12-11T17:30:07","guid":{"rendered":"https:\/\/jornalfatosenoticias.com.br\/?p=12382"},"modified":"2020-12-11T14:30:12","modified_gmt":"2020-12-11T17:30:12","slug":"misteriosa-estrutura-quadrada-e-descoberta-em-sitio-arqueologico-mexicano","status":"publish","type":"post","link":"https:\/\/jornalfatosenoticias.com.br\/index.php\/2020\/12\/11\/misteriosa-estrutura-quadrada-e-descoberta-em-sitio-arqueologico-mexicano\/","title":{"rendered":"Misteriosa estrutura quadrada \u00e9 descoberta em s\u00edtio arqueol\u00f3gico mexicano"},"content":{"rendered":"\n<h6 class=\"wp-block-heading\"><em>As ru\u00ednas estavam a apenas 30 cent\u00edmetros do n\u00edvel do solo, e era semelhante a outras que haviam sido encontradas no mesmo local<\/em><\/h6>\n\n\n\n<p>Uma equipe de pesquisadores da Universidade de Oklahoma fez uma nova descoberta no s\u00edtio arqueol\u00f3gico de Monte Alb\u00e1n, no M\u00e9xico; foi desenterrada uma estrutura quadrada, que estava escondida a apenas 30 cent\u00edmetros do solo. Segundo o arque\u00f3logo Marc Levine, que teria concedido entrevista ao portal The Norman Transcript, o edif\u00edcio se parece com outros j\u00e1 encontrados no mesmo local, que seriam usados para fun\u00e7\u00f5es religiosas.<br>Embora ainda n\u00e3o tenha havido a data\u00e7\u00e3o oficial da constru\u00e7\u00e3o rec\u00e9m-revelada, a cidade que havia em Monte Alb\u00e1n existiu entre 500 a.C. e o ano de 850, e seus moradores, inclusive, desenvolveram a linguagem escrita. O pr\u00f3ximo passo da pesquisa no local mexicano pretende criar imagens 3D das constru\u00e7\u00f5es na tentativa de recriar como a cidade teria sido durante seus anos de atividade.<\/p>\n\n\n\n<h4 class=\"wp-block-heading\">Sobre arqueologia<\/h4>\n\n\n\n<p>Descobertas arqueol\u00f3gicas milenares sempre impressionam, pois, al\u00e9m de revelar objetos inestim\u00e1veis, elas tamb\u00e9m, de certa forma, nos ensinam sobre como tal sociedade estudada se desenvolveu e se consolidou ao longo da hist\u00f3ria.<br>Sem d\u00favida nenhuma, uma das que mais chamam a aten\u00e7\u00e3o ainda hoje \u00e9 a dos eg\u00edpcios antigos. Permeados por crendices em supostas maldi\u00e7\u00f5es e pela completa admira\u00e7\u00e3o de grandes figuras como Cle\u00f3patra e Tutanc\u00e2mon, o Egito gera curiosidade por ser ber\u00e7o de uma das civiliza\u00e7\u00f5es que foram uma das bases da hist\u00f3ria humana e, principalmente, pelos diversos achados de pesquisadores e arque\u00f3logos nas \u00faltimas d\u00e9cadas.<\/p>\n\n\n\n<p><em><strong>Foto: <\/strong>Divulga\u00e7\u00e3o\/Universidade de Oklahoma<\/em><\/p>\n\n\n\n<p><em><strong>Fonte: <a href=\"https:\/\/aventurasnahistoria.uol.com.br\/noticias\/historia-hoje\/misteriosa-estrutura-quadrada-e-descoberta-em-sitio-arqueologico-mexicano.phtml\">Aventuras na Hist\u00f3ria<\/a><\/strong><\/em><\/p>\n","protected":false},"excerpt":{"rendered":"<p>As ru\u00ednas estavam a apenas 30 cent\u00edmetros do n\u00edvel do solo, e era semelhante a outras que haviam sido encontradas no mesmo local Uma equipe de pesquisadores da Universidade de Oklahoma fez uma nova descoberta no s\u00edtio arqueol\u00f3gico de Monte Alb\u00e1n, no M\u00e9xico; foi desenterrada uma estrutura quadrada, que estava escondida a apenas 30 cent\u00edmetros [&hellip;]<\/p>\n","protected":false},"author":2,"featured_media":12383,"comment_status":"open","ping_status":"open","sticky":false,"template":"","format":"standard","meta":{"footnotes":""},"categories":[2],"tags":[1478,6115,2936,3789,6477,372,156,115,5111],"class_list":["post-12382","post","type-post","status-publish","format-standard","has-post-thumbnail","hentry","category-ciencia","tag-arqueologia","tag-cidade","tag-edificio","tag-escavacao","tag-escrita","tag-linguagem","tag-mexico","tag-pesquisa","tag-templo"],"yoast_head":"<!-- This site is optimized with the Yoast SEO plugin v26.5 - https:\/\/yoast.com\/wordpress\/plugins\/seo\/ -->\n<title>Misteriosa estrutura quadrada \u00e9 descoberta em s\u00edtio arqueol\u00f3gico mexicano - Jornal Fatos e Not\u00edcias<\/title>\n<meta name=\"robots\" content=\"index, follow, max-snippet:-1, max-image-preview:large, max-video-preview:-1\" \/>\n<link rel=\"canonical\" href=\"https:\/\/jornalfatosenoticias.com.br\/index.php\/2020\/12\/11\/misteriosa-estrutura-quadrada-e-descoberta-em-sitio-arqueologico-mexicano\/\" \/>\n<meta property=\"og:locale\" content=\"pt_BR\" \/>\n<meta property=\"og:type\" content=\"article\" \/>\n<meta property=\"og:title\" content=\"Misteriosa estrutura quadrada \u00e9 descoberta em s\u00edtio arqueol\u00f3gico mexicano - Jornal Fatos e Not\u00edcias\" \/>\n<meta property=\"og:description\" content=\"As ru\u00ednas estavam a apenas 30 cent\u00edmetros do n\u00edvel do solo, e era semelhante a outras que haviam sido encontradas no mesmo local Uma equipe de pesquisadores da Universidade de Oklahoma fez uma nova descoberta no s\u00edtio arqueol\u00f3gico de Monte Alb\u00e1n, no M\u00e9xico; foi desenterrada uma estrutura quadrada, que estava escondida a apenas 30 cent\u00edmetros [&hellip;]\" \/>\n<meta property=\"og:url\" content=\"https:\/\/jornalfatosenoticias.com.br\/index.php\/2020\/12\/11\/misteriosa-estrutura-quadrada-e-descoberta-em-sitio-arqueologico-mexicano\/\" \/>\n<meta property=\"og:site_name\" content=\"Jornal Fatos e Not\u00edcias\" \/>\n<meta property=\"article:published_time\" content=\"2020-12-11T17:30:07+00:00\" \/>\n<meta property=\"article:modified_time\" content=\"2020-12-11T17:30:12+00:00\" \/>\n<meta property=\"og:image\" content=\"https:\/\/jornalfatosenoticias.com.br\/wp-content\/uploads\/2020\/12\/sitio-arqueologico-mexicano.jpg\" \/>\n\t<meta property=\"og:image:width\" content=\"1000\" \/>\n\t<meta property=\"og:image:height\" content=\"562\" \/>\n\t<meta property=\"og:image:type\" content=\"image\/jpeg\" \/>\n<meta name=\"author\" content=\"Luzimara Fernandes\" \/>\n<meta name=\"twitter:card\" content=\"summary_large_image\" \/>\n<meta name=\"twitter:label1\" content=\"Escrito por\" \/>\n\t<meta name=\"twitter:data1\" content=\"Luzimara Fernandes\" \/>\n\t<meta name=\"twitter:label2\" content=\"Est. tempo de leitura\" \/>\n\t<meta name=\"twitter:data2\" content=\"1 minuto\" \/>\n<script type=\"application\/ld+json\" class=\"yoast-schema-graph\">{\"@context\":\"https:\/\/schema.org\",\"@graph\":[{\"@type\":\"Article\",\"@id\":\"https:\/\/jornalfatosenoticias.com.br\/index.php\/2020\/12\/11\/misteriosa-estrutura-quadrada-e-descoberta-em-sitio-arqueologico-mexicano\/#article\",\"isPartOf\":{\"@id\":\"https:\/\/jornalfatosenoticias.com.br\/index.php\/2020\/12\/11\/misteriosa-estrutura-quadrada-e-descoberta-em-sitio-arqueologico-mexicano\/\"},\"author\":{\"name\":\"Luzimara Fernandes\",\"@id\":\"https:\/\/jornalfatosenoticias.com.br\/#\/schema\/person\/d63837fa13ac8666eb9e74e0985d6f81\"},\"headline\":\"Misteriosa estrutura quadrada \u00e9 descoberta em s\u00edtio arqueol\u00f3gico mexicano\",\"datePublished\":\"2020-12-11T17:30:07+00:00\",\"dateModified\":\"2020-12-11T17:30:12+00:00\",\"mainEntityOfPage\":{\"@id\":\"https:\/\/jornalfatosenoticias.com.br\/index.php\/2020\/12\/11\/misteriosa-estrutura-quadrada-e-descoberta-em-sitio-arqueologico-mexicano\/\"},\"wordCount\":302,\"commentCount\":0,\"publisher\":{\"@id\":\"https:\/\/jornalfatosenoticias.com.br\/#organization\"},\"image\":{\"@id\":\"https:\/\/jornalfatosenoticias.com.br\/index.php\/2020\/12\/11\/misteriosa-estrutura-quadrada-e-descoberta-em-sitio-arqueologico-mexicano\/#primaryimage\"},\"thumbnailUrl\":\"https:\/\/jornalfatosenoticias.com.br\/wp-content\/uploads\/2020\/12\/sitio-arqueologico-mexicano.jpg\",\"keywords\":[\"arqueologia\",\"cidade\",\"edif\u00edcio\",\"escava\u00e7\u00e3o\",\"escrita\",\"linguagem\",\"M\u00e9xico\",\"pesquisa\",\"templo\"],\"articleSection\":[\"Ci\u00eancia\"],\"inLanguage\":\"pt-BR\",\"potentialAction\":[{\"@type\":\"CommentAction\",\"name\":\"Comment\",\"target\":[\"https:\/\/jornalfatosenoticias.com.br\/index.php\/2020\/12\/11\/misteriosa-estrutura-quadrada-e-descoberta-em-sitio-arqueologico-mexicano\/#respond\"]}]},{\"@type\":\"WebPage\",\"@id\":\"https:\/\/jornalfatosenoticias.com.br\/index.php\/2020\/12\/11\/misteriosa-estrutura-quadrada-e-descoberta-em-sitio-arqueologico-mexicano\/\",\"url\":\"https:\/\/jornalfatosenoticias.com.br\/index.php\/2020\/12\/11\/misteriosa-estrutura-quadrada-e-descoberta-em-sitio-arqueologico-mexicano\/\",\"name\":\"Misteriosa estrutura quadrada \u00e9 descoberta em s\u00edtio arqueol\u00f3gico mexicano - Jornal Fatos e Not\u00edcias\",\"isPartOf\":{\"@id\":\"https:\/\/jornalfatosenoticias.com.br\/#website\"},\"primaryImageOfPage\":{\"@id\":\"https:\/\/jornalfatosenoticias.com.br\/index.php\/2020\/12\/11\/misteriosa-estrutura-quadrada-e-descoberta-em-sitio-arqueologico-mexicano\/#primaryimage\"},\"image\":{\"@id\":\"https:\/\/jornalfatosenoticias.com.br\/index.php\/2020\/12\/11\/misteriosa-estrutura-quadrada-e-descoberta-em-sitio-arqueologico-mexicano\/#primaryimage\"},\"thumbnailUrl\":\"https:\/\/jornalfatosenoticias.com.br\/wp-content\/uploads\/2020\/12\/sitio-arqueologico-mexicano.jpg\",\"datePublished\":\"2020-12-11T17:30:07+00:00\",\"dateModified\":\"2020-12-11T17:30:12+00:00\",\"breadcrumb\":{\"@id\":\"https:\/\/jornalfatosenoticias.com.br\/index.php\/2020\/12\/11\/misteriosa-estrutura-quadrada-e-descoberta-em-sitio-arqueologico-mexicano\/#breadcrumb\"},\"inLanguage\":\"pt-BR\",\"potentialAction\":[{\"@type\":\"ReadAction\",\"target\":[\"https:\/\/jornalfatosenoticias.com.br\/index.php\/2020\/12\/11\/misteriosa-estrutura-quadrada-e-descoberta-em-sitio-arqueologico-mexicano\/\"]}]},{\"@type\":\"ImageObject\",\"inLanguage\":\"pt-BR\",\"@id\":\"https:\/\/jornalfatosenoticias.com.br\/index.php\/2020\/12\/11\/misteriosa-estrutura-quadrada-e-descoberta-em-sitio-arqueologico-mexicano\/#primaryimage\",\"url\":\"https:\/\/jornalfatosenoticias.com.br\/wp-content\/uploads\/2020\/12\/sitio-arqueologico-mexicano.jpg\",\"contentUrl\":\"https:\/\/jornalfatosenoticias.com.br\/wp-content\/uploads\/2020\/12\/sitio-arqueologico-mexicano.jpg\",\"width\":1000,\"height\":562},{\"@type\":\"BreadcrumbList\",\"@id\":\"https:\/\/jornalfatosenoticias.com.br\/index.php\/2020\/12\/11\/misteriosa-estrutura-quadrada-e-descoberta-em-sitio-arqueologico-mexicano\/#breadcrumb\",\"itemListElement\":[{\"@type\":\"ListItem\",\"position\":1,\"name\":\"In\u00edcio\",\"item\":\"https:\/\/jornalfatosenoticias.com.br\/\"},{\"@type\":\"ListItem\",\"position\":2,\"name\":\"Misteriosa estrutura quadrada \u00e9 descoberta em s\u00edtio arqueol\u00f3gico mexicano\"}]},{\"@type\":\"WebSite\",\"@id\":\"https:\/\/jornalfatosenoticias.com.br\/#website\",\"url\":\"https:\/\/jornalfatosenoticias.com.br\/\",\"name\":\"Jornal Fatos e Not\u00edcias\",\"description\":\"Not\u00edcias em geral\",\"publisher\":{\"@id\":\"https:\/\/jornalfatosenoticias.com.br\/#organization\"},\"potentialAction\":[{\"@type\":\"SearchAction\",\"target\":{\"@type\":\"EntryPoint\",\"urlTemplate\":\"https:\/\/jornalfatosenoticias.com.br\/?s={search_term_string}\"},\"query-input\":{\"@type\":\"PropertyValueSpecification\",\"valueRequired\":true,\"valueName\":\"search_term_string\"}}],\"inLanguage\":\"pt-BR\"},{\"@type\":\"Organization\",\"@id\":\"https:\/\/jornalfatosenoticias.com.br\/#organization\",\"name\":\"Jornal Fatos e Not\u00edcias\",\"url\":\"https:\/\/jornalfatosenoticias.com.br\/\",\"logo\":{\"@type\":\"ImageObject\",\"inLanguage\":\"pt-BR\",\"@id\":\"https:\/\/jornalfatosenoticias.com.br\/#\/schema\/logo\/image\/\",\"url\":\"https:\/\/jornalfatosenoticias.com.br\/wp-content\/uploads\/2020\/02\/logo120.png\",\"contentUrl\":\"https:\/\/jornalfatosenoticias.com.br\/wp-content\/uploads\/2020\/02\/logo120.png\",\"width\":1227,\"height\":120,\"caption\":\"Jornal Fatos e Not\u00edcias\"},\"image\":{\"@id\":\"https:\/\/jornalfatosenoticias.com.br\/#\/schema\/logo\/image\/\"}},{\"@type\":\"Person\",\"@id\":\"https:\/\/jornalfatosenoticias.com.br\/#\/schema\/person\/d63837fa13ac8666eb9e74e0985d6f81\",\"name\":\"Luzimara Fernandes\",\"image\":{\"@type\":\"ImageObject\",\"inLanguage\":\"pt-BR\",\"@id\":\"https:\/\/jornalfatosenoticias.com.br\/#\/schema\/person\/image\/\",\"url\":\"https:\/\/jornalfatosenoticias.com.br\/wp-content\/uploads\/2025\/05\/EU_portal.jpg\",\"contentUrl\":\"https:\/\/jornalfatosenoticias.com.br\/wp-content\/uploads\/2025\/05\/EU_portal.jpg\",\"caption\":\"Luzimara Fernandes\"},\"description\":\"Jornalista MTB 2358-ES\",\"sameAs\":[\"https:\/\/jornalfatosenoticias.com.br\"],\"url\":\"https:\/\/jornalfatosenoticias.com.br\/index.php\/author\/luzimara\/\"}]}<\/script>\n<!-- \/ Yoast SEO plugin. -->","yoast_head_json":{"title":"Misteriosa estrutura quadrada \u00e9 descoberta em s\u00edtio arqueol\u00f3gico mexicano - Jornal Fatos e Not\u00edcias","robots":{"index":"index","follow":"follow","max-snippet":"max-snippet:-1","max-image-preview":"max-image-preview:large","max-video-preview":"max-video-preview:-1"},"canonical":"https:\/\/jornalfatosenoticias.com.br\/index.php\/2020\/12\/11\/misteriosa-estrutura-quadrada-e-descoberta-em-sitio-arqueologico-mexicano\/","og_locale":"pt_BR","og_type":"article","og_title":"Misteriosa estrutura quadrada \u00e9 descoberta em s\u00edtio arqueol\u00f3gico mexicano - Jornal Fatos e Not\u00edcias","og_description":"As ru\u00ednas estavam a apenas 30 cent\u00edmetros do n\u00edvel do solo, e era semelhante a outras que haviam sido encontradas no mesmo local Uma equipe de pesquisadores da Universidade de Oklahoma fez uma nova descoberta no s\u00edtio arqueol\u00f3gico de Monte Alb\u00e1n, no M\u00e9xico; foi desenterrada uma estrutura quadrada, que estava escondida a apenas 30 cent\u00edmetros [&hellip;]","og_url":"https:\/\/jornalfatosenoticias.com.br\/index.php\/2020\/12\/11\/misteriosa-estrutura-quadrada-e-descoberta-em-sitio-arqueologico-mexicano\/","og_site_name":"Jornal Fatos e Not\u00edcias","article_published_time":"2020-12-11T17:30:07+00:00","article_modified_time":"2020-12-11T17:30:12+00:00","og_image":[{"width":1000,"height":562,"url":"https:\/\/jornalfatosenoticias.com.br\/wp-content\/uploads\/2020\/12\/sitio-arqueologico-mexicano.jpg","type":"image\/jpeg"}],"author":"Luzimara Fernandes","twitter_card":"summary_large_image","twitter_misc":{"Escrito por":"Luzimara Fernandes","Est. tempo de leitura":"1 minuto"},"schema":{"@context":"https:\/\/schema.org","@graph":[{"@type":"Article","@id":"https:\/\/jornalfatosenoticias.com.br\/index.php\/2020\/12\/11\/misteriosa-estrutura-quadrada-e-descoberta-em-sitio-arqueologico-mexicano\/#article","isPartOf":{"@id":"https:\/\/jornalfatosenoticias.com.br\/index.php\/2020\/12\/11\/misteriosa-estrutura-quadrada-e-descoberta-em-sitio-arqueologico-mexicano\/"},"author":{"name":"Luzimara Fernandes","@id":"https:\/\/jornalfatosenoticias.com.br\/#\/schema\/person\/d63837fa13ac8666eb9e74e0985d6f81"},"headline":"Misteriosa estrutura quadrada \u00e9 descoberta em s\u00edtio arqueol\u00f3gico mexicano","datePublished":"2020-12-11T17:30:07+00:00","dateModified":"2020-12-11T17:30:12+00:00","mainEntityOfPage":{"@id":"https:\/\/jornalfatosenoticias.com.br\/index.php\/2020\/12\/11\/misteriosa-estrutura-quadrada-e-descoberta-em-sitio-arqueologico-mexicano\/"},"wordCount":302,"commentCount":0,"publisher":{"@id":"https:\/\/jornalfatosenoticias.com.br\/#organization"},"image":{"@id":"https:\/\/jornalfatosenoticias.com.br\/index.php\/2020\/12\/11\/misteriosa-estrutura-quadrada-e-descoberta-em-sitio-arqueologico-mexicano\/#primaryimage"},"thumbnailUrl":"https:\/\/jornalfatosenoticias.com.br\/wp-content\/uploads\/2020\/12\/sitio-arqueologico-mexicano.jpg","keywords":["arqueologia","cidade","edif\u00edcio","escava\u00e7\u00e3o","escrita","linguagem","M\u00e9xico","pesquisa","templo"],"articleSection":["Ci\u00eancia"],"inLanguage":"pt-BR","potentialAction":[{"@type":"CommentAction","name":"Comment","target":["https:\/\/jornalfatosenoticias.com.br\/index.php\/2020\/12\/11\/misteriosa-estrutura-quadrada-e-descoberta-em-sitio-arqueologico-mexicano\/#respond"]}]},{"@type":"WebPage","@id":"https:\/\/jornalfatosenoticias.com.br\/index.php\/2020\/12\/11\/misteriosa-estrutura-quadrada-e-descoberta-em-sitio-arqueologico-mexicano\/","url":"https:\/\/jornalfatosenoticias.com.br\/index.php\/2020\/12\/11\/misteriosa-estrutura-quadrada-e-descoberta-em-sitio-arqueologico-mexicano\/","name":"Misteriosa estrutura quadrada \u00e9 descoberta em s\u00edtio arqueol\u00f3gico mexicano - Jornal Fatos e Not\u00edcias","isPartOf":{"@id":"https:\/\/jornalfatosenoticias.com.br\/#website"},"primaryImageOfPage":{"@id":"https:\/\/jornalfatosenoticias.com.br\/index.php\/2020\/12\/11\/misteriosa-estrutura-quadrada-e-descoberta-em-sitio-arqueologico-mexicano\/#primaryimage"},"image":{"@id":"https:\/\/jornalfatosenoticias.com.br\/index.php\/2020\/12\/11\/misteriosa-estrutura-quadrada-e-descoberta-em-sitio-arqueologico-mexicano\/#primaryimage"},"thumbnailUrl":"https:\/\/jornalfatosenoticias.com.br\/wp-content\/uploads\/2020\/12\/sitio-arqueologico-mexicano.jpg","datePublished":"2020-12-11T17:30:07+00:00","dateModified":"2020-12-11T17:30:12+00:00","breadcrumb":{"@id":"https:\/\/jornalfatosenoticias.com.br\/index.php\/2020\/12\/11\/misteriosa-estrutura-quadrada-e-descoberta-em-sitio-arqueologico-mexicano\/#breadcrumb"},"inLanguage":"pt-BR","potentialAction":[{"@type":"ReadAction","target":["https:\/\/jornalfatosenoticias.com.br\/index.php\/2020\/12\/11\/misteriosa-estrutura-quadrada-e-descoberta-em-sitio-arqueologico-mexicano\/"]}]},{"@type":"ImageObject","inLanguage":"pt-BR","@id":"https:\/\/jornalfatosenoticias.com.br\/index.php\/2020\/12\/11\/misteriosa-estrutura-quadrada-e-descoberta-em-sitio-arqueologico-mexicano\/#primaryimage","url":"https:\/\/jornalfatosenoticias.com.br\/wp-content\/uploads\/2020\/12\/sitio-arqueologico-mexicano.jpg","contentUrl":"https:\/\/jornalfatosenoticias.com.br\/wp-content\/uploads\/2020\/12\/sitio-arqueologico-mexicano.jpg","width":1000,"height":562},{"@type":"BreadcrumbList","@id":"https:\/\/jornalfatosenoticias.com.br\/index.php\/2020\/12\/11\/misteriosa-estrutura-quadrada-e-descoberta-em-sitio-arqueologico-mexicano\/#breadcrumb","itemListElement":[{"@type":"ListItem","position":1,"name":"In\u00edcio","item":"https:\/\/jornalfatosenoticias.com.br\/"},{"@type":"ListItem","position":2,"name":"Misteriosa estrutura quadrada \u00e9 descoberta em s\u00edtio arqueol\u00f3gico mexicano"}]},{"@type":"WebSite","@id":"https:\/\/jornalfatosenoticias.com.br\/#website","url":"https:\/\/jornalfatosenoticias.com.br\/","name":"Jornal Fatos e Not\u00edcias","description":"Not\u00edcias em geral","publisher":{"@id":"https:\/\/jornalfatosenoticias.com.br\/#organization"},"potentialAction":[{"@type":"SearchAction","target":{"@type":"EntryPoint","urlTemplate":"https:\/\/jornalfatosenoticias.com.br\/?s={search_term_string}"},"query-input":{"@type":"PropertyValueSpecification","valueRequired":true,"valueName":"search_term_string"}}],"inLanguage":"pt-BR"},{"@type":"Organization","@id":"https:\/\/jornalfatosenoticias.com.br\/#organization","name":"Jornal Fatos e Not\u00edcias","url":"https:\/\/jornalfatosenoticias.com.br\/","logo":{"@type":"ImageObject","inLanguage":"pt-BR","@id":"https:\/\/jornalfatosenoticias.com.br\/#\/schema\/logo\/image\/","url":"https:\/\/jornalfatosenoticias.com.br\/wp-content\/uploads\/2020\/02\/logo120.png","contentUrl":"https:\/\/jornalfatosenoticias.com.br\/wp-content\/uploads\/2020\/02\/logo120.png","width":1227,"height":120,"caption":"Jornal Fatos e Not\u00edcias"},"image":{"@id":"https:\/\/jornalfatosenoticias.com.br\/#\/schema\/logo\/image\/"}},{"@type":"Person","@id":"https:\/\/jornalfatosenoticias.com.br\/#\/schema\/person\/d63837fa13ac8666eb9e74e0985d6f81","name":"Luzimara Fernandes","image":{"@type":"ImageObject","inLanguage":"pt-BR","@id":"https:\/\/jornalfatosenoticias.com.br\/#\/schema\/person\/image\/","url":"https:\/\/jornalfatosenoticias.com.br\/wp-content\/uploads\/2025\/05\/EU_portal.jpg","contentUrl":"https:\/\/jornalfatosenoticias.com.br\/wp-content\/uploads\/2025\/05\/EU_portal.jpg","caption":"Luzimara Fernandes"},"description":"Jornalista MTB 2358-ES","sameAs":["https:\/\/jornalfatosenoticias.com.br"],"url":"https:\/\/jornalfatosenoticias.com.br\/index.php\/author\/luzimara\/"}]}},"cc_featured_image_caption":{"caption_text":"","source_text":"","source_url":""},"jetpack_featured_media_url":"https:\/\/jornalfatosenoticias.com.br\/wp-content\/uploads\/2020\/12\/sitio-arqueologico-mexicano.jpg","_links":{"self":[{"href":"https:\/\/jornalfatosenoticias.com.br\/index.php\/wp-json\/wp\/v2\/posts\/12382","targetHints":{"allow":["GET"]}}],"collection":[{"href":"https:\/\/jornalfatosenoticias.com.br\/index.php\/wp-json\/wp\/v2\/posts"}],"about":[{"href":"https:\/\/jornalfatosenoticias.com.br\/index.php\/wp-json\/wp\/v2\/types\/post"}],"author":[{"embeddable":true,"href":"https:\/\/jornalfatosenoticias.com.br\/index.php\/wp-json\/wp\/v2\/users\/2"}],"replies":[{"embeddable":true,"href":"https:\/\/jornalfatosenoticias.com.br\/index.php\/wp-json\/wp\/v2\/comments?post=12382"}],"version-history":[{"count":0,"href":"https:\/\/jornalfatosenoticias.com.br\/index.php\/wp-json\/wp\/v2\/posts\/12382\/revisions"}],"wp:featuredmedia":[{"embeddable":true,"href":"https:\/\/jornalfatosenoticias.com.br\/index.php\/wp-json\/wp\/v2\/media\/12383"}],"wp:attachment":[{"href":"https:\/\/jornalfatosenoticias.com.br\/index.php\/wp-json\/wp\/v2\/media?parent=12382"}],"wp:term":[{"taxonomy":"category","embeddable":true,"href":"https:\/\/jornalfatosenoticias.com.br\/index.php\/wp-json\/wp\/v2\/categories?post=12382"},{"taxonomy":"post_tag","embeddable":true,"href":"https:\/\/jornalfatosenoticias.com.br\/index.php\/wp-json\/wp\/v2\/tags?post=12382"}],"curies":[{"name":"wp","href":"https:\/\/api.w.org\/{rel}","templated":true}]}}