{"id":12399,"date":"2020-12-11T15:32:54","date_gmt":"2020-12-11T18:32:54","guid":{"rendered":"https:\/\/jornalfatosenoticias.com.br\/?p=12399"},"modified":"2020-12-11T15:32:59","modified_gmt":"2020-12-11T18:32:59","slug":"tecnologia-revela-aldeias-indigenas-antigas-no-acre","status":"publish","type":"post","link":"https:\/\/jornalfatosenoticias.com.br\/index.php\/2020\/12\/11\/tecnologia-revela-aldeias-indigenas-antigas-no-acre\/","title":{"rendered":"Tecnologia revela aldeias ind\u00edgenas antigas no Acre"},"content":{"rendered":"\n<h6 class=\"wp-block-heading\"><em>O assentamento curioso foi revelado recentemente por uma pesquisa que usou uma tecnologia de sensoriamento remoto<\/em><\/h6>\n\n\n\n<p>Recentemente, uma equipe formada por pesquisadores do\u00a0<a href=\"https:\/\/aventurasnahistoria.uol.com.br\/noticias\/coronavirus\/apos-aprovacao-do-reino-unido-vacina-da-pfizerbiontech-comecara-ser-aplicada.phtml\" rel=\"noreferrer noopener\" target=\"_blank\">Reino Unido<\/a>\u00a0e da Am\u00e9rica Latina publicou no Journal of Computer Applications in Archaeology a descoberta de\u00a0<a href=\"https:\/\/aventurasnahistoria.uol.com.br\/noticias\/historia-hoje\/arqueologo-encontra-quatro-aldeias-submersas-da-idade-media.phtml\" rel=\"noreferrer noopener\" target=\"_blank\">aldeias<\/a>\u00a0ind\u00edgenas de formato curioso constru\u00edda entre o ano de 1300 e o de 1700 no estado do Acre,\u00a0<a href=\"https:\/\/aventurasnahistoria.uol.com.br\/noticias\/reportagem\/no-banco-dos-reus-da-historia-a-saga-dos-bandeirantes.phtml\" rel=\"noreferrer noopener\" target=\"_blank\">Brasil<\/a>.<br>Para realizar o achado, uma tecnologia de sensoriamento remoto foi acoplada a helic\u00f3pteros para que se pudesse ver atrav\u00e9s da copa das \u00e1rvores da Floresta Amaz\u00f4nica. Assim, foi revelado o assentamento de mais de 35 aldeias circulares conectadas por estradas, criando um formato semelhante ao de um mostrador de <a href=\"https:\/\/aventurasnahistoria.uol.com.br\/noticias\/vitrine\/por-que-princesa-diana-usava-dois-relogios-e-o-que-isso-tem-ver-com-idade-media.phtml\" rel=\"noreferrer noopener\" target=\"_blank\">rel\u00f3gio<\/a>. Segundo a pesquisa, essas estradas se estenderiam por quil\u00f4metros, ligando comunidades diferentes.<br>\u201c\u2018Lidar\u2019 nos ofereceu uma nova oportunidade para localizar e documentar s\u00edtios arqueol\u00f3gicos em partes florestais da Amaz\u00f4nia que s\u00e3o caracterizadas por vegeta\u00e7\u00e3o densa\u201d, comentou o professor Jos\u00e9 Iriarte referindo-se aos sensores utilizados na pesquisa, segundo divulgado pelo LiveScience.<\/p>\n\n\n\n<p><em><strong>Fonte: <a href=\"https:\/\/aventurasnahistoria.uol.com.br\/noticias\/historia-hoje\/no-acre-tecnologia-revela-aldeias-indigenas-antigas-diz-estudo.phtml\">Aventuras na Hist\u00f3ria<\/a><\/strong><\/em><\/p>\n","protected":false},"excerpt":{"rendered":"<p>O assentamento curioso foi revelado recentemente por uma pesquisa que usou uma tecnologia de sensoriamento remoto Recentemente, uma equipe formada por pesquisadores do\u00a0Reino Unido\u00a0e da Am\u00e9rica Latina publicou no Journal of Computer Applications in Archaeology a descoberta de\u00a0aldeias\u00a0ind\u00edgenas de formato curioso constru\u00edda entre o ano de 1300 e o de 1700 no estado do Acre,\u00a0Brasil.Para [&hellip;]<\/p>\n","protected":false},"author":2,"featured_media":12400,"comment_status":"open","ping_status":"open","sticky":false,"template":"","format":"standard","meta":{"footnotes":""},"categories":[3],"tags":[6485,6483,597,1896,6484,4656],"class_list":["post-12399","post","type-post","status-publish","format-standard","has-post-thumbnail","hentry","category-tecnologia","tag-aldeia-indigena","tag-assentamento","tag-brasil","tag-floresta-amazonica","tag-relogio","tag-sensores"],"yoast_head":"<!-- This site is optimized with the Yoast SEO plugin v26.5 - https:\/\/yoast.com\/wordpress\/plugins\/seo\/ -->\n<title>Tecnologia revela aldeias ind\u00edgenas antigas no Acre - Jornal Fatos e Not\u00edcias<\/title>\n<meta name=\"robots\" content=\"index, follow, max-snippet:-1, max-image-preview:large, max-video-preview:-1\" \/>\n<link rel=\"canonical\" href=\"https:\/\/jornalfatosenoticias.com.br\/index.php\/2020\/12\/11\/tecnologia-revela-aldeias-indigenas-antigas-no-acre\/\" \/>\n<meta property=\"og:locale\" content=\"pt_BR\" \/>\n<meta property=\"og:type\" content=\"article\" \/>\n<meta property=\"og:title\" content=\"Tecnologia revela aldeias ind\u00edgenas antigas no Acre - Jornal Fatos e Not\u00edcias\" \/>\n<meta property=\"og:description\" content=\"O assentamento curioso foi revelado recentemente por uma pesquisa que usou uma tecnologia de sensoriamento remoto Recentemente, uma equipe formada por pesquisadores do\u00a0Reino Unido\u00a0e da Am\u00e9rica Latina publicou no Journal of Computer Applications in Archaeology a descoberta de\u00a0aldeias\u00a0ind\u00edgenas de formato curioso constru\u00edda entre o ano de 1300 e o de 1700 no estado do Acre,\u00a0Brasil.Para [&hellip;]\" \/>\n<meta property=\"og:url\" content=\"https:\/\/jornalfatosenoticias.com.br\/index.php\/2020\/12\/11\/tecnologia-revela-aldeias-indigenas-antigas-no-acre\/\" \/>\n<meta property=\"og:site_name\" content=\"Jornal Fatos e Not\u00edcias\" \/>\n<meta property=\"article:published_time\" content=\"2020-12-11T18:32:54+00:00\" \/>\n<meta property=\"article:modified_time\" content=\"2020-12-11T18:32:59+00:00\" \/>\n<meta property=\"og:image\" content=\"https:\/\/jornalfatosenoticias.com.br\/wp-content\/uploads\/2020\/12\/aldeias-antigas_Acre.jpg\" \/>\n\t<meta property=\"og:image:width\" content=\"1000\" \/>\n\t<meta property=\"og:image:height\" content=\"562\" \/>\n\t<meta property=\"og:image:type\" content=\"image\/jpeg\" \/>\n<meta name=\"author\" content=\"Luzimara Fernandes\" \/>\n<meta name=\"twitter:card\" content=\"summary_large_image\" \/>\n<meta name=\"twitter:label1\" content=\"Escrito por\" \/>\n\t<meta name=\"twitter:data1\" content=\"Luzimara Fernandes\" \/>\n\t<meta name=\"twitter:label2\" content=\"Est. tempo de leitura\" \/>\n\t<meta name=\"twitter:data2\" content=\"1 minuto\" \/>\n<script type=\"application\/ld+json\" class=\"yoast-schema-graph\">{\"@context\":\"https:\/\/schema.org\",\"@graph\":[{\"@type\":\"Article\",\"@id\":\"https:\/\/jornalfatosenoticias.com.br\/index.php\/2020\/12\/11\/tecnologia-revela-aldeias-indigenas-antigas-no-acre\/#article\",\"isPartOf\":{\"@id\":\"https:\/\/jornalfatosenoticias.com.br\/index.php\/2020\/12\/11\/tecnologia-revela-aldeias-indigenas-antigas-no-acre\/\"},\"author\":{\"name\":\"Luzimara Fernandes\",\"@id\":\"https:\/\/jornalfatosenoticias.com.br\/#\/schema\/person\/d63837fa13ac8666eb9e74e0985d6f81\"},\"headline\":\"Tecnologia revela aldeias ind\u00edgenas antigas no Acre\",\"datePublished\":\"2020-12-11T18:32:54+00:00\",\"dateModified\":\"2020-12-11T18:32:59+00:00\",\"mainEntityOfPage\":{\"@id\":\"https:\/\/jornalfatosenoticias.com.br\/index.php\/2020\/12\/11\/tecnologia-revela-aldeias-indigenas-antigas-no-acre\/\"},\"wordCount\":183,\"commentCount\":0,\"publisher\":{\"@id\":\"https:\/\/jornalfatosenoticias.com.br\/#organization\"},\"image\":{\"@id\":\"https:\/\/jornalfatosenoticias.com.br\/index.php\/2020\/12\/11\/tecnologia-revela-aldeias-indigenas-antigas-no-acre\/#primaryimage\"},\"thumbnailUrl\":\"https:\/\/jornalfatosenoticias.com.br\/wp-content\/uploads\/2020\/12\/aldeias-antigas_Acre.jpg\",\"keywords\":[\"aldeia ind\u00edgena\",\"assentamento\",\"Brasil\",\"floresta amaz\u00f4nica\",\"rel\u00f3gio\",\"sensores\"],\"articleSection\":[\"Tecnologia &amp; Inova\u00e7\u00e3o\"],\"inLanguage\":\"pt-BR\",\"potentialAction\":[{\"@type\":\"CommentAction\",\"name\":\"Comment\",\"target\":[\"https:\/\/jornalfatosenoticias.com.br\/index.php\/2020\/12\/11\/tecnologia-revela-aldeias-indigenas-antigas-no-acre\/#respond\"]}]},{\"@type\":\"WebPage\",\"@id\":\"https:\/\/jornalfatosenoticias.com.br\/index.php\/2020\/12\/11\/tecnologia-revela-aldeias-indigenas-antigas-no-acre\/\",\"url\":\"https:\/\/jornalfatosenoticias.com.br\/index.php\/2020\/12\/11\/tecnologia-revela-aldeias-indigenas-antigas-no-acre\/\",\"name\":\"Tecnologia revela aldeias ind\u00edgenas antigas no Acre - Jornal Fatos e Not\u00edcias\",\"isPartOf\":{\"@id\":\"https:\/\/jornalfatosenoticias.com.br\/#website\"},\"primaryImageOfPage\":{\"@id\":\"https:\/\/jornalfatosenoticias.com.br\/index.php\/2020\/12\/11\/tecnologia-revela-aldeias-indigenas-antigas-no-acre\/#primaryimage\"},\"image\":{\"@id\":\"https:\/\/jornalfatosenoticias.com.br\/index.php\/2020\/12\/11\/tecnologia-revela-aldeias-indigenas-antigas-no-acre\/#primaryimage\"},\"thumbnailUrl\":\"https:\/\/jornalfatosenoticias.com.br\/wp-content\/uploads\/2020\/12\/aldeias-antigas_Acre.jpg\",\"datePublished\":\"2020-12-11T18:32:54+00:00\",\"dateModified\":\"2020-12-11T18:32:59+00:00\",\"breadcrumb\":{\"@id\":\"https:\/\/jornalfatosenoticias.com.br\/index.php\/2020\/12\/11\/tecnologia-revela-aldeias-indigenas-antigas-no-acre\/#breadcrumb\"},\"inLanguage\":\"pt-BR\",\"potentialAction\":[{\"@type\":\"ReadAction\",\"target\":[\"https:\/\/jornalfatosenoticias.com.br\/index.php\/2020\/12\/11\/tecnologia-revela-aldeias-indigenas-antigas-no-acre\/\"]}]},{\"@type\":\"ImageObject\",\"inLanguage\":\"pt-BR\",\"@id\":\"https:\/\/jornalfatosenoticias.com.br\/index.php\/2020\/12\/11\/tecnologia-revela-aldeias-indigenas-antigas-no-acre\/#primaryimage\",\"url\":\"https:\/\/jornalfatosenoticias.com.br\/wp-content\/uploads\/2020\/12\/aldeias-antigas_Acre.jpg\",\"contentUrl\":\"https:\/\/jornalfatosenoticias.com.br\/wp-content\/uploads\/2020\/12\/aldeias-antigas_Acre.jpg\",\"width\":1000,\"height\":562},{\"@type\":\"BreadcrumbList\",\"@id\":\"https:\/\/jornalfatosenoticias.com.br\/index.php\/2020\/12\/11\/tecnologia-revela-aldeias-indigenas-antigas-no-acre\/#breadcrumb\",\"itemListElement\":[{\"@type\":\"ListItem\",\"position\":1,\"name\":\"In\u00edcio\",\"item\":\"https:\/\/jornalfatosenoticias.com.br\/\"},{\"@type\":\"ListItem\",\"position\":2,\"name\":\"Tecnologia revela aldeias ind\u00edgenas antigas no Acre\"}]},{\"@type\":\"WebSite\",\"@id\":\"https:\/\/jornalfatosenoticias.com.br\/#website\",\"url\":\"https:\/\/jornalfatosenoticias.com.br\/\",\"name\":\"Jornal Fatos e Not\u00edcias\",\"description\":\"Not\u00edcias em geral\",\"publisher\":{\"@id\":\"https:\/\/jornalfatosenoticias.com.br\/#organization\"},\"potentialAction\":[{\"@type\":\"SearchAction\",\"target\":{\"@type\":\"EntryPoint\",\"urlTemplate\":\"https:\/\/jornalfatosenoticias.com.br\/?s={search_term_string}\"},\"query-input\":{\"@type\":\"PropertyValueSpecification\",\"valueRequired\":true,\"valueName\":\"search_term_string\"}}],\"inLanguage\":\"pt-BR\"},{\"@type\":\"Organization\",\"@id\":\"https:\/\/jornalfatosenoticias.com.br\/#organization\",\"name\":\"Jornal Fatos e Not\u00edcias\",\"url\":\"https:\/\/jornalfatosenoticias.com.br\/\",\"logo\":{\"@type\":\"ImageObject\",\"inLanguage\":\"pt-BR\",\"@id\":\"https:\/\/jornalfatosenoticias.com.br\/#\/schema\/logo\/image\/\",\"url\":\"https:\/\/jornalfatosenoticias.com.br\/wp-content\/uploads\/2020\/02\/logo120.png\",\"contentUrl\":\"https:\/\/jornalfatosenoticias.com.br\/wp-content\/uploads\/2020\/02\/logo120.png\",\"width\":1227,\"height\":120,\"caption\":\"Jornal Fatos e Not\u00edcias\"},\"image\":{\"@id\":\"https:\/\/jornalfatosenoticias.com.br\/#\/schema\/logo\/image\/\"}},{\"@type\":\"Person\",\"@id\":\"https:\/\/jornalfatosenoticias.com.br\/#\/schema\/person\/d63837fa13ac8666eb9e74e0985d6f81\",\"name\":\"Luzimara Fernandes\",\"image\":{\"@type\":\"ImageObject\",\"inLanguage\":\"pt-BR\",\"@id\":\"https:\/\/jornalfatosenoticias.com.br\/#\/schema\/person\/image\/\",\"url\":\"https:\/\/jornalfatosenoticias.com.br\/wp-content\/uploads\/2025\/05\/EU_portal.jpg\",\"contentUrl\":\"https:\/\/jornalfatosenoticias.com.br\/wp-content\/uploads\/2025\/05\/EU_portal.jpg\",\"caption\":\"Luzimara Fernandes\"},\"description\":\"Jornalista MTB 2358-ES\",\"sameAs\":[\"https:\/\/jornalfatosenoticias.com.br\"],\"url\":\"https:\/\/jornalfatosenoticias.com.br\/index.php\/author\/luzimara\/\"}]}<\/script>\n<!-- \/ Yoast SEO plugin. -->","yoast_head_json":{"title":"Tecnologia revela aldeias ind\u00edgenas antigas no Acre - Jornal Fatos e Not\u00edcias","robots":{"index":"index","follow":"follow","max-snippet":"max-snippet:-1","max-image-preview":"max-image-preview:large","max-video-preview":"max-video-preview:-1"},"canonical":"https:\/\/jornalfatosenoticias.com.br\/index.php\/2020\/12\/11\/tecnologia-revela-aldeias-indigenas-antigas-no-acre\/","og_locale":"pt_BR","og_type":"article","og_title":"Tecnologia revela aldeias ind\u00edgenas antigas no Acre - Jornal Fatos e Not\u00edcias","og_description":"O assentamento curioso foi revelado recentemente por uma pesquisa que usou uma tecnologia de sensoriamento remoto Recentemente, uma equipe formada por pesquisadores do\u00a0Reino Unido\u00a0e da Am\u00e9rica Latina publicou no Journal of Computer Applications in Archaeology a descoberta de\u00a0aldeias\u00a0ind\u00edgenas de formato curioso constru\u00edda entre o ano de 1300 e o de 1700 no estado do Acre,\u00a0Brasil.Para [&hellip;]","og_url":"https:\/\/jornalfatosenoticias.com.br\/index.php\/2020\/12\/11\/tecnologia-revela-aldeias-indigenas-antigas-no-acre\/","og_site_name":"Jornal Fatos e Not\u00edcias","article_published_time":"2020-12-11T18:32:54+00:00","article_modified_time":"2020-12-11T18:32:59+00:00","og_image":[{"width":1000,"height":562,"url":"https:\/\/jornalfatosenoticias.com.br\/wp-content\/uploads\/2020\/12\/aldeias-antigas_Acre.jpg","type":"image\/jpeg"}],"author":"Luzimara Fernandes","twitter_card":"summary_large_image","twitter_misc":{"Escrito por":"Luzimara Fernandes","Est. tempo de leitura":"1 minuto"},"schema":{"@context":"https:\/\/schema.org","@graph":[{"@type":"Article","@id":"https:\/\/jornalfatosenoticias.com.br\/index.php\/2020\/12\/11\/tecnologia-revela-aldeias-indigenas-antigas-no-acre\/#article","isPartOf":{"@id":"https:\/\/jornalfatosenoticias.com.br\/index.php\/2020\/12\/11\/tecnologia-revela-aldeias-indigenas-antigas-no-acre\/"},"author":{"name":"Luzimara Fernandes","@id":"https:\/\/jornalfatosenoticias.com.br\/#\/schema\/person\/d63837fa13ac8666eb9e74e0985d6f81"},"headline":"Tecnologia revela aldeias ind\u00edgenas antigas no Acre","datePublished":"2020-12-11T18:32:54+00:00","dateModified":"2020-12-11T18:32:59+00:00","mainEntityOfPage":{"@id":"https:\/\/jornalfatosenoticias.com.br\/index.php\/2020\/12\/11\/tecnologia-revela-aldeias-indigenas-antigas-no-acre\/"},"wordCount":183,"commentCount":0,"publisher":{"@id":"https:\/\/jornalfatosenoticias.com.br\/#organization"},"image":{"@id":"https:\/\/jornalfatosenoticias.com.br\/index.php\/2020\/12\/11\/tecnologia-revela-aldeias-indigenas-antigas-no-acre\/#primaryimage"},"thumbnailUrl":"https:\/\/jornalfatosenoticias.com.br\/wp-content\/uploads\/2020\/12\/aldeias-antigas_Acre.jpg","keywords":["aldeia ind\u00edgena","assentamento","Brasil","floresta amaz\u00f4nica","rel\u00f3gio","sensores"],"articleSection":["Tecnologia &amp; Inova\u00e7\u00e3o"],"inLanguage":"pt-BR","potentialAction":[{"@type":"CommentAction","name":"Comment","target":["https:\/\/jornalfatosenoticias.com.br\/index.php\/2020\/12\/11\/tecnologia-revela-aldeias-indigenas-antigas-no-acre\/#respond"]}]},{"@type":"WebPage","@id":"https:\/\/jornalfatosenoticias.com.br\/index.php\/2020\/12\/11\/tecnologia-revela-aldeias-indigenas-antigas-no-acre\/","url":"https:\/\/jornalfatosenoticias.com.br\/index.php\/2020\/12\/11\/tecnologia-revela-aldeias-indigenas-antigas-no-acre\/","name":"Tecnologia revela aldeias ind\u00edgenas antigas no Acre - Jornal Fatos e Not\u00edcias","isPartOf":{"@id":"https:\/\/jornalfatosenoticias.com.br\/#website"},"primaryImageOfPage":{"@id":"https:\/\/jornalfatosenoticias.com.br\/index.php\/2020\/12\/11\/tecnologia-revela-aldeias-indigenas-antigas-no-acre\/#primaryimage"},"image":{"@id":"https:\/\/jornalfatosenoticias.com.br\/index.php\/2020\/12\/11\/tecnologia-revela-aldeias-indigenas-antigas-no-acre\/#primaryimage"},"thumbnailUrl":"https:\/\/jornalfatosenoticias.com.br\/wp-content\/uploads\/2020\/12\/aldeias-antigas_Acre.jpg","datePublished":"2020-12-11T18:32:54+00:00","dateModified":"2020-12-11T18:32:59+00:00","breadcrumb":{"@id":"https:\/\/jornalfatosenoticias.com.br\/index.php\/2020\/12\/11\/tecnologia-revela-aldeias-indigenas-antigas-no-acre\/#breadcrumb"},"inLanguage":"pt-BR","potentialAction":[{"@type":"ReadAction","target":["https:\/\/jornalfatosenoticias.com.br\/index.php\/2020\/12\/11\/tecnologia-revela-aldeias-indigenas-antigas-no-acre\/"]}]},{"@type":"ImageObject","inLanguage":"pt-BR","@id":"https:\/\/jornalfatosenoticias.com.br\/index.php\/2020\/12\/11\/tecnologia-revela-aldeias-indigenas-antigas-no-acre\/#primaryimage","url":"https:\/\/jornalfatosenoticias.com.br\/wp-content\/uploads\/2020\/12\/aldeias-antigas_Acre.jpg","contentUrl":"https:\/\/jornalfatosenoticias.com.br\/wp-content\/uploads\/2020\/12\/aldeias-antigas_Acre.jpg","width":1000,"height":562},{"@type":"BreadcrumbList","@id":"https:\/\/jornalfatosenoticias.com.br\/index.php\/2020\/12\/11\/tecnologia-revela-aldeias-indigenas-antigas-no-acre\/#breadcrumb","itemListElement":[{"@type":"ListItem","position":1,"name":"In\u00edcio","item":"https:\/\/jornalfatosenoticias.com.br\/"},{"@type":"ListItem","position":2,"name":"Tecnologia revela aldeias ind\u00edgenas antigas no Acre"}]},{"@type":"WebSite","@id":"https:\/\/jornalfatosenoticias.com.br\/#website","url":"https:\/\/jornalfatosenoticias.com.br\/","name":"Jornal Fatos e Not\u00edcias","description":"Not\u00edcias em geral","publisher":{"@id":"https:\/\/jornalfatosenoticias.com.br\/#organization"},"potentialAction":[{"@type":"SearchAction","target":{"@type":"EntryPoint","urlTemplate":"https:\/\/jornalfatosenoticias.com.br\/?s={search_term_string}"},"query-input":{"@type":"PropertyValueSpecification","valueRequired":true,"valueName":"search_term_string"}}],"inLanguage":"pt-BR"},{"@type":"Organization","@id":"https:\/\/jornalfatosenoticias.com.br\/#organization","name":"Jornal Fatos e Not\u00edcias","url":"https:\/\/jornalfatosenoticias.com.br\/","logo":{"@type":"ImageObject","inLanguage":"pt-BR","@id":"https:\/\/jornalfatosenoticias.com.br\/#\/schema\/logo\/image\/","url":"https:\/\/jornalfatosenoticias.com.br\/wp-content\/uploads\/2020\/02\/logo120.png","contentUrl":"https:\/\/jornalfatosenoticias.com.br\/wp-content\/uploads\/2020\/02\/logo120.png","width":1227,"height":120,"caption":"Jornal Fatos e Not\u00edcias"},"image":{"@id":"https:\/\/jornalfatosenoticias.com.br\/#\/schema\/logo\/image\/"}},{"@type":"Person","@id":"https:\/\/jornalfatosenoticias.com.br\/#\/schema\/person\/d63837fa13ac8666eb9e74e0985d6f81","name":"Luzimara Fernandes","image":{"@type":"ImageObject","inLanguage":"pt-BR","@id":"https:\/\/jornalfatosenoticias.com.br\/#\/schema\/person\/image\/","url":"https:\/\/jornalfatosenoticias.com.br\/wp-content\/uploads\/2025\/05\/EU_portal.jpg","contentUrl":"https:\/\/jornalfatosenoticias.com.br\/wp-content\/uploads\/2025\/05\/EU_portal.jpg","caption":"Luzimara Fernandes"},"description":"Jornalista MTB 2358-ES","sameAs":["https:\/\/jornalfatosenoticias.com.br"],"url":"https:\/\/jornalfatosenoticias.com.br\/index.php\/author\/luzimara\/"}]}},"cc_featured_image_caption":{"caption_text":"(Divulga\u00e7\u00e3o\/Gleilson Miranda) ","source_text":"","source_url":""},"jetpack_featured_media_url":"https:\/\/jornalfatosenoticias.com.br\/wp-content\/uploads\/2020\/12\/aldeias-antigas_Acre.jpg","_links":{"self":[{"href":"https:\/\/jornalfatosenoticias.com.br\/index.php\/wp-json\/wp\/v2\/posts\/12399","targetHints":{"allow":["GET"]}}],"collection":[{"href":"https:\/\/jornalfatosenoticias.com.br\/index.php\/wp-json\/wp\/v2\/posts"}],"about":[{"href":"https:\/\/jornalfatosenoticias.com.br\/index.php\/wp-json\/wp\/v2\/types\/post"}],"author":[{"embeddable":true,"href":"https:\/\/jornalfatosenoticias.com.br\/index.php\/wp-json\/wp\/v2\/users\/2"}],"replies":[{"embeddable":true,"href":"https:\/\/jornalfatosenoticias.com.br\/index.php\/wp-json\/wp\/v2\/comments?post=12399"}],"version-history":[{"count":0,"href":"https:\/\/jornalfatosenoticias.com.br\/index.php\/wp-json\/wp\/v2\/posts\/12399\/revisions"}],"wp:featuredmedia":[{"embeddable":true,"href":"https:\/\/jornalfatosenoticias.com.br\/index.php\/wp-json\/wp\/v2\/media\/12400"}],"wp:attachment":[{"href":"https:\/\/jornalfatosenoticias.com.br\/index.php\/wp-json\/wp\/v2\/media?parent=12399"}],"wp:term":[{"taxonomy":"category","embeddable":true,"href":"https:\/\/jornalfatosenoticias.com.br\/index.php\/wp-json\/wp\/v2\/categories?post=12399"},{"taxonomy":"post_tag","embeddable":true,"href":"https:\/\/jornalfatosenoticias.com.br\/index.php\/wp-json\/wp\/v2\/tags?post=12399"}],"curies":[{"name":"wp","href":"https:\/\/api.w.org\/{rel}","templated":true}]}}