{"id":12445,"date":"2020-12-14T15:32:44","date_gmt":"2020-12-14T18:32:44","guid":{"rendered":"https:\/\/jornalfatosenoticias.com.br\/?p=12445"},"modified":"2020-12-14T15:32:48","modified_gmt":"2020-12-14T18:32:48","slug":"boto-da-amazonia-entra-na-lista-de-especies-ameacadas","status":"publish","type":"post","link":"https:\/\/jornalfatosenoticias.com.br\/index.php\/2020\/12\/14\/boto-da-amazonia-entra-na-lista-de-especies-ameacadas\/","title":{"rendered":"Boto da Amaz\u00f4nia entra na lista de esp\u00e9cies amea\u00e7adas"},"content":{"rendered":"\n<h6 class=\"wp-block-heading\"><em>Com adi\u00e7\u00e3o do tucuxi \u00e0 lista vermelha elaborada por organiza\u00e7\u00e3o internacional, todas as esp\u00e9cies de golfinhos de \u00e1gua doce agora correm perigo. Outros 31 animais foram extintos. Situa\u00e7\u00e3o do bis\u00e3o-europeu melhorou<\/em><\/h6>\n\n\n\n<p>O boto tucuxi, que vive na bacia do rio Amazonas, foi inclu\u00eddo na lista de esp\u00e9cies em perigo de extin\u00e7\u00e3o, segundo atualiza\u00e7\u00e3o divulgada na quinta-feira (10). Isso significa que todas as quatro esp\u00e9cies de golfinhos de \u00e1gua doce conhecidas no mundo est\u00e3o agora amea\u00e7adas.<br>A chamada Lista Vermelha \u00e9 elaborada e atualizada periodicamente pela Uni\u00e3o Internacional para a Conserva\u00e7\u00e3o da Natureza (IUCN, na sigla em ingl\u00eas), sendo um guia amplamente utilizado na preserva\u00e7\u00e3o do meio ambiente em todo o mundo.<br>A organiza\u00e7\u00e3o alerta que o tucuxi tem sido muito afetado pela mortalidade acidental provocada por equipamentos de pesca, por barragens constru\u00eddas em rios e tamb\u00e9m pela polui\u00e7\u00e3o.<br>Diante da situa\u00e7\u00e3o de perigo, que agora enfrentam todos os botos de \u00e1gua doce, a IUCN pede que se eliminem as chamadas redes de emalhar utilizadas na pesca, que se reduza o n\u00famero de presas no habitat desses animais e que se cumpra a proibi\u00e7\u00e3o de mat\u00e1-los intencionalmente.<br>Ao todo, mais de um quarto das 128.918 esp\u00e9cies de animais, plantas e fungos avaliadas pela organiza\u00e7\u00e3o est\u00e3o agora amea\u00e7adas de extin\u00e7\u00e3o. Isso representa um total de 35.765 esp\u00e9cies em perigo.<br>Al\u00e9m disso, 31 esp\u00e9cies entraram na categoria de extintas. Elas incluem o chamado \u201ctubar\u00e3o perdido\u201d, do mar da China Meridional, 17 esp\u00e9cies de peixes de \u00e1gua doce do lago Lanao, nas Filipinas, e r\u00e3s da Am\u00e9rica Central e da Am\u00e9rica do Sul.<\/p>\n\n\n\n<blockquote class=\"wp-block-quote is-layout-flow wp-block-quote-is-layout-flow\"><p>\u201cIsso realmente mostra que o mundo est\u00e1 sob enorme press\u00e3o\u201d, disse Craig Hilton-Taylor, chefe da Unidade da Lista Vermelha, \u00e0 ag\u00eancia de not\u00edcias Reuters. \u201cA ideia da Lista Vermelha \u00e9 tentar chamar aten\u00e7\u00e3o para esp\u00e9cies e tentar impedi-las de serem extintas, mas \u00e0s vezes o processo ocorre muito rapidamente\u201d.<\/p><\/blockquote>\n\n\n\n<p>O \u201ctubar\u00e3o perdido\u201d s\u00f3 foi formalmente identificado no ano passado, com base em esp\u00e9cimes de d\u00e9cadas de idade. Mas nenhum animal da esp\u00e9cie foi visto recentemente, e ele tamb\u00e9m n\u00e3o apareceu em nenhum dos cinco estudos direcionados, levando a IUCN a list\u00e1-lo como \u201cem perigo cr\u00edtico (possivelmente extinto)\u201d.<br>Os tubar\u00f5es t\u00eam se mostrado historicamente robustos, tendo sobrevivido no planeta por centenas de milh\u00f5es de anos, mesmo ap\u00f3s eventos de extin\u00e7\u00e3o em massa, como a queda de um asteroide que se acredita ter exterminado a maioria dos dinossauros.<br>Especialistas acreditam que esta pode ser a primeira extin\u00e7\u00e3o de um tubar\u00e3o na era humana.<\/p>\n\n\n\n<blockquote class=\"wp-block-quote is-layout-flow wp-block-quote-is-layout-flow\"><p>\u201cInfelizmente o que torna uma esp\u00e9cie uma grande sobrevivente no mundo natural n\u00e3o significa torn\u00e1-la grande sobrevivente ao homem\u201d, afirmou o icti\u00f3logo Will White, que nomeou o animal de \u201ctubar\u00e3o perdido\u201d em 2019.<\/p><\/blockquote>\n\n\n\n<p>J\u00e1 o decl\u00ednio das popula\u00e7\u00f5es de r\u00e3s na Am\u00e9rica Central e do Sul foi descrito como \u201cdr\u00e1stico\u201d pela IUCN. O grupo aponta como causa uma doen\u00e7a provocada por um fungo que atinge os anf\u00edbios, que os cientistas associam \u00e0s mudan\u00e7as clim\u00e1ticas.<\/p>\n\n\n\n<figure class=\"wp-block-image size-large\"><img loading=\"lazy\" decoding=\"async\" width=\"1000\" height=\"562\" src=\"https:\/\/jornalfatosenoticias.com.br\/wp-content\/uploads\/2020\/12\/bisoes_europeus.jpg\" alt=\"\" class=\"wp-image-12446\" srcset=\"https:\/\/jornalfatosenoticias.com.br\/wp-content\/uploads\/2020\/12\/bisoes_europeus.jpg 1000w, https:\/\/jornalfatosenoticias.com.br\/wp-content\/uploads\/2020\/12\/bisoes_europeus-300x169.jpg 300w, https:\/\/jornalfatosenoticias.com.br\/wp-content\/uploads\/2020\/12\/bisoes_europeus-768x432.jpg 768w\" sizes=\"auto, (max-width: 1000px) 100vw, 1000px\" \/><figcaption><em>Popula\u00e7\u00e3o selvagem de bis\u00f5es-europeus aumentou consideravelmente<\/em><\/figcaption><\/figure>\n\n\n\n<h4 class=\"wp-block-heading\">Not\u00edcia boa<\/h4>\n\n\n\n<p>Por outro lado, a IUCN celebra alguns desenvolvimentos positivos, como a situa\u00e7\u00e3o do bis\u00e3o-europeu, que melhorou gra\u00e7as aos esfor\u00e7os de conserva\u00e7\u00e3o voltados \u00e0 esp\u00e9cie, sendo agora al\u00e7ada \u00e0 categoria de \u201cvulner\u00e1vel\u201d. A popula\u00e7\u00e3o selvagem desses animais aumentou de 1.800 esp\u00e9cimes em 2003 para mais de 6.200 em 2019.<br>Os bis\u00f5es foram dizimados por ex\u00e9rcitos famintos durante a Primeira Guerra Mundial no territ\u00f3rio onde fica hoje a Pol\u00f4nia e Belarus, que cont\u00eam grande parte das popula\u00e7\u00f5es da esp\u00e9cie. O animal acabou desaparecendo da natureza logo em seguida, antes de ser reintroduzido.<br>Outra hist\u00f3ria positiva \u00e9 a do peixe conhecido como barndoor skate, semelhante a uma arraia, que saltou tr\u00eas categorias, de \u201cem perigo de extin\u00e7\u00e3o\u201d para \u201cpouca preocupa\u00e7\u00e3o\u201d.<br>\u201cO fato de o bis\u00e3o-europeu e 25 outras esp\u00e9cies terem registrado uma recupera\u00e7\u00e3o mostra o poder que tem a conserva\u00e7\u00e3o\u201d, disse o diretor-geral da IUCN, Bruno Oberle.<\/p>\n\n\n\n<blockquote class=\"wp-block-quote is-layout-flow wp-block-quote-is-layout-flow\"><p>\u201cContudo, a lista de esp\u00e9cies extintas est\u00e1 crescendo, e isso \u00e9 um claro lembrete de que os esfor\u00e7os de conserva\u00e7\u00e3o precisam ser expandidos com urg\u00eancia\u201d, alertou.<\/p><\/blockquote>\n\n\n\n<p><strong><em>Fonte: <a href=\"https:\/\/noticias.ambientebrasil.com.br\/clipping\/2020\/12\/11\/165836-boto-da-amazonia-entra-na-lista-de-especies-ameacadas.html\">Ambiente Brasil<\/a><\/em><\/strong><\/p>\n","protected":false},"excerpt":{"rendered":"<p>Com adi\u00e7\u00e3o do tucuxi \u00e0 lista vermelha elaborada por organiza\u00e7\u00e3o internacional, todas as esp\u00e9cies de golfinhos de \u00e1gua doce agora correm perigo. Outros 31 animais foram extintos. Situa\u00e7\u00e3o do bis\u00e3o-europeu melhorou O boto tucuxi, que vive na bacia do rio Amazonas, foi inclu\u00eddo na lista de esp\u00e9cies em perigo de extin\u00e7\u00e3o, segundo atualiza\u00e7\u00e3o divulgada na [&hellip;]<\/p>\n","protected":false},"author":2,"featured_media":12447,"comment_status":"open","ping_status":"open","sticky":false,"template":"","format":"standard","meta":{"footnotes":""},"categories":[8],"tags":[123,5252,6503,6502,216],"class_list":["post-12445","post","type-post","status-publish","format-standard","has-post-thumbnail","hentry","category-meio-ambiente","tag-amazonia","tag-animais-em-extincao","tag-bisao-europeu","tag-boto-tucuxi","tag-iucn"],"yoast_head":"<!-- This site is optimized with the Yoast SEO plugin v26.5 - https:\/\/yoast.com\/wordpress\/plugins\/seo\/ -->\n<title>Boto da Amaz\u00f4nia entra na lista de esp\u00e9cies amea\u00e7adas - Jornal Fatos e Not\u00edcias<\/title>\n<meta name=\"robots\" content=\"index, follow, max-snippet:-1, max-image-preview:large, max-video-preview:-1\" \/>\n<link rel=\"canonical\" href=\"https:\/\/jornalfatosenoticias.com.br\/index.php\/2020\/12\/14\/boto-da-amazonia-entra-na-lista-de-especies-ameacadas\/\" \/>\n<meta property=\"og:locale\" content=\"pt_BR\" \/>\n<meta property=\"og:type\" content=\"article\" \/>\n<meta property=\"og:title\" content=\"Boto da Amaz\u00f4nia entra na lista de esp\u00e9cies amea\u00e7adas - Jornal Fatos e Not\u00edcias\" \/>\n<meta property=\"og:description\" content=\"Com adi\u00e7\u00e3o do tucuxi \u00e0 lista vermelha elaborada por organiza\u00e7\u00e3o internacional, todas as esp\u00e9cies de golfinhos de \u00e1gua doce agora correm perigo. Outros 31 animais foram extintos. Situa\u00e7\u00e3o do bis\u00e3o-europeu melhorou O boto tucuxi, que vive na bacia do rio Amazonas, foi inclu\u00eddo na lista de esp\u00e9cies em perigo de extin\u00e7\u00e3o, segundo atualiza\u00e7\u00e3o divulgada na [&hellip;]\" \/>\n<meta property=\"og:url\" content=\"https:\/\/jornalfatosenoticias.com.br\/index.php\/2020\/12\/14\/boto-da-amazonia-entra-na-lista-de-especies-ameacadas\/\" \/>\n<meta property=\"og:site_name\" content=\"Jornal Fatos e Not\u00edcias\" \/>\n<meta property=\"article:published_time\" content=\"2020-12-14T18:32:44+00:00\" \/>\n<meta property=\"article:modified_time\" content=\"2020-12-14T18:32:48+00:00\" \/>\n<meta property=\"og:image\" content=\"https:\/\/jornalfatosenoticias.com.br\/wp-content\/uploads\/2020\/12\/boto_da_amazonia.jpg\" \/>\n\t<meta property=\"og:image:width\" content=\"1000\" \/>\n\t<meta property=\"og:image:height\" content=\"562\" \/>\n\t<meta property=\"og:image:type\" content=\"image\/jpeg\" \/>\n<meta name=\"author\" content=\"Luzimara Fernandes\" \/>\n<meta name=\"twitter:card\" content=\"summary_large_image\" \/>\n<meta name=\"twitter:label1\" content=\"Escrito por\" \/>\n\t<meta name=\"twitter:data1\" content=\"Luzimara Fernandes\" \/>\n\t<meta name=\"twitter:label2\" content=\"Est. tempo de leitura\" \/>\n\t<meta name=\"twitter:data2\" content=\"4 minutos\" \/>\n<script type=\"application\/ld+json\" class=\"yoast-schema-graph\">{\"@context\":\"https:\/\/schema.org\",\"@graph\":[{\"@type\":\"Article\",\"@id\":\"https:\/\/jornalfatosenoticias.com.br\/index.php\/2020\/12\/14\/boto-da-amazonia-entra-na-lista-de-especies-ameacadas\/#article\",\"isPartOf\":{\"@id\":\"https:\/\/jornalfatosenoticias.com.br\/index.php\/2020\/12\/14\/boto-da-amazonia-entra-na-lista-de-especies-ameacadas\/\"},\"author\":{\"name\":\"Luzimara Fernandes\",\"@id\":\"https:\/\/jornalfatosenoticias.com.br\/#\/schema\/person\/d63837fa13ac8666eb9e74e0985d6f81\"},\"headline\":\"Boto da Amaz\u00f4nia entra na lista de esp\u00e9cies amea\u00e7adas\",\"datePublished\":\"2020-12-14T18:32:44+00:00\",\"dateModified\":\"2020-12-14T18:32:48+00:00\",\"mainEntityOfPage\":{\"@id\":\"https:\/\/jornalfatosenoticias.com.br\/index.php\/2020\/12\/14\/boto-da-amazonia-entra-na-lista-de-especies-ameacadas\/\"},\"wordCount\":760,\"commentCount\":0,\"publisher\":{\"@id\":\"https:\/\/jornalfatosenoticias.com.br\/#organization\"},\"image\":{\"@id\":\"https:\/\/jornalfatosenoticias.com.br\/index.php\/2020\/12\/14\/boto-da-amazonia-entra-na-lista-de-especies-ameacadas\/#primaryimage\"},\"thumbnailUrl\":\"https:\/\/jornalfatosenoticias.com.br\/wp-content\/uploads\/2020\/12\/boto_da_amazonia.jpg\",\"keywords\":[\"amaz\u00f4nia\",\"animais em extin\u00e7\u00e3o\",\"bis\u00e3o-europeu\",\"boto tucuxi\",\"IUCN\"],\"articleSection\":[\"Meio ambiente\"],\"inLanguage\":\"pt-BR\",\"potentialAction\":[{\"@type\":\"CommentAction\",\"name\":\"Comment\",\"target\":[\"https:\/\/jornalfatosenoticias.com.br\/index.php\/2020\/12\/14\/boto-da-amazonia-entra-na-lista-de-especies-ameacadas\/#respond\"]}]},{\"@type\":\"WebPage\",\"@id\":\"https:\/\/jornalfatosenoticias.com.br\/index.php\/2020\/12\/14\/boto-da-amazonia-entra-na-lista-de-especies-ameacadas\/\",\"url\":\"https:\/\/jornalfatosenoticias.com.br\/index.php\/2020\/12\/14\/boto-da-amazonia-entra-na-lista-de-especies-ameacadas\/\",\"name\":\"Boto da Amaz\u00f4nia entra na lista de esp\u00e9cies amea\u00e7adas - Jornal Fatos e Not\u00edcias\",\"isPartOf\":{\"@id\":\"https:\/\/jornalfatosenoticias.com.br\/#website\"},\"primaryImageOfPage\":{\"@id\":\"https:\/\/jornalfatosenoticias.com.br\/index.php\/2020\/12\/14\/boto-da-amazonia-entra-na-lista-de-especies-ameacadas\/#primaryimage\"},\"image\":{\"@id\":\"https:\/\/jornalfatosenoticias.com.br\/index.php\/2020\/12\/14\/boto-da-amazonia-entra-na-lista-de-especies-ameacadas\/#primaryimage\"},\"thumbnailUrl\":\"https:\/\/jornalfatosenoticias.com.br\/wp-content\/uploads\/2020\/12\/boto_da_amazonia.jpg\",\"datePublished\":\"2020-12-14T18:32:44+00:00\",\"dateModified\":\"2020-12-14T18:32:48+00:00\",\"breadcrumb\":{\"@id\":\"https:\/\/jornalfatosenoticias.com.br\/index.php\/2020\/12\/14\/boto-da-amazonia-entra-na-lista-de-especies-ameacadas\/#breadcrumb\"},\"inLanguage\":\"pt-BR\",\"potentialAction\":[{\"@type\":\"ReadAction\",\"target\":[\"https:\/\/jornalfatosenoticias.com.br\/index.php\/2020\/12\/14\/boto-da-amazonia-entra-na-lista-de-especies-ameacadas\/\"]}]},{\"@type\":\"ImageObject\",\"inLanguage\":\"pt-BR\",\"@id\":\"https:\/\/jornalfatosenoticias.com.br\/index.php\/2020\/12\/14\/boto-da-amazonia-entra-na-lista-de-especies-ameacadas\/#primaryimage\",\"url\":\"https:\/\/jornalfatosenoticias.com.br\/wp-content\/uploads\/2020\/12\/boto_da_amazonia.jpg\",\"contentUrl\":\"https:\/\/jornalfatosenoticias.com.br\/wp-content\/uploads\/2020\/12\/boto_da_amazonia.jpg\",\"width\":1000,\"height\":562},{\"@type\":\"BreadcrumbList\",\"@id\":\"https:\/\/jornalfatosenoticias.com.br\/index.php\/2020\/12\/14\/boto-da-amazonia-entra-na-lista-de-especies-ameacadas\/#breadcrumb\",\"itemListElement\":[{\"@type\":\"ListItem\",\"position\":1,\"name\":\"In\u00edcio\",\"item\":\"https:\/\/jornalfatosenoticias.com.br\/\"},{\"@type\":\"ListItem\",\"position\":2,\"name\":\"Boto da Amaz\u00f4nia entra na lista de esp\u00e9cies amea\u00e7adas\"}]},{\"@type\":\"WebSite\",\"@id\":\"https:\/\/jornalfatosenoticias.com.br\/#website\",\"url\":\"https:\/\/jornalfatosenoticias.com.br\/\",\"name\":\"Jornal Fatos e Not\u00edcias\",\"description\":\"Not\u00edcias em geral\",\"publisher\":{\"@id\":\"https:\/\/jornalfatosenoticias.com.br\/#organization\"},\"potentialAction\":[{\"@type\":\"SearchAction\",\"target\":{\"@type\":\"EntryPoint\",\"urlTemplate\":\"https:\/\/jornalfatosenoticias.com.br\/?s={search_term_string}\"},\"query-input\":{\"@type\":\"PropertyValueSpecification\",\"valueRequired\":true,\"valueName\":\"search_term_string\"}}],\"inLanguage\":\"pt-BR\"},{\"@type\":\"Organization\",\"@id\":\"https:\/\/jornalfatosenoticias.com.br\/#organization\",\"name\":\"Jornal Fatos e Not\u00edcias\",\"url\":\"https:\/\/jornalfatosenoticias.com.br\/\",\"logo\":{\"@type\":\"ImageObject\",\"inLanguage\":\"pt-BR\",\"@id\":\"https:\/\/jornalfatosenoticias.com.br\/#\/schema\/logo\/image\/\",\"url\":\"https:\/\/jornalfatosenoticias.com.br\/wp-content\/uploads\/2020\/02\/logo120.png\",\"contentUrl\":\"https:\/\/jornalfatosenoticias.com.br\/wp-content\/uploads\/2020\/02\/logo120.png\",\"width\":1227,\"height\":120,\"caption\":\"Jornal Fatos e Not\u00edcias\"},\"image\":{\"@id\":\"https:\/\/jornalfatosenoticias.com.br\/#\/schema\/logo\/image\/\"}},{\"@type\":\"Person\",\"@id\":\"https:\/\/jornalfatosenoticias.com.br\/#\/schema\/person\/d63837fa13ac8666eb9e74e0985d6f81\",\"name\":\"Luzimara Fernandes\",\"image\":{\"@type\":\"ImageObject\",\"inLanguage\":\"pt-BR\",\"@id\":\"https:\/\/jornalfatosenoticias.com.br\/#\/schema\/person\/image\/\",\"url\":\"https:\/\/jornalfatosenoticias.com.br\/wp-content\/uploads\/2025\/05\/EU_portal.jpg\",\"contentUrl\":\"https:\/\/jornalfatosenoticias.com.br\/wp-content\/uploads\/2025\/05\/EU_portal.jpg\",\"caption\":\"Luzimara Fernandes\"},\"description\":\"Jornalista MTB 2358-ES\",\"sameAs\":[\"https:\/\/jornalfatosenoticias.com.br\"],\"url\":\"https:\/\/jornalfatosenoticias.com.br\/index.php\/author\/luzimara\/\"}]}<\/script>\n<!-- \/ Yoast SEO plugin. -->","yoast_head_json":{"title":"Boto da Amaz\u00f4nia entra na lista de esp\u00e9cies amea\u00e7adas - Jornal Fatos e Not\u00edcias","robots":{"index":"index","follow":"follow","max-snippet":"max-snippet:-1","max-image-preview":"max-image-preview:large","max-video-preview":"max-video-preview:-1"},"canonical":"https:\/\/jornalfatosenoticias.com.br\/index.php\/2020\/12\/14\/boto-da-amazonia-entra-na-lista-de-especies-ameacadas\/","og_locale":"pt_BR","og_type":"article","og_title":"Boto da Amaz\u00f4nia entra na lista de esp\u00e9cies amea\u00e7adas - Jornal Fatos e Not\u00edcias","og_description":"Com adi\u00e7\u00e3o do tucuxi \u00e0 lista vermelha elaborada por organiza\u00e7\u00e3o internacional, todas as esp\u00e9cies de golfinhos de \u00e1gua doce agora correm perigo. Outros 31 animais foram extintos. Situa\u00e7\u00e3o do bis\u00e3o-europeu melhorou O boto tucuxi, que vive na bacia do rio Amazonas, foi inclu\u00eddo na lista de esp\u00e9cies em perigo de extin\u00e7\u00e3o, segundo atualiza\u00e7\u00e3o divulgada na [&hellip;]","og_url":"https:\/\/jornalfatosenoticias.com.br\/index.php\/2020\/12\/14\/boto-da-amazonia-entra-na-lista-de-especies-ameacadas\/","og_site_name":"Jornal Fatos e Not\u00edcias","article_published_time":"2020-12-14T18:32:44+00:00","article_modified_time":"2020-12-14T18:32:48+00:00","og_image":[{"width":1000,"height":562,"url":"https:\/\/jornalfatosenoticias.com.br\/wp-content\/uploads\/2020\/12\/boto_da_amazonia.jpg","type":"image\/jpeg"}],"author":"Luzimara Fernandes","twitter_card":"summary_large_image","twitter_misc":{"Escrito por":"Luzimara Fernandes","Est. tempo de leitura":"4 minutos"},"schema":{"@context":"https:\/\/schema.org","@graph":[{"@type":"Article","@id":"https:\/\/jornalfatosenoticias.com.br\/index.php\/2020\/12\/14\/boto-da-amazonia-entra-na-lista-de-especies-ameacadas\/#article","isPartOf":{"@id":"https:\/\/jornalfatosenoticias.com.br\/index.php\/2020\/12\/14\/boto-da-amazonia-entra-na-lista-de-especies-ameacadas\/"},"author":{"name":"Luzimara Fernandes","@id":"https:\/\/jornalfatosenoticias.com.br\/#\/schema\/person\/d63837fa13ac8666eb9e74e0985d6f81"},"headline":"Boto da Amaz\u00f4nia entra na lista de esp\u00e9cies amea\u00e7adas","datePublished":"2020-12-14T18:32:44+00:00","dateModified":"2020-12-14T18:32:48+00:00","mainEntityOfPage":{"@id":"https:\/\/jornalfatosenoticias.com.br\/index.php\/2020\/12\/14\/boto-da-amazonia-entra-na-lista-de-especies-ameacadas\/"},"wordCount":760,"commentCount":0,"publisher":{"@id":"https:\/\/jornalfatosenoticias.com.br\/#organization"},"image":{"@id":"https:\/\/jornalfatosenoticias.com.br\/index.php\/2020\/12\/14\/boto-da-amazonia-entra-na-lista-de-especies-ameacadas\/#primaryimage"},"thumbnailUrl":"https:\/\/jornalfatosenoticias.com.br\/wp-content\/uploads\/2020\/12\/boto_da_amazonia.jpg","keywords":["amaz\u00f4nia","animais em extin\u00e7\u00e3o","bis\u00e3o-europeu","boto tucuxi","IUCN"],"articleSection":["Meio ambiente"],"inLanguage":"pt-BR","potentialAction":[{"@type":"CommentAction","name":"Comment","target":["https:\/\/jornalfatosenoticias.com.br\/index.php\/2020\/12\/14\/boto-da-amazonia-entra-na-lista-de-especies-ameacadas\/#respond"]}]},{"@type":"WebPage","@id":"https:\/\/jornalfatosenoticias.com.br\/index.php\/2020\/12\/14\/boto-da-amazonia-entra-na-lista-de-especies-ameacadas\/","url":"https:\/\/jornalfatosenoticias.com.br\/index.php\/2020\/12\/14\/boto-da-amazonia-entra-na-lista-de-especies-ameacadas\/","name":"Boto da Amaz\u00f4nia entra na lista de esp\u00e9cies amea\u00e7adas - Jornal Fatos e Not\u00edcias","isPartOf":{"@id":"https:\/\/jornalfatosenoticias.com.br\/#website"},"primaryImageOfPage":{"@id":"https:\/\/jornalfatosenoticias.com.br\/index.php\/2020\/12\/14\/boto-da-amazonia-entra-na-lista-de-especies-ameacadas\/#primaryimage"},"image":{"@id":"https:\/\/jornalfatosenoticias.com.br\/index.php\/2020\/12\/14\/boto-da-amazonia-entra-na-lista-de-especies-ameacadas\/#primaryimage"},"thumbnailUrl":"https:\/\/jornalfatosenoticias.com.br\/wp-content\/uploads\/2020\/12\/boto_da_amazonia.jpg","datePublished":"2020-12-14T18:32:44+00:00","dateModified":"2020-12-14T18:32:48+00:00","breadcrumb":{"@id":"https:\/\/jornalfatosenoticias.com.br\/index.php\/2020\/12\/14\/boto-da-amazonia-entra-na-lista-de-especies-ameacadas\/#breadcrumb"},"inLanguage":"pt-BR","potentialAction":[{"@type":"ReadAction","target":["https:\/\/jornalfatosenoticias.com.br\/index.php\/2020\/12\/14\/boto-da-amazonia-entra-na-lista-de-especies-ameacadas\/"]}]},{"@type":"ImageObject","inLanguage":"pt-BR","@id":"https:\/\/jornalfatosenoticias.com.br\/index.php\/2020\/12\/14\/boto-da-amazonia-entra-na-lista-de-especies-ameacadas\/#primaryimage","url":"https:\/\/jornalfatosenoticias.com.br\/wp-content\/uploads\/2020\/12\/boto_da_amazonia.jpg","contentUrl":"https:\/\/jornalfatosenoticias.com.br\/wp-content\/uploads\/2020\/12\/boto_da_amazonia.jpg","width":1000,"height":562},{"@type":"BreadcrumbList","@id":"https:\/\/jornalfatosenoticias.com.br\/index.php\/2020\/12\/14\/boto-da-amazonia-entra-na-lista-de-especies-ameacadas\/#breadcrumb","itemListElement":[{"@type":"ListItem","position":1,"name":"In\u00edcio","item":"https:\/\/jornalfatosenoticias.com.br\/"},{"@type":"ListItem","position":2,"name":"Boto da Amaz\u00f4nia entra na lista de esp\u00e9cies amea\u00e7adas"}]},{"@type":"WebSite","@id":"https:\/\/jornalfatosenoticias.com.br\/#website","url":"https:\/\/jornalfatosenoticias.com.br\/","name":"Jornal Fatos e Not\u00edcias","description":"Not\u00edcias em geral","publisher":{"@id":"https:\/\/jornalfatosenoticias.com.br\/#organization"},"potentialAction":[{"@type":"SearchAction","target":{"@type":"EntryPoint","urlTemplate":"https:\/\/jornalfatosenoticias.com.br\/?s={search_term_string}"},"query-input":{"@type":"PropertyValueSpecification","valueRequired":true,"valueName":"search_term_string"}}],"inLanguage":"pt-BR"},{"@type":"Organization","@id":"https:\/\/jornalfatosenoticias.com.br\/#organization","name":"Jornal Fatos e Not\u00edcias","url":"https:\/\/jornalfatosenoticias.com.br\/","logo":{"@type":"ImageObject","inLanguage":"pt-BR","@id":"https:\/\/jornalfatosenoticias.com.br\/#\/schema\/logo\/image\/","url":"https:\/\/jornalfatosenoticias.com.br\/wp-content\/uploads\/2020\/02\/logo120.png","contentUrl":"https:\/\/jornalfatosenoticias.com.br\/wp-content\/uploads\/2020\/02\/logo120.png","width":1227,"height":120,"caption":"Jornal Fatos e Not\u00edcias"},"image":{"@id":"https:\/\/jornalfatosenoticias.com.br\/#\/schema\/logo\/image\/"}},{"@type":"Person","@id":"https:\/\/jornalfatosenoticias.com.br\/#\/schema\/person\/d63837fa13ac8666eb9e74e0985d6f81","name":"Luzimara Fernandes","image":{"@type":"ImageObject","inLanguage":"pt-BR","@id":"https:\/\/jornalfatosenoticias.com.br\/#\/schema\/person\/image\/","url":"https:\/\/jornalfatosenoticias.com.br\/wp-content\/uploads\/2025\/05\/EU_portal.jpg","contentUrl":"https:\/\/jornalfatosenoticias.com.br\/wp-content\/uploads\/2025\/05\/EU_portal.jpg","caption":"Luzimara Fernandes"},"description":"Jornalista MTB 2358-ES","sameAs":["https:\/\/jornalfatosenoticias.com.br"],"url":"https:\/\/jornalfatosenoticias.com.br\/index.php\/author\/luzimara\/"}]}},"cc_featured_image_caption":{"caption_text":"Boto tucuxi no rio Amazonas","source_text":"","source_url":""},"jetpack_featured_media_url":"https:\/\/jornalfatosenoticias.com.br\/wp-content\/uploads\/2020\/12\/boto_da_amazonia.jpg","_links":{"self":[{"href":"https:\/\/jornalfatosenoticias.com.br\/index.php\/wp-json\/wp\/v2\/posts\/12445","targetHints":{"allow":["GET"]}}],"collection":[{"href":"https:\/\/jornalfatosenoticias.com.br\/index.php\/wp-json\/wp\/v2\/posts"}],"about":[{"href":"https:\/\/jornalfatosenoticias.com.br\/index.php\/wp-json\/wp\/v2\/types\/post"}],"author":[{"embeddable":true,"href":"https:\/\/jornalfatosenoticias.com.br\/index.php\/wp-json\/wp\/v2\/users\/2"}],"replies":[{"embeddable":true,"href":"https:\/\/jornalfatosenoticias.com.br\/index.php\/wp-json\/wp\/v2\/comments?post=12445"}],"version-history":[{"count":0,"href":"https:\/\/jornalfatosenoticias.com.br\/index.php\/wp-json\/wp\/v2\/posts\/12445\/revisions"}],"wp:featuredmedia":[{"embeddable":true,"href":"https:\/\/jornalfatosenoticias.com.br\/index.php\/wp-json\/wp\/v2\/media\/12447"}],"wp:attachment":[{"href":"https:\/\/jornalfatosenoticias.com.br\/index.php\/wp-json\/wp\/v2\/media?parent=12445"}],"wp:term":[{"taxonomy":"category","embeddable":true,"href":"https:\/\/jornalfatosenoticias.com.br\/index.php\/wp-json\/wp\/v2\/categories?post=12445"},{"taxonomy":"post_tag","embeddable":true,"href":"https:\/\/jornalfatosenoticias.com.br\/index.php\/wp-json\/wp\/v2\/tags?post=12445"}],"curies":[{"name":"wp","href":"https:\/\/api.w.org\/{rel}","templated":true}]}}