{"id":12518,"date":"2020-12-15T15:09:53","date_gmt":"2020-12-15T18:09:53","guid":{"rendered":"https:\/\/jornalfatosenoticias.com.br\/?p=12518"},"modified":"2020-12-15T15:09:57","modified_gmt":"2020-12-15T18:09:57","slug":"32-dos-japoneses-querem-cancelamento-dos-jogos-de-toquio","status":"publish","type":"post","link":"https:\/\/jornalfatosenoticias.com.br\/index.php\/2020\/12\/15\/32-dos-japoneses-querem-cancelamento-dos-jogos-de-toquio\/","title":{"rendered":"32% dos japoneses querem cancelamento dos Jogos de T\u00f3quio"},"content":{"rendered":"\n<h6 class=\"wp-block-heading\"><em>Levantamento da emissora NHK foi realizado de 11 a 13 de dezembro<\/em><\/h6>\n\n\n\n<p>Um ter\u00e7o dos cidad\u00e3os japoneses quer que a Olimp\u00edada de T\u00f3quio seja cancelada em meio a temores de que a chegada de estrangeiros possa causar um novo aumento nos casos de covid-19, mostrou uma pesquisa da emissora p\u00fablica NHK nesta ter\u00e7a-feira (15).<br>O governo japon\u00eas e o Comit\u00ea Ol\u00edmpico Internacional (COI) decidiram, em mar\u00e7o, adiar a Olimp\u00edada de 2020 por um ano, devido \u00e0 pandemia do novo coronav\u00edrus. O evento, agora est\u00e1 marcado agora para ocorrer de 23 de julho a 8 de agosto.<br>Mas conforme o Jap\u00e3o luta contra uma terceira onda de infec\u00e7\u00f5es, a pesquisa da NHK, conduzida de 11 a 13 de dezembro, mostrou que 32% dos entrevistados defendem que os Jogos sejam totalmente cancelados.<br>Apenas 27% disseram que o evento deveria prosseguir conforme o planejado, enquanto 31% preferem outro adiamento.<br>De acordo com pesquisa da NHK em outubro, 40% disseram que a Olimp\u00edada deveria ser realizada, com apenas 23% defendendo o cancelamento e 25% optando por mais adiamento.<br>Embora o Jap\u00e3o tenha evitado o grande n\u00famero de infec\u00e7\u00f5es e mortes visto em muitos outros pa\u00edses, um recente ressurgimento de casos for\u00e7ou o governo a reintroduzir medidas, como solicitar o fechamento de bares e restaurantes mais cedo.<br>O primeiro-ministro japon\u00eas, Yoshihide Suga, suspendeu, na segunda-feira (14), um muito criticado programa de subs\u00eddio a viagens para ajudar a conter o n\u00famero crescente de casos, \u00e0 medida que seu \u00edndice de aprova\u00e7\u00e3o despenca sobre como lida com a pandemia.<\/p>\n\n\n\n<p><em><strong>Foto: <\/strong>Reuters\/Kim Kyung-Hoon\/Direitos Reservados<\/em><\/p>\n\n\n\n<p><strong><em>Fonte: <a href=\"https:\/\/agenciabrasil.ebc.com.br\/esportes\/noticia\/2020-12\/pesquisa-32-dos-japoneses-querem-cancelamento-dos-jogos-de-toquio\">Ag\u00eancia Brasil<\/a><\/em><\/strong><\/p>\n","protected":false},"excerpt":{"rendered":"<p>Levantamento da emissora NHK foi realizado de 11 a 13 de dezembro Um ter\u00e7o dos cidad\u00e3os japoneses quer que a Olimp\u00edada de T\u00f3quio seja cancelada em meio a temores de que a chegada de estrangeiros possa causar um novo aumento nos casos de covid-19, mostrou uma pesquisa da emissora p\u00fablica NHK nesta ter\u00e7a-feira (15).O governo [&hellip;]<\/p>\n","protected":false},"author":2,"featured_media":12519,"comment_status":"open","ping_status":"open","sticky":false,"template":"","format":"standard","meta":{"footnotes":""},"categories":[12,41],"tags":[2759,6536,277,273,43,5549,6535,651,115],"class_list":["post-12518","post","type-post","status-publish","format-standard","has-post-thumbnail","hentry","category-esportes","category-internacional","tag-adiamento","tag-cancelamento","tag-coi","tag-covid-19","tag-esportes","tag-jogos-de-toquio","tag-nhk","tag-olimpiada","tag-pesquisa"],"yoast_head":"<!-- This site is optimized with the Yoast SEO plugin v26.5 - https:\/\/yoast.com\/wordpress\/plugins\/seo\/ -->\n<title>32% dos japoneses querem cancelamento dos Jogos de T\u00f3quio - Jornal Fatos e Not\u00edcias<\/title>\n<meta name=\"robots\" content=\"index, follow, max-snippet:-1, max-image-preview:large, max-video-preview:-1\" \/>\n<link rel=\"canonical\" href=\"https:\/\/jornalfatosenoticias.com.br\/index.php\/2020\/12\/15\/32-dos-japoneses-querem-cancelamento-dos-jogos-de-toquio\/\" \/>\n<meta property=\"og:locale\" content=\"pt_BR\" \/>\n<meta property=\"og:type\" content=\"article\" \/>\n<meta property=\"og:title\" content=\"32% dos japoneses querem cancelamento dos Jogos de T\u00f3quio - Jornal Fatos e Not\u00edcias\" \/>\n<meta property=\"og:description\" content=\"Levantamento da emissora NHK foi realizado de 11 a 13 de dezembro Um ter\u00e7o dos cidad\u00e3os japoneses quer que a Olimp\u00edada de T\u00f3quio seja cancelada em meio a temores de que a chegada de estrangeiros possa causar um novo aumento nos casos de covid-19, mostrou uma pesquisa da emissora p\u00fablica NHK nesta ter\u00e7a-feira (15).O governo [&hellip;]\" \/>\n<meta property=\"og:url\" content=\"https:\/\/jornalfatosenoticias.com.br\/index.php\/2020\/12\/15\/32-dos-japoneses-querem-cancelamento-dos-jogos-de-toquio\/\" \/>\n<meta property=\"og:site_name\" content=\"Jornal Fatos e Not\u00edcias\" \/>\n<meta property=\"article:published_time\" content=\"2020-12-15T18:09:53+00:00\" \/>\n<meta property=\"article:modified_time\" content=\"2020-12-15T18:09:57+00:00\" \/>\n<meta property=\"og:image\" content=\"https:\/\/jornalfatosenoticias.com.br\/wp-content\/uploads\/2020\/12\/jogos_de_toquio_olimpiada_2020.jpg\" \/>\n\t<meta property=\"og:image:width\" content=\"1000\" \/>\n\t<meta property=\"og:image:height\" content=\"598\" \/>\n\t<meta property=\"og:image:type\" content=\"image\/jpeg\" \/>\n<meta name=\"author\" content=\"Luzimara Fernandes\" \/>\n<meta name=\"twitter:card\" content=\"summary_large_image\" \/>\n<meta name=\"twitter:label1\" content=\"Escrito por\" \/>\n\t<meta name=\"twitter:data1\" content=\"Luzimara Fernandes\" \/>\n\t<meta name=\"twitter:label2\" content=\"Est. tempo de leitura\" \/>\n\t<meta name=\"twitter:data2\" content=\"1 minuto\" \/>\n<script type=\"application\/ld+json\" class=\"yoast-schema-graph\">{\"@context\":\"https:\/\/schema.org\",\"@graph\":[{\"@type\":\"Article\",\"@id\":\"https:\/\/jornalfatosenoticias.com.br\/index.php\/2020\/12\/15\/32-dos-japoneses-querem-cancelamento-dos-jogos-de-toquio\/#article\",\"isPartOf\":{\"@id\":\"https:\/\/jornalfatosenoticias.com.br\/index.php\/2020\/12\/15\/32-dos-japoneses-querem-cancelamento-dos-jogos-de-toquio\/\"},\"author\":{\"name\":\"Luzimara Fernandes\",\"@id\":\"https:\/\/jornalfatosenoticias.com.br\/#\/schema\/person\/d63837fa13ac8666eb9e74e0985d6f81\"},\"headline\":\"32% dos japoneses querem cancelamento dos Jogos de T\u00f3quio\",\"datePublished\":\"2020-12-15T18:09:53+00:00\",\"dateModified\":\"2020-12-15T18:09:57+00:00\",\"mainEntityOfPage\":{\"@id\":\"https:\/\/jornalfatosenoticias.com.br\/index.php\/2020\/12\/15\/32-dos-japoneses-querem-cancelamento-dos-jogos-de-toquio\/\"},\"wordCount\":277,\"commentCount\":0,\"publisher\":{\"@id\":\"https:\/\/jornalfatosenoticias.com.br\/#organization\"},\"image\":{\"@id\":\"https:\/\/jornalfatosenoticias.com.br\/index.php\/2020\/12\/15\/32-dos-japoneses-querem-cancelamento-dos-jogos-de-toquio\/#primaryimage\"},\"thumbnailUrl\":\"https:\/\/jornalfatosenoticias.com.br\/wp-content\/uploads\/2020\/12\/jogos_de_toquio_olimpiada_2020.jpg\",\"keywords\":[\"adiamento\",\"cancelamento\",\"COI\",\"covid-19\",\"esportes\",\"Jogos de T\u00f3quio\",\"NHK\",\"Olimp\u00edada\",\"pesquisa\"],\"articleSection\":[\"Esportes\",\"Internacional\"],\"inLanguage\":\"pt-BR\",\"potentialAction\":[{\"@type\":\"CommentAction\",\"name\":\"Comment\",\"target\":[\"https:\/\/jornalfatosenoticias.com.br\/index.php\/2020\/12\/15\/32-dos-japoneses-querem-cancelamento-dos-jogos-de-toquio\/#respond\"]}]},{\"@type\":\"WebPage\",\"@id\":\"https:\/\/jornalfatosenoticias.com.br\/index.php\/2020\/12\/15\/32-dos-japoneses-querem-cancelamento-dos-jogos-de-toquio\/\",\"url\":\"https:\/\/jornalfatosenoticias.com.br\/index.php\/2020\/12\/15\/32-dos-japoneses-querem-cancelamento-dos-jogos-de-toquio\/\",\"name\":\"32% dos japoneses querem cancelamento dos Jogos de T\u00f3quio - Jornal Fatos e Not\u00edcias\",\"isPartOf\":{\"@id\":\"https:\/\/jornalfatosenoticias.com.br\/#website\"},\"primaryImageOfPage\":{\"@id\":\"https:\/\/jornalfatosenoticias.com.br\/index.php\/2020\/12\/15\/32-dos-japoneses-querem-cancelamento-dos-jogos-de-toquio\/#primaryimage\"},\"image\":{\"@id\":\"https:\/\/jornalfatosenoticias.com.br\/index.php\/2020\/12\/15\/32-dos-japoneses-querem-cancelamento-dos-jogos-de-toquio\/#primaryimage\"},\"thumbnailUrl\":\"https:\/\/jornalfatosenoticias.com.br\/wp-content\/uploads\/2020\/12\/jogos_de_toquio_olimpiada_2020.jpg\",\"datePublished\":\"2020-12-15T18:09:53+00:00\",\"dateModified\":\"2020-12-15T18:09:57+00:00\",\"breadcrumb\":{\"@id\":\"https:\/\/jornalfatosenoticias.com.br\/index.php\/2020\/12\/15\/32-dos-japoneses-querem-cancelamento-dos-jogos-de-toquio\/#breadcrumb\"},\"inLanguage\":\"pt-BR\",\"potentialAction\":[{\"@type\":\"ReadAction\",\"target\":[\"https:\/\/jornalfatosenoticias.com.br\/index.php\/2020\/12\/15\/32-dos-japoneses-querem-cancelamento-dos-jogos-de-toquio\/\"]}]},{\"@type\":\"ImageObject\",\"inLanguage\":\"pt-BR\",\"@id\":\"https:\/\/jornalfatosenoticias.com.br\/index.php\/2020\/12\/15\/32-dos-japoneses-querem-cancelamento-dos-jogos-de-toquio\/#primaryimage\",\"url\":\"https:\/\/jornalfatosenoticias.com.br\/wp-content\/uploads\/2020\/12\/jogos_de_toquio_olimpiada_2020.jpg\",\"contentUrl\":\"https:\/\/jornalfatosenoticias.com.br\/wp-content\/uploads\/2020\/12\/jogos_de_toquio_olimpiada_2020.jpg\",\"width\":1000,\"height\":598},{\"@type\":\"BreadcrumbList\",\"@id\":\"https:\/\/jornalfatosenoticias.com.br\/index.php\/2020\/12\/15\/32-dos-japoneses-querem-cancelamento-dos-jogos-de-toquio\/#breadcrumb\",\"itemListElement\":[{\"@type\":\"ListItem\",\"position\":1,\"name\":\"In\u00edcio\",\"item\":\"https:\/\/jornalfatosenoticias.com.br\/\"},{\"@type\":\"ListItem\",\"position\":2,\"name\":\"32% dos japoneses querem cancelamento dos Jogos de T\u00f3quio\"}]},{\"@type\":\"WebSite\",\"@id\":\"https:\/\/jornalfatosenoticias.com.br\/#website\",\"url\":\"https:\/\/jornalfatosenoticias.com.br\/\",\"name\":\"Jornal Fatos e Not\u00edcias\",\"description\":\"Not\u00edcias em geral\",\"publisher\":{\"@id\":\"https:\/\/jornalfatosenoticias.com.br\/#organization\"},\"potentialAction\":[{\"@type\":\"SearchAction\",\"target\":{\"@type\":\"EntryPoint\",\"urlTemplate\":\"https:\/\/jornalfatosenoticias.com.br\/?s={search_term_string}\"},\"query-input\":{\"@type\":\"PropertyValueSpecification\",\"valueRequired\":true,\"valueName\":\"search_term_string\"}}],\"inLanguage\":\"pt-BR\"},{\"@type\":\"Organization\",\"@id\":\"https:\/\/jornalfatosenoticias.com.br\/#organization\",\"name\":\"Jornal Fatos e Not\u00edcias\",\"url\":\"https:\/\/jornalfatosenoticias.com.br\/\",\"logo\":{\"@type\":\"ImageObject\",\"inLanguage\":\"pt-BR\",\"@id\":\"https:\/\/jornalfatosenoticias.com.br\/#\/schema\/logo\/image\/\",\"url\":\"https:\/\/jornalfatosenoticias.com.br\/wp-content\/uploads\/2020\/02\/logo120.png\",\"contentUrl\":\"https:\/\/jornalfatosenoticias.com.br\/wp-content\/uploads\/2020\/02\/logo120.png\",\"width\":1227,\"height\":120,\"caption\":\"Jornal Fatos e Not\u00edcias\"},\"image\":{\"@id\":\"https:\/\/jornalfatosenoticias.com.br\/#\/schema\/logo\/image\/\"}},{\"@type\":\"Person\",\"@id\":\"https:\/\/jornalfatosenoticias.com.br\/#\/schema\/person\/d63837fa13ac8666eb9e74e0985d6f81\",\"name\":\"Luzimara Fernandes\",\"image\":{\"@type\":\"ImageObject\",\"inLanguage\":\"pt-BR\",\"@id\":\"https:\/\/jornalfatosenoticias.com.br\/#\/schema\/person\/image\/\",\"url\":\"https:\/\/jornalfatosenoticias.com.br\/wp-content\/uploads\/2025\/05\/EU_portal.jpg\",\"contentUrl\":\"https:\/\/jornalfatosenoticias.com.br\/wp-content\/uploads\/2025\/05\/EU_portal.jpg\",\"caption\":\"Luzimara Fernandes\"},\"description\":\"Jornalista MTB 2358-ES\",\"sameAs\":[\"https:\/\/jornalfatosenoticias.com.br\"],\"url\":\"https:\/\/jornalfatosenoticias.com.br\/index.php\/author\/luzimara\/\"}]}<\/script>\n<!-- \/ Yoast SEO plugin. -->","yoast_head_json":{"title":"32% dos japoneses querem cancelamento dos Jogos de T\u00f3quio - Jornal Fatos e Not\u00edcias","robots":{"index":"index","follow":"follow","max-snippet":"max-snippet:-1","max-image-preview":"max-image-preview:large","max-video-preview":"max-video-preview:-1"},"canonical":"https:\/\/jornalfatosenoticias.com.br\/index.php\/2020\/12\/15\/32-dos-japoneses-querem-cancelamento-dos-jogos-de-toquio\/","og_locale":"pt_BR","og_type":"article","og_title":"32% dos japoneses querem cancelamento dos Jogos de T\u00f3quio - Jornal Fatos e Not\u00edcias","og_description":"Levantamento da emissora NHK foi realizado de 11 a 13 de dezembro Um ter\u00e7o dos cidad\u00e3os japoneses quer que a Olimp\u00edada de T\u00f3quio seja cancelada em meio a temores de que a chegada de estrangeiros possa causar um novo aumento nos casos de covid-19, mostrou uma pesquisa da emissora p\u00fablica NHK nesta ter\u00e7a-feira (15).O governo [&hellip;]","og_url":"https:\/\/jornalfatosenoticias.com.br\/index.php\/2020\/12\/15\/32-dos-japoneses-querem-cancelamento-dos-jogos-de-toquio\/","og_site_name":"Jornal Fatos e Not\u00edcias","article_published_time":"2020-12-15T18:09:53+00:00","article_modified_time":"2020-12-15T18:09:57+00:00","og_image":[{"width":1000,"height":598,"url":"https:\/\/jornalfatosenoticias.com.br\/wp-content\/uploads\/2020\/12\/jogos_de_toquio_olimpiada_2020.jpg","type":"image\/jpeg"}],"author":"Luzimara Fernandes","twitter_card":"summary_large_image","twitter_misc":{"Escrito por":"Luzimara Fernandes","Est. tempo de leitura":"1 minuto"},"schema":{"@context":"https:\/\/schema.org","@graph":[{"@type":"Article","@id":"https:\/\/jornalfatosenoticias.com.br\/index.php\/2020\/12\/15\/32-dos-japoneses-querem-cancelamento-dos-jogos-de-toquio\/#article","isPartOf":{"@id":"https:\/\/jornalfatosenoticias.com.br\/index.php\/2020\/12\/15\/32-dos-japoneses-querem-cancelamento-dos-jogos-de-toquio\/"},"author":{"name":"Luzimara Fernandes","@id":"https:\/\/jornalfatosenoticias.com.br\/#\/schema\/person\/d63837fa13ac8666eb9e74e0985d6f81"},"headline":"32% dos japoneses querem cancelamento dos Jogos de T\u00f3quio","datePublished":"2020-12-15T18:09:53+00:00","dateModified":"2020-12-15T18:09:57+00:00","mainEntityOfPage":{"@id":"https:\/\/jornalfatosenoticias.com.br\/index.php\/2020\/12\/15\/32-dos-japoneses-querem-cancelamento-dos-jogos-de-toquio\/"},"wordCount":277,"commentCount":0,"publisher":{"@id":"https:\/\/jornalfatosenoticias.com.br\/#organization"},"image":{"@id":"https:\/\/jornalfatosenoticias.com.br\/index.php\/2020\/12\/15\/32-dos-japoneses-querem-cancelamento-dos-jogos-de-toquio\/#primaryimage"},"thumbnailUrl":"https:\/\/jornalfatosenoticias.com.br\/wp-content\/uploads\/2020\/12\/jogos_de_toquio_olimpiada_2020.jpg","keywords":["adiamento","cancelamento","COI","covid-19","esportes","Jogos de T\u00f3quio","NHK","Olimp\u00edada","pesquisa"],"articleSection":["Esportes","Internacional"],"inLanguage":"pt-BR","potentialAction":[{"@type":"CommentAction","name":"Comment","target":["https:\/\/jornalfatosenoticias.com.br\/index.php\/2020\/12\/15\/32-dos-japoneses-querem-cancelamento-dos-jogos-de-toquio\/#respond"]}]},{"@type":"WebPage","@id":"https:\/\/jornalfatosenoticias.com.br\/index.php\/2020\/12\/15\/32-dos-japoneses-querem-cancelamento-dos-jogos-de-toquio\/","url":"https:\/\/jornalfatosenoticias.com.br\/index.php\/2020\/12\/15\/32-dos-japoneses-querem-cancelamento-dos-jogos-de-toquio\/","name":"32% dos japoneses querem cancelamento dos Jogos de T\u00f3quio - Jornal Fatos e Not\u00edcias","isPartOf":{"@id":"https:\/\/jornalfatosenoticias.com.br\/#website"},"primaryImageOfPage":{"@id":"https:\/\/jornalfatosenoticias.com.br\/index.php\/2020\/12\/15\/32-dos-japoneses-querem-cancelamento-dos-jogos-de-toquio\/#primaryimage"},"image":{"@id":"https:\/\/jornalfatosenoticias.com.br\/index.php\/2020\/12\/15\/32-dos-japoneses-querem-cancelamento-dos-jogos-de-toquio\/#primaryimage"},"thumbnailUrl":"https:\/\/jornalfatosenoticias.com.br\/wp-content\/uploads\/2020\/12\/jogos_de_toquio_olimpiada_2020.jpg","datePublished":"2020-12-15T18:09:53+00:00","dateModified":"2020-12-15T18:09:57+00:00","breadcrumb":{"@id":"https:\/\/jornalfatosenoticias.com.br\/index.php\/2020\/12\/15\/32-dos-japoneses-querem-cancelamento-dos-jogos-de-toquio\/#breadcrumb"},"inLanguage":"pt-BR","potentialAction":[{"@type":"ReadAction","target":["https:\/\/jornalfatosenoticias.com.br\/index.php\/2020\/12\/15\/32-dos-japoneses-querem-cancelamento-dos-jogos-de-toquio\/"]}]},{"@type":"ImageObject","inLanguage":"pt-BR","@id":"https:\/\/jornalfatosenoticias.com.br\/index.php\/2020\/12\/15\/32-dos-japoneses-querem-cancelamento-dos-jogos-de-toquio\/#primaryimage","url":"https:\/\/jornalfatosenoticias.com.br\/wp-content\/uploads\/2020\/12\/jogos_de_toquio_olimpiada_2020.jpg","contentUrl":"https:\/\/jornalfatosenoticias.com.br\/wp-content\/uploads\/2020\/12\/jogos_de_toquio_olimpiada_2020.jpg","width":1000,"height":598},{"@type":"BreadcrumbList","@id":"https:\/\/jornalfatosenoticias.com.br\/index.php\/2020\/12\/15\/32-dos-japoneses-querem-cancelamento-dos-jogos-de-toquio\/#breadcrumb","itemListElement":[{"@type":"ListItem","position":1,"name":"In\u00edcio","item":"https:\/\/jornalfatosenoticias.com.br\/"},{"@type":"ListItem","position":2,"name":"32% dos japoneses querem cancelamento dos Jogos de T\u00f3quio"}]},{"@type":"WebSite","@id":"https:\/\/jornalfatosenoticias.com.br\/#website","url":"https:\/\/jornalfatosenoticias.com.br\/","name":"Jornal Fatos e Not\u00edcias","description":"Not\u00edcias em geral","publisher":{"@id":"https:\/\/jornalfatosenoticias.com.br\/#organization"},"potentialAction":[{"@type":"SearchAction","target":{"@type":"EntryPoint","urlTemplate":"https:\/\/jornalfatosenoticias.com.br\/?s={search_term_string}"},"query-input":{"@type":"PropertyValueSpecification","valueRequired":true,"valueName":"search_term_string"}}],"inLanguage":"pt-BR"},{"@type":"Organization","@id":"https:\/\/jornalfatosenoticias.com.br\/#organization","name":"Jornal Fatos e Not\u00edcias","url":"https:\/\/jornalfatosenoticias.com.br\/","logo":{"@type":"ImageObject","inLanguage":"pt-BR","@id":"https:\/\/jornalfatosenoticias.com.br\/#\/schema\/logo\/image\/","url":"https:\/\/jornalfatosenoticias.com.br\/wp-content\/uploads\/2020\/02\/logo120.png","contentUrl":"https:\/\/jornalfatosenoticias.com.br\/wp-content\/uploads\/2020\/02\/logo120.png","width":1227,"height":120,"caption":"Jornal Fatos e Not\u00edcias"},"image":{"@id":"https:\/\/jornalfatosenoticias.com.br\/#\/schema\/logo\/image\/"}},{"@type":"Person","@id":"https:\/\/jornalfatosenoticias.com.br\/#\/schema\/person\/d63837fa13ac8666eb9e74e0985d6f81","name":"Luzimara Fernandes","image":{"@type":"ImageObject","inLanguage":"pt-BR","@id":"https:\/\/jornalfatosenoticias.com.br\/#\/schema\/person\/image\/","url":"https:\/\/jornalfatosenoticias.com.br\/wp-content\/uploads\/2025\/05\/EU_portal.jpg","contentUrl":"https:\/\/jornalfatosenoticias.com.br\/wp-content\/uploads\/2025\/05\/EU_portal.jpg","caption":"Luzimara Fernandes"},"description":"Jornalista MTB 2358-ES","sameAs":["https:\/\/jornalfatosenoticias.com.br"],"url":"https:\/\/jornalfatosenoticias.com.br\/index.php\/author\/luzimara\/"}]}},"cc_featured_image_caption":{"caption_text":"","source_text":"","source_url":""},"jetpack_featured_media_url":"https:\/\/jornalfatosenoticias.com.br\/wp-content\/uploads\/2020\/12\/jogos_de_toquio_olimpiada_2020.jpg","_links":{"self":[{"href":"https:\/\/jornalfatosenoticias.com.br\/index.php\/wp-json\/wp\/v2\/posts\/12518","targetHints":{"allow":["GET"]}}],"collection":[{"href":"https:\/\/jornalfatosenoticias.com.br\/index.php\/wp-json\/wp\/v2\/posts"}],"about":[{"href":"https:\/\/jornalfatosenoticias.com.br\/index.php\/wp-json\/wp\/v2\/types\/post"}],"author":[{"embeddable":true,"href":"https:\/\/jornalfatosenoticias.com.br\/index.php\/wp-json\/wp\/v2\/users\/2"}],"replies":[{"embeddable":true,"href":"https:\/\/jornalfatosenoticias.com.br\/index.php\/wp-json\/wp\/v2\/comments?post=12518"}],"version-history":[{"count":0,"href":"https:\/\/jornalfatosenoticias.com.br\/index.php\/wp-json\/wp\/v2\/posts\/12518\/revisions"}],"wp:featuredmedia":[{"embeddable":true,"href":"https:\/\/jornalfatosenoticias.com.br\/index.php\/wp-json\/wp\/v2\/media\/12519"}],"wp:attachment":[{"href":"https:\/\/jornalfatosenoticias.com.br\/index.php\/wp-json\/wp\/v2\/media?parent=12518"}],"wp:term":[{"taxonomy":"category","embeddable":true,"href":"https:\/\/jornalfatosenoticias.com.br\/index.php\/wp-json\/wp\/v2\/categories?post=12518"},{"taxonomy":"post_tag","embeddable":true,"href":"https:\/\/jornalfatosenoticias.com.br\/index.php\/wp-json\/wp\/v2\/tags?post=12518"}],"curies":[{"name":"wp","href":"https:\/\/api.w.org\/{rel}","templated":true}]}}