{"id":12525,"date":"2020-12-16T09:39:47","date_gmt":"2020-12-16T12:39:47","guid":{"rendered":"https:\/\/jornalfatosenoticias.com.br\/?p=12525"},"modified":"2020-12-16T09:39:51","modified_gmt":"2020-12-16T12:39:51","slug":"governo-anuncia-hoje-plano-nacional-de-vacinacao-contra-covid-19","status":"publish","type":"post","link":"https:\/\/jornalfatosenoticias.com.br\/index.php\/2020\/12\/16\/governo-anuncia-hoje-plano-nacional-de-vacinacao-contra-covid-19\/","title":{"rendered":"Governo anuncia hoje plano nacional de vacina\u00e7\u00e3o contra covid-19"},"content":{"rendered":"\n<h6 class=\"wp-block-heading\"><em>Solenidade ser\u00e1 \u00e0s 10h no Pal\u00e1cio do Planalto<\/em><\/h6>\n\n\n\n<p>O governo lan\u00e7ar\u00e1 hoje (16), em cerim\u00f4nia \u00e0s 10h no Pal\u00e1cio do Planalto, o Plano Nacional de Operacionaliza\u00e7\u00e3o da Vacina contra a Covid-19. Elaborado pelo Minist\u00e9rio da Sa\u00fade, o documento j\u00e1 havia sido entregue no dia 12 pelo advogado-geral da Uni\u00e3o, Jos\u00e9 Levi, ao ministro Ricardo Lewandovski, relator das a\u00e7\u00f5es que tratam da obrigatoriedade da vacina e outras medidas de combate \u00e0 pandemia.<br>O plano est\u00e1 dividido em dez eixos, que incluem descri\u00e7\u00f5es sobre a popula\u00e7\u00e3o-alvo para a vacina\u00e7\u00e3o; sobre as vacinas j\u00e1 adquiridas pelo governo e as que est\u00e3o em processo de pesquisa; a operacionaliza\u00e7\u00e3o da imuniza\u00e7\u00e3o; o esquema log\u00edstico de distribui\u00e7\u00e3o das vacinas pelo Pa\u00eds; e as estrat\u00e9gias de comunica\u00e7\u00e3o para uma campanha nacional. O documento entregue n\u00e3o indica data para in\u00edcio da vacina\u00e7\u00e3o.<\/p>\n\n\n\n<h4 class=\"wp-block-heading\">Grupos priorit\u00e1rios<\/h4>\n\n\n\n<p>O Plano Nacional de Vacina\u00e7\u00e3o contra a covid-19, apresentado pelo governo, prev\u00ea quatro grupos priorit\u00e1rios que somam 50 milh\u00f5es de pessoas, o que vai demandar 108,3 milh\u00f5es de doses de vacina, j\u00e1 incluindo 5% de perdas, uma vez que cada pessoa deve tomar duas doses em um intervalo de 14 dias entre a primeira e a segunda inje\u00e7\u00e3o.<br>O primeiro grupo priorit\u00e1rio, a ser vacinado na fase 1, \u00e9 formado por trabalhadores da sa\u00fade (5,88 milh\u00f5es), pessoas de 80 anos ou mais (4,26 milh\u00f5es), pessoas de 75 a 79 anos (3,48 milh\u00f5es) e ind\u00edgenas com idade acima de 18 anos (410 mil). A fase 2 \u00e9 formada por pessoas de 70 a 74 anos (5,17 milh\u00f5es), de 65 a 69 anos (7,08 milh\u00f5es) e de 60 a 64 anos (9,09 milh\u00f5es).<br>Na fase 3, a previs\u00e3o \u00e9 vacinar 12,66 milh\u00f5es de pessoas acima dos 18 anos que tenham as seguintes comorbidades: hipertens\u00e3o de dif\u00edcil controle, diabetes mellitus, doen\u00e7a pulmonar obstrutiva cr\u00f4nica, doen\u00e7a renal, doen\u00e7as cardiovasculares e cerebrovasculares, indiv\u00edduos transplantados de \u00f3rg\u00e3o s\u00f3lido, anemia falciforme, c\u00e2ncer e obesidade grave (IMC maior ou igual a 40).<br>Na fase 4, dever\u00e3o ser vacinados professores do n\u00edvel b\u00e1sico ao superior (2,34 milh\u00f5es), for\u00e7as de seguran\u00e7a e salvamento (850 mil) e funcion\u00e1rios do sistema prisional (144 mil). O Minist\u00e9rio da Sa\u00fade pondera, no documento, que os grupos previstos ainda s\u00e3o preliminares e poder\u00e3o ser alterados.<\/p>\n\n\n\n<h4 class=\"wp-block-heading\">Vacinas<\/h4>\n\n\n\n<p>Segundo o plano, o governo federal j\u00e1 garantiu 300 milh\u00f5es de doses de vacinas contra a covid-19 por meio de tr\u00eas acordos: Fiocruz\/AstraZeneca (100,4 milh\u00f5es de doses at\u00e9 julho de 2021 e mais 30 milh\u00f5es de doses por m\u00eas no segundo semestre); Covax Facility (42,5 milh\u00f5es de doses); Pfizer (70 milh\u00f5es de doses ainda em negocia\u00e7\u00e3o).<br>At\u00e9 agora, nenhum imunizante est\u00e1 registrado e licenciado pela Ag\u00eancia Nacional de Vigil\u00e2ncia Sanit\u00e1ria (Anvisa), etapa pr\u00e9via obrigat\u00f3ria para que a vacina\u00e7\u00e3o possa ser realizada.<\/p>\n\n\n\n<blockquote class=\"wp-block-quote is-layout-flow wp-block-quote-is-layout-flow\"><p>&#8220;De acordo com o panorama da Organiza\u00e7\u00e3o Mundial da Sa\u00fade [OMS], atualizado em 10 de dezembro de 2020, existem 52 vacinas de covid-19 candidatas em fase de pesquisa cl\u00ednica e 162 candidatas em fase pr\u00e9-cl\u00ednica de pesquisa. Das vacinas candidatas em estudos cl\u00ednicos, h\u00e1 13 em ensaios cl\u00ednicos fase 3 para avalia\u00e7\u00e3o de efic\u00e1cia e seguran\u00e7a, a \u00faltima etapa antes da aprova\u00e7\u00e3o pelas ag\u00eancias reguladoras e posterior imuniza\u00e7\u00e3o da popula\u00e7\u00e3o. No Brasil, o registro e licenciamento de vacinas \u00e9 atribui\u00e7\u00e3o da Ag\u00eancia Nacional de Vigil\u00e2ncia Sanit\u00e1ria (Anvisa), pautados na Lei n\u00ba 6.360\/1976 e regulamentos t\u00e9cnicos como a RDC n\u00ba 55\/2010&#8221;, diz um trecho do plano.<\/p><\/blockquote>\n\n\n\n<h4 class=\"wp-block-heading\">Log\u00edstica<\/h4>\n\n\n\n<p>Para operacionalizar a campanha nacional de vacina\u00e7\u00e3o, o plano do governo prev\u00ea capacita\u00e7\u00e3o dos profissionais de sa\u00fade do Sistema \u00danico de Sa\u00fade (SUS) e tamb\u00e9m um esquema de recebimento, armazenamento, expedi\u00e7\u00e3o e distribui\u00e7\u00e3o dos insumos, que s\u00e3o o pr\u00f3prio imunizante, al\u00e9m das seringas e agulhas.<br>O principal complexo log\u00edstico ser\u00e1 a partir do aeroporto internacional de Guarulhos (SP), na sede da empresa VTC Log\u00edstica, que tem contrato com o Minist\u00e9rio da Sa\u00fade. O galp\u00e3o da empresa possui 36 mil metros quadrados nas imedia\u00e7\u00f5es do aeroporto e conta com ambientes climatizados, como docas e c\u00e2maras frias. H\u00e1 tamb\u00e9m estruturas menores em Bras\u00edlia, Rio de Janeiro e Recife.<br>Tamb\u00e9m est\u00e1 prevista a entrega da carga embalada por modal rodovi\u00e1rio para Santa Catarina, Esp\u00edrito Santo, Mato Grosso do Sul, Goi\u00e1s, Distrito Federal, Rio Grande do Sul, Minas Gerais e outras unidades da federa\u00e7\u00e3o que fiquem em at\u00e9 1.400 quil\u00f4metros de raio dos centros de distribui\u00e7\u00e3o.<br>O governo tamb\u00e9m informa j\u00e1 ter acordos firmados com companhias a\u00e9reas, como Latam e Azul, al\u00e9m de outras empresas de carga a\u00e9rea, para o transporte at\u00e9 as capitais da regi\u00e3o Norte do Pa\u00eds. Pelo plano, a frota ser\u00e1 rastreada 100% por sat\u00e9lite e a seguran\u00e7a do transporte, em determinadas situa\u00e7\u00f5es durante o deslocamento, ocorrer\u00e1 por conta da Uni\u00e3o.<\/p>\n\n\n\n<h4 class=\"wp-block-heading\">Or\u00e7amento<\/h4>\n\n\n\n<p>Ainda de acordo com o plano, o governo federal j\u00e1 disponibilizou R$ 1,9 bilh\u00e3o de encomenda tecnol\u00f3gica associada \u00e0 aquisi\u00e7\u00e3o de 100,4 milh\u00f5es de doses de vacina pela AstraZeneca\/Fiocruz e R$ 2,5 bilh\u00f5es para ades\u00e3o ao Cons\u00f3rcio Covax Facitity, associado \u00e0 aquisi\u00e7\u00e3o de 42 milh\u00f5es de doses de vacinas.<br>Al\u00e9m disso, h\u00e1 outros R$ 177,6 milh\u00f5es para custeio e investimento na Rede de Frio, na moderniza\u00e7\u00e3o dos Centros de Refer\u00eancia para Imunobiol\u00f3gicos Especiais (CRIEs), no fortalecimento e amplia\u00e7\u00e3o da vigil\u00e2ncia de s\u00edndromes respirat\u00f3rias.<br>Tamb\u00e9m outros R$ 62 milh\u00f5es foram investidos para aquisi\u00e7\u00e3o de mais 300 milh\u00f5es de seringas e agulhas.<\/p>\n\n\n\n<p><em><strong>Foto: <\/strong>Reuters\/Dado Ruvic\/Direitos Reservados<\/em><\/p>\n\n\n\n<p><strong><em>Fonte: <a href=\"https:\/\/agenciabrasil.ebc.com.br\/saude\/noticia\/2020-12\/governo-anuncia-hoje-plano-nacional-da-vacina-contra-covid-19\">Ag\u00eancia Brasil<\/a><\/em><\/strong><\/p>\n","protected":false},"excerpt":{"rendered":"<p>Solenidade ser\u00e1 \u00e0s 10h no Pal\u00e1cio do Planalto O governo lan\u00e7ar\u00e1 hoje (16), em cerim\u00f4nia \u00e0s 10h no Pal\u00e1cio do Planalto, o Plano Nacional de Operacionaliza\u00e7\u00e3o da Vacina contra a Covid-19. Elaborado pelo Minist\u00e9rio da Sa\u00fade, o documento j\u00e1 havia sido entregue no dia 12 pelo advogado-geral da Uni\u00e3o, Jos\u00e9 Levi, ao ministro Ricardo Lewandovski, [&hellip;]<\/p>\n","protected":false},"author":2,"featured_media":12526,"comment_status":"open","ping_status":"open","sticky":false,"template":"","format":"standard","meta":{"footnotes":""},"categories":[11],"tags":[273,6538,5676],"class_list":["post-12525","post","type-post","status-publish","format-standard","has-post-thumbnail","hentry","category-saude","tag-covid-19","tag-plano-nacional-de-vacinacao","tag-vacina-contra-coronavirus"],"yoast_head":"<!-- This site is optimized with the Yoast SEO plugin v26.5 - https:\/\/yoast.com\/wordpress\/plugins\/seo\/ -->\n<title>Governo anuncia hoje plano nacional de vacina\u00e7\u00e3o contra covid-19 - Jornal Fatos e Not\u00edcias<\/title>\n<meta name=\"robots\" content=\"index, follow, max-snippet:-1, max-image-preview:large, max-video-preview:-1\" \/>\n<link rel=\"canonical\" href=\"https:\/\/jornalfatosenoticias.com.br\/index.php\/2020\/12\/16\/governo-anuncia-hoje-plano-nacional-de-vacinacao-contra-covid-19\/\" \/>\n<meta property=\"og:locale\" content=\"pt_BR\" \/>\n<meta property=\"og:type\" content=\"article\" \/>\n<meta property=\"og:title\" content=\"Governo anuncia hoje plano nacional de vacina\u00e7\u00e3o contra covid-19 - Jornal Fatos e Not\u00edcias\" \/>\n<meta property=\"og:description\" content=\"Solenidade ser\u00e1 \u00e0s 10h no Pal\u00e1cio do Planalto O governo lan\u00e7ar\u00e1 hoje (16), em cerim\u00f4nia \u00e0s 10h no Pal\u00e1cio do Planalto, o Plano Nacional de Operacionaliza\u00e7\u00e3o da Vacina contra a Covid-19. Elaborado pelo Minist\u00e9rio da Sa\u00fade, o documento j\u00e1 havia sido entregue no dia 12 pelo advogado-geral da Uni\u00e3o, Jos\u00e9 Levi, ao ministro Ricardo Lewandovski, [&hellip;]\" \/>\n<meta property=\"og:url\" content=\"https:\/\/jornalfatosenoticias.com.br\/index.php\/2020\/12\/16\/governo-anuncia-hoje-plano-nacional-de-vacinacao-contra-covid-19\/\" \/>\n<meta property=\"og:site_name\" content=\"Jornal Fatos e Not\u00edcias\" \/>\n<meta property=\"article:published_time\" content=\"2020-12-16T12:39:47+00:00\" \/>\n<meta property=\"article:modified_time\" content=\"2020-12-16T12:39:51+00:00\" \/>\n<meta property=\"og:image\" content=\"https:\/\/jornalfatosenoticias.com.br\/wp-content\/uploads\/2020\/12\/coronavirus-vaccine.jpg\" \/>\n\t<meta property=\"og:image:width\" content=\"1000\" \/>\n\t<meta property=\"og:image:height\" content=\"598\" \/>\n\t<meta property=\"og:image:type\" content=\"image\/jpeg\" \/>\n<meta name=\"author\" content=\"Luzimara Fernandes\" \/>\n<meta name=\"twitter:card\" content=\"summary_large_image\" \/>\n<meta name=\"twitter:label1\" content=\"Escrito por\" \/>\n\t<meta name=\"twitter:data1\" content=\"Luzimara Fernandes\" \/>\n\t<meta name=\"twitter:label2\" content=\"Est. tempo de leitura\" \/>\n\t<meta name=\"twitter:data2\" content=\"5 minutos\" \/>\n<script type=\"application\/ld+json\" class=\"yoast-schema-graph\">{\"@context\":\"https:\/\/schema.org\",\"@graph\":[{\"@type\":\"Article\",\"@id\":\"https:\/\/jornalfatosenoticias.com.br\/index.php\/2020\/12\/16\/governo-anuncia-hoje-plano-nacional-de-vacinacao-contra-covid-19\/#article\",\"isPartOf\":{\"@id\":\"https:\/\/jornalfatosenoticias.com.br\/index.php\/2020\/12\/16\/governo-anuncia-hoje-plano-nacional-de-vacinacao-contra-covid-19\/\"},\"author\":{\"name\":\"Luzimara Fernandes\",\"@id\":\"https:\/\/jornalfatosenoticias.com.br\/#\/schema\/person\/d63837fa13ac8666eb9e74e0985d6f81\"},\"headline\":\"Governo anuncia hoje plano nacional de vacina\u00e7\u00e3o contra covid-19\",\"datePublished\":\"2020-12-16T12:39:47+00:00\",\"dateModified\":\"2020-12-16T12:39:51+00:00\",\"mainEntityOfPage\":{\"@id\":\"https:\/\/jornalfatosenoticias.com.br\/index.php\/2020\/12\/16\/governo-anuncia-hoje-plano-nacional-de-vacinacao-contra-covid-19\/\"},\"wordCount\":977,\"commentCount\":0,\"publisher\":{\"@id\":\"https:\/\/jornalfatosenoticias.com.br\/#organization\"},\"image\":{\"@id\":\"https:\/\/jornalfatosenoticias.com.br\/index.php\/2020\/12\/16\/governo-anuncia-hoje-plano-nacional-de-vacinacao-contra-covid-19\/#primaryimage\"},\"thumbnailUrl\":\"https:\/\/jornalfatosenoticias.com.br\/wp-content\/uploads\/2020\/12\/coronavirus-vaccine.jpg\",\"keywords\":[\"covid-19\",\"Plano Nacional de Vacina\u00e7\u00e3o\",\"vacina contra coronav\u00edrus\"],\"articleSection\":[\"Sa\u00fade\"],\"inLanguage\":\"pt-BR\",\"potentialAction\":[{\"@type\":\"CommentAction\",\"name\":\"Comment\",\"target\":[\"https:\/\/jornalfatosenoticias.com.br\/index.php\/2020\/12\/16\/governo-anuncia-hoje-plano-nacional-de-vacinacao-contra-covid-19\/#respond\"]}]},{\"@type\":\"WebPage\",\"@id\":\"https:\/\/jornalfatosenoticias.com.br\/index.php\/2020\/12\/16\/governo-anuncia-hoje-plano-nacional-de-vacinacao-contra-covid-19\/\",\"url\":\"https:\/\/jornalfatosenoticias.com.br\/index.php\/2020\/12\/16\/governo-anuncia-hoje-plano-nacional-de-vacinacao-contra-covid-19\/\",\"name\":\"Governo anuncia hoje plano nacional de vacina\u00e7\u00e3o contra covid-19 - Jornal Fatos e Not\u00edcias\",\"isPartOf\":{\"@id\":\"https:\/\/jornalfatosenoticias.com.br\/#website\"},\"primaryImageOfPage\":{\"@id\":\"https:\/\/jornalfatosenoticias.com.br\/index.php\/2020\/12\/16\/governo-anuncia-hoje-plano-nacional-de-vacinacao-contra-covid-19\/#primaryimage\"},\"image\":{\"@id\":\"https:\/\/jornalfatosenoticias.com.br\/index.php\/2020\/12\/16\/governo-anuncia-hoje-plano-nacional-de-vacinacao-contra-covid-19\/#primaryimage\"},\"thumbnailUrl\":\"https:\/\/jornalfatosenoticias.com.br\/wp-content\/uploads\/2020\/12\/coronavirus-vaccine.jpg\",\"datePublished\":\"2020-12-16T12:39:47+00:00\",\"dateModified\":\"2020-12-16T12:39:51+00:00\",\"breadcrumb\":{\"@id\":\"https:\/\/jornalfatosenoticias.com.br\/index.php\/2020\/12\/16\/governo-anuncia-hoje-plano-nacional-de-vacinacao-contra-covid-19\/#breadcrumb\"},\"inLanguage\":\"pt-BR\",\"potentialAction\":[{\"@type\":\"ReadAction\",\"target\":[\"https:\/\/jornalfatosenoticias.com.br\/index.php\/2020\/12\/16\/governo-anuncia-hoje-plano-nacional-de-vacinacao-contra-covid-19\/\"]}]},{\"@type\":\"ImageObject\",\"inLanguage\":\"pt-BR\",\"@id\":\"https:\/\/jornalfatosenoticias.com.br\/index.php\/2020\/12\/16\/governo-anuncia-hoje-plano-nacional-de-vacinacao-contra-covid-19\/#primaryimage\",\"url\":\"https:\/\/jornalfatosenoticias.com.br\/wp-content\/uploads\/2020\/12\/coronavirus-vaccine.jpg\",\"contentUrl\":\"https:\/\/jornalfatosenoticias.com.br\/wp-content\/uploads\/2020\/12\/coronavirus-vaccine.jpg\",\"width\":1000,\"height\":598,\"caption\":\"30\/10\/2020 REUTERS\/Dado Ruvic\/Foto ilustrativa\"},{\"@type\":\"BreadcrumbList\",\"@id\":\"https:\/\/jornalfatosenoticias.com.br\/index.php\/2020\/12\/16\/governo-anuncia-hoje-plano-nacional-de-vacinacao-contra-covid-19\/#breadcrumb\",\"itemListElement\":[{\"@type\":\"ListItem\",\"position\":1,\"name\":\"In\u00edcio\",\"item\":\"https:\/\/jornalfatosenoticias.com.br\/\"},{\"@type\":\"ListItem\",\"position\":2,\"name\":\"Governo anuncia hoje plano nacional de vacina\u00e7\u00e3o contra covid-19\"}]},{\"@type\":\"WebSite\",\"@id\":\"https:\/\/jornalfatosenoticias.com.br\/#website\",\"url\":\"https:\/\/jornalfatosenoticias.com.br\/\",\"name\":\"Jornal Fatos e Not\u00edcias\",\"description\":\"Not\u00edcias em geral\",\"publisher\":{\"@id\":\"https:\/\/jornalfatosenoticias.com.br\/#organization\"},\"potentialAction\":[{\"@type\":\"SearchAction\",\"target\":{\"@type\":\"EntryPoint\",\"urlTemplate\":\"https:\/\/jornalfatosenoticias.com.br\/?s={search_term_string}\"},\"query-input\":{\"@type\":\"PropertyValueSpecification\",\"valueRequired\":true,\"valueName\":\"search_term_string\"}}],\"inLanguage\":\"pt-BR\"},{\"@type\":\"Organization\",\"@id\":\"https:\/\/jornalfatosenoticias.com.br\/#organization\",\"name\":\"Jornal Fatos e Not\u00edcias\",\"url\":\"https:\/\/jornalfatosenoticias.com.br\/\",\"logo\":{\"@type\":\"ImageObject\",\"inLanguage\":\"pt-BR\",\"@id\":\"https:\/\/jornalfatosenoticias.com.br\/#\/schema\/logo\/image\/\",\"url\":\"https:\/\/jornalfatosenoticias.com.br\/wp-content\/uploads\/2020\/02\/logo120.png\",\"contentUrl\":\"https:\/\/jornalfatosenoticias.com.br\/wp-content\/uploads\/2020\/02\/logo120.png\",\"width\":1227,\"height\":120,\"caption\":\"Jornal Fatos e Not\u00edcias\"},\"image\":{\"@id\":\"https:\/\/jornalfatosenoticias.com.br\/#\/schema\/logo\/image\/\"}},{\"@type\":\"Person\",\"@id\":\"https:\/\/jornalfatosenoticias.com.br\/#\/schema\/person\/d63837fa13ac8666eb9e74e0985d6f81\",\"name\":\"Luzimara Fernandes\",\"image\":{\"@type\":\"ImageObject\",\"inLanguage\":\"pt-BR\",\"@id\":\"https:\/\/jornalfatosenoticias.com.br\/#\/schema\/person\/image\/\",\"url\":\"https:\/\/jornalfatosenoticias.com.br\/wp-content\/uploads\/2025\/05\/EU_portal.jpg\",\"contentUrl\":\"https:\/\/jornalfatosenoticias.com.br\/wp-content\/uploads\/2025\/05\/EU_portal.jpg\",\"caption\":\"Luzimara Fernandes\"},\"description\":\"Jornalista MTB 2358-ES\",\"sameAs\":[\"https:\/\/jornalfatosenoticias.com.br\"],\"url\":\"https:\/\/jornalfatosenoticias.com.br\/index.php\/author\/luzimara\/\"}]}<\/script>\n<!-- \/ Yoast SEO plugin. -->","yoast_head_json":{"title":"Governo anuncia hoje plano nacional de vacina\u00e7\u00e3o contra covid-19 - Jornal Fatos e Not\u00edcias","robots":{"index":"index","follow":"follow","max-snippet":"max-snippet:-1","max-image-preview":"max-image-preview:large","max-video-preview":"max-video-preview:-1"},"canonical":"https:\/\/jornalfatosenoticias.com.br\/index.php\/2020\/12\/16\/governo-anuncia-hoje-plano-nacional-de-vacinacao-contra-covid-19\/","og_locale":"pt_BR","og_type":"article","og_title":"Governo anuncia hoje plano nacional de vacina\u00e7\u00e3o contra covid-19 - Jornal Fatos e Not\u00edcias","og_description":"Solenidade ser\u00e1 \u00e0s 10h no Pal\u00e1cio do Planalto O governo lan\u00e7ar\u00e1 hoje (16), em cerim\u00f4nia \u00e0s 10h no Pal\u00e1cio do Planalto, o Plano Nacional de Operacionaliza\u00e7\u00e3o da Vacina contra a Covid-19. Elaborado pelo Minist\u00e9rio da Sa\u00fade, o documento j\u00e1 havia sido entregue no dia 12 pelo advogado-geral da Uni\u00e3o, Jos\u00e9 Levi, ao ministro Ricardo Lewandovski, [&hellip;]","og_url":"https:\/\/jornalfatosenoticias.com.br\/index.php\/2020\/12\/16\/governo-anuncia-hoje-plano-nacional-de-vacinacao-contra-covid-19\/","og_site_name":"Jornal Fatos e Not\u00edcias","article_published_time":"2020-12-16T12:39:47+00:00","article_modified_time":"2020-12-16T12:39:51+00:00","og_image":[{"width":1000,"height":598,"url":"https:\/\/jornalfatosenoticias.com.br\/wp-content\/uploads\/2020\/12\/coronavirus-vaccine.jpg","type":"image\/jpeg"}],"author":"Luzimara Fernandes","twitter_card":"summary_large_image","twitter_misc":{"Escrito por":"Luzimara Fernandes","Est. tempo de leitura":"5 minutos"},"schema":{"@context":"https:\/\/schema.org","@graph":[{"@type":"Article","@id":"https:\/\/jornalfatosenoticias.com.br\/index.php\/2020\/12\/16\/governo-anuncia-hoje-plano-nacional-de-vacinacao-contra-covid-19\/#article","isPartOf":{"@id":"https:\/\/jornalfatosenoticias.com.br\/index.php\/2020\/12\/16\/governo-anuncia-hoje-plano-nacional-de-vacinacao-contra-covid-19\/"},"author":{"name":"Luzimara Fernandes","@id":"https:\/\/jornalfatosenoticias.com.br\/#\/schema\/person\/d63837fa13ac8666eb9e74e0985d6f81"},"headline":"Governo anuncia hoje plano nacional de vacina\u00e7\u00e3o contra covid-19","datePublished":"2020-12-16T12:39:47+00:00","dateModified":"2020-12-16T12:39:51+00:00","mainEntityOfPage":{"@id":"https:\/\/jornalfatosenoticias.com.br\/index.php\/2020\/12\/16\/governo-anuncia-hoje-plano-nacional-de-vacinacao-contra-covid-19\/"},"wordCount":977,"commentCount":0,"publisher":{"@id":"https:\/\/jornalfatosenoticias.com.br\/#organization"},"image":{"@id":"https:\/\/jornalfatosenoticias.com.br\/index.php\/2020\/12\/16\/governo-anuncia-hoje-plano-nacional-de-vacinacao-contra-covid-19\/#primaryimage"},"thumbnailUrl":"https:\/\/jornalfatosenoticias.com.br\/wp-content\/uploads\/2020\/12\/coronavirus-vaccine.jpg","keywords":["covid-19","Plano Nacional de Vacina\u00e7\u00e3o","vacina contra coronav\u00edrus"],"articleSection":["Sa\u00fade"],"inLanguage":"pt-BR","potentialAction":[{"@type":"CommentAction","name":"Comment","target":["https:\/\/jornalfatosenoticias.com.br\/index.php\/2020\/12\/16\/governo-anuncia-hoje-plano-nacional-de-vacinacao-contra-covid-19\/#respond"]}]},{"@type":"WebPage","@id":"https:\/\/jornalfatosenoticias.com.br\/index.php\/2020\/12\/16\/governo-anuncia-hoje-plano-nacional-de-vacinacao-contra-covid-19\/","url":"https:\/\/jornalfatosenoticias.com.br\/index.php\/2020\/12\/16\/governo-anuncia-hoje-plano-nacional-de-vacinacao-contra-covid-19\/","name":"Governo anuncia hoje plano nacional de vacina\u00e7\u00e3o contra covid-19 - Jornal Fatos e Not\u00edcias","isPartOf":{"@id":"https:\/\/jornalfatosenoticias.com.br\/#website"},"primaryImageOfPage":{"@id":"https:\/\/jornalfatosenoticias.com.br\/index.php\/2020\/12\/16\/governo-anuncia-hoje-plano-nacional-de-vacinacao-contra-covid-19\/#primaryimage"},"image":{"@id":"https:\/\/jornalfatosenoticias.com.br\/index.php\/2020\/12\/16\/governo-anuncia-hoje-plano-nacional-de-vacinacao-contra-covid-19\/#primaryimage"},"thumbnailUrl":"https:\/\/jornalfatosenoticias.com.br\/wp-content\/uploads\/2020\/12\/coronavirus-vaccine.jpg","datePublished":"2020-12-16T12:39:47+00:00","dateModified":"2020-12-16T12:39:51+00:00","breadcrumb":{"@id":"https:\/\/jornalfatosenoticias.com.br\/index.php\/2020\/12\/16\/governo-anuncia-hoje-plano-nacional-de-vacinacao-contra-covid-19\/#breadcrumb"},"inLanguage":"pt-BR","potentialAction":[{"@type":"ReadAction","target":["https:\/\/jornalfatosenoticias.com.br\/index.php\/2020\/12\/16\/governo-anuncia-hoje-plano-nacional-de-vacinacao-contra-covid-19\/"]}]},{"@type":"ImageObject","inLanguage":"pt-BR","@id":"https:\/\/jornalfatosenoticias.com.br\/index.php\/2020\/12\/16\/governo-anuncia-hoje-plano-nacional-de-vacinacao-contra-covid-19\/#primaryimage","url":"https:\/\/jornalfatosenoticias.com.br\/wp-content\/uploads\/2020\/12\/coronavirus-vaccine.jpg","contentUrl":"https:\/\/jornalfatosenoticias.com.br\/wp-content\/uploads\/2020\/12\/coronavirus-vaccine.jpg","width":1000,"height":598,"caption":"30\/10\/2020 REUTERS\/Dado Ruvic\/Foto ilustrativa"},{"@type":"BreadcrumbList","@id":"https:\/\/jornalfatosenoticias.com.br\/index.php\/2020\/12\/16\/governo-anuncia-hoje-plano-nacional-de-vacinacao-contra-covid-19\/#breadcrumb","itemListElement":[{"@type":"ListItem","position":1,"name":"In\u00edcio","item":"https:\/\/jornalfatosenoticias.com.br\/"},{"@type":"ListItem","position":2,"name":"Governo anuncia hoje plano nacional de vacina\u00e7\u00e3o contra covid-19"}]},{"@type":"WebSite","@id":"https:\/\/jornalfatosenoticias.com.br\/#website","url":"https:\/\/jornalfatosenoticias.com.br\/","name":"Jornal Fatos e Not\u00edcias","description":"Not\u00edcias em geral","publisher":{"@id":"https:\/\/jornalfatosenoticias.com.br\/#organization"},"potentialAction":[{"@type":"SearchAction","target":{"@type":"EntryPoint","urlTemplate":"https:\/\/jornalfatosenoticias.com.br\/?s={search_term_string}"},"query-input":{"@type":"PropertyValueSpecification","valueRequired":true,"valueName":"search_term_string"}}],"inLanguage":"pt-BR"},{"@type":"Organization","@id":"https:\/\/jornalfatosenoticias.com.br\/#organization","name":"Jornal Fatos e Not\u00edcias","url":"https:\/\/jornalfatosenoticias.com.br\/","logo":{"@type":"ImageObject","inLanguage":"pt-BR","@id":"https:\/\/jornalfatosenoticias.com.br\/#\/schema\/logo\/image\/","url":"https:\/\/jornalfatosenoticias.com.br\/wp-content\/uploads\/2020\/02\/logo120.png","contentUrl":"https:\/\/jornalfatosenoticias.com.br\/wp-content\/uploads\/2020\/02\/logo120.png","width":1227,"height":120,"caption":"Jornal Fatos e Not\u00edcias"},"image":{"@id":"https:\/\/jornalfatosenoticias.com.br\/#\/schema\/logo\/image\/"}},{"@type":"Person","@id":"https:\/\/jornalfatosenoticias.com.br\/#\/schema\/person\/d63837fa13ac8666eb9e74e0985d6f81","name":"Luzimara Fernandes","image":{"@type":"ImageObject","inLanguage":"pt-BR","@id":"https:\/\/jornalfatosenoticias.com.br\/#\/schema\/person\/image\/","url":"https:\/\/jornalfatosenoticias.com.br\/wp-content\/uploads\/2025\/05\/EU_portal.jpg","contentUrl":"https:\/\/jornalfatosenoticias.com.br\/wp-content\/uploads\/2025\/05\/EU_portal.jpg","caption":"Luzimara Fernandes"},"description":"Jornalista MTB 2358-ES","sameAs":["https:\/\/jornalfatosenoticias.com.br"],"url":"https:\/\/jornalfatosenoticias.com.br\/index.php\/author\/luzimara\/"}]}},"cc_featured_image_caption":{"caption_text":"","source_text":"","source_url":""},"jetpack_featured_media_url":"https:\/\/jornalfatosenoticias.com.br\/wp-content\/uploads\/2020\/12\/coronavirus-vaccine.jpg","_links":{"self":[{"href":"https:\/\/jornalfatosenoticias.com.br\/index.php\/wp-json\/wp\/v2\/posts\/12525","targetHints":{"allow":["GET"]}}],"collection":[{"href":"https:\/\/jornalfatosenoticias.com.br\/index.php\/wp-json\/wp\/v2\/posts"}],"about":[{"href":"https:\/\/jornalfatosenoticias.com.br\/index.php\/wp-json\/wp\/v2\/types\/post"}],"author":[{"embeddable":true,"href":"https:\/\/jornalfatosenoticias.com.br\/index.php\/wp-json\/wp\/v2\/users\/2"}],"replies":[{"embeddable":true,"href":"https:\/\/jornalfatosenoticias.com.br\/index.php\/wp-json\/wp\/v2\/comments?post=12525"}],"version-history":[{"count":0,"href":"https:\/\/jornalfatosenoticias.com.br\/index.php\/wp-json\/wp\/v2\/posts\/12525\/revisions"}],"wp:featuredmedia":[{"embeddable":true,"href":"https:\/\/jornalfatosenoticias.com.br\/index.php\/wp-json\/wp\/v2\/media\/12526"}],"wp:attachment":[{"href":"https:\/\/jornalfatosenoticias.com.br\/index.php\/wp-json\/wp\/v2\/media?parent=12525"}],"wp:term":[{"taxonomy":"category","embeddable":true,"href":"https:\/\/jornalfatosenoticias.com.br\/index.php\/wp-json\/wp\/v2\/categories?post=12525"},{"taxonomy":"post_tag","embeddable":true,"href":"https:\/\/jornalfatosenoticias.com.br\/index.php\/wp-json\/wp\/v2\/tags?post=12525"}],"curies":[{"name":"wp","href":"https:\/\/api.w.org\/{rel}","templated":true}]}}