{"id":12607,"date":"2020-12-17T18:29:38","date_gmt":"2020-12-17T21:29:38","guid":{"rendered":"https:\/\/jornalfatosenoticias.com.br\/?p=12607"},"modified":"2020-12-17T18:29:42","modified_gmt":"2020-12-17T21:29:42","slug":"criancas-chegou-o-natal","status":"publish","type":"post","link":"https:\/\/jornalfatosenoticias.com.br\/index.php\/2020\/12\/17\/criancas-chegou-o-natal\/","title":{"rendered":"Crian\u00e7as: chegou o Natal!"},"content":{"rendered":"\n<p>Decidimos interromper nossa S\u00e9rie sobre \u201cEstragos permanentes da priva\u00e7\u00e3o Materna Judicial pela acusa\u00e7\u00e3o de aliena\u00e7\u00e3o parental\u201d. Retomaremos ao tema na 1\u00aa semana de janeiro, depois de nosso recesso de final de ano.<br>\u00c9 Natal! Apesar de ser uma festa religiosa, o Natal contagia a todos, crentes de todos os credos, e ateus. Tornou-se uma festa da fam\u00edlia, das fam\u00edlias, da confraterniza\u00e7\u00e3o, do presentear, do saborear. Dos bons prazeres. Entre eles, o prazer da remontagem da hist\u00f3ria familiar, da hist\u00f3ria de cada um. Os afetos s\u00e3o aflorados com ou sem autoriza\u00e7\u00e3o. Sim, porque \u00e9 a hora do carinho, mas tamb\u00e9m das hist\u00f3rias que suscitaram vergonhas leves. Uma esp\u00e9cie de catarse amorosa, uma vez por ano. Frequ\u00eancia, para muitos, adequada. Festa do afeto. Festa de sonhos. Festa do abra\u00e7o. Festa do sorriso e da gargalhada. Festa dos sabores.<br>Fui crian\u00e7a no tempo em que me encantava ver \u00e1rvores de luzes brancas, singelas, refletidas e multiplicadas nas \u00e1guas dos Rios Capiberibe e Beberibe. Sa\u00edamos todos de roupinhas novas, costuradas pela m\u00e3e, dois de m\u00e3os dadas com ela, dois de m\u00e3os dadas com nosso pai. Ele sempre retornava \u00e0 casa quando est\u00e1vamos no port\u00e3o, para uma verifica\u00e7\u00e3o das janelas, era dito. S\u00f3 alguns anos depois, descobri esta suspeita. Para colocar os presentes do Papai Noel. O sonho do Papai Noel, o bom velhinho. Na volta das imagens iluminadas, lindas e n\u00e3o singelas para as crian\u00e7as, que se intrigavam com a m\u00e1gica de colocar luzes na \u00e1gua, sem dar choque, tinha a ceia antecedida por reza r\u00e1pida, e depois os cantos natalinos, com a m\u00e3e no violino e a irm\u00e3 mais velha ao piano e, n\u00f3s, pequenos, cantando, o pai, a tudo assistindo emocionado, distribuindo abra\u00e7os. \u00c9ramos s\u00f3 n\u00f3s em Recife. Mas, \u00e9ramos n\u00f3s. O bastante. Dormir e sonhar com tanta coisa boa junta.<br>Sonhar! Como \u00e9 importante o sonhar para a Crian\u00e7a! O sonhar constr\u00f3i o criar. A Noite de Natal para a crian\u00e7a \u00e9 plena de mist\u00e9rios. Como o Papai Noel colocou seu pedido na \u00e1rvore de Natal na sala de sua casa? Como um bebezinho foi deitado numa manjedoura, cheia de capim de animais, e n\u00e3o morreu? Como seus pais n\u00e3o tinham casa, e se chovesse ia molhar todo o beb\u00ea? Como seus pais n\u00e3o tinham uma cozinha para comer? Um guarda-roupa para guardar suas vestes? Um banheiro para fazer aquelas coisas todos os dias? Em torno daquele bebezinho, o motivo da comemora\u00e7\u00e3o, muitas perguntas sem respostas.<br>Hoje, h\u00e1 muitas crian\u00e7as, muitas, que est\u00e3o sem resposta para um outro mist\u00e9rio, que \u00e9 vivido por elas. Por que minha m\u00e3e me abandonou? Crian\u00e7as que perderam as suas m\u00e3es para a covid-19, e que vivem como tendo sido abandonadas pela m\u00e3e. Para essa orfandade, o mist\u00e9rio vai permanecer. N\u00e3o h\u00e1 resposta plaus\u00edvel que acalme seu cora\u00e7\u00e3ozinho. Mas, tamb\u00e9m, Crian\u00e7as que foram privadas de suas m\u00e3es por uma ordem judicial, que est\u00e1 fora de sua capacidade de compreens\u00e3o cognitiva. Esta orfandade de m\u00e3e viva \u00e9 sentida e ressentida pela Crian\u00e7a como um abandono, como se um desprezo materno o fosse. Para umas, o primeiro Natal sem a m\u00e3e. Para muitas, ser\u00e1 mais um Natal, mais uma noite escura, mesmo que muitas luzes hajam nas decora\u00e7\u00f5es de onde passaram a ser obrigadas a viver. Uma noite escura, de solid\u00e3o oculta, de sofrimento que n\u00e3o pode transparecer, um supl\u00edcio da falta, uma falta que sangra por dentro, e que tem que ser escondida, porque n\u00e3o lhe \u00e9 permitido sentir. Uma grande dissimula\u00e7\u00e3o.<\/p>\n\n\n\n<figure class=\"wp-block-image size-large\"><img loading=\"lazy\" decoding=\"async\" width=\"1000\" height=\"658\" src=\"https:\/\/jornalfatosenoticias.com.br\/wp-content\/uploads\/2020\/12\/oracao-natal-familia-negra.jpeg\" alt=\"\" class=\"wp-image-12608\" srcset=\"https:\/\/jornalfatosenoticias.com.br\/wp-content\/uploads\/2020\/12\/oracao-natal-familia-negra.jpeg 1000w, https:\/\/jornalfatosenoticias.com.br\/wp-content\/uploads\/2020\/12\/oracao-natal-familia-negra-300x197.jpeg 300w, https:\/\/jornalfatosenoticias.com.br\/wp-content\/uploads\/2020\/12\/oracao-natal-familia-negra-768x505.jpeg 768w\" sizes=\"auto, (max-width: 1000px) 100vw, 1000px\" \/><figcaption><em>Fam\u00edlia celebrando o Natal (Foto: Getty Images\/iStockphoto)<\/em><\/figcaption><\/figure>\n\n\n\n<p>Neste Natal, todos, os que t\u00eam ju\u00edzo e pensamento de coletividade, claro, vamos sentir a falta de algu\u00e9m, muitos n\u00e3o v\u00e3o poder se reunir, vamos sentir a falta dos abra\u00e7os e beijos. Talvez, depois desta experi\u00eancia de faltas, tenhamos um pouco mais de capacidade emp\u00e1tica com estas crian\u00e7as que por anos sentem falta do abra\u00e7o acolhedor do colo da m\u00e3e, a que est\u00e3o privados. Dimensionar a dor da priva\u00e7\u00e3o materna compuls\u00f3ria, \u00e9 um desafio. Quero dedicar este Natal \u00e0s Crian\u00e7as \u00f3rf\u00e3s, de m\u00e3es mortas, pela brutalidade da Covid-19 ou da viol\u00eancia dos Feminic\u00eddios. E \u00e0s Crian\u00e7as \u00f3rf\u00e3s de m\u00e3es vivas. Milhares. V\u00edtimas invisibilizadas da perversidade da lei de aliena\u00e7\u00e3o parental. A elas, toda a minha admira\u00e7\u00e3o e homenagem pela for\u00e7a que t\u00eam.<br>Queria ter me mantido no romance do Natal, mas n\u00e3o consigo fechar os olhos para a dor destas crian\u00e7as. N\u00e3o d\u00e1. Sermos honestos, \u00e9 preciso. Feliz poss\u00edvel Natal para estas Crian\u00e7as. Elas t\u00eam uma enorme capacidade de se adaptar, e at\u00e9 aproveitam o tanto que podem.<\/p>\n","protected":false},"excerpt":{"rendered":"<p>Decidimos interromper nossa S\u00e9rie sobre \u201cEstragos permanentes da priva\u00e7\u00e3o Materna Judicial pela acusa\u00e7\u00e3o de aliena\u00e7\u00e3o parental\u201d. Retomaremos ao tema na 1\u00aa semana de janeiro, depois de nosso recesso de final de ano.\u00c9 Natal! Apesar de ser uma festa religiosa, o Natal contagia a todos, crentes de todos os credos, e ateus. Tornou-se uma festa da [&hellip;]<\/p>\n","protected":false},"author":8,"featured_media":12609,"comment_status":"open","ping_status":"open","sticky":false,"template":"","format":"standard","meta":{"footnotes":""},"categories":[2522],"tags":[3530,670,342,328,6459],"class_list":["post-12607","post","type-post","status-publish","format-standard","has-post-thumbnail","hentry","category-comportamento","tag-alegria","tag-criancas","tag-empatia","tag-feminicidio","tag-natal"],"yoast_head":"<!-- This site is optimized with the Yoast SEO plugin v26.5 - https:\/\/yoast.com\/wordpress\/plugins\/seo\/ -->\n<title>Crian\u00e7as: chegou o Natal! - Jornal Fatos e Not\u00edcias<\/title>\n<meta name=\"robots\" content=\"index, follow, max-snippet:-1, max-image-preview:large, max-video-preview:-1\" \/>\n<link rel=\"canonical\" href=\"https:\/\/jornalfatosenoticias.com.br\/index.php\/2020\/12\/17\/criancas-chegou-o-natal\/\" \/>\n<meta property=\"og:locale\" content=\"pt_BR\" \/>\n<meta property=\"og:type\" content=\"article\" \/>\n<meta property=\"og:title\" content=\"Crian\u00e7as: chegou o Natal! - Jornal Fatos e Not\u00edcias\" \/>\n<meta property=\"og:description\" content=\"Decidimos interromper nossa S\u00e9rie sobre \u201cEstragos permanentes da priva\u00e7\u00e3o Materna Judicial pela acusa\u00e7\u00e3o de aliena\u00e7\u00e3o parental\u201d. Retomaremos ao tema na 1\u00aa semana de janeiro, depois de nosso recesso de final de ano.\u00c9 Natal! Apesar de ser uma festa religiosa, o Natal contagia a todos, crentes de todos os credos, e ateus. Tornou-se uma festa da [&hellip;]\" \/>\n<meta property=\"og:url\" content=\"https:\/\/jornalfatosenoticias.com.br\/index.php\/2020\/12\/17\/criancas-chegou-o-natal\/\" \/>\n<meta property=\"og:site_name\" content=\"Jornal Fatos e Not\u00edcias\" \/>\n<meta property=\"article:published_time\" content=\"2020-12-17T21:29:38+00:00\" \/>\n<meta property=\"article:modified_time\" content=\"2020-12-17T21:29:42+00:00\" \/>\n<meta property=\"og:image\" content=\"https:\/\/jornalfatosenoticias.com.br\/wp-content\/uploads\/2020\/12\/menina-e-boneca_natal.jpg\" \/>\n\t<meta property=\"og:image:width\" content=\"1000\" \/>\n\t<meta property=\"og:image:height\" content=\"634\" \/>\n\t<meta property=\"og:image:type\" content=\"image\/jpeg\" \/>\n<meta name=\"author\" content=\"Ana Maria Iencarelli\" \/>\n<meta name=\"twitter:card\" content=\"summary_large_image\" \/>\n<meta name=\"twitter:label1\" content=\"Escrito por\" \/>\n\t<meta name=\"twitter:data1\" content=\"Ana Maria Iencarelli\" \/>\n\t<meta name=\"twitter:label2\" content=\"Est. tempo de leitura\" \/>\n\t<meta name=\"twitter:data2\" content=\"4 minutos\" \/>\n<script type=\"application\/ld+json\" class=\"yoast-schema-graph\">{\"@context\":\"https:\/\/schema.org\",\"@graph\":[{\"@type\":\"Article\",\"@id\":\"https:\/\/jornalfatosenoticias.com.br\/index.php\/2020\/12\/17\/criancas-chegou-o-natal\/#article\",\"isPartOf\":{\"@id\":\"https:\/\/jornalfatosenoticias.com.br\/index.php\/2020\/12\/17\/criancas-chegou-o-natal\/\"},\"author\":{\"name\":\"Ana Maria Iencarelli\",\"@id\":\"https:\/\/jornalfatosenoticias.com.br\/#\/schema\/person\/c33fcf5fb02d729d3fec92c6737a22d1\"},\"headline\":\"Crian\u00e7as: chegou o Natal!\",\"datePublished\":\"2020-12-17T21:29:38+00:00\",\"dateModified\":\"2020-12-17T21:29:42+00:00\",\"mainEntityOfPage\":{\"@id\":\"https:\/\/jornalfatosenoticias.com.br\/index.php\/2020\/12\/17\/criancas-chegou-o-natal\/\"},\"wordCount\":844,\"commentCount\":0,\"publisher\":{\"@id\":\"https:\/\/jornalfatosenoticias.com.br\/#organization\"},\"image\":{\"@id\":\"https:\/\/jornalfatosenoticias.com.br\/index.php\/2020\/12\/17\/criancas-chegou-o-natal\/#primaryimage\"},\"thumbnailUrl\":\"https:\/\/jornalfatosenoticias.com.br\/wp-content\/uploads\/2020\/12\/menina-e-boneca_natal.jpg\",\"keywords\":[\"alegria\",\"crian\u00e7as\",\"empatia\",\"feminic\u00eddio\",\"Natal\"],\"articleSection\":[\"Comportamento &amp; Equil\u00edbrio\"],\"inLanguage\":\"pt-BR\",\"potentialAction\":[{\"@type\":\"CommentAction\",\"name\":\"Comment\",\"target\":[\"https:\/\/jornalfatosenoticias.com.br\/index.php\/2020\/12\/17\/criancas-chegou-o-natal\/#respond\"]}]},{\"@type\":\"WebPage\",\"@id\":\"https:\/\/jornalfatosenoticias.com.br\/index.php\/2020\/12\/17\/criancas-chegou-o-natal\/\",\"url\":\"https:\/\/jornalfatosenoticias.com.br\/index.php\/2020\/12\/17\/criancas-chegou-o-natal\/\",\"name\":\"Crian\u00e7as: chegou o Natal! - Jornal Fatos e Not\u00edcias\",\"isPartOf\":{\"@id\":\"https:\/\/jornalfatosenoticias.com.br\/#website\"},\"primaryImageOfPage\":{\"@id\":\"https:\/\/jornalfatosenoticias.com.br\/index.php\/2020\/12\/17\/criancas-chegou-o-natal\/#primaryimage\"},\"image\":{\"@id\":\"https:\/\/jornalfatosenoticias.com.br\/index.php\/2020\/12\/17\/criancas-chegou-o-natal\/#primaryimage\"},\"thumbnailUrl\":\"https:\/\/jornalfatosenoticias.com.br\/wp-content\/uploads\/2020\/12\/menina-e-boneca_natal.jpg\",\"datePublished\":\"2020-12-17T21:29:38+00:00\",\"dateModified\":\"2020-12-17T21:29:42+00:00\",\"breadcrumb\":{\"@id\":\"https:\/\/jornalfatosenoticias.com.br\/index.php\/2020\/12\/17\/criancas-chegou-o-natal\/#breadcrumb\"},\"inLanguage\":\"pt-BR\",\"potentialAction\":[{\"@type\":\"ReadAction\",\"target\":[\"https:\/\/jornalfatosenoticias.com.br\/index.php\/2020\/12\/17\/criancas-chegou-o-natal\/\"]}]},{\"@type\":\"ImageObject\",\"inLanguage\":\"pt-BR\",\"@id\":\"https:\/\/jornalfatosenoticias.com.br\/index.php\/2020\/12\/17\/criancas-chegou-o-natal\/#primaryimage\",\"url\":\"https:\/\/jornalfatosenoticias.com.br\/wp-content\/uploads\/2020\/12\/menina-e-boneca_natal.jpg\",\"contentUrl\":\"https:\/\/jornalfatosenoticias.com.br\/wp-content\/uploads\/2020\/12\/menina-e-boneca_natal.jpg\",\"width\":1000,\"height\":634},{\"@type\":\"BreadcrumbList\",\"@id\":\"https:\/\/jornalfatosenoticias.com.br\/index.php\/2020\/12\/17\/criancas-chegou-o-natal\/#breadcrumb\",\"itemListElement\":[{\"@type\":\"ListItem\",\"position\":1,\"name\":\"In\u00edcio\",\"item\":\"https:\/\/jornalfatosenoticias.com.br\/\"},{\"@type\":\"ListItem\",\"position\":2,\"name\":\"Crian\u00e7as: chegou o Natal!\"}]},{\"@type\":\"WebSite\",\"@id\":\"https:\/\/jornalfatosenoticias.com.br\/#website\",\"url\":\"https:\/\/jornalfatosenoticias.com.br\/\",\"name\":\"Jornal Fatos e Not\u00edcias\",\"description\":\"Not\u00edcias em geral\",\"publisher\":{\"@id\":\"https:\/\/jornalfatosenoticias.com.br\/#organization\"},\"potentialAction\":[{\"@type\":\"SearchAction\",\"target\":{\"@type\":\"EntryPoint\",\"urlTemplate\":\"https:\/\/jornalfatosenoticias.com.br\/?s={search_term_string}\"},\"query-input\":{\"@type\":\"PropertyValueSpecification\",\"valueRequired\":true,\"valueName\":\"search_term_string\"}}],\"inLanguage\":\"pt-BR\"},{\"@type\":\"Organization\",\"@id\":\"https:\/\/jornalfatosenoticias.com.br\/#organization\",\"name\":\"Jornal Fatos e Not\u00edcias\",\"url\":\"https:\/\/jornalfatosenoticias.com.br\/\",\"logo\":{\"@type\":\"ImageObject\",\"inLanguage\":\"pt-BR\",\"@id\":\"https:\/\/jornalfatosenoticias.com.br\/#\/schema\/logo\/image\/\",\"url\":\"https:\/\/jornalfatosenoticias.com.br\/wp-content\/uploads\/2020\/02\/logo120.png\",\"contentUrl\":\"https:\/\/jornalfatosenoticias.com.br\/wp-content\/uploads\/2020\/02\/logo120.png\",\"width\":1227,\"height\":120,\"caption\":\"Jornal Fatos e Not\u00edcias\"},\"image\":{\"@id\":\"https:\/\/jornalfatosenoticias.com.br\/#\/schema\/logo\/image\/\"}},{\"@type\":\"Person\",\"@id\":\"https:\/\/jornalfatosenoticias.com.br\/#\/schema\/person\/c33fcf5fb02d729d3fec92c6737a22d1\",\"name\":\"Ana Maria Iencarelli\",\"image\":{\"@type\":\"ImageObject\",\"inLanguage\":\"pt-BR\",\"@id\":\"https:\/\/jornalfatosenoticias.com.br\/#\/schema\/person\/image\/\",\"url\":\"https:\/\/jornalfatosenoticias.com.br\/wp-content\/uploads\/2020\/02\/Ana-Maria-Iencarelli-1-150x150.jpg\",\"contentUrl\":\"https:\/\/jornalfatosenoticias.com.br\/wp-content\/uploads\/2020\/02\/Ana-Maria-Iencarelli-1-150x150.jpg\",\"caption\":\"Ana Maria Iencarelli\"},\"description\":\"Psicanalista Cl\u00ednica, especializada no atendimento a Crian\u00e7as e Adolescentes. Presidente da ONG Vozes de Anjos.\",\"url\":\"https:\/\/jornalfatosenoticias.com.br\/index.php\/author\/anamaria\/\"}]}<\/script>\n<!-- \/ Yoast SEO plugin. -->","yoast_head_json":{"title":"Crian\u00e7as: chegou o Natal! - Jornal Fatos e Not\u00edcias","robots":{"index":"index","follow":"follow","max-snippet":"max-snippet:-1","max-image-preview":"max-image-preview:large","max-video-preview":"max-video-preview:-1"},"canonical":"https:\/\/jornalfatosenoticias.com.br\/index.php\/2020\/12\/17\/criancas-chegou-o-natal\/","og_locale":"pt_BR","og_type":"article","og_title":"Crian\u00e7as: chegou o Natal! - Jornal Fatos e Not\u00edcias","og_description":"Decidimos interromper nossa S\u00e9rie sobre \u201cEstragos permanentes da priva\u00e7\u00e3o Materna Judicial pela acusa\u00e7\u00e3o de aliena\u00e7\u00e3o parental\u201d. Retomaremos ao tema na 1\u00aa semana de janeiro, depois de nosso recesso de final de ano.\u00c9 Natal! Apesar de ser uma festa religiosa, o Natal contagia a todos, crentes de todos os credos, e ateus. Tornou-se uma festa da [&hellip;]","og_url":"https:\/\/jornalfatosenoticias.com.br\/index.php\/2020\/12\/17\/criancas-chegou-o-natal\/","og_site_name":"Jornal Fatos e Not\u00edcias","article_published_time":"2020-12-17T21:29:38+00:00","article_modified_time":"2020-12-17T21:29:42+00:00","og_image":[{"width":1000,"height":634,"url":"https:\/\/jornalfatosenoticias.com.br\/wp-content\/uploads\/2020\/12\/menina-e-boneca_natal.jpg","type":"image\/jpeg"}],"author":"Ana Maria Iencarelli","twitter_card":"summary_large_image","twitter_misc":{"Escrito por":"Ana Maria Iencarelli","Est. tempo de leitura":"4 minutos"},"schema":{"@context":"https:\/\/schema.org","@graph":[{"@type":"Article","@id":"https:\/\/jornalfatosenoticias.com.br\/index.php\/2020\/12\/17\/criancas-chegou-o-natal\/#article","isPartOf":{"@id":"https:\/\/jornalfatosenoticias.com.br\/index.php\/2020\/12\/17\/criancas-chegou-o-natal\/"},"author":{"name":"Ana Maria Iencarelli","@id":"https:\/\/jornalfatosenoticias.com.br\/#\/schema\/person\/c33fcf5fb02d729d3fec92c6737a22d1"},"headline":"Crian\u00e7as: chegou o Natal!","datePublished":"2020-12-17T21:29:38+00:00","dateModified":"2020-12-17T21:29:42+00:00","mainEntityOfPage":{"@id":"https:\/\/jornalfatosenoticias.com.br\/index.php\/2020\/12\/17\/criancas-chegou-o-natal\/"},"wordCount":844,"commentCount":0,"publisher":{"@id":"https:\/\/jornalfatosenoticias.com.br\/#organization"},"image":{"@id":"https:\/\/jornalfatosenoticias.com.br\/index.php\/2020\/12\/17\/criancas-chegou-o-natal\/#primaryimage"},"thumbnailUrl":"https:\/\/jornalfatosenoticias.com.br\/wp-content\/uploads\/2020\/12\/menina-e-boneca_natal.jpg","keywords":["alegria","crian\u00e7as","empatia","feminic\u00eddio","Natal"],"articleSection":["Comportamento &amp; Equil\u00edbrio"],"inLanguage":"pt-BR","potentialAction":[{"@type":"CommentAction","name":"Comment","target":["https:\/\/jornalfatosenoticias.com.br\/index.php\/2020\/12\/17\/criancas-chegou-o-natal\/#respond"]}]},{"@type":"WebPage","@id":"https:\/\/jornalfatosenoticias.com.br\/index.php\/2020\/12\/17\/criancas-chegou-o-natal\/","url":"https:\/\/jornalfatosenoticias.com.br\/index.php\/2020\/12\/17\/criancas-chegou-o-natal\/","name":"Crian\u00e7as: chegou o Natal! - Jornal Fatos e Not\u00edcias","isPartOf":{"@id":"https:\/\/jornalfatosenoticias.com.br\/#website"},"primaryImageOfPage":{"@id":"https:\/\/jornalfatosenoticias.com.br\/index.php\/2020\/12\/17\/criancas-chegou-o-natal\/#primaryimage"},"image":{"@id":"https:\/\/jornalfatosenoticias.com.br\/index.php\/2020\/12\/17\/criancas-chegou-o-natal\/#primaryimage"},"thumbnailUrl":"https:\/\/jornalfatosenoticias.com.br\/wp-content\/uploads\/2020\/12\/menina-e-boneca_natal.jpg","datePublished":"2020-12-17T21:29:38+00:00","dateModified":"2020-12-17T21:29:42+00:00","breadcrumb":{"@id":"https:\/\/jornalfatosenoticias.com.br\/index.php\/2020\/12\/17\/criancas-chegou-o-natal\/#breadcrumb"},"inLanguage":"pt-BR","potentialAction":[{"@type":"ReadAction","target":["https:\/\/jornalfatosenoticias.com.br\/index.php\/2020\/12\/17\/criancas-chegou-o-natal\/"]}]},{"@type":"ImageObject","inLanguage":"pt-BR","@id":"https:\/\/jornalfatosenoticias.com.br\/index.php\/2020\/12\/17\/criancas-chegou-o-natal\/#primaryimage","url":"https:\/\/jornalfatosenoticias.com.br\/wp-content\/uploads\/2020\/12\/menina-e-boneca_natal.jpg","contentUrl":"https:\/\/jornalfatosenoticias.com.br\/wp-content\/uploads\/2020\/12\/menina-e-boneca_natal.jpg","width":1000,"height":634},{"@type":"BreadcrumbList","@id":"https:\/\/jornalfatosenoticias.com.br\/index.php\/2020\/12\/17\/criancas-chegou-o-natal\/#breadcrumb","itemListElement":[{"@type":"ListItem","position":1,"name":"In\u00edcio","item":"https:\/\/jornalfatosenoticias.com.br\/"},{"@type":"ListItem","position":2,"name":"Crian\u00e7as: chegou o Natal!"}]},{"@type":"WebSite","@id":"https:\/\/jornalfatosenoticias.com.br\/#website","url":"https:\/\/jornalfatosenoticias.com.br\/","name":"Jornal Fatos e Not\u00edcias","description":"Not\u00edcias em geral","publisher":{"@id":"https:\/\/jornalfatosenoticias.com.br\/#organization"},"potentialAction":[{"@type":"SearchAction","target":{"@type":"EntryPoint","urlTemplate":"https:\/\/jornalfatosenoticias.com.br\/?s={search_term_string}"},"query-input":{"@type":"PropertyValueSpecification","valueRequired":true,"valueName":"search_term_string"}}],"inLanguage":"pt-BR"},{"@type":"Organization","@id":"https:\/\/jornalfatosenoticias.com.br\/#organization","name":"Jornal Fatos e Not\u00edcias","url":"https:\/\/jornalfatosenoticias.com.br\/","logo":{"@type":"ImageObject","inLanguage":"pt-BR","@id":"https:\/\/jornalfatosenoticias.com.br\/#\/schema\/logo\/image\/","url":"https:\/\/jornalfatosenoticias.com.br\/wp-content\/uploads\/2020\/02\/logo120.png","contentUrl":"https:\/\/jornalfatosenoticias.com.br\/wp-content\/uploads\/2020\/02\/logo120.png","width":1227,"height":120,"caption":"Jornal Fatos e Not\u00edcias"},"image":{"@id":"https:\/\/jornalfatosenoticias.com.br\/#\/schema\/logo\/image\/"}},{"@type":"Person","@id":"https:\/\/jornalfatosenoticias.com.br\/#\/schema\/person\/c33fcf5fb02d729d3fec92c6737a22d1","name":"Ana Maria Iencarelli","image":{"@type":"ImageObject","inLanguage":"pt-BR","@id":"https:\/\/jornalfatosenoticias.com.br\/#\/schema\/person\/image\/","url":"https:\/\/jornalfatosenoticias.com.br\/wp-content\/uploads\/2020\/02\/Ana-Maria-Iencarelli-1-150x150.jpg","contentUrl":"https:\/\/jornalfatosenoticias.com.br\/wp-content\/uploads\/2020\/02\/Ana-Maria-Iencarelli-1-150x150.jpg","caption":"Ana Maria Iencarelli"},"description":"Psicanalista Cl\u00ednica, especializada no atendimento a Crian\u00e7as e Adolescentes. Presidente da ONG Vozes de Anjos.","url":"https:\/\/jornalfatosenoticias.com.br\/index.php\/author\/anamaria\/"}]}},"cc_featured_image_caption":{"caption_text":"(Foto: Jorge Henrique\/ASN) \r\n","source_text":"","source_url":""},"jetpack_featured_media_url":"https:\/\/jornalfatosenoticias.com.br\/wp-content\/uploads\/2020\/12\/menina-e-boneca_natal.jpg","_links":{"self":[{"href":"https:\/\/jornalfatosenoticias.com.br\/index.php\/wp-json\/wp\/v2\/posts\/12607","targetHints":{"allow":["GET"]}}],"collection":[{"href":"https:\/\/jornalfatosenoticias.com.br\/index.php\/wp-json\/wp\/v2\/posts"}],"about":[{"href":"https:\/\/jornalfatosenoticias.com.br\/index.php\/wp-json\/wp\/v2\/types\/post"}],"author":[{"embeddable":true,"href":"https:\/\/jornalfatosenoticias.com.br\/index.php\/wp-json\/wp\/v2\/users\/8"}],"replies":[{"embeddable":true,"href":"https:\/\/jornalfatosenoticias.com.br\/index.php\/wp-json\/wp\/v2\/comments?post=12607"}],"version-history":[{"count":0,"href":"https:\/\/jornalfatosenoticias.com.br\/index.php\/wp-json\/wp\/v2\/posts\/12607\/revisions"}],"wp:featuredmedia":[{"embeddable":true,"href":"https:\/\/jornalfatosenoticias.com.br\/index.php\/wp-json\/wp\/v2\/media\/12609"}],"wp:attachment":[{"href":"https:\/\/jornalfatosenoticias.com.br\/index.php\/wp-json\/wp\/v2\/media?parent=12607"}],"wp:term":[{"taxonomy":"category","embeddable":true,"href":"https:\/\/jornalfatosenoticias.com.br\/index.php\/wp-json\/wp\/v2\/categories?post=12607"},{"taxonomy":"post_tag","embeddable":true,"href":"https:\/\/jornalfatosenoticias.com.br\/index.php\/wp-json\/wp\/v2\/tags?post=12607"}],"curies":[{"name":"wp","href":"https:\/\/api.w.org\/{rel}","templated":true}]}}