{"id":12628,"date":"2020-12-18T09:51:22","date_gmt":"2020-12-18T12:51:22","guid":{"rendered":"https:\/\/jornalfatosenoticias.com.br\/?p=12628"},"modified":"2020-12-18T09:51:27","modified_gmt":"2020-12-18T12:51:27","slug":"saude-na-serra-so-faltam-fechar-o-caixao","status":"publish","type":"post","link":"https:\/\/jornalfatosenoticias.com.br\/index.php\/2020\/12\/18\/saude-na-serra-so-faltam-fechar-o-caixao\/","title":{"rendered":"Sa\u00fade na Serra, s\u00f3 faltam fechar o caix\u00e3o"},"content":{"rendered":"\n<p>A atual administra\u00e7\u00e3o p\u00fablica do munic\u00edpio est\u00e1 fechando 2020 com \u2018chave de ouro\u2019, pra n\u00e3o dizer o contr\u00e1rio. Apesar de n\u00e3o ser novidade, o que est\u00e1 acontecendo em v\u00e1rios postos de sa\u00fade retrata muito bem o que a popula\u00e7\u00e3o vem sofrendo nesses \u00faltimos anos. Den\u00fancias feitas por moradores da comunidade de Barro Branco e bairros adjacentes relatam que os funcion\u00e1rios n\u00e3o est\u00e3o chegando no hor\u00e1rio que deveriam, sete horas, al\u00e9m disso, tem o agravante de que muitos m\u00e9dicos est\u00e3o de f\u00e9rias, comprometendo ainda mais o atendimento. O pior \u00e9 que eles n\u00e3o s\u00e3o substitu\u00eddos, como deveriam, pela Secretaria Municipal de Sa\u00fade (Sesa).<br>Uma moradora de Barro Branco que preferiu n\u00e3o se identificar disse que tinha uma avalia\u00e7\u00e3o com a enfermeira, mas foi informada de que a necessidade de se consultar com um m\u00e9dico n\u00e3o seria poss\u00edvel e teria que retornar \u00e0 tarde.<br>Revoltada com o descaso, a moradora disse que \u00e9 constrangedor e muito vergonhoso. Pagamos nossos impostos para termos o m\u00ednimo de respeito. \u201cFotografei e enviei as imagens para a reda\u00e7\u00e3o do jornal Fatos &amp; Not\u00edcias porque sabia que seria ouvida\u201d, disse a moradora.<br>Segundo a den\u00fancia, a situa\u00e7\u00e3o nas depend\u00eancias da unidade \u00e9 lamentavelmente grav\u00edssima e os usu\u00e1rios correm s\u00e9rios riscos de se machucarem, pois h\u00e1 fios expostos, bancos quebrados e uma s\u00e9rie de outros problemas.<\/p>\n\n\n\n<div class=\"wp-block-jetpack-slideshow aligncenter\" data-effect=\"slide\"><div class=\"wp-block-jetpack-slideshow_container swiper-container\"><ul class=\"wp-block-jetpack-slideshow_swiper-wrapper swiper-wrapper\"><li class=\"wp-block-jetpack-slideshow_slide swiper-slide\"><figure><img loading=\"lazy\" decoding=\"async\" width=\"562\" height=\"1000\" alt=\"\" class=\"wp-block-jetpack-slideshow_image wp-image-12630\" data-id=\"12630\" src=\"https:\/\/jornalfatosenoticias.com.br\/wp-content\/uploads\/2020\/12\/Branco-01.jpg\" srcset=\"https:\/\/jornalfatosenoticias.com.br\/wp-content\/uploads\/2020\/12\/Branco-01.jpg 562w, https:\/\/jornalfatosenoticias.com.br\/wp-content\/uploads\/2020\/12\/Branco-01-169x300.jpg 169w\" sizes=\"auto, (max-width: 562px) 100vw, 562px\" \/><figcaption class=\"wp-block-jetpack-slideshow_caption gallery-caption\">Unidade de Sa\u00fade de Barro Branco totalmente abandonada, assim como em v\u00e1rios bairros da Serra (Fotos: Divulga\u00e7\u00e3o\/Leitor)<\/figcaption><\/figure><\/li><li class=\"wp-block-jetpack-slideshow_slide swiper-slide\"><figure><img loading=\"lazy\" decoding=\"async\" width=\"598\" height=\"1000\" alt=\"\" class=\"wp-block-jetpack-slideshow_image wp-image-12631\" data-id=\"12631\" src=\"https:\/\/jornalfatosenoticias.com.br\/wp-content\/uploads\/2020\/12\/Branco-02.jpg\" srcset=\"https:\/\/jornalfatosenoticias.com.br\/wp-content\/uploads\/2020\/12\/Branco-02.jpg 598w, https:\/\/jornalfatosenoticias.com.br\/wp-content\/uploads\/2020\/12\/Branco-02-179x300.jpg 179w\" sizes=\"auto, (max-width: 598px) 100vw, 598px\" \/><\/figure><\/li><li class=\"wp-block-jetpack-slideshow_slide swiper-slide\"><figure><img loading=\"lazy\" decoding=\"async\" width=\"655\" height=\"1000\" alt=\"\" class=\"wp-block-jetpack-slideshow_image wp-image-12632\" data-id=\"12632\" src=\"https:\/\/jornalfatosenoticias.com.br\/wp-content\/uploads\/2020\/12\/Branco-03.jpg\" srcset=\"https:\/\/jornalfatosenoticias.com.br\/wp-content\/uploads\/2020\/12\/Branco-03.jpg 655w, https:\/\/jornalfatosenoticias.com.br\/wp-content\/uploads\/2020\/12\/Branco-03-197x300.jpg 197w\" sizes=\"auto, (max-width: 655px) 100vw, 655px\" \/><\/figure><\/li><li class=\"wp-block-jetpack-slideshow_slide swiper-slide\"><figure><img loading=\"lazy\" decoding=\"async\" width=\"562\" height=\"1000\" alt=\"\" class=\"wp-block-jetpack-slideshow_image wp-image-12633\" data-id=\"12633\" src=\"https:\/\/jornalfatosenoticias.com.br\/wp-content\/uploads\/2020\/12\/Branco-04.jpg\" srcset=\"https:\/\/jornalfatosenoticias.com.br\/wp-content\/uploads\/2020\/12\/Branco-04.jpg 562w, https:\/\/jornalfatosenoticias.com.br\/wp-content\/uploads\/2020\/12\/Branco-04-169x300.jpg 169w\" sizes=\"auto, (max-width: 562px) 100vw, 562px\" \/><\/figure><\/li><li class=\"wp-block-jetpack-slideshow_slide swiper-slide\"><figure><img loading=\"lazy\" decoding=\"async\" width=\"562\" height=\"1000\" alt=\"\" class=\"wp-block-jetpack-slideshow_image wp-image-12634\" data-id=\"12634\" src=\"https:\/\/jornalfatosenoticias.com.br\/wp-content\/uploads\/2020\/12\/Branco-05.jpg\" srcset=\"https:\/\/jornalfatosenoticias.com.br\/wp-content\/uploads\/2020\/12\/Branco-05.jpg 562w, https:\/\/jornalfatosenoticias.com.br\/wp-content\/uploads\/2020\/12\/Branco-05-169x300.jpg 169w\" sizes=\"auto, (max-width: 562px) 100vw, 562px\" \/><\/figure><\/li><\/ul><a class=\"wp-block-jetpack-slideshow_button-prev swiper-button-prev swiper-button-white\" role=\"button\"><\/a><a class=\"wp-block-jetpack-slideshow_button-next swiper-button-next swiper-button-white\" role=\"button\"><\/a><a aria-label=\"Pause Slideshow\" class=\"wp-block-jetpack-slideshow_button-pause\" role=\"button\"><\/a><div class=\"wp-block-jetpack-slideshow_pagination swiper-pagination swiper-pagination-white\"><\/div><\/div><\/div>\n\n\n\n<p>\u201cOs banheiros n\u00e3o t\u00eam suporte para papel higi\u00eanico, sujeira embaixo dos arm\u00e1rios, corredor com material de gin\u00e1stica sobre arm\u00e1rios prec\u00e1rios, lixeira pr\u00f3xima de bebedouro, bancos quebrados na recep\u00e7\u00e3o, pontos de energia com fios expostos, material de uso pessoal exposto em corredores, corredores sem ventiladores porque foram retirados e, para piorar ainda mais a situa\u00e7\u00e3o, o p\u00e9ssimo atendimento dos funcion\u00e1rios terceirizados. Tudo fora dos padr\u00f5es m\u00ednimos exigidos pela Vigil\u00e2ncia Sanit\u00e1ria. N\u00e3o consigo entender, o munic\u00edpio tem arrecada\u00e7\u00e3o suficiente para termos um sistema de sa\u00fade perfeito, mas n\u00e3o acontece, por qu\u00ea?\u201d, questionou desolada a moradora.<\/p>\n","protected":false},"excerpt":{"rendered":"<p>A atual administra\u00e7\u00e3o p\u00fablica do munic\u00edpio est\u00e1 fechando 2020 com \u2018chave de ouro\u2019, pra n\u00e3o dizer o contr\u00e1rio. Apesar de n\u00e3o ser novidade, o que est\u00e1 acontecendo em v\u00e1rios postos de sa\u00fade retrata muito bem o que a popula\u00e7\u00e3o vem sofrendo nesses \u00faltimos anos. Den\u00fancias feitas por moradores da comunidade de Barro Branco e bairros [&hellip;]<\/p>\n","protected":false},"author":3,"featured_media":12629,"comment_status":"open","ping_status":"open","sticky":false,"template":"","format":"standard","meta":{"footnotes":""},"categories":[10],"tags":[4186,5795,4566,910],"class_list":["post-12628","post","type-post","status-publish","format-standard","has-post-thumbnail","hentry","category-politica","tag-denuncia","tag-descaso-com-a-saude-publica","tag-descaso-poder-publico","tag-serra"],"yoast_head":"<!-- This site is optimized with the Yoast SEO plugin v26.5 - https:\/\/yoast.com\/wordpress\/plugins\/seo\/ -->\n<title>Sa\u00fade na Serra, s\u00f3 faltam fechar o caix\u00e3o - Jornal Fatos e Not\u00edcias<\/title>\n<meta name=\"robots\" content=\"index, follow, max-snippet:-1, max-image-preview:large, max-video-preview:-1\" \/>\n<link rel=\"canonical\" href=\"https:\/\/jornalfatosenoticias.com.br\/index.php\/2020\/12\/18\/saude-na-serra-so-faltam-fechar-o-caixao\/\" \/>\n<meta property=\"og:locale\" content=\"pt_BR\" \/>\n<meta property=\"og:type\" content=\"article\" \/>\n<meta property=\"og:title\" content=\"Sa\u00fade na Serra, s\u00f3 faltam fechar o caix\u00e3o - Jornal Fatos e Not\u00edcias\" \/>\n<meta property=\"og:description\" content=\"A atual administra\u00e7\u00e3o p\u00fablica do munic\u00edpio est\u00e1 fechando 2020 com \u2018chave de ouro\u2019, pra n\u00e3o dizer o contr\u00e1rio. Apesar de n\u00e3o ser novidade, o que est\u00e1 acontecendo em v\u00e1rios postos de sa\u00fade retrata muito bem o que a popula\u00e7\u00e3o vem sofrendo nesses \u00faltimos anos. Den\u00fancias feitas por moradores da comunidade de Barro Branco e bairros [&hellip;]\" \/>\n<meta property=\"og:url\" content=\"https:\/\/jornalfatosenoticias.com.br\/index.php\/2020\/12\/18\/saude-na-serra-so-faltam-fechar-o-caixao\/\" \/>\n<meta property=\"og:site_name\" content=\"Jornal Fatos e Not\u00edcias\" \/>\n<meta property=\"article:published_time\" content=\"2020-12-18T12:51:22+00:00\" \/>\n<meta property=\"article:modified_time\" content=\"2020-12-18T12:51:27+00:00\" \/>\n<meta property=\"og:image\" content=\"https:\/\/jornalfatosenoticias.com.br\/wp-content\/uploads\/2020\/12\/Branco_capa.jpg\" \/>\n\t<meta property=\"og:image:width\" content=\"1000\" \/>\n\t<meta property=\"og:image:height\" content=\"587\" \/>\n\t<meta property=\"og:image:type\" content=\"image\/jpeg\" \/>\n<meta name=\"author\" content=\"Haroldo Filho\" \/>\n<meta name=\"twitter:card\" content=\"summary_large_image\" \/>\n<meta name=\"twitter:label1\" content=\"Escrito por\" \/>\n\t<meta name=\"twitter:data1\" content=\"Haroldo Filho\" \/>\n\t<meta name=\"twitter:label2\" content=\"Est. tempo de leitura\" \/>\n\t<meta name=\"twitter:data2\" content=\"2 minutos\" \/>\n<script type=\"application\/ld+json\" class=\"yoast-schema-graph\">{\"@context\":\"https:\/\/schema.org\",\"@graph\":[{\"@type\":\"Article\",\"@id\":\"https:\/\/jornalfatosenoticias.com.br\/index.php\/2020\/12\/18\/saude-na-serra-so-faltam-fechar-o-caixao\/#article\",\"isPartOf\":{\"@id\":\"https:\/\/jornalfatosenoticias.com.br\/index.php\/2020\/12\/18\/saude-na-serra-so-faltam-fechar-o-caixao\/\"},\"author\":{\"name\":\"Haroldo Filho\",\"@id\":\"https:\/\/jornalfatosenoticias.com.br\/#\/schema\/person\/05c46cc25b42a5c27e004fb0fa6b4965\"},\"headline\":\"Sa\u00fade na Serra, s\u00f3 faltam fechar o caix\u00e3o\",\"datePublished\":\"2020-12-18T12:51:22+00:00\",\"dateModified\":\"2020-12-18T12:51:27+00:00\",\"mainEntityOfPage\":{\"@id\":\"https:\/\/jornalfatosenoticias.com.br\/index.php\/2020\/12\/18\/saude-na-serra-so-faltam-fechar-o-caixao\/\"},\"wordCount\":395,\"commentCount\":0,\"publisher\":{\"@id\":\"https:\/\/jornalfatosenoticias.com.br\/#organization\"},\"image\":{\"@id\":\"https:\/\/jornalfatosenoticias.com.br\/index.php\/2020\/12\/18\/saude-na-serra-so-faltam-fechar-o-caixao\/#primaryimage\"},\"thumbnailUrl\":\"https:\/\/jornalfatosenoticias.com.br\/wp-content\/uploads\/2020\/12\/Branco_capa.jpg\",\"keywords\":[\"den\u00fancia\",\"descaso com a sa\u00fade p\u00fablica\",\"descaso poder p\u00fablico\",\"Serra\"],\"articleSection\":[\"Pol\u00edtica\"],\"inLanguage\":\"pt-BR\",\"potentialAction\":[{\"@type\":\"CommentAction\",\"name\":\"Comment\",\"target\":[\"https:\/\/jornalfatosenoticias.com.br\/index.php\/2020\/12\/18\/saude-na-serra-so-faltam-fechar-o-caixao\/#respond\"]}]},{\"@type\":\"WebPage\",\"@id\":\"https:\/\/jornalfatosenoticias.com.br\/index.php\/2020\/12\/18\/saude-na-serra-so-faltam-fechar-o-caixao\/\",\"url\":\"https:\/\/jornalfatosenoticias.com.br\/index.php\/2020\/12\/18\/saude-na-serra-so-faltam-fechar-o-caixao\/\",\"name\":\"Sa\u00fade na Serra, s\u00f3 faltam fechar o caix\u00e3o - Jornal Fatos e Not\u00edcias\",\"isPartOf\":{\"@id\":\"https:\/\/jornalfatosenoticias.com.br\/#website\"},\"primaryImageOfPage\":{\"@id\":\"https:\/\/jornalfatosenoticias.com.br\/index.php\/2020\/12\/18\/saude-na-serra-so-faltam-fechar-o-caixao\/#primaryimage\"},\"image\":{\"@id\":\"https:\/\/jornalfatosenoticias.com.br\/index.php\/2020\/12\/18\/saude-na-serra-so-faltam-fechar-o-caixao\/#primaryimage\"},\"thumbnailUrl\":\"https:\/\/jornalfatosenoticias.com.br\/wp-content\/uploads\/2020\/12\/Branco_capa.jpg\",\"datePublished\":\"2020-12-18T12:51:22+00:00\",\"dateModified\":\"2020-12-18T12:51:27+00:00\",\"breadcrumb\":{\"@id\":\"https:\/\/jornalfatosenoticias.com.br\/index.php\/2020\/12\/18\/saude-na-serra-so-faltam-fechar-o-caixao\/#breadcrumb\"},\"inLanguage\":\"pt-BR\",\"potentialAction\":[{\"@type\":\"ReadAction\",\"target\":[\"https:\/\/jornalfatosenoticias.com.br\/index.php\/2020\/12\/18\/saude-na-serra-so-faltam-fechar-o-caixao\/\"]}]},{\"@type\":\"ImageObject\",\"inLanguage\":\"pt-BR\",\"@id\":\"https:\/\/jornalfatosenoticias.com.br\/index.php\/2020\/12\/18\/saude-na-serra-so-faltam-fechar-o-caixao\/#primaryimage\",\"url\":\"https:\/\/jornalfatosenoticias.com.br\/wp-content\/uploads\/2020\/12\/Branco_capa.jpg\",\"contentUrl\":\"https:\/\/jornalfatosenoticias.com.br\/wp-content\/uploads\/2020\/12\/Branco_capa.jpg\",\"width\":1000,\"height\":587},{\"@type\":\"BreadcrumbList\",\"@id\":\"https:\/\/jornalfatosenoticias.com.br\/index.php\/2020\/12\/18\/saude-na-serra-so-faltam-fechar-o-caixao\/#breadcrumb\",\"itemListElement\":[{\"@type\":\"ListItem\",\"position\":1,\"name\":\"In\u00edcio\",\"item\":\"https:\/\/jornalfatosenoticias.com.br\/\"},{\"@type\":\"ListItem\",\"position\":2,\"name\":\"Sa\u00fade na Serra, s\u00f3 faltam fechar o caix\u00e3o\"}]},{\"@type\":\"WebSite\",\"@id\":\"https:\/\/jornalfatosenoticias.com.br\/#website\",\"url\":\"https:\/\/jornalfatosenoticias.com.br\/\",\"name\":\"Jornal Fatos e Not\u00edcias\",\"description\":\"Not\u00edcias em geral\",\"publisher\":{\"@id\":\"https:\/\/jornalfatosenoticias.com.br\/#organization\"},\"potentialAction\":[{\"@type\":\"SearchAction\",\"target\":{\"@type\":\"EntryPoint\",\"urlTemplate\":\"https:\/\/jornalfatosenoticias.com.br\/?s={search_term_string}\"},\"query-input\":{\"@type\":\"PropertyValueSpecification\",\"valueRequired\":true,\"valueName\":\"search_term_string\"}}],\"inLanguage\":\"pt-BR\"},{\"@type\":\"Organization\",\"@id\":\"https:\/\/jornalfatosenoticias.com.br\/#organization\",\"name\":\"Jornal Fatos e Not\u00edcias\",\"url\":\"https:\/\/jornalfatosenoticias.com.br\/\",\"logo\":{\"@type\":\"ImageObject\",\"inLanguage\":\"pt-BR\",\"@id\":\"https:\/\/jornalfatosenoticias.com.br\/#\/schema\/logo\/image\/\",\"url\":\"https:\/\/jornalfatosenoticias.com.br\/wp-content\/uploads\/2020\/02\/logo120.png\",\"contentUrl\":\"https:\/\/jornalfatosenoticias.com.br\/wp-content\/uploads\/2020\/02\/logo120.png\",\"width\":1227,\"height\":120,\"caption\":\"Jornal Fatos e Not\u00edcias\"},\"image\":{\"@id\":\"https:\/\/jornalfatosenoticias.com.br\/#\/schema\/logo\/image\/\"}},{\"@type\":\"Person\",\"@id\":\"https:\/\/jornalfatosenoticias.com.br\/#\/schema\/person\/05c46cc25b42a5c27e004fb0fa6b4965\",\"name\":\"Haroldo Filho\",\"image\":{\"@type\":\"ImageObject\",\"inLanguage\":\"pt-BR\",\"@id\":\"https:\/\/jornalfatosenoticias.com.br\/#\/schema\/person\/image\/\",\"url\":\"https:\/\/jornalfatosenoticias.com.br\/wp-content\/uploads\/2025\/08\/WhatsApp-Image-2025-08-18-at-15.30.28-150x150.jpeg\",\"contentUrl\":\"https:\/\/jornalfatosenoticias.com.br\/wp-content\/uploads\/2025\/08\/WhatsApp-Image-2025-08-18-at-15.30.28-150x150.jpeg\",\"caption\":\"Haroldo Filho\"},\"description\":\"Jornalista \u2013 DRT: 0003818\/ES Coordenador-geral da ONG Educar para Crescer\",\"url\":\"https:\/\/jornalfatosenoticias.com.br\/index.php\/author\/haroldo\/\"}]}<\/script>\n<!-- \/ Yoast SEO plugin. -->","yoast_head_json":{"title":"Sa\u00fade na Serra, s\u00f3 faltam fechar o caix\u00e3o - Jornal Fatos e Not\u00edcias","robots":{"index":"index","follow":"follow","max-snippet":"max-snippet:-1","max-image-preview":"max-image-preview:large","max-video-preview":"max-video-preview:-1"},"canonical":"https:\/\/jornalfatosenoticias.com.br\/index.php\/2020\/12\/18\/saude-na-serra-so-faltam-fechar-o-caixao\/","og_locale":"pt_BR","og_type":"article","og_title":"Sa\u00fade na Serra, s\u00f3 faltam fechar o caix\u00e3o - Jornal Fatos e Not\u00edcias","og_description":"A atual administra\u00e7\u00e3o p\u00fablica do munic\u00edpio est\u00e1 fechando 2020 com \u2018chave de ouro\u2019, pra n\u00e3o dizer o contr\u00e1rio. Apesar de n\u00e3o ser novidade, o que est\u00e1 acontecendo em v\u00e1rios postos de sa\u00fade retrata muito bem o que a popula\u00e7\u00e3o vem sofrendo nesses \u00faltimos anos. Den\u00fancias feitas por moradores da comunidade de Barro Branco e bairros [&hellip;]","og_url":"https:\/\/jornalfatosenoticias.com.br\/index.php\/2020\/12\/18\/saude-na-serra-so-faltam-fechar-o-caixao\/","og_site_name":"Jornal Fatos e Not\u00edcias","article_published_time":"2020-12-18T12:51:22+00:00","article_modified_time":"2020-12-18T12:51:27+00:00","og_image":[{"width":1000,"height":587,"url":"https:\/\/jornalfatosenoticias.com.br\/wp-content\/uploads\/2020\/12\/Branco_capa.jpg","type":"image\/jpeg"}],"author":"Haroldo Filho","twitter_card":"summary_large_image","twitter_misc":{"Escrito por":"Haroldo Filho","Est. tempo de leitura":"2 minutos"},"schema":{"@context":"https:\/\/schema.org","@graph":[{"@type":"Article","@id":"https:\/\/jornalfatosenoticias.com.br\/index.php\/2020\/12\/18\/saude-na-serra-so-faltam-fechar-o-caixao\/#article","isPartOf":{"@id":"https:\/\/jornalfatosenoticias.com.br\/index.php\/2020\/12\/18\/saude-na-serra-so-faltam-fechar-o-caixao\/"},"author":{"name":"Haroldo Filho","@id":"https:\/\/jornalfatosenoticias.com.br\/#\/schema\/person\/05c46cc25b42a5c27e004fb0fa6b4965"},"headline":"Sa\u00fade na Serra, s\u00f3 faltam fechar o caix\u00e3o","datePublished":"2020-12-18T12:51:22+00:00","dateModified":"2020-12-18T12:51:27+00:00","mainEntityOfPage":{"@id":"https:\/\/jornalfatosenoticias.com.br\/index.php\/2020\/12\/18\/saude-na-serra-so-faltam-fechar-o-caixao\/"},"wordCount":395,"commentCount":0,"publisher":{"@id":"https:\/\/jornalfatosenoticias.com.br\/#organization"},"image":{"@id":"https:\/\/jornalfatosenoticias.com.br\/index.php\/2020\/12\/18\/saude-na-serra-so-faltam-fechar-o-caixao\/#primaryimage"},"thumbnailUrl":"https:\/\/jornalfatosenoticias.com.br\/wp-content\/uploads\/2020\/12\/Branco_capa.jpg","keywords":["den\u00fancia","descaso com a sa\u00fade p\u00fablica","descaso poder p\u00fablico","Serra"],"articleSection":["Pol\u00edtica"],"inLanguage":"pt-BR","potentialAction":[{"@type":"CommentAction","name":"Comment","target":["https:\/\/jornalfatosenoticias.com.br\/index.php\/2020\/12\/18\/saude-na-serra-so-faltam-fechar-o-caixao\/#respond"]}]},{"@type":"WebPage","@id":"https:\/\/jornalfatosenoticias.com.br\/index.php\/2020\/12\/18\/saude-na-serra-so-faltam-fechar-o-caixao\/","url":"https:\/\/jornalfatosenoticias.com.br\/index.php\/2020\/12\/18\/saude-na-serra-so-faltam-fechar-o-caixao\/","name":"Sa\u00fade na Serra, s\u00f3 faltam fechar o caix\u00e3o - Jornal Fatos e Not\u00edcias","isPartOf":{"@id":"https:\/\/jornalfatosenoticias.com.br\/#website"},"primaryImageOfPage":{"@id":"https:\/\/jornalfatosenoticias.com.br\/index.php\/2020\/12\/18\/saude-na-serra-so-faltam-fechar-o-caixao\/#primaryimage"},"image":{"@id":"https:\/\/jornalfatosenoticias.com.br\/index.php\/2020\/12\/18\/saude-na-serra-so-faltam-fechar-o-caixao\/#primaryimage"},"thumbnailUrl":"https:\/\/jornalfatosenoticias.com.br\/wp-content\/uploads\/2020\/12\/Branco_capa.jpg","datePublished":"2020-12-18T12:51:22+00:00","dateModified":"2020-12-18T12:51:27+00:00","breadcrumb":{"@id":"https:\/\/jornalfatosenoticias.com.br\/index.php\/2020\/12\/18\/saude-na-serra-so-faltam-fechar-o-caixao\/#breadcrumb"},"inLanguage":"pt-BR","potentialAction":[{"@type":"ReadAction","target":["https:\/\/jornalfatosenoticias.com.br\/index.php\/2020\/12\/18\/saude-na-serra-so-faltam-fechar-o-caixao\/"]}]},{"@type":"ImageObject","inLanguage":"pt-BR","@id":"https:\/\/jornalfatosenoticias.com.br\/index.php\/2020\/12\/18\/saude-na-serra-so-faltam-fechar-o-caixao\/#primaryimage","url":"https:\/\/jornalfatosenoticias.com.br\/wp-content\/uploads\/2020\/12\/Branco_capa.jpg","contentUrl":"https:\/\/jornalfatosenoticias.com.br\/wp-content\/uploads\/2020\/12\/Branco_capa.jpg","width":1000,"height":587},{"@type":"BreadcrumbList","@id":"https:\/\/jornalfatosenoticias.com.br\/index.php\/2020\/12\/18\/saude-na-serra-so-faltam-fechar-o-caixao\/#breadcrumb","itemListElement":[{"@type":"ListItem","position":1,"name":"In\u00edcio","item":"https:\/\/jornalfatosenoticias.com.br\/"},{"@type":"ListItem","position":2,"name":"Sa\u00fade na Serra, s\u00f3 faltam fechar o caix\u00e3o"}]},{"@type":"WebSite","@id":"https:\/\/jornalfatosenoticias.com.br\/#website","url":"https:\/\/jornalfatosenoticias.com.br\/","name":"Jornal Fatos e Not\u00edcias","description":"Not\u00edcias em geral","publisher":{"@id":"https:\/\/jornalfatosenoticias.com.br\/#organization"},"potentialAction":[{"@type":"SearchAction","target":{"@type":"EntryPoint","urlTemplate":"https:\/\/jornalfatosenoticias.com.br\/?s={search_term_string}"},"query-input":{"@type":"PropertyValueSpecification","valueRequired":true,"valueName":"search_term_string"}}],"inLanguage":"pt-BR"},{"@type":"Organization","@id":"https:\/\/jornalfatosenoticias.com.br\/#organization","name":"Jornal Fatos e Not\u00edcias","url":"https:\/\/jornalfatosenoticias.com.br\/","logo":{"@type":"ImageObject","inLanguage":"pt-BR","@id":"https:\/\/jornalfatosenoticias.com.br\/#\/schema\/logo\/image\/","url":"https:\/\/jornalfatosenoticias.com.br\/wp-content\/uploads\/2020\/02\/logo120.png","contentUrl":"https:\/\/jornalfatosenoticias.com.br\/wp-content\/uploads\/2020\/02\/logo120.png","width":1227,"height":120,"caption":"Jornal Fatos e Not\u00edcias"},"image":{"@id":"https:\/\/jornalfatosenoticias.com.br\/#\/schema\/logo\/image\/"}},{"@type":"Person","@id":"https:\/\/jornalfatosenoticias.com.br\/#\/schema\/person\/05c46cc25b42a5c27e004fb0fa6b4965","name":"Haroldo Filho","image":{"@type":"ImageObject","inLanguage":"pt-BR","@id":"https:\/\/jornalfatosenoticias.com.br\/#\/schema\/person\/image\/","url":"https:\/\/jornalfatosenoticias.com.br\/wp-content\/uploads\/2025\/08\/WhatsApp-Image-2025-08-18-at-15.30.28-150x150.jpeg","contentUrl":"https:\/\/jornalfatosenoticias.com.br\/wp-content\/uploads\/2025\/08\/WhatsApp-Image-2025-08-18-at-15.30.28-150x150.jpeg","caption":"Haroldo Filho"},"description":"Jornalista \u2013 DRT: 0003818\/ES Coordenador-geral da ONG Educar para Crescer","url":"https:\/\/jornalfatosenoticias.com.br\/index.php\/author\/haroldo\/"}]}},"cc_featured_image_caption":{"caption_text":"(Foto: Divulga\u00e7\u00e3o\/Leitor)","source_text":"","source_url":""},"jetpack_featured_media_url":"https:\/\/jornalfatosenoticias.com.br\/wp-content\/uploads\/2020\/12\/Branco_capa.jpg","_links":{"self":[{"href":"https:\/\/jornalfatosenoticias.com.br\/index.php\/wp-json\/wp\/v2\/posts\/12628","targetHints":{"allow":["GET"]}}],"collection":[{"href":"https:\/\/jornalfatosenoticias.com.br\/index.php\/wp-json\/wp\/v2\/posts"}],"about":[{"href":"https:\/\/jornalfatosenoticias.com.br\/index.php\/wp-json\/wp\/v2\/types\/post"}],"author":[{"embeddable":true,"href":"https:\/\/jornalfatosenoticias.com.br\/index.php\/wp-json\/wp\/v2\/users\/3"}],"replies":[{"embeddable":true,"href":"https:\/\/jornalfatosenoticias.com.br\/index.php\/wp-json\/wp\/v2\/comments?post=12628"}],"version-history":[{"count":0,"href":"https:\/\/jornalfatosenoticias.com.br\/index.php\/wp-json\/wp\/v2\/posts\/12628\/revisions"}],"wp:featuredmedia":[{"embeddable":true,"href":"https:\/\/jornalfatosenoticias.com.br\/index.php\/wp-json\/wp\/v2\/media\/12629"}],"wp:attachment":[{"href":"https:\/\/jornalfatosenoticias.com.br\/index.php\/wp-json\/wp\/v2\/media?parent=12628"}],"wp:term":[{"taxonomy":"category","embeddable":true,"href":"https:\/\/jornalfatosenoticias.com.br\/index.php\/wp-json\/wp\/v2\/categories?post=12628"},{"taxonomy":"post_tag","embeddable":true,"href":"https:\/\/jornalfatosenoticias.com.br\/index.php\/wp-json\/wp\/v2\/tags?post=12628"}],"curies":[{"name":"wp","href":"https:\/\/api.w.org\/{rel}","templated":true}]}}