{"id":12672,"date":"2020-12-18T14:57:22","date_gmt":"2020-12-18T17:57:22","guid":{"rendered":"https:\/\/jornalfatosenoticias.com.br\/?p=12672"},"modified":"2020-12-18T14:57:26","modified_gmt":"2020-12-18T17:57:26","slug":"astronomos-encontram-luz-em-regiao-remota-do-espaco","status":"publish","type":"post","link":"https:\/\/jornalfatosenoticias.com.br\/index.php\/2020\/12\/18\/astronomos-encontram-luz-em-regiao-remota-do-espaco\/","title":{"rendered":"Astr\u00f4nomos encontram luz em regi\u00e3o remota do espa\u00e7o"},"content":{"rendered":"\n<p>Uma luz no fim do t\u00fanel, ou melhor, do espa\u00e7o. Foi isso o que astr\u00f4nomos encontraram ao usarem c\u00e2meras da sonda <a rel=\"noreferrer noopener\" href=\"https:\/\/olhardigital.com.br\/2020\/06\/16\/ciencia-e-espaco\/espaconave-da-nasa-mostra-as-estrelas-sob-um-novo-angulo\/\" target=\"_blank\">New Horizons<\/a> para medir a luminosidade a uma dist\u00e2ncia de 6,4 bilh\u00f5es de quil\u00f4metros do Sol, descobrindo que o universo tem o dobro da claridade que se imaginava.<br>Tod Lauer, integrante do Observat\u00f3rio Nacional de Astronomia \u00d3ptica e um dos autores do <a rel=\"noreferrer noopener\" href=\"https:\/\/arxiv.org\/abs\/2011.03052\" target=\"_blank\">relat\u00f3rio publicado em novembro<\/a>, revelou que o achado muda a ideia de escurid\u00e3o absoluta no espa\u00e7o. \u201cTem algo desconhecido l\u00e1 fora\u201d, diz o astr\u00f4nomo.<br>As explica\u00e7\u00f5es v\u00e3o da exist\u00eancia de grupos de estrelas ou gal\u00e1xias muito fracas a buracos negros no centro de gal\u00e1xias indistingu\u00edveis, jogando energia extra no vazio. O cientista n\u00e3o descarta, todavia, a possibilidade de estar errado. \u201cTalvez tenhamos ignorado uma fonte de luz ou um artefato na c\u00e2mera. Isso \u00e9 o que mais me preocupa\u201d, diz.<br>No campo da especula\u00e7\u00e3o, h\u00e1 a possibilidade de o universo estar cheio de mat\u00e9ria obscura, em vez de <a rel=\"noreferrer noopener\" href=\"https:\/\/olhardigital.com.br\/2020\/10\/20\/ciencia-e-espaco\/estudo-revela-a-quantidade-de-materia-escura-na-galaxia-dragonfly\/\" target=\"_blank\">mat\u00e9ria escura<\/a>, como se sup\u00f5e. Lauer, no entanto, afirma que prefere se ater \u00e0 medi\u00e7\u00e3o da luminosidade. \u201cEnquanto observadores, oferecemos [a informa\u00e7\u00e3o] para quem sabe o que fazer com ela\u201d, disse.<\/p>\n\n\n\n<figure class=\"wp-block-image size-large\"><img loading=\"lazy\" decoding=\"async\" width=\"1000\" height=\"635\" src=\"https:\/\/jornalfatosenoticias.com.br\/wp-content\/uploads\/2020\/12\/sirius-nasa-esa-LUZ-ESPACO.jpg\" alt=\"\" class=\"wp-image-12673\" srcset=\"https:\/\/jornalfatosenoticias.com.br\/wp-content\/uploads\/2020\/12\/sirius-nasa-esa-LUZ-ESPACO.jpg 1000w, https:\/\/jornalfatosenoticias.com.br\/wp-content\/uploads\/2020\/12\/sirius-nasa-esa-LUZ-ESPACO-300x191.jpg 300w, https:\/\/jornalfatosenoticias.com.br\/wp-content\/uploads\/2020\/12\/sirius-nasa-esa-LUZ-ESPACO-768x488.jpg 768w\" sizes=\"auto, (max-width: 1000px) 100vw, 1000px\" \/><figcaption><em>Luz encontrada pelos astr\u00f4nomos tem a mesma intensidade da estrela Sirius (Foto: Nasa\/ESA)<\/em><\/figcaption><\/figure>\n\n\n\n<p>No estudo, os astr\u00f4nomos dizem ter encontrado dez nanowatts de luz por metro quadrado por esterradiano (uma medida de \u00e2ngulo s\u00f3lido) na regi\u00e3o observada. Para efeito de compara\u00e7\u00e3o, Lauer afirma que seria a mesma intensidade gerada pela estrela Sirius, ou por uma geladeira aberta a 1,6 km de dist\u00e2ncia.<br>\u201cImagine estar deitado na sua cama com as cortinas abertas em uma noite sem luar. Talvez voc\u00ea esteja acordado, olhando para a parede. Quando Sirius aparece no horizonte ou seu vizinho abre a geladeira, poder\u00edamos ver a claridade no quarto ficar um pouco mais intensa\u201d, explica.<br>Foram medidas apenas luzes de comprimento de onda vis\u00edvel, sendo necess\u00e1rio o aumento por meio do uso de r\u00e1dio, raio-x e infravermelho. Segundo o cientista, a chance de o c\u00e1lculo estar errado \u00e9 de uma em 3,5 milh\u00f5es.<\/p>\n\n\n\n<p><strong><em>Fonte: <a href=\"https:\/\/olhardigital.com.br\/2020\/12\/11\/noticias\/astronomos-encontram-luz-em-regiao-remota-do-espaco\/\">Olhar Digital<\/a><\/em><\/strong><\/p>\n","protected":false},"excerpt":{"rendered":"<p>Uma luz no fim do t\u00fanel, ou melhor, do espa\u00e7o. Foi isso o que astr\u00f4nomos encontraram ao usarem c\u00e2meras da sonda New Horizons para medir a luminosidade a uma dist\u00e2ncia de 6,4 bilh\u00f5es de quil\u00f4metros do Sol, descobrindo que o universo tem o dobro da claridade que se imaginava.Tod Lauer, integrante do Observat\u00f3rio Nacional de [&hellip;]<\/p>\n","protected":false},"author":2,"featured_media":12674,"comment_status":"open","ping_status":"open","sticky":false,"template":"","format":"standard","meta":{"footnotes":""},"categories":[2],"tags":[472,6595,86,2887,1802],"class_list":["post-12672","post","type-post","status-publish","format-standard","has-post-thumbnail","hentry","category-ciencia","tag-astronomia","tag-escura","tag-espaco","tag-luz","tag-materia"],"yoast_head":"<!-- This site is optimized with the Yoast SEO plugin v26.5 - https:\/\/yoast.com\/wordpress\/plugins\/seo\/ -->\n<title>Astr\u00f4nomos encontram luz em regi\u00e3o remota do espa\u00e7o - Jornal Fatos e Not\u00edcias<\/title>\n<meta name=\"robots\" content=\"index, follow, max-snippet:-1, max-image-preview:large, max-video-preview:-1\" \/>\n<link rel=\"canonical\" href=\"https:\/\/jornalfatosenoticias.com.br\/index.php\/2020\/12\/18\/astronomos-encontram-luz-em-regiao-remota-do-espaco\/\" \/>\n<meta property=\"og:locale\" content=\"pt_BR\" \/>\n<meta property=\"og:type\" content=\"article\" \/>\n<meta property=\"og:title\" content=\"Astr\u00f4nomos encontram luz em regi\u00e3o remota do espa\u00e7o - Jornal Fatos e Not\u00edcias\" \/>\n<meta property=\"og:description\" content=\"Uma luz no fim do t\u00fanel, ou melhor, do espa\u00e7o. Foi isso o que astr\u00f4nomos encontraram ao usarem c\u00e2meras da sonda New Horizons para medir a luminosidade a uma dist\u00e2ncia de 6,4 bilh\u00f5es de quil\u00f4metros do Sol, descobrindo que o universo tem o dobro da claridade que se imaginava.Tod Lauer, integrante do Observat\u00f3rio Nacional de [&hellip;]\" \/>\n<meta property=\"og:url\" content=\"https:\/\/jornalfatosenoticias.com.br\/index.php\/2020\/12\/18\/astronomos-encontram-luz-em-regiao-remota-do-espaco\/\" \/>\n<meta property=\"og:site_name\" content=\"Jornal Fatos e Not\u00edcias\" \/>\n<meta property=\"article:published_time\" content=\"2020-12-18T17:57:22+00:00\" \/>\n<meta property=\"article:modified_time\" content=\"2020-12-18T17:57:26+00:00\" \/>\n<meta property=\"og:image\" content=\"https:\/\/jornalfatosenoticias.com.br\/wp-content\/uploads\/2020\/12\/espaco-sideral-viktorovpro-shutterstock_luz.jpg\" \/>\n\t<meta property=\"og:image:width\" content=\"1000\" \/>\n\t<meta property=\"og:image:height\" content=\"527\" \/>\n\t<meta property=\"og:image:type\" content=\"image\/jpeg\" \/>\n<meta name=\"author\" content=\"Luzimara Fernandes\" \/>\n<meta name=\"twitter:card\" content=\"summary_large_image\" \/>\n<meta name=\"twitter:label1\" content=\"Escrito por\" \/>\n\t<meta name=\"twitter:data1\" content=\"Luzimara Fernandes\" \/>\n\t<meta name=\"twitter:label2\" content=\"Est. tempo de leitura\" \/>\n\t<meta name=\"twitter:data2\" content=\"2 minutos\" \/>\n<script type=\"application\/ld+json\" class=\"yoast-schema-graph\">{\"@context\":\"https:\/\/schema.org\",\"@graph\":[{\"@type\":\"Article\",\"@id\":\"https:\/\/jornalfatosenoticias.com.br\/index.php\/2020\/12\/18\/astronomos-encontram-luz-em-regiao-remota-do-espaco\/#article\",\"isPartOf\":{\"@id\":\"https:\/\/jornalfatosenoticias.com.br\/index.php\/2020\/12\/18\/astronomos-encontram-luz-em-regiao-remota-do-espaco\/\"},\"author\":{\"name\":\"Luzimara Fernandes\",\"@id\":\"https:\/\/jornalfatosenoticias.com.br\/#\/schema\/person\/d63837fa13ac8666eb9e74e0985d6f81\"},\"headline\":\"Astr\u00f4nomos encontram luz em regi\u00e3o remota do espa\u00e7o\",\"datePublished\":\"2020-12-18T17:57:22+00:00\",\"dateModified\":\"2020-12-18T17:57:26+00:00\",\"mainEntityOfPage\":{\"@id\":\"https:\/\/jornalfatosenoticias.com.br\/index.php\/2020\/12\/18\/astronomos-encontram-luz-em-regiao-remota-do-espaco\/\"},\"wordCount\":385,\"commentCount\":0,\"publisher\":{\"@id\":\"https:\/\/jornalfatosenoticias.com.br\/#organization\"},\"image\":{\"@id\":\"https:\/\/jornalfatosenoticias.com.br\/index.php\/2020\/12\/18\/astronomos-encontram-luz-em-regiao-remota-do-espaco\/#primaryimage\"},\"thumbnailUrl\":\"https:\/\/jornalfatosenoticias.com.br\/wp-content\/uploads\/2020\/12\/espaco-sideral-viktorovpro-shutterstock_luz.jpg\",\"keywords\":[\"Astronomia\",\"escura\",\"espa\u00e7o\",\"luz\",\"mat\u00e9ria\"],\"articleSection\":[\"Ci\u00eancia\"],\"inLanguage\":\"pt-BR\",\"potentialAction\":[{\"@type\":\"CommentAction\",\"name\":\"Comment\",\"target\":[\"https:\/\/jornalfatosenoticias.com.br\/index.php\/2020\/12\/18\/astronomos-encontram-luz-em-regiao-remota-do-espaco\/#respond\"]}]},{\"@type\":\"WebPage\",\"@id\":\"https:\/\/jornalfatosenoticias.com.br\/index.php\/2020\/12\/18\/astronomos-encontram-luz-em-regiao-remota-do-espaco\/\",\"url\":\"https:\/\/jornalfatosenoticias.com.br\/index.php\/2020\/12\/18\/astronomos-encontram-luz-em-regiao-remota-do-espaco\/\",\"name\":\"Astr\u00f4nomos encontram luz em regi\u00e3o remota do espa\u00e7o - Jornal Fatos e Not\u00edcias\",\"isPartOf\":{\"@id\":\"https:\/\/jornalfatosenoticias.com.br\/#website\"},\"primaryImageOfPage\":{\"@id\":\"https:\/\/jornalfatosenoticias.com.br\/index.php\/2020\/12\/18\/astronomos-encontram-luz-em-regiao-remota-do-espaco\/#primaryimage\"},\"image\":{\"@id\":\"https:\/\/jornalfatosenoticias.com.br\/index.php\/2020\/12\/18\/astronomos-encontram-luz-em-regiao-remota-do-espaco\/#primaryimage\"},\"thumbnailUrl\":\"https:\/\/jornalfatosenoticias.com.br\/wp-content\/uploads\/2020\/12\/espaco-sideral-viktorovpro-shutterstock_luz.jpg\",\"datePublished\":\"2020-12-18T17:57:22+00:00\",\"dateModified\":\"2020-12-18T17:57:26+00:00\",\"breadcrumb\":{\"@id\":\"https:\/\/jornalfatosenoticias.com.br\/index.php\/2020\/12\/18\/astronomos-encontram-luz-em-regiao-remota-do-espaco\/#breadcrumb\"},\"inLanguage\":\"pt-BR\",\"potentialAction\":[{\"@type\":\"ReadAction\",\"target\":[\"https:\/\/jornalfatosenoticias.com.br\/index.php\/2020\/12\/18\/astronomos-encontram-luz-em-regiao-remota-do-espaco\/\"]}]},{\"@type\":\"ImageObject\",\"inLanguage\":\"pt-BR\",\"@id\":\"https:\/\/jornalfatosenoticias.com.br\/index.php\/2020\/12\/18\/astronomos-encontram-luz-em-regiao-remota-do-espaco\/#primaryimage\",\"url\":\"https:\/\/jornalfatosenoticias.com.br\/wp-content\/uploads\/2020\/12\/espaco-sideral-viktorovpro-shutterstock_luz.jpg\",\"contentUrl\":\"https:\/\/jornalfatosenoticias.com.br\/wp-content\/uploads\/2020\/12\/espaco-sideral-viktorovpro-shutterstock_luz.jpg\",\"width\":1000,\"height\":527},{\"@type\":\"BreadcrumbList\",\"@id\":\"https:\/\/jornalfatosenoticias.com.br\/index.php\/2020\/12\/18\/astronomos-encontram-luz-em-regiao-remota-do-espaco\/#breadcrumb\",\"itemListElement\":[{\"@type\":\"ListItem\",\"position\":1,\"name\":\"In\u00edcio\",\"item\":\"https:\/\/jornalfatosenoticias.com.br\/\"},{\"@type\":\"ListItem\",\"position\":2,\"name\":\"Astr\u00f4nomos encontram luz em regi\u00e3o remota do espa\u00e7o\"}]},{\"@type\":\"WebSite\",\"@id\":\"https:\/\/jornalfatosenoticias.com.br\/#website\",\"url\":\"https:\/\/jornalfatosenoticias.com.br\/\",\"name\":\"Jornal Fatos e Not\u00edcias\",\"description\":\"Not\u00edcias em geral\",\"publisher\":{\"@id\":\"https:\/\/jornalfatosenoticias.com.br\/#organization\"},\"potentialAction\":[{\"@type\":\"SearchAction\",\"target\":{\"@type\":\"EntryPoint\",\"urlTemplate\":\"https:\/\/jornalfatosenoticias.com.br\/?s={search_term_string}\"},\"query-input\":{\"@type\":\"PropertyValueSpecification\",\"valueRequired\":true,\"valueName\":\"search_term_string\"}}],\"inLanguage\":\"pt-BR\"},{\"@type\":\"Organization\",\"@id\":\"https:\/\/jornalfatosenoticias.com.br\/#organization\",\"name\":\"Jornal Fatos e Not\u00edcias\",\"url\":\"https:\/\/jornalfatosenoticias.com.br\/\",\"logo\":{\"@type\":\"ImageObject\",\"inLanguage\":\"pt-BR\",\"@id\":\"https:\/\/jornalfatosenoticias.com.br\/#\/schema\/logo\/image\/\",\"url\":\"https:\/\/jornalfatosenoticias.com.br\/wp-content\/uploads\/2020\/02\/logo120.png\",\"contentUrl\":\"https:\/\/jornalfatosenoticias.com.br\/wp-content\/uploads\/2020\/02\/logo120.png\",\"width\":1227,\"height\":120,\"caption\":\"Jornal Fatos e Not\u00edcias\"},\"image\":{\"@id\":\"https:\/\/jornalfatosenoticias.com.br\/#\/schema\/logo\/image\/\"}},{\"@type\":\"Person\",\"@id\":\"https:\/\/jornalfatosenoticias.com.br\/#\/schema\/person\/d63837fa13ac8666eb9e74e0985d6f81\",\"name\":\"Luzimara Fernandes\",\"image\":{\"@type\":\"ImageObject\",\"inLanguage\":\"pt-BR\",\"@id\":\"https:\/\/jornalfatosenoticias.com.br\/#\/schema\/person\/image\/\",\"url\":\"https:\/\/jornalfatosenoticias.com.br\/wp-content\/uploads\/2025\/05\/EU_portal.jpg\",\"contentUrl\":\"https:\/\/jornalfatosenoticias.com.br\/wp-content\/uploads\/2025\/05\/EU_portal.jpg\",\"caption\":\"Luzimara Fernandes\"},\"description\":\"Jornalista MTB 2358-ES\",\"sameAs\":[\"https:\/\/jornalfatosenoticias.com.br\"],\"url\":\"https:\/\/jornalfatosenoticias.com.br\/index.php\/author\/luzimara\/\"}]}<\/script>\n<!-- \/ Yoast SEO plugin. -->","yoast_head_json":{"title":"Astr\u00f4nomos encontram luz em regi\u00e3o remota do espa\u00e7o - Jornal Fatos e Not\u00edcias","robots":{"index":"index","follow":"follow","max-snippet":"max-snippet:-1","max-image-preview":"max-image-preview:large","max-video-preview":"max-video-preview:-1"},"canonical":"https:\/\/jornalfatosenoticias.com.br\/index.php\/2020\/12\/18\/astronomos-encontram-luz-em-regiao-remota-do-espaco\/","og_locale":"pt_BR","og_type":"article","og_title":"Astr\u00f4nomos encontram luz em regi\u00e3o remota do espa\u00e7o - Jornal Fatos e Not\u00edcias","og_description":"Uma luz no fim do t\u00fanel, ou melhor, do espa\u00e7o. Foi isso o que astr\u00f4nomos encontraram ao usarem c\u00e2meras da sonda New Horizons para medir a luminosidade a uma dist\u00e2ncia de 6,4 bilh\u00f5es de quil\u00f4metros do Sol, descobrindo que o universo tem o dobro da claridade que se imaginava.Tod Lauer, integrante do Observat\u00f3rio Nacional de [&hellip;]","og_url":"https:\/\/jornalfatosenoticias.com.br\/index.php\/2020\/12\/18\/astronomos-encontram-luz-em-regiao-remota-do-espaco\/","og_site_name":"Jornal Fatos e Not\u00edcias","article_published_time":"2020-12-18T17:57:22+00:00","article_modified_time":"2020-12-18T17:57:26+00:00","og_image":[{"width":1000,"height":527,"url":"https:\/\/jornalfatosenoticias.com.br\/wp-content\/uploads\/2020\/12\/espaco-sideral-viktorovpro-shutterstock_luz.jpg","type":"image\/jpeg"}],"author":"Luzimara Fernandes","twitter_card":"summary_large_image","twitter_misc":{"Escrito por":"Luzimara Fernandes","Est. tempo de leitura":"2 minutos"},"schema":{"@context":"https:\/\/schema.org","@graph":[{"@type":"Article","@id":"https:\/\/jornalfatosenoticias.com.br\/index.php\/2020\/12\/18\/astronomos-encontram-luz-em-regiao-remota-do-espaco\/#article","isPartOf":{"@id":"https:\/\/jornalfatosenoticias.com.br\/index.php\/2020\/12\/18\/astronomos-encontram-luz-em-regiao-remota-do-espaco\/"},"author":{"name":"Luzimara Fernandes","@id":"https:\/\/jornalfatosenoticias.com.br\/#\/schema\/person\/d63837fa13ac8666eb9e74e0985d6f81"},"headline":"Astr\u00f4nomos encontram luz em regi\u00e3o remota do espa\u00e7o","datePublished":"2020-12-18T17:57:22+00:00","dateModified":"2020-12-18T17:57:26+00:00","mainEntityOfPage":{"@id":"https:\/\/jornalfatosenoticias.com.br\/index.php\/2020\/12\/18\/astronomos-encontram-luz-em-regiao-remota-do-espaco\/"},"wordCount":385,"commentCount":0,"publisher":{"@id":"https:\/\/jornalfatosenoticias.com.br\/#organization"},"image":{"@id":"https:\/\/jornalfatosenoticias.com.br\/index.php\/2020\/12\/18\/astronomos-encontram-luz-em-regiao-remota-do-espaco\/#primaryimage"},"thumbnailUrl":"https:\/\/jornalfatosenoticias.com.br\/wp-content\/uploads\/2020\/12\/espaco-sideral-viktorovpro-shutterstock_luz.jpg","keywords":["Astronomia","escura","espa\u00e7o","luz","mat\u00e9ria"],"articleSection":["Ci\u00eancia"],"inLanguage":"pt-BR","potentialAction":[{"@type":"CommentAction","name":"Comment","target":["https:\/\/jornalfatosenoticias.com.br\/index.php\/2020\/12\/18\/astronomos-encontram-luz-em-regiao-remota-do-espaco\/#respond"]}]},{"@type":"WebPage","@id":"https:\/\/jornalfatosenoticias.com.br\/index.php\/2020\/12\/18\/astronomos-encontram-luz-em-regiao-remota-do-espaco\/","url":"https:\/\/jornalfatosenoticias.com.br\/index.php\/2020\/12\/18\/astronomos-encontram-luz-em-regiao-remota-do-espaco\/","name":"Astr\u00f4nomos encontram luz em regi\u00e3o remota do espa\u00e7o - Jornal Fatos e Not\u00edcias","isPartOf":{"@id":"https:\/\/jornalfatosenoticias.com.br\/#website"},"primaryImageOfPage":{"@id":"https:\/\/jornalfatosenoticias.com.br\/index.php\/2020\/12\/18\/astronomos-encontram-luz-em-regiao-remota-do-espaco\/#primaryimage"},"image":{"@id":"https:\/\/jornalfatosenoticias.com.br\/index.php\/2020\/12\/18\/astronomos-encontram-luz-em-regiao-remota-do-espaco\/#primaryimage"},"thumbnailUrl":"https:\/\/jornalfatosenoticias.com.br\/wp-content\/uploads\/2020\/12\/espaco-sideral-viktorovpro-shutterstock_luz.jpg","datePublished":"2020-12-18T17:57:22+00:00","dateModified":"2020-12-18T17:57:26+00:00","breadcrumb":{"@id":"https:\/\/jornalfatosenoticias.com.br\/index.php\/2020\/12\/18\/astronomos-encontram-luz-em-regiao-remota-do-espaco\/#breadcrumb"},"inLanguage":"pt-BR","potentialAction":[{"@type":"ReadAction","target":["https:\/\/jornalfatosenoticias.com.br\/index.php\/2020\/12\/18\/astronomos-encontram-luz-em-regiao-remota-do-espaco\/"]}]},{"@type":"ImageObject","inLanguage":"pt-BR","@id":"https:\/\/jornalfatosenoticias.com.br\/index.php\/2020\/12\/18\/astronomos-encontram-luz-em-regiao-remota-do-espaco\/#primaryimage","url":"https:\/\/jornalfatosenoticias.com.br\/wp-content\/uploads\/2020\/12\/espaco-sideral-viktorovpro-shutterstock_luz.jpg","contentUrl":"https:\/\/jornalfatosenoticias.com.br\/wp-content\/uploads\/2020\/12\/espaco-sideral-viktorovpro-shutterstock_luz.jpg","width":1000,"height":527},{"@type":"BreadcrumbList","@id":"https:\/\/jornalfatosenoticias.com.br\/index.php\/2020\/12\/18\/astronomos-encontram-luz-em-regiao-remota-do-espaco\/#breadcrumb","itemListElement":[{"@type":"ListItem","position":1,"name":"In\u00edcio","item":"https:\/\/jornalfatosenoticias.com.br\/"},{"@type":"ListItem","position":2,"name":"Astr\u00f4nomos encontram luz em regi\u00e3o remota do espa\u00e7o"}]},{"@type":"WebSite","@id":"https:\/\/jornalfatosenoticias.com.br\/#website","url":"https:\/\/jornalfatosenoticias.com.br\/","name":"Jornal Fatos e Not\u00edcias","description":"Not\u00edcias em geral","publisher":{"@id":"https:\/\/jornalfatosenoticias.com.br\/#organization"},"potentialAction":[{"@type":"SearchAction","target":{"@type":"EntryPoint","urlTemplate":"https:\/\/jornalfatosenoticias.com.br\/?s={search_term_string}"},"query-input":{"@type":"PropertyValueSpecification","valueRequired":true,"valueName":"search_term_string"}}],"inLanguage":"pt-BR"},{"@type":"Organization","@id":"https:\/\/jornalfatosenoticias.com.br\/#organization","name":"Jornal Fatos e Not\u00edcias","url":"https:\/\/jornalfatosenoticias.com.br\/","logo":{"@type":"ImageObject","inLanguage":"pt-BR","@id":"https:\/\/jornalfatosenoticias.com.br\/#\/schema\/logo\/image\/","url":"https:\/\/jornalfatosenoticias.com.br\/wp-content\/uploads\/2020\/02\/logo120.png","contentUrl":"https:\/\/jornalfatosenoticias.com.br\/wp-content\/uploads\/2020\/02\/logo120.png","width":1227,"height":120,"caption":"Jornal Fatos e Not\u00edcias"},"image":{"@id":"https:\/\/jornalfatosenoticias.com.br\/#\/schema\/logo\/image\/"}},{"@type":"Person","@id":"https:\/\/jornalfatosenoticias.com.br\/#\/schema\/person\/d63837fa13ac8666eb9e74e0985d6f81","name":"Luzimara Fernandes","image":{"@type":"ImageObject","inLanguage":"pt-BR","@id":"https:\/\/jornalfatosenoticias.com.br\/#\/schema\/person\/image\/","url":"https:\/\/jornalfatosenoticias.com.br\/wp-content\/uploads\/2025\/05\/EU_portal.jpg","contentUrl":"https:\/\/jornalfatosenoticias.com.br\/wp-content\/uploads\/2025\/05\/EU_portal.jpg","caption":"Luzimara Fernandes"},"description":"Jornalista MTB 2358-ES","sameAs":["https:\/\/jornalfatosenoticias.com.br"],"url":"https:\/\/jornalfatosenoticias.com.br\/index.php\/author\/luzimara\/"}]}},"cc_featured_image_caption":{"caption_text":"(Viktor Ovpro\/Shutterstock) ","source_text":"","source_url":""},"jetpack_featured_media_url":"https:\/\/jornalfatosenoticias.com.br\/wp-content\/uploads\/2020\/12\/espaco-sideral-viktorovpro-shutterstock_luz.jpg","_links":{"self":[{"href":"https:\/\/jornalfatosenoticias.com.br\/index.php\/wp-json\/wp\/v2\/posts\/12672","targetHints":{"allow":["GET"]}}],"collection":[{"href":"https:\/\/jornalfatosenoticias.com.br\/index.php\/wp-json\/wp\/v2\/posts"}],"about":[{"href":"https:\/\/jornalfatosenoticias.com.br\/index.php\/wp-json\/wp\/v2\/types\/post"}],"author":[{"embeddable":true,"href":"https:\/\/jornalfatosenoticias.com.br\/index.php\/wp-json\/wp\/v2\/users\/2"}],"replies":[{"embeddable":true,"href":"https:\/\/jornalfatosenoticias.com.br\/index.php\/wp-json\/wp\/v2\/comments?post=12672"}],"version-history":[{"count":0,"href":"https:\/\/jornalfatosenoticias.com.br\/index.php\/wp-json\/wp\/v2\/posts\/12672\/revisions"}],"wp:featuredmedia":[{"embeddable":true,"href":"https:\/\/jornalfatosenoticias.com.br\/index.php\/wp-json\/wp\/v2\/media\/12674"}],"wp:attachment":[{"href":"https:\/\/jornalfatosenoticias.com.br\/index.php\/wp-json\/wp\/v2\/media?parent=12672"}],"wp:term":[{"taxonomy":"category","embeddable":true,"href":"https:\/\/jornalfatosenoticias.com.br\/index.php\/wp-json\/wp\/v2\/categories?post=12672"},{"taxonomy":"post_tag","embeddable":true,"href":"https:\/\/jornalfatosenoticias.com.br\/index.php\/wp-json\/wp\/v2\/tags?post=12672"}],"curies":[{"name":"wp","href":"https:\/\/api.w.org\/{rel}","templated":true}]}}