{"id":12714,"date":"2020-12-21T11:41:11","date_gmt":"2020-12-21T14:41:11","guid":{"rendered":"https:\/\/jornalfatosenoticias.com.br\/?p=12714"},"modified":"2020-12-21T11:41:15","modified_gmt":"2020-12-21T14:41:15","slug":"seama-publica-andada-do-caranguejo-uca-para-2021","status":"publish","type":"post","link":"https:\/\/jornalfatosenoticias.com.br\/index.php\/2020\/12\/21\/seama-publica-andada-do-caranguejo-uca-para-2021\/","title":{"rendered":"Seama publica andada do caranguejo-u\u00e7\u00e1 para 2021"},"content":{"rendered":"\n<h6 class=\"wp-block-heading\"><em>Portaria pro\u00edbe a captura, o confinamento artificial em cativeiro do animal vivo, transporte, beneficiamento, industrializa\u00e7\u00e3o, armazenamento e a comercializa\u00e7\u00e3o dos indiv\u00edduos e das partes isoladas, em todo o Esp\u00edrito Santo<\/em><\/h6>\n\n\n\n<p>A Secretaria de Meio Ambiente e Recursos H\u00eddricos (Seama) publicou, por meio da Portaria 022-R, o calend\u00e1rio com os per\u00edodos das andadas dos caranguejos da esp\u00e9cie Ucides cordatus, conhecidos como caranguejo-u\u00e7\u00e1. A Portaria pro\u00edbe a captura, o confinamento artificial em cativeiro do animal vivo, transporte, beneficiamento, industrializa\u00e7\u00e3o, armazenamento e a comercializa\u00e7\u00e3o dos indiv\u00edduos e das partes isoladas (quelas, pin\u00e7as, garras ou desfiado), em todo o Esp\u00edrito Santo.<br>A andada, como o pr\u00f3prio nome remete, \u00e9 o per\u00edodo no qual os caranguejos machos e f\u00eameas saem de suas galerias (tocas) e andam pelo manguezal para acasalamento e libera\u00e7\u00e3o de ovos. S\u00e3o nestes per\u00edodos de proibi\u00e7\u00f5es que \u00e9 poss\u00edvel garantir a sobreviv\u00eancia dos caranguejos e a reposi\u00e7\u00e3o dos indiv\u00edduos na natureza, permitindo o equil\u00edbrio do ecossistema e a recomposi\u00e7\u00e3o natural da fauna.<br>A portaria \u00e9 debatida pela Comiss\u00e3o Tripartite Estadual, que aprova a defini\u00e7\u00e3o das datas discutidas em reuni\u00e3o do F\u00f3rum Estadual de Gest\u00e3o de Manguezais, e que ocorreu no dia 20 de novembro de 2020. Al\u00e9m da defini\u00e7\u00e3o do calend\u00e1rio, a portaria tamb\u00e9m orienta sobre as compet\u00eancias da municipalidade com rela\u00e7\u00e3o \u00e0 fiscaliza\u00e7\u00e3o e cumprimentos das proibi\u00e7\u00f5es.<\/p>\n\n\n\n<h4 class=\"wp-block-heading\">Os per\u00edodos de andada para todo o Estado do Esp\u00edrito Santo s\u00e3o:<\/h4>\n\n\n\n<p>a) <strong>1\u00ba Per\u00edodo: de 30\/12\/2020 a 05\/01\/2021;<\/strong><br>b) <strong>2\u00ba Per\u00edodo: de 28\/01\/2021 a 03\/02\/2021;<\/strong><br>c) <strong>3\u00ba Per\u00edodo: de 27\/02\/2021 a 05\/03\/2021;<\/strong><br>d)<strong> 4\u00ba Per\u00edodo: de 28\/03\/2021 a 03\/04\/2021.<\/strong><\/p>\n\n\n\n<h4 class=\"wp-block-heading\">O Aplicativo<\/h4>\n\n\n\n<p>Uma novidade para o monitoramento dos caranguejos e para a defini\u00e7\u00e3o de futuras andadas reprodutivas do caranguejo-u\u00e7\u00e1 \u00e9 o aplicativo desenvolvido e administrado pela Rede de Monitoramento de Andadas Reprodutivas de Caranguejos (Remar). Pelo App, os pr\u00f3prios extrativistas, comerciantes, gestores de unidades de conserva\u00e7\u00e3o, fiscais e cidad\u00e3os em geral encaminham informa\u00e7\u00f5es, aos pesquisadores, quando observarem caranguejos no per\u00edodo de andada.<br>Para a Remar, estas informa\u00e7\u00f5es repassadas para o aplicativo s\u00e3o fundamentais para a avalia\u00e7\u00e3o e aprimoramento das previs\u00f5es de andadas e das normativas de suspens\u00e3o de captura de caranguejos nos anos futuros.<br>\u00c9 poss\u00edvel baixar ou atualizar a vers\u00e3o 2 do aplicativo REMAR_ CIDAD\u00c3O no Google Playstore (palavra de busca: REMAR) ou pelo endere\u00e7o eletr\u00f4nico: <a href=\"https:\/\/play.google.com\/store\/apps\/details?id=com.github.hintofbasil.crabbler\">https:\/\/play.google.com\/store\/apps\/details?id=com.github.hintofbasil.crabbler<\/a><\/p>\n\n\n\n<p><strong><em>Fonte: <a href=\"https:\/\/seama.es.gov.br\/Not%C3%ADcia\/seama-publica-andada-do-caranguejo-uca-para-2021\">Seama<\/a><\/em><\/strong><\/p>\n","protected":false},"excerpt":{"rendered":"<p>Portaria pro\u00edbe a captura, o confinamento artificial em cativeiro do animal vivo, transporte, beneficiamento, industrializa\u00e7\u00e3o, armazenamento e a comercializa\u00e7\u00e3o dos indiv\u00edduos e das partes isoladas, em todo o Esp\u00edrito Santo A Secretaria de Meio Ambiente e Recursos H\u00eddricos (Seama) publicou, por meio da Portaria 022-R, o calend\u00e1rio com os per\u00edodos das andadas dos caranguejos da [&hellip;]<\/p>\n","protected":false},"author":2,"featured_media":12715,"comment_status":"open","ping_status":"open","sticky":false,"template":"","format":"standard","meta":{"footnotes":""},"categories":[8],"tags":[6619,6620,5176,316],"class_list":["post-12714","post","type-post","status-publish","format-standard","has-post-thumbnail","hentry","category-meio-ambiente","tag-andada","tag-caranguejo-uca","tag-manguezais","tag-preservacao"],"yoast_head":"<!-- This site is optimized with the Yoast SEO plugin v26.5 - https:\/\/yoast.com\/wordpress\/plugins\/seo\/ -->\n<title>Seama publica andada do caranguejo-u\u00e7\u00e1 para 2021 - Jornal Fatos e Not\u00edcias<\/title>\n<meta name=\"robots\" content=\"index, follow, max-snippet:-1, max-image-preview:large, max-video-preview:-1\" \/>\n<link rel=\"canonical\" href=\"https:\/\/jornalfatosenoticias.com.br\/index.php\/2020\/12\/21\/seama-publica-andada-do-caranguejo-uca-para-2021\/\" \/>\n<meta property=\"og:locale\" content=\"pt_BR\" \/>\n<meta property=\"og:type\" content=\"article\" \/>\n<meta property=\"og:title\" content=\"Seama publica andada do caranguejo-u\u00e7\u00e1 para 2021 - Jornal Fatos e Not\u00edcias\" \/>\n<meta property=\"og:description\" content=\"Portaria pro\u00edbe a captura, o confinamento artificial em cativeiro do animal vivo, transporte, beneficiamento, industrializa\u00e7\u00e3o, armazenamento e a comercializa\u00e7\u00e3o dos indiv\u00edduos e das partes isoladas, em todo o Esp\u00edrito Santo A Secretaria de Meio Ambiente e Recursos H\u00eddricos (Seama) publicou, por meio da Portaria 022-R, o calend\u00e1rio com os per\u00edodos das andadas dos caranguejos da [&hellip;]\" \/>\n<meta property=\"og:url\" content=\"https:\/\/jornalfatosenoticias.com.br\/index.php\/2020\/12\/21\/seama-publica-andada-do-caranguejo-uca-para-2021\/\" \/>\n<meta property=\"og:site_name\" content=\"Jornal Fatos e Not\u00edcias\" \/>\n<meta property=\"article:published_time\" content=\"2020-12-21T14:41:11+00:00\" \/>\n<meta property=\"article:modified_time\" content=\"2020-12-21T14:41:15+00:00\" \/>\n<meta property=\"og:image\" content=\"https:\/\/jornalfatosenoticias.com.br\/wp-content\/uploads\/2020\/12\/caranguejo-uca.jpg\" \/>\n\t<meta property=\"og:image:width\" content=\"1000\" \/>\n\t<meta property=\"og:image:height\" content=\"664\" \/>\n\t<meta property=\"og:image:type\" content=\"image\/jpeg\" \/>\n<meta name=\"author\" content=\"Luzimara Fernandes\" \/>\n<meta name=\"twitter:card\" content=\"summary_large_image\" \/>\n<meta name=\"twitter:label1\" content=\"Escrito por\" \/>\n\t<meta name=\"twitter:data1\" content=\"Luzimara Fernandes\" \/>\n\t<meta name=\"twitter:label2\" content=\"Est. tempo de leitura\" \/>\n\t<meta name=\"twitter:data2\" content=\"2 minutos\" \/>\n<script type=\"application\/ld+json\" class=\"yoast-schema-graph\">{\"@context\":\"https:\/\/schema.org\",\"@graph\":[{\"@type\":\"Article\",\"@id\":\"https:\/\/jornalfatosenoticias.com.br\/index.php\/2020\/12\/21\/seama-publica-andada-do-caranguejo-uca-para-2021\/#article\",\"isPartOf\":{\"@id\":\"https:\/\/jornalfatosenoticias.com.br\/index.php\/2020\/12\/21\/seama-publica-andada-do-caranguejo-uca-para-2021\/\"},\"author\":{\"name\":\"Luzimara Fernandes\",\"@id\":\"https:\/\/jornalfatosenoticias.com.br\/#\/schema\/person\/d63837fa13ac8666eb9e74e0985d6f81\"},\"headline\":\"Seama publica andada do caranguejo-u\u00e7\u00e1 para 2021\",\"datePublished\":\"2020-12-21T14:41:11+00:00\",\"dateModified\":\"2020-12-21T14:41:15+00:00\",\"mainEntityOfPage\":{\"@id\":\"https:\/\/jornalfatosenoticias.com.br\/index.php\/2020\/12\/21\/seama-publica-andada-do-caranguejo-uca-para-2021\/\"},\"wordCount\":436,\"commentCount\":0,\"publisher\":{\"@id\":\"https:\/\/jornalfatosenoticias.com.br\/#organization\"},\"image\":{\"@id\":\"https:\/\/jornalfatosenoticias.com.br\/index.php\/2020\/12\/21\/seama-publica-andada-do-caranguejo-uca-para-2021\/#primaryimage\"},\"thumbnailUrl\":\"https:\/\/jornalfatosenoticias.com.br\/wp-content\/uploads\/2020\/12\/caranguejo-uca.jpg\",\"keywords\":[\"andada\",\"caranguejo-u\u00e7\u00e1\",\"manguezais\",\"preserva\u00e7\u00e3o\"],\"articleSection\":[\"Meio ambiente\"],\"inLanguage\":\"pt-BR\",\"potentialAction\":[{\"@type\":\"CommentAction\",\"name\":\"Comment\",\"target\":[\"https:\/\/jornalfatosenoticias.com.br\/index.php\/2020\/12\/21\/seama-publica-andada-do-caranguejo-uca-para-2021\/#respond\"]}]},{\"@type\":\"WebPage\",\"@id\":\"https:\/\/jornalfatosenoticias.com.br\/index.php\/2020\/12\/21\/seama-publica-andada-do-caranguejo-uca-para-2021\/\",\"url\":\"https:\/\/jornalfatosenoticias.com.br\/index.php\/2020\/12\/21\/seama-publica-andada-do-caranguejo-uca-para-2021\/\",\"name\":\"Seama publica andada do caranguejo-u\u00e7\u00e1 para 2021 - Jornal Fatos e Not\u00edcias\",\"isPartOf\":{\"@id\":\"https:\/\/jornalfatosenoticias.com.br\/#website\"},\"primaryImageOfPage\":{\"@id\":\"https:\/\/jornalfatosenoticias.com.br\/index.php\/2020\/12\/21\/seama-publica-andada-do-caranguejo-uca-para-2021\/#primaryimage\"},\"image\":{\"@id\":\"https:\/\/jornalfatosenoticias.com.br\/index.php\/2020\/12\/21\/seama-publica-andada-do-caranguejo-uca-para-2021\/#primaryimage\"},\"thumbnailUrl\":\"https:\/\/jornalfatosenoticias.com.br\/wp-content\/uploads\/2020\/12\/caranguejo-uca.jpg\",\"datePublished\":\"2020-12-21T14:41:11+00:00\",\"dateModified\":\"2020-12-21T14:41:15+00:00\",\"breadcrumb\":{\"@id\":\"https:\/\/jornalfatosenoticias.com.br\/index.php\/2020\/12\/21\/seama-publica-andada-do-caranguejo-uca-para-2021\/#breadcrumb\"},\"inLanguage\":\"pt-BR\",\"potentialAction\":[{\"@type\":\"ReadAction\",\"target\":[\"https:\/\/jornalfatosenoticias.com.br\/index.php\/2020\/12\/21\/seama-publica-andada-do-caranguejo-uca-para-2021\/\"]}]},{\"@type\":\"ImageObject\",\"inLanguage\":\"pt-BR\",\"@id\":\"https:\/\/jornalfatosenoticias.com.br\/index.php\/2020\/12\/21\/seama-publica-andada-do-caranguejo-uca-para-2021\/#primaryimage\",\"url\":\"https:\/\/jornalfatosenoticias.com.br\/wp-content\/uploads\/2020\/12\/caranguejo-uca.jpg\",\"contentUrl\":\"https:\/\/jornalfatosenoticias.com.br\/wp-content\/uploads\/2020\/12\/caranguejo-uca.jpg\",\"width\":1000,\"height\":664},{\"@type\":\"BreadcrumbList\",\"@id\":\"https:\/\/jornalfatosenoticias.com.br\/index.php\/2020\/12\/21\/seama-publica-andada-do-caranguejo-uca-para-2021\/#breadcrumb\",\"itemListElement\":[{\"@type\":\"ListItem\",\"position\":1,\"name\":\"In\u00edcio\",\"item\":\"https:\/\/jornalfatosenoticias.com.br\/\"},{\"@type\":\"ListItem\",\"position\":2,\"name\":\"Seama publica andada do caranguejo-u\u00e7\u00e1 para 2021\"}]},{\"@type\":\"WebSite\",\"@id\":\"https:\/\/jornalfatosenoticias.com.br\/#website\",\"url\":\"https:\/\/jornalfatosenoticias.com.br\/\",\"name\":\"Jornal Fatos e Not\u00edcias\",\"description\":\"Not\u00edcias em geral\",\"publisher\":{\"@id\":\"https:\/\/jornalfatosenoticias.com.br\/#organization\"},\"potentialAction\":[{\"@type\":\"SearchAction\",\"target\":{\"@type\":\"EntryPoint\",\"urlTemplate\":\"https:\/\/jornalfatosenoticias.com.br\/?s={search_term_string}\"},\"query-input\":{\"@type\":\"PropertyValueSpecification\",\"valueRequired\":true,\"valueName\":\"search_term_string\"}}],\"inLanguage\":\"pt-BR\"},{\"@type\":\"Organization\",\"@id\":\"https:\/\/jornalfatosenoticias.com.br\/#organization\",\"name\":\"Jornal Fatos e Not\u00edcias\",\"url\":\"https:\/\/jornalfatosenoticias.com.br\/\",\"logo\":{\"@type\":\"ImageObject\",\"inLanguage\":\"pt-BR\",\"@id\":\"https:\/\/jornalfatosenoticias.com.br\/#\/schema\/logo\/image\/\",\"url\":\"https:\/\/jornalfatosenoticias.com.br\/wp-content\/uploads\/2020\/02\/logo120.png\",\"contentUrl\":\"https:\/\/jornalfatosenoticias.com.br\/wp-content\/uploads\/2020\/02\/logo120.png\",\"width\":1227,\"height\":120,\"caption\":\"Jornal Fatos e Not\u00edcias\"},\"image\":{\"@id\":\"https:\/\/jornalfatosenoticias.com.br\/#\/schema\/logo\/image\/\"}},{\"@type\":\"Person\",\"@id\":\"https:\/\/jornalfatosenoticias.com.br\/#\/schema\/person\/d63837fa13ac8666eb9e74e0985d6f81\",\"name\":\"Luzimara Fernandes\",\"image\":{\"@type\":\"ImageObject\",\"inLanguage\":\"pt-BR\",\"@id\":\"https:\/\/jornalfatosenoticias.com.br\/#\/schema\/person\/image\/\",\"url\":\"https:\/\/jornalfatosenoticias.com.br\/wp-content\/uploads\/2025\/05\/EU_portal.jpg\",\"contentUrl\":\"https:\/\/jornalfatosenoticias.com.br\/wp-content\/uploads\/2025\/05\/EU_portal.jpg\",\"caption\":\"Luzimara Fernandes\"},\"description\":\"Jornalista MTB 2358-ES\",\"sameAs\":[\"https:\/\/jornalfatosenoticias.com.br\"],\"url\":\"https:\/\/jornalfatosenoticias.com.br\/index.php\/author\/luzimara\/\"}]}<\/script>\n<!-- \/ Yoast SEO plugin. -->","yoast_head_json":{"title":"Seama publica andada do caranguejo-u\u00e7\u00e1 para 2021 - Jornal Fatos e Not\u00edcias","robots":{"index":"index","follow":"follow","max-snippet":"max-snippet:-1","max-image-preview":"max-image-preview:large","max-video-preview":"max-video-preview:-1"},"canonical":"https:\/\/jornalfatosenoticias.com.br\/index.php\/2020\/12\/21\/seama-publica-andada-do-caranguejo-uca-para-2021\/","og_locale":"pt_BR","og_type":"article","og_title":"Seama publica andada do caranguejo-u\u00e7\u00e1 para 2021 - Jornal Fatos e Not\u00edcias","og_description":"Portaria pro\u00edbe a captura, o confinamento artificial em cativeiro do animal vivo, transporte, beneficiamento, industrializa\u00e7\u00e3o, armazenamento e a comercializa\u00e7\u00e3o dos indiv\u00edduos e das partes isoladas, em todo o Esp\u00edrito Santo A Secretaria de Meio Ambiente e Recursos H\u00eddricos (Seama) publicou, por meio da Portaria 022-R, o calend\u00e1rio com os per\u00edodos das andadas dos caranguejos da [&hellip;]","og_url":"https:\/\/jornalfatosenoticias.com.br\/index.php\/2020\/12\/21\/seama-publica-andada-do-caranguejo-uca-para-2021\/","og_site_name":"Jornal Fatos e Not\u00edcias","article_published_time":"2020-12-21T14:41:11+00:00","article_modified_time":"2020-12-21T14:41:15+00:00","og_image":[{"width":1000,"height":664,"url":"https:\/\/jornalfatosenoticias.com.br\/wp-content\/uploads\/2020\/12\/caranguejo-uca.jpg","type":"image\/jpeg"}],"author":"Luzimara Fernandes","twitter_card":"summary_large_image","twitter_misc":{"Escrito por":"Luzimara Fernandes","Est. tempo de leitura":"2 minutos"},"schema":{"@context":"https:\/\/schema.org","@graph":[{"@type":"Article","@id":"https:\/\/jornalfatosenoticias.com.br\/index.php\/2020\/12\/21\/seama-publica-andada-do-caranguejo-uca-para-2021\/#article","isPartOf":{"@id":"https:\/\/jornalfatosenoticias.com.br\/index.php\/2020\/12\/21\/seama-publica-andada-do-caranguejo-uca-para-2021\/"},"author":{"name":"Luzimara Fernandes","@id":"https:\/\/jornalfatosenoticias.com.br\/#\/schema\/person\/d63837fa13ac8666eb9e74e0985d6f81"},"headline":"Seama publica andada do caranguejo-u\u00e7\u00e1 para 2021","datePublished":"2020-12-21T14:41:11+00:00","dateModified":"2020-12-21T14:41:15+00:00","mainEntityOfPage":{"@id":"https:\/\/jornalfatosenoticias.com.br\/index.php\/2020\/12\/21\/seama-publica-andada-do-caranguejo-uca-para-2021\/"},"wordCount":436,"commentCount":0,"publisher":{"@id":"https:\/\/jornalfatosenoticias.com.br\/#organization"},"image":{"@id":"https:\/\/jornalfatosenoticias.com.br\/index.php\/2020\/12\/21\/seama-publica-andada-do-caranguejo-uca-para-2021\/#primaryimage"},"thumbnailUrl":"https:\/\/jornalfatosenoticias.com.br\/wp-content\/uploads\/2020\/12\/caranguejo-uca.jpg","keywords":["andada","caranguejo-u\u00e7\u00e1","manguezais","preserva\u00e7\u00e3o"],"articleSection":["Meio ambiente"],"inLanguage":"pt-BR","potentialAction":[{"@type":"CommentAction","name":"Comment","target":["https:\/\/jornalfatosenoticias.com.br\/index.php\/2020\/12\/21\/seama-publica-andada-do-caranguejo-uca-para-2021\/#respond"]}]},{"@type":"WebPage","@id":"https:\/\/jornalfatosenoticias.com.br\/index.php\/2020\/12\/21\/seama-publica-andada-do-caranguejo-uca-para-2021\/","url":"https:\/\/jornalfatosenoticias.com.br\/index.php\/2020\/12\/21\/seama-publica-andada-do-caranguejo-uca-para-2021\/","name":"Seama publica andada do caranguejo-u\u00e7\u00e1 para 2021 - Jornal Fatos e Not\u00edcias","isPartOf":{"@id":"https:\/\/jornalfatosenoticias.com.br\/#website"},"primaryImageOfPage":{"@id":"https:\/\/jornalfatosenoticias.com.br\/index.php\/2020\/12\/21\/seama-publica-andada-do-caranguejo-uca-para-2021\/#primaryimage"},"image":{"@id":"https:\/\/jornalfatosenoticias.com.br\/index.php\/2020\/12\/21\/seama-publica-andada-do-caranguejo-uca-para-2021\/#primaryimage"},"thumbnailUrl":"https:\/\/jornalfatosenoticias.com.br\/wp-content\/uploads\/2020\/12\/caranguejo-uca.jpg","datePublished":"2020-12-21T14:41:11+00:00","dateModified":"2020-12-21T14:41:15+00:00","breadcrumb":{"@id":"https:\/\/jornalfatosenoticias.com.br\/index.php\/2020\/12\/21\/seama-publica-andada-do-caranguejo-uca-para-2021\/#breadcrumb"},"inLanguage":"pt-BR","potentialAction":[{"@type":"ReadAction","target":["https:\/\/jornalfatosenoticias.com.br\/index.php\/2020\/12\/21\/seama-publica-andada-do-caranguejo-uca-para-2021\/"]}]},{"@type":"ImageObject","inLanguage":"pt-BR","@id":"https:\/\/jornalfatosenoticias.com.br\/index.php\/2020\/12\/21\/seama-publica-andada-do-caranguejo-uca-para-2021\/#primaryimage","url":"https:\/\/jornalfatosenoticias.com.br\/wp-content\/uploads\/2020\/12\/caranguejo-uca.jpg","contentUrl":"https:\/\/jornalfatosenoticias.com.br\/wp-content\/uploads\/2020\/12\/caranguejo-uca.jpg","width":1000,"height":664},{"@type":"BreadcrumbList","@id":"https:\/\/jornalfatosenoticias.com.br\/index.php\/2020\/12\/21\/seama-publica-andada-do-caranguejo-uca-para-2021\/#breadcrumb","itemListElement":[{"@type":"ListItem","position":1,"name":"In\u00edcio","item":"https:\/\/jornalfatosenoticias.com.br\/"},{"@type":"ListItem","position":2,"name":"Seama publica andada do caranguejo-u\u00e7\u00e1 para 2021"}]},{"@type":"WebSite","@id":"https:\/\/jornalfatosenoticias.com.br\/#website","url":"https:\/\/jornalfatosenoticias.com.br\/","name":"Jornal Fatos e Not\u00edcias","description":"Not\u00edcias em geral","publisher":{"@id":"https:\/\/jornalfatosenoticias.com.br\/#organization"},"potentialAction":[{"@type":"SearchAction","target":{"@type":"EntryPoint","urlTemplate":"https:\/\/jornalfatosenoticias.com.br\/?s={search_term_string}"},"query-input":{"@type":"PropertyValueSpecification","valueRequired":true,"valueName":"search_term_string"}}],"inLanguage":"pt-BR"},{"@type":"Organization","@id":"https:\/\/jornalfatosenoticias.com.br\/#organization","name":"Jornal Fatos e Not\u00edcias","url":"https:\/\/jornalfatosenoticias.com.br\/","logo":{"@type":"ImageObject","inLanguage":"pt-BR","@id":"https:\/\/jornalfatosenoticias.com.br\/#\/schema\/logo\/image\/","url":"https:\/\/jornalfatosenoticias.com.br\/wp-content\/uploads\/2020\/02\/logo120.png","contentUrl":"https:\/\/jornalfatosenoticias.com.br\/wp-content\/uploads\/2020\/02\/logo120.png","width":1227,"height":120,"caption":"Jornal Fatos e Not\u00edcias"},"image":{"@id":"https:\/\/jornalfatosenoticias.com.br\/#\/schema\/logo\/image\/"}},{"@type":"Person","@id":"https:\/\/jornalfatosenoticias.com.br\/#\/schema\/person\/d63837fa13ac8666eb9e74e0985d6f81","name":"Luzimara Fernandes","image":{"@type":"ImageObject","inLanguage":"pt-BR","@id":"https:\/\/jornalfatosenoticias.com.br\/#\/schema\/person\/image\/","url":"https:\/\/jornalfatosenoticias.com.br\/wp-content\/uploads\/2025\/05\/EU_portal.jpg","contentUrl":"https:\/\/jornalfatosenoticias.com.br\/wp-content\/uploads\/2025\/05\/EU_portal.jpg","caption":"Luzimara Fernandes"},"description":"Jornalista MTB 2358-ES","sameAs":["https:\/\/jornalfatosenoticias.com.br"],"url":"https:\/\/jornalfatosenoticias.com.br\/index.php\/author\/luzimara\/"}]}},"cc_featured_image_caption":{"caption_text":"(Foto: Ascom\/Seama)","source_text":"","source_url":""},"jetpack_featured_media_url":"https:\/\/jornalfatosenoticias.com.br\/wp-content\/uploads\/2020\/12\/caranguejo-uca.jpg","_links":{"self":[{"href":"https:\/\/jornalfatosenoticias.com.br\/index.php\/wp-json\/wp\/v2\/posts\/12714","targetHints":{"allow":["GET"]}}],"collection":[{"href":"https:\/\/jornalfatosenoticias.com.br\/index.php\/wp-json\/wp\/v2\/posts"}],"about":[{"href":"https:\/\/jornalfatosenoticias.com.br\/index.php\/wp-json\/wp\/v2\/types\/post"}],"author":[{"embeddable":true,"href":"https:\/\/jornalfatosenoticias.com.br\/index.php\/wp-json\/wp\/v2\/users\/2"}],"replies":[{"embeddable":true,"href":"https:\/\/jornalfatosenoticias.com.br\/index.php\/wp-json\/wp\/v2\/comments?post=12714"}],"version-history":[{"count":0,"href":"https:\/\/jornalfatosenoticias.com.br\/index.php\/wp-json\/wp\/v2\/posts\/12714\/revisions"}],"wp:featuredmedia":[{"embeddable":true,"href":"https:\/\/jornalfatosenoticias.com.br\/index.php\/wp-json\/wp\/v2\/media\/12715"}],"wp:attachment":[{"href":"https:\/\/jornalfatosenoticias.com.br\/index.php\/wp-json\/wp\/v2\/media?parent=12714"}],"wp:term":[{"taxonomy":"category","embeddable":true,"href":"https:\/\/jornalfatosenoticias.com.br\/index.php\/wp-json\/wp\/v2\/categories?post=12714"},{"taxonomy":"post_tag","embeddable":true,"href":"https:\/\/jornalfatosenoticias.com.br\/index.php\/wp-json\/wp\/v2\/tags?post=12714"}],"curies":[{"name":"wp","href":"https:\/\/api.w.org\/{rel}","templated":true}]}}