{"id":12741,"date":"2020-12-22T09:13:26","date_gmt":"2020-12-22T12:13:26","guid":{"rendered":"https:\/\/jornalfatosenoticias.com.br\/?p=12741"},"modified":"2020-12-22T09:13:30","modified_gmt":"2020-12-22T12:13:30","slug":"integracao-dos-sistemas-transcol-e-municipal-de-vitoria-comecara-no-dia-07-de-marco-de-2021","status":"publish","type":"post","link":"https:\/\/jornalfatosenoticias.com.br\/index.php\/2020\/12\/22\/integracao-dos-sistemas-transcol-e-municipal-de-vitoria-comecara-no-dia-07-de-marco-de-2021\/","title":{"rendered":"Integra\u00e7\u00e3o dos Sistemas Transcol e Municipal de Vit\u00f3ria come\u00e7ar\u00e1 no dia 07 de mar\u00e7o de 2021"},"content":{"rendered":"\n<h6 class=\"wp-block-heading\"><em>Quando a opera\u00e7\u00e3o for iniciada, as linhas municipais passar\u00e3o a ser denominadas linhas alimentadoras do sistema Transcol e o usu\u00e1rio poder\u00e1 se integrar com as linhas troncais e vice-versa<\/em><\/h6>\n\n\n\n<p>Os sistemas Transcol e municipal de Vit\u00f3ria v\u00e3o operar de maneira integrada a partir do dia 07 de mar\u00e7o de 2021. Essa ser\u00e1 a quarta e \u00faltima etapa do processo de integra\u00e7\u00e3o das linhas municipais de Vit\u00f3ria. Quando a opera\u00e7\u00e3o for iniciada, as linhas municipais passar\u00e3o a ser denominadas linhas alimentadoras do sistema Transcol e o usu\u00e1rio poder\u00e1 se integrar com as linhas troncais e vice-versa, por meio de terminais virtuais de integra\u00e7\u00e3o, sem precisar pagar nova tarifa.<br>Por enquanto, a possibilidade de realizar a integra\u00e7\u00e3o via os terminais virtuais ser\u00e1 a \u00fanica mudan\u00e7a para o usu\u00e1rio do transporte coletivo. Neste momento, n\u00e3o haver\u00e1 altera\u00e7\u00f5es nas linhas e itiner\u00e1rios. Os ajustes ser\u00e3o realizados pontualmente, \u00e0 medida que forem identificadas demandas das comunidades para melhoria do servi\u00e7o.<\/p>\n\n\n\n<blockquote class=\"wp-block-quote is-layout-flow wp-block-quote-is-layout-flow\"><p>\u201cEstamos conseguindo fechar, em um ano dif\u00edcil, sem grandes preju\u00edzos no transporte coletivo. Tivemos muitos desafios, mas conseguimos administrar os efeitos da pandemia e atender \u00e0 popula\u00e7\u00e3o. E agora estamos dando mais um passo importante no processo de melhoria do transporte coletivo\u201d, destacou o secret\u00e1rio de Estado de Mobilidade e Infraestrutura, F\u00e1bio Damasceno.<\/p><\/blockquote>\n\n\n\n<h4 class=\"wp-block-heading\">Terminais virtuais<\/h4>\n\n\n\n<p>Os passageiros poder\u00e3o fazer a integra\u00e7\u00e3o de uma linha alimentadora de Vit\u00f3ria com uma linha troncal e vice-versa por meio de terminais de integra\u00e7\u00e3o, que ficar\u00e3o em pontos espec\u00edficos de grande movimento na Capital. O passageiro que embarcar numa alimentadora de Vit\u00f3ria ter\u00e1 at\u00e9 uma hora para validar seu cart\u00e3o em um terminal virtual e embarcar numa linha troncal sem pagar uma nova tarifa. J\u00e1 quem vem de uma linha troncal (Transcol), ter\u00e1 at\u00e9 duas horas para efetuar o mesmo procedimento e embarcar numa linha alimentadora municipal.<br>Os terminais virtuais ficar\u00e3o localizados em seis pontos da Capital: Shopping Vit\u00f3ria, Shopping Boulevard (Reta da Penha), Portal do Pr\u00edncipe (Rodovi\u00e1ria), Pracinha de Eucalipto (Maru\u00edpe), antigo terminal Aquavi\u00e1rio do Dom Bosco e na Avenida Serafim Derenzi, em S\u00e3o Pedro.<\/p>\n\n\n\n<h4 class=\"wp-block-heading\">Processo de integra\u00e7\u00e3o<\/h4>\n\n\n\n<p>A Integra\u00e7\u00e3o do sistema de transporte coletivo municipal com o sistema Transcol come\u00e7ou a ser preparada ainda em 2019. Primeiro, foi necess\u00e1rio realizar a troca do sistema de bilhetagem para um sistema mais moderno. Para que os usu\u00e1rios de bilhetagem eletr\u00f4nica n\u00e3o precisassem trocar seus cart\u00f5es, foi realizada de maneira in\u00e9dita no Pa\u00eds, a migra\u00e7\u00e3o dos dados dos usu\u00e1rios de um sistema de bilhetagem para o outro de maneira embarcada, nos pr\u00f3prios coletivos. Assim, n\u00e3o houve necessidade de os usur\u00e1rios procurarem postos de atendimento para realizar o procedimento. Esta foi a primeira etapa da integra\u00e7\u00e3o.<br>Posteriormente, os usu\u00e1rios do sistema Transcol tamb\u00e9m realizarem o procedimento e foi lan\u00e7ado o novo cart\u00e3o do sistema \u2014 O Cart\u00e3oGV, que se tornou o cart\u00e3o oficialmente usado pelos sistemas metropolitanos e municipais. Vale ressaltar que os cart\u00f5es migrados se tornaram Cart\u00e3oGV automaticamente, correspondendo a segunda etapa.<br>J\u00e1 a terceira etapa da integra\u00e7\u00e3o permitiu utilizar o mesmo Cart\u00e3o de bilhetagem \u2014 Cart\u00e3oGV \u2014 em qualquer um dos sistemas de transporte. Assim, o passageiro com o cart\u00e3o antigo do munic\u00edpio de vit\u00f3ria e que realizou a migra\u00e7\u00e3o podia utilizar tamb\u00e9m o transporte metropolitano, o Transcol. A integra\u00e7\u00e3o por meio dos terminais virtuais \u00e9 a \u00faltima fase deste processo.<\/p>\n\n\n\n<h4 class=\"wp-block-heading\">Termo de Compromisso<\/h4>\n\n\n\n<p>A integra\u00e7\u00e3o tem base na Lei Complementar n\u00ba 750\/2013 que tamb\u00e9m disp\u00f4s sobre a possibilidade de ades\u00e3o de novos munic\u00edpios ao Transcol, raz\u00e3o pela qual o munic\u00edpio de Vit\u00f3ria, por meio da Emenda \u00e0 Lei Org\u00e2nica n\u00ba 67, de 9 de agosto de 2017, institui a possibilidade de que o transporte coletivo de passageiros pudesse ser integrado ao Sistema de Transporte Coletivo da Regi\u00e3o Metropolitana, o que foi consolidado atrav\u00e9s da celebra\u00e7\u00e3o do 1\u00ba Termo Aditivo de Ratifica\u00e7\u00e3o e Inclus\u00e3o ao Conv\u00eanio de Coopera\u00e7\u00e3o T\u00e9cnica Setop n\u00ba 001\/2014, assinado em 20 de dezembro de 2019.<br>Nesta semana, foi assinado tamb\u00e9m o 2\u00ba Termo Aditivo ao Termo de Compromisso de Ajustamento de Conduta entre o Minist\u00e9rio P\u00fablico e o Munic\u00edpio de Vit\u00f3ria, com interveni\u00eancia da Secretaria de Mobilidade e Infraestrutura, que estabelece o prazo de 60 dias para a realiza\u00e7\u00e3o dos procedimentos t\u00e9cnicos e operacionais para a integra\u00e7\u00e3o.<\/p>\n\n\n\n<p><strong><em>Fonte: <a href=\"https:\/\/www.es.gov.br\/Noticia\/integracao-dos-sistemas-transcol-e-municipal-de-vitoria-comecara-no-dia-07-de-marco-de-2021\">Governo do ES<\/a><\/em><\/strong><\/p>\n","protected":false},"excerpt":{"rendered":"<p>Quando a opera\u00e7\u00e3o for iniciada, as linhas municipais passar\u00e3o a ser denominadas linhas alimentadoras do sistema Transcol e o usu\u00e1rio poder\u00e1 se integrar com as linhas troncais e vice-versa Os sistemas Transcol e municipal de Vit\u00f3ria v\u00e3o operar de maneira integrada a partir do dia 07 de mar\u00e7o de 2021. Essa ser\u00e1 a quarta e [&hellip;]<\/p>\n","protected":false},"author":2,"featured_media":12742,"comment_status":"open","ping_status":"open","sticky":false,"template":"","format":"standard","meta":{"footnotes":""},"categories":[5],"tags":[6627,6629,6628,6630],"class_list":["post-12741","post","type-post","status-publish","format-standard","has-post-thumbnail","hentry","category-geral","tag-integracao","tag-linhas-alimentadoras","tag-sistema-transcol","tag-transporte-coletivo"],"yoast_head":"<!-- This site is optimized with the Yoast SEO plugin v26.5 - https:\/\/yoast.com\/wordpress\/plugins\/seo\/ -->\n<title>Integra\u00e7\u00e3o dos Sistemas Transcol e Municipal de Vit\u00f3ria come\u00e7ar\u00e1 no dia 07 de mar\u00e7o de 2021 - Jornal Fatos e Not\u00edcias<\/title>\n<meta name=\"robots\" content=\"index, follow, max-snippet:-1, max-image-preview:large, max-video-preview:-1\" \/>\n<link rel=\"canonical\" href=\"https:\/\/jornalfatosenoticias.com.br\/index.php\/2020\/12\/22\/integracao-dos-sistemas-transcol-e-municipal-de-vitoria-comecara-no-dia-07-de-marco-de-2021\/\" \/>\n<meta property=\"og:locale\" content=\"pt_BR\" \/>\n<meta property=\"og:type\" content=\"article\" \/>\n<meta property=\"og:title\" content=\"Integra\u00e7\u00e3o dos Sistemas Transcol e Municipal de Vit\u00f3ria come\u00e7ar\u00e1 no dia 07 de mar\u00e7o de 2021 - Jornal Fatos e Not\u00edcias\" \/>\n<meta property=\"og:description\" content=\"Quando a opera\u00e7\u00e3o for iniciada, as linhas municipais passar\u00e3o a ser denominadas linhas alimentadoras do sistema Transcol e o usu\u00e1rio poder\u00e1 se integrar com as linhas troncais e vice-versa Os sistemas Transcol e municipal de Vit\u00f3ria v\u00e3o operar de maneira integrada a partir do dia 07 de mar\u00e7o de 2021. Essa ser\u00e1 a quarta e [&hellip;]\" \/>\n<meta property=\"og:url\" content=\"https:\/\/jornalfatosenoticias.com.br\/index.php\/2020\/12\/22\/integracao-dos-sistemas-transcol-e-municipal-de-vitoria-comecara-no-dia-07-de-marco-de-2021\/\" \/>\n<meta property=\"og:site_name\" content=\"Jornal Fatos e Not\u00edcias\" \/>\n<meta property=\"article:published_time\" content=\"2020-12-22T12:13:26+00:00\" \/>\n<meta property=\"article:modified_time\" content=\"2020-12-22T12:13:30+00:00\" \/>\n<meta property=\"og:image\" content=\"https:\/\/jornalfatosenoticias.com.br\/wp-content\/uploads\/2020\/12\/cartao-passagem.png\" \/>\n\t<meta property=\"og:image:width\" content=\"1000\" \/>\n\t<meta property=\"og:image:height\" content=\"629\" \/>\n\t<meta property=\"og:image:type\" content=\"image\/png\" \/>\n<meta name=\"author\" content=\"Luzimara Fernandes\" \/>\n<meta name=\"twitter:card\" content=\"summary_large_image\" \/>\n<meta name=\"twitter:label1\" content=\"Escrito por\" \/>\n\t<meta name=\"twitter:data1\" content=\"Luzimara Fernandes\" \/>\n\t<meta name=\"twitter:label2\" content=\"Est. tempo de leitura\" \/>\n\t<meta name=\"twitter:data2\" content=\"4 minutos\" \/>\n<script type=\"application\/ld+json\" class=\"yoast-schema-graph\">{\"@context\":\"https:\/\/schema.org\",\"@graph\":[{\"@type\":\"Article\",\"@id\":\"https:\/\/jornalfatosenoticias.com.br\/index.php\/2020\/12\/22\/integracao-dos-sistemas-transcol-e-municipal-de-vitoria-comecara-no-dia-07-de-marco-de-2021\/#article\",\"isPartOf\":{\"@id\":\"https:\/\/jornalfatosenoticias.com.br\/index.php\/2020\/12\/22\/integracao-dos-sistemas-transcol-e-municipal-de-vitoria-comecara-no-dia-07-de-marco-de-2021\/\"},\"author\":{\"name\":\"Luzimara Fernandes\",\"@id\":\"https:\/\/jornalfatosenoticias.com.br\/#\/schema\/person\/d63837fa13ac8666eb9e74e0985d6f81\"},\"headline\":\"Integra\u00e7\u00e3o dos Sistemas Transcol e Municipal de Vit\u00f3ria come\u00e7ar\u00e1 no dia 07 de mar\u00e7o de 2021\",\"datePublished\":\"2020-12-22T12:13:26+00:00\",\"dateModified\":\"2020-12-22T12:13:30+00:00\",\"mainEntityOfPage\":{\"@id\":\"https:\/\/jornalfatosenoticias.com.br\/index.php\/2020\/12\/22\/integracao-dos-sistemas-transcol-e-municipal-de-vitoria-comecara-no-dia-07-de-marco-de-2021\/\"},\"wordCount\":792,\"commentCount\":0,\"publisher\":{\"@id\":\"https:\/\/jornalfatosenoticias.com.br\/#organization\"},\"image\":{\"@id\":\"https:\/\/jornalfatosenoticias.com.br\/index.php\/2020\/12\/22\/integracao-dos-sistemas-transcol-e-municipal-de-vitoria-comecara-no-dia-07-de-marco-de-2021\/#primaryimage\"},\"thumbnailUrl\":\"https:\/\/jornalfatosenoticias.com.br\/wp-content\/uploads\/2020\/12\/cartao-passagem.png\",\"keywords\":[\"integra\u00e7\u00e3o\",\"linhas alimentadoras\",\"Sistema Transcol\",\"transporte coletivo\"],\"articleSection\":[\"Geral\"],\"inLanguage\":\"pt-BR\",\"potentialAction\":[{\"@type\":\"CommentAction\",\"name\":\"Comment\",\"target\":[\"https:\/\/jornalfatosenoticias.com.br\/index.php\/2020\/12\/22\/integracao-dos-sistemas-transcol-e-municipal-de-vitoria-comecara-no-dia-07-de-marco-de-2021\/#respond\"]}]},{\"@type\":\"WebPage\",\"@id\":\"https:\/\/jornalfatosenoticias.com.br\/index.php\/2020\/12\/22\/integracao-dos-sistemas-transcol-e-municipal-de-vitoria-comecara-no-dia-07-de-marco-de-2021\/\",\"url\":\"https:\/\/jornalfatosenoticias.com.br\/index.php\/2020\/12\/22\/integracao-dos-sistemas-transcol-e-municipal-de-vitoria-comecara-no-dia-07-de-marco-de-2021\/\",\"name\":\"Integra\u00e7\u00e3o dos Sistemas Transcol e Municipal de Vit\u00f3ria come\u00e7ar\u00e1 no dia 07 de mar\u00e7o de 2021 - Jornal Fatos e Not\u00edcias\",\"isPartOf\":{\"@id\":\"https:\/\/jornalfatosenoticias.com.br\/#website\"},\"primaryImageOfPage\":{\"@id\":\"https:\/\/jornalfatosenoticias.com.br\/index.php\/2020\/12\/22\/integracao-dos-sistemas-transcol-e-municipal-de-vitoria-comecara-no-dia-07-de-marco-de-2021\/#primaryimage\"},\"image\":{\"@id\":\"https:\/\/jornalfatosenoticias.com.br\/index.php\/2020\/12\/22\/integracao-dos-sistemas-transcol-e-municipal-de-vitoria-comecara-no-dia-07-de-marco-de-2021\/#primaryimage\"},\"thumbnailUrl\":\"https:\/\/jornalfatosenoticias.com.br\/wp-content\/uploads\/2020\/12\/cartao-passagem.png\",\"datePublished\":\"2020-12-22T12:13:26+00:00\",\"dateModified\":\"2020-12-22T12:13:30+00:00\",\"breadcrumb\":{\"@id\":\"https:\/\/jornalfatosenoticias.com.br\/index.php\/2020\/12\/22\/integracao-dos-sistemas-transcol-e-municipal-de-vitoria-comecara-no-dia-07-de-marco-de-2021\/#breadcrumb\"},\"inLanguage\":\"pt-BR\",\"potentialAction\":[{\"@type\":\"ReadAction\",\"target\":[\"https:\/\/jornalfatosenoticias.com.br\/index.php\/2020\/12\/22\/integracao-dos-sistemas-transcol-e-municipal-de-vitoria-comecara-no-dia-07-de-marco-de-2021\/\"]}]},{\"@type\":\"ImageObject\",\"inLanguage\":\"pt-BR\",\"@id\":\"https:\/\/jornalfatosenoticias.com.br\/index.php\/2020\/12\/22\/integracao-dos-sistemas-transcol-e-municipal-de-vitoria-comecara-no-dia-07-de-marco-de-2021\/#primaryimage\",\"url\":\"https:\/\/jornalfatosenoticias.com.br\/wp-content\/uploads\/2020\/12\/cartao-passagem.png\",\"contentUrl\":\"https:\/\/jornalfatosenoticias.com.br\/wp-content\/uploads\/2020\/12\/cartao-passagem.png\",\"width\":1000,\"height\":629},{\"@type\":\"BreadcrumbList\",\"@id\":\"https:\/\/jornalfatosenoticias.com.br\/index.php\/2020\/12\/22\/integracao-dos-sistemas-transcol-e-municipal-de-vitoria-comecara-no-dia-07-de-marco-de-2021\/#breadcrumb\",\"itemListElement\":[{\"@type\":\"ListItem\",\"position\":1,\"name\":\"In\u00edcio\",\"item\":\"https:\/\/jornalfatosenoticias.com.br\/\"},{\"@type\":\"ListItem\",\"position\":2,\"name\":\"Integra\u00e7\u00e3o dos Sistemas Transcol e Municipal de Vit\u00f3ria come\u00e7ar\u00e1 no dia 07 de mar\u00e7o de 2021\"}]},{\"@type\":\"WebSite\",\"@id\":\"https:\/\/jornalfatosenoticias.com.br\/#website\",\"url\":\"https:\/\/jornalfatosenoticias.com.br\/\",\"name\":\"Jornal Fatos e Not\u00edcias\",\"description\":\"Not\u00edcias em geral\",\"publisher\":{\"@id\":\"https:\/\/jornalfatosenoticias.com.br\/#organization\"},\"potentialAction\":[{\"@type\":\"SearchAction\",\"target\":{\"@type\":\"EntryPoint\",\"urlTemplate\":\"https:\/\/jornalfatosenoticias.com.br\/?s={search_term_string}\"},\"query-input\":{\"@type\":\"PropertyValueSpecification\",\"valueRequired\":true,\"valueName\":\"search_term_string\"}}],\"inLanguage\":\"pt-BR\"},{\"@type\":\"Organization\",\"@id\":\"https:\/\/jornalfatosenoticias.com.br\/#organization\",\"name\":\"Jornal Fatos e Not\u00edcias\",\"url\":\"https:\/\/jornalfatosenoticias.com.br\/\",\"logo\":{\"@type\":\"ImageObject\",\"inLanguage\":\"pt-BR\",\"@id\":\"https:\/\/jornalfatosenoticias.com.br\/#\/schema\/logo\/image\/\",\"url\":\"https:\/\/jornalfatosenoticias.com.br\/wp-content\/uploads\/2020\/02\/logo120.png\",\"contentUrl\":\"https:\/\/jornalfatosenoticias.com.br\/wp-content\/uploads\/2020\/02\/logo120.png\",\"width\":1227,\"height\":120,\"caption\":\"Jornal Fatos e Not\u00edcias\"},\"image\":{\"@id\":\"https:\/\/jornalfatosenoticias.com.br\/#\/schema\/logo\/image\/\"}},{\"@type\":\"Person\",\"@id\":\"https:\/\/jornalfatosenoticias.com.br\/#\/schema\/person\/d63837fa13ac8666eb9e74e0985d6f81\",\"name\":\"Luzimara Fernandes\",\"image\":{\"@type\":\"ImageObject\",\"inLanguage\":\"pt-BR\",\"@id\":\"https:\/\/jornalfatosenoticias.com.br\/#\/schema\/person\/image\/\",\"url\":\"https:\/\/jornalfatosenoticias.com.br\/wp-content\/uploads\/2025\/05\/EU_portal.jpg\",\"contentUrl\":\"https:\/\/jornalfatosenoticias.com.br\/wp-content\/uploads\/2025\/05\/EU_portal.jpg\",\"caption\":\"Luzimara Fernandes\"},\"description\":\"Jornalista MTB 2358-ES\",\"sameAs\":[\"https:\/\/jornalfatosenoticias.com.br\"],\"url\":\"https:\/\/jornalfatosenoticias.com.br\/index.php\/author\/luzimara\/\"}]}<\/script>\n<!-- \/ Yoast SEO plugin. -->","yoast_head_json":{"title":"Integra\u00e7\u00e3o dos Sistemas Transcol e Municipal de Vit\u00f3ria come\u00e7ar\u00e1 no dia 07 de mar\u00e7o de 2021 - Jornal Fatos e Not\u00edcias","robots":{"index":"index","follow":"follow","max-snippet":"max-snippet:-1","max-image-preview":"max-image-preview:large","max-video-preview":"max-video-preview:-1"},"canonical":"https:\/\/jornalfatosenoticias.com.br\/index.php\/2020\/12\/22\/integracao-dos-sistemas-transcol-e-municipal-de-vitoria-comecara-no-dia-07-de-marco-de-2021\/","og_locale":"pt_BR","og_type":"article","og_title":"Integra\u00e7\u00e3o dos Sistemas Transcol e Municipal de Vit\u00f3ria come\u00e7ar\u00e1 no dia 07 de mar\u00e7o de 2021 - Jornal Fatos e Not\u00edcias","og_description":"Quando a opera\u00e7\u00e3o for iniciada, as linhas municipais passar\u00e3o a ser denominadas linhas alimentadoras do sistema Transcol e o usu\u00e1rio poder\u00e1 se integrar com as linhas troncais e vice-versa Os sistemas Transcol e municipal de Vit\u00f3ria v\u00e3o operar de maneira integrada a partir do dia 07 de mar\u00e7o de 2021. Essa ser\u00e1 a quarta e [&hellip;]","og_url":"https:\/\/jornalfatosenoticias.com.br\/index.php\/2020\/12\/22\/integracao-dos-sistemas-transcol-e-municipal-de-vitoria-comecara-no-dia-07-de-marco-de-2021\/","og_site_name":"Jornal Fatos e Not\u00edcias","article_published_time":"2020-12-22T12:13:26+00:00","article_modified_time":"2020-12-22T12:13:30+00:00","og_image":[{"width":1000,"height":629,"url":"https:\/\/jornalfatosenoticias.com.br\/wp-content\/uploads\/2020\/12\/cartao-passagem.png","type":"image\/png"}],"author":"Luzimara Fernandes","twitter_card":"summary_large_image","twitter_misc":{"Escrito por":"Luzimara Fernandes","Est. tempo de leitura":"4 minutos"},"schema":{"@context":"https:\/\/schema.org","@graph":[{"@type":"Article","@id":"https:\/\/jornalfatosenoticias.com.br\/index.php\/2020\/12\/22\/integracao-dos-sistemas-transcol-e-municipal-de-vitoria-comecara-no-dia-07-de-marco-de-2021\/#article","isPartOf":{"@id":"https:\/\/jornalfatosenoticias.com.br\/index.php\/2020\/12\/22\/integracao-dos-sistemas-transcol-e-municipal-de-vitoria-comecara-no-dia-07-de-marco-de-2021\/"},"author":{"name":"Luzimara Fernandes","@id":"https:\/\/jornalfatosenoticias.com.br\/#\/schema\/person\/d63837fa13ac8666eb9e74e0985d6f81"},"headline":"Integra\u00e7\u00e3o dos Sistemas Transcol e Municipal de Vit\u00f3ria come\u00e7ar\u00e1 no dia 07 de mar\u00e7o de 2021","datePublished":"2020-12-22T12:13:26+00:00","dateModified":"2020-12-22T12:13:30+00:00","mainEntityOfPage":{"@id":"https:\/\/jornalfatosenoticias.com.br\/index.php\/2020\/12\/22\/integracao-dos-sistemas-transcol-e-municipal-de-vitoria-comecara-no-dia-07-de-marco-de-2021\/"},"wordCount":792,"commentCount":0,"publisher":{"@id":"https:\/\/jornalfatosenoticias.com.br\/#organization"},"image":{"@id":"https:\/\/jornalfatosenoticias.com.br\/index.php\/2020\/12\/22\/integracao-dos-sistemas-transcol-e-municipal-de-vitoria-comecara-no-dia-07-de-marco-de-2021\/#primaryimage"},"thumbnailUrl":"https:\/\/jornalfatosenoticias.com.br\/wp-content\/uploads\/2020\/12\/cartao-passagem.png","keywords":["integra\u00e7\u00e3o","linhas alimentadoras","Sistema Transcol","transporte coletivo"],"articleSection":["Geral"],"inLanguage":"pt-BR","potentialAction":[{"@type":"CommentAction","name":"Comment","target":["https:\/\/jornalfatosenoticias.com.br\/index.php\/2020\/12\/22\/integracao-dos-sistemas-transcol-e-municipal-de-vitoria-comecara-no-dia-07-de-marco-de-2021\/#respond"]}]},{"@type":"WebPage","@id":"https:\/\/jornalfatosenoticias.com.br\/index.php\/2020\/12\/22\/integracao-dos-sistemas-transcol-e-municipal-de-vitoria-comecara-no-dia-07-de-marco-de-2021\/","url":"https:\/\/jornalfatosenoticias.com.br\/index.php\/2020\/12\/22\/integracao-dos-sistemas-transcol-e-municipal-de-vitoria-comecara-no-dia-07-de-marco-de-2021\/","name":"Integra\u00e7\u00e3o dos Sistemas Transcol e Municipal de Vit\u00f3ria come\u00e7ar\u00e1 no dia 07 de mar\u00e7o de 2021 - Jornal Fatos e Not\u00edcias","isPartOf":{"@id":"https:\/\/jornalfatosenoticias.com.br\/#website"},"primaryImageOfPage":{"@id":"https:\/\/jornalfatosenoticias.com.br\/index.php\/2020\/12\/22\/integracao-dos-sistemas-transcol-e-municipal-de-vitoria-comecara-no-dia-07-de-marco-de-2021\/#primaryimage"},"image":{"@id":"https:\/\/jornalfatosenoticias.com.br\/index.php\/2020\/12\/22\/integracao-dos-sistemas-transcol-e-municipal-de-vitoria-comecara-no-dia-07-de-marco-de-2021\/#primaryimage"},"thumbnailUrl":"https:\/\/jornalfatosenoticias.com.br\/wp-content\/uploads\/2020\/12\/cartao-passagem.png","datePublished":"2020-12-22T12:13:26+00:00","dateModified":"2020-12-22T12:13:30+00:00","breadcrumb":{"@id":"https:\/\/jornalfatosenoticias.com.br\/index.php\/2020\/12\/22\/integracao-dos-sistemas-transcol-e-municipal-de-vitoria-comecara-no-dia-07-de-marco-de-2021\/#breadcrumb"},"inLanguage":"pt-BR","potentialAction":[{"@type":"ReadAction","target":["https:\/\/jornalfatosenoticias.com.br\/index.php\/2020\/12\/22\/integracao-dos-sistemas-transcol-e-municipal-de-vitoria-comecara-no-dia-07-de-marco-de-2021\/"]}]},{"@type":"ImageObject","inLanguage":"pt-BR","@id":"https:\/\/jornalfatosenoticias.com.br\/index.php\/2020\/12\/22\/integracao-dos-sistemas-transcol-e-municipal-de-vitoria-comecara-no-dia-07-de-marco-de-2021\/#primaryimage","url":"https:\/\/jornalfatosenoticias.com.br\/wp-content\/uploads\/2020\/12\/cartao-passagem.png","contentUrl":"https:\/\/jornalfatosenoticias.com.br\/wp-content\/uploads\/2020\/12\/cartao-passagem.png","width":1000,"height":629},{"@type":"BreadcrumbList","@id":"https:\/\/jornalfatosenoticias.com.br\/index.php\/2020\/12\/22\/integracao-dos-sistemas-transcol-e-municipal-de-vitoria-comecara-no-dia-07-de-marco-de-2021\/#breadcrumb","itemListElement":[{"@type":"ListItem","position":1,"name":"In\u00edcio","item":"https:\/\/jornalfatosenoticias.com.br\/"},{"@type":"ListItem","position":2,"name":"Integra\u00e7\u00e3o dos Sistemas Transcol e Municipal de Vit\u00f3ria come\u00e7ar\u00e1 no dia 07 de mar\u00e7o de 2021"}]},{"@type":"WebSite","@id":"https:\/\/jornalfatosenoticias.com.br\/#website","url":"https:\/\/jornalfatosenoticias.com.br\/","name":"Jornal Fatos e Not\u00edcias","description":"Not\u00edcias em geral","publisher":{"@id":"https:\/\/jornalfatosenoticias.com.br\/#organization"},"potentialAction":[{"@type":"SearchAction","target":{"@type":"EntryPoint","urlTemplate":"https:\/\/jornalfatosenoticias.com.br\/?s={search_term_string}"},"query-input":{"@type":"PropertyValueSpecification","valueRequired":true,"valueName":"search_term_string"}}],"inLanguage":"pt-BR"},{"@type":"Organization","@id":"https:\/\/jornalfatosenoticias.com.br\/#organization","name":"Jornal Fatos e Not\u00edcias","url":"https:\/\/jornalfatosenoticias.com.br\/","logo":{"@type":"ImageObject","inLanguage":"pt-BR","@id":"https:\/\/jornalfatosenoticias.com.br\/#\/schema\/logo\/image\/","url":"https:\/\/jornalfatosenoticias.com.br\/wp-content\/uploads\/2020\/02\/logo120.png","contentUrl":"https:\/\/jornalfatosenoticias.com.br\/wp-content\/uploads\/2020\/02\/logo120.png","width":1227,"height":120,"caption":"Jornal Fatos e Not\u00edcias"},"image":{"@id":"https:\/\/jornalfatosenoticias.com.br\/#\/schema\/logo\/image\/"}},{"@type":"Person","@id":"https:\/\/jornalfatosenoticias.com.br\/#\/schema\/person\/d63837fa13ac8666eb9e74e0985d6f81","name":"Luzimara Fernandes","image":{"@type":"ImageObject","inLanguage":"pt-BR","@id":"https:\/\/jornalfatosenoticias.com.br\/#\/schema\/person\/image\/","url":"https:\/\/jornalfatosenoticias.com.br\/wp-content\/uploads\/2025\/05\/EU_portal.jpg","contentUrl":"https:\/\/jornalfatosenoticias.com.br\/wp-content\/uploads\/2025\/05\/EU_portal.jpg","caption":"Luzimara Fernandes"},"description":"Jornalista MTB 2358-ES","sameAs":["https:\/\/jornalfatosenoticias.com.br"],"url":"https:\/\/jornalfatosenoticias.com.br\/index.php\/author\/luzimara\/"}]}},"cc_featured_image_caption":{"caption_text":"(Foto: Ascom\/Semobi)","source_text":"","source_url":""},"jetpack_featured_media_url":"https:\/\/jornalfatosenoticias.com.br\/wp-content\/uploads\/2020\/12\/cartao-passagem.png","_links":{"self":[{"href":"https:\/\/jornalfatosenoticias.com.br\/index.php\/wp-json\/wp\/v2\/posts\/12741","targetHints":{"allow":["GET"]}}],"collection":[{"href":"https:\/\/jornalfatosenoticias.com.br\/index.php\/wp-json\/wp\/v2\/posts"}],"about":[{"href":"https:\/\/jornalfatosenoticias.com.br\/index.php\/wp-json\/wp\/v2\/types\/post"}],"author":[{"embeddable":true,"href":"https:\/\/jornalfatosenoticias.com.br\/index.php\/wp-json\/wp\/v2\/users\/2"}],"replies":[{"embeddable":true,"href":"https:\/\/jornalfatosenoticias.com.br\/index.php\/wp-json\/wp\/v2\/comments?post=12741"}],"version-history":[{"count":0,"href":"https:\/\/jornalfatosenoticias.com.br\/index.php\/wp-json\/wp\/v2\/posts\/12741\/revisions"}],"wp:featuredmedia":[{"embeddable":true,"href":"https:\/\/jornalfatosenoticias.com.br\/index.php\/wp-json\/wp\/v2\/media\/12742"}],"wp:attachment":[{"href":"https:\/\/jornalfatosenoticias.com.br\/index.php\/wp-json\/wp\/v2\/media?parent=12741"}],"wp:term":[{"taxonomy":"category","embeddable":true,"href":"https:\/\/jornalfatosenoticias.com.br\/index.php\/wp-json\/wp\/v2\/categories?post=12741"},{"taxonomy":"post_tag","embeddable":true,"href":"https:\/\/jornalfatosenoticias.com.br\/index.php\/wp-json\/wp\/v2\/tags?post=12741"}],"curies":[{"name":"wp","href":"https:\/\/api.w.org\/{rel}","templated":true}]}}