{"id":12744,"date":"2020-12-22T09:19:10","date_gmt":"2020-12-22T12:19:10","guid":{"rendered":"https:\/\/jornalfatosenoticias.com.br\/?p=12744"},"modified":"2020-12-22T09:19:11","modified_gmt":"2020-12-22T12:19:11","slug":"predio-do-antigo-arquivo-publico-sera-restaurado-para-abrigar-galeria-homero-massena","status":"publish","type":"post","link":"https:\/\/jornalfatosenoticias.com.br\/index.php\/2020\/12\/22\/predio-do-antigo-arquivo-publico-sera-restaurado-para-abrigar-galeria-homero-massena\/","title":{"rendered":"Pr\u00e9dio do antigo Arquivo P\u00fablico ser\u00e1 restaurado para abrigar Galeria Homero Massena"},"content":{"rendered":"\n<h6 class=\"wp-block-heading\"><em>A licita\u00e7\u00e3o do projeto para a reforma foi aberta na \u00faltima quarta-feira (16)<\/em><\/h6>\n\n\n\n<p>O Governo do Estado publicou, na quarta-feira passada (16), no Di\u00e1rio Oficial do Esp\u00edrito Santo, a licita\u00e7\u00e3o do projeto para reforma e restauro do antigo pr\u00e9dio do Arquivo P\u00fablico, localizado na Cidade Alta, no Centro de Vit\u00f3ria. O pr\u00e9dio, que \u00e9 patrim\u00f4nio tombado do Esp\u00edrito Santo, abrigar\u00e1 a sede da Galeria Homero Massena, ap\u00f3s restauro.<br>O projeto dever\u00e1 prever a reforma e o restauro, amplia\u00e7\u00e3o da acessibilidade, estudos de estrutura e adapta\u00e7\u00e3o da arquitetura do espa\u00e7o para comportar caf\u00e9, biblioteca e o espa\u00e7o expositivo, al\u00e9m de projetar as necessidades hidr\u00e1ulicas, el\u00e9tricas e de sonoriza\u00e7\u00e3o. Ocupando o espa\u00e7o, a Galeria Homero Massena ganhar\u00e1 espa\u00e7o climatizado para o acervo, biblioteca, um caf\u00e9 e um quintal. A reforma e o restauro s\u00e3o uma parceria entre a Secretaria da Cultura (Secult) e o Departamento de Edifica\u00e7\u00f5es e de Rodovias (DER) do Esp\u00edrito Santo.<br>A previs\u00e3o \u00e9 de que o resultado da licita\u00e7\u00e3o saia no final de janeiro. A sess\u00e3o p\u00fablica ter\u00e1 abertura \u00e0s 14 horas do dia 25 de janeiro de 2021. O custo m\u00e1ximo do projeto ser\u00e1 de R$ 179 mil e a vig\u00eancia do contrato com a empresa ganhadora ser\u00e1 de 360 dias.<br>As empresas interessadas dever\u00e3o apresentar capacita\u00e7\u00e3o t\u00e9cnica em patrim\u00f4nio, engenharia e arquitetura. O Edital poder\u00e1 ser retirado no Audit\u00f3rio do DER, na Avenida Marechal Mascarenhas de Moraes, n\u00ba 1.501, na Ilha de Santa Maria, em Vit\u00f3ria, em dias \u00fateis, no hor\u00e1rio das 8h \u00e0s 11h e das 13h \u00e0s 16h, mediante apresenta\u00e7\u00e3o de DVD-Rom, ou no site do DER (<a href=\"https:\/\/der.es.gov.br\/licitacoes-2)\">https:\/\/der.es.gov.br\/licitacoes-2<\/a>).<\/p>\n\n\n\n<p><em><strong>Fonte: <a href=\"https:\/\/secult.es.gov.br\/Not%C3%ADcia\/predio-do-antigo-arquivo-publico-sera-restaurado-para-abrigar-galeria-homero-massena\">Secult-ES<\/a><\/strong><\/em><\/p>\n","protected":false},"excerpt":{"rendered":"<p>A licita\u00e7\u00e3o do projeto para a reforma foi aberta na \u00faltima quarta-feira (16) O Governo do Estado publicou, na quarta-feira passada (16), no Di\u00e1rio Oficial do Esp\u00edrito Santo, a licita\u00e7\u00e3o do projeto para reforma e restauro do antigo pr\u00e9dio do Arquivo P\u00fablico, localizado na Cidade Alta, no Centro de Vit\u00f3ria. O pr\u00e9dio, que \u00e9 patrim\u00f4nio [&hellip;]<\/p>\n","protected":false},"author":2,"featured_media":12745,"comment_status":"open","ping_status":"open","sticky":false,"template":"","format":"standard","meta":{"footnotes":""},"categories":[4],"tags":[397,6632,6631,1578],"class_list":["post-12744","post","type-post","status-publish","format-standard","has-post-thumbnail","hentry","category-cultura","tag-galeria-homero-massena","tag-patrimonio-publico","tag-predio-arquivo-publico","tag-reforma"],"yoast_head":"<!-- This site is optimized with the Yoast SEO plugin v26.5 - https:\/\/yoast.com\/wordpress\/plugins\/seo\/ -->\n<title>Pr\u00e9dio do antigo Arquivo P\u00fablico ser\u00e1 restaurado para abrigar Galeria Homero Massena - Jornal Fatos e Not\u00edcias<\/title>\n<meta name=\"robots\" content=\"index, follow, max-snippet:-1, max-image-preview:large, max-video-preview:-1\" \/>\n<link rel=\"canonical\" href=\"https:\/\/jornalfatosenoticias.com.br\/index.php\/2020\/12\/22\/predio-do-antigo-arquivo-publico-sera-restaurado-para-abrigar-galeria-homero-massena\/\" \/>\n<meta property=\"og:locale\" content=\"pt_BR\" \/>\n<meta property=\"og:type\" content=\"article\" \/>\n<meta property=\"og:title\" content=\"Pr\u00e9dio do antigo Arquivo P\u00fablico ser\u00e1 restaurado para abrigar Galeria Homero Massena - Jornal Fatos e Not\u00edcias\" \/>\n<meta property=\"og:description\" content=\"A licita\u00e7\u00e3o do projeto para a reforma foi aberta na \u00faltima quarta-feira (16) O Governo do Estado publicou, na quarta-feira passada (16), no Di\u00e1rio Oficial do Esp\u00edrito Santo, a licita\u00e7\u00e3o do projeto para reforma e restauro do antigo pr\u00e9dio do Arquivo P\u00fablico, localizado na Cidade Alta, no Centro de Vit\u00f3ria. O pr\u00e9dio, que \u00e9 patrim\u00f4nio [&hellip;]\" \/>\n<meta property=\"og:url\" content=\"https:\/\/jornalfatosenoticias.com.br\/index.php\/2020\/12\/22\/predio-do-antigo-arquivo-publico-sera-restaurado-para-abrigar-galeria-homero-massena\/\" \/>\n<meta property=\"og:site_name\" content=\"Jornal Fatos e Not\u00edcias\" \/>\n<meta property=\"article:published_time\" content=\"2020-12-22T12:19:10+00:00\" \/>\n<meta property=\"article:modified_time\" content=\"2020-12-22T12:19:11+00:00\" \/>\n<meta property=\"og:image\" content=\"https:\/\/jornalfatosenoticias.com.br\/wp-content\/uploads\/2020\/12\/predio-arquivo-publico.jpg\" \/>\n\t<meta property=\"og:image:width\" content=\"1000\" \/>\n\t<meta property=\"og:image:height\" content=\"666\" \/>\n\t<meta property=\"og:image:type\" content=\"image\/jpeg\" \/>\n<meta name=\"author\" content=\"Luzimara Fernandes\" \/>\n<meta name=\"twitter:card\" content=\"summary_large_image\" \/>\n<meta name=\"twitter:label1\" content=\"Escrito por\" \/>\n\t<meta name=\"twitter:data1\" content=\"Luzimara Fernandes\" \/>\n\t<meta name=\"twitter:label2\" content=\"Est. tempo de leitura\" \/>\n\t<meta name=\"twitter:data2\" content=\"1 minuto\" \/>\n<script type=\"application\/ld+json\" class=\"yoast-schema-graph\">{\"@context\":\"https:\/\/schema.org\",\"@graph\":[{\"@type\":\"Article\",\"@id\":\"https:\/\/jornalfatosenoticias.com.br\/index.php\/2020\/12\/22\/predio-do-antigo-arquivo-publico-sera-restaurado-para-abrigar-galeria-homero-massena\/#article\",\"isPartOf\":{\"@id\":\"https:\/\/jornalfatosenoticias.com.br\/index.php\/2020\/12\/22\/predio-do-antigo-arquivo-publico-sera-restaurado-para-abrigar-galeria-homero-massena\/\"},\"author\":{\"name\":\"Luzimara Fernandes\",\"@id\":\"https:\/\/jornalfatosenoticias.com.br\/#\/schema\/person\/d63837fa13ac8666eb9e74e0985d6f81\"},\"headline\":\"Pr\u00e9dio do antigo Arquivo P\u00fablico ser\u00e1 restaurado para abrigar Galeria Homero Massena\",\"datePublished\":\"2020-12-22T12:19:10+00:00\",\"dateModified\":\"2020-12-22T12:19:11+00:00\",\"mainEntityOfPage\":{\"@id\":\"https:\/\/jornalfatosenoticias.com.br\/index.php\/2020\/12\/22\/predio-do-antigo-arquivo-publico-sera-restaurado-para-abrigar-galeria-homero-massena\/\"},\"wordCount\":313,\"commentCount\":0,\"publisher\":{\"@id\":\"https:\/\/jornalfatosenoticias.com.br\/#organization\"},\"image\":{\"@id\":\"https:\/\/jornalfatosenoticias.com.br\/index.php\/2020\/12\/22\/predio-do-antigo-arquivo-publico-sera-restaurado-para-abrigar-galeria-homero-massena\/#primaryimage\"},\"thumbnailUrl\":\"https:\/\/jornalfatosenoticias.com.br\/wp-content\/uploads\/2020\/12\/predio-arquivo-publico.jpg\",\"keywords\":[\"Galeria Homero Massena\",\"patrim\u00f4nio p\u00fablico\",\"pr\u00e9dio Arquivo P\u00fablico\",\"reforma\"],\"articleSection\":[\"Cultura\"],\"inLanguage\":\"pt-BR\",\"potentialAction\":[{\"@type\":\"CommentAction\",\"name\":\"Comment\",\"target\":[\"https:\/\/jornalfatosenoticias.com.br\/index.php\/2020\/12\/22\/predio-do-antigo-arquivo-publico-sera-restaurado-para-abrigar-galeria-homero-massena\/#respond\"]}]},{\"@type\":\"WebPage\",\"@id\":\"https:\/\/jornalfatosenoticias.com.br\/index.php\/2020\/12\/22\/predio-do-antigo-arquivo-publico-sera-restaurado-para-abrigar-galeria-homero-massena\/\",\"url\":\"https:\/\/jornalfatosenoticias.com.br\/index.php\/2020\/12\/22\/predio-do-antigo-arquivo-publico-sera-restaurado-para-abrigar-galeria-homero-massena\/\",\"name\":\"Pr\u00e9dio do antigo Arquivo P\u00fablico ser\u00e1 restaurado para abrigar Galeria Homero Massena - Jornal Fatos e Not\u00edcias\",\"isPartOf\":{\"@id\":\"https:\/\/jornalfatosenoticias.com.br\/#website\"},\"primaryImageOfPage\":{\"@id\":\"https:\/\/jornalfatosenoticias.com.br\/index.php\/2020\/12\/22\/predio-do-antigo-arquivo-publico-sera-restaurado-para-abrigar-galeria-homero-massena\/#primaryimage\"},\"image\":{\"@id\":\"https:\/\/jornalfatosenoticias.com.br\/index.php\/2020\/12\/22\/predio-do-antigo-arquivo-publico-sera-restaurado-para-abrigar-galeria-homero-massena\/#primaryimage\"},\"thumbnailUrl\":\"https:\/\/jornalfatosenoticias.com.br\/wp-content\/uploads\/2020\/12\/predio-arquivo-publico.jpg\",\"datePublished\":\"2020-12-22T12:19:10+00:00\",\"dateModified\":\"2020-12-22T12:19:11+00:00\",\"breadcrumb\":{\"@id\":\"https:\/\/jornalfatosenoticias.com.br\/index.php\/2020\/12\/22\/predio-do-antigo-arquivo-publico-sera-restaurado-para-abrigar-galeria-homero-massena\/#breadcrumb\"},\"inLanguage\":\"pt-BR\",\"potentialAction\":[{\"@type\":\"ReadAction\",\"target\":[\"https:\/\/jornalfatosenoticias.com.br\/index.php\/2020\/12\/22\/predio-do-antigo-arquivo-publico-sera-restaurado-para-abrigar-galeria-homero-massena\/\"]}]},{\"@type\":\"ImageObject\",\"inLanguage\":\"pt-BR\",\"@id\":\"https:\/\/jornalfatosenoticias.com.br\/index.php\/2020\/12\/22\/predio-do-antigo-arquivo-publico-sera-restaurado-para-abrigar-galeria-homero-massena\/#primaryimage\",\"url\":\"https:\/\/jornalfatosenoticias.com.br\/wp-content\/uploads\/2020\/12\/predio-arquivo-publico.jpg\",\"contentUrl\":\"https:\/\/jornalfatosenoticias.com.br\/wp-content\/uploads\/2020\/12\/predio-arquivo-publico.jpg\",\"width\":1000,\"height\":666},{\"@type\":\"BreadcrumbList\",\"@id\":\"https:\/\/jornalfatosenoticias.com.br\/index.php\/2020\/12\/22\/predio-do-antigo-arquivo-publico-sera-restaurado-para-abrigar-galeria-homero-massena\/#breadcrumb\",\"itemListElement\":[{\"@type\":\"ListItem\",\"position\":1,\"name\":\"In\u00edcio\",\"item\":\"https:\/\/jornalfatosenoticias.com.br\/\"},{\"@type\":\"ListItem\",\"position\":2,\"name\":\"Pr\u00e9dio do antigo Arquivo P\u00fablico ser\u00e1 restaurado para abrigar Galeria Homero Massena\"}]},{\"@type\":\"WebSite\",\"@id\":\"https:\/\/jornalfatosenoticias.com.br\/#website\",\"url\":\"https:\/\/jornalfatosenoticias.com.br\/\",\"name\":\"Jornal Fatos e Not\u00edcias\",\"description\":\"Not\u00edcias em geral\",\"publisher\":{\"@id\":\"https:\/\/jornalfatosenoticias.com.br\/#organization\"},\"potentialAction\":[{\"@type\":\"SearchAction\",\"target\":{\"@type\":\"EntryPoint\",\"urlTemplate\":\"https:\/\/jornalfatosenoticias.com.br\/?s={search_term_string}\"},\"query-input\":{\"@type\":\"PropertyValueSpecification\",\"valueRequired\":true,\"valueName\":\"search_term_string\"}}],\"inLanguage\":\"pt-BR\"},{\"@type\":\"Organization\",\"@id\":\"https:\/\/jornalfatosenoticias.com.br\/#organization\",\"name\":\"Jornal Fatos e Not\u00edcias\",\"url\":\"https:\/\/jornalfatosenoticias.com.br\/\",\"logo\":{\"@type\":\"ImageObject\",\"inLanguage\":\"pt-BR\",\"@id\":\"https:\/\/jornalfatosenoticias.com.br\/#\/schema\/logo\/image\/\",\"url\":\"https:\/\/jornalfatosenoticias.com.br\/wp-content\/uploads\/2020\/02\/logo120.png\",\"contentUrl\":\"https:\/\/jornalfatosenoticias.com.br\/wp-content\/uploads\/2020\/02\/logo120.png\",\"width\":1227,\"height\":120,\"caption\":\"Jornal Fatos e Not\u00edcias\"},\"image\":{\"@id\":\"https:\/\/jornalfatosenoticias.com.br\/#\/schema\/logo\/image\/\"}},{\"@type\":\"Person\",\"@id\":\"https:\/\/jornalfatosenoticias.com.br\/#\/schema\/person\/d63837fa13ac8666eb9e74e0985d6f81\",\"name\":\"Luzimara Fernandes\",\"image\":{\"@type\":\"ImageObject\",\"inLanguage\":\"pt-BR\",\"@id\":\"https:\/\/jornalfatosenoticias.com.br\/#\/schema\/person\/image\/\",\"url\":\"https:\/\/jornalfatosenoticias.com.br\/wp-content\/uploads\/2025\/05\/EU_portal.jpg\",\"contentUrl\":\"https:\/\/jornalfatosenoticias.com.br\/wp-content\/uploads\/2025\/05\/EU_portal.jpg\",\"caption\":\"Luzimara Fernandes\"},\"description\":\"Jornalista MTB 2358-ES\",\"sameAs\":[\"https:\/\/jornalfatosenoticias.com.br\"],\"url\":\"https:\/\/jornalfatosenoticias.com.br\/index.php\/author\/luzimara\/\"}]}<\/script>\n<!-- \/ Yoast SEO plugin. -->","yoast_head_json":{"title":"Pr\u00e9dio do antigo Arquivo P\u00fablico ser\u00e1 restaurado para abrigar Galeria Homero Massena - Jornal Fatos e Not\u00edcias","robots":{"index":"index","follow":"follow","max-snippet":"max-snippet:-1","max-image-preview":"max-image-preview:large","max-video-preview":"max-video-preview:-1"},"canonical":"https:\/\/jornalfatosenoticias.com.br\/index.php\/2020\/12\/22\/predio-do-antigo-arquivo-publico-sera-restaurado-para-abrigar-galeria-homero-massena\/","og_locale":"pt_BR","og_type":"article","og_title":"Pr\u00e9dio do antigo Arquivo P\u00fablico ser\u00e1 restaurado para abrigar Galeria Homero Massena - Jornal Fatos e Not\u00edcias","og_description":"A licita\u00e7\u00e3o do projeto para a reforma foi aberta na \u00faltima quarta-feira (16) O Governo do Estado publicou, na quarta-feira passada (16), no Di\u00e1rio Oficial do Esp\u00edrito Santo, a licita\u00e7\u00e3o do projeto para reforma e restauro do antigo pr\u00e9dio do Arquivo P\u00fablico, localizado na Cidade Alta, no Centro de Vit\u00f3ria. O pr\u00e9dio, que \u00e9 patrim\u00f4nio [&hellip;]","og_url":"https:\/\/jornalfatosenoticias.com.br\/index.php\/2020\/12\/22\/predio-do-antigo-arquivo-publico-sera-restaurado-para-abrigar-galeria-homero-massena\/","og_site_name":"Jornal Fatos e Not\u00edcias","article_published_time":"2020-12-22T12:19:10+00:00","article_modified_time":"2020-12-22T12:19:11+00:00","og_image":[{"width":1000,"height":666,"url":"https:\/\/jornalfatosenoticias.com.br\/wp-content\/uploads\/2020\/12\/predio-arquivo-publico.jpg","type":"image\/jpeg"}],"author":"Luzimara Fernandes","twitter_card":"summary_large_image","twitter_misc":{"Escrito por":"Luzimara Fernandes","Est. tempo de leitura":"1 minuto"},"schema":{"@context":"https:\/\/schema.org","@graph":[{"@type":"Article","@id":"https:\/\/jornalfatosenoticias.com.br\/index.php\/2020\/12\/22\/predio-do-antigo-arquivo-publico-sera-restaurado-para-abrigar-galeria-homero-massena\/#article","isPartOf":{"@id":"https:\/\/jornalfatosenoticias.com.br\/index.php\/2020\/12\/22\/predio-do-antigo-arquivo-publico-sera-restaurado-para-abrigar-galeria-homero-massena\/"},"author":{"name":"Luzimara Fernandes","@id":"https:\/\/jornalfatosenoticias.com.br\/#\/schema\/person\/d63837fa13ac8666eb9e74e0985d6f81"},"headline":"Pr\u00e9dio do antigo Arquivo P\u00fablico ser\u00e1 restaurado para abrigar Galeria Homero Massena","datePublished":"2020-12-22T12:19:10+00:00","dateModified":"2020-12-22T12:19:11+00:00","mainEntityOfPage":{"@id":"https:\/\/jornalfatosenoticias.com.br\/index.php\/2020\/12\/22\/predio-do-antigo-arquivo-publico-sera-restaurado-para-abrigar-galeria-homero-massena\/"},"wordCount":313,"commentCount":0,"publisher":{"@id":"https:\/\/jornalfatosenoticias.com.br\/#organization"},"image":{"@id":"https:\/\/jornalfatosenoticias.com.br\/index.php\/2020\/12\/22\/predio-do-antigo-arquivo-publico-sera-restaurado-para-abrigar-galeria-homero-massena\/#primaryimage"},"thumbnailUrl":"https:\/\/jornalfatosenoticias.com.br\/wp-content\/uploads\/2020\/12\/predio-arquivo-publico.jpg","keywords":["Galeria Homero Massena","patrim\u00f4nio p\u00fablico","pr\u00e9dio Arquivo P\u00fablico","reforma"],"articleSection":["Cultura"],"inLanguage":"pt-BR","potentialAction":[{"@type":"CommentAction","name":"Comment","target":["https:\/\/jornalfatosenoticias.com.br\/index.php\/2020\/12\/22\/predio-do-antigo-arquivo-publico-sera-restaurado-para-abrigar-galeria-homero-massena\/#respond"]}]},{"@type":"WebPage","@id":"https:\/\/jornalfatosenoticias.com.br\/index.php\/2020\/12\/22\/predio-do-antigo-arquivo-publico-sera-restaurado-para-abrigar-galeria-homero-massena\/","url":"https:\/\/jornalfatosenoticias.com.br\/index.php\/2020\/12\/22\/predio-do-antigo-arquivo-publico-sera-restaurado-para-abrigar-galeria-homero-massena\/","name":"Pr\u00e9dio do antigo Arquivo P\u00fablico ser\u00e1 restaurado para abrigar Galeria Homero Massena - Jornal Fatos e Not\u00edcias","isPartOf":{"@id":"https:\/\/jornalfatosenoticias.com.br\/#website"},"primaryImageOfPage":{"@id":"https:\/\/jornalfatosenoticias.com.br\/index.php\/2020\/12\/22\/predio-do-antigo-arquivo-publico-sera-restaurado-para-abrigar-galeria-homero-massena\/#primaryimage"},"image":{"@id":"https:\/\/jornalfatosenoticias.com.br\/index.php\/2020\/12\/22\/predio-do-antigo-arquivo-publico-sera-restaurado-para-abrigar-galeria-homero-massena\/#primaryimage"},"thumbnailUrl":"https:\/\/jornalfatosenoticias.com.br\/wp-content\/uploads\/2020\/12\/predio-arquivo-publico.jpg","datePublished":"2020-12-22T12:19:10+00:00","dateModified":"2020-12-22T12:19:11+00:00","breadcrumb":{"@id":"https:\/\/jornalfatosenoticias.com.br\/index.php\/2020\/12\/22\/predio-do-antigo-arquivo-publico-sera-restaurado-para-abrigar-galeria-homero-massena\/#breadcrumb"},"inLanguage":"pt-BR","potentialAction":[{"@type":"ReadAction","target":["https:\/\/jornalfatosenoticias.com.br\/index.php\/2020\/12\/22\/predio-do-antigo-arquivo-publico-sera-restaurado-para-abrigar-galeria-homero-massena\/"]}]},{"@type":"ImageObject","inLanguage":"pt-BR","@id":"https:\/\/jornalfatosenoticias.com.br\/index.php\/2020\/12\/22\/predio-do-antigo-arquivo-publico-sera-restaurado-para-abrigar-galeria-homero-massena\/#primaryimage","url":"https:\/\/jornalfatosenoticias.com.br\/wp-content\/uploads\/2020\/12\/predio-arquivo-publico.jpg","contentUrl":"https:\/\/jornalfatosenoticias.com.br\/wp-content\/uploads\/2020\/12\/predio-arquivo-publico.jpg","width":1000,"height":666},{"@type":"BreadcrumbList","@id":"https:\/\/jornalfatosenoticias.com.br\/index.php\/2020\/12\/22\/predio-do-antigo-arquivo-publico-sera-restaurado-para-abrigar-galeria-homero-massena\/#breadcrumb","itemListElement":[{"@type":"ListItem","position":1,"name":"In\u00edcio","item":"https:\/\/jornalfatosenoticias.com.br\/"},{"@type":"ListItem","position":2,"name":"Pr\u00e9dio do antigo Arquivo P\u00fablico ser\u00e1 restaurado para abrigar Galeria Homero Massena"}]},{"@type":"WebSite","@id":"https:\/\/jornalfatosenoticias.com.br\/#website","url":"https:\/\/jornalfatosenoticias.com.br\/","name":"Jornal Fatos e Not\u00edcias","description":"Not\u00edcias em geral","publisher":{"@id":"https:\/\/jornalfatosenoticias.com.br\/#organization"},"potentialAction":[{"@type":"SearchAction","target":{"@type":"EntryPoint","urlTemplate":"https:\/\/jornalfatosenoticias.com.br\/?s={search_term_string}"},"query-input":{"@type":"PropertyValueSpecification","valueRequired":true,"valueName":"search_term_string"}}],"inLanguage":"pt-BR"},{"@type":"Organization","@id":"https:\/\/jornalfatosenoticias.com.br\/#organization","name":"Jornal Fatos e Not\u00edcias","url":"https:\/\/jornalfatosenoticias.com.br\/","logo":{"@type":"ImageObject","inLanguage":"pt-BR","@id":"https:\/\/jornalfatosenoticias.com.br\/#\/schema\/logo\/image\/","url":"https:\/\/jornalfatosenoticias.com.br\/wp-content\/uploads\/2020\/02\/logo120.png","contentUrl":"https:\/\/jornalfatosenoticias.com.br\/wp-content\/uploads\/2020\/02\/logo120.png","width":1227,"height":120,"caption":"Jornal Fatos e Not\u00edcias"},"image":{"@id":"https:\/\/jornalfatosenoticias.com.br\/#\/schema\/logo\/image\/"}},{"@type":"Person","@id":"https:\/\/jornalfatosenoticias.com.br\/#\/schema\/person\/d63837fa13ac8666eb9e74e0985d6f81","name":"Luzimara Fernandes","image":{"@type":"ImageObject","inLanguage":"pt-BR","@id":"https:\/\/jornalfatosenoticias.com.br\/#\/schema\/person\/image\/","url":"https:\/\/jornalfatosenoticias.com.br\/wp-content\/uploads\/2025\/05\/EU_portal.jpg","contentUrl":"https:\/\/jornalfatosenoticias.com.br\/wp-content\/uploads\/2025\/05\/EU_portal.jpg","caption":"Luzimara Fernandes"},"description":"Jornalista MTB 2358-ES","sameAs":["https:\/\/jornalfatosenoticias.com.br"],"url":"https:\/\/jornalfatosenoticias.com.br\/index.php\/author\/luzimara\/"}]}},"cc_featured_image_caption":{"caption_text":"(Foto: Ascom\/Secult)","source_text":"","source_url":""},"jetpack_featured_media_url":"https:\/\/jornalfatosenoticias.com.br\/wp-content\/uploads\/2020\/12\/predio-arquivo-publico.jpg","_links":{"self":[{"href":"https:\/\/jornalfatosenoticias.com.br\/index.php\/wp-json\/wp\/v2\/posts\/12744","targetHints":{"allow":["GET"]}}],"collection":[{"href":"https:\/\/jornalfatosenoticias.com.br\/index.php\/wp-json\/wp\/v2\/posts"}],"about":[{"href":"https:\/\/jornalfatosenoticias.com.br\/index.php\/wp-json\/wp\/v2\/types\/post"}],"author":[{"embeddable":true,"href":"https:\/\/jornalfatosenoticias.com.br\/index.php\/wp-json\/wp\/v2\/users\/2"}],"replies":[{"embeddable":true,"href":"https:\/\/jornalfatosenoticias.com.br\/index.php\/wp-json\/wp\/v2\/comments?post=12744"}],"version-history":[{"count":0,"href":"https:\/\/jornalfatosenoticias.com.br\/index.php\/wp-json\/wp\/v2\/posts\/12744\/revisions"}],"wp:featuredmedia":[{"embeddable":true,"href":"https:\/\/jornalfatosenoticias.com.br\/index.php\/wp-json\/wp\/v2\/media\/12745"}],"wp:attachment":[{"href":"https:\/\/jornalfatosenoticias.com.br\/index.php\/wp-json\/wp\/v2\/media?parent=12744"}],"wp:term":[{"taxonomy":"category","embeddable":true,"href":"https:\/\/jornalfatosenoticias.com.br\/index.php\/wp-json\/wp\/v2\/categories?post=12744"},{"taxonomy":"post_tag","embeddable":true,"href":"https:\/\/jornalfatosenoticias.com.br\/index.php\/wp-json\/wp\/v2\/tags?post=12744"}],"curies":[{"name":"wp","href":"https:\/\/api.w.org\/{rel}","templated":true}]}}