{"id":12760,"date":"2020-12-22T10:24:21","date_gmt":"2020-12-22T13:24:21","guid":{"rendered":"https:\/\/jornalfatosenoticias.com.br\/?p=12760"},"modified":"2020-12-22T10:24:26","modified_gmt":"2020-12-22T13:24:26","slug":"estudo-avanca-no-entendimento-sobre-a-interacao-das-plantas-no-subsolo","status":"publish","type":"post","link":"https:\/\/jornalfatosenoticias.com.br\/index.php\/2020\/12\/22\/estudo-avanca-no-entendimento-sobre-a-interacao-das-plantas-no-subsolo\/","title":{"rendered":"Estudo avan\u00e7a no entendimento sobre a intera\u00e7\u00e3o das plantas no subsolo"},"content":{"rendered":"\n<h6 class=\"wp-block-heading\"><em>A nova teoria elucida uma antiga quest\u00e3o da ecologia sobre a competi\u00e7\u00e3o por nutrientes no solo<\/em><\/h6>\n\n\n\n<p><strong><a href=\"https:\/\/science.sciencemag.org\/content\/370\/6521\/1197\" target=\"_blank\" rel=\"noreferrer noopener\">Estudo de capa<\/a><\/strong> da revista Science da primeira semana de dezembro apresenta um modelo matem\u00e1tico sobre a distribui\u00e7\u00e3o espacial das ra\u00edzes e a densidade radicular de uma planta. Com base na teoria dos jogos, o modelo prev\u00ea que, na presen\u00e7a de competidores, as plantas evitam entrar em disputa e produzem ra\u00edzes para assegurar \u00e1gua e nutrientes pr\u00f3ximos ao caule, evitando buscar recursos perto de suas vizinhas.<br>Al\u00e9m de avan\u00e7ar no entendimento te\u00f3rico sobre a intera\u00e7\u00e3o das plantas no subsolo, muito mais dif\u00edcil de ser observada, o trabalho tem aplica\u00e7\u00f5es importantes no manejo agr\u00edcola e no entendimento das mudan\u00e7as clim\u00e1ticas.<\/p>\n\n\n\n<blockquote class=\"wp-block-quote is-layout-flow wp-block-quote-is-layout-flow\"><p>\u201cAo entender a l\u00f3gica de espalhamento das ra\u00edzes e da massa radicular, \u00e9 poss\u00edvel, no futuro, oferecer novas regras para a produ\u00e7\u00e3o agr\u00edcola que levem em conta n\u00e3o s\u00f3 a disputa das plantas na superf\u00edcie, mas tamb\u00e9m a competi\u00e7\u00e3o por recursos no subsolo\u201d, diz <strong><a href=\"https:\/\/bv.fapesp.br\/pt\/pesquisador\/706749\/ricardo-martinez-garcia\/\" target=\"_blank\" rel=\"noreferrer noopener\">Ricardo Mart\u00ednez-Garc\u00eda<\/a><\/strong>, professor no Instituto Sul-Americano para Pesquisa Fundamental (ICTP-SAIFR) e um dos autores do estudo.<\/p><\/blockquote>\n\n\n\n<p>\u201cDessa forma, se por um lado \u00e9 interessante que o manejo considere a necessidade de espa\u00e7amento entre as plantas para que suas ra\u00edzes n\u00e3o entrem em competi\u00e7\u00e3o, \u00e9 importante haver um distanciamento m\u00ednimo entre elas para que se otimize seu crescimento sem a necessidade de grandes extens\u00f5es de terra. Do caule para cima, elas podem parecer distantes, mas por baixo do solo h\u00e1 um emaranhado de ra\u00edzes que podem estar muito pr\u00f3ximas e em disputa por nutrientes\u201d, completa.<br>A pesquisa desenvolvida em colabora\u00e7\u00e3o com pesquisadores da Universidade de Princeton (EUA), do Instituto de Ci\u00eancias Agr\u00e1rias de Madri (Espanha) e da Universidade Rei Juan Carlos (Espanha) \u00e9 <strong><a href=\"https:\/\/bv.fapesp.br\/pt\/auxilios\/105511\/em-busca-de-uma-teoria-mecanicista-para-padroes-biologicos-e-possibilidades-de-uso-para-gerenciament\/\" target=\"_blank\" rel=\"noreferrer noopener\">apoiada\u00a0pela Fapesp<\/a><\/strong> por meio de uma bolsa jovem pesquisador.<br>O maior entendimento sobre o desenvolvimento das ra\u00edzes pode servir ainda como uma importante ferramenta para modelos clim\u00e1ticos globais.<\/p>\n\n\n\n<blockquote class=\"wp-block-quote is-layout-flow wp-block-quote-is-layout-flow\"><p>\u201cAs plantas capturam di\u00f3xido de carbono (CO2) da atmosfera e armazenam em ra\u00edzes. \u00c9 o chamado sequestro de carbono. Portanto, ampliar o conhecimento sobre a distribui\u00e7\u00e3o espacial das ra\u00edzes no subsolo e sobre sua massa \u00e9 importante tamb\u00e9m para estipular a quantidade de CO2 \u2014 um dos gases do efeito estufa \u2014 que as plantas conseguem absorver da atmosfera\u201d, diz Mart\u00ednez-Garc\u00eda \u00e0 Ag\u00eancia Fapesp.<\/p><\/blockquote>\n\n\n\n<h4 class=\"wp-block-heading\">Concorrer ou cooperar<\/h4>\n\n\n\n<p>Do ponto de vista te\u00f3rico, de ci\u00eancia b\u00e1sica, a nova teoria elucida uma antiga quest\u00e3o da ecologia. Por quase 20 anos, existiam duas hip\u00f3teses sobre a competi\u00e7\u00e3o por nutrientes no solo. Alguns grupos de pesquisa afirmavam que uma planta que interagia com outras ao seu redor precisava produzir mais massa de raiz que uma planta isolada. Isso por causa da competi\u00e7\u00e3o por recursos: quanto mais raiz, mais f\u00e1cil e r\u00e1pido absorver \u00e1gua e nutrientes do solo.<br>Outra hip\u00f3tese, no entanto, dizia exatamente o contr\u00e1rio. \u201cEram estudos que analisavam apenas a \u00e1rea de abrang\u00eancia das plantas no subsolo. E, de acordo com esses estudos, quanto mais concorr\u00eancia de plantas vizinhas, menos espalhado seria o sistema radicular\u201d, relata.<br>No entanto, tanto o modelo matem\u00e1tico como o estudo experimental divulgado na Science mostram que, embora contradit\u00f3rias, as duas teorias anteriores est\u00e3o corretas: as plantas tanto proliferam suas ra\u00edzes perto do caule (aumentam a densidade radicular) quanto reduzem o espalhamento para evitar a sobreposi\u00e7\u00e3o com o sistema radicular vizinho.<\/p>\n\n\n\n<div class=\"wp-block-image\"><figure class=\"alignleft size-large is-resized\"><img loading=\"lazy\" decoding=\"async\" src=\"https:\/\/jornalfatosenoticias.com.br\/wp-content\/uploads\/2020\/12\/raizes-plantas-arvore2.jpg\" alt=\"\" class=\"wp-image-12762\" width=\"320\" height=\"440\" srcset=\"https:\/\/jornalfatosenoticias.com.br\/wp-content\/uploads\/2020\/12\/raizes-plantas-arvore2.jpg 305w, https:\/\/jornalfatosenoticias.com.br\/wp-content\/uploads\/2020\/12\/raizes-plantas-arvore2-218x300.jpg 218w\" sizes=\"auto, (max-width: 320px) 100vw, 320px\" \/><figcaption><em>(Foto: Felix Mittermeier\/Unsplash)<\/em><\/figcaption><\/figure><\/div>\n\n\n\n<h4 class=\"wp-block-heading\">Teoria das ra\u00edzes<\/h4>\n\n\n\n<p>Para confirmar a nova teoria, os pesquisadores realizaram modelos experimentais com mudas de pimentas cultivadas em estufas no Instituto de Ci\u00eancias Agr\u00e1rias de Madri, na Espanha. Tanto no modelo como na experimenta\u00e7\u00e3o a equipe investigou situa\u00e7\u00f5es em que as plantas cooperam e competem entre si.<br>Com origem nas ci\u00eancias comportamentais, a teoria dos jogos busca prever as consequ\u00eancias de determinadas a\u00e7\u00f5es e decis\u00f5es de pessoas, empresas ou pa\u00edses. Dessa forma, ao elaborar um modelo \u00e9 poss\u00edvel incluir uma s\u00e9rie de cen\u00e1rios que possam ser resolvidos por meio da matem\u00e1tica. O objetivo \u00e9 prever, por exemplo, se dois jogadores, depois de realizar algumas a\u00e7\u00f5es e tomarem determinadas decis\u00f5es, v\u00e3o receber mais ou menos dinheiro como recompensa.<br>A teoria dos jogos \u00e9 comum em \u00e1reas como economia, ci\u00eancias sociais e tamb\u00e9m na ecologia.<\/p>\n\n\n\n<blockquote class=\"wp-block-quote is-layout-flow wp-block-quote-is-layout-flow\"><p>\u201cNo nosso caso, quer\u00edamos entender qual seria a distribui\u00e7\u00e3o de ra\u00edzes esperada caso as plantas seguissem um comportamento colaborativo ou competitivo entre elas no processo de captura de recursos do solo\u201d, diz.<\/p><\/blockquote>\n\n\n\n<p>Sendo assim, Mart\u00ednez-Garc\u00eda explica que, no caso do estudo sobre a raiz das plantas, a recompensa seriam os recursos obtidos do solo e cada tomada de decis\u00e3o (o crescimento e espalhamento da raiz) teria como objetivo a capacidade da planta se reproduzir com maior efici\u00eancia.<br>\u201cNo lugar de analisar a estrat\u00e9gia de conseguir mais dinheiro entra a quest\u00e3o de como conseguir mais nutriente equilibradamente e, assim, conseguir obter os recursos do solo de uma maneira menos custosa. No nosso modelo, as a\u00e7\u00f5es das plantas, a maneira como elas \u2018jogam\u2019 \u00e9 distribuindo mais ou menos a raiz no solo\u201d, diz.<br>Poucos estudos nessa \u00e1rea conseguiram analisar ao mesmo tempo a quantidade total de ra\u00edzes produzidas por plantas concorrentes e sua distribui\u00e7\u00e3o espacial em sistemas radiculares vizinhos. \u201c\u00c9 muito dif\u00edcil estudar essa intera\u00e7\u00e3o, at\u00e9 porque n\u00e3o conseguimos ver o subsolo. No nosso estudo, primeiro desenvolvemos a teoria matem\u00e1tica. Depois, analisamos modelos experimentais usando colorantes, para identificar de que planta era cada raiz. As analises experimentais confirmaram uma das hip\u00f3teses te\u00f3ricas e mostraram claramente que a competi\u00e7\u00e3o entre as plantas controla a distribui\u00e7\u00e3o espacial das ra\u00edzes\u201d, diz.<br>Os pesquisadores buscam agora aprofundar esse conhecimento. \u201cFoi um estudo que gerou mais perguntas que o nosso questionamento inicial, o que \u00e9 muito bom para um pesquisador\u201d, diz. Os pr\u00f3ximos passos da pesquisa incluem estudar as intera\u00e7\u00f5es envolvendo sistemas com mais de duas plantas, al\u00e9m de investigar diferentes esp\u00e9cies em condi\u00e7\u00f5es clim\u00e1ticas distintas.<\/p>\n\n\n\n<blockquote class=\"wp-block-quote is-layout-flow wp-block-quote-is-layout-flow\"><p>\u201cCom o estudo conseguimos ter uma ideia de mecanismos e entender os padr\u00f5es espaciais das ra\u00edzes. Agora que desenvolvemos um modelo matem\u00e1tico sobre a l\u00f3gica dessas intera\u00e7\u00f5es a ideia \u00e9 aprofundar, agregar mais vari\u00e1veis e entender como \u00e9 feita essa intera\u00e7\u00e3o com mais plantas e entre diferentes esp\u00e9cies, por exemplo\u201d, conclui.<\/p><\/blockquote>\n\n\n\n<p>O artigo The exploitative segregation of plant roots, de Ciro Cabal, Ricardo Mart\u00ednez-Garc\u00eda, Aurora de Castro Aguilar, Fernando Valladares, Stephen W. Pacala, pode ser\u00a0<a href=\"https:\/\/science.sciencemag.org\/content\/370\/6521\/1197\" target=\"_blank\" rel=\"noreferrer noopener\">lido, em ingl\u00eas, aqui<\/a>.<\/p>\n\n\n\n<p><strong><em>Fonte: <a href=\"https:\/\/ciclovivo.com.br\/planeta\/meio-ambiente\/estudo-interacao-das-plantas-subsolo\/\">CicloVivo<\/a><\/em><\/strong><\/p>\n","protected":false},"excerpt":{"rendered":"<p>A nova teoria elucida uma antiga quest\u00e3o da ecologia sobre a competi\u00e7\u00e3o por nutrientes no solo Estudo de capa da revista Science da primeira semana de dezembro apresenta um modelo matem\u00e1tico sobre a distribui\u00e7\u00e3o espacial das ra\u00edzes e a densidade radicular de uma planta. Com base na teoria dos jogos, o modelo prev\u00ea que, na [&hellip;]<\/p>\n","protected":false},"author":2,"featured_media":12761,"comment_status":"open","ping_status":"open","sticky":false,"template":"","format":"standard","meta":{"footnotes":""},"categories":[8],"tags":[781,897,784,6639,1295],"class_list":["post-12760","post","type-post","status-publish","format-standard","has-post-thumbnail","hentry","category-meio-ambiente","tag-arvores","tag-ecologia","tag-plantas","tag-raizes","tag-subsolo"],"yoast_head":"<!-- This site is optimized with the Yoast SEO plugin v26.5 - https:\/\/yoast.com\/wordpress\/plugins\/seo\/ -->\n<title>Estudo avan\u00e7a no entendimento sobre a intera\u00e7\u00e3o das plantas no subsolo - Jornal Fatos e Not\u00edcias<\/title>\n<meta name=\"robots\" content=\"index, follow, max-snippet:-1, max-image-preview:large, max-video-preview:-1\" \/>\n<link rel=\"canonical\" href=\"https:\/\/jornalfatosenoticias.com.br\/index.php\/2020\/12\/22\/estudo-avanca-no-entendimento-sobre-a-interacao-das-plantas-no-subsolo\/\" \/>\n<meta property=\"og:locale\" content=\"pt_BR\" \/>\n<meta property=\"og:type\" content=\"article\" \/>\n<meta property=\"og:title\" content=\"Estudo avan\u00e7a no entendimento sobre a intera\u00e7\u00e3o das plantas no subsolo - Jornal Fatos e Not\u00edcias\" \/>\n<meta property=\"og:description\" content=\"A nova teoria elucida uma antiga quest\u00e3o da ecologia sobre a competi\u00e7\u00e3o por nutrientes no solo Estudo de capa da revista Science da primeira semana de dezembro apresenta um modelo matem\u00e1tico sobre a distribui\u00e7\u00e3o espacial das ra\u00edzes e a densidade radicular de uma planta. Com base na teoria dos jogos, o modelo prev\u00ea que, na [&hellip;]\" \/>\n<meta property=\"og:url\" content=\"https:\/\/jornalfatosenoticias.com.br\/index.php\/2020\/12\/22\/estudo-avanca-no-entendimento-sobre-a-interacao-das-plantas-no-subsolo\/\" \/>\n<meta property=\"og:site_name\" content=\"Jornal Fatos e Not\u00edcias\" \/>\n<meta property=\"article:published_time\" content=\"2020-12-22T13:24:21+00:00\" \/>\n<meta property=\"article:modified_time\" content=\"2020-12-22T13:24:26+00:00\" \/>\n<meta property=\"og:image\" content=\"https:\/\/jornalfatosenoticias.com.br\/wp-content\/uploads\/2020\/12\/raizes-planta-arvore.jpg\" \/>\n\t<meta property=\"og:image:width\" content=\"1000\" \/>\n\t<meta property=\"og:image:height\" content=\"664\" \/>\n\t<meta property=\"og:image:type\" content=\"image\/jpeg\" \/>\n<meta name=\"author\" content=\"Luzimara Fernandes\" \/>\n<meta name=\"twitter:card\" content=\"summary_large_image\" \/>\n<meta name=\"twitter:label1\" content=\"Escrito por\" \/>\n\t<meta name=\"twitter:data1\" content=\"Luzimara Fernandes\" \/>\n\t<meta name=\"twitter:label2\" content=\"Est. tempo de leitura\" \/>\n\t<meta name=\"twitter:data2\" content=\"6 minutos\" \/>\n<script type=\"application\/ld+json\" class=\"yoast-schema-graph\">{\"@context\":\"https:\/\/schema.org\",\"@graph\":[{\"@type\":\"Article\",\"@id\":\"https:\/\/jornalfatosenoticias.com.br\/index.php\/2020\/12\/22\/estudo-avanca-no-entendimento-sobre-a-interacao-das-plantas-no-subsolo\/#article\",\"isPartOf\":{\"@id\":\"https:\/\/jornalfatosenoticias.com.br\/index.php\/2020\/12\/22\/estudo-avanca-no-entendimento-sobre-a-interacao-das-plantas-no-subsolo\/\"},\"author\":{\"name\":\"Luzimara Fernandes\",\"@id\":\"https:\/\/jornalfatosenoticias.com.br\/#\/schema\/person\/d63837fa13ac8666eb9e74e0985d6f81\"},\"headline\":\"Estudo avan\u00e7a no entendimento sobre a intera\u00e7\u00e3o das plantas no subsolo\",\"datePublished\":\"2020-12-22T13:24:21+00:00\",\"dateModified\":\"2020-12-22T13:24:26+00:00\",\"mainEntityOfPage\":{\"@id\":\"https:\/\/jornalfatosenoticias.com.br\/index.php\/2020\/12\/22\/estudo-avanca-no-entendimento-sobre-a-interacao-das-plantas-no-subsolo\/\"},\"wordCount\":1149,\"commentCount\":0,\"publisher\":{\"@id\":\"https:\/\/jornalfatosenoticias.com.br\/#organization\"},\"image\":{\"@id\":\"https:\/\/jornalfatosenoticias.com.br\/index.php\/2020\/12\/22\/estudo-avanca-no-entendimento-sobre-a-interacao-das-plantas-no-subsolo\/#primaryimage\"},\"thumbnailUrl\":\"https:\/\/jornalfatosenoticias.com.br\/wp-content\/uploads\/2020\/12\/raizes-planta-arvore.jpg\",\"keywords\":[\"\u00e1rvores\",\"ecologia\",\"plantas\",\"ra\u00edzes\",\"subsolo\"],\"articleSection\":[\"Meio ambiente\"],\"inLanguage\":\"pt-BR\",\"potentialAction\":[{\"@type\":\"CommentAction\",\"name\":\"Comment\",\"target\":[\"https:\/\/jornalfatosenoticias.com.br\/index.php\/2020\/12\/22\/estudo-avanca-no-entendimento-sobre-a-interacao-das-plantas-no-subsolo\/#respond\"]}]},{\"@type\":\"WebPage\",\"@id\":\"https:\/\/jornalfatosenoticias.com.br\/index.php\/2020\/12\/22\/estudo-avanca-no-entendimento-sobre-a-interacao-das-plantas-no-subsolo\/\",\"url\":\"https:\/\/jornalfatosenoticias.com.br\/index.php\/2020\/12\/22\/estudo-avanca-no-entendimento-sobre-a-interacao-das-plantas-no-subsolo\/\",\"name\":\"Estudo avan\u00e7a no entendimento sobre a intera\u00e7\u00e3o das plantas no subsolo - Jornal Fatos e Not\u00edcias\",\"isPartOf\":{\"@id\":\"https:\/\/jornalfatosenoticias.com.br\/#website\"},\"primaryImageOfPage\":{\"@id\":\"https:\/\/jornalfatosenoticias.com.br\/index.php\/2020\/12\/22\/estudo-avanca-no-entendimento-sobre-a-interacao-das-plantas-no-subsolo\/#primaryimage\"},\"image\":{\"@id\":\"https:\/\/jornalfatosenoticias.com.br\/index.php\/2020\/12\/22\/estudo-avanca-no-entendimento-sobre-a-interacao-das-plantas-no-subsolo\/#primaryimage\"},\"thumbnailUrl\":\"https:\/\/jornalfatosenoticias.com.br\/wp-content\/uploads\/2020\/12\/raizes-planta-arvore.jpg\",\"datePublished\":\"2020-12-22T13:24:21+00:00\",\"dateModified\":\"2020-12-22T13:24:26+00:00\",\"breadcrumb\":{\"@id\":\"https:\/\/jornalfatosenoticias.com.br\/index.php\/2020\/12\/22\/estudo-avanca-no-entendimento-sobre-a-interacao-das-plantas-no-subsolo\/#breadcrumb\"},\"inLanguage\":\"pt-BR\",\"potentialAction\":[{\"@type\":\"ReadAction\",\"target\":[\"https:\/\/jornalfatosenoticias.com.br\/index.php\/2020\/12\/22\/estudo-avanca-no-entendimento-sobre-a-interacao-das-plantas-no-subsolo\/\"]}]},{\"@type\":\"ImageObject\",\"inLanguage\":\"pt-BR\",\"@id\":\"https:\/\/jornalfatosenoticias.com.br\/index.php\/2020\/12\/22\/estudo-avanca-no-entendimento-sobre-a-interacao-das-plantas-no-subsolo\/#primaryimage\",\"url\":\"https:\/\/jornalfatosenoticias.com.br\/wp-content\/uploads\/2020\/12\/raizes-planta-arvore.jpg\",\"contentUrl\":\"https:\/\/jornalfatosenoticias.com.br\/wp-content\/uploads\/2020\/12\/raizes-planta-arvore.jpg\",\"width\":1000,\"height\":664},{\"@type\":\"BreadcrumbList\",\"@id\":\"https:\/\/jornalfatosenoticias.com.br\/index.php\/2020\/12\/22\/estudo-avanca-no-entendimento-sobre-a-interacao-das-plantas-no-subsolo\/#breadcrumb\",\"itemListElement\":[{\"@type\":\"ListItem\",\"position\":1,\"name\":\"In\u00edcio\",\"item\":\"https:\/\/jornalfatosenoticias.com.br\/\"},{\"@type\":\"ListItem\",\"position\":2,\"name\":\"Estudo avan\u00e7a no entendimento sobre a intera\u00e7\u00e3o das plantas no subsolo\"}]},{\"@type\":\"WebSite\",\"@id\":\"https:\/\/jornalfatosenoticias.com.br\/#website\",\"url\":\"https:\/\/jornalfatosenoticias.com.br\/\",\"name\":\"Jornal Fatos e Not\u00edcias\",\"description\":\"Not\u00edcias em geral\",\"publisher\":{\"@id\":\"https:\/\/jornalfatosenoticias.com.br\/#organization\"},\"potentialAction\":[{\"@type\":\"SearchAction\",\"target\":{\"@type\":\"EntryPoint\",\"urlTemplate\":\"https:\/\/jornalfatosenoticias.com.br\/?s={search_term_string}\"},\"query-input\":{\"@type\":\"PropertyValueSpecification\",\"valueRequired\":true,\"valueName\":\"search_term_string\"}}],\"inLanguage\":\"pt-BR\"},{\"@type\":\"Organization\",\"@id\":\"https:\/\/jornalfatosenoticias.com.br\/#organization\",\"name\":\"Jornal Fatos e Not\u00edcias\",\"url\":\"https:\/\/jornalfatosenoticias.com.br\/\",\"logo\":{\"@type\":\"ImageObject\",\"inLanguage\":\"pt-BR\",\"@id\":\"https:\/\/jornalfatosenoticias.com.br\/#\/schema\/logo\/image\/\",\"url\":\"https:\/\/jornalfatosenoticias.com.br\/wp-content\/uploads\/2020\/02\/logo120.png\",\"contentUrl\":\"https:\/\/jornalfatosenoticias.com.br\/wp-content\/uploads\/2020\/02\/logo120.png\",\"width\":1227,\"height\":120,\"caption\":\"Jornal Fatos e Not\u00edcias\"},\"image\":{\"@id\":\"https:\/\/jornalfatosenoticias.com.br\/#\/schema\/logo\/image\/\"}},{\"@type\":\"Person\",\"@id\":\"https:\/\/jornalfatosenoticias.com.br\/#\/schema\/person\/d63837fa13ac8666eb9e74e0985d6f81\",\"name\":\"Luzimara Fernandes\",\"image\":{\"@type\":\"ImageObject\",\"inLanguage\":\"pt-BR\",\"@id\":\"https:\/\/jornalfatosenoticias.com.br\/#\/schema\/person\/image\/\",\"url\":\"https:\/\/jornalfatosenoticias.com.br\/wp-content\/uploads\/2025\/05\/EU_portal.jpg\",\"contentUrl\":\"https:\/\/jornalfatosenoticias.com.br\/wp-content\/uploads\/2025\/05\/EU_portal.jpg\",\"caption\":\"Luzimara Fernandes\"},\"description\":\"Jornalista MTB 2358-ES\",\"sameAs\":[\"https:\/\/jornalfatosenoticias.com.br\"],\"url\":\"https:\/\/jornalfatosenoticias.com.br\/index.php\/author\/luzimara\/\"}]}<\/script>\n<!-- \/ Yoast SEO plugin. -->","yoast_head_json":{"title":"Estudo avan\u00e7a no entendimento sobre a intera\u00e7\u00e3o das plantas no subsolo - Jornal Fatos e Not\u00edcias","robots":{"index":"index","follow":"follow","max-snippet":"max-snippet:-1","max-image-preview":"max-image-preview:large","max-video-preview":"max-video-preview:-1"},"canonical":"https:\/\/jornalfatosenoticias.com.br\/index.php\/2020\/12\/22\/estudo-avanca-no-entendimento-sobre-a-interacao-das-plantas-no-subsolo\/","og_locale":"pt_BR","og_type":"article","og_title":"Estudo avan\u00e7a no entendimento sobre a intera\u00e7\u00e3o das plantas no subsolo - Jornal Fatos e Not\u00edcias","og_description":"A nova teoria elucida uma antiga quest\u00e3o da ecologia sobre a competi\u00e7\u00e3o por nutrientes no solo Estudo de capa da revista Science da primeira semana de dezembro apresenta um modelo matem\u00e1tico sobre a distribui\u00e7\u00e3o espacial das ra\u00edzes e a densidade radicular de uma planta. Com base na teoria dos jogos, o modelo prev\u00ea que, na [&hellip;]","og_url":"https:\/\/jornalfatosenoticias.com.br\/index.php\/2020\/12\/22\/estudo-avanca-no-entendimento-sobre-a-interacao-das-plantas-no-subsolo\/","og_site_name":"Jornal Fatos e Not\u00edcias","article_published_time":"2020-12-22T13:24:21+00:00","article_modified_time":"2020-12-22T13:24:26+00:00","og_image":[{"width":1000,"height":664,"url":"https:\/\/jornalfatosenoticias.com.br\/wp-content\/uploads\/2020\/12\/raizes-planta-arvore.jpg","type":"image\/jpeg"}],"author":"Luzimara Fernandes","twitter_card":"summary_large_image","twitter_misc":{"Escrito por":"Luzimara Fernandes","Est. tempo de leitura":"6 minutos"},"schema":{"@context":"https:\/\/schema.org","@graph":[{"@type":"Article","@id":"https:\/\/jornalfatosenoticias.com.br\/index.php\/2020\/12\/22\/estudo-avanca-no-entendimento-sobre-a-interacao-das-plantas-no-subsolo\/#article","isPartOf":{"@id":"https:\/\/jornalfatosenoticias.com.br\/index.php\/2020\/12\/22\/estudo-avanca-no-entendimento-sobre-a-interacao-das-plantas-no-subsolo\/"},"author":{"name":"Luzimara Fernandes","@id":"https:\/\/jornalfatosenoticias.com.br\/#\/schema\/person\/d63837fa13ac8666eb9e74e0985d6f81"},"headline":"Estudo avan\u00e7a no entendimento sobre a intera\u00e7\u00e3o das plantas no subsolo","datePublished":"2020-12-22T13:24:21+00:00","dateModified":"2020-12-22T13:24:26+00:00","mainEntityOfPage":{"@id":"https:\/\/jornalfatosenoticias.com.br\/index.php\/2020\/12\/22\/estudo-avanca-no-entendimento-sobre-a-interacao-das-plantas-no-subsolo\/"},"wordCount":1149,"commentCount":0,"publisher":{"@id":"https:\/\/jornalfatosenoticias.com.br\/#organization"},"image":{"@id":"https:\/\/jornalfatosenoticias.com.br\/index.php\/2020\/12\/22\/estudo-avanca-no-entendimento-sobre-a-interacao-das-plantas-no-subsolo\/#primaryimage"},"thumbnailUrl":"https:\/\/jornalfatosenoticias.com.br\/wp-content\/uploads\/2020\/12\/raizes-planta-arvore.jpg","keywords":["\u00e1rvores","ecologia","plantas","ra\u00edzes","subsolo"],"articleSection":["Meio ambiente"],"inLanguage":"pt-BR","potentialAction":[{"@type":"CommentAction","name":"Comment","target":["https:\/\/jornalfatosenoticias.com.br\/index.php\/2020\/12\/22\/estudo-avanca-no-entendimento-sobre-a-interacao-das-plantas-no-subsolo\/#respond"]}]},{"@type":"WebPage","@id":"https:\/\/jornalfatosenoticias.com.br\/index.php\/2020\/12\/22\/estudo-avanca-no-entendimento-sobre-a-interacao-das-plantas-no-subsolo\/","url":"https:\/\/jornalfatosenoticias.com.br\/index.php\/2020\/12\/22\/estudo-avanca-no-entendimento-sobre-a-interacao-das-plantas-no-subsolo\/","name":"Estudo avan\u00e7a no entendimento sobre a intera\u00e7\u00e3o das plantas no subsolo - Jornal Fatos e Not\u00edcias","isPartOf":{"@id":"https:\/\/jornalfatosenoticias.com.br\/#website"},"primaryImageOfPage":{"@id":"https:\/\/jornalfatosenoticias.com.br\/index.php\/2020\/12\/22\/estudo-avanca-no-entendimento-sobre-a-interacao-das-plantas-no-subsolo\/#primaryimage"},"image":{"@id":"https:\/\/jornalfatosenoticias.com.br\/index.php\/2020\/12\/22\/estudo-avanca-no-entendimento-sobre-a-interacao-das-plantas-no-subsolo\/#primaryimage"},"thumbnailUrl":"https:\/\/jornalfatosenoticias.com.br\/wp-content\/uploads\/2020\/12\/raizes-planta-arvore.jpg","datePublished":"2020-12-22T13:24:21+00:00","dateModified":"2020-12-22T13:24:26+00:00","breadcrumb":{"@id":"https:\/\/jornalfatosenoticias.com.br\/index.php\/2020\/12\/22\/estudo-avanca-no-entendimento-sobre-a-interacao-das-plantas-no-subsolo\/#breadcrumb"},"inLanguage":"pt-BR","potentialAction":[{"@type":"ReadAction","target":["https:\/\/jornalfatosenoticias.com.br\/index.php\/2020\/12\/22\/estudo-avanca-no-entendimento-sobre-a-interacao-das-plantas-no-subsolo\/"]}]},{"@type":"ImageObject","inLanguage":"pt-BR","@id":"https:\/\/jornalfatosenoticias.com.br\/index.php\/2020\/12\/22\/estudo-avanca-no-entendimento-sobre-a-interacao-das-plantas-no-subsolo\/#primaryimage","url":"https:\/\/jornalfatosenoticias.com.br\/wp-content\/uploads\/2020\/12\/raizes-planta-arvore.jpg","contentUrl":"https:\/\/jornalfatosenoticias.com.br\/wp-content\/uploads\/2020\/12\/raizes-planta-arvore.jpg","width":1000,"height":664},{"@type":"BreadcrumbList","@id":"https:\/\/jornalfatosenoticias.com.br\/index.php\/2020\/12\/22\/estudo-avanca-no-entendimento-sobre-a-interacao-das-plantas-no-subsolo\/#breadcrumb","itemListElement":[{"@type":"ListItem","position":1,"name":"In\u00edcio","item":"https:\/\/jornalfatosenoticias.com.br\/"},{"@type":"ListItem","position":2,"name":"Estudo avan\u00e7a no entendimento sobre a intera\u00e7\u00e3o das plantas no subsolo"}]},{"@type":"WebSite","@id":"https:\/\/jornalfatosenoticias.com.br\/#website","url":"https:\/\/jornalfatosenoticias.com.br\/","name":"Jornal Fatos e Not\u00edcias","description":"Not\u00edcias em geral","publisher":{"@id":"https:\/\/jornalfatosenoticias.com.br\/#organization"},"potentialAction":[{"@type":"SearchAction","target":{"@type":"EntryPoint","urlTemplate":"https:\/\/jornalfatosenoticias.com.br\/?s={search_term_string}"},"query-input":{"@type":"PropertyValueSpecification","valueRequired":true,"valueName":"search_term_string"}}],"inLanguage":"pt-BR"},{"@type":"Organization","@id":"https:\/\/jornalfatosenoticias.com.br\/#organization","name":"Jornal Fatos e Not\u00edcias","url":"https:\/\/jornalfatosenoticias.com.br\/","logo":{"@type":"ImageObject","inLanguage":"pt-BR","@id":"https:\/\/jornalfatosenoticias.com.br\/#\/schema\/logo\/image\/","url":"https:\/\/jornalfatosenoticias.com.br\/wp-content\/uploads\/2020\/02\/logo120.png","contentUrl":"https:\/\/jornalfatosenoticias.com.br\/wp-content\/uploads\/2020\/02\/logo120.png","width":1227,"height":120,"caption":"Jornal Fatos e Not\u00edcias"},"image":{"@id":"https:\/\/jornalfatosenoticias.com.br\/#\/schema\/logo\/image\/"}},{"@type":"Person","@id":"https:\/\/jornalfatosenoticias.com.br\/#\/schema\/person\/d63837fa13ac8666eb9e74e0985d6f81","name":"Luzimara Fernandes","image":{"@type":"ImageObject","inLanguage":"pt-BR","@id":"https:\/\/jornalfatosenoticias.com.br\/#\/schema\/person\/image\/","url":"https:\/\/jornalfatosenoticias.com.br\/wp-content\/uploads\/2025\/05\/EU_portal.jpg","contentUrl":"https:\/\/jornalfatosenoticias.com.br\/wp-content\/uploads\/2025\/05\/EU_portal.jpg","caption":"Luzimara Fernandes"},"description":"Jornalista MTB 2358-ES","sameAs":["https:\/\/jornalfatosenoticias.com.br"],"url":"https:\/\/jornalfatosenoticias.com.br\/index.php\/author\/luzimara\/"}]}},"cc_featured_image_caption":{"caption_text":"(Foto: Eilis Garvey\/Unsplash)","source_text":"","source_url":""},"jetpack_featured_media_url":"https:\/\/jornalfatosenoticias.com.br\/wp-content\/uploads\/2020\/12\/raizes-planta-arvore.jpg","_links":{"self":[{"href":"https:\/\/jornalfatosenoticias.com.br\/index.php\/wp-json\/wp\/v2\/posts\/12760","targetHints":{"allow":["GET"]}}],"collection":[{"href":"https:\/\/jornalfatosenoticias.com.br\/index.php\/wp-json\/wp\/v2\/posts"}],"about":[{"href":"https:\/\/jornalfatosenoticias.com.br\/index.php\/wp-json\/wp\/v2\/types\/post"}],"author":[{"embeddable":true,"href":"https:\/\/jornalfatosenoticias.com.br\/index.php\/wp-json\/wp\/v2\/users\/2"}],"replies":[{"embeddable":true,"href":"https:\/\/jornalfatosenoticias.com.br\/index.php\/wp-json\/wp\/v2\/comments?post=12760"}],"version-history":[{"count":0,"href":"https:\/\/jornalfatosenoticias.com.br\/index.php\/wp-json\/wp\/v2\/posts\/12760\/revisions"}],"wp:featuredmedia":[{"embeddable":true,"href":"https:\/\/jornalfatosenoticias.com.br\/index.php\/wp-json\/wp\/v2\/media\/12761"}],"wp:attachment":[{"href":"https:\/\/jornalfatosenoticias.com.br\/index.php\/wp-json\/wp\/v2\/media?parent=12760"}],"wp:term":[{"taxonomy":"category","embeddable":true,"href":"https:\/\/jornalfatosenoticias.com.br\/index.php\/wp-json\/wp\/v2\/categories?post=12760"},{"taxonomy":"post_tag","embeddable":true,"href":"https:\/\/jornalfatosenoticias.com.br\/index.php\/wp-json\/wp\/v2\/tags?post=12760"}],"curies":[{"name":"wp","href":"https:\/\/api.w.org\/{rel}","templated":true}]}}