{"id":12783,"date":"2020-12-23T15:05:51","date_gmt":"2020-12-23T18:05:51","guid":{"rendered":"https:\/\/jornalfatosenoticias.com.br\/?p=12783"},"modified":"2020-12-23T15:05:56","modified_gmt":"2020-12-23T18:05:56","slug":"lorenzo-pazolini-fala-de-sua-futura-gestao-a-frente-da-capital","status":"publish","type":"post","link":"https:\/\/jornalfatosenoticias.com.br\/index.php\/2020\/12\/23\/lorenzo-pazolini-fala-de-sua-futura-gestao-a-frente-da-capital\/","title":{"rendered":"Lorenzo Pazolini fala de sua futura gest\u00e3o \u00e0 frente da capital"},"content":{"rendered":"\n<h6 class=\"wp-block-heading\"><em>\u201cSou aberto ao di\u00e1logo, valorizo a compet\u00eancia, tenho foco em minhas a\u00e7\u00f5es e quero ser o melhor prefeito que Vit\u00f3ria j\u00e1 teve, sem desmerecer quem j\u00e1 esteve \u00e0 frente do munic\u00edpio\u201d<\/em><\/h6>\n\n\n\n<p>Com uma popula\u00e7\u00e3o estimada em 365.855 pessoas vivendo numa \u00e1rea territorial com 97.123 km\u00b2 e com uma economia privilegiada, a capital do Esp\u00edrito Santo tem uma economia voltada \u00e0s atividades portu\u00e1rias, ao com\u00e9rcio, \u00e0 ind\u00fastria, \u00e0 presta\u00e7\u00e3o de servi\u00e7os e ao turismo de neg\u00f3cios e conta com dois portos que s\u00e3o dos mais importantes do Pa\u00eds: o Porto de Vit\u00f3ria e o Porto de Tubar\u00e3o que, com as ind\u00fastrias ArcelorMittal Tubar\u00e3o e Vale S\/A e outras do Estado, formam o maior complexo portu\u00e1rio do Brasil. Entretanto, apesar dos recursos que facilitam em muito a administra\u00e7\u00e3o p\u00fablica, n\u00e3o quer dizer que o munic\u00edpio esteja isento de problemas nas quest\u00f5es sociais.<br>Diante desses e de outros fatos, o Republicano Lorenzo Pazolini, prefeito eleito por Vit\u00f3ria, com mais de 102 mil votos, concedeu entrevista, nesta semana, ao jornalista Haroldo Cordeiro Filho (Coluna Olhar de uma Lente\/Fatos &amp; Not\u00edcias), para falar de prioridades e desafios que enfrentar\u00e1 nos pr\u00f3ximos quatro anos \u00e0 frente da prefeitura.<\/p>\n\n\n\n<p><strong>Qual o desenho que o senhor faz do recado do eleitor da capital do ES?<br><\/strong>O eleitor de Vit\u00f3ria mostrou, nas urnas, que a cidade quer mais paz e igualdade. Precisamos trazer de volta a tranquilidade para que as pessoas possam ir e vir em seguran\u00e7a nos seus deslocamentos para o trabalho, para a faculdade e o lazer. J\u00e1 os investimentos na cidade precisam ter equidade, beneficiando todas as regi\u00f5es de Vit\u00f3ria e n\u00e3o apenas alguns locais.<\/p>\n\n\n\n<p><strong>O que muda, j\u00e1 que Luciano esteve \u00e0 frente da prefeitura de Vit\u00f3ria nesses \u00faltimos oito anos?<br><\/strong>O que for bem-avaliado pela popula\u00e7\u00e3o vai continuar. A boa pr\u00e1tica pol\u00edtica nos ensina que nem mesmo o nome dos programas existentes devam ser mudados, isso \u00e9 a nova pol\u00edtica. Agora, vamos dar um choque de gest\u00e3o na Prefeitura de Vit\u00f3ria. Vamos retomar o di\u00e1logo com os moradores, para que as decis\u00f5es mais importantes e sens\u00edveis, que impactam as vidas das pessoas, sejam tomadas coletivamente. Vamos avan\u00e7ar em \u00e1reas como seguran\u00e7a, educa\u00e7\u00e3o, sa\u00fade, meio ambiente e desenvolvimento econ\u00f4mico e trazer de volta os investimentos que foram perdidos pela cidade nos \u00faltimos anos.<\/p>\n\n\n\n<p><strong>O senhor se considera diferente do perfil de Luciano Rezende?<br><\/strong>N\u00e3o cabe a mim fazer julgamentos do perfil do atual gestor. Sou aberto ao di\u00e1logo, valorizo a compet\u00eancia, tenho foco em minhas a\u00e7\u00f5es e quero ser o melhor prefeito que Vit\u00f3ria j\u00e1 teve, sem desmerecer quem j\u00e1 esteve \u00e0 frente do munic\u00edpio.<\/p>\n\n\n\n<div class=\"wp-block-jetpack-slideshow aligncenter\" data-effect=\"slide\"><div class=\"wp-block-jetpack-slideshow_container swiper-container\"><ul class=\"wp-block-jetpack-slideshow_swiper-wrapper swiper-wrapper\"><li class=\"wp-block-jetpack-slideshow_slide swiper-slide\"><figure><img loading=\"lazy\" decoding=\"async\" width=\"1000\" height=\"665\" alt=\"\" class=\"wp-block-jetpack-slideshow_image wp-image-12785\" data-id=\"12785\" src=\"https:\/\/jornalfatosenoticias.com.br\/wp-content\/uploads\/2020\/12\/Mangue-394.jpg\" srcset=\"https:\/\/jornalfatosenoticias.com.br\/wp-content\/uploads\/2020\/12\/Mangue-394.jpg 1000w, https:\/\/jornalfatosenoticias.com.br\/wp-content\/uploads\/2020\/12\/Mangue-394-300x200.jpg 300w, https:\/\/jornalfatosenoticias.com.br\/wp-content\/uploads\/2020\/12\/Mangue-394-768x511.jpg 768w\" sizes=\"auto, (max-width: 1000px) 100vw, 1000px\" \/><figcaption class=\"wp-block-jetpack-slideshow_caption gallery-caption\">Mangue (Foto: vitoria.es.gov.br) <\/figcaption><\/figure><\/li><li class=\"wp-block-jetpack-slideshow_slide swiper-slide\"><figure><img loading=\"lazy\" decoding=\"async\" width=\"1000\" height=\"664\" alt=\"\" class=\"wp-block-jetpack-slideshow_image wp-image-12786\" data-id=\"12786\" src=\"https:\/\/jornalfatosenoticias.com.br\/wp-content\/uploads\/2020\/12\/Mosaico-394.jpg\" srcset=\"https:\/\/jornalfatosenoticias.com.br\/wp-content\/uploads\/2020\/12\/Mosaico-394.jpg 1000w, https:\/\/jornalfatosenoticias.com.br\/wp-content\/uploads\/2020\/12\/Mosaico-394-300x199.jpg 300w, https:\/\/jornalfatosenoticias.com.br\/wp-content\/uploads\/2020\/12\/Mosaico-394-768x510.jpg 768w\" sizes=\"auto, (max-width: 1000px) 100vw, 1000px\" \/><figcaption class=\"wp-block-jetpack-slideshow_caption gallery-caption\">Vista da ilha de Vit\u00f3ria (Foto: Mosaico Imagem) <\/figcaption><\/figure><\/li><li class=\"wp-block-jetpack-slideshow_slide swiper-slide\"><figure><img loading=\"lazy\" decoding=\"async\" width=\"1000\" height=\"666\" alt=\"\" class=\"wp-block-jetpack-slideshow_image wp-image-12787\" data-id=\"12787\" src=\"https:\/\/jornalfatosenoticias.com.br\/wp-content\/uploads\/2020\/12\/Vitoria-foto-393-KKK.jpg\" srcset=\"https:\/\/jornalfatosenoticias.com.br\/wp-content\/uploads\/2020\/12\/Vitoria-foto-393-KKK.jpg 1000w, https:\/\/jornalfatosenoticias.com.br\/wp-content\/uploads\/2020\/12\/Vitoria-foto-393-KKK-300x200.jpg 300w, https:\/\/jornalfatosenoticias.com.br\/wp-content\/uploads\/2020\/12\/Vitoria-foto-393-KKK-768x511.jpg 768w\" sizes=\"auto, (max-width: 1000px) 100vw, 1000px\" \/><figcaption class=\"wp-block-jetpack-slideshow_caption gallery-caption\">Pedra do Penedo (Foto: ales.gov.br) <\/figcaption><\/figure><\/li><\/ul><a class=\"wp-block-jetpack-slideshow_button-prev swiper-button-prev swiper-button-white\" role=\"button\"><\/a><a class=\"wp-block-jetpack-slideshow_button-next swiper-button-next swiper-button-white\" role=\"button\"><\/a><a aria-label=\"Pause Slideshow\" class=\"wp-block-jetpack-slideshow_button-pause\" role=\"button\"><\/a><div class=\"wp-block-jetpack-slideshow_pagination swiper-pagination swiper-pagination-white\"><\/div><\/div><\/div>\n\n\n\n<p><strong>Com rela\u00e7\u00e3o \u00e0 pandemia, qual a linha de trabalho que o senhor deve seguir?<br><\/strong>Em nossa equipe de transi\u00e7\u00e3o j\u00e1 temos ouvido especialistas, m\u00e9dicos, sanitaristas e diversos outros profissionais que atuam na linha de frente da covid-19, para nos basearmos na ci\u00eancia na tomada de decis\u00f5es. J\u00e1 nos primeiros dias de nossa gest\u00e3o, vamos criar um comit\u00ea de gerenciamento da crise sanit\u00e1ria de covid-19, que ir\u00e1 nos auxiliar nas medidas que ser\u00e3o propostas, para que possamos retomar algumas atividades em plena seguran\u00e7a. Tamb\u00e9m estaremos focando em dialogar com o Minist\u00e9rio da Sa\u00fade, para que a popula\u00e7\u00e3o de Vit\u00f3ria seja plenamente contemplada no Plano Nacional de Vacina\u00e7\u00e3o da Covid-19.<\/p>\n\n\n\n<p><strong>Quais s\u00e3o os grandes desafios que o senhor acredita enfrentar?<br><\/strong>Teremos pela frente tempos dif\u00edceis no p\u00f3s-covid-19, milhares de pessoas perderam seus empregos, se endividaram, est\u00e3o passando por dificuldades e n\u00e3o sabemos ainda at\u00e9 quando se estender\u00e1 o aux\u00edlio emergencial. Vamos acompanhar com lupa a arrecada\u00e7\u00e3o do munic\u00edpio, para que possamos voltar a ter capacidade de investimentos na cidade de Vit\u00f3ria que, pela proje\u00e7\u00e3o do or\u00e7amento de 2021, ter\u00e1 apenas R$ 30 milh\u00f5es para investir com recursos pr\u00f3prios. J\u00e1 tenho trabalhado com a equipe de transi\u00e7\u00e3o para, nos primeiros dias de nossa gest\u00e3o, tomarmos medidas para economizar recursos e recuperar essa capacidade de investimentos.<\/p>\n\n\n\n<p><strong>A partir de janeiro, o senhor tem algum foco especial na administra\u00e7\u00e3o, algum ponto espec\u00edfico que o senhor pretende atacar na administra\u00e7\u00e3o p\u00fablica?<br><\/strong>Nosso principal foco ser\u00e1 em administrar bem o dinheiro do povo. N\u00e3o irei permitir nenhum gasto desnecess\u00e1rio e vamos economizar tudo que pudermos, com o objetivo de sobrar dinheiro para investir em melhorias que tragam qualidade de vida para as pessoas. A popula\u00e7\u00e3o n\u00e3o aguenta mais pagar por regalias, mordomias e gastos desnecess\u00e1rios. Por isso, terei uma equipe t\u00e9cnica muito boa ao meu lado, para que possamos, ao final de quatro anos, entregar uma cidade muito melhor do que encontramos.<\/p>\n\n\n\n<p><strong>Quais os seus projetos econ\u00f4micos para a capital?<br><\/strong>Vit\u00f3ria \u00e9 muito dependente do setor de com\u00e9rcio e servi\u00e7os, precisamos explorar os potenciais econ\u00f4micos e voca\u00e7\u00f5es que a cidade tem. Para isso, temos que desburocratizar a m\u00e1quina p\u00fablica, para facilitar a vida de quem quer empreender na cidade. Vamos explorar mais o turismo de neg\u00f3cio, a atra\u00e7\u00e3o de startups de tecnologia, fomentar a economia criativa e o cooperativismo. A economia de Vit\u00f3ria precisa voltar a pulsar e o ambiente para novos neg\u00f3cios precisa voltar a ser atrativo, s\u00f3 assim vamos conseguir trazer novas matrizes econ\u00f4micas.<\/p>\n","protected":false},"excerpt":{"rendered":"<p>\u201cSou aberto ao di\u00e1logo, valorizo a compet\u00eancia, tenho foco em minhas a\u00e7\u00f5es e quero ser o melhor prefeito que Vit\u00f3ria j\u00e1 teve, sem desmerecer quem j\u00e1 esteve \u00e0 frente do munic\u00edpio\u201d Com uma popula\u00e7\u00e3o estimada em 365.855 pessoas vivendo numa \u00e1rea territorial com 97.123 km\u00b2 e com uma economia privilegiada, a capital do Esp\u00edrito Santo [&hellip;]<\/p>\n","protected":false},"author":3,"featured_media":12784,"comment_status":"open","ping_status":"open","sticky":false,"template":"","format":"standard","meta":{"footnotes":""},"categories":[10],"tags":[1867,6649,3818,6650,882],"class_list":["post-12783","post","type-post","status-publish","format-standard","has-post-thumbnail","hentry","category-politica","tag-capital","tag-lorenzo-pazolini","tag-prefeito","tag-propostas","tag-vitoria"],"yoast_head":"<!-- This site is optimized with the Yoast SEO plugin v26.5 - https:\/\/yoast.com\/wordpress\/plugins\/seo\/ -->\n<title>Lorenzo Pazolini fala de sua futura gest\u00e3o \u00e0 frente da capital - Jornal Fatos e Not\u00edcias<\/title>\n<meta name=\"robots\" content=\"index, follow, max-snippet:-1, max-image-preview:large, max-video-preview:-1\" \/>\n<link rel=\"canonical\" href=\"https:\/\/jornalfatosenoticias.com.br\/index.php\/2020\/12\/23\/lorenzo-pazolini-fala-de-sua-futura-gestao-a-frente-da-capital\/\" \/>\n<meta property=\"og:locale\" content=\"pt_BR\" \/>\n<meta property=\"og:type\" content=\"article\" \/>\n<meta property=\"og:title\" content=\"Lorenzo Pazolini fala de sua futura gest\u00e3o \u00e0 frente da capital - Jornal Fatos e Not\u00edcias\" \/>\n<meta property=\"og:description\" content=\"\u201cSou aberto ao di\u00e1logo, valorizo a compet\u00eancia, tenho foco em minhas a\u00e7\u00f5es e quero ser o melhor prefeito que Vit\u00f3ria j\u00e1 teve, sem desmerecer quem j\u00e1 esteve \u00e0 frente do munic\u00edpio\u201d Com uma popula\u00e7\u00e3o estimada em 365.855 pessoas vivendo numa \u00e1rea territorial com 97.123 km\u00b2 e com uma economia privilegiada, a capital do Esp\u00edrito Santo [&hellip;]\" \/>\n<meta property=\"og:url\" content=\"https:\/\/jornalfatosenoticias.com.br\/index.php\/2020\/12\/23\/lorenzo-pazolini-fala-de-sua-futura-gestao-a-frente-da-capital\/\" \/>\n<meta property=\"og:site_name\" content=\"Jornal Fatos e Not\u00edcias\" \/>\n<meta property=\"article:published_time\" content=\"2020-12-23T18:05:51+00:00\" \/>\n<meta property=\"article:modified_time\" content=\"2020-12-23T18:05:56+00:00\" \/>\n<meta property=\"og:image\" content=\"https:\/\/jornalfatosenoticias.com.br\/wp-content\/uploads\/2020\/12\/Pazolini-e-Haroldo-393.jpg\" \/>\n\t<meta property=\"og:image:width\" content=\"1000\" \/>\n\t<meta property=\"og:image:height\" content=\"656\" \/>\n\t<meta property=\"og:image:type\" content=\"image\/jpeg\" \/>\n<meta name=\"author\" content=\"Haroldo Filho\" \/>\n<meta name=\"twitter:card\" content=\"summary_large_image\" \/>\n<meta name=\"twitter:label1\" content=\"Escrito por\" \/>\n\t<meta name=\"twitter:data1\" content=\"Haroldo Filho\" \/>\n\t<meta name=\"twitter:label2\" content=\"Est. tempo de leitura\" \/>\n\t<meta name=\"twitter:data2\" content=\"5 minutos\" \/>\n<script type=\"application\/ld+json\" class=\"yoast-schema-graph\">{\"@context\":\"https:\/\/schema.org\",\"@graph\":[{\"@type\":\"Article\",\"@id\":\"https:\/\/jornalfatosenoticias.com.br\/index.php\/2020\/12\/23\/lorenzo-pazolini-fala-de-sua-futura-gestao-a-frente-da-capital\/#article\",\"isPartOf\":{\"@id\":\"https:\/\/jornalfatosenoticias.com.br\/index.php\/2020\/12\/23\/lorenzo-pazolini-fala-de-sua-futura-gestao-a-frente-da-capital\/\"},\"author\":{\"name\":\"Haroldo Filho\",\"@id\":\"https:\/\/jornalfatosenoticias.com.br\/#\/schema\/person\/05c46cc25b42a5c27e004fb0fa6b4965\"},\"headline\":\"Lorenzo Pazolini fala de sua futura gest\u00e3o \u00e0 frente da capital\",\"datePublished\":\"2020-12-23T18:05:51+00:00\",\"dateModified\":\"2020-12-23T18:05:56+00:00\",\"mainEntityOfPage\":{\"@id\":\"https:\/\/jornalfatosenoticias.com.br\/index.php\/2020\/12\/23\/lorenzo-pazolini-fala-de-sua-futura-gestao-a-frente-da-capital\/\"},\"wordCount\":967,\"commentCount\":0,\"publisher\":{\"@id\":\"https:\/\/jornalfatosenoticias.com.br\/#organization\"},\"image\":{\"@id\":\"https:\/\/jornalfatosenoticias.com.br\/index.php\/2020\/12\/23\/lorenzo-pazolini-fala-de-sua-futura-gestao-a-frente-da-capital\/#primaryimage\"},\"thumbnailUrl\":\"https:\/\/jornalfatosenoticias.com.br\/wp-content\/uploads\/2020\/12\/Pazolini-e-Haroldo-393.jpg\",\"keywords\":[\"capital\",\"Lorenzo Pazolini\",\"prefeito\",\"propostas\",\"Vit\u00f3ria\"],\"articleSection\":[\"Pol\u00edtica\"],\"inLanguage\":\"pt-BR\",\"potentialAction\":[{\"@type\":\"CommentAction\",\"name\":\"Comment\",\"target\":[\"https:\/\/jornalfatosenoticias.com.br\/index.php\/2020\/12\/23\/lorenzo-pazolini-fala-de-sua-futura-gestao-a-frente-da-capital\/#respond\"]}]},{\"@type\":\"WebPage\",\"@id\":\"https:\/\/jornalfatosenoticias.com.br\/index.php\/2020\/12\/23\/lorenzo-pazolini-fala-de-sua-futura-gestao-a-frente-da-capital\/\",\"url\":\"https:\/\/jornalfatosenoticias.com.br\/index.php\/2020\/12\/23\/lorenzo-pazolini-fala-de-sua-futura-gestao-a-frente-da-capital\/\",\"name\":\"Lorenzo Pazolini fala de sua futura gest\u00e3o \u00e0 frente da capital - Jornal Fatos e Not\u00edcias\",\"isPartOf\":{\"@id\":\"https:\/\/jornalfatosenoticias.com.br\/#website\"},\"primaryImageOfPage\":{\"@id\":\"https:\/\/jornalfatosenoticias.com.br\/index.php\/2020\/12\/23\/lorenzo-pazolini-fala-de-sua-futura-gestao-a-frente-da-capital\/#primaryimage\"},\"image\":{\"@id\":\"https:\/\/jornalfatosenoticias.com.br\/index.php\/2020\/12\/23\/lorenzo-pazolini-fala-de-sua-futura-gestao-a-frente-da-capital\/#primaryimage\"},\"thumbnailUrl\":\"https:\/\/jornalfatosenoticias.com.br\/wp-content\/uploads\/2020\/12\/Pazolini-e-Haroldo-393.jpg\",\"datePublished\":\"2020-12-23T18:05:51+00:00\",\"dateModified\":\"2020-12-23T18:05:56+00:00\",\"breadcrumb\":{\"@id\":\"https:\/\/jornalfatosenoticias.com.br\/index.php\/2020\/12\/23\/lorenzo-pazolini-fala-de-sua-futura-gestao-a-frente-da-capital\/#breadcrumb\"},\"inLanguage\":\"pt-BR\",\"potentialAction\":[{\"@type\":\"ReadAction\",\"target\":[\"https:\/\/jornalfatosenoticias.com.br\/index.php\/2020\/12\/23\/lorenzo-pazolini-fala-de-sua-futura-gestao-a-frente-da-capital\/\"]}]},{\"@type\":\"ImageObject\",\"inLanguage\":\"pt-BR\",\"@id\":\"https:\/\/jornalfatosenoticias.com.br\/index.php\/2020\/12\/23\/lorenzo-pazolini-fala-de-sua-futura-gestao-a-frente-da-capital\/#primaryimage\",\"url\":\"https:\/\/jornalfatosenoticias.com.br\/wp-content\/uploads\/2020\/12\/Pazolini-e-Haroldo-393.jpg\",\"contentUrl\":\"https:\/\/jornalfatosenoticias.com.br\/wp-content\/uploads\/2020\/12\/Pazolini-e-Haroldo-393.jpg\",\"width\":1000,\"height\":656},{\"@type\":\"BreadcrumbList\",\"@id\":\"https:\/\/jornalfatosenoticias.com.br\/index.php\/2020\/12\/23\/lorenzo-pazolini-fala-de-sua-futura-gestao-a-frente-da-capital\/#breadcrumb\",\"itemListElement\":[{\"@type\":\"ListItem\",\"position\":1,\"name\":\"In\u00edcio\",\"item\":\"https:\/\/jornalfatosenoticias.com.br\/\"},{\"@type\":\"ListItem\",\"position\":2,\"name\":\"Lorenzo Pazolini fala de sua futura gest\u00e3o \u00e0 frente da capital\"}]},{\"@type\":\"WebSite\",\"@id\":\"https:\/\/jornalfatosenoticias.com.br\/#website\",\"url\":\"https:\/\/jornalfatosenoticias.com.br\/\",\"name\":\"Jornal Fatos e Not\u00edcias\",\"description\":\"Not\u00edcias em geral\",\"publisher\":{\"@id\":\"https:\/\/jornalfatosenoticias.com.br\/#organization\"},\"potentialAction\":[{\"@type\":\"SearchAction\",\"target\":{\"@type\":\"EntryPoint\",\"urlTemplate\":\"https:\/\/jornalfatosenoticias.com.br\/?s={search_term_string}\"},\"query-input\":{\"@type\":\"PropertyValueSpecification\",\"valueRequired\":true,\"valueName\":\"search_term_string\"}}],\"inLanguage\":\"pt-BR\"},{\"@type\":\"Organization\",\"@id\":\"https:\/\/jornalfatosenoticias.com.br\/#organization\",\"name\":\"Jornal Fatos e Not\u00edcias\",\"url\":\"https:\/\/jornalfatosenoticias.com.br\/\",\"logo\":{\"@type\":\"ImageObject\",\"inLanguage\":\"pt-BR\",\"@id\":\"https:\/\/jornalfatosenoticias.com.br\/#\/schema\/logo\/image\/\",\"url\":\"https:\/\/jornalfatosenoticias.com.br\/wp-content\/uploads\/2020\/02\/logo120.png\",\"contentUrl\":\"https:\/\/jornalfatosenoticias.com.br\/wp-content\/uploads\/2020\/02\/logo120.png\",\"width\":1227,\"height\":120,\"caption\":\"Jornal Fatos e Not\u00edcias\"},\"image\":{\"@id\":\"https:\/\/jornalfatosenoticias.com.br\/#\/schema\/logo\/image\/\"}},{\"@type\":\"Person\",\"@id\":\"https:\/\/jornalfatosenoticias.com.br\/#\/schema\/person\/05c46cc25b42a5c27e004fb0fa6b4965\",\"name\":\"Haroldo Filho\",\"image\":{\"@type\":\"ImageObject\",\"inLanguage\":\"pt-BR\",\"@id\":\"https:\/\/jornalfatosenoticias.com.br\/#\/schema\/person\/image\/\",\"url\":\"https:\/\/jornalfatosenoticias.com.br\/wp-content\/uploads\/2025\/08\/WhatsApp-Image-2025-08-18-at-15.30.28-150x150.jpeg\",\"contentUrl\":\"https:\/\/jornalfatosenoticias.com.br\/wp-content\/uploads\/2025\/08\/WhatsApp-Image-2025-08-18-at-15.30.28-150x150.jpeg\",\"caption\":\"Haroldo Filho\"},\"description\":\"Jornalista \u2013 DRT: 0003818\/ES Coordenador-geral da ONG Educar para Crescer\",\"url\":\"https:\/\/jornalfatosenoticias.com.br\/index.php\/author\/haroldo\/\"}]}<\/script>\n<!-- \/ Yoast SEO plugin. -->","yoast_head_json":{"title":"Lorenzo Pazolini fala de sua futura gest\u00e3o \u00e0 frente da capital - Jornal Fatos e Not\u00edcias","robots":{"index":"index","follow":"follow","max-snippet":"max-snippet:-1","max-image-preview":"max-image-preview:large","max-video-preview":"max-video-preview:-1"},"canonical":"https:\/\/jornalfatosenoticias.com.br\/index.php\/2020\/12\/23\/lorenzo-pazolini-fala-de-sua-futura-gestao-a-frente-da-capital\/","og_locale":"pt_BR","og_type":"article","og_title":"Lorenzo Pazolini fala de sua futura gest\u00e3o \u00e0 frente da capital - Jornal Fatos e Not\u00edcias","og_description":"\u201cSou aberto ao di\u00e1logo, valorizo a compet\u00eancia, tenho foco em minhas a\u00e7\u00f5es e quero ser o melhor prefeito que Vit\u00f3ria j\u00e1 teve, sem desmerecer quem j\u00e1 esteve \u00e0 frente do munic\u00edpio\u201d Com uma popula\u00e7\u00e3o estimada em 365.855 pessoas vivendo numa \u00e1rea territorial com 97.123 km\u00b2 e com uma economia privilegiada, a capital do Esp\u00edrito Santo [&hellip;]","og_url":"https:\/\/jornalfatosenoticias.com.br\/index.php\/2020\/12\/23\/lorenzo-pazolini-fala-de-sua-futura-gestao-a-frente-da-capital\/","og_site_name":"Jornal Fatos e Not\u00edcias","article_published_time":"2020-12-23T18:05:51+00:00","article_modified_time":"2020-12-23T18:05:56+00:00","og_image":[{"width":1000,"height":656,"url":"https:\/\/jornalfatosenoticias.com.br\/wp-content\/uploads\/2020\/12\/Pazolini-e-Haroldo-393.jpg","type":"image\/jpeg"}],"author":"Haroldo Filho","twitter_card":"summary_large_image","twitter_misc":{"Escrito por":"Haroldo Filho","Est. tempo de leitura":"5 minutos"},"schema":{"@context":"https:\/\/schema.org","@graph":[{"@type":"Article","@id":"https:\/\/jornalfatosenoticias.com.br\/index.php\/2020\/12\/23\/lorenzo-pazolini-fala-de-sua-futura-gestao-a-frente-da-capital\/#article","isPartOf":{"@id":"https:\/\/jornalfatosenoticias.com.br\/index.php\/2020\/12\/23\/lorenzo-pazolini-fala-de-sua-futura-gestao-a-frente-da-capital\/"},"author":{"name":"Haroldo Filho","@id":"https:\/\/jornalfatosenoticias.com.br\/#\/schema\/person\/05c46cc25b42a5c27e004fb0fa6b4965"},"headline":"Lorenzo Pazolini fala de sua futura gest\u00e3o \u00e0 frente da capital","datePublished":"2020-12-23T18:05:51+00:00","dateModified":"2020-12-23T18:05:56+00:00","mainEntityOfPage":{"@id":"https:\/\/jornalfatosenoticias.com.br\/index.php\/2020\/12\/23\/lorenzo-pazolini-fala-de-sua-futura-gestao-a-frente-da-capital\/"},"wordCount":967,"commentCount":0,"publisher":{"@id":"https:\/\/jornalfatosenoticias.com.br\/#organization"},"image":{"@id":"https:\/\/jornalfatosenoticias.com.br\/index.php\/2020\/12\/23\/lorenzo-pazolini-fala-de-sua-futura-gestao-a-frente-da-capital\/#primaryimage"},"thumbnailUrl":"https:\/\/jornalfatosenoticias.com.br\/wp-content\/uploads\/2020\/12\/Pazolini-e-Haroldo-393.jpg","keywords":["capital","Lorenzo Pazolini","prefeito","propostas","Vit\u00f3ria"],"articleSection":["Pol\u00edtica"],"inLanguage":"pt-BR","potentialAction":[{"@type":"CommentAction","name":"Comment","target":["https:\/\/jornalfatosenoticias.com.br\/index.php\/2020\/12\/23\/lorenzo-pazolini-fala-de-sua-futura-gestao-a-frente-da-capital\/#respond"]}]},{"@type":"WebPage","@id":"https:\/\/jornalfatosenoticias.com.br\/index.php\/2020\/12\/23\/lorenzo-pazolini-fala-de-sua-futura-gestao-a-frente-da-capital\/","url":"https:\/\/jornalfatosenoticias.com.br\/index.php\/2020\/12\/23\/lorenzo-pazolini-fala-de-sua-futura-gestao-a-frente-da-capital\/","name":"Lorenzo Pazolini fala de sua futura gest\u00e3o \u00e0 frente da capital - Jornal Fatos e Not\u00edcias","isPartOf":{"@id":"https:\/\/jornalfatosenoticias.com.br\/#website"},"primaryImageOfPage":{"@id":"https:\/\/jornalfatosenoticias.com.br\/index.php\/2020\/12\/23\/lorenzo-pazolini-fala-de-sua-futura-gestao-a-frente-da-capital\/#primaryimage"},"image":{"@id":"https:\/\/jornalfatosenoticias.com.br\/index.php\/2020\/12\/23\/lorenzo-pazolini-fala-de-sua-futura-gestao-a-frente-da-capital\/#primaryimage"},"thumbnailUrl":"https:\/\/jornalfatosenoticias.com.br\/wp-content\/uploads\/2020\/12\/Pazolini-e-Haroldo-393.jpg","datePublished":"2020-12-23T18:05:51+00:00","dateModified":"2020-12-23T18:05:56+00:00","breadcrumb":{"@id":"https:\/\/jornalfatosenoticias.com.br\/index.php\/2020\/12\/23\/lorenzo-pazolini-fala-de-sua-futura-gestao-a-frente-da-capital\/#breadcrumb"},"inLanguage":"pt-BR","potentialAction":[{"@type":"ReadAction","target":["https:\/\/jornalfatosenoticias.com.br\/index.php\/2020\/12\/23\/lorenzo-pazolini-fala-de-sua-futura-gestao-a-frente-da-capital\/"]}]},{"@type":"ImageObject","inLanguage":"pt-BR","@id":"https:\/\/jornalfatosenoticias.com.br\/index.php\/2020\/12\/23\/lorenzo-pazolini-fala-de-sua-futura-gestao-a-frente-da-capital\/#primaryimage","url":"https:\/\/jornalfatosenoticias.com.br\/wp-content\/uploads\/2020\/12\/Pazolini-e-Haroldo-393.jpg","contentUrl":"https:\/\/jornalfatosenoticias.com.br\/wp-content\/uploads\/2020\/12\/Pazolini-e-Haroldo-393.jpg","width":1000,"height":656},{"@type":"BreadcrumbList","@id":"https:\/\/jornalfatosenoticias.com.br\/index.php\/2020\/12\/23\/lorenzo-pazolini-fala-de-sua-futura-gestao-a-frente-da-capital\/#breadcrumb","itemListElement":[{"@type":"ListItem","position":1,"name":"In\u00edcio","item":"https:\/\/jornalfatosenoticias.com.br\/"},{"@type":"ListItem","position":2,"name":"Lorenzo Pazolini fala de sua futura gest\u00e3o \u00e0 frente da capital"}]},{"@type":"WebSite","@id":"https:\/\/jornalfatosenoticias.com.br\/#website","url":"https:\/\/jornalfatosenoticias.com.br\/","name":"Jornal Fatos e Not\u00edcias","description":"Not\u00edcias em geral","publisher":{"@id":"https:\/\/jornalfatosenoticias.com.br\/#organization"},"potentialAction":[{"@type":"SearchAction","target":{"@type":"EntryPoint","urlTemplate":"https:\/\/jornalfatosenoticias.com.br\/?s={search_term_string}"},"query-input":{"@type":"PropertyValueSpecification","valueRequired":true,"valueName":"search_term_string"}}],"inLanguage":"pt-BR"},{"@type":"Organization","@id":"https:\/\/jornalfatosenoticias.com.br\/#organization","name":"Jornal Fatos e Not\u00edcias","url":"https:\/\/jornalfatosenoticias.com.br\/","logo":{"@type":"ImageObject","inLanguage":"pt-BR","@id":"https:\/\/jornalfatosenoticias.com.br\/#\/schema\/logo\/image\/","url":"https:\/\/jornalfatosenoticias.com.br\/wp-content\/uploads\/2020\/02\/logo120.png","contentUrl":"https:\/\/jornalfatosenoticias.com.br\/wp-content\/uploads\/2020\/02\/logo120.png","width":1227,"height":120,"caption":"Jornal Fatos e Not\u00edcias"},"image":{"@id":"https:\/\/jornalfatosenoticias.com.br\/#\/schema\/logo\/image\/"}},{"@type":"Person","@id":"https:\/\/jornalfatosenoticias.com.br\/#\/schema\/person\/05c46cc25b42a5c27e004fb0fa6b4965","name":"Haroldo Filho","image":{"@type":"ImageObject","inLanguage":"pt-BR","@id":"https:\/\/jornalfatosenoticias.com.br\/#\/schema\/person\/image\/","url":"https:\/\/jornalfatosenoticias.com.br\/wp-content\/uploads\/2025\/08\/WhatsApp-Image-2025-08-18-at-15.30.28-150x150.jpeg","contentUrl":"https:\/\/jornalfatosenoticias.com.br\/wp-content\/uploads\/2025\/08\/WhatsApp-Image-2025-08-18-at-15.30.28-150x150.jpeg","caption":"Haroldo Filho"},"description":"Jornalista \u2013 DRT: 0003818\/ES Coordenador-geral da ONG Educar para Crescer","url":"https:\/\/jornalfatosenoticias.com.br\/index.php\/author\/haroldo\/"}]}},"cc_featured_image_caption":{"caption_text":"(Foto: Assessoria de Comunica\u00e7\u00e3o) ","source_text":"","source_url":""},"jetpack_featured_media_url":"https:\/\/jornalfatosenoticias.com.br\/wp-content\/uploads\/2020\/12\/Pazolini-e-Haroldo-393.jpg","_links":{"self":[{"href":"https:\/\/jornalfatosenoticias.com.br\/index.php\/wp-json\/wp\/v2\/posts\/12783","targetHints":{"allow":["GET"]}}],"collection":[{"href":"https:\/\/jornalfatosenoticias.com.br\/index.php\/wp-json\/wp\/v2\/posts"}],"about":[{"href":"https:\/\/jornalfatosenoticias.com.br\/index.php\/wp-json\/wp\/v2\/types\/post"}],"author":[{"embeddable":true,"href":"https:\/\/jornalfatosenoticias.com.br\/index.php\/wp-json\/wp\/v2\/users\/3"}],"replies":[{"embeddable":true,"href":"https:\/\/jornalfatosenoticias.com.br\/index.php\/wp-json\/wp\/v2\/comments?post=12783"}],"version-history":[{"count":0,"href":"https:\/\/jornalfatosenoticias.com.br\/index.php\/wp-json\/wp\/v2\/posts\/12783\/revisions"}],"wp:featuredmedia":[{"embeddable":true,"href":"https:\/\/jornalfatosenoticias.com.br\/index.php\/wp-json\/wp\/v2\/media\/12784"}],"wp:attachment":[{"href":"https:\/\/jornalfatosenoticias.com.br\/index.php\/wp-json\/wp\/v2\/media?parent=12783"}],"wp:term":[{"taxonomy":"category","embeddable":true,"href":"https:\/\/jornalfatosenoticias.com.br\/index.php\/wp-json\/wp\/v2\/categories?post=12783"},{"taxonomy":"post_tag","embeddable":true,"href":"https:\/\/jornalfatosenoticias.com.br\/index.php\/wp-json\/wp\/v2\/tags?post=12783"}],"curies":[{"name":"wp","href":"https:\/\/api.w.org\/{rel}","templated":true}]}}