{"id":12816,"date":"2020-12-23T16:03:24","date_gmt":"2020-12-23T19:03:24","guid":{"rendered":"https:\/\/jornalfatosenoticias.com.br\/?p=12816"},"modified":"2020-12-23T16:03:25","modified_gmt":"2020-12-23T19:03:25","slug":"para-65-dos-professores-escolas-devem-permanecer-fechadas","status":"publish","type":"post","link":"https:\/\/jornalfatosenoticias.com.br\/index.php\/2020\/12\/23\/para-65-dos-professores-escolas-devem-permanecer-fechadas\/","title":{"rendered":"Para 65% dos professores, escolas devem permanecer fechadas"},"content":{"rendered":"\n<h6 class=\"wp-block-heading\"><em>Pesquisa \u2018Sentimento e percep\u00e7\u00e3o dos professores brasileiros nos diferentes est\u00e1gios do coronav\u00edrus no Brasil\u2019 tamb\u00e9m constatou que mais da metade n\u00e3o confia nas normas de seguran\u00e7a das escolas<\/em><\/h6>\n\n\n\n<p>Ainda n\u00e3o \u00e9 o momento de reabertura das escolas. Pelo menos \u00e9 o que defendem 65% dos educadores ouvidos na quarta fase da pesquisa Sentimento e percep\u00e7\u00e3o dos professores brasileiros nos diferentes est\u00e1gios do coronav\u00edrus no Brasil, feita pelo Instituto Pen\u00ednsula. Ainda sobre o fechamento, 18% n\u00e3o souberem responder. Quando divididos por redes de ensino, 66% dos professores municipais acham que as institui\u00e7\u00f5es escolares devem permanecer fechadas contra 16% a favor da reabertura. Na rede estadual, 63% s\u00e3o contra a reabertura e 17% favor\u00e1veis. J\u00e1 no ensino privado, 63% defendem o fechamento e 22% a reabertura.<br>A nova fase da pesquisa (cuja primeira etapa ocorreu em mar\u00e7o) foi realizada entre 16 e 26 de novembro, com 2.961 professores em uma mostra representativa de todo o Brasil e destaca ainda que, na percep\u00e7\u00e3o dos educadores, apenas 28% dos alunos est\u00e3o motivados a fazer as atividades escolares em casa.<br>Outra informa\u00e7\u00e3o importante \u00e9 a falta de confian\u00e7a quanto \u00e0s normas de seguran\u00e7a nas escolas. Os dados completos voc\u00ea confere abaixo.<\/p>\n\n\n\n<figure class=\"wp-block-image size-large\"><img loading=\"lazy\" decoding=\"async\" width=\"710\" height=\"398\" src=\"https:\/\/jornalfatosenoticias.com.br\/wp-content\/uploads\/2020\/12\/seguranca-escola-professores-covid1.jpg\" alt=\"\" class=\"wp-image-12817\" srcset=\"https:\/\/jornalfatosenoticias.com.br\/wp-content\/uploads\/2020\/12\/seguranca-escola-professores-covid1.jpg 710w, https:\/\/jornalfatosenoticias.com.br\/wp-content\/uploads\/2020\/12\/seguranca-escola-professores-covid1-300x168.jpg 300w\" sizes=\"auto, (max-width: 710px) 100vw, 710px\" \/><\/figure>\n\n\n\n<p>E tem mais. Os educadores se mostram preocupados com outros dois pontos: 60% acreditam que os alunos n\u00e3o est\u00e3o evoluindo no aprendizado e 91% acham que haver\u00e1 um aumento da desigualdade educacional entre os estudantes mais pobres.<br>Com pouco mais de oito meses de isolamento, 72% seguem dando aulas de forma remota, 54% acreditam que o futuro da educa\u00e7\u00e3o deve ser o ensino presencial e 44% que ser\u00e1 o formato h\u00edbrido. Os outros 2% apostam que o modelo online permanecer\u00e1.<\/p>\n\n\n\n<blockquote class=\"wp-block-quote is-layout-flow wp-block-quote-is-layout-flow\"><p>\u201cO aumento da desigualdade educacional \u00e9 realmente preocupante. Para recuperarmos a aprendizagem dos alunos e caminharmos para um modelo h\u00edbrido de ensino, \u00e9 preciso n\u00e3o s\u00f3 incentivarmos a cria\u00e7\u00e3o de pol\u00edticas p\u00fablicas a favor da inclus\u00e3o digital como um direito de todos os estudantes, mas tamb\u00e9m avan\u00e7armos nas ferramentas e metodologias que conectem e fortale\u00e7am o desenvolvimento do professor e a aprendizagem dos alunos com a sala de aula, seja presencial ou remota\u201d, defende Helo\u00edsa Morel, diretora-executiva do Instituto Pen\u00ednsula.<\/p><\/blockquote>\n\n\n\n<p>Confira, a seguir, dados sobre os principais anseios dos educadores neste per\u00edodo at\u00edpico:<\/p>\n\n\n\n<figure class=\"wp-block-image size-large\"><img loading=\"lazy\" decoding=\"async\" width=\"714\" height=\"400\" src=\"https:\/\/jornalfatosenoticias.com.br\/wp-content\/uploads\/2020\/12\/sentimento-professores-pandemia-2.jpg\" alt=\"\" class=\"wp-image-12819\" srcset=\"https:\/\/jornalfatosenoticias.com.br\/wp-content\/uploads\/2020\/12\/sentimento-professores-pandemia-2.jpg 714w, https:\/\/jornalfatosenoticias.com.br\/wp-content\/uploads\/2020\/12\/sentimento-professores-pandemia-2-300x168.jpg 300w\" sizes=\"auto, (max-width: 714px) 100vw, 714px\" \/><\/figure>\n\n\n\n<figure class=\"wp-block-image size-large\"><img loading=\"lazy\" decoding=\"async\" width=\"707\" height=\"403\" src=\"https:\/\/jornalfatosenoticias.com.br\/wp-content\/uploads\/2020\/12\/sentimento-professores-pandemia-3.jpg\" alt=\"\" class=\"wp-image-12818\" srcset=\"https:\/\/jornalfatosenoticias.com.br\/wp-content\/uploads\/2020\/12\/sentimento-professores-pandemia-3.jpg 707w, https:\/\/jornalfatosenoticias.com.br\/wp-content\/uploads\/2020\/12\/sentimento-professores-pandemia-3-300x171.jpg 300w\" sizes=\"auto, (max-width: 707px) 100vw, 707px\" \/><\/figure>\n\n\n\n<p><strong><em>Fonte: <a href=\"https:\/\/revistaeducacao.com.br\/2020\/12\/18\/professores-escolas-fechadas\/\">Revista Educa\u00e7\u00e3o<\/a><\/em><\/strong><\/p>\n","protected":false},"excerpt":{"rendered":"<p>Pesquisa \u2018Sentimento e percep\u00e7\u00e3o dos professores brasileiros nos diferentes est\u00e1gios do coronav\u00edrus no Brasil\u2019 tamb\u00e9m constatou que mais da metade n\u00e3o confia nas normas de seguran\u00e7a das escolas Ainda n\u00e3o \u00e9 o momento de reabertura das escolas. Pelo menos \u00e9 o que defendem 65% dos educadores ouvidos na quarta fase da pesquisa Sentimento e percep\u00e7\u00e3o [&hellip;]<\/p>\n","protected":false},"author":2,"featured_media":12820,"comment_status":"open","ping_status":"open","sticky":false,"template":"","format":"standard","meta":{"footnotes":""},"categories":[7],"tags":[330,357,5677],"class_list":["post-12816","post","type-post","status-publish","format-standard","has-post-thumbnail","hentry","category-educacao","tag-pandemia","tag-professores","tag-reabertura-de-escolas"],"yoast_head":"<!-- This site is optimized with the Yoast SEO plugin v26.5 - https:\/\/yoast.com\/wordpress\/plugins\/seo\/ -->\n<title>Para 65% dos professores, escolas devem permanecer fechadas - Jornal Fatos e Not\u00edcias<\/title>\n<meta name=\"robots\" content=\"index, follow, max-snippet:-1, max-image-preview:large, max-video-preview:-1\" \/>\n<link rel=\"canonical\" href=\"https:\/\/jornalfatosenoticias.com.br\/index.php\/2020\/12\/23\/para-65-dos-professores-escolas-devem-permanecer-fechadas\/\" \/>\n<meta property=\"og:locale\" content=\"pt_BR\" \/>\n<meta property=\"og:type\" content=\"article\" \/>\n<meta property=\"og:title\" content=\"Para 65% dos professores, escolas devem permanecer fechadas - Jornal Fatos e Not\u00edcias\" \/>\n<meta property=\"og:description\" content=\"Pesquisa \u2018Sentimento e percep\u00e7\u00e3o dos professores brasileiros nos diferentes est\u00e1gios do coronav\u00edrus no Brasil\u2019 tamb\u00e9m constatou que mais da metade n\u00e3o confia nas normas de seguran\u00e7a das escolas Ainda n\u00e3o \u00e9 o momento de reabertura das escolas. Pelo menos \u00e9 o que defendem 65% dos educadores ouvidos na quarta fase da pesquisa Sentimento e percep\u00e7\u00e3o [&hellip;]\" \/>\n<meta property=\"og:url\" content=\"https:\/\/jornalfatosenoticias.com.br\/index.php\/2020\/12\/23\/para-65-dos-professores-escolas-devem-permanecer-fechadas\/\" \/>\n<meta property=\"og:site_name\" content=\"Jornal Fatos e Not\u00edcias\" \/>\n<meta property=\"article:published_time\" content=\"2020-12-23T19:03:24+00:00\" \/>\n<meta property=\"article:modified_time\" content=\"2020-12-23T19:03:25+00:00\" \/>\n<meta property=\"og:image\" content=\"https:\/\/jornalfatosenoticias.com.br\/wp-content\/uploads\/2020\/12\/gettyimages-debate-praticas-sala-de-aula.jpg\" \/>\n\t<meta property=\"og:image:width\" content=\"1000\" \/>\n\t<meta property=\"og:image:height\" content=\"666\" \/>\n\t<meta property=\"og:image:type\" content=\"image\/jpeg\" \/>\n<meta name=\"author\" content=\"Luzimara Fernandes\" \/>\n<meta name=\"twitter:card\" content=\"summary_large_image\" \/>\n<meta name=\"twitter:label1\" content=\"Escrito por\" \/>\n\t<meta name=\"twitter:data1\" content=\"Luzimara Fernandes\" \/>\n\t<meta name=\"twitter:label2\" content=\"Est. tempo de leitura\" \/>\n\t<meta name=\"twitter:data2\" content=\"2 minutos\" \/>\n<script type=\"application\/ld+json\" class=\"yoast-schema-graph\">{\"@context\":\"https:\/\/schema.org\",\"@graph\":[{\"@type\":\"Article\",\"@id\":\"https:\/\/jornalfatosenoticias.com.br\/index.php\/2020\/12\/23\/para-65-dos-professores-escolas-devem-permanecer-fechadas\/#article\",\"isPartOf\":{\"@id\":\"https:\/\/jornalfatosenoticias.com.br\/index.php\/2020\/12\/23\/para-65-dos-professores-escolas-devem-permanecer-fechadas\/\"},\"author\":{\"name\":\"Luzimara Fernandes\",\"@id\":\"https:\/\/jornalfatosenoticias.com.br\/#\/schema\/person\/d63837fa13ac8666eb9e74e0985d6f81\"},\"headline\":\"Para 65% dos professores, escolas devem permanecer fechadas\",\"datePublished\":\"2020-12-23T19:03:24+00:00\",\"dateModified\":\"2020-12-23T19:03:25+00:00\",\"mainEntityOfPage\":{\"@id\":\"https:\/\/jornalfatosenoticias.com.br\/index.php\/2020\/12\/23\/para-65-dos-professores-escolas-devem-permanecer-fechadas\/\"},\"wordCount\":395,\"commentCount\":0,\"publisher\":{\"@id\":\"https:\/\/jornalfatosenoticias.com.br\/#organization\"},\"image\":{\"@id\":\"https:\/\/jornalfatosenoticias.com.br\/index.php\/2020\/12\/23\/para-65-dos-professores-escolas-devem-permanecer-fechadas\/#primaryimage\"},\"thumbnailUrl\":\"https:\/\/jornalfatosenoticias.com.br\/wp-content\/uploads\/2020\/12\/gettyimages-debate-praticas-sala-de-aula.jpg\",\"keywords\":[\"pandemia\",\"professores\",\"reabertura de escolas\"],\"articleSection\":[\"Educa\u00e7\u00e3o\"],\"inLanguage\":\"pt-BR\",\"potentialAction\":[{\"@type\":\"CommentAction\",\"name\":\"Comment\",\"target\":[\"https:\/\/jornalfatosenoticias.com.br\/index.php\/2020\/12\/23\/para-65-dos-professores-escolas-devem-permanecer-fechadas\/#respond\"]}]},{\"@type\":\"WebPage\",\"@id\":\"https:\/\/jornalfatosenoticias.com.br\/index.php\/2020\/12\/23\/para-65-dos-professores-escolas-devem-permanecer-fechadas\/\",\"url\":\"https:\/\/jornalfatosenoticias.com.br\/index.php\/2020\/12\/23\/para-65-dos-professores-escolas-devem-permanecer-fechadas\/\",\"name\":\"Para 65% dos professores, escolas devem permanecer fechadas - Jornal Fatos e Not\u00edcias\",\"isPartOf\":{\"@id\":\"https:\/\/jornalfatosenoticias.com.br\/#website\"},\"primaryImageOfPage\":{\"@id\":\"https:\/\/jornalfatosenoticias.com.br\/index.php\/2020\/12\/23\/para-65-dos-professores-escolas-devem-permanecer-fechadas\/#primaryimage\"},\"image\":{\"@id\":\"https:\/\/jornalfatosenoticias.com.br\/index.php\/2020\/12\/23\/para-65-dos-professores-escolas-devem-permanecer-fechadas\/#primaryimage\"},\"thumbnailUrl\":\"https:\/\/jornalfatosenoticias.com.br\/wp-content\/uploads\/2020\/12\/gettyimages-debate-praticas-sala-de-aula.jpg\",\"datePublished\":\"2020-12-23T19:03:24+00:00\",\"dateModified\":\"2020-12-23T19:03:25+00:00\",\"breadcrumb\":{\"@id\":\"https:\/\/jornalfatosenoticias.com.br\/index.php\/2020\/12\/23\/para-65-dos-professores-escolas-devem-permanecer-fechadas\/#breadcrumb\"},\"inLanguage\":\"pt-BR\",\"potentialAction\":[{\"@type\":\"ReadAction\",\"target\":[\"https:\/\/jornalfatosenoticias.com.br\/index.php\/2020\/12\/23\/para-65-dos-professores-escolas-devem-permanecer-fechadas\/\"]}]},{\"@type\":\"ImageObject\",\"inLanguage\":\"pt-BR\",\"@id\":\"https:\/\/jornalfatosenoticias.com.br\/index.php\/2020\/12\/23\/para-65-dos-professores-escolas-devem-permanecer-fechadas\/#primaryimage\",\"url\":\"https:\/\/jornalfatosenoticias.com.br\/wp-content\/uploads\/2020\/12\/gettyimages-debate-praticas-sala-de-aula.jpg\",\"contentUrl\":\"https:\/\/jornalfatosenoticias.com.br\/wp-content\/uploads\/2020\/12\/gettyimages-debate-praticas-sala-de-aula.jpg\",\"width\":1000,\"height\":666},{\"@type\":\"BreadcrumbList\",\"@id\":\"https:\/\/jornalfatosenoticias.com.br\/index.php\/2020\/12\/23\/para-65-dos-professores-escolas-devem-permanecer-fechadas\/#breadcrumb\",\"itemListElement\":[{\"@type\":\"ListItem\",\"position\":1,\"name\":\"In\u00edcio\",\"item\":\"https:\/\/jornalfatosenoticias.com.br\/\"},{\"@type\":\"ListItem\",\"position\":2,\"name\":\"Para 65% dos professores, escolas devem permanecer fechadas\"}]},{\"@type\":\"WebSite\",\"@id\":\"https:\/\/jornalfatosenoticias.com.br\/#website\",\"url\":\"https:\/\/jornalfatosenoticias.com.br\/\",\"name\":\"Jornal Fatos e Not\u00edcias\",\"description\":\"Not\u00edcias em geral\",\"publisher\":{\"@id\":\"https:\/\/jornalfatosenoticias.com.br\/#organization\"},\"potentialAction\":[{\"@type\":\"SearchAction\",\"target\":{\"@type\":\"EntryPoint\",\"urlTemplate\":\"https:\/\/jornalfatosenoticias.com.br\/?s={search_term_string}\"},\"query-input\":{\"@type\":\"PropertyValueSpecification\",\"valueRequired\":true,\"valueName\":\"search_term_string\"}}],\"inLanguage\":\"pt-BR\"},{\"@type\":\"Organization\",\"@id\":\"https:\/\/jornalfatosenoticias.com.br\/#organization\",\"name\":\"Jornal Fatos e Not\u00edcias\",\"url\":\"https:\/\/jornalfatosenoticias.com.br\/\",\"logo\":{\"@type\":\"ImageObject\",\"inLanguage\":\"pt-BR\",\"@id\":\"https:\/\/jornalfatosenoticias.com.br\/#\/schema\/logo\/image\/\",\"url\":\"https:\/\/jornalfatosenoticias.com.br\/wp-content\/uploads\/2020\/02\/logo120.png\",\"contentUrl\":\"https:\/\/jornalfatosenoticias.com.br\/wp-content\/uploads\/2020\/02\/logo120.png\",\"width\":1227,\"height\":120,\"caption\":\"Jornal Fatos e Not\u00edcias\"},\"image\":{\"@id\":\"https:\/\/jornalfatosenoticias.com.br\/#\/schema\/logo\/image\/\"}},{\"@type\":\"Person\",\"@id\":\"https:\/\/jornalfatosenoticias.com.br\/#\/schema\/person\/d63837fa13ac8666eb9e74e0985d6f81\",\"name\":\"Luzimara Fernandes\",\"image\":{\"@type\":\"ImageObject\",\"inLanguage\":\"pt-BR\",\"@id\":\"https:\/\/jornalfatosenoticias.com.br\/#\/schema\/person\/image\/\",\"url\":\"https:\/\/jornalfatosenoticias.com.br\/wp-content\/uploads\/2025\/05\/EU_portal.jpg\",\"contentUrl\":\"https:\/\/jornalfatosenoticias.com.br\/wp-content\/uploads\/2025\/05\/EU_portal.jpg\",\"caption\":\"Luzimara Fernandes\"},\"description\":\"Jornalista MTB 2358-ES\",\"sameAs\":[\"https:\/\/jornalfatosenoticias.com.br\"],\"url\":\"https:\/\/jornalfatosenoticias.com.br\/index.php\/author\/luzimara\/\"}]}<\/script>\n<!-- \/ Yoast SEO plugin. -->","yoast_head_json":{"title":"Para 65% dos professores, escolas devem permanecer fechadas - Jornal Fatos e Not\u00edcias","robots":{"index":"index","follow":"follow","max-snippet":"max-snippet:-1","max-image-preview":"max-image-preview:large","max-video-preview":"max-video-preview:-1"},"canonical":"https:\/\/jornalfatosenoticias.com.br\/index.php\/2020\/12\/23\/para-65-dos-professores-escolas-devem-permanecer-fechadas\/","og_locale":"pt_BR","og_type":"article","og_title":"Para 65% dos professores, escolas devem permanecer fechadas - Jornal Fatos e Not\u00edcias","og_description":"Pesquisa \u2018Sentimento e percep\u00e7\u00e3o dos professores brasileiros nos diferentes est\u00e1gios do coronav\u00edrus no Brasil\u2019 tamb\u00e9m constatou que mais da metade n\u00e3o confia nas normas de seguran\u00e7a das escolas Ainda n\u00e3o \u00e9 o momento de reabertura das escolas. Pelo menos \u00e9 o que defendem 65% dos educadores ouvidos na quarta fase da pesquisa Sentimento e percep\u00e7\u00e3o [&hellip;]","og_url":"https:\/\/jornalfatosenoticias.com.br\/index.php\/2020\/12\/23\/para-65-dos-professores-escolas-devem-permanecer-fechadas\/","og_site_name":"Jornal Fatos e Not\u00edcias","article_published_time":"2020-12-23T19:03:24+00:00","article_modified_time":"2020-12-23T19:03:25+00:00","og_image":[{"width":1000,"height":666,"url":"https:\/\/jornalfatosenoticias.com.br\/wp-content\/uploads\/2020\/12\/gettyimages-debate-praticas-sala-de-aula.jpg","type":"image\/jpeg"}],"author":"Luzimara Fernandes","twitter_card":"summary_large_image","twitter_misc":{"Escrito por":"Luzimara Fernandes","Est. tempo de leitura":"2 minutos"},"schema":{"@context":"https:\/\/schema.org","@graph":[{"@type":"Article","@id":"https:\/\/jornalfatosenoticias.com.br\/index.php\/2020\/12\/23\/para-65-dos-professores-escolas-devem-permanecer-fechadas\/#article","isPartOf":{"@id":"https:\/\/jornalfatosenoticias.com.br\/index.php\/2020\/12\/23\/para-65-dos-professores-escolas-devem-permanecer-fechadas\/"},"author":{"name":"Luzimara Fernandes","@id":"https:\/\/jornalfatosenoticias.com.br\/#\/schema\/person\/d63837fa13ac8666eb9e74e0985d6f81"},"headline":"Para 65% dos professores, escolas devem permanecer fechadas","datePublished":"2020-12-23T19:03:24+00:00","dateModified":"2020-12-23T19:03:25+00:00","mainEntityOfPage":{"@id":"https:\/\/jornalfatosenoticias.com.br\/index.php\/2020\/12\/23\/para-65-dos-professores-escolas-devem-permanecer-fechadas\/"},"wordCount":395,"commentCount":0,"publisher":{"@id":"https:\/\/jornalfatosenoticias.com.br\/#organization"},"image":{"@id":"https:\/\/jornalfatosenoticias.com.br\/index.php\/2020\/12\/23\/para-65-dos-professores-escolas-devem-permanecer-fechadas\/#primaryimage"},"thumbnailUrl":"https:\/\/jornalfatosenoticias.com.br\/wp-content\/uploads\/2020\/12\/gettyimages-debate-praticas-sala-de-aula.jpg","keywords":["pandemia","professores","reabertura de escolas"],"articleSection":["Educa\u00e7\u00e3o"],"inLanguage":"pt-BR","potentialAction":[{"@type":"CommentAction","name":"Comment","target":["https:\/\/jornalfatosenoticias.com.br\/index.php\/2020\/12\/23\/para-65-dos-professores-escolas-devem-permanecer-fechadas\/#respond"]}]},{"@type":"WebPage","@id":"https:\/\/jornalfatosenoticias.com.br\/index.php\/2020\/12\/23\/para-65-dos-professores-escolas-devem-permanecer-fechadas\/","url":"https:\/\/jornalfatosenoticias.com.br\/index.php\/2020\/12\/23\/para-65-dos-professores-escolas-devem-permanecer-fechadas\/","name":"Para 65% dos professores, escolas devem permanecer fechadas - Jornal Fatos e Not\u00edcias","isPartOf":{"@id":"https:\/\/jornalfatosenoticias.com.br\/#website"},"primaryImageOfPage":{"@id":"https:\/\/jornalfatosenoticias.com.br\/index.php\/2020\/12\/23\/para-65-dos-professores-escolas-devem-permanecer-fechadas\/#primaryimage"},"image":{"@id":"https:\/\/jornalfatosenoticias.com.br\/index.php\/2020\/12\/23\/para-65-dos-professores-escolas-devem-permanecer-fechadas\/#primaryimage"},"thumbnailUrl":"https:\/\/jornalfatosenoticias.com.br\/wp-content\/uploads\/2020\/12\/gettyimages-debate-praticas-sala-de-aula.jpg","datePublished":"2020-12-23T19:03:24+00:00","dateModified":"2020-12-23T19:03:25+00:00","breadcrumb":{"@id":"https:\/\/jornalfatosenoticias.com.br\/index.php\/2020\/12\/23\/para-65-dos-professores-escolas-devem-permanecer-fechadas\/#breadcrumb"},"inLanguage":"pt-BR","potentialAction":[{"@type":"ReadAction","target":["https:\/\/jornalfatosenoticias.com.br\/index.php\/2020\/12\/23\/para-65-dos-professores-escolas-devem-permanecer-fechadas\/"]}]},{"@type":"ImageObject","inLanguage":"pt-BR","@id":"https:\/\/jornalfatosenoticias.com.br\/index.php\/2020\/12\/23\/para-65-dos-professores-escolas-devem-permanecer-fechadas\/#primaryimage","url":"https:\/\/jornalfatosenoticias.com.br\/wp-content\/uploads\/2020\/12\/gettyimages-debate-praticas-sala-de-aula.jpg","contentUrl":"https:\/\/jornalfatosenoticias.com.br\/wp-content\/uploads\/2020\/12\/gettyimages-debate-praticas-sala-de-aula.jpg","width":1000,"height":666},{"@type":"BreadcrumbList","@id":"https:\/\/jornalfatosenoticias.com.br\/index.php\/2020\/12\/23\/para-65-dos-professores-escolas-devem-permanecer-fechadas\/#breadcrumb","itemListElement":[{"@type":"ListItem","position":1,"name":"In\u00edcio","item":"https:\/\/jornalfatosenoticias.com.br\/"},{"@type":"ListItem","position":2,"name":"Para 65% dos professores, escolas devem permanecer fechadas"}]},{"@type":"WebSite","@id":"https:\/\/jornalfatosenoticias.com.br\/#website","url":"https:\/\/jornalfatosenoticias.com.br\/","name":"Jornal Fatos e Not\u00edcias","description":"Not\u00edcias em geral","publisher":{"@id":"https:\/\/jornalfatosenoticias.com.br\/#organization"},"potentialAction":[{"@type":"SearchAction","target":{"@type":"EntryPoint","urlTemplate":"https:\/\/jornalfatosenoticias.com.br\/?s={search_term_string}"},"query-input":{"@type":"PropertyValueSpecification","valueRequired":true,"valueName":"search_term_string"}}],"inLanguage":"pt-BR"},{"@type":"Organization","@id":"https:\/\/jornalfatosenoticias.com.br\/#organization","name":"Jornal Fatos e Not\u00edcias","url":"https:\/\/jornalfatosenoticias.com.br\/","logo":{"@type":"ImageObject","inLanguage":"pt-BR","@id":"https:\/\/jornalfatosenoticias.com.br\/#\/schema\/logo\/image\/","url":"https:\/\/jornalfatosenoticias.com.br\/wp-content\/uploads\/2020\/02\/logo120.png","contentUrl":"https:\/\/jornalfatosenoticias.com.br\/wp-content\/uploads\/2020\/02\/logo120.png","width":1227,"height":120,"caption":"Jornal Fatos e Not\u00edcias"},"image":{"@id":"https:\/\/jornalfatosenoticias.com.br\/#\/schema\/logo\/image\/"}},{"@type":"Person","@id":"https:\/\/jornalfatosenoticias.com.br\/#\/schema\/person\/d63837fa13ac8666eb9e74e0985d6f81","name":"Luzimara Fernandes","image":{"@type":"ImageObject","inLanguage":"pt-BR","@id":"https:\/\/jornalfatosenoticias.com.br\/#\/schema\/person\/image\/","url":"https:\/\/jornalfatosenoticias.com.br\/wp-content\/uploads\/2025\/05\/EU_portal.jpg","contentUrl":"https:\/\/jornalfatosenoticias.com.br\/wp-content\/uploads\/2025\/05\/EU_portal.jpg","caption":"Luzimara Fernandes"},"description":"Jornalista MTB 2358-ES","sameAs":["https:\/\/jornalfatosenoticias.com.br"],"url":"https:\/\/jornalfatosenoticias.com.br\/index.php\/author\/luzimara\/"}]}},"cc_featured_image_caption":{"caption_text":"(Foto: Getty Images)","source_text":"","source_url":""},"jetpack_featured_media_url":"https:\/\/jornalfatosenoticias.com.br\/wp-content\/uploads\/2020\/12\/gettyimages-debate-praticas-sala-de-aula.jpg","_links":{"self":[{"href":"https:\/\/jornalfatosenoticias.com.br\/index.php\/wp-json\/wp\/v2\/posts\/12816","targetHints":{"allow":["GET"]}}],"collection":[{"href":"https:\/\/jornalfatosenoticias.com.br\/index.php\/wp-json\/wp\/v2\/posts"}],"about":[{"href":"https:\/\/jornalfatosenoticias.com.br\/index.php\/wp-json\/wp\/v2\/types\/post"}],"author":[{"embeddable":true,"href":"https:\/\/jornalfatosenoticias.com.br\/index.php\/wp-json\/wp\/v2\/users\/2"}],"replies":[{"embeddable":true,"href":"https:\/\/jornalfatosenoticias.com.br\/index.php\/wp-json\/wp\/v2\/comments?post=12816"}],"version-history":[{"count":0,"href":"https:\/\/jornalfatosenoticias.com.br\/index.php\/wp-json\/wp\/v2\/posts\/12816\/revisions"}],"wp:featuredmedia":[{"embeddable":true,"href":"https:\/\/jornalfatosenoticias.com.br\/index.php\/wp-json\/wp\/v2\/media\/12820"}],"wp:attachment":[{"href":"https:\/\/jornalfatosenoticias.com.br\/index.php\/wp-json\/wp\/v2\/media?parent=12816"}],"wp:term":[{"taxonomy":"category","embeddable":true,"href":"https:\/\/jornalfatosenoticias.com.br\/index.php\/wp-json\/wp\/v2\/categories?post=12816"},{"taxonomy":"post_tag","embeddable":true,"href":"https:\/\/jornalfatosenoticias.com.br\/index.php\/wp-json\/wp\/v2\/tags?post=12816"}],"curies":[{"name":"wp","href":"https:\/\/api.w.org\/{rel}","templated":true}]}}